{"id":3858,"date":"2019-10-08T08:00:23","date_gmt":"2019-10-08T11:00:23","guid":{"rendered":"http:\/\/www.agenciainfra.com\/blog\/?p=3858"},"modified":"2019-10-07T11:15:31","modified_gmt":"2019-10-07T14:15:31","slug":"para-agentes-do-setor-eletrico-solucao-ideal-para-o-gsf-e-via-pl-e-nao-justica","status":"publish","type":"post","link":"https:\/\/agenciainfra.com\/blog\/para-agentes-do-setor-eletrico-solucao-ideal-para-o-gsf-e-via-pl-e-nao-justica\/","title":{"rendered":"Para agentes do setor el\u00e9trico, solu\u00e7\u00e3o ideal para o GSF \u00e9 via PL e n\u00e3o Justi\u00e7a"},"content":{"rendered":"<h5 style=\"text-align: right;\"><strong>Lucas Santin\u00a0da Ag\u00eancia iNFRA<\/strong><\/h5>\n<p dir=\"ltr\">Para os representantes das principais associa\u00e7\u00f5es do setor el\u00e9trico, a solu\u00e7\u00e3o ideal para a d\u00edvida do risco hidrol\u00f3gico (GSF) das usinas \u00e9 por meio da aprova\u00e7\u00e3o do PL (projeto de lei) 3.975\/19, que atualmente est\u00e1 no Senado, e n\u00e3o por decis\u00e3o judicial.<\/p>\n<p>Existe hoje um debate acerca do impacto financeiro da d\u00edvida do GSF, que, dependendo do ponto de vista, pode variar de R$ 4,4 bilh\u00f5es a R$ 16 bilh\u00f5es. O valor mais alto seria a solu\u00e7\u00e3o por meio de projeto de lei, segundo o senador Marcos Rog\u00e9rio (DEM-RO).<\/p>\n<p><strong>Apine: \u201cN\u00e3o podem ser comparados\u201d<\/strong><br \/>\nO diretor-presidente da Apine (Associa\u00e7\u00e3o Brasileira de Produtores Independentes de Energia), Guilherme Velho, disse que o projeto e a a\u00e7\u00e3o judicial n\u00e3o podem ser comparados, pois o PL trata da prorroga\u00e7\u00e3o das concess\u00f5es de uma s\u00e9rie de usinas, enquanto a a\u00e7\u00e3o judicial trata apenas de hidrel\u00e9tricas que tenham liminares ativas.<\/p>\n<p>\u201cN\u00e3o \u00e9 nem que ela [a\u00e7\u00e3o judicial] seja melhor ou que ela seja pior. Os objetivos s\u00e3o diferentes. O PL objetiva uma solu\u00e7\u00e3o abrangente do problema, com a extens\u00e3o de outorgas. A a\u00e7\u00e3o judicial \u00e9 outra coisa, ela n\u00e3o tem a mesma abrang\u00eancia do PL. Ela se refere aos geradores que est\u00e3o na a\u00e7\u00e3o\u201d, explicou o executivo.<\/p>\n<p>Segundo ele, o ponto positivo do projeto \u00e9 o tratamento aos chamados riscos n\u00e3o hidrol\u00f3gicos das usinas, como atrasos na transmiss\u00e3o, gera\u00e7\u00e3o termel\u00e9trica fora da ordem de m\u00e9rito e antecipa\u00e7\u00e3o de garantias f\u00edsicas. \u201cFatores os quais os geradores n\u00e3o t\u00eam como administrar nem s\u00e3o responsabilidade dos geradores.\u201d<\/p>\n<p>O executivo tamb\u00e9m lembrou que a prorroga\u00e7\u00e3o de concess\u00f5es, como prev\u00ea o PL, n\u00e3o impacta nos pre\u00e7os ao consumidor. \u201cHavendo essa extens\u00e3o de dois anos e meio em m\u00e9dia, a energia tamb\u00e9m vai ser vendida nesse regime de competi\u00e7\u00e3o. Ent\u00e3o, para os consumidores, vai custar a mesma coisa\u201d, explicou.<\/p>\n<p><strong>Abragel: \u201cCerta ang\u00fastia\u201d<\/strong><br \/>\nO presidente-executivo da Abragel (Associa\u00e7\u00e3o Brasileira de Gera\u00e7\u00e3o de Energia Limpa), Charles Lenzi, falou sobre a insatisfa\u00e7\u00e3o relacionada \u00e0 demora na aprova\u00e7\u00e3o do PL 3.975. \u201c[Vemos a demora] com certa ang\u00fastia. A gente tem uma expectativa j\u00e1 h\u00e1 algum tempo de que o problema seja resolvido, mas tem visto que a aprova\u00e7\u00e3o n\u00e3o est\u00e1 vindo\u201d, comentou.<\/p>\n<p>Lenzi acredita que a solu\u00e7\u00e3o para o GSF (risco hidrol\u00f3gico) ser\u00e1 dada via PL: \u201cVoltar \u00e0 quest\u00e3o judicial me parece um retrocesso\u201d, defendeu. Por essa raz\u00e3o, a associa\u00e7\u00e3o mant\u00e9m a confian\u00e7a no Senado para a aprova\u00e7\u00e3o do texto. O executivo condiciona a vota\u00e7\u00e3o \u00e0 volta de um setor el\u00e9trico atrativo para investimentos e com o mercado mais est\u00e1vel.<\/p>\n<p><strong>Abrage: \u201cDemora excessiva\u201d<\/strong><br \/>\nO presidente da Abrage (Associa\u00e7\u00e3o Brasileira de Empresas Geradoras de Energia), Fl\u00e1vio Ant\u00f4nio Neiva, manifestou-se por nota destacando a demora na decis\u00e3o. \u201cA Abrage, associa\u00e7\u00e3o que tamb\u00e9m apoia o conjunto de medidas para o GSF contido no PL 3.975\/19, entende que est\u00e1 havendo uma demora excessiva para a solu\u00e7\u00e3o desse problema do GSF Conjuntural, seja no \u00e2mbito judicial ou legislativo\u201d, disse.<\/p>\n<p><strong>Abee\u00f3lica: \u201cSinal p\u00e9ssimo para o investidor\u201d<\/strong><br \/>\nA presidente da Abee\u00f3lica (Associa\u00e7\u00e3o Brasileira de Energia E\u00f3lica), Elbia Gannoum, considera necess\u00e1rio bom senso para aprovar o PL o quanto antes. \u201cN\u00e3o aprovar o GSF agora significar\u00e1 um sinal p\u00e9ssimo para o investidor e uma desconfian\u00e7a cada vez maior num momento t\u00e3o crucial para a retomada de crescimento do pa\u00eds\u201d, alertou.<\/p>\n<p><strong>Abraceel: \u201cCredores receberam 2% dos cr\u00e9ditos\u201d<\/strong><br \/>\nPara o diretor t\u00e9cnico da Abraceel (Associa\u00e7\u00e3o Brasileira de Comercializadores de Energia El\u00e9trica), Alexandre Lopes, a demora \u00e9 negativa porque prejudica agentes da CCEE (C\u00e2mara de Comercializa\u00e7\u00e3o de Energia El\u00e9trica). O passivo de quase R$ 7,5 bilh\u00f5es n\u00e3o permite a liquida\u00e7\u00e3o das sobras de energia. \u201cEles acabam n\u00e3o recebendo esses cr\u00e9ditos na CCEE. Na \u00faltima liquida\u00e7\u00e3o, os credores receberam 2% dos cr\u00e9ditos, somente\u201d, destacou.<\/p>\n<p><strong>Abrace: carta ao senador<\/strong><br \/>\nO presidente da Abrace (Associa\u00e7\u00e3o Brasileira de Grandes Consumidores Industriais de Energia e de Consumidores Livres), Paulo Pedrosa, enviou carta ao senador Marcos Rog\u00e9rio mostrando a preocupa\u00e7\u00e3o com o assunto.<\/p>\n<p>Diz o documento: \u201cA solu\u00e7\u00e3o para o GSF, consolidada no projeto de lei, resultou de um processo de grande di\u00e1logo e negocia\u00e7\u00e3o entre agentes de mercado, consumidores e governo e permite a retomada da regularidade do mercado de energia em um prazo curto, assim como o restabelecimento dos fluxos de pagamento setoriais\u201d.<\/p>\n<p><strong>ABCE: consenso<\/strong><br \/>\nO presidente da ABCE (Associa\u00e7\u00e3o Brasileira de Companhias de Energia El\u00e9trica), Alexei Vivan, classifica a situa\u00e7\u00e3o como \u201clament\u00e1vel\u201d. \u201cNunca o setor el\u00e9trico teve consenso em rela\u00e7\u00e3o a um ponto como ocorre em rela\u00e7\u00e3o ao GSF\u201d, disse, destacando que at\u00e9 segmentos que n\u00e3o t\u00eam rela\u00e7\u00e3o direta com o problema j\u00e1 se manifestaram acerca da relev\u00e2ncia do problema.<\/p>\n<p>Alexei Vivan tamb\u00e9m considera o PL a melhor sa\u00edda. Segundo ele, as decis\u00f5es judiciais tratam os casos isoladamente e de forma tempor\u00e1ria, at\u00e9 o desenlace definitivo. \u201cN\u00e3o tem como voc\u00ea encontrar uma solu\u00e7\u00e3o segura por via judicial, at\u00e9 porque toda decis\u00e3o judicial que acontecer estar\u00e1 sujeita a recursos e outras interpreta\u00e7\u00f5es\u201d, disse o advogado.<\/p>\n<p><strong>AbraPCH tem posi\u00e7\u00e3o oposta ao restante<\/strong><br \/>\nJ\u00e1 a AbraPCH (Associa\u00e7\u00e3o Brasileira de Pequenas Centrais Hidrel\u00e9tricas e Centrais Geradoras Hidrel\u00e9tricas) tem posi\u00e7\u00e3o divergente em rela\u00e7\u00e3o ao PL 3.975. O presidente do conselho de administra\u00e7\u00e3o da associa\u00e7\u00e3o, Valmor Alves, disse que o projeto n\u00e3o soluciona o problema das PCHs. Ele afirma que o GSF foi causado por falta de planejamento do governo.<\/p>\n<p>Segundo o executivo, algumas PCHs n\u00e3o t\u00eam um prazo de concess\u00e3o e, por isso, o PL n\u00e3o pode ajudar. \u201cComo \u00e9 que eu vou aumentar o prazo de concess\u00e3o de uma usina que \u00e9 de prazo teoricamente infinito? Fica dif\u00edcil. Voc\u00ea est\u00e1 me dando uma contrapartida que n\u00e3o me agrega nada para eu pagar uma conta que n\u00e3o \u00e9 minha\u201d, questionou.<\/p>\n<p>\u201cO que acontece \u00e9 que hoje j\u00e1 est\u00e1 judicializado. O PL est\u00e1 vindo para desjudicializar, para de fato ter uma lei que permita que tem que pagar e pronto\u201d, disse Valmor sobre a discuss\u00e3o das formas de resolu\u00e7\u00e3o.<\/p>\n","protected":false},"excerpt":{"rendered":"<p>Lucas Santin\u00a0da Ag\u00eancia iNFRA Para os representantes das principais associa\u00e7\u00f5es do setor el\u00e9trico, a solu\u00e7\u00e3o ideal para a d\u00edvida do risco hidrol\u00f3gico (GSF) das usinas \u00e9 por meio da aprova\u00e7\u00e3o do PL (projeto de lei) 3.975\/19, que atualmente est\u00e1 no Senado, e n\u00e3o por decis\u00e3o judicial. Existe hoje um debate acerca do impacto financeiro da [&hellip;]<\/p>\n","protected":false},"author":9,"featured_media":3859,"comment_status":"closed","ping_status":"closed","sticky":false,"template":"","format":"standard","meta":{"_monsterinsights_skip_tracking":false,"_monsterinsights_sitenote_active":false,"_monsterinsights_sitenote_note":"","_monsterinsights_sitenote_category":0,"footnotes":""},"categories":[10],"tags":[153,725,41,40,1335,324,1336,1197,348,193],"class_list":["post-3858","post","type-post","status-publish","format-standard","has-post-thumbnail","hentry","category-infraenergia","tag-abce","tag-abeeolica","tag-abrace","tag-abraceel","tag-abrage","tag-abragel","tag-abrapch","tag-apine","tag-gsf","tag-risco-hidrologico"],"yoast_head":"<!-- This site is optimized with the Yoast SEO Premium plugin v25.4 (Yoast SEO v26.0) - https:\/\/yoast.com\/wordpress\/plugins\/seo\/ -->\n<title>Para agentes do setor el\u00e9trico, solu\u00e7\u00e3o ideal para o GSF \u00e9 via PL e n\u00e3o Justi\u00e7a - Ag\u00eancia iNFRA<\/title>\n<meta name=\"robots\" content=\"index, follow, max-snippet:-1, max-image-preview:large, max-video-preview:-1\" \/>\n<link rel=\"canonical\" href=\"https:\/\/agenciainfra.com\/blog\/para-agentes-do-setor-eletrico-solucao-ideal-para-o-gsf-e-via-pl-e-nao-justica\/\" \/>\n<meta property=\"og:locale\" content=\"pt_BR\" \/>\n<meta property=\"og:type\" content=\"article\" \/>\n<meta property=\"og:title\" content=\"Para agentes do setor el\u00e9trico, solu\u00e7\u00e3o ideal para o GSF \u00e9 via PL e n\u00e3o Justi\u00e7a\" \/>\n<meta property=\"og:description\" content=\"Lucas Santin\u00a0da Ag\u00eancia iNFRA Para os representantes das principais associa\u00e7\u00f5es do setor el\u00e9trico, a solu\u00e7\u00e3o ideal para a d\u00edvida do risco hidrol\u00f3gico (GSF) das usinas \u00e9 por meio da aprova\u00e7\u00e3o do PL (projeto de lei) 3.975\/19, que atualmente est\u00e1 no Senado, e n\u00e3o por decis\u00e3o judicial. Existe hoje um debate acerca do impacto financeiro da [&hellip;]\" \/>\n<meta property=\"og:url\" content=\"https:\/\/agenciainfra.com\/blog\/para-agentes-do-setor-eletrico-solucao-ideal-para-o-gsf-e-via-pl-e-nao-justica\/\" \/>\n<meta property=\"og:site_name\" content=\"Ag\u00eancia iNFRA\" \/>\n<meta property=\"article:publisher\" content=\"https:\/\/www.facebook.com\/ageninfra\" \/>\n<meta property=\"article:published_time\" content=\"2019-10-08T11:00:23+00:00\" \/>\n<meta property=\"og:image\" content=\"https:\/\/agenciainfra.com\/blog\/wp-content\/uploads\/2019\/10\/usina-itaipu-dominio-publico.jpg\" \/>\n\t<meta property=\"og:image:width\" content=\"1280\" \/>\n\t<meta property=\"og:image:height\" content=\"720\" \/>\n\t<meta property=\"og:image:type\" content=\"image\/jpeg\" \/>\n<meta name=\"author\" content=\"Rodrigo Zuquim\" \/>\n<meta name=\"twitter:card\" content=\"summary_large_image\" \/>\n<meta name=\"twitter:creator\" content=\"@agencia_infra\" \/>\n<meta name=\"twitter:site\" content=\"@agencia_infra\" \/>\n<meta name=\"twitter:label1\" content=\"Escrito por\" \/>\n\t<meta name=\"twitter:data1\" content=\"Rodrigo Zuquim\" \/>\n\t<meta name=\"twitter:label2\" content=\"Est. tempo de leitura\" \/>\n\t<meta name=\"twitter:data2\" content=\"5 minutos\" \/>\n<script type=\"application\/ld+json\" class=\"yoast-schema-graph\">{\"@context\":\"https:\/\/schema.org\",\"@graph\":[{\"@type\":\"Article\",\"@id\":\"https:\/\/agenciainfra.com\/blog\/para-agentes-do-setor-eletrico-solucao-ideal-para-o-gsf-e-via-pl-e-nao-justica\/#article\",\"isPartOf\":{\"@id\":\"https:\/\/agenciainfra.com\/blog\/para-agentes-do-setor-eletrico-solucao-ideal-para-o-gsf-e-via-pl-e-nao-justica\/\"},\"author\":{\"name\":\"Rodrigo Zuquim\",\"@id\":\"https:\/\/agenciainfra.com\/blog\/#\/schema\/person\/04dbb79bd6d8951f063da71f3e4c1eb1\"},\"headline\":\"Para agentes do setor el\u00e9trico, solu\u00e7\u00e3o ideal para o GSF \u00e9 via PL e n\u00e3o Justi\u00e7a\",\"datePublished\":\"2019-10-08T11:00:23+00:00\",\"mainEntityOfPage\":{\"@id\":\"https:\/\/agenciainfra.com\/blog\/para-agentes-do-setor-eletrico-solucao-ideal-para-o-gsf-e-via-pl-e-nao-justica\/\"},\"wordCount\":1115,\"publisher\":{\"@id\":\"https:\/\/agenciainfra.com\/blog\/#organization\"},\"image\":{\"@id\":\"https:\/\/agenciainfra.com\/blog\/para-agentes-do-setor-eletrico-solucao-ideal-para-o-gsf-e-via-pl-e-nao-justica\/#primaryimage\"},\"thumbnailUrl\":\"https:\/\/agenciainfra.com\/blog\/wp-content\/uploads\/2019\/10\/usina-itaipu-dominio-publico.jpg\",\"keywords\":[\"ABCE\",\"abeeolica\",\"Abrace\",\"Abraceel\",\"Abrage\",\"Abragel\",\"AbraPCH\",\"Apine\",\"GSF\",\"risco hidrol\u00f3gico\"],\"articleSection\":[\"iNFRAEnergia\"],\"inLanguage\":\"pt-BR\",\"copyrightYear\":\"2019\",\"copyrightHolder\":{\"@id\":\"https:\/\/agenciainfra.com\/blog\/#organization\"}},{\"@type\":\"WebPage\",\"@id\":\"https:\/\/agenciainfra.com\/blog\/para-agentes-do-setor-eletrico-solucao-ideal-para-o-gsf-e-via-pl-e-nao-justica\/\",\"url\":\"https:\/\/agenciainfra.com\/blog\/para-agentes-do-setor-eletrico-solucao-ideal-para-o-gsf-e-via-pl-e-nao-justica\/\",\"name\":\"Para agentes do setor el\u00e9trico, solu\u00e7\u00e3o ideal para o GSF \u00e9 via PL e n\u00e3o Justi\u00e7a - Ag\u00eancia iNFRA\",\"isPartOf\":{\"@id\":\"https:\/\/agenciainfra.com\/blog\/#website\"},\"primaryImageOfPage\":{\"@id\":\"https:\/\/agenciainfra.com\/blog\/para-agentes-do-setor-eletrico-solucao-ideal-para-o-gsf-e-via-pl-e-nao-justica\/#primaryimage\"},\"image\":{\"@id\":\"https:\/\/agenciainfra.com\/blog\/para-agentes-do-setor-eletrico-solucao-ideal-para-o-gsf-e-via-pl-e-nao-justica\/#primaryimage\"},\"thumbnailUrl\":\"https:\/\/agenciainfra.com\/blog\/wp-content\/uploads\/2019\/10\/usina-itaipu-dominio-publico.jpg\",\"datePublished\":\"2019-10-08T11:00:23+00:00\",\"breadcrumb\":{\"@id\":\"https:\/\/agenciainfra.com\/blog\/para-agentes-do-setor-eletrico-solucao-ideal-para-o-gsf-e-via-pl-e-nao-justica\/#breadcrumb\"},\"inLanguage\":\"pt-BR\",\"potentialAction\":[{\"@type\":\"ReadAction\",\"target\":[\"https:\/\/agenciainfra.com\/blog\/para-agentes-do-setor-eletrico-solucao-ideal-para-o-gsf-e-via-pl-e-nao-justica\/\"]}]},{\"@type\":\"ImageObject\",\"inLanguage\":\"pt-BR\",\"@id\":\"https:\/\/agenciainfra.com\/blog\/para-agentes-do-setor-eletrico-solucao-ideal-para-o-gsf-e-via-pl-e-nao-justica\/#primaryimage\",\"url\":\"https:\/\/agenciainfra.com\/blog\/wp-content\/uploads\/2019\/10\/usina-itaipu-dominio-publico.jpg\",\"contentUrl\":\"https:\/\/agenciainfra.com\/blog\/wp-content\/uploads\/2019\/10\/usina-itaipu-dominio-publico.jpg\",\"width\":1280,\"height\":720,\"caption\":\"Foto: Divulga\u00e7\u00e3o Itaipu\"},{\"@type\":\"BreadcrumbList\",\"@id\":\"https:\/\/agenciainfra.com\/blog\/para-agentes-do-setor-eletrico-solucao-ideal-para-o-gsf-e-via-pl-e-nao-justica\/#breadcrumb\",\"itemListElement\":[{\"@type\":\"ListItem\",\"position\":1,\"name\":\"In\u00edcio\",\"item\":\"https:\/\/agenciainfra.com\/blog\/\"},{\"@type\":\"ListItem\",\"position\":2,\"name\":\"Para agentes do setor el\u00e9trico, solu\u00e7\u00e3o ideal para o GSF \u00e9 via PL e n\u00e3o Justi\u00e7a\"}]},{\"@type\":\"WebSite\",\"@id\":\"https:\/\/agenciainfra.com\/blog\/#website\",\"url\":\"https:\/\/agenciainfra.com\/blog\/\",\"name\":\"Ag\u00eancia iNFRA\",\"description\":\"Multiplataforma de informa\u00e7\u00e3o jornal\u00edstica refer\u00eancia na \u00e1rea de infraestrutura no Brasil!\",\"publisher\":{\"@id\":\"https:\/\/agenciainfra.com\/blog\/#organization\"},\"potentialAction\":[{\"@type\":\"SearchAction\",\"target\":{\"@type\":\"EntryPoint\",\"urlTemplate\":\"https:\/\/agenciainfra.com\/blog\/?s={search_term_string}\"},\"query-input\":{\"@type\":\"PropertyValueSpecification\",\"valueRequired\":true,\"valueName\":\"search_term_string\"}}],\"inLanguage\":\"pt-BR\"},{\"@type\":\"Organization\",\"@id\":\"https:\/\/agenciainfra.com\/blog\/#organization\",\"name\":\"Ag\u00eancia iNFRA\",\"url\":\"https:\/\/agenciainfra.com\/blog\/\",\"logo\":{\"@type\":\"ImageObject\",\"inLanguage\":\"pt-BR\",\"@id\":\"https:\/\/agenciainfra.com\/blog\/#\/schema\/logo\/image\/\",\"url\":\"https:\/\/agenciainfra.com\/blog\/wp-content\/uploads\/2023\/09\/iNFRA_5-e1761735885940.png\",\"contentUrl\":\"https:\/\/agenciainfra.com\/blog\/wp-content\/uploads\/2023\/09\/iNFRA_5-e1761735885940.png\",\"width\":1672,\"height\":454,\"caption\":\"Ag\u00eancia iNFRA\"},\"image\":{\"@id\":\"https:\/\/agenciainfra.com\/blog\/#\/schema\/logo\/image\/\"},\"sameAs\":[\"https:\/\/www.facebook.com\/ageninfra\",\"https:\/\/x.com\/agencia_infra\",\"https:\/\/www.linkedin.com\/company\/ag\u00eanciainfra\/\",\"https:\/\/www.instagram.com\/agenciainfra\/\"]},{\"@type\":\"Person\",\"@id\":\"https:\/\/agenciainfra.com\/blog\/#\/schema\/person\/04dbb79bd6d8951f063da71f3e4c1eb1\",\"name\":\"Rodrigo Zuquim\",\"image\":{\"@type\":\"ImageObject\",\"inLanguage\":\"pt-BR\",\"@id\":\"https:\/\/agenciainfra.com\/blog\/#\/schema\/person\/image\/\",\"url\":\"https:\/\/secure.gravatar.com\/avatar\/594abfe82761d620726242ff34ca472a705a4b97f16c790053a6b4c4035274d0?s=96&d=mm&r=g\",\"contentUrl\":\"https:\/\/secure.gravatar.com\/avatar\/594abfe82761d620726242ff34ca472a705a4b97f16c790053a6b4c4035274d0?s=96&d=mm&r=g\",\"caption\":\"Rodrigo Zuquim\"},\"url\":\"https:\/\/agenciainfra.com\/blog\/author\/rodrigo-zuquim\/\"}]}<\/script>\n<!-- \/ Yoast SEO Premium plugin. -->","yoast_head_json":{"title":"Para agentes do setor el\u00e9trico, solu\u00e7\u00e3o ideal para o GSF \u00e9 via PL e n\u00e3o Justi\u00e7a - Ag\u00eancia iNFRA","robots":{"index":"index","follow":"follow","max-snippet":"max-snippet:-1","max-image-preview":"max-image-preview:large","max-video-preview":"max-video-preview:-1"},"canonical":"https:\/\/agenciainfra.com\/blog\/para-agentes-do-setor-eletrico-solucao-ideal-para-o-gsf-e-via-pl-e-nao-justica\/","og_locale":"pt_BR","og_type":"article","og_title":"Para agentes do setor el\u00e9trico, solu\u00e7\u00e3o ideal para o GSF \u00e9 via PL e n\u00e3o Justi\u00e7a","og_description":"Lucas Santin\u00a0da Ag\u00eancia iNFRA Para os representantes das principais associa\u00e7\u00f5es do setor el\u00e9trico, a solu\u00e7\u00e3o ideal para a d\u00edvida do risco hidrol\u00f3gico (GSF) das usinas \u00e9 por meio da aprova\u00e7\u00e3o do PL (projeto de lei) 3.975\/19, que atualmente est\u00e1 no Senado, e n\u00e3o por decis\u00e3o judicial. Existe hoje um debate acerca do impacto financeiro da [&hellip;]","og_url":"https:\/\/agenciainfra.com\/blog\/para-agentes-do-setor-eletrico-solucao-ideal-para-o-gsf-e-via-pl-e-nao-justica\/","og_site_name":"Ag\u00eancia iNFRA","article_publisher":"https:\/\/www.facebook.com\/ageninfra","article_published_time":"2019-10-08T11:00:23+00:00","og_image":[{"width":1280,"height":720,"url":"https:\/\/agenciainfra.com\/blog\/wp-content\/uploads\/2019\/10\/usina-itaipu-dominio-publico.jpg","type":"image\/jpeg"}],"author":"Rodrigo Zuquim","twitter_card":"summary_large_image","twitter_creator":"@agencia_infra","twitter_site":"@agencia_infra","twitter_misc":{"Escrito por":"Rodrigo Zuquim","Est. tempo de leitura":"5 minutos"},"schema":{"@context":"https:\/\/schema.org","@graph":[{"@type":"Article","@id":"https:\/\/agenciainfra.com\/blog\/para-agentes-do-setor-eletrico-solucao-ideal-para-o-gsf-e-via-pl-e-nao-justica\/#article","isPartOf":{"@id":"https:\/\/agenciainfra.com\/blog\/para-agentes-do-setor-eletrico-solucao-ideal-para-o-gsf-e-via-pl-e-nao-justica\/"},"author":{"name":"Rodrigo Zuquim","@id":"https:\/\/agenciainfra.com\/blog\/#\/schema\/person\/04dbb79bd6d8951f063da71f3e4c1eb1"},"headline":"Para agentes do setor el\u00e9trico, solu\u00e7\u00e3o ideal para o GSF \u00e9 via PL e n\u00e3o Justi\u00e7a","datePublished":"2019-10-08T11:00:23+00:00","mainEntityOfPage":{"@id":"https:\/\/agenciainfra.com\/blog\/para-agentes-do-setor-eletrico-solucao-ideal-para-o-gsf-e-via-pl-e-nao-justica\/"},"wordCount":1115,"publisher":{"@id":"https:\/\/agenciainfra.com\/blog\/#organization"},"image":{"@id":"https:\/\/agenciainfra.com\/blog\/para-agentes-do-setor-eletrico-solucao-ideal-para-o-gsf-e-via-pl-e-nao-justica\/#primaryimage"},"thumbnailUrl":"https:\/\/agenciainfra.com\/blog\/wp-content\/uploads\/2019\/10\/usina-itaipu-dominio-publico.jpg","keywords":["ABCE","abeeolica","Abrace","Abraceel","Abrage","Abragel","AbraPCH","Apine","GSF","risco hidrol\u00f3gico"],"articleSection":["iNFRAEnergia"],"inLanguage":"pt-BR","copyrightYear":"2019","copyrightHolder":{"@id":"https:\/\/agenciainfra.com\/blog\/#organization"}},{"@type":"WebPage","@id":"https:\/\/agenciainfra.com\/blog\/para-agentes-do-setor-eletrico-solucao-ideal-para-o-gsf-e-via-pl-e-nao-justica\/","url":"https:\/\/agenciainfra.com\/blog\/para-agentes-do-setor-eletrico-solucao-ideal-para-o-gsf-e-via-pl-e-nao-justica\/","name":"Para agentes do setor el\u00e9trico, solu\u00e7\u00e3o ideal para o GSF \u00e9 via PL e n\u00e3o Justi\u00e7a - Ag\u00eancia iNFRA","isPartOf":{"@id":"https:\/\/agenciainfra.com\/blog\/#website"},"primaryImageOfPage":{"@id":"https:\/\/agenciainfra.com\/blog\/para-agentes-do-setor-eletrico-solucao-ideal-para-o-gsf-e-via-pl-e-nao-justica\/#primaryimage"},"image":{"@id":"https:\/\/agenciainfra.com\/blog\/para-agentes-do-setor-eletrico-solucao-ideal-para-o-gsf-e-via-pl-e-nao-justica\/#primaryimage"},"thumbnailUrl":"https:\/\/agenciainfra.com\/blog\/wp-content\/uploads\/2019\/10\/usina-itaipu-dominio-publico.jpg","datePublished":"2019-10-08T11:00:23+00:00","breadcrumb":{"@id":"https:\/\/agenciainfra.com\/blog\/para-agentes-do-setor-eletrico-solucao-ideal-para-o-gsf-e-via-pl-e-nao-justica\/#breadcrumb"},"inLanguage":"pt-BR","potentialAction":[{"@type":"ReadAction","target":["https:\/\/agenciainfra.com\/blog\/para-agentes-do-setor-eletrico-solucao-ideal-para-o-gsf-e-via-pl-e-nao-justica\/"]}]},{"@type":"ImageObject","inLanguage":"pt-BR","@id":"https:\/\/agenciainfra.com\/blog\/para-agentes-do-setor-eletrico-solucao-ideal-para-o-gsf-e-via-pl-e-nao-justica\/#primaryimage","url":"https:\/\/agenciainfra.com\/blog\/wp-content\/uploads\/2019\/10\/usina-itaipu-dominio-publico.jpg","contentUrl":"https:\/\/agenciainfra.com\/blog\/wp-content\/uploads\/2019\/10\/usina-itaipu-dominio-publico.jpg","width":1280,"height":720,"caption":"Foto: Divulga\u00e7\u00e3o Itaipu"},{"@type":"BreadcrumbList","@id":"https:\/\/agenciainfra.com\/blog\/para-agentes-do-setor-eletrico-solucao-ideal-para-o-gsf-e-via-pl-e-nao-justica\/#breadcrumb","itemListElement":[{"@type":"ListItem","position":1,"name":"In\u00edcio","item":"https:\/\/agenciainfra.com\/blog\/"},{"@type":"ListItem","position":2,"name":"Para agentes do setor el\u00e9trico, solu\u00e7\u00e3o ideal para o GSF \u00e9 via PL e n\u00e3o Justi\u00e7a"}]},{"@type":"WebSite","@id":"https:\/\/agenciainfra.com\/blog\/#website","url":"https:\/\/agenciainfra.com\/blog\/","name":"Ag\u00eancia iNFRA","description":"Multiplataforma de informa\u00e7\u00e3o jornal\u00edstica refer\u00eancia na \u00e1rea de infraestrutura no Brasil!","publisher":{"@id":"https:\/\/agenciainfra.com\/blog\/#organization"},"potentialAction":[{"@type":"SearchAction","target":{"@type":"EntryPoint","urlTemplate":"https:\/\/agenciainfra.com\/blog\/?s={search_term_string}"},"query-input":{"@type":"PropertyValueSpecification","valueRequired":true,"valueName":"search_term_string"}}],"inLanguage":"pt-BR"},{"@type":"Organization","@id":"https:\/\/agenciainfra.com\/blog\/#organization","name":"Ag\u00eancia iNFRA","url":"https:\/\/agenciainfra.com\/blog\/","logo":{"@type":"ImageObject","inLanguage":"pt-BR","@id":"https:\/\/agenciainfra.com\/blog\/#\/schema\/logo\/image\/","url":"https:\/\/agenciainfra.com\/blog\/wp-content\/uploads\/2023\/09\/iNFRA_5-e1761735885940.png","contentUrl":"https:\/\/agenciainfra.com\/blog\/wp-content\/uploads\/2023\/09\/iNFRA_5-e1761735885940.png","width":1672,"height":454,"caption":"Ag\u00eancia iNFRA"},"image":{"@id":"https:\/\/agenciainfra.com\/blog\/#\/schema\/logo\/image\/"},"sameAs":["https:\/\/www.facebook.com\/ageninfra","https:\/\/x.com\/agencia_infra","https:\/\/www.linkedin.com\/company\/ag\u00eanciainfra\/","https:\/\/www.instagram.com\/agenciainfra\/"]},{"@type":"Person","@id":"https:\/\/agenciainfra.com\/blog\/#\/schema\/person\/04dbb79bd6d8951f063da71f3e4c1eb1","name":"Rodrigo Zuquim","image":{"@type":"ImageObject","inLanguage":"pt-BR","@id":"https:\/\/agenciainfra.com\/blog\/#\/schema\/person\/image\/","url":"https:\/\/secure.gravatar.com\/avatar\/594abfe82761d620726242ff34ca472a705a4b97f16c790053a6b4c4035274d0?s=96&d=mm&r=g","contentUrl":"https:\/\/secure.gravatar.com\/avatar\/594abfe82761d620726242ff34ca472a705a4b97f16c790053a6b4c4035274d0?s=96&d=mm&r=g","caption":"Rodrigo Zuquim"},"url":"https:\/\/agenciainfra.com\/blog\/author\/rodrigo-zuquim\/"}]}},"_links":{"self":[{"href":"https:\/\/agenciainfra.com\/blog\/wp-json\/wp\/v2\/posts\/3858","targetHints":{"allow":["GET"]}}],"collection":[{"href":"https:\/\/agenciainfra.com\/blog\/wp-json\/wp\/v2\/posts"}],"about":[{"href":"https:\/\/agenciainfra.com\/blog\/wp-json\/wp\/v2\/types\/post"}],"author":[{"embeddable":true,"href":"https:\/\/agenciainfra.com\/blog\/wp-json\/wp\/v2\/users\/9"}],"replies":[{"embeddable":true,"href":"https:\/\/agenciainfra.com\/blog\/wp-json\/wp\/v2\/comments?post=3858"}],"version-history":[{"count":0,"href":"https:\/\/agenciainfra.com\/blog\/wp-json\/wp\/v2\/posts\/3858\/revisions"}],"wp:featuredmedia":[{"embeddable":true,"href":"https:\/\/agenciainfra.com\/blog\/wp-json\/wp\/v2\/media\/3859"}],"wp:attachment":[{"href":"https:\/\/agenciainfra.com\/blog\/wp-json\/wp\/v2\/media?parent=3858"}],"wp:term":[{"taxonomy":"category","embeddable":true,"href":"https:\/\/agenciainfra.com\/blog\/wp-json\/wp\/v2\/categories?post=3858"},{"taxonomy":"post_tag","embeddable":true,"href":"https:\/\/agenciainfra.com\/blog\/wp-json\/wp\/v2\/tags?post=3858"}],"curies":[{"name":"wp","href":"https:\/\/api.w.org\/{rel}","templated":true}]}}