{"id":3870,"date":"2019-10-12T08:00:32","date_gmt":"2019-10-12T11:00:32","guid":{"rendered":"http:\/\/www.agenciainfra.com\/blog\/?p=3870"},"modified":"2019-10-10T09:27:30","modified_gmt":"2019-10-10T12:27:30","slug":"br-do-mar-chega-a-impasse-e-casa-civil-vai-arbitrar-divergencia-entre-economia-e-infraestrutura","status":"publish","type":"post","link":"https:\/\/agenciainfra.com\/blog\/br-do-mar-chega-a-impasse-e-casa-civil-vai-arbitrar-divergencia-entre-economia-e-infraestrutura\/","title":{"rendered":"BR do Mar chega a impasse e Casa Civil vai arbitrar diverg\u00eancia entre Economia e Infraestrutura"},"content":{"rendered":"<div>\n<h5 style=\"text-align: right;\"><strong>Dimmi Amora e Bernardo Gonzaga, da\u00a0Ag\u00eancia iNFRA<\/strong><\/h5>\n<p>As negocia\u00e7\u00f5es entre os t\u00e9cnicos dos minist\u00e9rios da Infraestrutura e da Economia sobre o programa BR do Mar, de incentivo \u00e0 cabotagem, chegaram a um impasse. Nenhum dos lados quer\u00a0referendar a posi\u00e7\u00e3o do outro sobre a abertura do mercado de afretamento de navios no Brasil. Pelo menos outros quatro temas ainda teriam diverg\u00eancias entre os setores t\u00e9cnicos.<\/p>\n<p>Para que o programa continue, a Casa Civil convocou reuni\u00e3o para tratar do tema, entender a posi\u00e7\u00e3o dos dois lados sobre as principais diverg\u00eancias e poder levar \u00e0 Presid\u00eancia para que uma decis\u00e3o seja tomada.<\/p>\n<p>As diverg\u00eancias entre os dois \u00f3rg\u00e3os j\u00e1 vinham se arrastando h\u00e1 mais de dois meses. A previs\u00e3o era que o pacote de medidas fosse anunciado em julho. Mas a posi\u00e7\u00e3o do Minist\u00e9rio da Infraestrutura sobre as normas de afretamento n\u00e3o agradou\u00a0a pasta da Economia, que desejava um modelo semelhante ao que \u00e9 usado na avia\u00e7\u00e3o civil, ou seja, que os navios possam ser alugados sem a necessidade de que as empresas tenham alguma propor\u00e7\u00e3o de navios constru\u00eddos no Brasil ou importados.<\/p>\n<p>Para a Infraestrutura, esse afretamento sem lastro poderia levar a risco de o setor de cabotagem no Brasil ficar sem navios para atendimento em momentos de picos de pre\u00e7os de frente internacional. Por isso, a proposta era ampliar o lastro atual (que em m\u00e9dia \u00e9 de quatro afretados para cada dois pr\u00f3prios) e permitir que afretamentos com contratos longos (mais de 15 anos) pudessem tamb\u00e9m ser usados como lastro. Mas a medida foi considerada insuficiente pela economia e as negocia\u00e7\u00f5es foram encerradas.<\/p>\n<p>Al\u00e9m dessa diverg\u00eancia, a Economia e a Infraestrutura ainda divergem sobre o fim do imposto de importa\u00e7\u00e3o para embarca\u00e7\u00f5es que forem compradas fora do Brasil por empresas nacionais. Nesse caso, a Receita n\u00e3o quer abrir m\u00e3o da poss\u00edvel receita de importa\u00e7\u00e3o. Hoje a al\u00edquota \u00e9 de 50%.<\/p>\n<p>H\u00e1 ainda diverg\u00eancias em rela\u00e7\u00e3o \u00e0 permiss\u00e3o para que os navios afretados usem a bandeira estrangeira no Brasil e, com isso, tenham custos, especialmente com pagamento de mar\u00edtimos, mais baixos que os navios nacionais. Nesse caso, a Infraestrutura apontou como solu\u00e7\u00e3o a obrigatoriedade de que parte dos mar\u00edtimos nesses navios sejam brasileiros.<\/p>\n<p><strong>Debates Acalorados<\/strong><br \/>\nNo evento Santos Export, realizado na \u00faltima quarta-feira (9), em Bras\u00edlia, o secret\u00e1rio especial de Produtividade, Emprego e Competitividade do Minist\u00e9rio da Economia, Carlos Alexandre da Costa, disse que o governo est\u00e1 pensando em um projeto para aumentar a competitividade da cabotagem no pa\u00eds e baixar o pre\u00e7o do frete. Segundo o secret\u00e1rio, \u00e9 um BR do Mar \u201campliado\u201d e que ser\u00e1 divulgado \u201cno momento certo\u201d.<\/p>\n<p>&#8220;\u00c9 mais amplo [que o BR do Mar]. [Finalidade \u00e9] Trazer mais concorr\u00eancia. A gente vai divulgar no momento certo. O que a gente quer, al\u00e9m de ter um ambiente adequado para que a nossa ind\u00fastria competitiva flores\u00e7a, mas que o custo da cabotagem baixe com mais concorr\u00eancia. Isso vai vir junto com o BR do Mar\u201d, disse.<\/p>\n<p>No mesmo evento, em mesa sobre Intermodalidade e Log\u00edstica, o secret\u00e1rio-executivo do Minist\u00e9rio da Infraestrutura, Marcelo Sampaio, afirmou que os debates com a Economia sobre o tema t\u00eam sido acalorados, mas que a ideia principal do projeto segue a mesma e \u00e9 convergente: abrir o setor.<\/p>\n<p>Cleber Lucas, presidente da ABAC (Associa\u00e7\u00e3o Brasileira dos Armadores de Cabotagem) voltou a defender o setor, dizendo que ele tem crescido muito acima da m\u00e9dia de crescimento do pa\u00eds e que, para al\u00e9m das medidas que est\u00e3o em estudo, \u00e9 necess\u00e1ria uma maior desburocratiza\u00e7\u00e3o, o que ele considera a maior barreira de entrada para novos competidores.<\/p>\n<p>Questionado por jornalistas ao fim de um evento, o ministro da Infraestrutura, Tarc\u00edsio de Freitas, afirmou que acredita num acordo sobre o tema e que a medida vai sair. Mas n\u00e3o confirmou se ela ser\u00e1 enviada como projeto de lei ou medida provis\u00f3ria.<\/p>\n<\/div>\n","protected":false},"excerpt":{"rendered":"<p>Dimmi Amora e Bernardo Gonzaga, da\u00a0Ag\u00eancia iNFRA As negocia\u00e7\u00f5es entre os t\u00e9cnicos dos minist\u00e9rios da Infraestrutura e da Economia sobre o programa BR do Mar, de incentivo \u00e0 cabotagem, chegaram a um impasse. Nenhum dos lados quer\u00a0referendar a posi\u00e7\u00e3o do outro sobre a abertura do mercado de afretamento de navios no Brasil. Pelo menos outros [&hellip;]<\/p>\n","protected":false},"author":9,"featured_media":3871,"comment_status":"closed","ping_status":"closed","sticky":false,"template":"","format":"standard","meta":{"_monsterinsights_skip_tracking":false,"_monsterinsights_sitenote_active":false,"_monsterinsights_sitenote_note":"","_monsterinsights_sitenote_category":0,"footnotes":""},"categories":[7],"tags":[1346,1245,407,1345,1344,1297,766,775,448],"class_list":["post-3870","post","type-post","status-publish","format-standard","has-post-thumbnail","hentry","category-infratransporte","tag-abac","tag-br-do-mar","tag-cabotagem","tag-carlos-alexandre-da-costa","tag-casa-civil","tag-cleber-lucas","tag-ministerio-da-economia","tag-ministerio-da-infraestrutura","tag-tarcisio-de-freitas"],"yoast_head":"<!-- This site is optimized with the Yoast SEO Premium plugin v25.4 (Yoast SEO v26.0) - https:\/\/yoast.com\/wordpress\/plugins\/seo\/ -->\n<title>BR do Mar chega a impasse e Casa Civil vai arbitrar diverg\u00eancia entre Economia e Infraestrutura - Ag\u00eancia iNFRA<\/title>\n<meta name=\"robots\" content=\"index, follow, max-snippet:-1, max-image-preview:large, max-video-preview:-1\" \/>\n<link rel=\"canonical\" href=\"https:\/\/agenciainfra.com\/blog\/br-do-mar-chega-a-impasse-e-casa-civil-vai-arbitrar-divergencia-entre-economia-e-infraestrutura\/\" \/>\n<meta property=\"og:locale\" content=\"pt_BR\" \/>\n<meta property=\"og:type\" content=\"article\" \/>\n<meta property=\"og:title\" content=\"BR do Mar chega a impasse e Casa Civil vai arbitrar diverg\u00eancia entre Economia e Infraestrutura\" \/>\n<meta property=\"og:description\" content=\"Dimmi Amora e Bernardo Gonzaga, da\u00a0Ag\u00eancia iNFRA As negocia\u00e7\u00f5es entre os t\u00e9cnicos dos minist\u00e9rios da Infraestrutura e da Economia sobre o programa BR do Mar, de incentivo \u00e0 cabotagem, chegaram a um impasse. Nenhum dos lados quer\u00a0referendar a posi\u00e7\u00e3o do outro sobre a abertura do mercado de afretamento de navios no Brasil. Pelo menos outros [&hellip;]\" \/>\n<meta property=\"og:url\" content=\"https:\/\/agenciainfra.com\/blog\/br-do-mar-chega-a-impasse-e-casa-civil-vai-arbitrar-divergencia-entre-economia-e-infraestrutura\/\" \/>\n<meta property=\"og:site_name\" content=\"Ag\u00eancia iNFRA\" \/>\n<meta property=\"article:publisher\" content=\"https:\/\/www.facebook.com\/ageninfra\" \/>\n<meta property=\"article:published_time\" content=\"2019-10-12T11:00:32+00:00\" \/>\n<meta property=\"og:image\" content=\"https:\/\/agenciainfra.com\/blog\/wp-content\/uploads\/2019\/10\/navio-carga-dominio-publico.jpg\" \/>\n\t<meta property=\"og:image:width\" content=\"1280\" \/>\n\t<meta property=\"og:image:height\" content=\"853\" \/>\n\t<meta property=\"og:image:type\" content=\"image\/jpeg\" \/>\n<meta name=\"author\" content=\"Rodrigo Zuquim\" \/>\n<meta name=\"twitter:card\" content=\"summary_large_image\" \/>\n<meta name=\"twitter:creator\" content=\"@agencia_infra\" \/>\n<meta name=\"twitter:site\" content=\"@agencia_infra\" \/>\n<meta name=\"twitter:label1\" content=\"Escrito por\" \/>\n\t<meta name=\"twitter:data1\" content=\"Rodrigo Zuquim\" \/>\n\t<meta name=\"twitter:label2\" content=\"Est. tempo de leitura\" \/>\n\t<meta name=\"twitter:data2\" content=\"3 minutos\" \/>\n<script type=\"application\/ld+json\" class=\"yoast-schema-graph\">{\"@context\":\"https:\/\/schema.org\",\"@graph\":[{\"@type\":\"Article\",\"@id\":\"https:\/\/agenciainfra.com\/blog\/br-do-mar-chega-a-impasse-e-casa-civil-vai-arbitrar-divergencia-entre-economia-e-infraestrutura\/#article\",\"isPartOf\":{\"@id\":\"https:\/\/agenciainfra.com\/blog\/br-do-mar-chega-a-impasse-e-casa-civil-vai-arbitrar-divergencia-entre-economia-e-infraestrutura\/\"},\"author\":{\"name\":\"Rodrigo Zuquim\",\"@id\":\"https:\/\/agenciainfra.com\/blog\/#\/schema\/person\/04dbb79bd6d8951f063da71f3e4c1eb1\"},\"headline\":\"BR do Mar chega a impasse e Casa Civil vai arbitrar diverg\u00eancia entre Economia e Infraestrutura\",\"datePublished\":\"2019-10-12T11:00:32+00:00\",\"mainEntityOfPage\":{\"@id\":\"https:\/\/agenciainfra.com\/blog\/br-do-mar-chega-a-impasse-e-casa-civil-vai-arbitrar-divergencia-entre-economia-e-infraestrutura\/\"},\"wordCount\":704,\"publisher\":{\"@id\":\"https:\/\/agenciainfra.com\/blog\/#organization\"},\"image\":{\"@id\":\"https:\/\/agenciainfra.com\/blog\/br-do-mar-chega-a-impasse-e-casa-civil-vai-arbitrar-divergencia-entre-economia-e-infraestrutura\/#primaryimage\"},\"thumbnailUrl\":\"https:\/\/agenciainfra.com\/blog\/wp-content\/uploads\/2019\/10\/navio-carga-dominio-publico.jpg\",\"keywords\":[\"ABAC\",\"BR do Mar\",\"cabotagem\",\"Carlos Alexandre da Costa\",\"Casa Civil\",\"Cleber Lucas\",\"Minist\u00e9rio da Economia\",\"Minist\u00e9rio da Infraestrutura\",\"Tarc\u00edsio de Freitas\"],\"articleSection\":[\"iNFRATransporte\"],\"inLanguage\":\"pt-BR\",\"copyrightYear\":\"2019\",\"copyrightHolder\":{\"@id\":\"https:\/\/agenciainfra.com\/blog\/#organization\"}},{\"@type\":\"WebPage\",\"@id\":\"https:\/\/agenciainfra.com\/blog\/br-do-mar-chega-a-impasse-e-casa-civil-vai-arbitrar-divergencia-entre-economia-e-infraestrutura\/\",\"url\":\"https:\/\/agenciainfra.com\/blog\/br-do-mar-chega-a-impasse-e-casa-civil-vai-arbitrar-divergencia-entre-economia-e-infraestrutura\/\",\"name\":\"BR do Mar chega a impasse e Casa Civil vai arbitrar diverg\u00eancia entre Economia e Infraestrutura - Ag\u00eancia iNFRA\",\"isPartOf\":{\"@id\":\"https:\/\/agenciainfra.com\/blog\/#website\"},\"primaryImageOfPage\":{\"@id\":\"https:\/\/agenciainfra.com\/blog\/br-do-mar-chega-a-impasse-e-casa-civil-vai-arbitrar-divergencia-entre-economia-e-infraestrutura\/#primaryimage\"},\"image\":{\"@id\":\"https:\/\/agenciainfra.com\/blog\/br-do-mar-chega-a-impasse-e-casa-civil-vai-arbitrar-divergencia-entre-economia-e-infraestrutura\/#primaryimage\"},\"thumbnailUrl\":\"https:\/\/agenciainfra.com\/blog\/wp-content\/uploads\/2019\/10\/navio-carga-dominio-publico.jpg\",\"datePublished\":\"2019-10-12T11:00:32+00:00\",\"breadcrumb\":{\"@id\":\"https:\/\/agenciainfra.com\/blog\/br-do-mar-chega-a-impasse-e-casa-civil-vai-arbitrar-divergencia-entre-economia-e-infraestrutura\/#breadcrumb\"},\"inLanguage\":\"pt-BR\",\"potentialAction\":[{\"@type\":\"ReadAction\",\"target\":[\"https:\/\/agenciainfra.com\/blog\/br-do-mar-chega-a-impasse-e-casa-civil-vai-arbitrar-divergencia-entre-economia-e-infraestrutura\/\"]}]},{\"@type\":\"ImageObject\",\"inLanguage\":\"pt-BR\",\"@id\":\"https:\/\/agenciainfra.com\/blog\/br-do-mar-chega-a-impasse-e-casa-civil-vai-arbitrar-divergencia-entre-economia-e-infraestrutura\/#primaryimage\",\"url\":\"https:\/\/agenciainfra.com\/blog\/wp-content\/uploads\/2019\/10\/navio-carga-dominio-publico.jpg\",\"contentUrl\":\"https:\/\/agenciainfra.com\/blog\/wp-content\/uploads\/2019\/10\/navio-carga-dominio-publico.jpg\",\"width\":1280,\"height\":853,\"caption\":\"Foto: Dom\u00ednio p\u00fablico\"},{\"@type\":\"BreadcrumbList\",\"@id\":\"https:\/\/agenciainfra.com\/blog\/br-do-mar-chega-a-impasse-e-casa-civil-vai-arbitrar-divergencia-entre-economia-e-infraestrutura\/#breadcrumb\",\"itemListElement\":[{\"@type\":\"ListItem\",\"position\":1,\"name\":\"In\u00edcio\",\"item\":\"https:\/\/agenciainfra.com\/blog\/\"},{\"@type\":\"ListItem\",\"position\":2,\"name\":\"BR do Mar chega a impasse e Casa Civil vai arbitrar diverg\u00eancia entre Economia e Infraestrutura\"}]},{\"@type\":\"WebSite\",\"@id\":\"https:\/\/agenciainfra.com\/blog\/#website\",\"url\":\"https:\/\/agenciainfra.com\/blog\/\",\"name\":\"Ag\u00eancia iNFRA\",\"description\":\"Multiplataforma de informa\u00e7\u00e3o jornal\u00edstica refer\u00eancia na \u00e1rea de infraestrutura no Brasil!\",\"publisher\":{\"@id\":\"https:\/\/agenciainfra.com\/blog\/#organization\"},\"potentialAction\":[{\"@type\":\"SearchAction\",\"target\":{\"@type\":\"EntryPoint\",\"urlTemplate\":\"https:\/\/agenciainfra.com\/blog\/?s={search_term_string}\"},\"query-input\":{\"@type\":\"PropertyValueSpecification\",\"valueRequired\":true,\"valueName\":\"search_term_string\"}}],\"inLanguage\":\"pt-BR\"},{\"@type\":\"Organization\",\"@id\":\"https:\/\/agenciainfra.com\/blog\/#organization\",\"name\":\"Ag\u00eancia iNFRA\",\"url\":\"https:\/\/agenciainfra.com\/blog\/\",\"logo\":{\"@type\":\"ImageObject\",\"inLanguage\":\"pt-BR\",\"@id\":\"https:\/\/agenciainfra.com\/blog\/#\/schema\/logo\/image\/\",\"url\":\"https:\/\/agenciainfra.com\/blog\/wp-content\/uploads\/2023\/09\/iNFRA_5-e1761735885940.png\",\"contentUrl\":\"https:\/\/agenciainfra.com\/blog\/wp-content\/uploads\/2023\/09\/iNFRA_5-e1761735885940.png\",\"width\":1672,\"height\":454,\"caption\":\"Ag\u00eancia iNFRA\"},\"image\":{\"@id\":\"https:\/\/agenciainfra.com\/blog\/#\/schema\/logo\/image\/\"},\"sameAs\":[\"https:\/\/www.facebook.com\/ageninfra\",\"https:\/\/x.com\/agencia_infra\",\"https:\/\/www.linkedin.com\/company\/ag\u00eanciainfra\/\",\"https:\/\/www.instagram.com\/agenciainfra\/\"]},{\"@type\":\"Person\",\"@id\":\"https:\/\/agenciainfra.com\/blog\/#\/schema\/person\/04dbb79bd6d8951f063da71f3e4c1eb1\",\"name\":\"Rodrigo Zuquim\",\"image\":{\"@type\":\"ImageObject\",\"inLanguage\":\"pt-BR\",\"@id\":\"https:\/\/agenciainfra.com\/blog\/#\/schema\/person\/image\/\",\"url\":\"https:\/\/secure.gravatar.com\/avatar\/594abfe82761d620726242ff34ca472a705a4b97f16c790053a6b4c4035274d0?s=96&d=mm&r=g\",\"contentUrl\":\"https:\/\/secure.gravatar.com\/avatar\/594abfe82761d620726242ff34ca472a705a4b97f16c790053a6b4c4035274d0?s=96&d=mm&r=g\",\"caption\":\"Rodrigo Zuquim\"},\"url\":\"https:\/\/agenciainfra.com\/blog\/author\/rodrigo-zuquim\/\"}]}<\/script>\n<!-- \/ Yoast SEO Premium plugin. -->","yoast_head_json":{"title":"BR do Mar chega a impasse e Casa Civil vai arbitrar diverg\u00eancia entre Economia e Infraestrutura - Ag\u00eancia iNFRA","robots":{"index":"index","follow":"follow","max-snippet":"max-snippet:-1","max-image-preview":"max-image-preview:large","max-video-preview":"max-video-preview:-1"},"canonical":"https:\/\/agenciainfra.com\/blog\/br-do-mar-chega-a-impasse-e-casa-civil-vai-arbitrar-divergencia-entre-economia-e-infraestrutura\/","og_locale":"pt_BR","og_type":"article","og_title":"BR do Mar chega a impasse e Casa Civil vai arbitrar diverg\u00eancia entre Economia e Infraestrutura","og_description":"Dimmi Amora e Bernardo Gonzaga, da\u00a0Ag\u00eancia iNFRA As negocia\u00e7\u00f5es entre os t\u00e9cnicos dos minist\u00e9rios da Infraestrutura e da Economia sobre o programa BR do Mar, de incentivo \u00e0 cabotagem, chegaram a um impasse. Nenhum dos lados quer\u00a0referendar a posi\u00e7\u00e3o do outro sobre a abertura do mercado de afretamento de navios no Brasil. Pelo menos outros [&hellip;]","og_url":"https:\/\/agenciainfra.com\/blog\/br-do-mar-chega-a-impasse-e-casa-civil-vai-arbitrar-divergencia-entre-economia-e-infraestrutura\/","og_site_name":"Ag\u00eancia iNFRA","article_publisher":"https:\/\/www.facebook.com\/ageninfra","article_published_time":"2019-10-12T11:00:32+00:00","og_image":[{"width":1280,"height":853,"url":"https:\/\/agenciainfra.com\/blog\/wp-content\/uploads\/2019\/10\/navio-carga-dominio-publico.jpg","type":"image\/jpeg"}],"author":"Rodrigo Zuquim","twitter_card":"summary_large_image","twitter_creator":"@agencia_infra","twitter_site":"@agencia_infra","twitter_misc":{"Escrito por":"Rodrigo Zuquim","Est. tempo de leitura":"3 minutos"},"schema":{"@context":"https:\/\/schema.org","@graph":[{"@type":"Article","@id":"https:\/\/agenciainfra.com\/blog\/br-do-mar-chega-a-impasse-e-casa-civil-vai-arbitrar-divergencia-entre-economia-e-infraestrutura\/#article","isPartOf":{"@id":"https:\/\/agenciainfra.com\/blog\/br-do-mar-chega-a-impasse-e-casa-civil-vai-arbitrar-divergencia-entre-economia-e-infraestrutura\/"},"author":{"name":"Rodrigo Zuquim","@id":"https:\/\/agenciainfra.com\/blog\/#\/schema\/person\/04dbb79bd6d8951f063da71f3e4c1eb1"},"headline":"BR do Mar chega a impasse e Casa Civil vai arbitrar diverg\u00eancia entre Economia e Infraestrutura","datePublished":"2019-10-12T11:00:32+00:00","mainEntityOfPage":{"@id":"https:\/\/agenciainfra.com\/blog\/br-do-mar-chega-a-impasse-e-casa-civil-vai-arbitrar-divergencia-entre-economia-e-infraestrutura\/"},"wordCount":704,"publisher":{"@id":"https:\/\/agenciainfra.com\/blog\/#organization"},"image":{"@id":"https:\/\/agenciainfra.com\/blog\/br-do-mar-chega-a-impasse-e-casa-civil-vai-arbitrar-divergencia-entre-economia-e-infraestrutura\/#primaryimage"},"thumbnailUrl":"https:\/\/agenciainfra.com\/blog\/wp-content\/uploads\/2019\/10\/navio-carga-dominio-publico.jpg","keywords":["ABAC","BR do Mar","cabotagem","Carlos Alexandre da Costa","Casa Civil","Cleber Lucas","Minist\u00e9rio da Economia","Minist\u00e9rio da Infraestrutura","Tarc\u00edsio de Freitas"],"articleSection":["iNFRATransporte"],"inLanguage":"pt-BR","copyrightYear":"2019","copyrightHolder":{"@id":"https:\/\/agenciainfra.com\/blog\/#organization"}},{"@type":"WebPage","@id":"https:\/\/agenciainfra.com\/blog\/br-do-mar-chega-a-impasse-e-casa-civil-vai-arbitrar-divergencia-entre-economia-e-infraestrutura\/","url":"https:\/\/agenciainfra.com\/blog\/br-do-mar-chega-a-impasse-e-casa-civil-vai-arbitrar-divergencia-entre-economia-e-infraestrutura\/","name":"BR do Mar chega a impasse e Casa Civil vai arbitrar diverg\u00eancia entre Economia e Infraestrutura - Ag\u00eancia iNFRA","isPartOf":{"@id":"https:\/\/agenciainfra.com\/blog\/#website"},"primaryImageOfPage":{"@id":"https:\/\/agenciainfra.com\/blog\/br-do-mar-chega-a-impasse-e-casa-civil-vai-arbitrar-divergencia-entre-economia-e-infraestrutura\/#primaryimage"},"image":{"@id":"https:\/\/agenciainfra.com\/blog\/br-do-mar-chega-a-impasse-e-casa-civil-vai-arbitrar-divergencia-entre-economia-e-infraestrutura\/#primaryimage"},"thumbnailUrl":"https:\/\/agenciainfra.com\/blog\/wp-content\/uploads\/2019\/10\/navio-carga-dominio-publico.jpg","datePublished":"2019-10-12T11:00:32+00:00","breadcrumb":{"@id":"https:\/\/agenciainfra.com\/blog\/br-do-mar-chega-a-impasse-e-casa-civil-vai-arbitrar-divergencia-entre-economia-e-infraestrutura\/#breadcrumb"},"inLanguage":"pt-BR","potentialAction":[{"@type":"ReadAction","target":["https:\/\/agenciainfra.com\/blog\/br-do-mar-chega-a-impasse-e-casa-civil-vai-arbitrar-divergencia-entre-economia-e-infraestrutura\/"]}]},{"@type":"ImageObject","inLanguage":"pt-BR","@id":"https:\/\/agenciainfra.com\/blog\/br-do-mar-chega-a-impasse-e-casa-civil-vai-arbitrar-divergencia-entre-economia-e-infraestrutura\/#primaryimage","url":"https:\/\/agenciainfra.com\/blog\/wp-content\/uploads\/2019\/10\/navio-carga-dominio-publico.jpg","contentUrl":"https:\/\/agenciainfra.com\/blog\/wp-content\/uploads\/2019\/10\/navio-carga-dominio-publico.jpg","width":1280,"height":853,"caption":"Foto: Dom\u00ednio p\u00fablico"},{"@type":"BreadcrumbList","@id":"https:\/\/agenciainfra.com\/blog\/br-do-mar-chega-a-impasse-e-casa-civil-vai-arbitrar-divergencia-entre-economia-e-infraestrutura\/#breadcrumb","itemListElement":[{"@type":"ListItem","position":1,"name":"In\u00edcio","item":"https:\/\/agenciainfra.com\/blog\/"},{"@type":"ListItem","position":2,"name":"BR do Mar chega a impasse e Casa Civil vai arbitrar diverg\u00eancia entre Economia e Infraestrutura"}]},{"@type":"WebSite","@id":"https:\/\/agenciainfra.com\/blog\/#website","url":"https:\/\/agenciainfra.com\/blog\/","name":"Ag\u00eancia iNFRA","description":"Multiplataforma de informa\u00e7\u00e3o jornal\u00edstica refer\u00eancia na \u00e1rea de infraestrutura no Brasil!","publisher":{"@id":"https:\/\/agenciainfra.com\/blog\/#organization"},"potentialAction":[{"@type":"SearchAction","target":{"@type":"EntryPoint","urlTemplate":"https:\/\/agenciainfra.com\/blog\/?s={search_term_string}"},"query-input":{"@type":"PropertyValueSpecification","valueRequired":true,"valueName":"search_term_string"}}],"inLanguage":"pt-BR"},{"@type":"Organization","@id":"https:\/\/agenciainfra.com\/blog\/#organization","name":"Ag\u00eancia iNFRA","url":"https:\/\/agenciainfra.com\/blog\/","logo":{"@type":"ImageObject","inLanguage":"pt-BR","@id":"https:\/\/agenciainfra.com\/blog\/#\/schema\/logo\/image\/","url":"https:\/\/agenciainfra.com\/blog\/wp-content\/uploads\/2023\/09\/iNFRA_5-e1761735885940.png","contentUrl":"https:\/\/agenciainfra.com\/blog\/wp-content\/uploads\/2023\/09\/iNFRA_5-e1761735885940.png","width":1672,"height":454,"caption":"Ag\u00eancia iNFRA"},"image":{"@id":"https:\/\/agenciainfra.com\/blog\/#\/schema\/logo\/image\/"},"sameAs":["https:\/\/www.facebook.com\/ageninfra","https:\/\/x.com\/agencia_infra","https:\/\/www.linkedin.com\/company\/ag\u00eanciainfra\/","https:\/\/www.instagram.com\/agenciainfra\/"]},{"@type":"Person","@id":"https:\/\/agenciainfra.com\/blog\/#\/schema\/person\/04dbb79bd6d8951f063da71f3e4c1eb1","name":"Rodrigo Zuquim","image":{"@type":"ImageObject","inLanguage":"pt-BR","@id":"https:\/\/agenciainfra.com\/blog\/#\/schema\/person\/image\/","url":"https:\/\/secure.gravatar.com\/avatar\/594abfe82761d620726242ff34ca472a705a4b97f16c790053a6b4c4035274d0?s=96&d=mm&r=g","contentUrl":"https:\/\/secure.gravatar.com\/avatar\/594abfe82761d620726242ff34ca472a705a4b97f16c790053a6b4c4035274d0?s=96&d=mm&r=g","caption":"Rodrigo Zuquim"},"url":"https:\/\/agenciainfra.com\/blog\/author\/rodrigo-zuquim\/"}]}},"_links":{"self":[{"href":"https:\/\/agenciainfra.com\/blog\/wp-json\/wp\/v2\/posts\/3870","targetHints":{"allow":["GET"]}}],"collection":[{"href":"https:\/\/agenciainfra.com\/blog\/wp-json\/wp\/v2\/posts"}],"about":[{"href":"https:\/\/agenciainfra.com\/blog\/wp-json\/wp\/v2\/types\/post"}],"author":[{"embeddable":true,"href":"https:\/\/agenciainfra.com\/blog\/wp-json\/wp\/v2\/users\/9"}],"replies":[{"embeddable":true,"href":"https:\/\/agenciainfra.com\/blog\/wp-json\/wp\/v2\/comments?post=3870"}],"version-history":[{"count":0,"href":"https:\/\/agenciainfra.com\/blog\/wp-json\/wp\/v2\/posts\/3870\/revisions"}],"wp:featuredmedia":[{"embeddable":true,"href":"https:\/\/agenciainfra.com\/blog\/wp-json\/wp\/v2\/media\/3871"}],"wp:attachment":[{"href":"https:\/\/agenciainfra.com\/blog\/wp-json\/wp\/v2\/media?parent=3870"}],"wp:term":[{"taxonomy":"category","embeddable":true,"href":"https:\/\/agenciainfra.com\/blog\/wp-json\/wp\/v2\/categories?post=3870"},{"taxonomy":"post_tag","embeddable":true,"href":"https:\/\/agenciainfra.com\/blog\/wp-json\/wp\/v2\/tags?post=3870"}],"curies":[{"name":"wp","href":"https:\/\/api.w.org\/{rel}","templated":true}]}}