{"id":3876,"date":"2019-10-14T08:00:46","date_gmt":"2019-10-14T11:00:46","guid":{"rendered":"http:\/\/www.agenciainfra.com\/blog\/?p=3876"},"modified":"2019-10-11T14:08:17","modified_gmt":"2019-10-11T17:08:17","slug":"pl-de-autorizacao-ferroviaria-sugere-permitir-que-concessoes-mudem-para-novo-regime","status":"publish","type":"post","link":"https:\/\/agenciainfra.com\/blog\/pl-de-autorizacao-ferroviaria-sugere-permitir-que-concessoes-mudem-para-novo-regime\/","title":{"rendered":"PL de autoriza\u00e7\u00e3o ferrovi\u00e1ria sugere permitir que concess\u00f5es mudem para novo regime"},"content":{"rendered":"<div>\n<h5 style=\"text-align: right;\"><strong>Bernardo Gonzaga, da\u00a0Ag\u00eancia iNFRA<\/strong><\/h5>\n<p>O PLS (projeto de lei do Sendo) 261\/2018, que permite o regime de autoriza\u00e7\u00e3o para implanta\u00e7\u00e3o de ferrovias,\u00a0vai possibilitar tamb\u00e9m que malhas concedidas possam ser transferidas para modalidade de autoriza\u00e7\u00e3o.<\/p>\n<p>Segundo o relator da mat\u00e9ria na Comiss\u00e3o de Infraestrutura do Senado, senador Jean Paul Prates (PT-RN), o seu substitutivo tamb\u00e9m n\u00e3o vai criar restri\u00e7\u00f5es a malhas que possam ou n\u00e3o possam ser autorizadas. Isso significa que, pelo texto, poder\u00e3o ser viabilizadas ferrovias greenfield de grande porte, short lines e at\u00e9 finalizadas ferrovias brownfied que estavam previstas no modelo de concess\u00e3o.<\/p>\n<p>O substitutivo de Paul Prates pretende viabilizar tamb\u00e9m que um outro empreendedor\u00a0que se interesse em transportar outra carga pelo ramal j\u00e1 autorizado e devidamente constru\u00eddo\u00a0possa entrar no empreendimento.<\/p>\n<p>Para isso, seria necess\u00e1ria\u00a0uma negocia\u00e7\u00e3o entre as partes e, se todos concordarem com os pre\u00e7os estabelecidos para o transporte dessa outra carga e os materiais necess\u00e1rios para transport\u00e1-la, \u201c\u00e9 s\u00f3 ele chegar para o governo e pedir a autoriza\u00e7\u00e3o\u201d, disse Prates.<\/p>\n<p>O substitutivo pretende tamb\u00e9m que o operador ferrovi\u00e1rio utilize as \u00e1reas lindeiras da ferrovia para uso comercial em casos de concess\u00e3o ou autoriza\u00e7\u00e3o de transporte de passageiros. Segundo o relator, essa modalidade de transporte ferrovi\u00e1rio \u00e9 pouco rent\u00e1vel e a ideia \u00e9 que o investidor possa usar essas \u00e1reas para conseguir remunera\u00e7\u00e3o ao neg\u00f3cio.<\/p>\n<p>&#8220;Compre p\u00e1tios ou para projetos comerciais, hotelaria, restaurante, armaz\u00e9m. Porque dali ele tira receita para subsidiar o trilho e o trem. Do contr\u00e1rio, o neg\u00f3cio em si, n\u00e3o compensa\u201d, disse.<\/p>\n<p>As mudan\u00e7as promovidas pelo relator\u00a0t\u00eam levado a cr\u00edticas ao texto por agentes do governo e do mercado, de acordo com apura\u00e7\u00e3o da\u00a0<strong>Ag\u00eancia iNFRA<\/strong>\u00a0com pessoas que tiveram acesso ao novo projeto. O Minist\u00e9rio da Infraestrutura tem solicitado altera\u00e7\u00f5es.<\/p>\n<p>Um dos pontos que n\u00e3o est\u00e1 claro no texto \u00e9 como ficar\u00e1 a rela\u00e7\u00e3o entre concession\u00e1rio e autorizat\u00e1rio em casos de uma ferrovia autorizada tirar carga da malha concedida anteriormente e o concession\u00e1rio come\u00e7ar a ter preju\u00edzo.\u00a0Outro ponto de d\u00favida\u00a0\u00e9 sobre a\u00a0viabilidade de grandes projetos greenfield por meio de regime de autoriza\u00e7\u00e3o.<\/p>\n<\/div>\n","protected":false},"excerpt":{"rendered":"<p>Bernardo Gonzaga, da\u00a0Ag\u00eancia iNFRA O PLS (projeto de lei do Sendo) 261\/2018, que permite o regime de autoriza\u00e7\u00e3o para implanta\u00e7\u00e3o de ferrovias,\u00a0vai possibilitar tamb\u00e9m que malhas concedidas possam ser transferidas para modalidade de autoriza\u00e7\u00e3o. Segundo o relator da mat\u00e9ria na Comiss\u00e3o de Infraestrutura do Senado, senador Jean Paul Prates (PT-RN), o seu substitutivo tamb\u00e9m n\u00e3o [&hellip;]<\/p>\n","protected":false},"author":9,"featured_media":3877,"comment_status":"closed","ping_status":"closed","sticky":false,"template":"","format":"standard","meta":{"_monsterinsights_skip_tracking":false,"_monsterinsights_sitenote_active":false,"_monsterinsights_sitenote_note":"","_monsterinsights_sitenote_category":0,"footnotes":""},"categories":[7],"tags":[1350,120,1351,1035],"class_list":["post-3876","post","type-post","status-publish","format-standard","has-post-thumbnail","hentry","category-infratransporte","tag-autorizacao-ferroviaria","tag-ferrovias","tag-jean-paul-prates","tag-pls-261-2018"],"yoast_head":"<!-- This site is optimized with the Yoast SEO Premium plugin v25.4 (Yoast SEO v26.0) - https:\/\/yoast.com\/wordpress\/plugins\/seo\/ -->\n<title>PL de autoriza\u00e7\u00e3o ferrovi\u00e1ria sugere permitir que concess\u00f5es mudem para novo regime - Ag\u00eancia iNFRA<\/title>\n<meta name=\"robots\" content=\"index, follow, max-snippet:-1, max-image-preview:large, max-video-preview:-1\" \/>\n<link rel=\"canonical\" href=\"https:\/\/agenciainfra.com\/blog\/pl-de-autorizacao-ferroviaria-sugere-permitir-que-concessoes-mudem-para-novo-regime\/\" \/>\n<meta property=\"og:locale\" content=\"pt_BR\" \/>\n<meta property=\"og:type\" content=\"article\" \/>\n<meta property=\"og:title\" content=\"PL de autoriza\u00e7\u00e3o ferrovi\u00e1ria sugere permitir que concess\u00f5es mudem para novo regime\" \/>\n<meta property=\"og:description\" content=\"Bernardo Gonzaga, da\u00a0Ag\u00eancia iNFRA O PLS (projeto de lei do Sendo) 261\/2018, que permite o regime de autoriza\u00e7\u00e3o para implanta\u00e7\u00e3o de ferrovias,\u00a0vai possibilitar tamb\u00e9m que malhas concedidas possam ser transferidas para modalidade de autoriza\u00e7\u00e3o. Segundo o relator da mat\u00e9ria na Comiss\u00e3o de Infraestrutura do Senado, senador Jean Paul Prates (PT-RN), o seu substitutivo tamb\u00e9m n\u00e3o [&hellip;]\" \/>\n<meta property=\"og:url\" content=\"https:\/\/agenciainfra.com\/blog\/pl-de-autorizacao-ferroviaria-sugere-permitir-que-concessoes-mudem-para-novo-regime\/\" \/>\n<meta property=\"og:site_name\" content=\"Ag\u00eancia iNFRA\" \/>\n<meta property=\"article:publisher\" content=\"https:\/\/www.facebook.com\/ageninfra\" \/>\n<meta property=\"article:published_time\" content=\"2019-10-14T11:00:46+00:00\" \/>\n<meta property=\"og:image\" content=\"https:\/\/agenciainfra.com\/blog\/wp-content\/uploads\/2019\/10\/jean-paul-prates-pedro-franca-agencia-senado.jpg\" \/>\n\t<meta property=\"og:image:width\" content=\"1280\" \/>\n\t<meta property=\"og:image:height\" content=\"854\" \/>\n\t<meta property=\"og:image:type\" content=\"image\/jpeg\" \/>\n<meta name=\"author\" content=\"Rodrigo Zuquim\" \/>\n<meta name=\"twitter:card\" content=\"summary_large_image\" \/>\n<meta name=\"twitter:creator\" content=\"@agencia_infra\" \/>\n<meta name=\"twitter:site\" content=\"@agencia_infra\" \/>\n<meta name=\"twitter:label1\" content=\"Escrito por\" \/>\n\t<meta name=\"twitter:data1\" content=\"Rodrigo Zuquim\" \/>\n\t<meta name=\"twitter:label2\" content=\"Est. tempo de leitura\" \/>\n\t<meta name=\"twitter:data2\" content=\"2 minutos\" \/>\n<script type=\"application\/ld+json\" class=\"yoast-schema-graph\">{\"@context\":\"https:\/\/schema.org\",\"@graph\":[{\"@type\":\"Article\",\"@id\":\"https:\/\/agenciainfra.com\/blog\/pl-de-autorizacao-ferroviaria-sugere-permitir-que-concessoes-mudem-para-novo-regime\/#article\",\"isPartOf\":{\"@id\":\"https:\/\/agenciainfra.com\/blog\/pl-de-autorizacao-ferroviaria-sugere-permitir-que-concessoes-mudem-para-novo-regime\/\"},\"author\":{\"name\":\"Rodrigo Zuquim\",\"@id\":\"https:\/\/agenciainfra.com\/blog\/#\/schema\/person\/04dbb79bd6d8951f063da71f3e4c1eb1\"},\"headline\":\"PL de autoriza\u00e7\u00e3o ferrovi\u00e1ria sugere permitir que concess\u00f5es mudem para novo regime\",\"datePublished\":\"2019-10-14T11:00:46+00:00\",\"mainEntityOfPage\":{\"@id\":\"https:\/\/agenciainfra.com\/blog\/pl-de-autorizacao-ferroviaria-sugere-permitir-que-concessoes-mudem-para-novo-regime\/\"},\"wordCount\":406,\"publisher\":{\"@id\":\"https:\/\/agenciainfra.com\/blog\/#organization\"},\"image\":{\"@id\":\"https:\/\/agenciainfra.com\/blog\/pl-de-autorizacao-ferroviaria-sugere-permitir-que-concessoes-mudem-para-novo-regime\/#primaryimage\"},\"thumbnailUrl\":\"https:\/\/agenciainfra.com\/blog\/wp-content\/uploads\/2019\/10\/jean-paul-prates-pedro-franca-agencia-senado.jpg\",\"keywords\":[\"autoriza\u00e7\u00e3o ferrovi\u00e1ria\",\"Ferrovias\",\"Jean Paul Prates\",\"PLS 261\/2018\"],\"articleSection\":[\"iNFRATransporte\"],\"inLanguage\":\"pt-BR\",\"copyrightYear\":\"2019\",\"copyrightHolder\":{\"@id\":\"https:\/\/agenciainfra.com\/blog\/#organization\"}},{\"@type\":\"WebPage\",\"@id\":\"https:\/\/agenciainfra.com\/blog\/pl-de-autorizacao-ferroviaria-sugere-permitir-que-concessoes-mudem-para-novo-regime\/\",\"url\":\"https:\/\/agenciainfra.com\/blog\/pl-de-autorizacao-ferroviaria-sugere-permitir-que-concessoes-mudem-para-novo-regime\/\",\"name\":\"PL de autoriza\u00e7\u00e3o ferrovi\u00e1ria sugere permitir que concess\u00f5es mudem para novo regime - Ag\u00eancia iNFRA\",\"isPartOf\":{\"@id\":\"https:\/\/agenciainfra.com\/blog\/#website\"},\"primaryImageOfPage\":{\"@id\":\"https:\/\/agenciainfra.com\/blog\/pl-de-autorizacao-ferroviaria-sugere-permitir-que-concessoes-mudem-para-novo-regime\/#primaryimage\"},\"image\":{\"@id\":\"https:\/\/agenciainfra.com\/blog\/pl-de-autorizacao-ferroviaria-sugere-permitir-que-concessoes-mudem-para-novo-regime\/#primaryimage\"},\"thumbnailUrl\":\"https:\/\/agenciainfra.com\/blog\/wp-content\/uploads\/2019\/10\/jean-paul-prates-pedro-franca-agencia-senado.jpg\",\"datePublished\":\"2019-10-14T11:00:46+00:00\",\"breadcrumb\":{\"@id\":\"https:\/\/agenciainfra.com\/blog\/pl-de-autorizacao-ferroviaria-sugere-permitir-que-concessoes-mudem-para-novo-regime\/#breadcrumb\"},\"inLanguage\":\"pt-BR\",\"potentialAction\":[{\"@type\":\"ReadAction\",\"target\":[\"https:\/\/agenciainfra.com\/blog\/pl-de-autorizacao-ferroviaria-sugere-permitir-que-concessoes-mudem-para-novo-regime\/\"]}]},{\"@type\":\"ImageObject\",\"inLanguage\":\"pt-BR\",\"@id\":\"https:\/\/agenciainfra.com\/blog\/pl-de-autorizacao-ferroviaria-sugere-permitir-que-concessoes-mudem-para-novo-regime\/#primaryimage\",\"url\":\"https:\/\/agenciainfra.com\/blog\/wp-content\/uploads\/2019\/10\/jean-paul-prates-pedro-franca-agencia-senado.jpg\",\"contentUrl\":\"https:\/\/agenciainfra.com\/blog\/wp-content\/uploads\/2019\/10\/jean-paul-prates-pedro-franca-agencia-senado.jpg\",\"width\":1280,\"height\":854},{\"@type\":\"BreadcrumbList\",\"@id\":\"https:\/\/agenciainfra.com\/blog\/pl-de-autorizacao-ferroviaria-sugere-permitir-que-concessoes-mudem-para-novo-regime\/#breadcrumb\",\"itemListElement\":[{\"@type\":\"ListItem\",\"position\":1,\"name\":\"In\u00edcio\",\"item\":\"https:\/\/agenciainfra.com\/blog\/\"},{\"@type\":\"ListItem\",\"position\":2,\"name\":\"PL de autoriza\u00e7\u00e3o ferrovi\u00e1ria sugere permitir que concess\u00f5es mudem para novo regime\"}]},{\"@type\":\"WebSite\",\"@id\":\"https:\/\/agenciainfra.com\/blog\/#website\",\"url\":\"https:\/\/agenciainfra.com\/blog\/\",\"name\":\"Ag\u00eancia iNFRA\",\"description\":\"Multiplataforma de informa\u00e7\u00e3o jornal\u00edstica refer\u00eancia na \u00e1rea de infraestrutura no Brasil!\",\"publisher\":{\"@id\":\"https:\/\/agenciainfra.com\/blog\/#organization\"},\"potentialAction\":[{\"@type\":\"SearchAction\",\"target\":{\"@type\":\"EntryPoint\",\"urlTemplate\":\"https:\/\/agenciainfra.com\/blog\/?s={search_term_string}\"},\"query-input\":{\"@type\":\"PropertyValueSpecification\",\"valueRequired\":true,\"valueName\":\"search_term_string\"}}],\"inLanguage\":\"pt-BR\"},{\"@type\":\"Organization\",\"@id\":\"https:\/\/agenciainfra.com\/blog\/#organization\",\"name\":\"Ag\u00eancia iNFRA\",\"url\":\"https:\/\/agenciainfra.com\/blog\/\",\"logo\":{\"@type\":\"ImageObject\",\"inLanguage\":\"pt-BR\",\"@id\":\"https:\/\/agenciainfra.com\/blog\/#\/schema\/logo\/image\/\",\"url\":\"https:\/\/agenciainfra.com\/blog\/wp-content\/uploads\/2023\/09\/iNFRA_5-e1761735885940.png\",\"contentUrl\":\"https:\/\/agenciainfra.com\/blog\/wp-content\/uploads\/2023\/09\/iNFRA_5-e1761735885940.png\",\"width\":1672,\"height\":454,\"caption\":\"Ag\u00eancia iNFRA\"},\"image\":{\"@id\":\"https:\/\/agenciainfra.com\/blog\/#\/schema\/logo\/image\/\"},\"sameAs\":[\"https:\/\/www.facebook.com\/ageninfra\",\"https:\/\/x.com\/agencia_infra\",\"https:\/\/www.linkedin.com\/company\/ag\u00eanciainfra\/\",\"https:\/\/www.instagram.com\/agenciainfra\/\"]},{\"@type\":\"Person\",\"@id\":\"https:\/\/agenciainfra.com\/blog\/#\/schema\/person\/04dbb79bd6d8951f063da71f3e4c1eb1\",\"name\":\"Rodrigo Zuquim\",\"image\":{\"@type\":\"ImageObject\",\"inLanguage\":\"pt-BR\",\"@id\":\"https:\/\/agenciainfra.com\/blog\/#\/schema\/person\/image\/\",\"url\":\"https:\/\/secure.gravatar.com\/avatar\/594abfe82761d620726242ff34ca472a705a4b97f16c790053a6b4c4035274d0?s=96&d=mm&r=g\",\"contentUrl\":\"https:\/\/secure.gravatar.com\/avatar\/594abfe82761d620726242ff34ca472a705a4b97f16c790053a6b4c4035274d0?s=96&d=mm&r=g\",\"caption\":\"Rodrigo Zuquim\"},\"url\":\"https:\/\/agenciainfra.com\/blog\/author\/rodrigo-zuquim\/\"}]}<\/script>\n<!-- \/ Yoast SEO Premium plugin. -->","yoast_head_json":{"title":"PL de autoriza\u00e7\u00e3o ferrovi\u00e1ria sugere permitir que concess\u00f5es mudem para novo regime - Ag\u00eancia iNFRA","robots":{"index":"index","follow":"follow","max-snippet":"max-snippet:-1","max-image-preview":"max-image-preview:large","max-video-preview":"max-video-preview:-1"},"canonical":"https:\/\/agenciainfra.com\/blog\/pl-de-autorizacao-ferroviaria-sugere-permitir-que-concessoes-mudem-para-novo-regime\/","og_locale":"pt_BR","og_type":"article","og_title":"PL de autoriza\u00e7\u00e3o ferrovi\u00e1ria sugere permitir que concess\u00f5es mudem para novo regime","og_description":"Bernardo Gonzaga, da\u00a0Ag\u00eancia iNFRA O PLS (projeto de lei do Sendo) 261\/2018, que permite o regime de autoriza\u00e7\u00e3o para implanta\u00e7\u00e3o de ferrovias,\u00a0vai possibilitar tamb\u00e9m que malhas concedidas possam ser transferidas para modalidade de autoriza\u00e7\u00e3o. Segundo o relator da mat\u00e9ria na Comiss\u00e3o de Infraestrutura do Senado, senador Jean Paul Prates (PT-RN), o seu substitutivo tamb\u00e9m n\u00e3o [&hellip;]","og_url":"https:\/\/agenciainfra.com\/blog\/pl-de-autorizacao-ferroviaria-sugere-permitir-que-concessoes-mudem-para-novo-regime\/","og_site_name":"Ag\u00eancia iNFRA","article_publisher":"https:\/\/www.facebook.com\/ageninfra","article_published_time":"2019-10-14T11:00:46+00:00","og_image":[{"width":1280,"height":854,"url":"https:\/\/agenciainfra.com\/blog\/wp-content\/uploads\/2019\/10\/jean-paul-prates-pedro-franca-agencia-senado.jpg","type":"image\/jpeg"}],"author":"Rodrigo Zuquim","twitter_card":"summary_large_image","twitter_creator":"@agencia_infra","twitter_site":"@agencia_infra","twitter_misc":{"Escrito por":"Rodrigo Zuquim","Est. tempo de leitura":"2 minutos"},"schema":{"@context":"https:\/\/schema.org","@graph":[{"@type":"Article","@id":"https:\/\/agenciainfra.com\/blog\/pl-de-autorizacao-ferroviaria-sugere-permitir-que-concessoes-mudem-para-novo-regime\/#article","isPartOf":{"@id":"https:\/\/agenciainfra.com\/blog\/pl-de-autorizacao-ferroviaria-sugere-permitir-que-concessoes-mudem-para-novo-regime\/"},"author":{"name":"Rodrigo Zuquim","@id":"https:\/\/agenciainfra.com\/blog\/#\/schema\/person\/04dbb79bd6d8951f063da71f3e4c1eb1"},"headline":"PL de autoriza\u00e7\u00e3o ferrovi\u00e1ria sugere permitir que concess\u00f5es mudem para novo regime","datePublished":"2019-10-14T11:00:46+00:00","mainEntityOfPage":{"@id":"https:\/\/agenciainfra.com\/blog\/pl-de-autorizacao-ferroviaria-sugere-permitir-que-concessoes-mudem-para-novo-regime\/"},"wordCount":406,"publisher":{"@id":"https:\/\/agenciainfra.com\/blog\/#organization"},"image":{"@id":"https:\/\/agenciainfra.com\/blog\/pl-de-autorizacao-ferroviaria-sugere-permitir-que-concessoes-mudem-para-novo-regime\/#primaryimage"},"thumbnailUrl":"https:\/\/agenciainfra.com\/blog\/wp-content\/uploads\/2019\/10\/jean-paul-prates-pedro-franca-agencia-senado.jpg","keywords":["autoriza\u00e7\u00e3o ferrovi\u00e1ria","Ferrovias","Jean Paul Prates","PLS 261\/2018"],"articleSection":["iNFRATransporte"],"inLanguage":"pt-BR","copyrightYear":"2019","copyrightHolder":{"@id":"https:\/\/agenciainfra.com\/blog\/#organization"}},{"@type":"WebPage","@id":"https:\/\/agenciainfra.com\/blog\/pl-de-autorizacao-ferroviaria-sugere-permitir-que-concessoes-mudem-para-novo-regime\/","url":"https:\/\/agenciainfra.com\/blog\/pl-de-autorizacao-ferroviaria-sugere-permitir-que-concessoes-mudem-para-novo-regime\/","name":"PL de autoriza\u00e7\u00e3o ferrovi\u00e1ria sugere permitir que concess\u00f5es mudem para novo regime - Ag\u00eancia iNFRA","isPartOf":{"@id":"https:\/\/agenciainfra.com\/blog\/#website"},"primaryImageOfPage":{"@id":"https:\/\/agenciainfra.com\/blog\/pl-de-autorizacao-ferroviaria-sugere-permitir-que-concessoes-mudem-para-novo-regime\/#primaryimage"},"image":{"@id":"https:\/\/agenciainfra.com\/blog\/pl-de-autorizacao-ferroviaria-sugere-permitir-que-concessoes-mudem-para-novo-regime\/#primaryimage"},"thumbnailUrl":"https:\/\/agenciainfra.com\/blog\/wp-content\/uploads\/2019\/10\/jean-paul-prates-pedro-franca-agencia-senado.jpg","datePublished":"2019-10-14T11:00:46+00:00","breadcrumb":{"@id":"https:\/\/agenciainfra.com\/blog\/pl-de-autorizacao-ferroviaria-sugere-permitir-que-concessoes-mudem-para-novo-regime\/#breadcrumb"},"inLanguage":"pt-BR","potentialAction":[{"@type":"ReadAction","target":["https:\/\/agenciainfra.com\/blog\/pl-de-autorizacao-ferroviaria-sugere-permitir-que-concessoes-mudem-para-novo-regime\/"]}]},{"@type":"ImageObject","inLanguage":"pt-BR","@id":"https:\/\/agenciainfra.com\/blog\/pl-de-autorizacao-ferroviaria-sugere-permitir-que-concessoes-mudem-para-novo-regime\/#primaryimage","url":"https:\/\/agenciainfra.com\/blog\/wp-content\/uploads\/2019\/10\/jean-paul-prates-pedro-franca-agencia-senado.jpg","contentUrl":"https:\/\/agenciainfra.com\/blog\/wp-content\/uploads\/2019\/10\/jean-paul-prates-pedro-franca-agencia-senado.jpg","width":1280,"height":854},{"@type":"BreadcrumbList","@id":"https:\/\/agenciainfra.com\/blog\/pl-de-autorizacao-ferroviaria-sugere-permitir-que-concessoes-mudem-para-novo-regime\/#breadcrumb","itemListElement":[{"@type":"ListItem","position":1,"name":"In\u00edcio","item":"https:\/\/agenciainfra.com\/blog\/"},{"@type":"ListItem","position":2,"name":"PL de autoriza\u00e7\u00e3o ferrovi\u00e1ria sugere permitir que concess\u00f5es mudem para novo regime"}]},{"@type":"WebSite","@id":"https:\/\/agenciainfra.com\/blog\/#website","url":"https:\/\/agenciainfra.com\/blog\/","name":"Ag\u00eancia iNFRA","description":"Multiplataforma de informa\u00e7\u00e3o jornal\u00edstica refer\u00eancia na \u00e1rea de infraestrutura no Brasil!","publisher":{"@id":"https:\/\/agenciainfra.com\/blog\/#organization"},"potentialAction":[{"@type":"SearchAction","target":{"@type":"EntryPoint","urlTemplate":"https:\/\/agenciainfra.com\/blog\/?s={search_term_string}"},"query-input":{"@type":"PropertyValueSpecification","valueRequired":true,"valueName":"search_term_string"}}],"inLanguage":"pt-BR"},{"@type":"Organization","@id":"https:\/\/agenciainfra.com\/blog\/#organization","name":"Ag\u00eancia iNFRA","url":"https:\/\/agenciainfra.com\/blog\/","logo":{"@type":"ImageObject","inLanguage":"pt-BR","@id":"https:\/\/agenciainfra.com\/blog\/#\/schema\/logo\/image\/","url":"https:\/\/agenciainfra.com\/blog\/wp-content\/uploads\/2023\/09\/iNFRA_5-e1761735885940.png","contentUrl":"https:\/\/agenciainfra.com\/blog\/wp-content\/uploads\/2023\/09\/iNFRA_5-e1761735885940.png","width":1672,"height":454,"caption":"Ag\u00eancia iNFRA"},"image":{"@id":"https:\/\/agenciainfra.com\/blog\/#\/schema\/logo\/image\/"},"sameAs":["https:\/\/www.facebook.com\/ageninfra","https:\/\/x.com\/agencia_infra","https:\/\/www.linkedin.com\/company\/ag\u00eanciainfra\/","https:\/\/www.instagram.com\/agenciainfra\/"]},{"@type":"Person","@id":"https:\/\/agenciainfra.com\/blog\/#\/schema\/person\/04dbb79bd6d8951f063da71f3e4c1eb1","name":"Rodrigo Zuquim","image":{"@type":"ImageObject","inLanguage":"pt-BR","@id":"https:\/\/agenciainfra.com\/blog\/#\/schema\/person\/image\/","url":"https:\/\/secure.gravatar.com\/avatar\/594abfe82761d620726242ff34ca472a705a4b97f16c790053a6b4c4035274d0?s=96&d=mm&r=g","contentUrl":"https:\/\/secure.gravatar.com\/avatar\/594abfe82761d620726242ff34ca472a705a4b97f16c790053a6b4c4035274d0?s=96&d=mm&r=g","caption":"Rodrigo Zuquim"},"url":"https:\/\/agenciainfra.com\/blog\/author\/rodrigo-zuquim\/"}]}},"_links":{"self":[{"href":"https:\/\/agenciainfra.com\/blog\/wp-json\/wp\/v2\/posts\/3876","targetHints":{"allow":["GET"]}}],"collection":[{"href":"https:\/\/agenciainfra.com\/blog\/wp-json\/wp\/v2\/posts"}],"about":[{"href":"https:\/\/agenciainfra.com\/blog\/wp-json\/wp\/v2\/types\/post"}],"author":[{"embeddable":true,"href":"https:\/\/agenciainfra.com\/blog\/wp-json\/wp\/v2\/users\/9"}],"replies":[{"embeddable":true,"href":"https:\/\/agenciainfra.com\/blog\/wp-json\/wp\/v2\/comments?post=3876"}],"version-history":[{"count":0,"href":"https:\/\/agenciainfra.com\/blog\/wp-json\/wp\/v2\/posts\/3876\/revisions"}],"wp:featuredmedia":[{"embeddable":true,"href":"https:\/\/agenciainfra.com\/blog\/wp-json\/wp\/v2\/media\/3877"}],"wp:attachment":[{"href":"https:\/\/agenciainfra.com\/blog\/wp-json\/wp\/v2\/media?parent=3876"}],"wp:term":[{"taxonomy":"category","embeddable":true,"href":"https:\/\/agenciainfra.com\/blog\/wp-json\/wp\/v2\/categories?post=3876"},{"taxonomy":"post_tag","embeddable":true,"href":"https:\/\/agenciainfra.com\/blog\/wp-json\/wp\/v2\/tags?post=3876"}],"curies":[{"name":"wp","href":"https:\/\/api.w.org\/{rel}","templated":true}]}}