{"id":3927,"date":"2019-10-25T08:00:07","date_gmt":"2019-10-25T11:00:07","guid":{"rendered":"http:\/\/www.agenciainfra.com\/blog\/?p=3927"},"modified":"2019-10-24T12:19:45","modified_gmt":"2019-10-24T15:19:45","slug":"reajustes-medios-das-tarifas-de-energia-estao-abaixo-de-3-neste-ano-diz-aneel","status":"publish","type":"post","link":"https:\/\/agenciainfra.com\/blog\/reajustes-medios-das-tarifas-de-energia-estao-abaixo-de-3-neste-ano-diz-aneel\/","title":{"rendered":"Reajustes m\u00e9dios das tarifas de energia est\u00e3o abaixo de 3% neste ano, diz ANEEL"},"content":{"rendered":"<h5 style=\"text-align: right;\"><strong>Lucas Santin,\u00a0da Ag\u00eancia iNFRA<\/strong><\/h5>\n<p dir=\"ltr\">O diretor-geral da ANEEL (Ag\u00eancia Nacional de Energia El\u00e9trica), Andr\u00e9 Pepitone, disse na \u00faltima ter\u00e7a-feira (22) que a m\u00e9dia dos reajustes tarif\u00e1rios aprovados pela ag\u00eancia neste ano est\u00e1 abaixo de 3%, contra uma m\u00e9dia de mais de 10% em 2018.<\/p>\n<p>Em reuni\u00e3o da diretoria da ag\u00eancia, foi aprovada a redu\u00e7\u00e3o das tarifas de tr\u00eas concession\u00e1rias: Enel Goi\u00e1s, com queda m\u00e9dia nas tarifas de 3,90%; CPFL Piratininga, com queda de 7,80%; e EDP S\u00e3o Paulo, com\u00a05,33% de redu\u00e7\u00e3o.<\/p>\n<p>Para o diretor-geral, a queda das tarifas \u00e9 fruto principalmente da antecipa\u00e7\u00e3o do pagamento da conta ACR.\u00a0\u201cDiria a voc\u00ea que \u00e9 um combate ao subs\u00eddio. A ag\u00eancia alocar risco em quem tem capacidade de alocar risco\u201d, explicou.<\/p>\n<p>A conta ACR foi quitada em setembro do ano passado. Trata-se de um empr\u00e9stimo de R$ 21 bilh\u00f5es feito em 2014 para ser pago at\u00e9 abril de 2020. Com o pagamento antecipado, cerca de R$ 8 bilh\u00f5es foram retirados das contas de luz. Essa redu\u00e7\u00e3o corresponde a uma redu\u00e7\u00e3o nas tarifas de 3,62% em 2019 e 1,2% em 2020.<\/p>\n<p><strong>Queda nos encargos setoriais<\/strong><br \/>\nNo caso das concession\u00e1rias que tiveram queda nos pre\u00e7os nesta ter\u00e7a, o principal fator foi a diminui\u00e7\u00e3o dos encargos setoriais. Na Piratininga houve uma redu\u00e7\u00e3o de 6,68%; na Enel Goi\u00e1s, de 6,42%; e na EDP, de 6%.<\/p>\n<p>Pepitone destacou tamb\u00e9m os impactos nas tarifas do decreto 9.642\/2018, que prev\u00ea diminui\u00e7\u00e3o dos subs\u00eddios para irriga\u00e7\u00e3o e empresas de saneamento, que s\u00e3o custeados pelos outros consumidores de eletricidade.<\/p>\n<p>\u201cEstamos buscando mais a\u00e7\u00f5es para que a gente consiga continuar com essa tend\u00eancia em 2020. Agora mesmo est\u00e1 em estudo na casa a quita\u00e7\u00e3o antecipada de contratos de t\u00e9rmicas com CVU (Custo Vari\u00e1vel Unit\u00e1rio) muito elevado, que poder\u00e1 trazer benef\u00edcios reais para o consumidor ao longo de 2020 e somar ao esfor\u00e7o que foi feito em 2019.\u201d<\/p>\n<p><strong>Gera\u00e7\u00e3o distribu\u00edda<\/strong><br \/>\nAndr\u00e9 Pepitone comentou a discuss\u00e3o acerca do desenvolvimento da gera\u00e7\u00e3o distribu\u00edda no Brasil. O Minist\u00e9rio da Economia fez um estudo sobre os subs\u00eddios a quem utiliza essa modalidade. \u201cOlha, foi uma manifesta\u00e7\u00e3o muito importante\u201d, disse.<\/p>\n<p>Segundo o diretor-geral, a expans\u00e3o da gera\u00e7\u00e3o distribu\u00edda \u00e9 positiva, mas precisa de aten\u00e7\u00e3o. \u201cN\u00e3o \u00e9 razo\u00e1vel que os consumidores de baixo poder aquisitivo paguem a conta dos consumidores que t\u00eam painel solar.\u201d<\/p>\n<p>Quem tem pain\u00e9is solares em casa n\u00e3o paga pelo uso da rede de distribui\u00e7\u00e3o, apesar de tamb\u00e9m us\u00e1-la. Por isso, a ANEEL defende que o usu\u00e1rio de gera\u00e7\u00e3o distribu\u00edda n\u00e3o tenha mais subs\u00eddios. \u201cAfinal de contas, o sol \u00e9 para todos e a rede \u00e9 para quem paga\u201d, disse Pepitone.<\/p>\n","protected":false},"excerpt":{"rendered":"<p>Lucas Santin,\u00a0da Ag\u00eancia iNFRA O diretor-geral da ANEEL (Ag\u00eancia Nacional de Energia El\u00e9trica), Andr\u00e9 Pepitone, disse na \u00faltima ter\u00e7a-feira (22) que a m\u00e9dia dos reajustes tarif\u00e1rios aprovados pela ag\u00eancia neste ano est\u00e1 abaixo de 3%, contra uma m\u00e9dia de mais de 10% em 2018. Em reuni\u00e3o da diretoria da ag\u00eancia, foi aprovada a redu\u00e7\u00e3o das [&hellip;]<\/p>\n","protected":false},"author":9,"featured_media":3928,"comment_status":"closed","ping_status":"closed","sticky":false,"template":"","format":"standard","meta":{"_monsterinsights_skip_tracking":false,"_monsterinsights_sitenote_active":false,"_monsterinsights_sitenote_note":"","_monsterinsights_sitenote_category":0,"footnotes":""},"categories":[10],"tags":[820,53,1387,1388,1184,1386],"class_list":["post-3927","post","type-post","status-publish","format-standard","has-post-thumbnail","hentry","category-infraenergia","tag-andre-pepitone","tag-aneel","tag-cpfl-piratininga","tag-edp-sao-paulo","tag-enel-goias","tag-tarifas-de-energia"],"yoast_head":"<!-- This site is optimized with the Yoast SEO Premium plugin v25.4 (Yoast SEO v26.0) - https:\/\/yoast.com\/wordpress\/plugins\/seo\/ -->\n<title>Reajustes m\u00e9dios das tarifas de energia est\u00e3o abaixo de 3% neste ano, diz ANEEL - Ag\u00eancia iNFRA<\/title>\n<meta name=\"robots\" content=\"index, follow, max-snippet:-1, max-image-preview:large, max-video-preview:-1\" \/>\n<link rel=\"canonical\" href=\"https:\/\/agenciainfra.com\/blog\/reajustes-medios-das-tarifas-de-energia-estao-abaixo-de-3-neste-ano-diz-aneel\/\" \/>\n<meta property=\"og:locale\" content=\"pt_BR\" \/>\n<meta property=\"og:type\" content=\"article\" \/>\n<meta property=\"og:title\" content=\"Reajustes m\u00e9dios das tarifas de energia est\u00e3o abaixo de 3% neste ano, diz ANEEL\" \/>\n<meta property=\"og:description\" content=\"Lucas Santin,\u00a0da Ag\u00eancia iNFRA O diretor-geral da ANEEL (Ag\u00eancia Nacional de Energia El\u00e9trica), Andr\u00e9 Pepitone, disse na \u00faltima ter\u00e7a-feira (22) que a m\u00e9dia dos reajustes tarif\u00e1rios aprovados pela ag\u00eancia neste ano est\u00e1 abaixo de 3%, contra uma m\u00e9dia de mais de 10% em 2018. Em reuni\u00e3o da diretoria da ag\u00eancia, foi aprovada a redu\u00e7\u00e3o das [&hellip;]\" \/>\n<meta property=\"og:url\" content=\"https:\/\/agenciainfra.com\/blog\/reajustes-medios-das-tarifas-de-energia-estao-abaixo-de-3-neste-ano-diz-aneel\/\" \/>\n<meta property=\"og:site_name\" content=\"Ag\u00eancia iNFRA\" \/>\n<meta property=\"article:publisher\" content=\"https:\/\/www.facebook.com\/ageninfra\" \/>\n<meta property=\"article:published_time\" content=\"2019-10-25T11:00:07+00:00\" \/>\n<meta property=\"og:image\" content=\"https:\/\/agenciainfra.com\/blog\/wp-content\/uploads\/2019\/10\/luz-lampada-dominio-publico.jpg\" \/>\n\t<meta property=\"og:image:width\" content=\"1280\" \/>\n\t<meta property=\"og:image:height\" content=\"853\" \/>\n\t<meta property=\"og:image:type\" content=\"image\/jpeg\" \/>\n<meta name=\"author\" content=\"Rodrigo Zuquim\" \/>\n<meta name=\"twitter:card\" content=\"summary_large_image\" \/>\n<meta name=\"twitter:creator\" content=\"@agencia_infra\" \/>\n<meta name=\"twitter:site\" content=\"@agencia_infra\" \/>\n<meta name=\"twitter:label1\" content=\"Escrito por\" \/>\n\t<meta name=\"twitter:data1\" content=\"Rodrigo Zuquim\" \/>\n\t<meta name=\"twitter:label2\" content=\"Est. tempo de leitura\" \/>\n\t<meta name=\"twitter:data2\" content=\"2 minutos\" \/>\n<script type=\"application\/ld+json\" class=\"yoast-schema-graph\">{\"@context\":\"https:\/\/schema.org\",\"@graph\":[{\"@type\":\"Article\",\"@id\":\"https:\/\/agenciainfra.com\/blog\/reajustes-medios-das-tarifas-de-energia-estao-abaixo-de-3-neste-ano-diz-aneel\/#article\",\"isPartOf\":{\"@id\":\"https:\/\/agenciainfra.com\/blog\/reajustes-medios-das-tarifas-de-energia-estao-abaixo-de-3-neste-ano-diz-aneel\/\"},\"author\":{\"name\":\"Rodrigo Zuquim\",\"@id\":\"https:\/\/agenciainfra.com\/blog\/#\/schema\/person\/04dbb79bd6d8951f063da71f3e4c1eb1\"},\"headline\":\"Reajustes m\u00e9dios das tarifas de energia est\u00e3o abaixo de 3% neste ano, diz ANEEL\",\"datePublished\":\"2019-10-25T11:00:07+00:00\",\"mainEntityOfPage\":{\"@id\":\"https:\/\/agenciainfra.com\/blog\/reajustes-medios-das-tarifas-de-energia-estao-abaixo-de-3-neste-ano-diz-aneel\/\"},\"wordCount\":483,\"publisher\":{\"@id\":\"https:\/\/agenciainfra.com\/blog\/#organization\"},\"image\":{\"@id\":\"https:\/\/agenciainfra.com\/blog\/reajustes-medios-das-tarifas-de-energia-estao-abaixo-de-3-neste-ano-diz-aneel\/#primaryimage\"},\"thumbnailUrl\":\"https:\/\/agenciainfra.com\/blog\/wp-content\/uploads\/2019\/10\/luz-lampada-dominio-publico.jpg\",\"keywords\":[\"Andr\u00e9 Pepitone\",\"ANEEL\",\"CPFL Piratininga\",\"EDP S\u00e3o Paulo\",\"Enel Goi\u00e1s\",\"tarifas de energia\"],\"articleSection\":[\"iNFRAEnergia\"],\"inLanguage\":\"pt-BR\",\"copyrightYear\":\"2019\",\"copyrightHolder\":{\"@id\":\"https:\/\/agenciainfra.com\/blog\/#organization\"}},{\"@type\":\"WebPage\",\"@id\":\"https:\/\/agenciainfra.com\/blog\/reajustes-medios-das-tarifas-de-energia-estao-abaixo-de-3-neste-ano-diz-aneel\/\",\"url\":\"https:\/\/agenciainfra.com\/blog\/reajustes-medios-das-tarifas-de-energia-estao-abaixo-de-3-neste-ano-diz-aneel\/\",\"name\":\"Reajustes m\u00e9dios das tarifas de energia est\u00e3o abaixo de 3% neste ano, diz ANEEL - Ag\u00eancia iNFRA\",\"isPartOf\":{\"@id\":\"https:\/\/agenciainfra.com\/blog\/#website\"},\"primaryImageOfPage\":{\"@id\":\"https:\/\/agenciainfra.com\/blog\/reajustes-medios-das-tarifas-de-energia-estao-abaixo-de-3-neste-ano-diz-aneel\/#primaryimage\"},\"image\":{\"@id\":\"https:\/\/agenciainfra.com\/blog\/reajustes-medios-das-tarifas-de-energia-estao-abaixo-de-3-neste-ano-diz-aneel\/#primaryimage\"},\"thumbnailUrl\":\"https:\/\/agenciainfra.com\/blog\/wp-content\/uploads\/2019\/10\/luz-lampada-dominio-publico.jpg\",\"datePublished\":\"2019-10-25T11:00:07+00:00\",\"breadcrumb\":{\"@id\":\"https:\/\/agenciainfra.com\/blog\/reajustes-medios-das-tarifas-de-energia-estao-abaixo-de-3-neste-ano-diz-aneel\/#breadcrumb\"},\"inLanguage\":\"pt-BR\",\"potentialAction\":[{\"@type\":\"ReadAction\",\"target\":[\"https:\/\/agenciainfra.com\/blog\/reajustes-medios-das-tarifas-de-energia-estao-abaixo-de-3-neste-ano-diz-aneel\/\"]}]},{\"@type\":\"ImageObject\",\"inLanguage\":\"pt-BR\",\"@id\":\"https:\/\/agenciainfra.com\/blog\/reajustes-medios-das-tarifas-de-energia-estao-abaixo-de-3-neste-ano-diz-aneel\/#primaryimage\",\"url\":\"https:\/\/agenciainfra.com\/blog\/wp-content\/uploads\/2019\/10\/luz-lampada-dominio-publico.jpg\",\"contentUrl\":\"https:\/\/agenciainfra.com\/blog\/wp-content\/uploads\/2019\/10\/luz-lampada-dominio-publico.jpg\",\"width\":1280,\"height\":853,\"caption\":\"Foto: Dom\u00ednio p\u00fablico\"},{\"@type\":\"BreadcrumbList\",\"@id\":\"https:\/\/agenciainfra.com\/blog\/reajustes-medios-das-tarifas-de-energia-estao-abaixo-de-3-neste-ano-diz-aneel\/#breadcrumb\",\"itemListElement\":[{\"@type\":\"ListItem\",\"position\":1,\"name\":\"In\u00edcio\",\"item\":\"https:\/\/agenciainfra.com\/blog\/\"},{\"@type\":\"ListItem\",\"position\":2,\"name\":\"Reajustes m\u00e9dios das tarifas de energia est\u00e3o abaixo de 3% neste ano, diz ANEEL\"}]},{\"@type\":\"WebSite\",\"@id\":\"https:\/\/agenciainfra.com\/blog\/#website\",\"url\":\"https:\/\/agenciainfra.com\/blog\/\",\"name\":\"Ag\u00eancia iNFRA\",\"description\":\"Multiplataforma de informa\u00e7\u00e3o jornal\u00edstica refer\u00eancia na \u00e1rea de infraestrutura no Brasil!\",\"publisher\":{\"@id\":\"https:\/\/agenciainfra.com\/blog\/#organization\"},\"potentialAction\":[{\"@type\":\"SearchAction\",\"target\":{\"@type\":\"EntryPoint\",\"urlTemplate\":\"https:\/\/agenciainfra.com\/blog\/?s={search_term_string}\"},\"query-input\":{\"@type\":\"PropertyValueSpecification\",\"valueRequired\":true,\"valueName\":\"search_term_string\"}}],\"inLanguage\":\"pt-BR\"},{\"@type\":\"Organization\",\"@id\":\"https:\/\/agenciainfra.com\/blog\/#organization\",\"name\":\"Ag\u00eancia iNFRA\",\"url\":\"https:\/\/agenciainfra.com\/blog\/\",\"logo\":{\"@type\":\"ImageObject\",\"inLanguage\":\"pt-BR\",\"@id\":\"https:\/\/agenciainfra.com\/blog\/#\/schema\/logo\/image\/\",\"url\":\"https:\/\/agenciainfra.com\/blog\/wp-content\/uploads\/2023\/09\/iNFRA_5-e1761735885940.png\",\"contentUrl\":\"https:\/\/agenciainfra.com\/blog\/wp-content\/uploads\/2023\/09\/iNFRA_5-e1761735885940.png\",\"width\":1672,\"height\":454,\"caption\":\"Ag\u00eancia iNFRA\"},\"image\":{\"@id\":\"https:\/\/agenciainfra.com\/blog\/#\/schema\/logo\/image\/\"},\"sameAs\":[\"https:\/\/www.facebook.com\/ageninfra\",\"https:\/\/x.com\/agencia_infra\",\"https:\/\/www.linkedin.com\/company\/ag\u00eanciainfra\/\",\"https:\/\/www.instagram.com\/agenciainfra\/\"]},{\"@type\":\"Person\",\"@id\":\"https:\/\/agenciainfra.com\/blog\/#\/schema\/person\/04dbb79bd6d8951f063da71f3e4c1eb1\",\"name\":\"Rodrigo Zuquim\",\"image\":{\"@type\":\"ImageObject\",\"inLanguage\":\"pt-BR\",\"@id\":\"https:\/\/agenciainfra.com\/blog\/#\/schema\/person\/image\/\",\"url\":\"https:\/\/secure.gravatar.com\/avatar\/594abfe82761d620726242ff34ca472a705a4b97f16c790053a6b4c4035274d0?s=96&d=mm&r=g\",\"contentUrl\":\"https:\/\/secure.gravatar.com\/avatar\/594abfe82761d620726242ff34ca472a705a4b97f16c790053a6b4c4035274d0?s=96&d=mm&r=g\",\"caption\":\"Rodrigo Zuquim\"},\"url\":\"https:\/\/agenciainfra.com\/blog\/author\/rodrigo-zuquim\/\"}]}<\/script>\n<!-- \/ Yoast SEO Premium plugin. -->","yoast_head_json":{"title":"Reajustes m\u00e9dios das tarifas de energia est\u00e3o abaixo de 3% neste ano, diz ANEEL - Ag\u00eancia iNFRA","robots":{"index":"index","follow":"follow","max-snippet":"max-snippet:-1","max-image-preview":"max-image-preview:large","max-video-preview":"max-video-preview:-1"},"canonical":"https:\/\/agenciainfra.com\/blog\/reajustes-medios-das-tarifas-de-energia-estao-abaixo-de-3-neste-ano-diz-aneel\/","og_locale":"pt_BR","og_type":"article","og_title":"Reajustes m\u00e9dios das tarifas de energia est\u00e3o abaixo de 3% neste ano, diz ANEEL","og_description":"Lucas Santin,\u00a0da Ag\u00eancia iNFRA O diretor-geral da ANEEL (Ag\u00eancia Nacional de Energia El\u00e9trica), Andr\u00e9 Pepitone, disse na \u00faltima ter\u00e7a-feira (22) que a m\u00e9dia dos reajustes tarif\u00e1rios aprovados pela ag\u00eancia neste ano est\u00e1 abaixo de 3%, contra uma m\u00e9dia de mais de 10% em 2018. Em reuni\u00e3o da diretoria da ag\u00eancia, foi aprovada a redu\u00e7\u00e3o das [&hellip;]","og_url":"https:\/\/agenciainfra.com\/blog\/reajustes-medios-das-tarifas-de-energia-estao-abaixo-de-3-neste-ano-diz-aneel\/","og_site_name":"Ag\u00eancia iNFRA","article_publisher":"https:\/\/www.facebook.com\/ageninfra","article_published_time":"2019-10-25T11:00:07+00:00","og_image":[{"width":1280,"height":853,"url":"https:\/\/agenciainfra.com\/blog\/wp-content\/uploads\/2019\/10\/luz-lampada-dominio-publico.jpg","type":"image\/jpeg"}],"author":"Rodrigo Zuquim","twitter_card":"summary_large_image","twitter_creator":"@agencia_infra","twitter_site":"@agencia_infra","twitter_misc":{"Escrito por":"Rodrigo Zuquim","Est. tempo de leitura":"2 minutos"},"schema":{"@context":"https:\/\/schema.org","@graph":[{"@type":"Article","@id":"https:\/\/agenciainfra.com\/blog\/reajustes-medios-das-tarifas-de-energia-estao-abaixo-de-3-neste-ano-diz-aneel\/#article","isPartOf":{"@id":"https:\/\/agenciainfra.com\/blog\/reajustes-medios-das-tarifas-de-energia-estao-abaixo-de-3-neste-ano-diz-aneel\/"},"author":{"name":"Rodrigo Zuquim","@id":"https:\/\/agenciainfra.com\/blog\/#\/schema\/person\/04dbb79bd6d8951f063da71f3e4c1eb1"},"headline":"Reajustes m\u00e9dios das tarifas de energia est\u00e3o abaixo de 3% neste ano, diz ANEEL","datePublished":"2019-10-25T11:00:07+00:00","mainEntityOfPage":{"@id":"https:\/\/agenciainfra.com\/blog\/reajustes-medios-das-tarifas-de-energia-estao-abaixo-de-3-neste-ano-diz-aneel\/"},"wordCount":483,"publisher":{"@id":"https:\/\/agenciainfra.com\/blog\/#organization"},"image":{"@id":"https:\/\/agenciainfra.com\/blog\/reajustes-medios-das-tarifas-de-energia-estao-abaixo-de-3-neste-ano-diz-aneel\/#primaryimage"},"thumbnailUrl":"https:\/\/agenciainfra.com\/blog\/wp-content\/uploads\/2019\/10\/luz-lampada-dominio-publico.jpg","keywords":["Andr\u00e9 Pepitone","ANEEL","CPFL Piratininga","EDP S\u00e3o Paulo","Enel Goi\u00e1s","tarifas de energia"],"articleSection":["iNFRAEnergia"],"inLanguage":"pt-BR","copyrightYear":"2019","copyrightHolder":{"@id":"https:\/\/agenciainfra.com\/blog\/#organization"}},{"@type":"WebPage","@id":"https:\/\/agenciainfra.com\/blog\/reajustes-medios-das-tarifas-de-energia-estao-abaixo-de-3-neste-ano-diz-aneel\/","url":"https:\/\/agenciainfra.com\/blog\/reajustes-medios-das-tarifas-de-energia-estao-abaixo-de-3-neste-ano-diz-aneel\/","name":"Reajustes m\u00e9dios das tarifas de energia est\u00e3o abaixo de 3% neste ano, diz ANEEL - Ag\u00eancia iNFRA","isPartOf":{"@id":"https:\/\/agenciainfra.com\/blog\/#website"},"primaryImageOfPage":{"@id":"https:\/\/agenciainfra.com\/blog\/reajustes-medios-das-tarifas-de-energia-estao-abaixo-de-3-neste-ano-diz-aneel\/#primaryimage"},"image":{"@id":"https:\/\/agenciainfra.com\/blog\/reajustes-medios-das-tarifas-de-energia-estao-abaixo-de-3-neste-ano-diz-aneel\/#primaryimage"},"thumbnailUrl":"https:\/\/agenciainfra.com\/blog\/wp-content\/uploads\/2019\/10\/luz-lampada-dominio-publico.jpg","datePublished":"2019-10-25T11:00:07+00:00","breadcrumb":{"@id":"https:\/\/agenciainfra.com\/blog\/reajustes-medios-das-tarifas-de-energia-estao-abaixo-de-3-neste-ano-diz-aneel\/#breadcrumb"},"inLanguage":"pt-BR","potentialAction":[{"@type":"ReadAction","target":["https:\/\/agenciainfra.com\/blog\/reajustes-medios-das-tarifas-de-energia-estao-abaixo-de-3-neste-ano-diz-aneel\/"]}]},{"@type":"ImageObject","inLanguage":"pt-BR","@id":"https:\/\/agenciainfra.com\/blog\/reajustes-medios-das-tarifas-de-energia-estao-abaixo-de-3-neste-ano-diz-aneel\/#primaryimage","url":"https:\/\/agenciainfra.com\/blog\/wp-content\/uploads\/2019\/10\/luz-lampada-dominio-publico.jpg","contentUrl":"https:\/\/agenciainfra.com\/blog\/wp-content\/uploads\/2019\/10\/luz-lampada-dominio-publico.jpg","width":1280,"height":853,"caption":"Foto: Dom\u00ednio p\u00fablico"},{"@type":"BreadcrumbList","@id":"https:\/\/agenciainfra.com\/blog\/reajustes-medios-das-tarifas-de-energia-estao-abaixo-de-3-neste-ano-diz-aneel\/#breadcrumb","itemListElement":[{"@type":"ListItem","position":1,"name":"In\u00edcio","item":"https:\/\/agenciainfra.com\/blog\/"},{"@type":"ListItem","position":2,"name":"Reajustes m\u00e9dios das tarifas de energia est\u00e3o abaixo de 3% neste ano, diz ANEEL"}]},{"@type":"WebSite","@id":"https:\/\/agenciainfra.com\/blog\/#website","url":"https:\/\/agenciainfra.com\/blog\/","name":"Ag\u00eancia iNFRA","description":"Multiplataforma de informa\u00e7\u00e3o jornal\u00edstica refer\u00eancia na \u00e1rea de infraestrutura no Brasil!","publisher":{"@id":"https:\/\/agenciainfra.com\/blog\/#organization"},"potentialAction":[{"@type":"SearchAction","target":{"@type":"EntryPoint","urlTemplate":"https:\/\/agenciainfra.com\/blog\/?s={search_term_string}"},"query-input":{"@type":"PropertyValueSpecification","valueRequired":true,"valueName":"search_term_string"}}],"inLanguage":"pt-BR"},{"@type":"Organization","@id":"https:\/\/agenciainfra.com\/blog\/#organization","name":"Ag\u00eancia iNFRA","url":"https:\/\/agenciainfra.com\/blog\/","logo":{"@type":"ImageObject","inLanguage":"pt-BR","@id":"https:\/\/agenciainfra.com\/blog\/#\/schema\/logo\/image\/","url":"https:\/\/agenciainfra.com\/blog\/wp-content\/uploads\/2023\/09\/iNFRA_5-e1761735885940.png","contentUrl":"https:\/\/agenciainfra.com\/blog\/wp-content\/uploads\/2023\/09\/iNFRA_5-e1761735885940.png","width":1672,"height":454,"caption":"Ag\u00eancia iNFRA"},"image":{"@id":"https:\/\/agenciainfra.com\/blog\/#\/schema\/logo\/image\/"},"sameAs":["https:\/\/www.facebook.com\/ageninfra","https:\/\/x.com\/agencia_infra","https:\/\/www.linkedin.com\/company\/ag\u00eanciainfra\/","https:\/\/www.instagram.com\/agenciainfra\/"]},{"@type":"Person","@id":"https:\/\/agenciainfra.com\/blog\/#\/schema\/person\/04dbb79bd6d8951f063da71f3e4c1eb1","name":"Rodrigo Zuquim","image":{"@type":"ImageObject","inLanguage":"pt-BR","@id":"https:\/\/agenciainfra.com\/blog\/#\/schema\/person\/image\/","url":"https:\/\/secure.gravatar.com\/avatar\/594abfe82761d620726242ff34ca472a705a4b97f16c790053a6b4c4035274d0?s=96&d=mm&r=g","contentUrl":"https:\/\/secure.gravatar.com\/avatar\/594abfe82761d620726242ff34ca472a705a4b97f16c790053a6b4c4035274d0?s=96&d=mm&r=g","caption":"Rodrigo Zuquim"},"url":"https:\/\/agenciainfra.com\/blog\/author\/rodrigo-zuquim\/"}]}},"_links":{"self":[{"href":"https:\/\/agenciainfra.com\/blog\/wp-json\/wp\/v2\/posts\/3927","targetHints":{"allow":["GET"]}}],"collection":[{"href":"https:\/\/agenciainfra.com\/blog\/wp-json\/wp\/v2\/posts"}],"about":[{"href":"https:\/\/agenciainfra.com\/blog\/wp-json\/wp\/v2\/types\/post"}],"author":[{"embeddable":true,"href":"https:\/\/agenciainfra.com\/blog\/wp-json\/wp\/v2\/users\/9"}],"replies":[{"embeddable":true,"href":"https:\/\/agenciainfra.com\/blog\/wp-json\/wp\/v2\/comments?post=3927"}],"version-history":[{"count":0,"href":"https:\/\/agenciainfra.com\/blog\/wp-json\/wp\/v2\/posts\/3927\/revisions"}],"wp:featuredmedia":[{"embeddable":true,"href":"https:\/\/agenciainfra.com\/blog\/wp-json\/wp\/v2\/media\/3928"}],"wp:attachment":[{"href":"https:\/\/agenciainfra.com\/blog\/wp-json\/wp\/v2\/media?parent=3927"}],"wp:term":[{"taxonomy":"category","embeddable":true,"href":"https:\/\/agenciainfra.com\/blog\/wp-json\/wp\/v2\/categories?post=3927"},{"taxonomy":"post_tag","embeddable":true,"href":"https:\/\/agenciainfra.com\/blog\/wp-json\/wp\/v2\/tags?post=3927"}],"curies":[{"name":"wp","href":"https:\/\/api.w.org\/{rel}","templated":true}]}}