{"id":3930,"date":"2019-10-26T08:00:29","date_gmt":"2019-10-26T11:00:29","guid":{"rendered":"http:\/\/www.agenciainfra.com\/blog\/?p=3930"},"modified":"2019-10-29T08:52:55","modified_gmt":"2019-10-29T11:52:55","slug":"aeroportos-concedidos-ate-2013-terao-113-milhoes-de-passageiros-a-menos-que-estudos-apontavam","status":"publish","type":"post","link":"https:\/\/agenciainfra.com\/blog\/aeroportos-concedidos-ate-2013-terao-113-milhoes-de-passageiros-a-menos-que-estudos-apontavam\/","title":{"rendered":"Aeroportos concedidos at\u00e9 2013 ter\u00e3o 113 milh\u00f5es de passageiros a menos que estudos apontavam"},"content":{"rendered":"<div>\n<h5 style=\"text-align: right;\"><strong>Bernardo Gonzaga, da\u00a0Ag\u00eancia iNFRA<\/strong><\/h5>\n<p>Segundo dados apresentados pelo diretor-executivo da\u00a0Aneaa (Associa\u00e7\u00e3o Nacional de Empresas Administradoras de Aeroportos), Douglas Almeida,\u00a0todos os seis aeroportos administrados por empresas associadas a ela\u00a0ter\u00e3o menos passageiros que\u00a0as previs\u00f5es dos estudos apresentados pelo governo para as concess\u00f5es\u00a0indicavam at\u00e9 2038.<\/p>\n<p>A estimativa come\u00e7ou a regredir a partir da crise financeira e da instabilidade pol\u00edtica iniciada no Brasil a partir de 2014.\u00a0Ao todo, a previs\u00e3o de passageiros para 2038 feita pelos EVTEAs (Estudos de Viabilidade T\u00e9cnica, Econ\u00f4mica e Ambiental) iniciais\u00a0estimaram 351 milh\u00f5es de passageiros nos seis aeroportos. Atualmente, essa previs\u00e3o caiu para 238 milh\u00f5es. Uma queda de 32%.<\/p>\n<p>As estimativas atuais tamb\u00e9m preveem uma queda em todos os anos at\u00e9 o fim das concess\u00f5es, comparadas \u00e0s previs\u00f5es iniciais. As empresas associadas \u00e0 Aneaa administram os aeroportos de Viracopos (SP), Gale\u00e3o (RJ), Guarulhos (SP), Confins (MG), Bras\u00edlia (DF) e de S\u00e3o Gon\u00e7alo do Amarante (RN).<\/p>\n<p>Os dados foram apresentados na \u00faltima quarta-feira (23) em audi\u00eancia p\u00fablica na CVT (Comiss\u00e3o de Via\u00e7\u00e3o e Transportes) da C\u00e2mara dos Deputados que discutiu a situa\u00e7\u00e3o dos aeroportos no Brasil. Os dados completos apresentados est\u00e3o dispon\u00edveis <a href=\"https:\/\/agenciainfra.us14.list-manage.com\/track\/click?u=d460dd1bcf9ba0ae040e1fc0f&amp;id=c5eca56b5b&amp;e=c099169394\" target=\"_blank\" rel=\"noopener noreferrer\" data-saferedirecturl=\"https:\/\/www.google.com\/url?q=https:\/\/agenciainfra.us14.list-manage.com\/track\/click?u%3Dd460dd1bcf9ba0ae040e1fc0f%26id%3Dc5eca56b5b%26e%3Dc099169394&amp;source=gmail&amp;ust=1572016334551000&amp;usg=AFQjCNFEx_8pkJ3BxZq1vDpaqUAxzMM0-w\">neste link<\/a>.<\/p>\n<p>Almeida ressaltou que essas concess\u00f5es, ao contr\u00e1rio dos blocos das \u00faltimas rodadas de concess\u00e3o aeroportu\u00e1ria, t\u00eam cinco tipos de contratos distintos. E que, al\u00e9m disso, as concession\u00e1rias tiveram apenas 18 meses para investirem\u00a0R$ 13 bilh\u00f5es\u00a0para atenderem os eventos da Copa do Mundo de 2014.<\/p>\n<p>Todas essas concess\u00f5es passam por dificuldades e pleiteiam a revis\u00e3o de seus contratos, o que o governo vem negando, apontando, entre outros fatores, que os estudos para as concess\u00f5es n\u00e3o eram vinculantes, ou seja, o fluxo de passageiros era um risco assumido por elas.<\/p>\n<p><strong>Maior que o Jap\u00e3o<\/strong><br \/>\nJ\u00e1 o diretor da Worldwide Airport Slots da Iata (International Air Transport Association), Dimiter Zahariev, disse que o Brasil dever\u00e1 passar o Jap\u00e3o em n\u00famero de passageiros transportados em voos dom\u00e9sticos a partir de 2026.<\/p>\n<p>Zahariev disse ainda que o problema da aloca\u00e7\u00e3o dos slots (autoriza\u00e7\u00e3o dada a uma empresa para pouso e decolagem em aeroporto coordenado), recentemente protagonizado pela sa\u00edda da Avianca do mercado brasileiro, n\u00e3o \u00e9 exclusivo do Brasil e acontece tamb\u00e9m em outros 204 aeroportos do mundo.<\/p>\n<p>Ele ressaltou tamb\u00e9m que os slots da Avianca do aeroporto de Congonhas deveriam ter seguido os padr\u00f5es exigidos pela Iata para proporcionar mais entrantes e que a resolu\u00e7\u00e3o 338\/2014 da ANAC (Ag\u00eancia Nacional de Avia\u00e7\u00e3o Civil), que regulamenta a distribui\u00e7\u00e3o, precisa ser atualizada.<\/p>\n<p><strong>Mais capacidade para novas empresas<\/strong><br \/>\nJ\u00e1 o coordenador substituto de Estudos de Condutas Anticompetitivas do Cade (Conselho Administrativo de Defesa Econ\u00f4mica), Fernando Daniel Franke, disse que um dos desafios que o mercado a\u00e9reo nacional enfrenta \u00e9 buscar a maior capacidade de transporte passageiro\/slot com a entrada de novas empresas.<\/p>\n<p>Franke disse tamb\u00e9m que o mercado a\u00e9reo gera naturalmente caracter\u00edsticas de concentra\u00e7\u00e3o de mercado.\u00a0Mas ele\u00a0concordou que a resolu\u00e7\u00e3o da ANAC que regulamenta as distribui\u00e7\u00f5es de slots deve ser revista para poder ampliar a concorr\u00eancia do setor.<\/p>\n<p>O presidente da Abear (Associa\u00e7\u00e3o Brasileira de Empresas A\u00e9reas), Eduardo Sanovicz, disse que os slots n\u00e3o s\u00e3o o principal problema do setor a\u00e9reo no pa\u00eds, e sim a legisla\u00e7\u00e3o trabalhista brasileira e a incid\u00eancia do ICMS sob o combust\u00edvel da avia\u00e7\u00e3o. Segundo Sanovicz, um ter\u00e7o do valor pago pelo bilhete a\u00e9reo \u00e9 composto pelo combust\u00edvel de avia\u00e7\u00e3o.<\/p>\n<p><strong>Reuni\u00e3o deliberativa<\/strong><br \/>\nAp\u00f3s a audi\u00eancia p\u00fablica, a CVT aprovou, em reuni\u00e3o deliberativa, dois projetos de decreto legislativo que sustam normas do Contran (Conselho Nacional de Tr\u00e2nsito). As normas tratam da expedi\u00e7\u00e3o da CNH (Carteira Nacional de Habilita\u00e7\u00e3o) em modelo \u00fanico e crit\u00e9rios de seguran\u00e7a na utiliza\u00e7\u00e3o de caminh\u00f5es do tipo ca\u00e7amba.<\/p>\n<p>Tamb\u00e9m foi aprovado o requerimento do deputado Hugo Leal (PSD-RJ) para debater a pol\u00edtica setorial p\u00fablica para o transporte mar\u00edtimo mercante, com destaque para a navega\u00e7\u00e3o de cabotagem.<\/p>\n<p>_____________________<\/p>\n<p><em><strong>Corre\u00e7\u00e3o:<\/strong> Este texto foi atualizado em 29 de outubro de 2019 para corrigir uma informa\u00e7\u00e3o equivocada referente a uma declara\u00e7\u00e3o do presidente da Abear, Eduardo Sanovicz. A primeira vers\u00e3o do texto atribu\u00eda a Sanovicz a afirma\u00e7\u00e3o de que um ter\u00e7o do valor pago pelo combust\u00edvel usado em voos dom\u00e9sticos \u00e9 para ICMS. Na verdade, o presidente da Abear disse que um ter\u00e7o do valor pago pelo bilhete a\u00e9reo \u00e9 composto pelo combust\u00edvel de avia\u00e7\u00e3o.<\/em><\/p>\n<\/div>\n","protected":false},"excerpt":{"rendered":"<p>Bernardo Gonzaga, da\u00a0Ag\u00eancia iNFRA Segundo dados apresentados pelo diretor-executivo da\u00a0Aneaa (Associa\u00e7\u00e3o Nacional de Empresas Administradoras de Aeroportos), Douglas Almeida,\u00a0todos os seis aeroportos administrados por empresas associadas a ela\u00a0ter\u00e3o menos passageiros que\u00a0as previs\u00f5es dos estudos apresentados pelo governo para as concess\u00f5es\u00a0indicavam at\u00e9 2038. A estimativa come\u00e7ou a regredir a partir da crise financeira e da instabilidade [&hellip;]<\/p>\n","protected":false},"author":9,"featured_media":3931,"comment_status":"closed","ping_status":"closed","sticky":false,"template":"","format":"standard","meta":{"_monsterinsights_skip_tracking":false,"_monsterinsights_sitenote_active":false,"_monsterinsights_sitenote_note":"","_monsterinsights_sitenote_category":0,"footnotes":""},"categories":[7],"tags":[1393,107,242,1373,371,1391,1389,1394,1392,1390],"class_list":["post-3930","post","type-post","status-publish","format-standard","has-post-thumbnail","hentry","category-infratransporte","tag-abear","tag-aeroportos","tag-anac","tag-aneaa","tag-cade","tag-dimiter-zahariev","tag-douglas-almeida","tag-eduardo-sanovicz","tag-fernando-daniel-franke","tag-iata"],"yoast_head":"<!-- This site is optimized with the Yoast SEO Premium plugin v25.4 (Yoast SEO v26.0) - https:\/\/yoast.com\/wordpress\/plugins\/seo\/ -->\n<title>Aeroportos concedidos at\u00e9 2013 ter\u00e3o 113 milh\u00f5es de passageiros a menos que estudos apontavam - Ag\u00eancia iNFRA<\/title>\n<meta name=\"robots\" content=\"index, follow, max-snippet:-1, max-image-preview:large, max-video-preview:-1\" \/>\n<link rel=\"canonical\" href=\"https:\/\/agenciainfra.com\/blog\/aeroportos-concedidos-ate-2013-terao-113-milhoes-de-passageiros-a-menos-que-estudos-apontavam\/\" \/>\n<meta property=\"og:locale\" content=\"pt_BR\" \/>\n<meta property=\"og:type\" content=\"article\" \/>\n<meta property=\"og:title\" content=\"Aeroportos concedidos at\u00e9 2013 ter\u00e3o 113 milh\u00f5es de passageiros a menos que estudos apontavam\" \/>\n<meta property=\"og:description\" content=\"Bernardo Gonzaga, da\u00a0Ag\u00eancia iNFRA Segundo dados apresentados pelo diretor-executivo da\u00a0Aneaa (Associa\u00e7\u00e3o Nacional de Empresas Administradoras de Aeroportos), Douglas Almeida,\u00a0todos os seis aeroportos administrados por empresas associadas a ela\u00a0ter\u00e3o menos passageiros que\u00a0as previs\u00f5es dos estudos apresentados pelo governo para as concess\u00f5es\u00a0indicavam at\u00e9 2038. A estimativa come\u00e7ou a regredir a partir da crise financeira e da instabilidade [&hellip;]\" \/>\n<meta property=\"og:url\" content=\"https:\/\/agenciainfra.com\/blog\/aeroportos-concedidos-ate-2013-terao-113-milhoes-de-passageiros-a-menos-que-estudos-apontavam\/\" \/>\n<meta property=\"og:site_name\" content=\"Ag\u00eancia iNFRA\" \/>\n<meta property=\"article:publisher\" content=\"https:\/\/www.facebook.com\/ageninfra\" \/>\n<meta property=\"article:published_time\" content=\"2019-10-26T11:00:29+00:00\" \/>\n<meta property=\"article:modified_time\" content=\"2019-10-29T11:52:55+00:00\" \/>\n<meta property=\"og:image\" content=\"https:\/\/agenciainfra.com\/blog\/wp-content\/uploads\/2019\/10\/aeroporto-tania-rego-agencia-brasil.jpg\" \/>\n\t<meta property=\"og:image:width\" content=\"1140\" \/>\n\t<meta property=\"og:image:height\" content=\"760\" \/>\n\t<meta property=\"og:image:type\" content=\"image\/jpeg\" \/>\n<meta name=\"author\" content=\"Rodrigo Zuquim\" \/>\n<meta name=\"twitter:card\" content=\"summary_large_image\" \/>\n<meta name=\"twitter:creator\" content=\"@agencia_infra\" \/>\n<meta name=\"twitter:site\" content=\"@agencia_infra\" \/>\n<meta name=\"twitter:label1\" content=\"Escrito por\" \/>\n\t<meta name=\"twitter:data1\" content=\"Rodrigo Zuquim\" \/>\n\t<meta name=\"twitter:label2\" content=\"Est. tempo de leitura\" \/>\n\t<meta name=\"twitter:data2\" content=\"4 minutos\" \/>\n<script type=\"application\/ld+json\" class=\"yoast-schema-graph\">{\"@context\":\"https:\/\/schema.org\",\"@graph\":[{\"@type\":\"Article\",\"@id\":\"https:\/\/agenciainfra.com\/blog\/aeroportos-concedidos-ate-2013-terao-113-milhoes-de-passageiros-a-menos-que-estudos-apontavam\/#article\",\"isPartOf\":{\"@id\":\"https:\/\/agenciainfra.com\/blog\/aeroportos-concedidos-ate-2013-terao-113-milhoes-de-passageiros-a-menos-que-estudos-apontavam\/\"},\"author\":{\"name\":\"Rodrigo Zuquim\",\"@id\":\"https:\/\/agenciainfra.com\/blog\/#\/schema\/person\/04dbb79bd6d8951f063da71f3e4c1eb1\"},\"headline\":\"Aeroportos concedidos at\u00e9 2013 ter\u00e3o 113 milh\u00f5es de passageiros a menos que estudos apontavam\",\"datePublished\":\"2019-10-26T11:00:29+00:00\",\"dateModified\":\"2019-10-29T11:52:55+00:00\",\"mainEntityOfPage\":{\"@id\":\"https:\/\/agenciainfra.com\/blog\/aeroportos-concedidos-ate-2013-terao-113-milhoes-de-passageiros-a-menos-que-estudos-apontavam\/\"},\"wordCount\":808,\"publisher\":{\"@id\":\"https:\/\/agenciainfra.com\/blog\/#organization\"},\"image\":{\"@id\":\"https:\/\/agenciainfra.com\/blog\/aeroportos-concedidos-ate-2013-terao-113-milhoes-de-passageiros-a-menos-que-estudos-apontavam\/#primaryimage\"},\"thumbnailUrl\":\"https:\/\/agenciainfra.com\/blog\/wp-content\/uploads\/2019\/10\/aeroporto-tania-rego-agencia-brasil.jpg\",\"keywords\":[\"Abear\",\"aeroportos\",\"ANAC\",\"Aneaa\",\"Cade\",\"Dimiter Zahariev\",\"Douglas Almeida\",\"Eduardo Sanovicz\",\"Fernando Daniel Franke\",\"IATA\"],\"articleSection\":[\"iNFRATransporte\"],\"inLanguage\":\"pt-BR\",\"copyrightYear\":\"2019\",\"copyrightHolder\":{\"@id\":\"https:\/\/agenciainfra.com\/blog\/#organization\"}},{\"@type\":\"WebPage\",\"@id\":\"https:\/\/agenciainfra.com\/blog\/aeroportos-concedidos-ate-2013-terao-113-milhoes-de-passageiros-a-menos-que-estudos-apontavam\/\",\"url\":\"https:\/\/agenciainfra.com\/blog\/aeroportos-concedidos-ate-2013-terao-113-milhoes-de-passageiros-a-menos-que-estudos-apontavam\/\",\"name\":\"Aeroportos concedidos at\u00e9 2013 ter\u00e3o 113 milh\u00f5es de passageiros a menos que estudos apontavam - Ag\u00eancia iNFRA\",\"isPartOf\":{\"@id\":\"https:\/\/agenciainfra.com\/blog\/#website\"},\"primaryImageOfPage\":{\"@id\":\"https:\/\/agenciainfra.com\/blog\/aeroportos-concedidos-ate-2013-terao-113-milhoes-de-passageiros-a-menos-que-estudos-apontavam\/#primaryimage\"},\"image\":{\"@id\":\"https:\/\/agenciainfra.com\/blog\/aeroportos-concedidos-ate-2013-terao-113-milhoes-de-passageiros-a-menos-que-estudos-apontavam\/#primaryimage\"},\"thumbnailUrl\":\"https:\/\/agenciainfra.com\/blog\/wp-content\/uploads\/2019\/10\/aeroporto-tania-rego-agencia-brasil.jpg\",\"datePublished\":\"2019-10-26T11:00:29+00:00\",\"dateModified\":\"2019-10-29T11:52:55+00:00\",\"breadcrumb\":{\"@id\":\"https:\/\/agenciainfra.com\/blog\/aeroportos-concedidos-ate-2013-terao-113-milhoes-de-passageiros-a-menos-que-estudos-apontavam\/#breadcrumb\"},\"inLanguage\":\"pt-BR\",\"potentialAction\":[{\"@type\":\"ReadAction\",\"target\":[\"https:\/\/agenciainfra.com\/blog\/aeroportos-concedidos-ate-2013-terao-113-milhoes-de-passageiros-a-menos-que-estudos-apontavam\/\"]}]},{\"@type\":\"ImageObject\",\"inLanguage\":\"pt-BR\",\"@id\":\"https:\/\/agenciainfra.com\/blog\/aeroportos-concedidos-ate-2013-terao-113-milhoes-de-passageiros-a-menos-que-estudos-apontavam\/#primaryimage\",\"url\":\"https:\/\/agenciainfra.com\/blog\/wp-content\/uploads\/2019\/10\/aeroporto-tania-rego-agencia-brasil.jpg\",\"contentUrl\":\"https:\/\/agenciainfra.com\/blog\/wp-content\/uploads\/2019\/10\/aeroporto-tania-rego-agencia-brasil.jpg\",\"width\":1140,\"height\":760,\"caption\":\"Foto: T\u00e2nia R\u00eago\/Ag\u00eancia Brasil\"},{\"@type\":\"BreadcrumbList\",\"@id\":\"https:\/\/agenciainfra.com\/blog\/aeroportos-concedidos-ate-2013-terao-113-milhoes-de-passageiros-a-menos-que-estudos-apontavam\/#breadcrumb\",\"itemListElement\":[{\"@type\":\"ListItem\",\"position\":1,\"name\":\"In\u00edcio\",\"item\":\"https:\/\/agenciainfra.com\/blog\/\"},{\"@type\":\"ListItem\",\"position\":2,\"name\":\"Aeroportos concedidos at\u00e9 2013 ter\u00e3o 113 milh\u00f5es de passageiros a menos que estudos apontavam\"}]},{\"@type\":\"WebSite\",\"@id\":\"https:\/\/agenciainfra.com\/blog\/#website\",\"url\":\"https:\/\/agenciainfra.com\/blog\/\",\"name\":\"Ag\u00eancia iNFRA\",\"description\":\"Multiplataforma de informa\u00e7\u00e3o jornal\u00edstica refer\u00eancia na \u00e1rea de infraestrutura no Brasil!\",\"publisher\":{\"@id\":\"https:\/\/agenciainfra.com\/blog\/#organization\"},\"potentialAction\":[{\"@type\":\"SearchAction\",\"target\":{\"@type\":\"EntryPoint\",\"urlTemplate\":\"https:\/\/agenciainfra.com\/blog\/?s={search_term_string}\"},\"query-input\":{\"@type\":\"PropertyValueSpecification\",\"valueRequired\":true,\"valueName\":\"search_term_string\"}}],\"inLanguage\":\"pt-BR\"},{\"@type\":\"Organization\",\"@id\":\"https:\/\/agenciainfra.com\/blog\/#organization\",\"name\":\"Ag\u00eancia iNFRA\",\"url\":\"https:\/\/agenciainfra.com\/blog\/\",\"logo\":{\"@type\":\"ImageObject\",\"inLanguage\":\"pt-BR\",\"@id\":\"https:\/\/agenciainfra.com\/blog\/#\/schema\/logo\/image\/\",\"url\":\"https:\/\/agenciainfra.com\/blog\/wp-content\/uploads\/2023\/09\/iNFRA_5-e1761735885940.png\",\"contentUrl\":\"https:\/\/agenciainfra.com\/blog\/wp-content\/uploads\/2023\/09\/iNFRA_5-e1761735885940.png\",\"width\":1672,\"height\":454,\"caption\":\"Ag\u00eancia iNFRA\"},\"image\":{\"@id\":\"https:\/\/agenciainfra.com\/blog\/#\/schema\/logo\/image\/\"},\"sameAs\":[\"https:\/\/www.facebook.com\/ageninfra\",\"https:\/\/x.com\/agencia_infra\",\"https:\/\/www.linkedin.com\/company\/ag\u00eanciainfra\/\",\"https:\/\/www.instagram.com\/agenciainfra\/\"]},{\"@type\":\"Person\",\"@id\":\"https:\/\/agenciainfra.com\/blog\/#\/schema\/person\/04dbb79bd6d8951f063da71f3e4c1eb1\",\"name\":\"Rodrigo Zuquim\",\"image\":{\"@type\":\"ImageObject\",\"inLanguage\":\"pt-BR\",\"@id\":\"https:\/\/agenciainfra.com\/blog\/#\/schema\/person\/image\/\",\"url\":\"https:\/\/secure.gravatar.com\/avatar\/594abfe82761d620726242ff34ca472a705a4b97f16c790053a6b4c4035274d0?s=96&d=mm&r=g\",\"contentUrl\":\"https:\/\/secure.gravatar.com\/avatar\/594abfe82761d620726242ff34ca472a705a4b97f16c790053a6b4c4035274d0?s=96&d=mm&r=g\",\"caption\":\"Rodrigo Zuquim\"},\"url\":\"https:\/\/agenciainfra.com\/blog\/author\/rodrigo-zuquim\/\"}]}<\/script>\n<!-- \/ Yoast SEO Premium plugin. -->","yoast_head_json":{"title":"Aeroportos concedidos at\u00e9 2013 ter\u00e3o 113 milh\u00f5es de passageiros a menos que estudos apontavam - Ag\u00eancia iNFRA","robots":{"index":"index","follow":"follow","max-snippet":"max-snippet:-1","max-image-preview":"max-image-preview:large","max-video-preview":"max-video-preview:-1"},"canonical":"https:\/\/agenciainfra.com\/blog\/aeroportos-concedidos-ate-2013-terao-113-milhoes-de-passageiros-a-menos-que-estudos-apontavam\/","og_locale":"pt_BR","og_type":"article","og_title":"Aeroportos concedidos at\u00e9 2013 ter\u00e3o 113 milh\u00f5es de passageiros a menos que estudos apontavam","og_description":"Bernardo Gonzaga, da\u00a0Ag\u00eancia iNFRA Segundo dados apresentados pelo diretor-executivo da\u00a0Aneaa (Associa\u00e7\u00e3o Nacional de Empresas Administradoras de Aeroportos), Douglas Almeida,\u00a0todos os seis aeroportos administrados por empresas associadas a ela\u00a0ter\u00e3o menos passageiros que\u00a0as previs\u00f5es dos estudos apresentados pelo governo para as concess\u00f5es\u00a0indicavam at\u00e9 2038. A estimativa come\u00e7ou a regredir a partir da crise financeira e da instabilidade [&hellip;]","og_url":"https:\/\/agenciainfra.com\/blog\/aeroportos-concedidos-ate-2013-terao-113-milhoes-de-passageiros-a-menos-que-estudos-apontavam\/","og_site_name":"Ag\u00eancia iNFRA","article_publisher":"https:\/\/www.facebook.com\/ageninfra","article_published_time":"2019-10-26T11:00:29+00:00","article_modified_time":"2019-10-29T11:52:55+00:00","og_image":[{"width":1140,"height":760,"url":"https:\/\/agenciainfra.com\/blog\/wp-content\/uploads\/2019\/10\/aeroporto-tania-rego-agencia-brasil.jpg","type":"image\/jpeg"}],"author":"Rodrigo Zuquim","twitter_card":"summary_large_image","twitter_creator":"@agencia_infra","twitter_site":"@agencia_infra","twitter_misc":{"Escrito por":"Rodrigo Zuquim","Est. tempo de leitura":"4 minutos"},"schema":{"@context":"https:\/\/schema.org","@graph":[{"@type":"Article","@id":"https:\/\/agenciainfra.com\/blog\/aeroportos-concedidos-ate-2013-terao-113-milhoes-de-passageiros-a-menos-que-estudos-apontavam\/#article","isPartOf":{"@id":"https:\/\/agenciainfra.com\/blog\/aeroportos-concedidos-ate-2013-terao-113-milhoes-de-passageiros-a-menos-que-estudos-apontavam\/"},"author":{"name":"Rodrigo Zuquim","@id":"https:\/\/agenciainfra.com\/blog\/#\/schema\/person\/04dbb79bd6d8951f063da71f3e4c1eb1"},"headline":"Aeroportos concedidos at\u00e9 2013 ter\u00e3o 113 milh\u00f5es de passageiros a menos que estudos apontavam","datePublished":"2019-10-26T11:00:29+00:00","dateModified":"2019-10-29T11:52:55+00:00","mainEntityOfPage":{"@id":"https:\/\/agenciainfra.com\/blog\/aeroportos-concedidos-ate-2013-terao-113-milhoes-de-passageiros-a-menos-que-estudos-apontavam\/"},"wordCount":808,"publisher":{"@id":"https:\/\/agenciainfra.com\/blog\/#organization"},"image":{"@id":"https:\/\/agenciainfra.com\/blog\/aeroportos-concedidos-ate-2013-terao-113-milhoes-de-passageiros-a-menos-que-estudos-apontavam\/#primaryimage"},"thumbnailUrl":"https:\/\/agenciainfra.com\/blog\/wp-content\/uploads\/2019\/10\/aeroporto-tania-rego-agencia-brasil.jpg","keywords":["Abear","aeroportos","ANAC","Aneaa","Cade","Dimiter Zahariev","Douglas Almeida","Eduardo Sanovicz","Fernando Daniel Franke","IATA"],"articleSection":["iNFRATransporte"],"inLanguage":"pt-BR","copyrightYear":"2019","copyrightHolder":{"@id":"https:\/\/agenciainfra.com\/blog\/#organization"}},{"@type":"WebPage","@id":"https:\/\/agenciainfra.com\/blog\/aeroportos-concedidos-ate-2013-terao-113-milhoes-de-passageiros-a-menos-que-estudos-apontavam\/","url":"https:\/\/agenciainfra.com\/blog\/aeroportos-concedidos-ate-2013-terao-113-milhoes-de-passageiros-a-menos-que-estudos-apontavam\/","name":"Aeroportos concedidos at\u00e9 2013 ter\u00e3o 113 milh\u00f5es de passageiros a menos que estudos apontavam - Ag\u00eancia iNFRA","isPartOf":{"@id":"https:\/\/agenciainfra.com\/blog\/#website"},"primaryImageOfPage":{"@id":"https:\/\/agenciainfra.com\/blog\/aeroportos-concedidos-ate-2013-terao-113-milhoes-de-passageiros-a-menos-que-estudos-apontavam\/#primaryimage"},"image":{"@id":"https:\/\/agenciainfra.com\/blog\/aeroportos-concedidos-ate-2013-terao-113-milhoes-de-passageiros-a-menos-que-estudos-apontavam\/#primaryimage"},"thumbnailUrl":"https:\/\/agenciainfra.com\/blog\/wp-content\/uploads\/2019\/10\/aeroporto-tania-rego-agencia-brasil.jpg","datePublished":"2019-10-26T11:00:29+00:00","dateModified":"2019-10-29T11:52:55+00:00","breadcrumb":{"@id":"https:\/\/agenciainfra.com\/blog\/aeroportos-concedidos-ate-2013-terao-113-milhoes-de-passageiros-a-menos-que-estudos-apontavam\/#breadcrumb"},"inLanguage":"pt-BR","potentialAction":[{"@type":"ReadAction","target":["https:\/\/agenciainfra.com\/blog\/aeroportos-concedidos-ate-2013-terao-113-milhoes-de-passageiros-a-menos-que-estudos-apontavam\/"]}]},{"@type":"ImageObject","inLanguage":"pt-BR","@id":"https:\/\/agenciainfra.com\/blog\/aeroportos-concedidos-ate-2013-terao-113-milhoes-de-passageiros-a-menos-que-estudos-apontavam\/#primaryimage","url":"https:\/\/agenciainfra.com\/blog\/wp-content\/uploads\/2019\/10\/aeroporto-tania-rego-agencia-brasil.jpg","contentUrl":"https:\/\/agenciainfra.com\/blog\/wp-content\/uploads\/2019\/10\/aeroporto-tania-rego-agencia-brasil.jpg","width":1140,"height":760,"caption":"Foto: T\u00e2nia R\u00eago\/Ag\u00eancia Brasil"},{"@type":"BreadcrumbList","@id":"https:\/\/agenciainfra.com\/blog\/aeroportos-concedidos-ate-2013-terao-113-milhoes-de-passageiros-a-menos-que-estudos-apontavam\/#breadcrumb","itemListElement":[{"@type":"ListItem","position":1,"name":"In\u00edcio","item":"https:\/\/agenciainfra.com\/blog\/"},{"@type":"ListItem","position":2,"name":"Aeroportos concedidos at\u00e9 2013 ter\u00e3o 113 milh\u00f5es de passageiros a menos que estudos apontavam"}]},{"@type":"WebSite","@id":"https:\/\/agenciainfra.com\/blog\/#website","url":"https:\/\/agenciainfra.com\/blog\/","name":"Ag\u00eancia iNFRA","description":"Multiplataforma de informa\u00e7\u00e3o jornal\u00edstica refer\u00eancia na \u00e1rea de infraestrutura no Brasil!","publisher":{"@id":"https:\/\/agenciainfra.com\/blog\/#organization"},"potentialAction":[{"@type":"SearchAction","target":{"@type":"EntryPoint","urlTemplate":"https:\/\/agenciainfra.com\/blog\/?s={search_term_string}"},"query-input":{"@type":"PropertyValueSpecification","valueRequired":true,"valueName":"search_term_string"}}],"inLanguage":"pt-BR"},{"@type":"Organization","@id":"https:\/\/agenciainfra.com\/blog\/#organization","name":"Ag\u00eancia iNFRA","url":"https:\/\/agenciainfra.com\/blog\/","logo":{"@type":"ImageObject","inLanguage":"pt-BR","@id":"https:\/\/agenciainfra.com\/blog\/#\/schema\/logo\/image\/","url":"https:\/\/agenciainfra.com\/blog\/wp-content\/uploads\/2023\/09\/iNFRA_5-e1761735885940.png","contentUrl":"https:\/\/agenciainfra.com\/blog\/wp-content\/uploads\/2023\/09\/iNFRA_5-e1761735885940.png","width":1672,"height":454,"caption":"Ag\u00eancia iNFRA"},"image":{"@id":"https:\/\/agenciainfra.com\/blog\/#\/schema\/logo\/image\/"},"sameAs":["https:\/\/www.facebook.com\/ageninfra","https:\/\/x.com\/agencia_infra","https:\/\/www.linkedin.com\/company\/ag\u00eanciainfra\/","https:\/\/www.instagram.com\/agenciainfra\/"]},{"@type":"Person","@id":"https:\/\/agenciainfra.com\/blog\/#\/schema\/person\/04dbb79bd6d8951f063da71f3e4c1eb1","name":"Rodrigo Zuquim","image":{"@type":"ImageObject","inLanguage":"pt-BR","@id":"https:\/\/agenciainfra.com\/blog\/#\/schema\/person\/image\/","url":"https:\/\/secure.gravatar.com\/avatar\/594abfe82761d620726242ff34ca472a705a4b97f16c790053a6b4c4035274d0?s=96&d=mm&r=g","contentUrl":"https:\/\/secure.gravatar.com\/avatar\/594abfe82761d620726242ff34ca472a705a4b97f16c790053a6b4c4035274d0?s=96&d=mm&r=g","caption":"Rodrigo Zuquim"},"url":"https:\/\/agenciainfra.com\/blog\/author\/rodrigo-zuquim\/"}]}},"_links":{"self":[{"href":"https:\/\/agenciainfra.com\/blog\/wp-json\/wp\/v2\/posts\/3930","targetHints":{"allow":["GET"]}}],"collection":[{"href":"https:\/\/agenciainfra.com\/blog\/wp-json\/wp\/v2\/posts"}],"about":[{"href":"https:\/\/agenciainfra.com\/blog\/wp-json\/wp\/v2\/types\/post"}],"author":[{"embeddable":true,"href":"https:\/\/agenciainfra.com\/blog\/wp-json\/wp\/v2\/users\/9"}],"replies":[{"embeddable":true,"href":"https:\/\/agenciainfra.com\/blog\/wp-json\/wp\/v2\/comments?post=3930"}],"version-history":[{"count":0,"href":"https:\/\/agenciainfra.com\/blog\/wp-json\/wp\/v2\/posts\/3930\/revisions"}],"wp:featuredmedia":[{"embeddable":true,"href":"https:\/\/agenciainfra.com\/blog\/wp-json\/wp\/v2\/media\/3931"}],"wp:attachment":[{"href":"https:\/\/agenciainfra.com\/blog\/wp-json\/wp\/v2\/media?parent=3930"}],"wp:term":[{"taxonomy":"category","embeddable":true,"href":"https:\/\/agenciainfra.com\/blog\/wp-json\/wp\/v2\/categories?post=3930"},{"taxonomy":"post_tag","embeddable":true,"href":"https:\/\/agenciainfra.com\/blog\/wp-json\/wp\/v2\/tags?post=3930"}],"curies":[{"name":"wp","href":"https:\/\/api.w.org\/{rel}","templated":true}]}}