{"id":3939,"date":"2019-10-29T08:00:28","date_gmt":"2019-10-29T11:00:28","guid":{"rendered":"http:\/\/www.agenciainfra.com\/blog\/?p=3939"},"modified":"2019-10-28T09:02:12","modified_gmt":"2019-10-28T12:02:12","slug":"relator-vai-mudar-marco-do-saneamento-mas-ainda-nao-ha-acordo-para-aprovacao-do-texto","status":"publish","type":"post","link":"https:\/\/agenciainfra.com\/blog\/relator-vai-mudar-marco-do-saneamento-mas-ainda-nao-ha-acordo-para-aprovacao-do-texto\/","title":{"rendered":"Relator vai mudar marco do saneamento, mas ainda n\u00e3o h\u00e1 acordo para aprova\u00e7\u00e3o do texto"},"content":{"rendered":"<div>\n<h5 style=\"text-align: right;\"><strong>Bernardo Gonzaga, da\u00a0Ag\u00eancia iNFRA<\/strong><\/h5>\n<p>O relator do projeto de lei que pretende ser o novo marco do saneamento b\u00e1sico no pa\u00eds, Geninho Zuliani (DEM-SP), disse que alteraria seu relat\u00f3rio no in\u00edcio desta semana e apresentaria o texto na quarta-feira (30) para vota\u00e7\u00e3o na comiss\u00e3o especial que discute o tema.<\/p>\n<p>Segundo Zuliani, uma das modifica\u00e7\u00f5es que ele atender\u00e1 ser\u00e1 uma contribui\u00e7\u00e3o da Embrapa (Empresa Brasileira de Pesquisa Agropecu\u00e1ria), que trata do saneamento em zonas rurais, que foi criticada em seu \u00faltimo parecer. Zuliane n\u00e3o detalhou as mudan\u00e7as que far\u00e1 nesse ponto do texto.<\/p>\n<p>Entretanto Geninho disse que n\u00e3o modificar\u00e1 o artigo que disp\u00f5e sobre a participa\u00e7\u00e3o de empresas privadas de saneamento em licita\u00e7\u00f5es. Essa parte do texto \u00e9 o principal empecilho para se chegar a um acordo com a oposi\u00e7\u00e3o. \u201cVou atender as entidades. A oposi\u00e7\u00e3o, n\u00e3o\u201d, disse o relator.<\/p>\n<p>O artigo em quest\u00e3o \u00e9 o de n\u00famero 11-B, que trata tamb\u00e9m das metas de expans\u00e3o dos servi\u00e7os de saneamento e, caso essa meta n\u00e3o seja atingida, haver\u00e1 licita\u00e7\u00e3o obrigat\u00f3ria da \u00e1rea, que pode ser disputada por empresas p\u00fablicas ou privadas.<\/p>\n<p>Pela proposta de Zuliani, \u201ccontratos assinados at\u00e9 31 de dezembro de 2024 dever\u00e3o prever um m\u00ednimo de 90% de atendimento da popula\u00e7\u00e3o com \u00e1gua pot\u00e1vel e de 60% da popula\u00e7\u00e3o com coleta e tratamento de esgoto at\u00e9 31 de dezembro de 2028\u201d.<\/p>\n<p>Segundo o presidente da AESBE (Associa\u00e7\u00e3o Brasileira das Empresas Estaduais de Saneamento), Marcus Vin\u00edcius Fernandes, n\u00e3o \u00e9 vi\u00e1vel generalizar uma meta de saneamento para todos os munic\u00edpios, j\u00e1 que cada um tem suas especificidades sociais e econ\u00f4micas.<\/p>\n<p><strong>Parlamentares membros da comiss\u00e3o<\/strong><br \/>\nPara o deputado Darc\u00edsio Perondi (MDB-RS), o modelo atual de saneamento fracassou e \u00e9 preciso que o setor privado entre com recursos para solucionar o problema.<\/p>\n<p>\u201cSe tem 100 milh\u00f5es de pessoas sem esgoto e 60 milh\u00f5es sem \u00e1gua e todas empresas estatais, tirando exce\u00e7\u00f5es, com extrema dificuldade, \u00e9 um modelo que n\u00e3o deu certo\u201d, disse.<\/p>\n<p>J\u00e1 o deputado Glauber Braga (PSOL-RJ), disse que a quest\u00e3o n\u00e3o \u00e9 de efici\u00eancia, mas de atender a uma demanda de empresas privadas. Por isso, o deputado disse ainda que, sem uma altera\u00e7\u00e3o substancial no texto, &#8220;n\u00e3o h\u00e1 menor possibilidade de tentativa de acordo&#8221;.<\/p>\n<p>Com isso, a tend\u00eancia \u00e9 que a oposi\u00e7\u00e3o permane\u00e7a em obstru\u00e7\u00e3o na quarta-feira (30) e use de todos os m\u00e9todos regimentais para atrasar a vota\u00e7\u00e3o do relat\u00f3rio.<\/p>\n<p><strong>Governadores do Nordeste<\/strong><br \/>\nGovernadores do Nordeste emitiram uma nota contr\u00e1ria ao relat\u00f3rio de Zuliani na \u00faltima quinta-feira (24) dizendo que o texto do relator \u201cfere o pacto federativo, a organiza\u00e7\u00e3o e autonomia dos estados, munic\u00edpios e do Distrito Federal ao impor condi\u00e7\u00f5es que contrariam a Constitui\u00e7\u00e3o, impedindo que exer\u00e7am suas prerrogativas constitucionais\u201d.<\/p>\n<p>A nota diz ainda que o projeto em vota\u00e7\u00e3o elimina os mecanismos de subs\u00eddio cruzado, &#8220;que garante a presta\u00e7\u00e3o dos servi\u00e7os para as popula\u00e7\u00f5es mais pobres e os munic\u00edpios pequenos e de menor renda&#8221;.<\/p>\n<\/div>\n","protected":false},"excerpt":{"rendered":"<p>Bernardo Gonzaga, da\u00a0Ag\u00eancia iNFRA O relator do projeto de lei que pretende ser o novo marco do saneamento b\u00e1sico no pa\u00eds, Geninho Zuliani (DEM-SP), disse que alteraria seu relat\u00f3rio no in\u00edcio desta semana e apresentaria o texto na quarta-feira (30) para vota\u00e7\u00e3o na comiss\u00e3o especial que discute o tema. Segundo Zuliani, uma das modifica\u00e7\u00f5es que [&hellip;]<\/p>\n","protected":false},"author":9,"featured_media":3940,"comment_status":"closed","ping_status":"closed","sticky":false,"template":"","format":"standard","meta":{"_monsterinsights_skip_tracking":false,"_monsterinsights_sitenote_active":false,"_monsterinsights_sitenote_note":"","_monsterinsights_sitenote_category":0,"footnotes":""},"categories":[7],"tags":[1398,1400,1284,1300,1401,1397,1399,73],"class_list":["post-3939","post","type-post","status-publish","format-standard","has-post-thumbnail","hentry","category-infratransporte","tag-aesbe","tag-darcisio-perondi","tag-embrapa","tag-geninho-zuliani","tag-glauber-braga","tag-marco-do-saneamento","tag-marcus-vinicius-fernandes","tag-saneamento-basico"],"yoast_head":"<!-- This site is optimized with the Yoast SEO Premium plugin v25.4 (Yoast SEO v26.0) - https:\/\/yoast.com\/wordpress\/plugins\/seo\/ -->\n<title>Relator vai mudar marco do saneamento, mas ainda n\u00e3o h\u00e1 acordo para aprova\u00e7\u00e3o do texto - Ag\u00eancia iNFRA<\/title>\n<meta name=\"robots\" content=\"index, follow, max-snippet:-1, max-image-preview:large, max-video-preview:-1\" \/>\n<link rel=\"canonical\" href=\"https:\/\/agenciainfra.com\/blog\/relator-vai-mudar-marco-do-saneamento-mas-ainda-nao-ha-acordo-para-aprovacao-do-texto\/\" \/>\n<meta property=\"og:locale\" content=\"pt_BR\" \/>\n<meta property=\"og:type\" content=\"article\" \/>\n<meta property=\"og:title\" content=\"Relator vai mudar marco do saneamento, mas ainda n\u00e3o h\u00e1 acordo para aprova\u00e7\u00e3o do texto\" \/>\n<meta property=\"og:description\" content=\"Bernardo Gonzaga, da\u00a0Ag\u00eancia iNFRA O relator do projeto de lei que pretende ser o novo marco do saneamento b\u00e1sico no pa\u00eds, Geninho Zuliani (DEM-SP), disse que alteraria seu relat\u00f3rio no in\u00edcio desta semana e apresentaria o texto na quarta-feira (30) para vota\u00e7\u00e3o na comiss\u00e3o especial que discute o tema. Segundo Zuliani, uma das modifica\u00e7\u00f5es que [&hellip;]\" \/>\n<meta property=\"og:url\" content=\"https:\/\/agenciainfra.com\/blog\/relator-vai-mudar-marco-do-saneamento-mas-ainda-nao-ha-acordo-para-aprovacao-do-texto\/\" \/>\n<meta property=\"og:site_name\" content=\"Ag\u00eancia iNFRA\" \/>\n<meta property=\"article:publisher\" content=\"https:\/\/www.facebook.com\/ageninfra\" \/>\n<meta property=\"article:published_time\" content=\"2019-10-29T11:00:28+00:00\" \/>\n<meta property=\"og:image\" content=\"https:\/\/agenciainfra.com\/blog\/wp-content\/uploads\/2019\/10\/geninho-zuliani-luis-macedo-camara-dos-deputados.jpg\" \/>\n\t<meta property=\"og:image:width\" content=\"1280\" \/>\n\t<meta property=\"og:image:height\" content=\"853\" \/>\n\t<meta property=\"og:image:type\" content=\"image\/jpeg\" \/>\n<meta name=\"author\" content=\"Rodrigo Zuquim\" \/>\n<meta name=\"twitter:card\" content=\"summary_large_image\" \/>\n<meta name=\"twitter:creator\" content=\"@agencia_infra\" \/>\n<meta name=\"twitter:site\" content=\"@agencia_infra\" \/>\n<meta name=\"twitter:label1\" content=\"Escrito por\" \/>\n\t<meta name=\"twitter:data1\" content=\"Rodrigo Zuquim\" \/>\n\t<meta name=\"twitter:label2\" content=\"Est. tempo de leitura\" \/>\n\t<meta name=\"twitter:data2\" content=\"3 minutos\" \/>\n<script type=\"application\/ld+json\" class=\"yoast-schema-graph\">{\"@context\":\"https:\/\/schema.org\",\"@graph\":[{\"@type\":\"Article\",\"@id\":\"https:\/\/agenciainfra.com\/blog\/relator-vai-mudar-marco-do-saneamento-mas-ainda-nao-ha-acordo-para-aprovacao-do-texto\/#article\",\"isPartOf\":{\"@id\":\"https:\/\/agenciainfra.com\/blog\/relator-vai-mudar-marco-do-saneamento-mas-ainda-nao-ha-acordo-para-aprovacao-do-texto\/\"},\"author\":{\"name\":\"Rodrigo Zuquim\",\"@id\":\"https:\/\/agenciainfra.com\/blog\/#\/schema\/person\/04dbb79bd6d8951f063da71f3e4c1eb1\"},\"headline\":\"Relator vai mudar marco do saneamento, mas ainda n\u00e3o h\u00e1 acordo para aprova\u00e7\u00e3o do texto\",\"datePublished\":\"2019-10-29T11:00:28+00:00\",\"mainEntityOfPage\":{\"@id\":\"https:\/\/agenciainfra.com\/blog\/relator-vai-mudar-marco-do-saneamento-mas-ainda-nao-ha-acordo-para-aprovacao-do-texto\/\"},\"wordCount\":546,\"publisher\":{\"@id\":\"https:\/\/agenciainfra.com\/blog\/#organization\"},\"image\":{\"@id\":\"https:\/\/agenciainfra.com\/blog\/relator-vai-mudar-marco-do-saneamento-mas-ainda-nao-ha-acordo-para-aprovacao-do-texto\/#primaryimage\"},\"thumbnailUrl\":\"https:\/\/agenciainfra.com\/blog\/wp-content\/uploads\/2019\/10\/geninho-zuliani-luis-macedo-camara-dos-deputados.jpg\",\"keywords\":[\"AESBE\",\"Darc\u00edsio Perondi\",\"Embrapa\",\"Geninho Zuliani\",\"Glauber Braga\",\"marco do saneamento\",\"Marcus Vin\u00edcius Fernandes\",\"Saneamento B\u00e1sico\"],\"articleSection\":[\"iNFRATransporte\"],\"inLanguage\":\"pt-BR\",\"copyrightYear\":\"2019\",\"copyrightHolder\":{\"@id\":\"https:\/\/agenciainfra.com\/blog\/#organization\"}},{\"@type\":\"WebPage\",\"@id\":\"https:\/\/agenciainfra.com\/blog\/relator-vai-mudar-marco-do-saneamento-mas-ainda-nao-ha-acordo-para-aprovacao-do-texto\/\",\"url\":\"https:\/\/agenciainfra.com\/blog\/relator-vai-mudar-marco-do-saneamento-mas-ainda-nao-ha-acordo-para-aprovacao-do-texto\/\",\"name\":\"Relator vai mudar marco do saneamento, mas ainda n\u00e3o h\u00e1 acordo para aprova\u00e7\u00e3o do texto - Ag\u00eancia iNFRA\",\"isPartOf\":{\"@id\":\"https:\/\/agenciainfra.com\/blog\/#website\"},\"primaryImageOfPage\":{\"@id\":\"https:\/\/agenciainfra.com\/blog\/relator-vai-mudar-marco-do-saneamento-mas-ainda-nao-ha-acordo-para-aprovacao-do-texto\/#primaryimage\"},\"image\":{\"@id\":\"https:\/\/agenciainfra.com\/blog\/relator-vai-mudar-marco-do-saneamento-mas-ainda-nao-ha-acordo-para-aprovacao-do-texto\/#primaryimage\"},\"thumbnailUrl\":\"https:\/\/agenciainfra.com\/blog\/wp-content\/uploads\/2019\/10\/geninho-zuliani-luis-macedo-camara-dos-deputados.jpg\",\"datePublished\":\"2019-10-29T11:00:28+00:00\",\"breadcrumb\":{\"@id\":\"https:\/\/agenciainfra.com\/blog\/relator-vai-mudar-marco-do-saneamento-mas-ainda-nao-ha-acordo-para-aprovacao-do-texto\/#breadcrumb\"},\"inLanguage\":\"pt-BR\",\"potentialAction\":[{\"@type\":\"ReadAction\",\"target\":[\"https:\/\/agenciainfra.com\/blog\/relator-vai-mudar-marco-do-saneamento-mas-ainda-nao-ha-acordo-para-aprovacao-do-texto\/\"]}]},{\"@type\":\"ImageObject\",\"inLanguage\":\"pt-BR\",\"@id\":\"https:\/\/agenciainfra.com\/blog\/relator-vai-mudar-marco-do-saneamento-mas-ainda-nao-ha-acordo-para-aprovacao-do-texto\/#primaryimage\",\"url\":\"https:\/\/agenciainfra.com\/blog\/wp-content\/uploads\/2019\/10\/geninho-zuliani-luis-macedo-camara-dos-deputados.jpg\",\"contentUrl\":\"https:\/\/agenciainfra.com\/blog\/wp-content\/uploads\/2019\/10\/geninho-zuliani-luis-macedo-camara-dos-deputados.jpg\",\"width\":1280,\"height\":853},{\"@type\":\"BreadcrumbList\",\"@id\":\"https:\/\/agenciainfra.com\/blog\/relator-vai-mudar-marco-do-saneamento-mas-ainda-nao-ha-acordo-para-aprovacao-do-texto\/#breadcrumb\",\"itemListElement\":[{\"@type\":\"ListItem\",\"position\":1,\"name\":\"In\u00edcio\",\"item\":\"https:\/\/agenciainfra.com\/blog\/\"},{\"@type\":\"ListItem\",\"position\":2,\"name\":\"Relator vai mudar marco do saneamento, mas ainda n\u00e3o h\u00e1 acordo para aprova\u00e7\u00e3o do texto\"}]},{\"@type\":\"WebSite\",\"@id\":\"https:\/\/agenciainfra.com\/blog\/#website\",\"url\":\"https:\/\/agenciainfra.com\/blog\/\",\"name\":\"Ag\u00eancia iNFRA\",\"description\":\"Multiplataforma de informa\u00e7\u00e3o jornal\u00edstica refer\u00eancia na \u00e1rea de infraestrutura no Brasil!\",\"publisher\":{\"@id\":\"https:\/\/agenciainfra.com\/blog\/#organization\"},\"potentialAction\":[{\"@type\":\"SearchAction\",\"target\":{\"@type\":\"EntryPoint\",\"urlTemplate\":\"https:\/\/agenciainfra.com\/blog\/?s={search_term_string}\"},\"query-input\":{\"@type\":\"PropertyValueSpecification\",\"valueRequired\":true,\"valueName\":\"search_term_string\"}}],\"inLanguage\":\"pt-BR\"},{\"@type\":\"Organization\",\"@id\":\"https:\/\/agenciainfra.com\/blog\/#organization\",\"name\":\"Ag\u00eancia iNFRA\",\"url\":\"https:\/\/agenciainfra.com\/blog\/\",\"logo\":{\"@type\":\"ImageObject\",\"inLanguage\":\"pt-BR\",\"@id\":\"https:\/\/agenciainfra.com\/blog\/#\/schema\/logo\/image\/\",\"url\":\"https:\/\/agenciainfra.com\/blog\/wp-content\/uploads\/2023\/09\/iNFRA_5-e1761735885940.png\",\"contentUrl\":\"https:\/\/agenciainfra.com\/blog\/wp-content\/uploads\/2023\/09\/iNFRA_5-e1761735885940.png\",\"width\":1672,\"height\":454,\"caption\":\"Ag\u00eancia iNFRA\"},\"image\":{\"@id\":\"https:\/\/agenciainfra.com\/blog\/#\/schema\/logo\/image\/\"},\"sameAs\":[\"https:\/\/www.facebook.com\/ageninfra\",\"https:\/\/x.com\/agencia_infra\",\"https:\/\/www.linkedin.com\/company\/ag\u00eanciainfra\/\",\"https:\/\/www.instagram.com\/agenciainfra\/\"]},{\"@type\":\"Person\",\"@id\":\"https:\/\/agenciainfra.com\/blog\/#\/schema\/person\/04dbb79bd6d8951f063da71f3e4c1eb1\",\"name\":\"Rodrigo Zuquim\",\"image\":{\"@type\":\"ImageObject\",\"inLanguage\":\"pt-BR\",\"@id\":\"https:\/\/agenciainfra.com\/blog\/#\/schema\/person\/image\/\",\"url\":\"https:\/\/secure.gravatar.com\/avatar\/594abfe82761d620726242ff34ca472a705a4b97f16c790053a6b4c4035274d0?s=96&d=mm&r=g\",\"contentUrl\":\"https:\/\/secure.gravatar.com\/avatar\/594abfe82761d620726242ff34ca472a705a4b97f16c790053a6b4c4035274d0?s=96&d=mm&r=g\",\"caption\":\"Rodrigo Zuquim\"},\"url\":\"https:\/\/agenciainfra.com\/blog\/author\/rodrigo-zuquim\/\"}]}<\/script>\n<!-- \/ Yoast SEO Premium plugin. -->","yoast_head_json":{"title":"Relator vai mudar marco do saneamento, mas ainda n\u00e3o h\u00e1 acordo para aprova\u00e7\u00e3o do texto - Ag\u00eancia iNFRA","robots":{"index":"index","follow":"follow","max-snippet":"max-snippet:-1","max-image-preview":"max-image-preview:large","max-video-preview":"max-video-preview:-1"},"canonical":"https:\/\/agenciainfra.com\/blog\/relator-vai-mudar-marco-do-saneamento-mas-ainda-nao-ha-acordo-para-aprovacao-do-texto\/","og_locale":"pt_BR","og_type":"article","og_title":"Relator vai mudar marco do saneamento, mas ainda n\u00e3o h\u00e1 acordo para aprova\u00e7\u00e3o do texto","og_description":"Bernardo Gonzaga, da\u00a0Ag\u00eancia iNFRA O relator do projeto de lei que pretende ser o novo marco do saneamento b\u00e1sico no pa\u00eds, Geninho Zuliani (DEM-SP), disse que alteraria seu relat\u00f3rio no in\u00edcio desta semana e apresentaria o texto na quarta-feira (30) para vota\u00e7\u00e3o na comiss\u00e3o especial que discute o tema. Segundo Zuliani, uma das modifica\u00e7\u00f5es que [&hellip;]","og_url":"https:\/\/agenciainfra.com\/blog\/relator-vai-mudar-marco-do-saneamento-mas-ainda-nao-ha-acordo-para-aprovacao-do-texto\/","og_site_name":"Ag\u00eancia iNFRA","article_publisher":"https:\/\/www.facebook.com\/ageninfra","article_published_time":"2019-10-29T11:00:28+00:00","og_image":[{"width":1280,"height":853,"url":"https:\/\/agenciainfra.com\/blog\/wp-content\/uploads\/2019\/10\/geninho-zuliani-luis-macedo-camara-dos-deputados.jpg","type":"image\/jpeg"}],"author":"Rodrigo Zuquim","twitter_card":"summary_large_image","twitter_creator":"@agencia_infra","twitter_site":"@agencia_infra","twitter_misc":{"Escrito por":"Rodrigo Zuquim","Est. tempo de leitura":"3 minutos"},"schema":{"@context":"https:\/\/schema.org","@graph":[{"@type":"Article","@id":"https:\/\/agenciainfra.com\/blog\/relator-vai-mudar-marco-do-saneamento-mas-ainda-nao-ha-acordo-para-aprovacao-do-texto\/#article","isPartOf":{"@id":"https:\/\/agenciainfra.com\/blog\/relator-vai-mudar-marco-do-saneamento-mas-ainda-nao-ha-acordo-para-aprovacao-do-texto\/"},"author":{"name":"Rodrigo Zuquim","@id":"https:\/\/agenciainfra.com\/blog\/#\/schema\/person\/04dbb79bd6d8951f063da71f3e4c1eb1"},"headline":"Relator vai mudar marco do saneamento, mas ainda n\u00e3o h\u00e1 acordo para aprova\u00e7\u00e3o do texto","datePublished":"2019-10-29T11:00:28+00:00","mainEntityOfPage":{"@id":"https:\/\/agenciainfra.com\/blog\/relator-vai-mudar-marco-do-saneamento-mas-ainda-nao-ha-acordo-para-aprovacao-do-texto\/"},"wordCount":546,"publisher":{"@id":"https:\/\/agenciainfra.com\/blog\/#organization"},"image":{"@id":"https:\/\/agenciainfra.com\/blog\/relator-vai-mudar-marco-do-saneamento-mas-ainda-nao-ha-acordo-para-aprovacao-do-texto\/#primaryimage"},"thumbnailUrl":"https:\/\/agenciainfra.com\/blog\/wp-content\/uploads\/2019\/10\/geninho-zuliani-luis-macedo-camara-dos-deputados.jpg","keywords":["AESBE","Darc\u00edsio Perondi","Embrapa","Geninho Zuliani","Glauber Braga","marco do saneamento","Marcus Vin\u00edcius Fernandes","Saneamento B\u00e1sico"],"articleSection":["iNFRATransporte"],"inLanguage":"pt-BR","copyrightYear":"2019","copyrightHolder":{"@id":"https:\/\/agenciainfra.com\/blog\/#organization"}},{"@type":"WebPage","@id":"https:\/\/agenciainfra.com\/blog\/relator-vai-mudar-marco-do-saneamento-mas-ainda-nao-ha-acordo-para-aprovacao-do-texto\/","url":"https:\/\/agenciainfra.com\/blog\/relator-vai-mudar-marco-do-saneamento-mas-ainda-nao-ha-acordo-para-aprovacao-do-texto\/","name":"Relator vai mudar marco do saneamento, mas ainda n\u00e3o h\u00e1 acordo para aprova\u00e7\u00e3o do texto - Ag\u00eancia iNFRA","isPartOf":{"@id":"https:\/\/agenciainfra.com\/blog\/#website"},"primaryImageOfPage":{"@id":"https:\/\/agenciainfra.com\/blog\/relator-vai-mudar-marco-do-saneamento-mas-ainda-nao-ha-acordo-para-aprovacao-do-texto\/#primaryimage"},"image":{"@id":"https:\/\/agenciainfra.com\/blog\/relator-vai-mudar-marco-do-saneamento-mas-ainda-nao-ha-acordo-para-aprovacao-do-texto\/#primaryimage"},"thumbnailUrl":"https:\/\/agenciainfra.com\/blog\/wp-content\/uploads\/2019\/10\/geninho-zuliani-luis-macedo-camara-dos-deputados.jpg","datePublished":"2019-10-29T11:00:28+00:00","breadcrumb":{"@id":"https:\/\/agenciainfra.com\/blog\/relator-vai-mudar-marco-do-saneamento-mas-ainda-nao-ha-acordo-para-aprovacao-do-texto\/#breadcrumb"},"inLanguage":"pt-BR","potentialAction":[{"@type":"ReadAction","target":["https:\/\/agenciainfra.com\/blog\/relator-vai-mudar-marco-do-saneamento-mas-ainda-nao-ha-acordo-para-aprovacao-do-texto\/"]}]},{"@type":"ImageObject","inLanguage":"pt-BR","@id":"https:\/\/agenciainfra.com\/blog\/relator-vai-mudar-marco-do-saneamento-mas-ainda-nao-ha-acordo-para-aprovacao-do-texto\/#primaryimage","url":"https:\/\/agenciainfra.com\/blog\/wp-content\/uploads\/2019\/10\/geninho-zuliani-luis-macedo-camara-dos-deputados.jpg","contentUrl":"https:\/\/agenciainfra.com\/blog\/wp-content\/uploads\/2019\/10\/geninho-zuliani-luis-macedo-camara-dos-deputados.jpg","width":1280,"height":853},{"@type":"BreadcrumbList","@id":"https:\/\/agenciainfra.com\/blog\/relator-vai-mudar-marco-do-saneamento-mas-ainda-nao-ha-acordo-para-aprovacao-do-texto\/#breadcrumb","itemListElement":[{"@type":"ListItem","position":1,"name":"In\u00edcio","item":"https:\/\/agenciainfra.com\/blog\/"},{"@type":"ListItem","position":2,"name":"Relator vai mudar marco do saneamento, mas ainda n\u00e3o h\u00e1 acordo para aprova\u00e7\u00e3o do texto"}]},{"@type":"WebSite","@id":"https:\/\/agenciainfra.com\/blog\/#website","url":"https:\/\/agenciainfra.com\/blog\/","name":"Ag\u00eancia iNFRA","description":"Multiplataforma de informa\u00e7\u00e3o jornal\u00edstica refer\u00eancia na \u00e1rea de infraestrutura no Brasil!","publisher":{"@id":"https:\/\/agenciainfra.com\/blog\/#organization"},"potentialAction":[{"@type":"SearchAction","target":{"@type":"EntryPoint","urlTemplate":"https:\/\/agenciainfra.com\/blog\/?s={search_term_string}"},"query-input":{"@type":"PropertyValueSpecification","valueRequired":true,"valueName":"search_term_string"}}],"inLanguage":"pt-BR"},{"@type":"Organization","@id":"https:\/\/agenciainfra.com\/blog\/#organization","name":"Ag\u00eancia iNFRA","url":"https:\/\/agenciainfra.com\/blog\/","logo":{"@type":"ImageObject","inLanguage":"pt-BR","@id":"https:\/\/agenciainfra.com\/blog\/#\/schema\/logo\/image\/","url":"https:\/\/agenciainfra.com\/blog\/wp-content\/uploads\/2023\/09\/iNFRA_5-e1761735885940.png","contentUrl":"https:\/\/agenciainfra.com\/blog\/wp-content\/uploads\/2023\/09\/iNFRA_5-e1761735885940.png","width":1672,"height":454,"caption":"Ag\u00eancia iNFRA"},"image":{"@id":"https:\/\/agenciainfra.com\/blog\/#\/schema\/logo\/image\/"},"sameAs":["https:\/\/www.facebook.com\/ageninfra","https:\/\/x.com\/agencia_infra","https:\/\/www.linkedin.com\/company\/ag\u00eanciainfra\/","https:\/\/www.instagram.com\/agenciainfra\/"]},{"@type":"Person","@id":"https:\/\/agenciainfra.com\/blog\/#\/schema\/person\/04dbb79bd6d8951f063da71f3e4c1eb1","name":"Rodrigo Zuquim","image":{"@type":"ImageObject","inLanguage":"pt-BR","@id":"https:\/\/agenciainfra.com\/blog\/#\/schema\/person\/image\/","url":"https:\/\/secure.gravatar.com\/avatar\/594abfe82761d620726242ff34ca472a705a4b97f16c790053a6b4c4035274d0?s=96&d=mm&r=g","contentUrl":"https:\/\/secure.gravatar.com\/avatar\/594abfe82761d620726242ff34ca472a705a4b97f16c790053a6b4c4035274d0?s=96&d=mm&r=g","caption":"Rodrigo Zuquim"},"url":"https:\/\/agenciainfra.com\/blog\/author\/rodrigo-zuquim\/"}]}},"_links":{"self":[{"href":"https:\/\/agenciainfra.com\/blog\/wp-json\/wp\/v2\/posts\/3939","targetHints":{"allow":["GET"]}}],"collection":[{"href":"https:\/\/agenciainfra.com\/blog\/wp-json\/wp\/v2\/posts"}],"about":[{"href":"https:\/\/agenciainfra.com\/blog\/wp-json\/wp\/v2\/types\/post"}],"author":[{"embeddable":true,"href":"https:\/\/agenciainfra.com\/blog\/wp-json\/wp\/v2\/users\/9"}],"replies":[{"embeddable":true,"href":"https:\/\/agenciainfra.com\/blog\/wp-json\/wp\/v2\/comments?post=3939"}],"version-history":[{"count":0,"href":"https:\/\/agenciainfra.com\/blog\/wp-json\/wp\/v2\/posts\/3939\/revisions"}],"wp:featuredmedia":[{"embeddable":true,"href":"https:\/\/agenciainfra.com\/blog\/wp-json\/wp\/v2\/media\/3940"}],"wp:attachment":[{"href":"https:\/\/agenciainfra.com\/blog\/wp-json\/wp\/v2\/media?parent=3939"}],"wp:term":[{"taxonomy":"category","embeddable":true,"href":"https:\/\/agenciainfra.com\/blog\/wp-json\/wp\/v2\/categories?post=3939"},{"taxonomy":"post_tag","embeddable":true,"href":"https:\/\/agenciainfra.com\/blog\/wp-json\/wp\/v2\/tags?post=3939"}],"curies":[{"name":"wp","href":"https:\/\/api.w.org\/{rel}","templated":true}]}}