{"id":3949,"date":"2019-10-31T08:00:04","date_gmt":"2019-10-31T11:00:04","guid":{"rendered":"http:\/\/www.agenciainfra.com\/blog\/?p=3949"},"modified":"2019-10-29T11:34:37","modified_gmt":"2019-10-29T14:34:37","slug":"preocupacao-com-acesso-ferroviario-e-destaque-em-audiencia-publica-no-porto-de-santos","status":"publish","type":"post","link":"https:\/\/agenciainfra.com\/blog\/preocupacao-com-acesso-ferroviario-e-destaque-em-audiencia-publica-no-porto-de-santos\/","title":{"rendered":"Preocupa\u00e7\u00e3o com acesso ferrovi\u00e1rio \u00e9 destaque em audi\u00eancia p\u00fablica no Porto de Santos"},"content":{"rendered":"<h5 style=\"text-align: right;\"><strong>Rodrigo Zuquim, da Ag\u00eancia iNFRA<\/strong><\/h5>\n<div>\n<p dir=\"ltr\">O acesso ferrovi\u00e1rio foi o ponto mais questionado na audi\u00eancia p\u00fablica sobre as \u00e1reas que ser\u00e3o leiloadas no Porto de Santos destinadas \u00e0 movimenta\u00e7\u00e3o de celulose.<\/p>\n<p>A ANTAQ (Ag\u00eancia Nacional de Transportes Aquavi\u00e1rios) realizou na \u00faltima sexta-feira (25) a audi\u00eancia p\u00fablica 9\/2019, para a realiza\u00e7\u00e3o dos leil\u00f5es das \u00e1reas STS 14 e STS 14A, localizadas na regi\u00e3o da Ponta da Praia, em Santos (SP), e parte da carteira de projetos do PPI (Programa de Parcerias de Investimentos).<\/p>\n<p>Regis Prunzel, representante do TES (Terminal Exportador de Santos), apontou dificuldades no acesso e a necessidade de se equacionar os conflitos relacionados \u00e0 Margem Direita do porto para que o trem possa chegar no seu destino. Segundo Prunzel, as linhas atuais j\u00e1 est\u00e3o saturadas.<\/p>\n<p>Para Fl\u00e1vio da Rocha Costa, da Eldorado Brasil, fabricante de celulose interessada nas \u00e1reas, \u00e9 preciso esclarecer qual seguran\u00e7a a empresa ter\u00e1 para investir e ter o armaz\u00e9m e a estrutura prontos para receber os trens.<\/p>\n<p>Na mesma dire\u00e7\u00e3o manifestou-se Leonardo Ribeiro, representante da ABTP (Associa\u00e7\u00e3o Brasileira dos Terminais Portu\u00e1rios), para quem a quest\u00e3o a respeito da melhoria da malha ferrovi\u00e1ria \u00e9 urgente. A preocupa\u00e7\u00e3o maior, segundo Ribeiro, \u00e9 saber se os terminais conseguir\u00e3o atender toda a demanda com o sistema ferrovi\u00e1rio que existe.<\/p>\n<p>A advogada da FIEMT (Federa\u00e7\u00e3o das Ind\u00fastrias no Estado de Mato Grosso) Monicke Sant&#8217;Anna Arruda qualificou a malha ferrovi\u00e1ria como deficit\u00e1ria, e o diretor de Supply Chain da produtora de celulose Bracell, Alberto Pagano, definiu-a como &#8220;fator preocupante&#8221;.<\/p>\n<p>As manifesta\u00e7\u00f5es foram bem acolhidas pela mesa diretora, integrada por representantes do Minist\u00e9rio da Infraestrutura, da ANTAQ, da Codesp (Companhia Docas do Estado de S\u00e3o Paulo) e da EPL (Empresa de Planejamento e Log\u00edstica). O coordenador de Portos da EPL, Fernando Corr\u00eaa dos Santos, afirmou que os aspectos t\u00e9cnicos sobre a modelagem ferrovi\u00e1ria est\u00e3o em discuss\u00e3o e ser\u00e3o resolvidos.<\/p>\n<p><strong>\u00c1rea da Libra<\/strong><br \/>\nOs terminais STS 14 e STS 14A comp\u00f5em a \u00e1rea em que estava localizado o terminal de cont\u00eaineres da Libra, cujo contrato foi extinto por determina\u00e7\u00e3o do TCU (Tribunal de Contas da Uni\u00e3o).<\/p>\n<p>As \u00e1reas t\u00eam, respectivamente, 31.018 m\u00b2 e 34.975 m\u00b2, e capacidade de armazenamento de 97 mil toneladas e 125 mil toneladas de celulose, com necessidade de investimentos de R$ 133,9 milh\u00f5es e R$ 145,9 milh\u00f5es. Ambas ser\u00e3o atendidas por tr\u00eas ber\u00e7os de atraca\u00e7\u00e3o cont\u00edguos, al\u00e9m de contar com conex\u00f5es rodovi\u00e1rias e ter acesso \u00e0s linhas f\u00e9rreas do porto.<\/p>\n<p>Os editais devem ser lan\u00e7ados no primeiro trimestre de 2020, e os leil\u00f5es, no segundo trimestre, de acordo com o cronograma do PPI. As informa\u00e7\u00f5es e documenta\u00e7\u00f5es referentes \u00e0 audi\u00eancia p\u00fablica 9\/2019 podem ser acessadas\u00a0<a href=\"https:\/\/agenciainfra.us14.list-manage.com\/track\/click?u=d460dd1bcf9ba0ae040e1fc0f&amp;id=3bf13732ab&amp;e=c099169394\" target=\"_blank\" rel=\"noopener noreferrer\" data-saferedirecturl=\"https:\/\/www.google.com\/url?q=https:\/\/agenciainfra.us14.list-manage.com\/track\/click?u%3Dd460dd1bcf9ba0ae040e1fc0f%26id%3D3bf13732ab%26e%3Dc099169394&amp;source=gmail&amp;ust=1572444328998000&amp;usg=AFQjCNGH8Pbf6gdk69DKlRVnPdB6mKXRZw\">neste link<\/a>.<\/p>\n<\/div>\n","protected":false},"excerpt":{"rendered":"<p>Rodrigo Zuquim, da Ag\u00eancia iNFRA O acesso ferrovi\u00e1rio foi o ponto mais questionado na audi\u00eancia p\u00fablica sobre as \u00e1reas que ser\u00e3o leiloadas no Porto de Santos destinadas \u00e0 movimenta\u00e7\u00e3o de celulose. A ANTAQ (Ag\u00eancia Nacional de Transportes Aquavi\u00e1rios) realizou na \u00faltima sexta-feira (25) a audi\u00eancia p\u00fablica 9\/2019, para a realiza\u00e7\u00e3o dos leil\u00f5es das \u00e1reas STS [&hellip;]<\/p>\n","protected":false},"author":9,"featured_media":3950,"comment_status":"closed","ping_status":"closed","sticky":false,"template":"","format":"standard","meta":{"_monsterinsights_skip_tracking":false,"_monsterinsights_sitenote_active":false,"_monsterinsights_sitenote_note":"","_monsterinsights_sitenote_category":0,"footnotes":""},"categories":[7],"tags":[207,1411,86,1410,1406,252,1412,1408,1405,1407,1409,260,1403,1404],"class_list":["post-3949","post","type-post","status-publish","format-standard","has-post-thumbnail","hentry","category-infratransporte","tag-abtp","tag-alberto-pagano","tag-antaq","tag-bracell","tag-eldorado-brasil","tag-epl","tag-fernando-correa-dos-santos","tag-fiemt","tag-flavio-da-rocha-costa","tag-leonardo-ribeiro","tag-monicke-santanna-arruda","tag-porto-de-santos","tag-regis-prunzel","tag-terminal-exportador-de-santos"],"yoast_head":"<!-- This site is optimized with the Yoast SEO Premium plugin v25.4 (Yoast SEO v26.0) - https:\/\/yoast.com\/wordpress\/plugins\/seo\/ -->\n<title>Preocupa\u00e7\u00e3o com acesso ferrovi\u00e1rio \u00e9 destaque em audi\u00eancia p\u00fablica no Porto de Santos - Ag\u00eancia iNFRA<\/title>\n<meta name=\"robots\" content=\"index, follow, max-snippet:-1, max-image-preview:large, max-video-preview:-1\" \/>\n<link rel=\"canonical\" href=\"https:\/\/agenciainfra.com\/blog\/preocupacao-com-acesso-ferroviario-e-destaque-em-audiencia-publica-no-porto-de-santos\/\" \/>\n<meta property=\"og:locale\" content=\"pt_BR\" \/>\n<meta property=\"og:type\" content=\"article\" \/>\n<meta property=\"og:title\" content=\"Preocupa\u00e7\u00e3o com acesso ferrovi\u00e1rio \u00e9 destaque em audi\u00eancia p\u00fablica no Porto de Santos\" \/>\n<meta property=\"og:description\" content=\"Rodrigo Zuquim, da Ag\u00eancia iNFRA O acesso ferrovi\u00e1rio foi o ponto mais questionado na audi\u00eancia p\u00fablica sobre as \u00e1reas que ser\u00e3o leiloadas no Porto de Santos destinadas \u00e0 movimenta\u00e7\u00e3o de celulose. A ANTAQ (Ag\u00eancia Nacional de Transportes Aquavi\u00e1rios) realizou na \u00faltima sexta-feira (25) a audi\u00eancia p\u00fablica 9\/2019, para a realiza\u00e7\u00e3o dos leil\u00f5es das \u00e1reas STS [&hellip;]\" \/>\n<meta property=\"og:url\" content=\"https:\/\/agenciainfra.com\/blog\/preocupacao-com-acesso-ferroviario-e-destaque-em-audiencia-publica-no-porto-de-santos\/\" \/>\n<meta property=\"og:site_name\" content=\"Ag\u00eancia iNFRA\" \/>\n<meta property=\"article:publisher\" content=\"https:\/\/www.facebook.com\/ageninfra\" \/>\n<meta property=\"article:published_time\" content=\"2019-10-31T11:00:04+00:00\" \/>\n<meta property=\"og:image\" content=\"https:\/\/agenciainfra.com\/blog\/wp-content\/uploads\/2019\/10\/porto-santos-codesp.jpg\" \/>\n\t<meta property=\"og:image:width\" content=\"1024\" \/>\n\t<meta property=\"og:image:height\" content=\"683\" \/>\n\t<meta property=\"og:image:type\" content=\"image\/jpeg\" \/>\n<meta name=\"author\" content=\"Rodrigo Zuquim\" \/>\n<meta name=\"twitter:card\" content=\"summary_large_image\" \/>\n<meta name=\"twitter:creator\" content=\"@agencia_infra\" \/>\n<meta name=\"twitter:site\" content=\"@agencia_infra\" \/>\n<meta name=\"twitter:label1\" content=\"Escrito por\" \/>\n\t<meta name=\"twitter:data1\" content=\"Rodrigo Zuquim\" \/>\n\t<meta name=\"twitter:label2\" content=\"Est. tempo de leitura\" \/>\n\t<meta name=\"twitter:data2\" content=\"2 minutos\" \/>\n<script type=\"application\/ld+json\" class=\"yoast-schema-graph\">{\"@context\":\"https:\/\/schema.org\",\"@graph\":[{\"@type\":\"Article\",\"@id\":\"https:\/\/agenciainfra.com\/blog\/preocupacao-com-acesso-ferroviario-e-destaque-em-audiencia-publica-no-porto-de-santos\/#article\",\"isPartOf\":{\"@id\":\"https:\/\/agenciainfra.com\/blog\/preocupacao-com-acesso-ferroviario-e-destaque-em-audiencia-publica-no-porto-de-santos\/\"},\"author\":{\"name\":\"Rodrigo Zuquim\",\"@id\":\"https:\/\/agenciainfra.com\/blog\/#\/schema\/person\/04dbb79bd6d8951f063da71f3e4c1eb1\"},\"headline\":\"Preocupa\u00e7\u00e3o com acesso ferrovi\u00e1rio \u00e9 destaque em audi\u00eancia p\u00fablica no Porto de Santos\",\"datePublished\":\"2019-10-31T11:00:04+00:00\",\"mainEntityOfPage\":{\"@id\":\"https:\/\/agenciainfra.com\/blog\/preocupacao-com-acesso-ferroviario-e-destaque-em-audiencia-publica-no-porto-de-santos\/\"},\"wordCount\":498,\"publisher\":{\"@id\":\"https:\/\/agenciainfra.com\/blog\/#organization\"},\"image\":{\"@id\":\"https:\/\/agenciainfra.com\/blog\/preocupacao-com-acesso-ferroviario-e-destaque-em-audiencia-publica-no-porto-de-santos\/#primaryimage\"},\"thumbnailUrl\":\"https:\/\/agenciainfra.com\/blog\/wp-content\/uploads\/2019\/10\/porto-santos-codesp.jpg\",\"keywords\":[\"ABTP\",\"Alberto Pagano\",\"ANTAQ\",\"Bracell\",\"Eldorado Brasil\",\"EPL\",\"Fernando Corr\u00eaa dos Santos\",\"FIEMT\",\"Fl\u00e1vio da Rocha Costa\",\"Leonardo Ribeiro\",\"Monicke Sant'Anna Arruda\",\"Porto de Santos\",\"Regis Prunzel\",\"Terminal Exportador de Santos\"],\"articleSection\":[\"iNFRATransporte\"],\"inLanguage\":\"pt-BR\",\"copyrightYear\":\"2019\",\"copyrightHolder\":{\"@id\":\"https:\/\/agenciainfra.com\/blog\/#organization\"}},{\"@type\":\"WebPage\",\"@id\":\"https:\/\/agenciainfra.com\/blog\/preocupacao-com-acesso-ferroviario-e-destaque-em-audiencia-publica-no-porto-de-santos\/\",\"url\":\"https:\/\/agenciainfra.com\/blog\/preocupacao-com-acesso-ferroviario-e-destaque-em-audiencia-publica-no-porto-de-santos\/\",\"name\":\"Preocupa\u00e7\u00e3o com acesso ferrovi\u00e1rio \u00e9 destaque em audi\u00eancia p\u00fablica no Porto de Santos - Ag\u00eancia iNFRA\",\"isPartOf\":{\"@id\":\"https:\/\/agenciainfra.com\/blog\/#website\"},\"primaryImageOfPage\":{\"@id\":\"https:\/\/agenciainfra.com\/blog\/preocupacao-com-acesso-ferroviario-e-destaque-em-audiencia-publica-no-porto-de-santos\/#primaryimage\"},\"image\":{\"@id\":\"https:\/\/agenciainfra.com\/blog\/preocupacao-com-acesso-ferroviario-e-destaque-em-audiencia-publica-no-porto-de-santos\/#primaryimage\"},\"thumbnailUrl\":\"https:\/\/agenciainfra.com\/blog\/wp-content\/uploads\/2019\/10\/porto-santos-codesp.jpg\",\"datePublished\":\"2019-10-31T11:00:04+00:00\",\"breadcrumb\":{\"@id\":\"https:\/\/agenciainfra.com\/blog\/preocupacao-com-acesso-ferroviario-e-destaque-em-audiencia-publica-no-porto-de-santos\/#breadcrumb\"},\"inLanguage\":\"pt-BR\",\"potentialAction\":[{\"@type\":\"ReadAction\",\"target\":[\"https:\/\/agenciainfra.com\/blog\/preocupacao-com-acesso-ferroviario-e-destaque-em-audiencia-publica-no-porto-de-santos\/\"]}]},{\"@type\":\"ImageObject\",\"inLanguage\":\"pt-BR\",\"@id\":\"https:\/\/agenciainfra.com\/blog\/preocupacao-com-acesso-ferroviario-e-destaque-em-audiencia-publica-no-porto-de-santos\/#primaryimage\",\"url\":\"https:\/\/agenciainfra.com\/blog\/wp-content\/uploads\/2019\/10\/porto-santos-codesp.jpg\",\"contentUrl\":\"https:\/\/agenciainfra.com\/blog\/wp-content\/uploads\/2019\/10\/porto-santos-codesp.jpg\",\"width\":1024,\"height\":683},{\"@type\":\"BreadcrumbList\",\"@id\":\"https:\/\/agenciainfra.com\/blog\/preocupacao-com-acesso-ferroviario-e-destaque-em-audiencia-publica-no-porto-de-santos\/#breadcrumb\",\"itemListElement\":[{\"@type\":\"ListItem\",\"position\":1,\"name\":\"In\u00edcio\",\"item\":\"https:\/\/agenciainfra.com\/blog\/\"},{\"@type\":\"ListItem\",\"position\":2,\"name\":\"Preocupa\u00e7\u00e3o com acesso ferrovi\u00e1rio \u00e9 destaque em audi\u00eancia p\u00fablica no Porto de Santos\"}]},{\"@type\":\"WebSite\",\"@id\":\"https:\/\/agenciainfra.com\/blog\/#website\",\"url\":\"https:\/\/agenciainfra.com\/blog\/\",\"name\":\"Ag\u00eancia iNFRA\",\"description\":\"Multiplataforma de informa\u00e7\u00e3o jornal\u00edstica refer\u00eancia na \u00e1rea de infraestrutura no Brasil!\",\"publisher\":{\"@id\":\"https:\/\/agenciainfra.com\/blog\/#organization\"},\"potentialAction\":[{\"@type\":\"SearchAction\",\"target\":{\"@type\":\"EntryPoint\",\"urlTemplate\":\"https:\/\/agenciainfra.com\/blog\/?s={search_term_string}\"},\"query-input\":{\"@type\":\"PropertyValueSpecification\",\"valueRequired\":true,\"valueName\":\"search_term_string\"}}],\"inLanguage\":\"pt-BR\"},{\"@type\":\"Organization\",\"@id\":\"https:\/\/agenciainfra.com\/blog\/#organization\",\"name\":\"Ag\u00eancia iNFRA\",\"url\":\"https:\/\/agenciainfra.com\/blog\/\",\"logo\":{\"@type\":\"ImageObject\",\"inLanguage\":\"pt-BR\",\"@id\":\"https:\/\/agenciainfra.com\/blog\/#\/schema\/logo\/image\/\",\"url\":\"https:\/\/agenciainfra.com\/blog\/wp-content\/uploads\/2023\/09\/iNFRA_5-e1761735885940.png\",\"contentUrl\":\"https:\/\/agenciainfra.com\/blog\/wp-content\/uploads\/2023\/09\/iNFRA_5-e1761735885940.png\",\"width\":1672,\"height\":454,\"caption\":\"Ag\u00eancia iNFRA\"},\"image\":{\"@id\":\"https:\/\/agenciainfra.com\/blog\/#\/schema\/logo\/image\/\"},\"sameAs\":[\"https:\/\/www.facebook.com\/ageninfra\",\"https:\/\/x.com\/agencia_infra\",\"https:\/\/www.linkedin.com\/company\/ag\u00eanciainfra\/\",\"https:\/\/www.instagram.com\/agenciainfra\/\"]},{\"@type\":\"Person\",\"@id\":\"https:\/\/agenciainfra.com\/blog\/#\/schema\/person\/04dbb79bd6d8951f063da71f3e4c1eb1\",\"name\":\"Rodrigo Zuquim\",\"image\":{\"@type\":\"ImageObject\",\"inLanguage\":\"pt-BR\",\"@id\":\"https:\/\/agenciainfra.com\/blog\/#\/schema\/person\/image\/\",\"url\":\"https:\/\/secure.gravatar.com\/avatar\/594abfe82761d620726242ff34ca472a705a4b97f16c790053a6b4c4035274d0?s=96&d=mm&r=g\",\"contentUrl\":\"https:\/\/secure.gravatar.com\/avatar\/594abfe82761d620726242ff34ca472a705a4b97f16c790053a6b4c4035274d0?s=96&d=mm&r=g\",\"caption\":\"Rodrigo Zuquim\"},\"url\":\"https:\/\/agenciainfra.com\/blog\/author\/rodrigo-zuquim\/\"}]}<\/script>\n<!-- \/ Yoast SEO Premium plugin. -->","yoast_head_json":{"title":"Preocupa\u00e7\u00e3o com acesso ferrovi\u00e1rio \u00e9 destaque em audi\u00eancia p\u00fablica no Porto de Santos - Ag\u00eancia iNFRA","robots":{"index":"index","follow":"follow","max-snippet":"max-snippet:-1","max-image-preview":"max-image-preview:large","max-video-preview":"max-video-preview:-1"},"canonical":"https:\/\/agenciainfra.com\/blog\/preocupacao-com-acesso-ferroviario-e-destaque-em-audiencia-publica-no-porto-de-santos\/","og_locale":"pt_BR","og_type":"article","og_title":"Preocupa\u00e7\u00e3o com acesso ferrovi\u00e1rio \u00e9 destaque em audi\u00eancia p\u00fablica no Porto de Santos","og_description":"Rodrigo Zuquim, da Ag\u00eancia iNFRA O acesso ferrovi\u00e1rio foi o ponto mais questionado na audi\u00eancia p\u00fablica sobre as \u00e1reas que ser\u00e3o leiloadas no Porto de Santos destinadas \u00e0 movimenta\u00e7\u00e3o de celulose. A ANTAQ (Ag\u00eancia Nacional de Transportes Aquavi\u00e1rios) realizou na \u00faltima sexta-feira (25) a audi\u00eancia p\u00fablica 9\/2019, para a realiza\u00e7\u00e3o dos leil\u00f5es das \u00e1reas STS [&hellip;]","og_url":"https:\/\/agenciainfra.com\/blog\/preocupacao-com-acesso-ferroviario-e-destaque-em-audiencia-publica-no-porto-de-santos\/","og_site_name":"Ag\u00eancia iNFRA","article_publisher":"https:\/\/www.facebook.com\/ageninfra","article_published_time":"2019-10-31T11:00:04+00:00","og_image":[{"width":1024,"height":683,"url":"https:\/\/agenciainfra.com\/blog\/wp-content\/uploads\/2019\/10\/porto-santos-codesp.jpg","type":"image\/jpeg"}],"author":"Rodrigo Zuquim","twitter_card":"summary_large_image","twitter_creator":"@agencia_infra","twitter_site":"@agencia_infra","twitter_misc":{"Escrito por":"Rodrigo Zuquim","Est. tempo de leitura":"2 minutos"},"schema":{"@context":"https:\/\/schema.org","@graph":[{"@type":"Article","@id":"https:\/\/agenciainfra.com\/blog\/preocupacao-com-acesso-ferroviario-e-destaque-em-audiencia-publica-no-porto-de-santos\/#article","isPartOf":{"@id":"https:\/\/agenciainfra.com\/blog\/preocupacao-com-acesso-ferroviario-e-destaque-em-audiencia-publica-no-porto-de-santos\/"},"author":{"name":"Rodrigo Zuquim","@id":"https:\/\/agenciainfra.com\/blog\/#\/schema\/person\/04dbb79bd6d8951f063da71f3e4c1eb1"},"headline":"Preocupa\u00e7\u00e3o com acesso ferrovi\u00e1rio \u00e9 destaque em audi\u00eancia p\u00fablica no Porto de Santos","datePublished":"2019-10-31T11:00:04+00:00","mainEntityOfPage":{"@id":"https:\/\/agenciainfra.com\/blog\/preocupacao-com-acesso-ferroviario-e-destaque-em-audiencia-publica-no-porto-de-santos\/"},"wordCount":498,"publisher":{"@id":"https:\/\/agenciainfra.com\/blog\/#organization"},"image":{"@id":"https:\/\/agenciainfra.com\/blog\/preocupacao-com-acesso-ferroviario-e-destaque-em-audiencia-publica-no-porto-de-santos\/#primaryimage"},"thumbnailUrl":"https:\/\/agenciainfra.com\/blog\/wp-content\/uploads\/2019\/10\/porto-santos-codesp.jpg","keywords":["ABTP","Alberto Pagano","ANTAQ","Bracell","Eldorado Brasil","EPL","Fernando Corr\u00eaa dos Santos","FIEMT","Fl\u00e1vio da Rocha Costa","Leonardo Ribeiro","Monicke Sant'Anna Arruda","Porto de Santos","Regis Prunzel","Terminal Exportador de Santos"],"articleSection":["iNFRATransporte"],"inLanguage":"pt-BR","copyrightYear":"2019","copyrightHolder":{"@id":"https:\/\/agenciainfra.com\/blog\/#organization"}},{"@type":"WebPage","@id":"https:\/\/agenciainfra.com\/blog\/preocupacao-com-acesso-ferroviario-e-destaque-em-audiencia-publica-no-porto-de-santos\/","url":"https:\/\/agenciainfra.com\/blog\/preocupacao-com-acesso-ferroviario-e-destaque-em-audiencia-publica-no-porto-de-santos\/","name":"Preocupa\u00e7\u00e3o com acesso ferrovi\u00e1rio \u00e9 destaque em audi\u00eancia p\u00fablica no Porto de Santos - Ag\u00eancia iNFRA","isPartOf":{"@id":"https:\/\/agenciainfra.com\/blog\/#website"},"primaryImageOfPage":{"@id":"https:\/\/agenciainfra.com\/blog\/preocupacao-com-acesso-ferroviario-e-destaque-em-audiencia-publica-no-porto-de-santos\/#primaryimage"},"image":{"@id":"https:\/\/agenciainfra.com\/blog\/preocupacao-com-acesso-ferroviario-e-destaque-em-audiencia-publica-no-porto-de-santos\/#primaryimage"},"thumbnailUrl":"https:\/\/agenciainfra.com\/blog\/wp-content\/uploads\/2019\/10\/porto-santos-codesp.jpg","datePublished":"2019-10-31T11:00:04+00:00","breadcrumb":{"@id":"https:\/\/agenciainfra.com\/blog\/preocupacao-com-acesso-ferroviario-e-destaque-em-audiencia-publica-no-porto-de-santos\/#breadcrumb"},"inLanguage":"pt-BR","potentialAction":[{"@type":"ReadAction","target":["https:\/\/agenciainfra.com\/blog\/preocupacao-com-acesso-ferroviario-e-destaque-em-audiencia-publica-no-porto-de-santos\/"]}]},{"@type":"ImageObject","inLanguage":"pt-BR","@id":"https:\/\/agenciainfra.com\/blog\/preocupacao-com-acesso-ferroviario-e-destaque-em-audiencia-publica-no-porto-de-santos\/#primaryimage","url":"https:\/\/agenciainfra.com\/blog\/wp-content\/uploads\/2019\/10\/porto-santos-codesp.jpg","contentUrl":"https:\/\/agenciainfra.com\/blog\/wp-content\/uploads\/2019\/10\/porto-santos-codesp.jpg","width":1024,"height":683},{"@type":"BreadcrumbList","@id":"https:\/\/agenciainfra.com\/blog\/preocupacao-com-acesso-ferroviario-e-destaque-em-audiencia-publica-no-porto-de-santos\/#breadcrumb","itemListElement":[{"@type":"ListItem","position":1,"name":"In\u00edcio","item":"https:\/\/agenciainfra.com\/blog\/"},{"@type":"ListItem","position":2,"name":"Preocupa\u00e7\u00e3o com acesso ferrovi\u00e1rio \u00e9 destaque em audi\u00eancia p\u00fablica no Porto de Santos"}]},{"@type":"WebSite","@id":"https:\/\/agenciainfra.com\/blog\/#website","url":"https:\/\/agenciainfra.com\/blog\/","name":"Ag\u00eancia iNFRA","description":"Multiplataforma de informa\u00e7\u00e3o jornal\u00edstica refer\u00eancia na \u00e1rea de infraestrutura no Brasil!","publisher":{"@id":"https:\/\/agenciainfra.com\/blog\/#organization"},"potentialAction":[{"@type":"SearchAction","target":{"@type":"EntryPoint","urlTemplate":"https:\/\/agenciainfra.com\/blog\/?s={search_term_string}"},"query-input":{"@type":"PropertyValueSpecification","valueRequired":true,"valueName":"search_term_string"}}],"inLanguage":"pt-BR"},{"@type":"Organization","@id":"https:\/\/agenciainfra.com\/blog\/#organization","name":"Ag\u00eancia iNFRA","url":"https:\/\/agenciainfra.com\/blog\/","logo":{"@type":"ImageObject","inLanguage":"pt-BR","@id":"https:\/\/agenciainfra.com\/blog\/#\/schema\/logo\/image\/","url":"https:\/\/agenciainfra.com\/blog\/wp-content\/uploads\/2023\/09\/iNFRA_5-e1761735885940.png","contentUrl":"https:\/\/agenciainfra.com\/blog\/wp-content\/uploads\/2023\/09\/iNFRA_5-e1761735885940.png","width":1672,"height":454,"caption":"Ag\u00eancia iNFRA"},"image":{"@id":"https:\/\/agenciainfra.com\/blog\/#\/schema\/logo\/image\/"},"sameAs":["https:\/\/www.facebook.com\/ageninfra","https:\/\/x.com\/agencia_infra","https:\/\/www.linkedin.com\/company\/ag\u00eanciainfra\/","https:\/\/www.instagram.com\/agenciainfra\/"]},{"@type":"Person","@id":"https:\/\/agenciainfra.com\/blog\/#\/schema\/person\/04dbb79bd6d8951f063da71f3e4c1eb1","name":"Rodrigo Zuquim","image":{"@type":"ImageObject","inLanguage":"pt-BR","@id":"https:\/\/agenciainfra.com\/blog\/#\/schema\/person\/image\/","url":"https:\/\/secure.gravatar.com\/avatar\/594abfe82761d620726242ff34ca472a705a4b97f16c790053a6b4c4035274d0?s=96&d=mm&r=g","contentUrl":"https:\/\/secure.gravatar.com\/avatar\/594abfe82761d620726242ff34ca472a705a4b97f16c790053a6b4c4035274d0?s=96&d=mm&r=g","caption":"Rodrigo Zuquim"},"url":"https:\/\/agenciainfra.com\/blog\/author\/rodrigo-zuquim\/"}]}},"_links":{"self":[{"href":"https:\/\/agenciainfra.com\/blog\/wp-json\/wp\/v2\/posts\/3949","targetHints":{"allow":["GET"]}}],"collection":[{"href":"https:\/\/agenciainfra.com\/blog\/wp-json\/wp\/v2\/posts"}],"about":[{"href":"https:\/\/agenciainfra.com\/blog\/wp-json\/wp\/v2\/types\/post"}],"author":[{"embeddable":true,"href":"https:\/\/agenciainfra.com\/blog\/wp-json\/wp\/v2\/users\/9"}],"replies":[{"embeddable":true,"href":"https:\/\/agenciainfra.com\/blog\/wp-json\/wp\/v2\/comments?post=3949"}],"version-history":[{"count":0,"href":"https:\/\/agenciainfra.com\/blog\/wp-json\/wp\/v2\/posts\/3949\/revisions"}],"wp:featuredmedia":[{"embeddable":true,"href":"https:\/\/agenciainfra.com\/blog\/wp-json\/wp\/v2\/media\/3950"}],"wp:attachment":[{"href":"https:\/\/agenciainfra.com\/blog\/wp-json\/wp\/v2\/media?parent=3949"}],"wp:term":[{"taxonomy":"category","embeddable":true,"href":"https:\/\/agenciainfra.com\/blog\/wp-json\/wp\/v2\/categories?post=3949"},{"taxonomy":"post_tag","embeddable":true,"href":"https:\/\/agenciainfra.com\/blog\/wp-json\/wp\/v2\/tags?post=3949"}],"curies":[{"name":"wp","href":"https:\/\/api.w.org\/{rel}","templated":true}]}}