{"id":3976,"date":"2019-11-05T08:00:48","date_gmt":"2019-11-05T11:00:48","guid":{"rendered":"http:\/\/www.agenciainfra.com\/blog\/?p=3976"},"modified":"2019-11-04T10:47:36","modified_gmt":"2019-11-04T13:47:36","slug":"plataforma-logistica-em-santos-esta-proximo-de-receber-licenciamento-para-projeto-de-r-15-bi","status":"publish","type":"post","link":"https:\/\/agenciainfra.com\/blog\/plataforma-logistica-em-santos-esta-proximo-de-receber-licenciamento-para-projeto-de-r-15-bi\/","title":{"rendered":"Plataforma log\u00edstica em Santos est\u00e1 pr\u00f3ximo de receber licenciamento para projeto de R$ 1,5 bi"},"content":{"rendered":"<div>\n<h5 style=\"text-align: right;\"><strong>Dimmi Amora, da\u00a0Ag\u00eancia iNFRA<\/strong><\/h5>\n<p>Um terminal de 3,5 milh\u00f5es de metros quadrados de \u00e1rea para integrar os setores a\u00e9reo, rodovi\u00e1rio e ferrovi\u00e1rio ao Porto de Santos (SP) est\u00e1 pr\u00f3ximo de vencer a complexa etapa de licenciamento ambiental.<\/p>\n<p>\u00c9 o que garante o diretor da Plataforma Log\u00edstica Complexo Andaragu\u00e1, Andr\u00e9 Ursini, que afirmou que a Cetesb (Companhia Ambiental do Estado de S\u00e3o Paulo), respons\u00e1vel pelo licenciamento, est\u00e1 em fase final da an\u00e1lise para iniciar os investimentos estimados em R$ 1,5 bilh\u00e3o.<\/p>\n<p>&#8220;O licenciamento foi com o que mais sofremos. Estamos h\u00e1 12 anos para obter a licen\u00e7a de instala\u00e7\u00e3o e agora estamos perto disso&#8221;, disse Ursini.<\/p>\n<p>Segundo ele, o maior problema do licenciamento foi o componente ind\u00edgena. Isso porque um grupo de 48 ind\u00edgenas se instalou na regi\u00e3o em 2008. Ursini afirmou que esse componente agora est\u00e1 equacionado ap\u00f3s negocia\u00e7\u00f5es.<\/p>\n<p>Em rela\u00e7\u00e3o aos outros componentes do licenciamento, Ursini acredita que n\u00e3o haver\u00e1 problema, j\u00e1 que a \u00e1rea do empreendimento \u00e9 de 12 milh\u00f5es de metros quadrados e somente ser\u00e3o usados 3,5 milh\u00f5es. O restante ficar\u00e1 preservado.<\/p>\n<p>A \u00e1rea fica a 17 quil\u00f4metros do porto de Santos e ter\u00e1 como primeiro investimento a constru\u00e7\u00e3o de uma pista de pouso de 2,6 mil metros, o que dar\u00e1 condi\u00e7\u00f5es de receber praticamente qualquer tipo de avi\u00e3o. Pela \u00e1rea j\u00e1 passam um dos ramais ferrovi\u00e1rios de acesso ao porto e a rodovia Anchieta-Imigrantes.<\/p>\n<p><strong>Condom\u00ednio Log\u00edstico<\/strong><br \/>\nCom esses tr\u00eas modais na unidade e a proximidade com o porto, Ursini afirmou que a ideia \u00e9 construir um condom\u00ednio log\u00edstico de grande porte para que empresas possam se instalar na regi\u00e3o, com benef\u00edcios fiscais da prefeitura local, para poderem fazer a manufatura de produtos que chegam ou saem pelo maior porto industrial do pa\u00eds. A ideia \u00e9 tamb\u00e9m alfandegar a \u00e1rea.<\/p>\n<p>&#8220;A car\u00eancia por empreendimentos de plataforma log\u00edstica naquela regi\u00e3o \u00e9 grande. No mundo todo, as \u00e1reas de produ\u00e7\u00e3o est\u00e3o pr\u00f3ximo ao porto. Aqui, n\u00e3o&#8221;, disse Ursini.<\/p>\n<p>Segundo o diretor do empreendimento, o estudo de viabilidade do projeto foi desenvolvido com a KPMG e mostrou que os investimentos podem ser feitos de forma seriada, com uma primeira etapa de R$ 750 milh\u00f5es para a constru\u00e7\u00e3o do aeroporto e da infraestrutura para o condom\u00ednio log\u00edstico e centro comercial.<\/p>\n<p>Depois, em mais tr\u00eas fases de R$ 250 milh\u00f5es, seriam ampliadas as opera\u00e7\u00f5es para outras \u00e1reas. Os recursos para o empreendimento est\u00e3o em negocia\u00e7\u00e3o com fundo de pens\u00e3o, al\u00e9m dos recursos dos pr\u00f3prios s\u00f3cios, segundo Ursini.<\/p>\n<\/div>\n","protected":false},"excerpt":{"rendered":"<p>Dimmi Amora, da\u00a0Ag\u00eancia iNFRA Um terminal de 3,5 milh\u00f5es de metros quadrados de \u00e1rea para integrar os setores a\u00e9reo, rodovi\u00e1rio e ferrovi\u00e1rio ao Porto de Santos (SP) est\u00e1 pr\u00f3ximo de vencer a complexa etapa de licenciamento ambiental. \u00c9 o que garante o diretor da Plataforma Log\u00edstica Complexo Andaragu\u00e1, Andr\u00e9 Ursini, que afirmou que a Cetesb [&hellip;]<\/p>\n","protected":false},"author":9,"featured_media":3977,"comment_status":"closed","ping_status":"closed","sticky":false,"template":"","format":"standard","meta":{"_monsterinsights_skip_tracking":false,"_monsterinsights_sitenote_active":false,"_monsterinsights_sitenote_note":"","_monsterinsights_sitenote_category":0,"footnotes":""},"categories":[7],"tags":[1423,1424,1422,260],"class_list":["post-3976","post","type-post","status-publish","format-standard","has-post-thumbnail","hentry","category-infratransporte","tag-andre-ursini","tag-cetesb","tag-plataforma-logistica-complexo-andaragua","tag-porto-de-santos"],"yoast_head":"<!-- This site is optimized with the Yoast SEO Premium plugin v25.4 (Yoast SEO v26.0) - https:\/\/yoast.com\/wordpress\/plugins\/seo\/ -->\n<title>Plataforma log\u00edstica em Santos est\u00e1 pr\u00f3ximo de receber licenciamento para projeto de R$ 1,5 bi - Ag\u00eancia iNFRA<\/title>\n<meta name=\"robots\" content=\"index, follow, max-snippet:-1, max-image-preview:large, max-video-preview:-1\" \/>\n<link rel=\"canonical\" href=\"https:\/\/agenciainfra.com\/blog\/plataforma-logistica-em-santos-esta-proximo-de-receber-licenciamento-para-projeto-de-r-15-bi\/\" \/>\n<meta property=\"og:locale\" content=\"pt_BR\" \/>\n<meta property=\"og:type\" content=\"article\" \/>\n<meta property=\"og:title\" content=\"Plataforma log\u00edstica em Santos est\u00e1 pr\u00f3ximo de receber licenciamento para projeto de R$ 1,5 bi\" \/>\n<meta property=\"og:description\" content=\"Dimmi Amora, da\u00a0Ag\u00eancia iNFRA Um terminal de 3,5 milh\u00f5es de metros quadrados de \u00e1rea para integrar os setores a\u00e9reo, rodovi\u00e1rio e ferrovi\u00e1rio ao Porto de Santos (SP) est\u00e1 pr\u00f3ximo de vencer a complexa etapa de licenciamento ambiental. \u00c9 o que garante o diretor da Plataforma Log\u00edstica Complexo Andaragu\u00e1, Andr\u00e9 Ursini, que afirmou que a Cetesb [&hellip;]\" \/>\n<meta property=\"og:url\" content=\"https:\/\/agenciainfra.com\/blog\/plataforma-logistica-em-santos-esta-proximo-de-receber-licenciamento-para-projeto-de-r-15-bi\/\" \/>\n<meta property=\"og:site_name\" content=\"Ag\u00eancia iNFRA\" \/>\n<meta property=\"article:publisher\" content=\"https:\/\/www.facebook.com\/ageninfra\" \/>\n<meta property=\"article:published_time\" content=\"2019-11-05T11:00:48+00:00\" \/>\n<meta property=\"og:image\" content=\"https:\/\/agenciainfra.com\/blog\/wp-content\/uploads\/2019\/11\/complexo-empresarial-andaragua-divulgacao.png\" \/>\n\t<meta property=\"og:image:width\" content=\"1920\" \/>\n\t<meta property=\"og:image:height\" content=\"960\" \/>\n\t<meta property=\"og:image:type\" content=\"image\/png\" \/>\n<meta name=\"author\" content=\"Rodrigo Zuquim\" \/>\n<meta name=\"twitter:card\" content=\"summary_large_image\" \/>\n<meta name=\"twitter:creator\" content=\"@agencia_infra\" \/>\n<meta name=\"twitter:site\" content=\"@agencia_infra\" \/>\n<meta name=\"twitter:label1\" content=\"Escrito por\" \/>\n\t<meta name=\"twitter:data1\" content=\"Rodrigo Zuquim\" \/>\n\t<meta name=\"twitter:label2\" content=\"Est. tempo de leitura\" \/>\n\t<meta name=\"twitter:data2\" content=\"2 minutos\" \/>\n<script type=\"application\/ld+json\" class=\"yoast-schema-graph\">{\"@context\":\"https:\/\/schema.org\",\"@graph\":[{\"@type\":\"Article\",\"@id\":\"https:\/\/agenciainfra.com\/blog\/plataforma-logistica-em-santos-esta-proximo-de-receber-licenciamento-para-projeto-de-r-15-bi\/#article\",\"isPartOf\":{\"@id\":\"https:\/\/agenciainfra.com\/blog\/plataforma-logistica-em-santos-esta-proximo-de-receber-licenciamento-para-projeto-de-r-15-bi\/\"},\"author\":{\"name\":\"Rodrigo Zuquim\",\"@id\":\"https:\/\/agenciainfra.com\/blog\/#\/schema\/person\/04dbb79bd6d8951f063da71f3e4c1eb1\"},\"headline\":\"Plataforma log\u00edstica em Santos est\u00e1 pr\u00f3ximo de receber licenciamento para projeto de R$ 1,5 bi\",\"datePublished\":\"2019-11-05T11:00:48+00:00\",\"mainEntityOfPage\":{\"@id\":\"https:\/\/agenciainfra.com\/blog\/plataforma-logistica-em-santos-esta-proximo-de-receber-licenciamento-para-projeto-de-r-15-bi\/\"},\"wordCount\":463,\"publisher\":{\"@id\":\"https:\/\/agenciainfra.com\/blog\/#organization\"},\"image\":{\"@id\":\"https:\/\/agenciainfra.com\/blog\/plataforma-logistica-em-santos-esta-proximo-de-receber-licenciamento-para-projeto-de-r-15-bi\/#primaryimage\"},\"thumbnailUrl\":\"https:\/\/agenciainfra.com\/blog\/wp-content\/uploads\/2019\/11\/complexo-empresarial-andaragua-divulgacao.png\",\"keywords\":[\"Andr\u00e9 Ursini\",\"Cetesb\",\"Plataforma Log\u00edstica Complexo Andaragu\u00e1\",\"Porto de Santos\"],\"articleSection\":[\"iNFRATransporte\"],\"inLanguage\":\"pt-BR\",\"copyrightYear\":\"2019\",\"copyrightHolder\":{\"@id\":\"https:\/\/agenciainfra.com\/blog\/#organization\"}},{\"@type\":\"WebPage\",\"@id\":\"https:\/\/agenciainfra.com\/blog\/plataforma-logistica-em-santos-esta-proximo-de-receber-licenciamento-para-projeto-de-r-15-bi\/\",\"url\":\"https:\/\/agenciainfra.com\/blog\/plataforma-logistica-em-santos-esta-proximo-de-receber-licenciamento-para-projeto-de-r-15-bi\/\",\"name\":\"Plataforma log\u00edstica em Santos est\u00e1 pr\u00f3ximo de receber licenciamento para projeto de R$ 1,5 bi - Ag\u00eancia iNFRA\",\"isPartOf\":{\"@id\":\"https:\/\/agenciainfra.com\/blog\/#website\"},\"primaryImageOfPage\":{\"@id\":\"https:\/\/agenciainfra.com\/blog\/plataforma-logistica-em-santos-esta-proximo-de-receber-licenciamento-para-projeto-de-r-15-bi\/#primaryimage\"},\"image\":{\"@id\":\"https:\/\/agenciainfra.com\/blog\/plataforma-logistica-em-santos-esta-proximo-de-receber-licenciamento-para-projeto-de-r-15-bi\/#primaryimage\"},\"thumbnailUrl\":\"https:\/\/agenciainfra.com\/blog\/wp-content\/uploads\/2019\/11\/complexo-empresarial-andaragua-divulgacao.png\",\"datePublished\":\"2019-11-05T11:00:48+00:00\",\"breadcrumb\":{\"@id\":\"https:\/\/agenciainfra.com\/blog\/plataforma-logistica-em-santos-esta-proximo-de-receber-licenciamento-para-projeto-de-r-15-bi\/#breadcrumb\"},\"inLanguage\":\"pt-BR\",\"potentialAction\":[{\"@type\":\"ReadAction\",\"target\":[\"https:\/\/agenciainfra.com\/blog\/plataforma-logistica-em-santos-esta-proximo-de-receber-licenciamento-para-projeto-de-r-15-bi\/\"]}]},{\"@type\":\"ImageObject\",\"inLanguage\":\"pt-BR\",\"@id\":\"https:\/\/agenciainfra.com\/blog\/plataforma-logistica-em-santos-esta-proximo-de-receber-licenciamento-para-projeto-de-r-15-bi\/#primaryimage\",\"url\":\"https:\/\/agenciainfra.com\/blog\/wp-content\/uploads\/2019\/11\/complexo-empresarial-andaragua-divulgacao.png\",\"contentUrl\":\"https:\/\/agenciainfra.com\/blog\/wp-content\/uploads\/2019\/11\/complexo-empresarial-andaragua-divulgacao.png\",\"width\":1920,\"height\":960},{\"@type\":\"BreadcrumbList\",\"@id\":\"https:\/\/agenciainfra.com\/blog\/plataforma-logistica-em-santos-esta-proximo-de-receber-licenciamento-para-projeto-de-r-15-bi\/#breadcrumb\",\"itemListElement\":[{\"@type\":\"ListItem\",\"position\":1,\"name\":\"In\u00edcio\",\"item\":\"https:\/\/agenciainfra.com\/blog\/\"},{\"@type\":\"ListItem\",\"position\":2,\"name\":\"Plataforma log\u00edstica em Santos est\u00e1 pr\u00f3ximo de receber licenciamento para projeto de R$ 1,5 bi\"}]},{\"@type\":\"WebSite\",\"@id\":\"https:\/\/agenciainfra.com\/blog\/#website\",\"url\":\"https:\/\/agenciainfra.com\/blog\/\",\"name\":\"Ag\u00eancia iNFRA\",\"description\":\"Multiplataforma de informa\u00e7\u00e3o jornal\u00edstica refer\u00eancia na \u00e1rea de infraestrutura no Brasil!\",\"publisher\":{\"@id\":\"https:\/\/agenciainfra.com\/blog\/#organization\"},\"potentialAction\":[{\"@type\":\"SearchAction\",\"target\":{\"@type\":\"EntryPoint\",\"urlTemplate\":\"https:\/\/agenciainfra.com\/blog\/?s={search_term_string}\"},\"query-input\":{\"@type\":\"PropertyValueSpecification\",\"valueRequired\":true,\"valueName\":\"search_term_string\"}}],\"inLanguage\":\"pt-BR\"},{\"@type\":\"Organization\",\"@id\":\"https:\/\/agenciainfra.com\/blog\/#organization\",\"name\":\"Ag\u00eancia iNFRA\",\"url\":\"https:\/\/agenciainfra.com\/blog\/\",\"logo\":{\"@type\":\"ImageObject\",\"inLanguage\":\"pt-BR\",\"@id\":\"https:\/\/agenciainfra.com\/blog\/#\/schema\/logo\/image\/\",\"url\":\"https:\/\/agenciainfra.com\/blog\/wp-content\/uploads\/2023\/09\/iNFRA_5-e1761735885940.png\",\"contentUrl\":\"https:\/\/agenciainfra.com\/blog\/wp-content\/uploads\/2023\/09\/iNFRA_5-e1761735885940.png\",\"width\":1672,\"height\":454,\"caption\":\"Ag\u00eancia iNFRA\"},\"image\":{\"@id\":\"https:\/\/agenciainfra.com\/blog\/#\/schema\/logo\/image\/\"},\"sameAs\":[\"https:\/\/www.facebook.com\/ageninfra\",\"https:\/\/x.com\/agencia_infra\",\"https:\/\/www.linkedin.com\/company\/ag\u00eanciainfra\/\",\"https:\/\/www.instagram.com\/agenciainfra\/\"]},{\"@type\":\"Person\",\"@id\":\"https:\/\/agenciainfra.com\/blog\/#\/schema\/person\/04dbb79bd6d8951f063da71f3e4c1eb1\",\"name\":\"Rodrigo Zuquim\",\"image\":{\"@type\":\"ImageObject\",\"inLanguage\":\"pt-BR\",\"@id\":\"https:\/\/agenciainfra.com\/blog\/#\/schema\/person\/image\/\",\"url\":\"https:\/\/secure.gravatar.com\/avatar\/594abfe82761d620726242ff34ca472a705a4b97f16c790053a6b4c4035274d0?s=96&d=mm&r=g\",\"contentUrl\":\"https:\/\/secure.gravatar.com\/avatar\/594abfe82761d620726242ff34ca472a705a4b97f16c790053a6b4c4035274d0?s=96&d=mm&r=g\",\"caption\":\"Rodrigo Zuquim\"},\"url\":\"https:\/\/agenciainfra.com\/blog\/author\/rodrigo-zuquim\/\"}]}<\/script>\n<!-- \/ Yoast SEO Premium plugin. -->","yoast_head_json":{"title":"Plataforma log\u00edstica em Santos est\u00e1 pr\u00f3ximo de receber licenciamento para projeto de R$ 1,5 bi - Ag\u00eancia iNFRA","robots":{"index":"index","follow":"follow","max-snippet":"max-snippet:-1","max-image-preview":"max-image-preview:large","max-video-preview":"max-video-preview:-1"},"canonical":"https:\/\/agenciainfra.com\/blog\/plataforma-logistica-em-santos-esta-proximo-de-receber-licenciamento-para-projeto-de-r-15-bi\/","og_locale":"pt_BR","og_type":"article","og_title":"Plataforma log\u00edstica em Santos est\u00e1 pr\u00f3ximo de receber licenciamento para projeto de R$ 1,5 bi","og_description":"Dimmi Amora, da\u00a0Ag\u00eancia iNFRA Um terminal de 3,5 milh\u00f5es de metros quadrados de \u00e1rea para integrar os setores a\u00e9reo, rodovi\u00e1rio e ferrovi\u00e1rio ao Porto de Santos (SP) est\u00e1 pr\u00f3ximo de vencer a complexa etapa de licenciamento ambiental. \u00c9 o que garante o diretor da Plataforma Log\u00edstica Complexo Andaragu\u00e1, Andr\u00e9 Ursini, que afirmou que a Cetesb [&hellip;]","og_url":"https:\/\/agenciainfra.com\/blog\/plataforma-logistica-em-santos-esta-proximo-de-receber-licenciamento-para-projeto-de-r-15-bi\/","og_site_name":"Ag\u00eancia iNFRA","article_publisher":"https:\/\/www.facebook.com\/ageninfra","article_published_time":"2019-11-05T11:00:48+00:00","og_image":[{"width":1920,"height":960,"url":"https:\/\/agenciainfra.com\/blog\/wp-content\/uploads\/2019\/11\/complexo-empresarial-andaragua-divulgacao.png","type":"image\/png"}],"author":"Rodrigo Zuquim","twitter_card":"summary_large_image","twitter_creator":"@agencia_infra","twitter_site":"@agencia_infra","twitter_misc":{"Escrito por":"Rodrigo Zuquim","Est. tempo de leitura":"2 minutos"},"schema":{"@context":"https:\/\/schema.org","@graph":[{"@type":"Article","@id":"https:\/\/agenciainfra.com\/blog\/plataforma-logistica-em-santos-esta-proximo-de-receber-licenciamento-para-projeto-de-r-15-bi\/#article","isPartOf":{"@id":"https:\/\/agenciainfra.com\/blog\/plataforma-logistica-em-santos-esta-proximo-de-receber-licenciamento-para-projeto-de-r-15-bi\/"},"author":{"name":"Rodrigo Zuquim","@id":"https:\/\/agenciainfra.com\/blog\/#\/schema\/person\/04dbb79bd6d8951f063da71f3e4c1eb1"},"headline":"Plataforma log\u00edstica em Santos est\u00e1 pr\u00f3ximo de receber licenciamento para projeto de R$ 1,5 bi","datePublished":"2019-11-05T11:00:48+00:00","mainEntityOfPage":{"@id":"https:\/\/agenciainfra.com\/blog\/plataforma-logistica-em-santos-esta-proximo-de-receber-licenciamento-para-projeto-de-r-15-bi\/"},"wordCount":463,"publisher":{"@id":"https:\/\/agenciainfra.com\/blog\/#organization"},"image":{"@id":"https:\/\/agenciainfra.com\/blog\/plataforma-logistica-em-santos-esta-proximo-de-receber-licenciamento-para-projeto-de-r-15-bi\/#primaryimage"},"thumbnailUrl":"https:\/\/agenciainfra.com\/blog\/wp-content\/uploads\/2019\/11\/complexo-empresarial-andaragua-divulgacao.png","keywords":["Andr\u00e9 Ursini","Cetesb","Plataforma Log\u00edstica Complexo Andaragu\u00e1","Porto de Santos"],"articleSection":["iNFRATransporte"],"inLanguage":"pt-BR","copyrightYear":"2019","copyrightHolder":{"@id":"https:\/\/agenciainfra.com\/blog\/#organization"}},{"@type":"WebPage","@id":"https:\/\/agenciainfra.com\/blog\/plataforma-logistica-em-santos-esta-proximo-de-receber-licenciamento-para-projeto-de-r-15-bi\/","url":"https:\/\/agenciainfra.com\/blog\/plataforma-logistica-em-santos-esta-proximo-de-receber-licenciamento-para-projeto-de-r-15-bi\/","name":"Plataforma log\u00edstica em Santos est\u00e1 pr\u00f3ximo de receber licenciamento para projeto de R$ 1,5 bi - Ag\u00eancia iNFRA","isPartOf":{"@id":"https:\/\/agenciainfra.com\/blog\/#website"},"primaryImageOfPage":{"@id":"https:\/\/agenciainfra.com\/blog\/plataforma-logistica-em-santos-esta-proximo-de-receber-licenciamento-para-projeto-de-r-15-bi\/#primaryimage"},"image":{"@id":"https:\/\/agenciainfra.com\/blog\/plataforma-logistica-em-santos-esta-proximo-de-receber-licenciamento-para-projeto-de-r-15-bi\/#primaryimage"},"thumbnailUrl":"https:\/\/agenciainfra.com\/blog\/wp-content\/uploads\/2019\/11\/complexo-empresarial-andaragua-divulgacao.png","datePublished":"2019-11-05T11:00:48+00:00","breadcrumb":{"@id":"https:\/\/agenciainfra.com\/blog\/plataforma-logistica-em-santos-esta-proximo-de-receber-licenciamento-para-projeto-de-r-15-bi\/#breadcrumb"},"inLanguage":"pt-BR","potentialAction":[{"@type":"ReadAction","target":["https:\/\/agenciainfra.com\/blog\/plataforma-logistica-em-santos-esta-proximo-de-receber-licenciamento-para-projeto-de-r-15-bi\/"]}]},{"@type":"ImageObject","inLanguage":"pt-BR","@id":"https:\/\/agenciainfra.com\/blog\/plataforma-logistica-em-santos-esta-proximo-de-receber-licenciamento-para-projeto-de-r-15-bi\/#primaryimage","url":"https:\/\/agenciainfra.com\/blog\/wp-content\/uploads\/2019\/11\/complexo-empresarial-andaragua-divulgacao.png","contentUrl":"https:\/\/agenciainfra.com\/blog\/wp-content\/uploads\/2019\/11\/complexo-empresarial-andaragua-divulgacao.png","width":1920,"height":960},{"@type":"BreadcrumbList","@id":"https:\/\/agenciainfra.com\/blog\/plataforma-logistica-em-santos-esta-proximo-de-receber-licenciamento-para-projeto-de-r-15-bi\/#breadcrumb","itemListElement":[{"@type":"ListItem","position":1,"name":"In\u00edcio","item":"https:\/\/agenciainfra.com\/blog\/"},{"@type":"ListItem","position":2,"name":"Plataforma log\u00edstica em Santos est\u00e1 pr\u00f3ximo de receber licenciamento para projeto de R$ 1,5 bi"}]},{"@type":"WebSite","@id":"https:\/\/agenciainfra.com\/blog\/#website","url":"https:\/\/agenciainfra.com\/blog\/","name":"Ag\u00eancia iNFRA","description":"Multiplataforma de informa\u00e7\u00e3o jornal\u00edstica refer\u00eancia na \u00e1rea de infraestrutura no Brasil!","publisher":{"@id":"https:\/\/agenciainfra.com\/blog\/#organization"},"potentialAction":[{"@type":"SearchAction","target":{"@type":"EntryPoint","urlTemplate":"https:\/\/agenciainfra.com\/blog\/?s={search_term_string}"},"query-input":{"@type":"PropertyValueSpecification","valueRequired":true,"valueName":"search_term_string"}}],"inLanguage":"pt-BR"},{"@type":"Organization","@id":"https:\/\/agenciainfra.com\/blog\/#organization","name":"Ag\u00eancia iNFRA","url":"https:\/\/agenciainfra.com\/blog\/","logo":{"@type":"ImageObject","inLanguage":"pt-BR","@id":"https:\/\/agenciainfra.com\/blog\/#\/schema\/logo\/image\/","url":"https:\/\/agenciainfra.com\/blog\/wp-content\/uploads\/2023\/09\/iNFRA_5-e1761735885940.png","contentUrl":"https:\/\/agenciainfra.com\/blog\/wp-content\/uploads\/2023\/09\/iNFRA_5-e1761735885940.png","width":1672,"height":454,"caption":"Ag\u00eancia iNFRA"},"image":{"@id":"https:\/\/agenciainfra.com\/blog\/#\/schema\/logo\/image\/"},"sameAs":["https:\/\/www.facebook.com\/ageninfra","https:\/\/x.com\/agencia_infra","https:\/\/www.linkedin.com\/company\/ag\u00eanciainfra\/","https:\/\/www.instagram.com\/agenciainfra\/"]},{"@type":"Person","@id":"https:\/\/agenciainfra.com\/blog\/#\/schema\/person\/04dbb79bd6d8951f063da71f3e4c1eb1","name":"Rodrigo Zuquim","image":{"@type":"ImageObject","inLanguage":"pt-BR","@id":"https:\/\/agenciainfra.com\/blog\/#\/schema\/person\/image\/","url":"https:\/\/secure.gravatar.com\/avatar\/594abfe82761d620726242ff34ca472a705a4b97f16c790053a6b4c4035274d0?s=96&d=mm&r=g","contentUrl":"https:\/\/secure.gravatar.com\/avatar\/594abfe82761d620726242ff34ca472a705a4b97f16c790053a6b4c4035274d0?s=96&d=mm&r=g","caption":"Rodrigo Zuquim"},"url":"https:\/\/agenciainfra.com\/blog\/author\/rodrigo-zuquim\/"}]}},"_links":{"self":[{"href":"https:\/\/agenciainfra.com\/blog\/wp-json\/wp\/v2\/posts\/3976","targetHints":{"allow":["GET"]}}],"collection":[{"href":"https:\/\/agenciainfra.com\/blog\/wp-json\/wp\/v2\/posts"}],"about":[{"href":"https:\/\/agenciainfra.com\/blog\/wp-json\/wp\/v2\/types\/post"}],"author":[{"embeddable":true,"href":"https:\/\/agenciainfra.com\/blog\/wp-json\/wp\/v2\/users\/9"}],"replies":[{"embeddable":true,"href":"https:\/\/agenciainfra.com\/blog\/wp-json\/wp\/v2\/comments?post=3976"}],"version-history":[{"count":0,"href":"https:\/\/agenciainfra.com\/blog\/wp-json\/wp\/v2\/posts\/3976\/revisions"}],"wp:featuredmedia":[{"embeddable":true,"href":"https:\/\/agenciainfra.com\/blog\/wp-json\/wp\/v2\/media\/3977"}],"wp:attachment":[{"href":"https:\/\/agenciainfra.com\/blog\/wp-json\/wp\/v2\/media?parent=3976"}],"wp:term":[{"taxonomy":"category","embeddable":true,"href":"https:\/\/agenciainfra.com\/blog\/wp-json\/wp\/v2\/categories?post=3976"},{"taxonomy":"post_tag","embeddable":true,"href":"https:\/\/agenciainfra.com\/blog\/wp-json\/wp\/v2\/tags?post=3976"}],"curies":[{"name":"wp","href":"https:\/\/api.w.org\/{rel}","templated":true}]}}