{"id":3984,"date":"2019-11-06T08:00:52","date_gmt":"2019-11-06T11:00:52","guid":{"rendered":"http:\/\/www.agenciainfra.com\/blog\/?p=3984"},"modified":"2019-11-05T12:23:38","modified_gmt":"2019-11-05T15:23:38","slug":"ons-esta-submetido-a-jurisdicao-do-tcu","status":"publish","type":"post","link":"https:\/\/agenciainfra.com\/blog\/ons-esta-submetido-a-jurisdicao-do-tcu\/","title":{"rendered":"ONS est\u00e1 submetido \u00e0 jurisdi\u00e7\u00e3o do TCU"},"content":{"rendered":"<h5 style=\"text-align: right;\"><strong>da Ag\u00eancia iNFRA<\/strong><\/h5>\n<p>O TCU (Tribunal de Contas da Uni\u00e3o) manteve, na sess\u00e3o de 30 de outubro, a decis\u00e3o do \u00f3rg\u00e3o, de 2017, de que o ONS (Operador Nacional do Sistema El\u00e9trico) est\u00e1 submetido \u00e0 fiscaliza\u00e7\u00e3o do \u00f3rg\u00e3o de controle. Na \u00e9poca, a decis\u00e3o foi un\u00e2nime.<\/p>\n<p>Em recurso, o ONS alegou que sua constitui\u00e7\u00e3o \u00e9 diferente da de um \u00f3rg\u00e3o p\u00fablico e, por isso, n\u00e3o deveria estar submetido \u00e0 fiscaliza\u00e7\u00e3o do TCU. Dois ministros, Benjamin Zymler e Bruno Dantas, votaram a favor de que o \u00f3rg\u00e3o n\u00e3o ficasse submetido ao TCU, alegando que a fiscaliza\u00e7\u00e3o tem que ser feita na ANEEL (Ag\u00eancia Nacional de Energia El\u00e9trica), a quem o ONS est\u00e1 submetido.<\/p>\n<p>Dantas chegou a alegar, em agosto, que esse duplo controle poderia &#8220;desestabilizar&#8221; o sistema el\u00e9trico. Zymler, que \u00e9 engenheiro de forma\u00e7\u00e3o e trabalhou na Eletrobras, concordou com o colega Dantas e acrescentou que via a decis\u00e3o como desnecess\u00e1ria e que o <span class=\"il\">TCU<\/span> devia fiscalizar somente a ANEEL.<\/p>\n<p>&#8220;Precisamos limitar a nossa \u00e2nsia de abarcar o mundo com as m\u00e3os&#8221;, afirmou Zymler, na ocasi\u00e3o.<\/p>\n<p>Mas a relatora do recurso, ministra Ana Arraes, considerou que o ONS cumpre fun\u00e7\u00f5es de \u00f3rg\u00e3o p\u00fablico e, por isso, deve ser fiscalizada pelo tribunal. Ela foi acompanhada pelo ministro Walton Alencar, que j\u00e1 havia votado em agosto com a relatora, apontado que o ONS n\u00e3o passava dados ao TCU quando havia fiscaliza\u00e7\u00f5es, especialmente em rela\u00e7\u00e3o aos despachos fora da ordem do m\u00e9rito.<\/p>\n<p>Na vota\u00e7\u00e3o em agosto, o ministro Vital do R\u00eago havia pedido vista. Relator do primeiro processo que submeteu o ONS ao TCU em 2017, Vital manteve sua decis\u00e3o anterior, alegando que o ONS \u00e9 respons\u00e1vel por fazer cumprir determina\u00e7\u00f5es que est\u00e3o na Constitui\u00e7\u00e3o como sendo do poder p\u00fablico e, por isso, deve ser fiscalizado pelo tribunal.<\/p>\n<p>O voto final foi dado pelo ministro substituto Augusto Sherman, que tamb\u00e9m alegou dificuldades para obter dados do ONS. O ministro alertou para o car\u00e1ter sui\u00a0generis do ONS e o cuidado que o tribunal ter\u00e1 que ter em sua fiscaliza\u00e7\u00e3o.<\/p>\n<p>&#8220;Precisamos ter muito cuidado para exercer a sua compet\u00eancia no ONS porque n\u00e3o se trata de um \u00f3rg\u00e3o p\u00fablico como os demais&#8221;, afirmou Sherman.<\/p>\n","protected":false},"excerpt":{"rendered":"<p>da Ag\u00eancia iNFRA O TCU (Tribunal de Contas da Uni\u00e3o) manteve, na sess\u00e3o de 30 de outubro, a decis\u00e3o do \u00f3rg\u00e3o, de 2017, de que o ONS (Operador Nacional do Sistema El\u00e9trico) est\u00e1 submetido \u00e0 fiscaliza\u00e7\u00e3o do \u00f3rg\u00e3o de controle. Na \u00e9poca, a decis\u00e3o foi un\u00e2nime. Em recurso, o ONS alegou que sua constitui\u00e7\u00e3o \u00e9 [&hellip;]<\/p>\n","protected":false},"author":9,"featured_media":3985,"comment_status":"closed","ping_status":"closed","sticky":false,"template":"","format":"standard","meta":{"_monsterinsights_skip_tracking":false,"_monsterinsights_sitenote_active":false,"_monsterinsights_sitenote_note":"","_monsterinsights_sitenote_category":0,"footnotes":""},"categories":[10],"tags":[1203,53,1428,490,396,216,827,18,927,860,1204],"class_list":["post-3984","post","type-post","status-publish","format-standard","has-post-thumbnail","hentry","category-infraenergia","tag-ana-arraes","tag-aneel","tag-augusto-sherman","tag-benjamin-zymler","tag-bruno-dantas","tag-ons","tag-operador-nacional-do-sistema-eletrico","tag-tcu","tag-tribunal-de-contas-da-uniao","tag-vital-do-rego","tag-walton-alencar"],"yoast_head":"<!-- This site is optimized with the Yoast SEO Premium plugin v25.4 (Yoast SEO v26.0) - https:\/\/yoast.com\/wordpress\/plugins\/seo\/ -->\n<title>ONS est\u00e1 submetido \u00e0 jurisdi\u00e7\u00e3o do TCU - Ag\u00eancia iNFRA<\/title>\n<meta name=\"robots\" content=\"index, follow, max-snippet:-1, max-image-preview:large, max-video-preview:-1\" \/>\n<link rel=\"canonical\" href=\"https:\/\/agenciainfra.com\/blog\/ons-esta-submetido-a-jurisdicao-do-tcu\/\" \/>\n<meta property=\"og:locale\" content=\"pt_BR\" \/>\n<meta property=\"og:type\" content=\"article\" \/>\n<meta property=\"og:title\" content=\"ONS est\u00e1 submetido \u00e0 jurisdi\u00e7\u00e3o do TCU\" \/>\n<meta property=\"og:description\" content=\"da Ag\u00eancia iNFRA O TCU (Tribunal de Contas da Uni\u00e3o) manteve, na sess\u00e3o de 30 de outubro, a decis\u00e3o do \u00f3rg\u00e3o, de 2017, de que o ONS (Operador Nacional do Sistema El\u00e9trico) est\u00e1 submetido \u00e0 fiscaliza\u00e7\u00e3o do \u00f3rg\u00e3o de controle. Na \u00e9poca, a decis\u00e3o foi un\u00e2nime. Em recurso, o ONS alegou que sua constitui\u00e7\u00e3o \u00e9 [&hellip;]\" \/>\n<meta property=\"og:url\" content=\"https:\/\/agenciainfra.com\/blog\/ons-esta-submetido-a-jurisdicao-do-tcu\/\" \/>\n<meta property=\"og:site_name\" content=\"Ag\u00eancia iNFRA\" \/>\n<meta property=\"article:publisher\" content=\"https:\/\/www.facebook.com\/ageninfra\" \/>\n<meta property=\"article:published_time\" content=\"2019-11-06T11:00:52+00:00\" \/>\n<meta property=\"og:image\" content=\"https:\/\/agenciainfra.com\/blog\/wp-content\/uploads\/2019\/11\/sessao-plenaria-TCU.png\" \/>\n\t<meta property=\"og:image:width\" content=\"800\" \/>\n\t<meta property=\"og:image:height\" content=\"600\" \/>\n\t<meta property=\"og:image:type\" content=\"image\/png\" \/>\n<meta name=\"author\" content=\"Rodrigo Zuquim\" \/>\n<meta name=\"twitter:card\" content=\"summary_large_image\" \/>\n<meta name=\"twitter:creator\" content=\"@agencia_infra\" \/>\n<meta name=\"twitter:site\" content=\"@agencia_infra\" \/>\n<meta name=\"twitter:label1\" content=\"Escrito por\" \/>\n\t<meta name=\"twitter:data1\" content=\"Rodrigo Zuquim\" \/>\n\t<meta name=\"twitter:label2\" content=\"Est. tempo de leitura\" \/>\n\t<meta name=\"twitter:data2\" content=\"2 minutos\" \/>\n<script type=\"application\/ld+json\" class=\"yoast-schema-graph\">{\"@context\":\"https:\/\/schema.org\",\"@graph\":[{\"@type\":\"Article\",\"@id\":\"https:\/\/agenciainfra.com\/blog\/ons-esta-submetido-a-jurisdicao-do-tcu\/#article\",\"isPartOf\":{\"@id\":\"https:\/\/agenciainfra.com\/blog\/ons-esta-submetido-a-jurisdicao-do-tcu\/\"},\"author\":{\"name\":\"Rodrigo Zuquim\",\"@id\":\"https:\/\/agenciainfra.com\/blog\/#\/schema\/person\/04dbb79bd6d8951f063da71f3e4c1eb1\"},\"headline\":\"ONS est\u00e1 submetido \u00e0 jurisdi\u00e7\u00e3o do TCU\",\"datePublished\":\"2019-11-06T11:00:52+00:00\",\"mainEntityOfPage\":{\"@id\":\"https:\/\/agenciainfra.com\/blog\/ons-esta-submetido-a-jurisdicao-do-tcu\/\"},\"wordCount\":406,\"publisher\":{\"@id\":\"https:\/\/agenciainfra.com\/blog\/#organization\"},\"image\":{\"@id\":\"https:\/\/agenciainfra.com\/blog\/ons-esta-submetido-a-jurisdicao-do-tcu\/#primaryimage\"},\"thumbnailUrl\":\"https:\/\/agenciainfra.com\/blog\/wp-content\/uploads\/2019\/11\/sessao-plenaria-TCU.png\",\"keywords\":[\"Ana Arraes\",\"ANEEL\",\"Augusto Sherman\",\"Benjamin Zymler\",\"Bruno Dantas\",\"ONS\",\"Operador Nacional do Sistema El\u00e9trico\",\"TCU\",\"Tribunal de Contas da Uni\u00e3o\",\"Vital do R\u00eago\",\"Walton Alencar\"],\"articleSection\":[\"iNFRAEnergia\"],\"inLanguage\":\"pt-BR\",\"copyrightYear\":\"2019\",\"copyrightHolder\":{\"@id\":\"https:\/\/agenciainfra.com\/blog\/#organization\"}},{\"@type\":\"WebPage\",\"@id\":\"https:\/\/agenciainfra.com\/blog\/ons-esta-submetido-a-jurisdicao-do-tcu\/\",\"url\":\"https:\/\/agenciainfra.com\/blog\/ons-esta-submetido-a-jurisdicao-do-tcu\/\",\"name\":\"ONS est\u00e1 submetido \u00e0 jurisdi\u00e7\u00e3o do TCU - Ag\u00eancia iNFRA\",\"isPartOf\":{\"@id\":\"https:\/\/agenciainfra.com\/blog\/#website\"},\"primaryImageOfPage\":{\"@id\":\"https:\/\/agenciainfra.com\/blog\/ons-esta-submetido-a-jurisdicao-do-tcu\/#primaryimage\"},\"image\":{\"@id\":\"https:\/\/agenciainfra.com\/blog\/ons-esta-submetido-a-jurisdicao-do-tcu\/#primaryimage\"},\"thumbnailUrl\":\"https:\/\/agenciainfra.com\/blog\/wp-content\/uploads\/2019\/11\/sessao-plenaria-TCU.png\",\"datePublished\":\"2019-11-06T11:00:52+00:00\",\"breadcrumb\":{\"@id\":\"https:\/\/agenciainfra.com\/blog\/ons-esta-submetido-a-jurisdicao-do-tcu\/#breadcrumb\"},\"inLanguage\":\"pt-BR\",\"potentialAction\":[{\"@type\":\"ReadAction\",\"target\":[\"https:\/\/agenciainfra.com\/blog\/ons-esta-submetido-a-jurisdicao-do-tcu\/\"]}]},{\"@type\":\"ImageObject\",\"inLanguage\":\"pt-BR\",\"@id\":\"https:\/\/agenciainfra.com\/blog\/ons-esta-submetido-a-jurisdicao-do-tcu\/#primaryimage\",\"url\":\"https:\/\/agenciainfra.com\/blog\/wp-content\/uploads\/2019\/11\/sessao-plenaria-TCU.png\",\"contentUrl\":\"https:\/\/agenciainfra.com\/blog\/wp-content\/uploads\/2019\/11\/sessao-plenaria-TCU.png\",\"width\":800,\"height\":600},{\"@type\":\"BreadcrumbList\",\"@id\":\"https:\/\/agenciainfra.com\/blog\/ons-esta-submetido-a-jurisdicao-do-tcu\/#breadcrumb\",\"itemListElement\":[{\"@type\":\"ListItem\",\"position\":1,\"name\":\"In\u00edcio\",\"item\":\"https:\/\/agenciainfra.com\/blog\/\"},{\"@type\":\"ListItem\",\"position\":2,\"name\":\"ONS est\u00e1 submetido \u00e0 jurisdi\u00e7\u00e3o do TCU\"}]},{\"@type\":\"WebSite\",\"@id\":\"https:\/\/agenciainfra.com\/blog\/#website\",\"url\":\"https:\/\/agenciainfra.com\/blog\/\",\"name\":\"Ag\u00eancia iNFRA\",\"description\":\"Multiplataforma de informa\u00e7\u00e3o jornal\u00edstica refer\u00eancia na \u00e1rea de infraestrutura no Brasil!\",\"publisher\":{\"@id\":\"https:\/\/agenciainfra.com\/blog\/#organization\"},\"potentialAction\":[{\"@type\":\"SearchAction\",\"target\":{\"@type\":\"EntryPoint\",\"urlTemplate\":\"https:\/\/agenciainfra.com\/blog\/?s={search_term_string}\"},\"query-input\":{\"@type\":\"PropertyValueSpecification\",\"valueRequired\":true,\"valueName\":\"search_term_string\"}}],\"inLanguage\":\"pt-BR\"},{\"@type\":\"Organization\",\"@id\":\"https:\/\/agenciainfra.com\/blog\/#organization\",\"name\":\"Ag\u00eancia iNFRA\",\"url\":\"https:\/\/agenciainfra.com\/blog\/\",\"logo\":{\"@type\":\"ImageObject\",\"inLanguage\":\"pt-BR\",\"@id\":\"https:\/\/agenciainfra.com\/blog\/#\/schema\/logo\/image\/\",\"url\":\"https:\/\/agenciainfra.com\/blog\/wp-content\/uploads\/2023\/09\/iNFRA_5-e1761735885940.png\",\"contentUrl\":\"https:\/\/agenciainfra.com\/blog\/wp-content\/uploads\/2023\/09\/iNFRA_5-e1761735885940.png\",\"width\":1672,\"height\":454,\"caption\":\"Ag\u00eancia iNFRA\"},\"image\":{\"@id\":\"https:\/\/agenciainfra.com\/blog\/#\/schema\/logo\/image\/\"},\"sameAs\":[\"https:\/\/www.facebook.com\/ageninfra\",\"https:\/\/x.com\/agencia_infra\",\"https:\/\/www.linkedin.com\/company\/ag\u00eanciainfra\/\",\"https:\/\/www.instagram.com\/agenciainfra\/\"]},{\"@type\":\"Person\",\"@id\":\"https:\/\/agenciainfra.com\/blog\/#\/schema\/person\/04dbb79bd6d8951f063da71f3e4c1eb1\",\"name\":\"Rodrigo Zuquim\",\"image\":{\"@type\":\"ImageObject\",\"inLanguage\":\"pt-BR\",\"@id\":\"https:\/\/agenciainfra.com\/blog\/#\/schema\/person\/image\/\",\"url\":\"https:\/\/secure.gravatar.com\/avatar\/594abfe82761d620726242ff34ca472a705a4b97f16c790053a6b4c4035274d0?s=96&d=mm&r=g\",\"contentUrl\":\"https:\/\/secure.gravatar.com\/avatar\/594abfe82761d620726242ff34ca472a705a4b97f16c790053a6b4c4035274d0?s=96&d=mm&r=g\",\"caption\":\"Rodrigo Zuquim\"},\"url\":\"https:\/\/agenciainfra.com\/blog\/author\/rodrigo-zuquim\/\"}]}<\/script>\n<!-- \/ Yoast SEO Premium plugin. -->","yoast_head_json":{"title":"ONS est\u00e1 submetido \u00e0 jurisdi\u00e7\u00e3o do TCU - Ag\u00eancia iNFRA","robots":{"index":"index","follow":"follow","max-snippet":"max-snippet:-1","max-image-preview":"max-image-preview:large","max-video-preview":"max-video-preview:-1"},"canonical":"https:\/\/agenciainfra.com\/blog\/ons-esta-submetido-a-jurisdicao-do-tcu\/","og_locale":"pt_BR","og_type":"article","og_title":"ONS est\u00e1 submetido \u00e0 jurisdi\u00e7\u00e3o do TCU","og_description":"da Ag\u00eancia iNFRA O TCU (Tribunal de Contas da Uni\u00e3o) manteve, na sess\u00e3o de 30 de outubro, a decis\u00e3o do \u00f3rg\u00e3o, de 2017, de que o ONS (Operador Nacional do Sistema El\u00e9trico) est\u00e1 submetido \u00e0 fiscaliza\u00e7\u00e3o do \u00f3rg\u00e3o de controle. Na \u00e9poca, a decis\u00e3o foi un\u00e2nime. Em recurso, o ONS alegou que sua constitui\u00e7\u00e3o \u00e9 [&hellip;]","og_url":"https:\/\/agenciainfra.com\/blog\/ons-esta-submetido-a-jurisdicao-do-tcu\/","og_site_name":"Ag\u00eancia iNFRA","article_publisher":"https:\/\/www.facebook.com\/ageninfra","article_published_time":"2019-11-06T11:00:52+00:00","og_image":[{"width":800,"height":600,"url":"https:\/\/agenciainfra.com\/blog\/wp-content\/uploads\/2019\/11\/sessao-plenaria-TCU.png","type":"image\/png"}],"author":"Rodrigo Zuquim","twitter_card":"summary_large_image","twitter_creator":"@agencia_infra","twitter_site":"@agencia_infra","twitter_misc":{"Escrito por":"Rodrigo Zuquim","Est. tempo de leitura":"2 minutos"},"schema":{"@context":"https:\/\/schema.org","@graph":[{"@type":"Article","@id":"https:\/\/agenciainfra.com\/blog\/ons-esta-submetido-a-jurisdicao-do-tcu\/#article","isPartOf":{"@id":"https:\/\/agenciainfra.com\/blog\/ons-esta-submetido-a-jurisdicao-do-tcu\/"},"author":{"name":"Rodrigo Zuquim","@id":"https:\/\/agenciainfra.com\/blog\/#\/schema\/person\/04dbb79bd6d8951f063da71f3e4c1eb1"},"headline":"ONS est\u00e1 submetido \u00e0 jurisdi\u00e7\u00e3o do TCU","datePublished":"2019-11-06T11:00:52+00:00","mainEntityOfPage":{"@id":"https:\/\/agenciainfra.com\/blog\/ons-esta-submetido-a-jurisdicao-do-tcu\/"},"wordCount":406,"publisher":{"@id":"https:\/\/agenciainfra.com\/blog\/#organization"},"image":{"@id":"https:\/\/agenciainfra.com\/blog\/ons-esta-submetido-a-jurisdicao-do-tcu\/#primaryimage"},"thumbnailUrl":"https:\/\/agenciainfra.com\/blog\/wp-content\/uploads\/2019\/11\/sessao-plenaria-TCU.png","keywords":["Ana Arraes","ANEEL","Augusto Sherman","Benjamin Zymler","Bruno Dantas","ONS","Operador Nacional do Sistema El\u00e9trico","TCU","Tribunal de Contas da Uni\u00e3o","Vital do R\u00eago","Walton Alencar"],"articleSection":["iNFRAEnergia"],"inLanguage":"pt-BR","copyrightYear":"2019","copyrightHolder":{"@id":"https:\/\/agenciainfra.com\/blog\/#organization"}},{"@type":"WebPage","@id":"https:\/\/agenciainfra.com\/blog\/ons-esta-submetido-a-jurisdicao-do-tcu\/","url":"https:\/\/agenciainfra.com\/blog\/ons-esta-submetido-a-jurisdicao-do-tcu\/","name":"ONS est\u00e1 submetido \u00e0 jurisdi\u00e7\u00e3o do TCU - Ag\u00eancia iNFRA","isPartOf":{"@id":"https:\/\/agenciainfra.com\/blog\/#website"},"primaryImageOfPage":{"@id":"https:\/\/agenciainfra.com\/blog\/ons-esta-submetido-a-jurisdicao-do-tcu\/#primaryimage"},"image":{"@id":"https:\/\/agenciainfra.com\/blog\/ons-esta-submetido-a-jurisdicao-do-tcu\/#primaryimage"},"thumbnailUrl":"https:\/\/agenciainfra.com\/blog\/wp-content\/uploads\/2019\/11\/sessao-plenaria-TCU.png","datePublished":"2019-11-06T11:00:52+00:00","breadcrumb":{"@id":"https:\/\/agenciainfra.com\/blog\/ons-esta-submetido-a-jurisdicao-do-tcu\/#breadcrumb"},"inLanguage":"pt-BR","potentialAction":[{"@type":"ReadAction","target":["https:\/\/agenciainfra.com\/blog\/ons-esta-submetido-a-jurisdicao-do-tcu\/"]}]},{"@type":"ImageObject","inLanguage":"pt-BR","@id":"https:\/\/agenciainfra.com\/blog\/ons-esta-submetido-a-jurisdicao-do-tcu\/#primaryimage","url":"https:\/\/agenciainfra.com\/blog\/wp-content\/uploads\/2019\/11\/sessao-plenaria-TCU.png","contentUrl":"https:\/\/agenciainfra.com\/blog\/wp-content\/uploads\/2019\/11\/sessao-plenaria-TCU.png","width":800,"height":600},{"@type":"BreadcrumbList","@id":"https:\/\/agenciainfra.com\/blog\/ons-esta-submetido-a-jurisdicao-do-tcu\/#breadcrumb","itemListElement":[{"@type":"ListItem","position":1,"name":"In\u00edcio","item":"https:\/\/agenciainfra.com\/blog\/"},{"@type":"ListItem","position":2,"name":"ONS est\u00e1 submetido \u00e0 jurisdi\u00e7\u00e3o do TCU"}]},{"@type":"WebSite","@id":"https:\/\/agenciainfra.com\/blog\/#website","url":"https:\/\/agenciainfra.com\/blog\/","name":"Ag\u00eancia iNFRA","description":"Multiplataforma de informa\u00e7\u00e3o jornal\u00edstica refer\u00eancia na \u00e1rea de infraestrutura no Brasil!","publisher":{"@id":"https:\/\/agenciainfra.com\/blog\/#organization"},"potentialAction":[{"@type":"SearchAction","target":{"@type":"EntryPoint","urlTemplate":"https:\/\/agenciainfra.com\/blog\/?s={search_term_string}"},"query-input":{"@type":"PropertyValueSpecification","valueRequired":true,"valueName":"search_term_string"}}],"inLanguage":"pt-BR"},{"@type":"Organization","@id":"https:\/\/agenciainfra.com\/blog\/#organization","name":"Ag\u00eancia iNFRA","url":"https:\/\/agenciainfra.com\/blog\/","logo":{"@type":"ImageObject","inLanguage":"pt-BR","@id":"https:\/\/agenciainfra.com\/blog\/#\/schema\/logo\/image\/","url":"https:\/\/agenciainfra.com\/blog\/wp-content\/uploads\/2023\/09\/iNFRA_5-e1761735885940.png","contentUrl":"https:\/\/agenciainfra.com\/blog\/wp-content\/uploads\/2023\/09\/iNFRA_5-e1761735885940.png","width":1672,"height":454,"caption":"Ag\u00eancia iNFRA"},"image":{"@id":"https:\/\/agenciainfra.com\/blog\/#\/schema\/logo\/image\/"},"sameAs":["https:\/\/www.facebook.com\/ageninfra","https:\/\/x.com\/agencia_infra","https:\/\/www.linkedin.com\/company\/ag\u00eanciainfra\/","https:\/\/www.instagram.com\/agenciainfra\/"]},{"@type":"Person","@id":"https:\/\/agenciainfra.com\/blog\/#\/schema\/person\/04dbb79bd6d8951f063da71f3e4c1eb1","name":"Rodrigo Zuquim","image":{"@type":"ImageObject","inLanguage":"pt-BR","@id":"https:\/\/agenciainfra.com\/blog\/#\/schema\/person\/image\/","url":"https:\/\/secure.gravatar.com\/avatar\/594abfe82761d620726242ff34ca472a705a4b97f16c790053a6b4c4035274d0?s=96&d=mm&r=g","contentUrl":"https:\/\/secure.gravatar.com\/avatar\/594abfe82761d620726242ff34ca472a705a4b97f16c790053a6b4c4035274d0?s=96&d=mm&r=g","caption":"Rodrigo Zuquim"},"url":"https:\/\/agenciainfra.com\/blog\/author\/rodrigo-zuquim\/"}]}},"_links":{"self":[{"href":"https:\/\/agenciainfra.com\/blog\/wp-json\/wp\/v2\/posts\/3984","targetHints":{"allow":["GET"]}}],"collection":[{"href":"https:\/\/agenciainfra.com\/blog\/wp-json\/wp\/v2\/posts"}],"about":[{"href":"https:\/\/agenciainfra.com\/blog\/wp-json\/wp\/v2\/types\/post"}],"author":[{"embeddable":true,"href":"https:\/\/agenciainfra.com\/blog\/wp-json\/wp\/v2\/users\/9"}],"replies":[{"embeddable":true,"href":"https:\/\/agenciainfra.com\/blog\/wp-json\/wp\/v2\/comments?post=3984"}],"version-history":[{"count":0,"href":"https:\/\/agenciainfra.com\/blog\/wp-json\/wp\/v2\/posts\/3984\/revisions"}],"wp:featuredmedia":[{"embeddable":true,"href":"https:\/\/agenciainfra.com\/blog\/wp-json\/wp\/v2\/media\/3985"}],"wp:attachment":[{"href":"https:\/\/agenciainfra.com\/blog\/wp-json\/wp\/v2\/media?parent=3984"}],"wp:term":[{"taxonomy":"category","embeddable":true,"href":"https:\/\/agenciainfra.com\/blog\/wp-json\/wp\/v2\/categories?post=3984"},{"taxonomy":"post_tag","embeddable":true,"href":"https:\/\/agenciainfra.com\/blog\/wp-json\/wp\/v2\/tags?post=3984"}],"curies":[{"name":"wp","href":"https:\/\/api.w.org\/{rel}","templated":true}]}}