{"id":3988,"date":"2019-11-07T08:00:25","date_gmt":"2019-11-07T11:00:25","guid":{"rendered":"http:\/\/www.agenciainfra.com\/blog\/?p=3988"},"modified":"2019-11-06T09:32:05","modified_gmt":"2019-11-06T12:32:05","slug":"antt-aprova-edital-da-concessao-da-br-101-sc","status":"publish","type":"post","link":"https:\/\/agenciainfra.com\/blog\/antt-aprova-edital-da-concessao-da-br-101-sc\/","title":{"rendered":"ANTT aprova edital da concess\u00e3o da BR-101\/SC"},"content":{"rendered":"<h5 style=\"text-align: right;\"><strong>Gabriel Tabatcheik, da Ag\u00eancia iNFRA<\/strong><\/h5>\n<div>\n<p>A ANTT (Ag\u00eancia Nacional de Transportes Terrestres) aprovou o edital de concess\u00e3o da BR-101\/SC. Tanto o edital quanto o estudo de viabilidade t\u00e9cnica e econ\u00f4mica j\u00e1 foram apreciados pelo TCU (Tribunal de Contas da Uni\u00e3o) e devem ser publicados nos pr\u00f3ximos dias. A decis\u00e3o foi tomada durante a reuni\u00e3o da diretoria da ag\u00eancia, na \u00faltima ter\u00e7a-feira (5), em Bras\u00edlia.<\/p>\n<p>O trecho a ser concedido tem 220 km de extens\u00e3o e passa por 17 munic\u00edpios catarinenses, entre Paulo Lopes (SC) e S\u00e3o Jo\u00e3o do Sul (SC). S\u00e3o esperados R$ 7,4 bilh\u00f5es de investimentos at\u00e9 o fim dos 30 anos de concess\u00e3o.<\/p>\n<p>Os estudos foram realizados pela EPL (Empresa de Planejamento e Log\u00edstica).\u00a0A estimativa \u00e9 que a concess\u00e3o de 30 anos da rodovia gere investimentos de R$ 2,9 bilh\u00f5es e mais de sete mil empregos diretos e indiretos.<\/p>\n<p><strong>Ped\u00e1gios e justi\u00e7a<\/strong><br \/>\nAs redu\u00e7\u00f5es de tarifas de ped\u00e1gio rodovi\u00e1rio promovidas pela ag\u00eancia t\u00eam\u00a0encontrado dificuldades para se concretizar. \u00c9 que as empresas concession\u00e1rias est\u00e3o recorrendo \u00e0 Justi\u00e7a para impedir que isso ocorra. \u00c9 o caso da Concer Juiz de Fora-Rio e da Via 040.<\/p>\n<p>Na semana passada, a ANTT determinou a redu\u00e7\u00e3o da tarifa b\u00e1sica de ped\u00e1gio da Concer Juiz de Fora-Rio de R$ 11,60 para R$ 9,60, conforme foi informado pela\u00a0<strong>Ag\u00eancia iNFRA<\/strong>. Por\u00e9m uma decis\u00e3o no processo judicial n\u00ba 1025293-08.2019 401.3400 proibiu a ag\u00eancia de promover altera\u00e7\u00f5es nesses valores, mandando restabelecer o anterior.<\/p>\n<p>Atendendo ao comando do Judici\u00e1rio, o diretor-geral, M\u00e1rio Rodrigues, baixou uma delibera\u00e7\u00e3o, referendada na ter\u00e7a-feira pela diretoria, mantendo os valores j\u00e1 praticados pela empresa.<\/p>\n<p>A ag\u00eancia tamb\u00e9m decidiu baixar a tarifa b\u00e1sica de ped\u00e1gio praticada pela Concession\u00e1ria Via 040, de R$ 5,10 para R$ 2,90. A decis\u00e3o decorre das revis\u00f5es de reajuste (4\u00aa ordin\u00e1ria e 6\u00aa extraordin\u00e1ria), referendadas pela diretoria da ag\u00eancia nesta ter\u00e7a.<\/p>\n<p>Contudo h\u00e1 uma a\u00e7\u00e3o cautelar em curso na 17\u00aa vara federal c\u00edvel do Distrito Federal (n\u00ba 1014300-37.2018.401.3400) que vem impedindo a redu\u00e7\u00e3o do valor nas \u00faltimas revis\u00f5es tarif\u00e1rias. Levando isso em considera\u00e7\u00e3o, a ANTT decidiu anunciar que a redu\u00e7\u00e3o ser\u00e1 aplicada a partir de 19 de novembro. E, at\u00e9 l\u00e1, espera reverter a situa\u00e7\u00e3o. A empresa administra 936 km da BR 040 entre Bras\u00edlia (DF) e Juiz de Fora (MG).<\/p>\n<p><strong>Outras decis\u00f5es<\/strong><br \/>\nA diretoria decidiu revisar a meta de produ\u00e7\u00e3o da Concession\u00e1ria MRS Log\u00edstica para o exerc\u00edcio de 2020. A empresa alegou instabilidade no mercado de transporte de min\u00e9rio de ferro ap\u00f3s o rompimento da barragem de Brumadinho (MG), visto que h\u00e1 interrup\u00e7\u00e3o dos trabalhos em complexos miner\u00e1rios no local, realizados pela Vale. O processo \u00e9 o 50500.344449\/2019-32.<\/p>\n<p>Tamb\u00e9m foi aprovada a cria\u00e7\u00e3o do SICFER, o Sistema de Custos Referenciais Ferrovi\u00e1rios da ag\u00eancia. Fruto de parceria com a FGV (Funda\u00e7\u00e3o Getulio Vargas), o sistema apresenta as refer\u00eancias de pre\u00e7o, metodologia e produtividade de equipamentos e m\u00e3o de obra envolvidas nos principais servi\u00e7os ferrovi\u00e1rios. A proposta, homologada pela ANTT, agora ser\u00e1 submetida ao Minist\u00e9rio da Economia. O n\u00famero do processo \u00e9 50500.387530\/2019-15.<\/p>\n<p>Al\u00e9m disso, a ag\u00eancia decidiu reajustar as tarifas de refer\u00eancia do transporte ferrovi\u00e1rio de cargas praticadas por v\u00e1rias concession\u00e1rias ferrovi\u00e1rias. S\u00e3o as seguintes empresas, seguidas pelo respectivo n\u00famero de processo: Ferrovia Norte-Sul (50500.379043\/2019-71), Estrada de Ferro Vit\u00f3ria a Minas (50500.384326\/2019-34) e Estrada de Ferro Caraj\u00e1s (50500.384679\/2019-34).<\/p>\n<\/div>\n","protected":false},"excerpt":{"rendered":"<p>Gabriel Tabatcheik, da Ag\u00eancia iNFRA A ANTT (Ag\u00eancia Nacional de Transportes Terrestres) aprovou o edital de concess\u00e3o da BR-101\/SC. Tanto o edital quanto o estudo de viabilidade t\u00e9cnica e econ\u00f4mica j\u00e1 foram apreciados pelo TCU (Tribunal de Contas da Uni\u00e3o) e devem ser publicados nos pr\u00f3ximos dias. A decis\u00e3o foi tomada durante a reuni\u00e3o da [&hellip;]<\/p>\n","protected":false},"author":9,"featured_media":3989,"comment_status":"closed","ping_status":"closed","sticky":false,"template":"","format":"standard","meta":{"_monsterinsights_skip_tracking":false,"_monsterinsights_sitenote_active":false,"_monsterinsights_sitenote_note":"","_monsterinsights_sitenote_category":0,"footnotes":""},"categories":[7],"tags":[19,1429,1414,921,1061,1019],"class_list":["post-3988","post","type-post","status-publish","format-standard","has-post-thumbnail","hentry","category-infratransporte","tag-antt","tag-br-101-sc","tag-concer-juiz-de-fora-rio","tag-mario-rodrigues","tag-mrs-logistica","tag-via-040"],"yoast_head":"<!-- This site is optimized with the Yoast SEO Premium plugin v25.4 (Yoast SEO v26.0) - https:\/\/yoast.com\/wordpress\/plugins\/seo\/ -->\n<title>ANTT aprova edital da concess\u00e3o da BR-101\/SC - Ag\u00eancia iNFRA<\/title>\n<meta name=\"robots\" content=\"index, follow, max-snippet:-1, max-image-preview:large, max-video-preview:-1\" \/>\n<link rel=\"canonical\" href=\"https:\/\/agenciainfra.com\/blog\/antt-aprova-edital-da-concessao-da-br-101-sc\/\" \/>\n<meta property=\"og:locale\" content=\"pt_BR\" \/>\n<meta property=\"og:type\" content=\"article\" \/>\n<meta property=\"og:title\" content=\"ANTT aprova edital da concess\u00e3o da BR-101\/SC\" \/>\n<meta property=\"og:description\" content=\"Gabriel Tabatcheik, da Ag\u00eancia iNFRA A ANTT (Ag\u00eancia Nacional de Transportes Terrestres) aprovou o edital de concess\u00e3o da BR-101\/SC. Tanto o edital quanto o estudo de viabilidade t\u00e9cnica e econ\u00f4mica j\u00e1 foram apreciados pelo TCU (Tribunal de Contas da Uni\u00e3o) e devem ser publicados nos pr\u00f3ximos dias. A decis\u00e3o foi tomada durante a reuni\u00e3o da [&hellip;]\" \/>\n<meta property=\"og:url\" content=\"https:\/\/agenciainfra.com\/blog\/antt-aprova-edital-da-concessao-da-br-101-sc\/\" \/>\n<meta property=\"og:site_name\" content=\"Ag\u00eancia iNFRA\" \/>\n<meta property=\"article:publisher\" content=\"https:\/\/www.facebook.com\/ageninfra\" \/>\n<meta property=\"article:published_time\" content=\"2019-11-07T11:00:25+00:00\" \/>\n<meta property=\"og:image\" content=\"https:\/\/agenciainfra.com\/blog\/wp-content\/uploads\/2019\/11\/br-101-sc-ppi.jpeg\" \/>\n\t<meta property=\"og:image:width\" content=\"1280\" \/>\n\t<meta property=\"og:image:height\" content=\"853\" \/>\n\t<meta property=\"og:image:type\" content=\"image\/jpeg\" \/>\n<meta name=\"author\" content=\"Rodrigo Zuquim\" \/>\n<meta name=\"twitter:card\" content=\"summary_large_image\" \/>\n<meta name=\"twitter:creator\" content=\"@agencia_infra\" \/>\n<meta name=\"twitter:site\" content=\"@agencia_infra\" \/>\n<meta name=\"twitter:label1\" content=\"Escrito por\" \/>\n\t<meta name=\"twitter:data1\" content=\"Rodrigo Zuquim\" \/>\n\t<meta name=\"twitter:label2\" content=\"Est. tempo de leitura\" \/>\n\t<meta name=\"twitter:data2\" content=\"3 minutos\" \/>\n<script type=\"application\/ld+json\" class=\"yoast-schema-graph\">{\"@context\":\"https:\/\/schema.org\",\"@graph\":[{\"@type\":\"Article\",\"@id\":\"https:\/\/agenciainfra.com\/blog\/antt-aprova-edital-da-concessao-da-br-101-sc\/#article\",\"isPartOf\":{\"@id\":\"https:\/\/agenciainfra.com\/blog\/antt-aprova-edital-da-concessao-da-br-101-sc\/\"},\"author\":{\"name\":\"Rodrigo Zuquim\",\"@id\":\"https:\/\/agenciainfra.com\/blog\/#\/schema\/person\/04dbb79bd6d8951f063da71f3e4c1eb1\"},\"headline\":\"ANTT aprova edital da concess\u00e3o da BR-101\/SC\",\"datePublished\":\"2019-11-07T11:00:25+00:00\",\"mainEntityOfPage\":{\"@id\":\"https:\/\/agenciainfra.com\/blog\/antt-aprova-edital-da-concessao-da-br-101-sc\/\"},\"wordCount\":618,\"publisher\":{\"@id\":\"https:\/\/agenciainfra.com\/blog\/#organization\"},\"image\":{\"@id\":\"https:\/\/agenciainfra.com\/blog\/antt-aprova-edital-da-concessao-da-br-101-sc\/#primaryimage\"},\"thumbnailUrl\":\"https:\/\/agenciainfra.com\/blog\/wp-content\/uploads\/2019\/11\/br-101-sc-ppi.jpeg\",\"keywords\":[\"ANTT\",\"BR-101\/SC\",\"Concer Juiz de Fora-Rio\",\"M\u00e1rio Rodrigues\",\"MRS Log\u00edstica\",\"Via 040\"],\"articleSection\":[\"iNFRATransporte\"],\"inLanguage\":\"pt-BR\",\"copyrightYear\":\"2019\",\"copyrightHolder\":{\"@id\":\"https:\/\/agenciainfra.com\/blog\/#organization\"}},{\"@type\":\"WebPage\",\"@id\":\"https:\/\/agenciainfra.com\/blog\/antt-aprova-edital-da-concessao-da-br-101-sc\/\",\"url\":\"https:\/\/agenciainfra.com\/blog\/antt-aprova-edital-da-concessao-da-br-101-sc\/\",\"name\":\"ANTT aprova edital da concess\u00e3o da BR-101\/SC - Ag\u00eancia iNFRA\",\"isPartOf\":{\"@id\":\"https:\/\/agenciainfra.com\/blog\/#website\"},\"primaryImageOfPage\":{\"@id\":\"https:\/\/agenciainfra.com\/blog\/antt-aprova-edital-da-concessao-da-br-101-sc\/#primaryimage\"},\"image\":{\"@id\":\"https:\/\/agenciainfra.com\/blog\/antt-aprova-edital-da-concessao-da-br-101-sc\/#primaryimage\"},\"thumbnailUrl\":\"https:\/\/agenciainfra.com\/blog\/wp-content\/uploads\/2019\/11\/br-101-sc-ppi.jpeg\",\"datePublished\":\"2019-11-07T11:00:25+00:00\",\"breadcrumb\":{\"@id\":\"https:\/\/agenciainfra.com\/blog\/antt-aprova-edital-da-concessao-da-br-101-sc\/#breadcrumb\"},\"inLanguage\":\"pt-BR\",\"potentialAction\":[{\"@type\":\"ReadAction\",\"target\":[\"https:\/\/agenciainfra.com\/blog\/antt-aprova-edital-da-concessao-da-br-101-sc\/\"]}]},{\"@type\":\"ImageObject\",\"inLanguage\":\"pt-BR\",\"@id\":\"https:\/\/agenciainfra.com\/blog\/antt-aprova-edital-da-concessao-da-br-101-sc\/#primaryimage\",\"url\":\"https:\/\/agenciainfra.com\/blog\/wp-content\/uploads\/2019\/11\/br-101-sc-ppi.jpeg\",\"contentUrl\":\"https:\/\/agenciainfra.com\/blog\/wp-content\/uploads\/2019\/11\/br-101-sc-ppi.jpeg\",\"width\":1280,\"height\":853,\"caption\":\"Foto: PPI\"},{\"@type\":\"BreadcrumbList\",\"@id\":\"https:\/\/agenciainfra.com\/blog\/antt-aprova-edital-da-concessao-da-br-101-sc\/#breadcrumb\",\"itemListElement\":[{\"@type\":\"ListItem\",\"position\":1,\"name\":\"In\u00edcio\",\"item\":\"https:\/\/agenciainfra.com\/blog\/\"},{\"@type\":\"ListItem\",\"position\":2,\"name\":\"ANTT aprova edital da concess\u00e3o da BR-101\/SC\"}]},{\"@type\":\"WebSite\",\"@id\":\"https:\/\/agenciainfra.com\/blog\/#website\",\"url\":\"https:\/\/agenciainfra.com\/blog\/\",\"name\":\"Ag\u00eancia iNFRA\",\"description\":\"Multiplataforma de informa\u00e7\u00e3o jornal\u00edstica refer\u00eancia na \u00e1rea de infraestrutura no Brasil!\",\"publisher\":{\"@id\":\"https:\/\/agenciainfra.com\/blog\/#organization\"},\"potentialAction\":[{\"@type\":\"SearchAction\",\"target\":{\"@type\":\"EntryPoint\",\"urlTemplate\":\"https:\/\/agenciainfra.com\/blog\/?s={search_term_string}\"},\"query-input\":{\"@type\":\"PropertyValueSpecification\",\"valueRequired\":true,\"valueName\":\"search_term_string\"}}],\"inLanguage\":\"pt-BR\"},{\"@type\":\"Organization\",\"@id\":\"https:\/\/agenciainfra.com\/blog\/#organization\",\"name\":\"Ag\u00eancia iNFRA\",\"url\":\"https:\/\/agenciainfra.com\/blog\/\",\"logo\":{\"@type\":\"ImageObject\",\"inLanguage\":\"pt-BR\",\"@id\":\"https:\/\/agenciainfra.com\/blog\/#\/schema\/logo\/image\/\",\"url\":\"https:\/\/agenciainfra.com\/blog\/wp-content\/uploads\/2023\/09\/iNFRA_5-e1761735885940.png\",\"contentUrl\":\"https:\/\/agenciainfra.com\/blog\/wp-content\/uploads\/2023\/09\/iNFRA_5-e1761735885940.png\",\"width\":1672,\"height\":454,\"caption\":\"Ag\u00eancia iNFRA\"},\"image\":{\"@id\":\"https:\/\/agenciainfra.com\/blog\/#\/schema\/logo\/image\/\"},\"sameAs\":[\"https:\/\/www.facebook.com\/ageninfra\",\"https:\/\/x.com\/agencia_infra\",\"https:\/\/www.linkedin.com\/company\/ag\u00eanciainfra\/\",\"https:\/\/www.instagram.com\/agenciainfra\/\"]},{\"@type\":\"Person\",\"@id\":\"https:\/\/agenciainfra.com\/blog\/#\/schema\/person\/04dbb79bd6d8951f063da71f3e4c1eb1\",\"name\":\"Rodrigo Zuquim\",\"image\":{\"@type\":\"ImageObject\",\"inLanguage\":\"pt-BR\",\"@id\":\"https:\/\/agenciainfra.com\/blog\/#\/schema\/person\/image\/\",\"url\":\"https:\/\/secure.gravatar.com\/avatar\/594abfe82761d620726242ff34ca472a705a4b97f16c790053a6b4c4035274d0?s=96&d=mm&r=g\",\"contentUrl\":\"https:\/\/secure.gravatar.com\/avatar\/594abfe82761d620726242ff34ca472a705a4b97f16c790053a6b4c4035274d0?s=96&d=mm&r=g\",\"caption\":\"Rodrigo Zuquim\"},\"url\":\"https:\/\/agenciainfra.com\/blog\/author\/rodrigo-zuquim\/\"}]}<\/script>\n<!-- \/ Yoast SEO Premium plugin. -->","yoast_head_json":{"title":"ANTT aprova edital da concess\u00e3o da BR-101\/SC - Ag\u00eancia iNFRA","robots":{"index":"index","follow":"follow","max-snippet":"max-snippet:-1","max-image-preview":"max-image-preview:large","max-video-preview":"max-video-preview:-1"},"canonical":"https:\/\/agenciainfra.com\/blog\/antt-aprova-edital-da-concessao-da-br-101-sc\/","og_locale":"pt_BR","og_type":"article","og_title":"ANTT aprova edital da concess\u00e3o da BR-101\/SC","og_description":"Gabriel Tabatcheik, da Ag\u00eancia iNFRA A ANTT (Ag\u00eancia Nacional de Transportes Terrestres) aprovou o edital de concess\u00e3o da BR-101\/SC. Tanto o edital quanto o estudo de viabilidade t\u00e9cnica e econ\u00f4mica j\u00e1 foram apreciados pelo TCU (Tribunal de Contas da Uni\u00e3o) e devem ser publicados nos pr\u00f3ximos dias. A decis\u00e3o foi tomada durante a reuni\u00e3o da [&hellip;]","og_url":"https:\/\/agenciainfra.com\/blog\/antt-aprova-edital-da-concessao-da-br-101-sc\/","og_site_name":"Ag\u00eancia iNFRA","article_publisher":"https:\/\/www.facebook.com\/ageninfra","article_published_time":"2019-11-07T11:00:25+00:00","og_image":[{"width":1280,"height":853,"url":"https:\/\/agenciainfra.com\/blog\/wp-content\/uploads\/2019\/11\/br-101-sc-ppi.jpeg","type":"image\/jpeg"}],"author":"Rodrigo Zuquim","twitter_card":"summary_large_image","twitter_creator":"@agencia_infra","twitter_site":"@agencia_infra","twitter_misc":{"Escrito por":"Rodrigo Zuquim","Est. tempo de leitura":"3 minutos"},"schema":{"@context":"https:\/\/schema.org","@graph":[{"@type":"Article","@id":"https:\/\/agenciainfra.com\/blog\/antt-aprova-edital-da-concessao-da-br-101-sc\/#article","isPartOf":{"@id":"https:\/\/agenciainfra.com\/blog\/antt-aprova-edital-da-concessao-da-br-101-sc\/"},"author":{"name":"Rodrigo Zuquim","@id":"https:\/\/agenciainfra.com\/blog\/#\/schema\/person\/04dbb79bd6d8951f063da71f3e4c1eb1"},"headline":"ANTT aprova edital da concess\u00e3o da BR-101\/SC","datePublished":"2019-11-07T11:00:25+00:00","mainEntityOfPage":{"@id":"https:\/\/agenciainfra.com\/blog\/antt-aprova-edital-da-concessao-da-br-101-sc\/"},"wordCount":618,"publisher":{"@id":"https:\/\/agenciainfra.com\/blog\/#organization"},"image":{"@id":"https:\/\/agenciainfra.com\/blog\/antt-aprova-edital-da-concessao-da-br-101-sc\/#primaryimage"},"thumbnailUrl":"https:\/\/agenciainfra.com\/blog\/wp-content\/uploads\/2019\/11\/br-101-sc-ppi.jpeg","keywords":["ANTT","BR-101\/SC","Concer Juiz de Fora-Rio","M\u00e1rio Rodrigues","MRS Log\u00edstica","Via 040"],"articleSection":["iNFRATransporte"],"inLanguage":"pt-BR","copyrightYear":"2019","copyrightHolder":{"@id":"https:\/\/agenciainfra.com\/blog\/#organization"}},{"@type":"WebPage","@id":"https:\/\/agenciainfra.com\/blog\/antt-aprova-edital-da-concessao-da-br-101-sc\/","url":"https:\/\/agenciainfra.com\/blog\/antt-aprova-edital-da-concessao-da-br-101-sc\/","name":"ANTT aprova edital da concess\u00e3o da BR-101\/SC - Ag\u00eancia iNFRA","isPartOf":{"@id":"https:\/\/agenciainfra.com\/blog\/#website"},"primaryImageOfPage":{"@id":"https:\/\/agenciainfra.com\/blog\/antt-aprova-edital-da-concessao-da-br-101-sc\/#primaryimage"},"image":{"@id":"https:\/\/agenciainfra.com\/blog\/antt-aprova-edital-da-concessao-da-br-101-sc\/#primaryimage"},"thumbnailUrl":"https:\/\/agenciainfra.com\/blog\/wp-content\/uploads\/2019\/11\/br-101-sc-ppi.jpeg","datePublished":"2019-11-07T11:00:25+00:00","breadcrumb":{"@id":"https:\/\/agenciainfra.com\/blog\/antt-aprova-edital-da-concessao-da-br-101-sc\/#breadcrumb"},"inLanguage":"pt-BR","potentialAction":[{"@type":"ReadAction","target":["https:\/\/agenciainfra.com\/blog\/antt-aprova-edital-da-concessao-da-br-101-sc\/"]}]},{"@type":"ImageObject","inLanguage":"pt-BR","@id":"https:\/\/agenciainfra.com\/blog\/antt-aprova-edital-da-concessao-da-br-101-sc\/#primaryimage","url":"https:\/\/agenciainfra.com\/blog\/wp-content\/uploads\/2019\/11\/br-101-sc-ppi.jpeg","contentUrl":"https:\/\/agenciainfra.com\/blog\/wp-content\/uploads\/2019\/11\/br-101-sc-ppi.jpeg","width":1280,"height":853,"caption":"Foto: PPI"},{"@type":"BreadcrumbList","@id":"https:\/\/agenciainfra.com\/blog\/antt-aprova-edital-da-concessao-da-br-101-sc\/#breadcrumb","itemListElement":[{"@type":"ListItem","position":1,"name":"In\u00edcio","item":"https:\/\/agenciainfra.com\/blog\/"},{"@type":"ListItem","position":2,"name":"ANTT aprova edital da concess\u00e3o da BR-101\/SC"}]},{"@type":"WebSite","@id":"https:\/\/agenciainfra.com\/blog\/#website","url":"https:\/\/agenciainfra.com\/blog\/","name":"Ag\u00eancia iNFRA","description":"Multiplataforma de informa\u00e7\u00e3o jornal\u00edstica refer\u00eancia na \u00e1rea de infraestrutura no Brasil!","publisher":{"@id":"https:\/\/agenciainfra.com\/blog\/#organization"},"potentialAction":[{"@type":"SearchAction","target":{"@type":"EntryPoint","urlTemplate":"https:\/\/agenciainfra.com\/blog\/?s={search_term_string}"},"query-input":{"@type":"PropertyValueSpecification","valueRequired":true,"valueName":"search_term_string"}}],"inLanguage":"pt-BR"},{"@type":"Organization","@id":"https:\/\/agenciainfra.com\/blog\/#organization","name":"Ag\u00eancia iNFRA","url":"https:\/\/agenciainfra.com\/blog\/","logo":{"@type":"ImageObject","inLanguage":"pt-BR","@id":"https:\/\/agenciainfra.com\/blog\/#\/schema\/logo\/image\/","url":"https:\/\/agenciainfra.com\/blog\/wp-content\/uploads\/2023\/09\/iNFRA_5-e1761735885940.png","contentUrl":"https:\/\/agenciainfra.com\/blog\/wp-content\/uploads\/2023\/09\/iNFRA_5-e1761735885940.png","width":1672,"height":454,"caption":"Ag\u00eancia iNFRA"},"image":{"@id":"https:\/\/agenciainfra.com\/blog\/#\/schema\/logo\/image\/"},"sameAs":["https:\/\/www.facebook.com\/ageninfra","https:\/\/x.com\/agencia_infra","https:\/\/www.linkedin.com\/company\/ag\u00eanciainfra\/","https:\/\/www.instagram.com\/agenciainfra\/"]},{"@type":"Person","@id":"https:\/\/agenciainfra.com\/blog\/#\/schema\/person\/04dbb79bd6d8951f063da71f3e4c1eb1","name":"Rodrigo Zuquim","image":{"@type":"ImageObject","inLanguage":"pt-BR","@id":"https:\/\/agenciainfra.com\/blog\/#\/schema\/person\/image\/","url":"https:\/\/secure.gravatar.com\/avatar\/594abfe82761d620726242ff34ca472a705a4b97f16c790053a6b4c4035274d0?s=96&d=mm&r=g","contentUrl":"https:\/\/secure.gravatar.com\/avatar\/594abfe82761d620726242ff34ca472a705a4b97f16c790053a6b4c4035274d0?s=96&d=mm&r=g","caption":"Rodrigo Zuquim"},"url":"https:\/\/agenciainfra.com\/blog\/author\/rodrigo-zuquim\/"}]}},"_links":{"self":[{"href":"https:\/\/agenciainfra.com\/blog\/wp-json\/wp\/v2\/posts\/3988","targetHints":{"allow":["GET"]}}],"collection":[{"href":"https:\/\/agenciainfra.com\/blog\/wp-json\/wp\/v2\/posts"}],"about":[{"href":"https:\/\/agenciainfra.com\/blog\/wp-json\/wp\/v2\/types\/post"}],"author":[{"embeddable":true,"href":"https:\/\/agenciainfra.com\/blog\/wp-json\/wp\/v2\/users\/9"}],"replies":[{"embeddable":true,"href":"https:\/\/agenciainfra.com\/blog\/wp-json\/wp\/v2\/comments?post=3988"}],"version-history":[{"count":0,"href":"https:\/\/agenciainfra.com\/blog\/wp-json\/wp\/v2\/posts\/3988\/revisions"}],"wp:featuredmedia":[{"embeddable":true,"href":"https:\/\/agenciainfra.com\/blog\/wp-json\/wp\/v2\/media\/3989"}],"wp:attachment":[{"href":"https:\/\/agenciainfra.com\/blog\/wp-json\/wp\/v2\/media?parent=3988"}],"wp:term":[{"taxonomy":"category","embeddable":true,"href":"https:\/\/agenciainfra.com\/blog\/wp-json\/wp\/v2\/categories?post=3988"},{"taxonomy":"post_tag","embeddable":true,"href":"https:\/\/agenciainfra.com\/blog\/wp-json\/wp\/v2\/tags?post=3988"}],"curies":[{"name":"wp","href":"https:\/\/api.w.org\/{rel}","templated":true}]}}