{"id":4005,"date":"2019-11-11T08:00:18","date_gmt":"2019-11-11T11:00:18","guid":{"rendered":"http:\/\/www.agenciainfra.com\/blog\/?p=4005"},"modified":"2019-11-08T15:54:41","modified_gmt":"2019-11-08T18:54:41","slug":"emendas-individuais-nao-tem-criterio-de-pagamento-e-obras-com-essa-verba-demoram-8-anos-aponta-tcu","status":"publish","type":"post","link":"https:\/\/agenciainfra.com\/blog\/emendas-individuais-nao-tem-criterio-de-pagamento-e-obras-com-essa-verba-demoram-8-anos-aponta-tcu\/","title":{"rendered":"Emendas individuais n\u00e3o t\u00eam crit\u00e9rio de pagamento, e obras com essa verba demoram 8 anos, aponta TCU"},"content":{"rendered":"<h5 style=\"text-align: right;\"><strong>Dimmi Amora, da\u00a0Ag\u00eancia iNFRA<\/strong><\/h5>\n<p>As emendas parlamentares individuais s\u00e3o pagas sem qualquer crit\u00e9rio objetivo e de transpar\u00eancia, aprofundam as desigualdades regionais e n\u00e3o t\u00eam sido eficientes para fazer com que obras sejam executadas. Em m\u00e9dia, os empreendimentos que recebem esse tipo de recurso levam mais de oito anos para ficarem prontos.<\/p>\n<p>Essas conclus\u00f5es constam de uma auditoria do TCU (Tribunal de Contas da Uni\u00e3o) sobre as emendas parlamentares individuais, que se tornaram de execu\u00e7\u00e3o quase obrigat\u00f3ria pelo governo ap\u00f3s mudan\u00e7as legislativas, mas que, na pr\u00e1tica, est\u00e3o sofrendo grandes contingenciamentos.<\/p>\n<p>De 2014 a 2017, a dota\u00e7\u00e3o total autorizada para emendas foi de R$ 36,54 bilh\u00f5es. Mas somente R$ 24 bilh\u00f5es (65,7%) foram empenhados, dos quais R$ 20,2 bilh\u00f5es (84,2%) resultaram em inscri\u00e7\u00f5es em restos a pagar n\u00e3o processados.<\/p>\n<p>De acordo com os dados, os munic\u00edpios ficaram com 61,15% do volume, seguidos das institui\u00e7\u00f5es privadas sem fins lucrativos (com 12,78%), da Uni\u00e3o, em aplica\u00e7\u00f5es diretas (9,98%), e dos estados e do Distrito Federal (7,57%).<\/p>\n<p>O pacote do governo enviado ao Congresso para mudan\u00e7as no or\u00e7amento aprofunda o uso das emendas individuais como instrumento de pol\u00edtica p\u00fablica, j\u00e1 que permite que os cortes de gastos com custeios previstos quando o governo ultrapassar determinadas barreiras possa ser usado para investimentos previstos nas emendas.<\/p>\n<p><strong>Instrumento adequado<\/strong><br \/>\nMesmo com os problemas relatados, o relator do processo, ministro Vital do R\u00eago, argumenta que o instrumento das emendas \u00e9 adequado porque os parlamentares t\u00eam a capacidade de identificar \u00e1reas que precisam de recursos p\u00fablicos. Mas, na pr\u00e1tica, isso tem sido dificultado.<\/p>\n<p>&#8220;Os munic\u00edpios, de maneira geral, n\u00e3o disp\u00f5em de um levantamento pr\u00e9vio das suas necessidades priorit\u00e1rias, nem de um canal de articula\u00e7\u00e3o com os congressistas, que, por sua vez, n\u00e3o recebem orienta\u00e7\u00f5es das pastas setoriais, salvo algumas iniciativas como as dos minist\u00e9rios do Turismo e da Sa\u00fade, na forma de cartilhas nas quais s\u00e3o apresentadas as pol\u00edticas p\u00fablicas de interesse imediato&#8221;, informa o texto.<\/p>\n<p>Por isso, segundo o levantamento, o dinheiro transferido para fundos, principalmente na Sa\u00fade, t\u00eam execu\u00e7\u00e3o mais eficaz. J\u00e1 os para obras, transferidos em geral via conv\u00eanios, t\u00eam uma execu\u00e7\u00e3o muito baixa, com uma m\u00e9dia de 97 meses para a conclus\u00e3o dos projetos.<\/p>\n<p>A demora para liberar os recursos \u00e9 apontada como o primeiro fator para o atraso. S\u00e3o 720 dias, em m\u00e9dia, para a primeira libera\u00e7\u00e3o. De acordo com o trabalho, a Caixa informou que a burocracia aumentou. O n\u00famero de normativos observados na celebra\u00e7\u00e3o de contratos de repasse e libera\u00e7\u00e3o de verbas saltou de cerca de 40, em 2007, para mais de 160, em 2016.<\/p>\n<p><strong>Uso pol\u00edtico<\/strong><br \/>\nO uso pol\u00edtico das emendas tamb\u00e9m foi criticado pelo \u00f3rg\u00e3o. As emendas podem ser contingenciadas j\u00e1 que n\u00e3o s\u00e3o gastos obrigat\u00f3rios. Quando o governo libera or\u00e7amento para pag\u00e1-las, n\u00e3o h\u00e1 qualquer crit\u00e9rio sobre quais ser\u00e3o pagas, o que d\u00e1 margem ao uso pol\u00edtico para pressionar deputados a votar com o governo.<\/p>\n<p>Segundo o levantamento, n\u00e3o h\u00e1 qualquer transpar\u00eancia do governo no envio de dados ao Tesouro para o pagamento das emendas, o que levou o TCU a emitir no ac\u00f3rd\u00e3o uma informa\u00e7\u00e3o de ci\u00eancia \u00e0 Secretaria de Governo da Presid\u00eancia e ao Minist\u00e9rio da Economia, que \u00e9 uma esp\u00e9cie de alerta sobre o tema. Como ele vai ser monitorado, o \u00f3rg\u00e3o pode tomar uma provid\u00eancia mais dura numa an\u00e1lise futura, se nada for feito.<\/p>\n<p>Al\u00e9m desse alerta, foram emitidas recomenda\u00e7\u00f5es para que o governo incentive a cria\u00e7\u00e3o de algum mecanismo para que os parlamentares possam escolher obras com melhor capacidade de serem executadas. Outra recomenda\u00e7\u00e3o, ao Congresso, foi para que avalie medidas legislativas para mudar o crit\u00e9rio de distribui\u00e7\u00e3o, j\u00e1 que ele acaba privilegiando regi\u00f5es mais ricas do pa\u00eds. O ac\u00f3rd\u00e3o est\u00e1\u00a0<a href=\"https:\/\/agenciainfra.us14.list-manage.com\/track\/click?u=d460dd1bcf9ba0ae040e1fc0f&amp;id=64cd441f36&amp;e=c099169394\" target=\"_blank\" rel=\"noopener noreferrer\" data-saferedirecturl=\"https:\/\/www.google.com\/url?q=https:\/\/agenciainfra.us14.list-manage.com\/track\/click?u%3Dd460dd1bcf9ba0ae040e1fc0f%26id%3D64cd441f36%26e%3Dc099169394&amp;source=gmail&amp;ust=1573322489768000&amp;usg=AFQjCNG1gzeQ7jbdJUXyeFOmOrUXEzsw9g\">neste link<\/a>.<\/p>\n","protected":false},"excerpt":{"rendered":"<p>Dimmi Amora, da\u00a0Ag\u00eancia iNFRA As emendas parlamentares individuais s\u00e3o pagas sem qualquer crit\u00e9rio objetivo e de transpar\u00eancia, aprofundam as desigualdades regionais e n\u00e3o t\u00eam sido eficientes para fazer com que obras sejam executadas. Em m\u00e9dia, os empreendimentos que recebem esse tipo de recurso levam mais de oito anos para ficarem prontos. Essas conclus\u00f5es constam de [&hellip;]<\/p>\n","protected":false},"author":9,"featured_media":4006,"comment_status":"closed","ping_status":"closed","sticky":false,"template":"","format":"standard","meta":{"_monsterinsights_skip_tracking":false,"_monsterinsights_sitenote_active":false,"_monsterinsights_sitenote_note":"","_monsterinsights_sitenote_category":0,"footnotes":""},"categories":[7],"tags":[1441,18,927,860],"class_list":["post-4005","post","type-post","status-publish","format-standard","has-post-thumbnail","hentry","category-infratransporte","tag-emendas-parlamentares","tag-tcu","tag-tribunal-de-contas-da-uniao","tag-vital-do-rego"],"yoast_head":"<!-- This site is optimized with the Yoast SEO Premium plugin v25.4 (Yoast SEO v26.0) - https:\/\/yoast.com\/wordpress\/plugins\/seo\/ -->\n<title>Emendas individuais n\u00e3o t\u00eam crit\u00e9rio de pagamento, e obras com essa verba demoram 8 anos, aponta TCU - Ag\u00eancia iNFRA<\/title>\n<meta name=\"robots\" content=\"index, follow, max-snippet:-1, max-image-preview:large, max-video-preview:-1\" \/>\n<link rel=\"canonical\" href=\"https:\/\/agenciainfra.com\/blog\/emendas-individuais-nao-tem-criterio-de-pagamento-e-obras-com-essa-verba-demoram-8-anos-aponta-tcu\/\" \/>\n<meta property=\"og:locale\" content=\"pt_BR\" \/>\n<meta property=\"og:type\" content=\"article\" \/>\n<meta property=\"og:title\" content=\"Emendas individuais n\u00e3o t\u00eam crit\u00e9rio de pagamento, e obras com essa verba demoram 8 anos, aponta TCU\" \/>\n<meta property=\"og:description\" content=\"Dimmi Amora, da\u00a0Ag\u00eancia iNFRA As emendas parlamentares individuais s\u00e3o pagas sem qualquer crit\u00e9rio objetivo e de transpar\u00eancia, aprofundam as desigualdades regionais e n\u00e3o t\u00eam sido eficientes para fazer com que obras sejam executadas. Em m\u00e9dia, os empreendimentos que recebem esse tipo de recurso levam mais de oito anos para ficarem prontos. Essas conclus\u00f5es constam de [&hellip;]\" \/>\n<meta property=\"og:url\" content=\"https:\/\/agenciainfra.com\/blog\/emendas-individuais-nao-tem-criterio-de-pagamento-e-obras-com-essa-verba-demoram-8-anos-aponta-tcu\/\" \/>\n<meta property=\"og:site_name\" content=\"Ag\u00eancia iNFRA\" \/>\n<meta property=\"article:publisher\" content=\"https:\/\/www.facebook.com\/ageninfra\" \/>\n<meta property=\"article:published_time\" content=\"2019-11-11T11:00:18+00:00\" \/>\n<meta property=\"og:image\" content=\"https:\/\/agenciainfra.com\/blog\/wp-content\/uploads\/2019\/11\/vital-do-rego-foto-tribunal-de-contas-da-uniao.jpg\" \/>\n\t<meta property=\"og:image:width\" content=\"1280\" \/>\n\t<meta property=\"og:image:height\" content=\"990\" \/>\n\t<meta property=\"og:image:type\" content=\"image\/jpeg\" \/>\n<meta name=\"author\" content=\"Rodrigo Zuquim\" \/>\n<meta name=\"twitter:card\" content=\"summary_large_image\" \/>\n<meta name=\"twitter:creator\" content=\"@agencia_infra\" \/>\n<meta name=\"twitter:site\" content=\"@agencia_infra\" \/>\n<meta name=\"twitter:label1\" content=\"Escrito por\" \/>\n\t<meta name=\"twitter:data1\" content=\"Rodrigo Zuquim\" \/>\n\t<meta name=\"twitter:label2\" content=\"Est. tempo de leitura\" \/>\n\t<meta name=\"twitter:data2\" content=\"3 minutos\" \/>\n<script type=\"application\/ld+json\" class=\"yoast-schema-graph\">{\"@context\":\"https:\/\/schema.org\",\"@graph\":[{\"@type\":\"Article\",\"@id\":\"https:\/\/agenciainfra.com\/blog\/emendas-individuais-nao-tem-criterio-de-pagamento-e-obras-com-essa-verba-demoram-8-anos-aponta-tcu\/#article\",\"isPartOf\":{\"@id\":\"https:\/\/agenciainfra.com\/blog\/emendas-individuais-nao-tem-criterio-de-pagamento-e-obras-com-essa-verba-demoram-8-anos-aponta-tcu\/\"},\"author\":{\"name\":\"Rodrigo Zuquim\",\"@id\":\"https:\/\/agenciainfra.com\/blog\/#\/schema\/person\/04dbb79bd6d8951f063da71f3e4c1eb1\"},\"headline\":\"Emendas individuais n\u00e3o t\u00eam crit\u00e9rio de pagamento, e obras com essa verba demoram 8 anos, aponta TCU\",\"datePublished\":\"2019-11-11T11:00:18+00:00\",\"mainEntityOfPage\":{\"@id\":\"https:\/\/agenciainfra.com\/blog\/emendas-individuais-nao-tem-criterio-de-pagamento-e-obras-com-essa-verba-demoram-8-anos-aponta-tcu\/\"},\"wordCount\":702,\"publisher\":{\"@id\":\"https:\/\/agenciainfra.com\/blog\/#organization\"},\"image\":{\"@id\":\"https:\/\/agenciainfra.com\/blog\/emendas-individuais-nao-tem-criterio-de-pagamento-e-obras-com-essa-verba-demoram-8-anos-aponta-tcu\/#primaryimage\"},\"thumbnailUrl\":\"https:\/\/agenciainfra.com\/blog\/wp-content\/uploads\/2019\/11\/vital-do-rego-foto-tribunal-de-contas-da-uniao.jpg\",\"keywords\":[\"emendas parlamentares\",\"TCU\",\"Tribunal de Contas da Uni\u00e3o\",\"Vital do R\u00eago\"],\"articleSection\":[\"iNFRATransporte\"],\"inLanguage\":\"pt-BR\",\"copyrightYear\":\"2019\",\"copyrightHolder\":{\"@id\":\"https:\/\/agenciainfra.com\/blog\/#organization\"}},{\"@type\":\"WebPage\",\"@id\":\"https:\/\/agenciainfra.com\/blog\/emendas-individuais-nao-tem-criterio-de-pagamento-e-obras-com-essa-verba-demoram-8-anos-aponta-tcu\/\",\"url\":\"https:\/\/agenciainfra.com\/blog\/emendas-individuais-nao-tem-criterio-de-pagamento-e-obras-com-essa-verba-demoram-8-anos-aponta-tcu\/\",\"name\":\"Emendas individuais n\u00e3o t\u00eam crit\u00e9rio de pagamento, e obras com essa verba demoram 8 anos, aponta TCU - Ag\u00eancia iNFRA\",\"isPartOf\":{\"@id\":\"https:\/\/agenciainfra.com\/blog\/#website\"},\"primaryImageOfPage\":{\"@id\":\"https:\/\/agenciainfra.com\/blog\/emendas-individuais-nao-tem-criterio-de-pagamento-e-obras-com-essa-verba-demoram-8-anos-aponta-tcu\/#primaryimage\"},\"image\":{\"@id\":\"https:\/\/agenciainfra.com\/blog\/emendas-individuais-nao-tem-criterio-de-pagamento-e-obras-com-essa-verba-demoram-8-anos-aponta-tcu\/#primaryimage\"},\"thumbnailUrl\":\"https:\/\/agenciainfra.com\/blog\/wp-content\/uploads\/2019\/11\/vital-do-rego-foto-tribunal-de-contas-da-uniao.jpg\",\"datePublished\":\"2019-11-11T11:00:18+00:00\",\"breadcrumb\":{\"@id\":\"https:\/\/agenciainfra.com\/blog\/emendas-individuais-nao-tem-criterio-de-pagamento-e-obras-com-essa-verba-demoram-8-anos-aponta-tcu\/#breadcrumb\"},\"inLanguage\":\"pt-BR\",\"potentialAction\":[{\"@type\":\"ReadAction\",\"target\":[\"https:\/\/agenciainfra.com\/blog\/emendas-individuais-nao-tem-criterio-de-pagamento-e-obras-com-essa-verba-demoram-8-anos-aponta-tcu\/\"]}]},{\"@type\":\"ImageObject\",\"inLanguage\":\"pt-BR\",\"@id\":\"https:\/\/agenciainfra.com\/blog\/emendas-individuais-nao-tem-criterio-de-pagamento-e-obras-com-essa-verba-demoram-8-anos-aponta-tcu\/#primaryimage\",\"url\":\"https:\/\/agenciainfra.com\/blog\/wp-content\/uploads\/2019\/11\/vital-do-rego-foto-tribunal-de-contas-da-uniao.jpg\",\"contentUrl\":\"https:\/\/agenciainfra.com\/blog\/wp-content\/uploads\/2019\/11\/vital-do-rego-foto-tribunal-de-contas-da-uniao.jpg\",\"width\":1280,\"height\":990,\"caption\":\"Foto: TCU\"},{\"@type\":\"BreadcrumbList\",\"@id\":\"https:\/\/agenciainfra.com\/blog\/emendas-individuais-nao-tem-criterio-de-pagamento-e-obras-com-essa-verba-demoram-8-anos-aponta-tcu\/#breadcrumb\",\"itemListElement\":[{\"@type\":\"ListItem\",\"position\":1,\"name\":\"In\u00edcio\",\"item\":\"https:\/\/agenciainfra.com\/blog\/\"},{\"@type\":\"ListItem\",\"position\":2,\"name\":\"Emendas individuais n\u00e3o t\u00eam crit\u00e9rio de pagamento, e obras com essa verba demoram 8 anos, aponta TCU\"}]},{\"@type\":\"WebSite\",\"@id\":\"https:\/\/agenciainfra.com\/blog\/#website\",\"url\":\"https:\/\/agenciainfra.com\/blog\/\",\"name\":\"Ag\u00eancia iNFRA\",\"description\":\"Multiplataforma de informa\u00e7\u00e3o jornal\u00edstica refer\u00eancia na \u00e1rea de infraestrutura no Brasil!\",\"publisher\":{\"@id\":\"https:\/\/agenciainfra.com\/blog\/#organization\"},\"potentialAction\":[{\"@type\":\"SearchAction\",\"target\":{\"@type\":\"EntryPoint\",\"urlTemplate\":\"https:\/\/agenciainfra.com\/blog\/?s={search_term_string}\"},\"query-input\":{\"@type\":\"PropertyValueSpecification\",\"valueRequired\":true,\"valueName\":\"search_term_string\"}}],\"inLanguage\":\"pt-BR\"},{\"@type\":\"Organization\",\"@id\":\"https:\/\/agenciainfra.com\/blog\/#organization\",\"name\":\"Ag\u00eancia iNFRA\",\"url\":\"https:\/\/agenciainfra.com\/blog\/\",\"logo\":{\"@type\":\"ImageObject\",\"inLanguage\":\"pt-BR\",\"@id\":\"https:\/\/agenciainfra.com\/blog\/#\/schema\/logo\/image\/\",\"url\":\"https:\/\/agenciainfra.com\/blog\/wp-content\/uploads\/2023\/09\/iNFRA_5-e1761735885940.png\",\"contentUrl\":\"https:\/\/agenciainfra.com\/blog\/wp-content\/uploads\/2023\/09\/iNFRA_5-e1761735885940.png\",\"width\":1672,\"height\":454,\"caption\":\"Ag\u00eancia iNFRA\"},\"image\":{\"@id\":\"https:\/\/agenciainfra.com\/blog\/#\/schema\/logo\/image\/\"},\"sameAs\":[\"https:\/\/www.facebook.com\/ageninfra\",\"https:\/\/x.com\/agencia_infra\",\"https:\/\/www.linkedin.com\/company\/ag\u00eanciainfra\/\",\"https:\/\/www.instagram.com\/agenciainfra\/\"]},{\"@type\":\"Person\",\"@id\":\"https:\/\/agenciainfra.com\/blog\/#\/schema\/person\/04dbb79bd6d8951f063da71f3e4c1eb1\",\"name\":\"Rodrigo Zuquim\",\"image\":{\"@type\":\"ImageObject\",\"inLanguage\":\"pt-BR\",\"@id\":\"https:\/\/agenciainfra.com\/blog\/#\/schema\/person\/image\/\",\"url\":\"https:\/\/secure.gravatar.com\/avatar\/594abfe82761d620726242ff34ca472a705a4b97f16c790053a6b4c4035274d0?s=96&d=mm&r=g\",\"contentUrl\":\"https:\/\/secure.gravatar.com\/avatar\/594abfe82761d620726242ff34ca472a705a4b97f16c790053a6b4c4035274d0?s=96&d=mm&r=g\",\"caption\":\"Rodrigo Zuquim\"},\"url\":\"https:\/\/agenciainfra.com\/blog\/author\/rodrigo-zuquim\/\"}]}<\/script>\n<!-- \/ Yoast SEO Premium plugin. -->","yoast_head_json":{"title":"Emendas individuais n\u00e3o t\u00eam crit\u00e9rio de pagamento, e obras com essa verba demoram 8 anos, aponta TCU - Ag\u00eancia iNFRA","robots":{"index":"index","follow":"follow","max-snippet":"max-snippet:-1","max-image-preview":"max-image-preview:large","max-video-preview":"max-video-preview:-1"},"canonical":"https:\/\/agenciainfra.com\/blog\/emendas-individuais-nao-tem-criterio-de-pagamento-e-obras-com-essa-verba-demoram-8-anos-aponta-tcu\/","og_locale":"pt_BR","og_type":"article","og_title":"Emendas individuais n\u00e3o t\u00eam crit\u00e9rio de pagamento, e obras com essa verba demoram 8 anos, aponta TCU","og_description":"Dimmi Amora, da\u00a0Ag\u00eancia iNFRA As emendas parlamentares individuais s\u00e3o pagas sem qualquer crit\u00e9rio objetivo e de transpar\u00eancia, aprofundam as desigualdades regionais e n\u00e3o t\u00eam sido eficientes para fazer com que obras sejam executadas. Em m\u00e9dia, os empreendimentos que recebem esse tipo de recurso levam mais de oito anos para ficarem prontos. Essas conclus\u00f5es constam de [&hellip;]","og_url":"https:\/\/agenciainfra.com\/blog\/emendas-individuais-nao-tem-criterio-de-pagamento-e-obras-com-essa-verba-demoram-8-anos-aponta-tcu\/","og_site_name":"Ag\u00eancia iNFRA","article_publisher":"https:\/\/www.facebook.com\/ageninfra","article_published_time":"2019-11-11T11:00:18+00:00","og_image":[{"width":1280,"height":990,"url":"https:\/\/agenciainfra.com\/blog\/wp-content\/uploads\/2019\/11\/vital-do-rego-foto-tribunal-de-contas-da-uniao.jpg","type":"image\/jpeg"}],"author":"Rodrigo Zuquim","twitter_card":"summary_large_image","twitter_creator":"@agencia_infra","twitter_site":"@agencia_infra","twitter_misc":{"Escrito por":"Rodrigo Zuquim","Est. tempo de leitura":"3 minutos"},"schema":{"@context":"https:\/\/schema.org","@graph":[{"@type":"Article","@id":"https:\/\/agenciainfra.com\/blog\/emendas-individuais-nao-tem-criterio-de-pagamento-e-obras-com-essa-verba-demoram-8-anos-aponta-tcu\/#article","isPartOf":{"@id":"https:\/\/agenciainfra.com\/blog\/emendas-individuais-nao-tem-criterio-de-pagamento-e-obras-com-essa-verba-demoram-8-anos-aponta-tcu\/"},"author":{"name":"Rodrigo Zuquim","@id":"https:\/\/agenciainfra.com\/blog\/#\/schema\/person\/04dbb79bd6d8951f063da71f3e4c1eb1"},"headline":"Emendas individuais n\u00e3o t\u00eam crit\u00e9rio de pagamento, e obras com essa verba demoram 8 anos, aponta TCU","datePublished":"2019-11-11T11:00:18+00:00","mainEntityOfPage":{"@id":"https:\/\/agenciainfra.com\/blog\/emendas-individuais-nao-tem-criterio-de-pagamento-e-obras-com-essa-verba-demoram-8-anos-aponta-tcu\/"},"wordCount":702,"publisher":{"@id":"https:\/\/agenciainfra.com\/blog\/#organization"},"image":{"@id":"https:\/\/agenciainfra.com\/blog\/emendas-individuais-nao-tem-criterio-de-pagamento-e-obras-com-essa-verba-demoram-8-anos-aponta-tcu\/#primaryimage"},"thumbnailUrl":"https:\/\/agenciainfra.com\/blog\/wp-content\/uploads\/2019\/11\/vital-do-rego-foto-tribunal-de-contas-da-uniao.jpg","keywords":["emendas parlamentares","TCU","Tribunal de Contas da Uni\u00e3o","Vital do R\u00eago"],"articleSection":["iNFRATransporte"],"inLanguage":"pt-BR","copyrightYear":"2019","copyrightHolder":{"@id":"https:\/\/agenciainfra.com\/blog\/#organization"}},{"@type":"WebPage","@id":"https:\/\/agenciainfra.com\/blog\/emendas-individuais-nao-tem-criterio-de-pagamento-e-obras-com-essa-verba-demoram-8-anos-aponta-tcu\/","url":"https:\/\/agenciainfra.com\/blog\/emendas-individuais-nao-tem-criterio-de-pagamento-e-obras-com-essa-verba-demoram-8-anos-aponta-tcu\/","name":"Emendas individuais n\u00e3o t\u00eam crit\u00e9rio de pagamento, e obras com essa verba demoram 8 anos, aponta TCU - Ag\u00eancia iNFRA","isPartOf":{"@id":"https:\/\/agenciainfra.com\/blog\/#website"},"primaryImageOfPage":{"@id":"https:\/\/agenciainfra.com\/blog\/emendas-individuais-nao-tem-criterio-de-pagamento-e-obras-com-essa-verba-demoram-8-anos-aponta-tcu\/#primaryimage"},"image":{"@id":"https:\/\/agenciainfra.com\/blog\/emendas-individuais-nao-tem-criterio-de-pagamento-e-obras-com-essa-verba-demoram-8-anos-aponta-tcu\/#primaryimage"},"thumbnailUrl":"https:\/\/agenciainfra.com\/blog\/wp-content\/uploads\/2019\/11\/vital-do-rego-foto-tribunal-de-contas-da-uniao.jpg","datePublished":"2019-11-11T11:00:18+00:00","breadcrumb":{"@id":"https:\/\/agenciainfra.com\/blog\/emendas-individuais-nao-tem-criterio-de-pagamento-e-obras-com-essa-verba-demoram-8-anos-aponta-tcu\/#breadcrumb"},"inLanguage":"pt-BR","potentialAction":[{"@type":"ReadAction","target":["https:\/\/agenciainfra.com\/blog\/emendas-individuais-nao-tem-criterio-de-pagamento-e-obras-com-essa-verba-demoram-8-anos-aponta-tcu\/"]}]},{"@type":"ImageObject","inLanguage":"pt-BR","@id":"https:\/\/agenciainfra.com\/blog\/emendas-individuais-nao-tem-criterio-de-pagamento-e-obras-com-essa-verba-demoram-8-anos-aponta-tcu\/#primaryimage","url":"https:\/\/agenciainfra.com\/blog\/wp-content\/uploads\/2019\/11\/vital-do-rego-foto-tribunal-de-contas-da-uniao.jpg","contentUrl":"https:\/\/agenciainfra.com\/blog\/wp-content\/uploads\/2019\/11\/vital-do-rego-foto-tribunal-de-contas-da-uniao.jpg","width":1280,"height":990,"caption":"Foto: TCU"},{"@type":"BreadcrumbList","@id":"https:\/\/agenciainfra.com\/blog\/emendas-individuais-nao-tem-criterio-de-pagamento-e-obras-com-essa-verba-demoram-8-anos-aponta-tcu\/#breadcrumb","itemListElement":[{"@type":"ListItem","position":1,"name":"In\u00edcio","item":"https:\/\/agenciainfra.com\/blog\/"},{"@type":"ListItem","position":2,"name":"Emendas individuais n\u00e3o t\u00eam crit\u00e9rio de pagamento, e obras com essa verba demoram 8 anos, aponta TCU"}]},{"@type":"WebSite","@id":"https:\/\/agenciainfra.com\/blog\/#website","url":"https:\/\/agenciainfra.com\/blog\/","name":"Ag\u00eancia iNFRA","description":"Multiplataforma de informa\u00e7\u00e3o jornal\u00edstica refer\u00eancia na \u00e1rea de infraestrutura no Brasil!","publisher":{"@id":"https:\/\/agenciainfra.com\/blog\/#organization"},"potentialAction":[{"@type":"SearchAction","target":{"@type":"EntryPoint","urlTemplate":"https:\/\/agenciainfra.com\/blog\/?s={search_term_string}"},"query-input":{"@type":"PropertyValueSpecification","valueRequired":true,"valueName":"search_term_string"}}],"inLanguage":"pt-BR"},{"@type":"Organization","@id":"https:\/\/agenciainfra.com\/blog\/#organization","name":"Ag\u00eancia iNFRA","url":"https:\/\/agenciainfra.com\/blog\/","logo":{"@type":"ImageObject","inLanguage":"pt-BR","@id":"https:\/\/agenciainfra.com\/blog\/#\/schema\/logo\/image\/","url":"https:\/\/agenciainfra.com\/blog\/wp-content\/uploads\/2023\/09\/iNFRA_5-e1761735885940.png","contentUrl":"https:\/\/agenciainfra.com\/blog\/wp-content\/uploads\/2023\/09\/iNFRA_5-e1761735885940.png","width":1672,"height":454,"caption":"Ag\u00eancia iNFRA"},"image":{"@id":"https:\/\/agenciainfra.com\/blog\/#\/schema\/logo\/image\/"},"sameAs":["https:\/\/www.facebook.com\/ageninfra","https:\/\/x.com\/agencia_infra","https:\/\/www.linkedin.com\/company\/ag\u00eanciainfra\/","https:\/\/www.instagram.com\/agenciainfra\/"]},{"@type":"Person","@id":"https:\/\/agenciainfra.com\/blog\/#\/schema\/person\/04dbb79bd6d8951f063da71f3e4c1eb1","name":"Rodrigo Zuquim","image":{"@type":"ImageObject","inLanguage":"pt-BR","@id":"https:\/\/agenciainfra.com\/blog\/#\/schema\/person\/image\/","url":"https:\/\/secure.gravatar.com\/avatar\/594abfe82761d620726242ff34ca472a705a4b97f16c790053a6b4c4035274d0?s=96&d=mm&r=g","contentUrl":"https:\/\/secure.gravatar.com\/avatar\/594abfe82761d620726242ff34ca472a705a4b97f16c790053a6b4c4035274d0?s=96&d=mm&r=g","caption":"Rodrigo Zuquim"},"url":"https:\/\/agenciainfra.com\/blog\/author\/rodrigo-zuquim\/"}]}},"_links":{"self":[{"href":"https:\/\/agenciainfra.com\/blog\/wp-json\/wp\/v2\/posts\/4005","targetHints":{"allow":["GET"]}}],"collection":[{"href":"https:\/\/agenciainfra.com\/blog\/wp-json\/wp\/v2\/posts"}],"about":[{"href":"https:\/\/agenciainfra.com\/blog\/wp-json\/wp\/v2\/types\/post"}],"author":[{"embeddable":true,"href":"https:\/\/agenciainfra.com\/blog\/wp-json\/wp\/v2\/users\/9"}],"replies":[{"embeddable":true,"href":"https:\/\/agenciainfra.com\/blog\/wp-json\/wp\/v2\/comments?post=4005"}],"version-history":[{"count":0,"href":"https:\/\/agenciainfra.com\/blog\/wp-json\/wp\/v2\/posts\/4005\/revisions"}],"wp:featuredmedia":[{"embeddable":true,"href":"https:\/\/agenciainfra.com\/blog\/wp-json\/wp\/v2\/media\/4006"}],"wp:attachment":[{"href":"https:\/\/agenciainfra.com\/blog\/wp-json\/wp\/v2\/media?parent=4005"}],"wp:term":[{"taxonomy":"category","embeddable":true,"href":"https:\/\/agenciainfra.com\/blog\/wp-json\/wp\/v2\/categories?post=4005"},{"taxonomy":"post_tag","embeddable":true,"href":"https:\/\/agenciainfra.com\/blog\/wp-json\/wp\/v2\/tags?post=4005"}],"curies":[{"name":"wp","href":"https:\/\/api.w.org\/{rel}","templated":true}]}}