{"id":40122,"date":"2026-04-27T07:55:30","date_gmt":"2026-04-27T10:55:30","guid":{"rendered":"https:\/\/agenciainfra.com\/blog\/?p=40122"},"modified":"2026-04-27T07:57:07","modified_gmt":"2026-04-27T10:57:07","slug":"governo-libera-r-81-mi-bloqueados-da-antt-parte-ira-para-outras-agencias","status":"publish","type":"post","link":"https:\/\/agenciainfra.com\/blog\/governo-libera-r-81-mi-bloqueados-da-antt-parte-ira-para-outras-agencias\/","title":{"rendered":"Governo libera R$ 81 mi bloqueados da ANTT; parte ir\u00e1 para outras ag\u00eancias"},"content":{"rendered":"\n<p class=\"has-text-align-right\"><strong>Luiz Ara\u00fajo, da Ag\u00eancia iNFRA<\/strong><\/p>\n\n\n\n<p>O MPO (Minist\u00e9rio do Planejamento e Or\u00e7amento) publicou\u00a0portaria\u00a0que ajusta o or\u00e7amento da ANTT (Ag\u00eancia Nacional de Transportes Terrestres). Foram liberados R$ 81,2 milh\u00f5es que haviam sido bloqueados em mar\u00e7o para cumprimento das metas fiscais. A recomposi\u00e7\u00e3o ocorreu por meio de remanejamento de recursos do Minist\u00e9rio das Cidades. A Portaria 134 <a href=\"https:\/\/www.in.gov.br\/web\/dou\/-\/portaria-gm\/mpo-n-134-de-23-de-abril-de-2026-701134060\">foi publicada<\/a> em edi\u00e7\u00e3o extra do Di\u00e1rio Oficial da Uni\u00e3o na semana passada.<br><br>O valor n\u00e3o ser\u00e1 destinado integralmente \u00e0 ANTT, j\u00e1 que parte ser\u00e1 redistribu\u00edda a outras ag\u00eancias com or\u00e7amentos mais pressionados, como a ANTAQ (Ag\u00eancia Nacional de Transportes Aquavi\u00e1rios).\u00a0&#8220;Ainda assim, diante do cen\u00e1rio recente de restri\u00e7\u00f5es or\u00e7ament\u00e1rias, a recomposi\u00e7\u00e3o contribui de forma positiva para a manuten\u00e7\u00e3o das atividades institucionais, o fortalecimento das a\u00e7\u00f5es de fiscaliza\u00e7\u00e3o e o cumprimento da agenda regulat\u00f3ria&#8221;, disse em nota \u00e0\u00a0<strong>Ag\u00eancia iNFRA<\/strong>.\u00a0<br><br>O\u00a0<a href=\"https:\/\/agenciainfra.com\/blog\/ainda-insuficiente-orcamento-de-reguladoras-tem-reforco-no-congresso\/\" target=\"_blank\" rel=\"noreferrer noopener\">montante inicialmente previsto era de R$ 115 milh\u00f5es<\/a>, dos quais cerca de R$ 33 milh\u00f5es foram posteriormente cancelados, resultando na libera\u00e7\u00e3o l\u00edquida de aproximadamente R$ 81 milh\u00f5es. Como mostrou a\u00a0<strong>Ag\u00eancia iNFRA<\/strong>, os R$ 115 milh\u00f5es extras foram aprovados pelo Congresso a partir da negocia\u00e7\u00e3o direta das reguladoras por mais recursos no or\u00e7amento dos \u00f3rg\u00e3os.\u00a0As tratativas foram para tentar impedir que as ag\u00eancias atravessassem\u00a0o ano piores do que em 2025, per\u00edodo j\u00e1 cr\u00edtico.<br><br>&#8220;Esses recursos incluem valores cuja descentraliza\u00e7\u00e3o para outras ag\u00eancias est\u00e1 sob responsabilidade da ANTT. A ag\u00eancia esclarece ainda que o total de aproximadamente R$ 81 milh\u00f5es foi integralmente liberado para fins de execu\u00e7\u00e3o e descentraliza\u00e7\u00e3o, conforme estabelecido na portaria&#8221;, refor\u00e7ou a ag\u00eancia.\u00a0<br><br>O or\u00e7amento das ag\u00eancias reguladoras tem sido alvo de impasses e diverg\u00eancias de interpreta\u00e7\u00e3o. No ano passado, o Congresso buscou resguardar os recursos dessas entidades em caso de bloqueio ou contingenciamento. Na san\u00e7\u00e3o da LDO (Lei de Diretrizes Or\u00e7ament\u00e1rias), por\u00e9m, o governo vetou essa previs\u00e3o. O tema \u00e9 recorrente e j\u00e1 apareceu em diferentes propostas legislativas voltadas \u00e0 recomposi\u00e7\u00e3o or\u00e7ament\u00e1ria do setor.\u00a0<\/p>\n","protected":false},"excerpt":{"rendered":"<p>Luiz Ara\u00fajo, da Ag\u00eancia iNFRA O MPO (Minist\u00e9rio do Planejamento e Or\u00e7amento) publicou\u00a0portaria\u00a0que ajusta o or\u00e7amento da ANTT (Ag\u00eancia Nacional de Transportes Terrestres). Foram liberados R$ 81,2 milh\u00f5es que haviam sido bloqueados em mar\u00e7o para cumprimento das metas fiscais. A recomposi\u00e7\u00e3o ocorreu por meio de remanejamento de recursos do Minist\u00e9rio das Cidades. A Portaria 134 [&hellip;]<\/p>\n","protected":false},"author":1,"featured_media":24054,"comment_status":"closed","ping_status":"closed","sticky":false,"template":"","format":"standard","meta":{"_monsterinsights_skip_tracking":false,"_monsterinsights_sitenote_active":false,"_monsterinsights_sitenote_note":"","_monsterinsights_sitenote_category":0,"footnotes":""},"categories":[7250],"tags":[2362,46,19,16380,16013,6534,1228,5047,2722,19130,167,5036],"class_list":["post-40122","post","type-post","status-publish","format-standard","has-post-thumbnail","hentry","category-destaque-lista","tag-administracao-publica","tag-agencias-reguladoras","tag-antt","tag-autonomia-financeira","tag-coarf","tag-contingenciamento","tag-davi-alcolumbre","tag-gestao-publica","tag-governo-federal","tag-luiz-araujo","tag-orcamento","tag-orcamento-publico"],"yoast_head":"<!-- This site is optimized with the Yoast SEO Premium plugin v25.4 (Yoast SEO v26.0) - https:\/\/yoast.com\/wordpress\/plugins\/seo\/ -->\n<title>Governo libera R$ 81 mi bloqueados da ANTT; parte ir\u00e1 para outras ag\u00eancias - Ag\u00eancia iNFRA<\/title>\n<meta name=\"robots\" content=\"index, follow, max-snippet:-1, max-image-preview:large, max-video-preview:-1\" \/>\n<link rel=\"canonical\" href=\"https:\/\/agenciainfra.com\/blog\/governo-libera-r-81-mi-bloqueados-da-antt-parte-ira-para-outras-agencias\/\" \/>\n<meta property=\"og:locale\" content=\"pt_BR\" \/>\n<meta property=\"og:type\" content=\"article\" \/>\n<meta property=\"og:title\" content=\"Governo libera R$ 81 mi bloqueados da ANTT; parte ir\u00e1 para outras ag\u00eancias\" \/>\n<meta property=\"og:description\" content=\"Luiz Ara\u00fajo, da Ag\u00eancia iNFRA O MPO (Minist\u00e9rio do Planejamento e Or\u00e7amento) publicou\u00a0portaria\u00a0que ajusta o or\u00e7amento da ANTT (Ag\u00eancia Nacional de Transportes Terrestres). Foram liberados R$ 81,2 milh\u00f5es que haviam sido bloqueados em mar\u00e7o para cumprimento das metas fiscais. A recomposi\u00e7\u00e3o ocorreu por meio de remanejamento de recursos do Minist\u00e9rio das Cidades. A Portaria 134 [&hellip;]\" \/>\n<meta property=\"og:url\" content=\"https:\/\/agenciainfra.com\/blog\/governo-libera-r-81-mi-bloqueados-da-antt-parte-ira-para-outras-agencias\/\" \/>\n<meta property=\"og:site_name\" content=\"Ag\u00eancia iNFRA\" \/>\n<meta property=\"article:publisher\" content=\"https:\/\/www.facebook.com\/ageninfra\" \/>\n<meta property=\"article:published_time\" content=\"2026-04-27T10:55:30+00:00\" \/>\n<meta property=\"article:modified_time\" content=\"2026-04-27T10:57:07+00:00\" \/>\n<meta property=\"og:image\" content=\"https:\/\/agenciainfra.com\/blog\/wp-content\/uploads\/2025\/07\/contratos-foto-dominio-publico-e1751021330131-1024x610-1.jpg\" \/>\n\t<meta property=\"og:image:width\" content=\"1024\" \/>\n\t<meta property=\"og:image:height\" content=\"610\" \/>\n\t<meta property=\"og:image:type\" content=\"image\/jpeg\" \/>\n<meta name=\"author\" content=\"Ag\u00eancia iNFRA\" \/>\n<meta name=\"twitter:card\" content=\"summary_large_image\" \/>\n<meta name=\"twitter:creator\" content=\"@agencia_infra\" \/>\n<meta name=\"twitter:site\" content=\"@agencia_infra\" \/>\n<meta name=\"twitter:label1\" content=\"Escrito por\" \/>\n\t<meta name=\"twitter:data1\" content=\"Ag\u00eancia iNFRA\" \/>\n\t<meta name=\"twitter:label2\" content=\"Est. tempo de leitura\" \/>\n\t<meta name=\"twitter:data2\" content=\"2 minutos\" \/>\n<script type=\"application\/ld+json\" class=\"yoast-schema-graph\">{\"@context\":\"https:\/\/schema.org\",\"@graph\":[{\"@type\":\"Article\",\"@id\":\"https:\/\/agenciainfra.com\/blog\/governo-libera-r-81-mi-bloqueados-da-antt-parte-ira-para-outras-agencias\/#article\",\"isPartOf\":{\"@id\":\"https:\/\/agenciainfra.com\/blog\/governo-libera-r-81-mi-bloqueados-da-antt-parte-ira-para-outras-agencias\/\"},\"author\":{\"name\":\"Ag\u00eancia iNFRA\",\"@id\":\"https:\/\/agenciainfra.com\/blog\/#\/schema\/person\/34af08dff6adea4cb22b06612ba7acfa\"},\"headline\":\"Governo libera R$ 81 mi bloqueados da ANTT; parte ir\u00e1 para outras ag\u00eancias\",\"datePublished\":\"2026-04-27T10:55:30+00:00\",\"dateModified\":\"2026-04-27T10:57:07+00:00\",\"mainEntityOfPage\":{\"@id\":\"https:\/\/agenciainfra.com\/blog\/governo-libera-r-81-mi-bloqueados-da-antt-parte-ira-para-outras-agencias\/\"},\"wordCount\":380,\"publisher\":{\"@id\":\"https:\/\/agenciainfra.com\/blog\/#organization\"},\"image\":{\"@id\":\"https:\/\/agenciainfra.com\/blog\/governo-libera-r-81-mi-bloqueados-da-antt-parte-ira-para-outras-agencias\/#primaryimage\"},\"thumbnailUrl\":\"https:\/\/agenciainfra.com\/blog\/wp-content\/uploads\/2025\/07\/contratos-foto-dominio-publico-e1751021330131-1024x610-1.jpg\",\"keywords\":[\"administra\u00e7\u00e3o p\u00fablica\",\"Ag\u00eancias Reguladoras\",\"ANTT\",\"autonomia financeira\",\"Coarf\",\"contingenciamento\",\"Davi Alcolumbre\",\"gest\u00e3o p\u00fablica\",\"governo federal\",\"Luiz Ara\u00fajo\",\"Or\u00e7amento\",\"or\u00e7amento p\u00fablico\"],\"articleSection\":[\"Destaque lista\"],\"inLanguage\":\"pt-BR\",\"copyrightYear\":\"2026\",\"copyrightHolder\":{\"@id\":\"https:\/\/agenciainfra.com\/blog\/#organization\"}},{\"@type\":\"WebPage\",\"@id\":\"https:\/\/agenciainfra.com\/blog\/governo-libera-r-81-mi-bloqueados-da-antt-parte-ira-para-outras-agencias\/\",\"url\":\"https:\/\/agenciainfra.com\/blog\/governo-libera-r-81-mi-bloqueados-da-antt-parte-ira-para-outras-agencias\/\",\"name\":\"Governo libera R$ 81 mi bloqueados da ANTT; parte ir\u00e1 para outras ag\u00eancias - Ag\u00eancia iNFRA\",\"isPartOf\":{\"@id\":\"https:\/\/agenciainfra.com\/blog\/#website\"},\"primaryImageOfPage\":{\"@id\":\"https:\/\/agenciainfra.com\/blog\/governo-libera-r-81-mi-bloqueados-da-antt-parte-ira-para-outras-agencias\/#primaryimage\"},\"image\":{\"@id\":\"https:\/\/agenciainfra.com\/blog\/governo-libera-r-81-mi-bloqueados-da-antt-parte-ira-para-outras-agencias\/#primaryimage\"},\"thumbnailUrl\":\"https:\/\/agenciainfra.com\/blog\/wp-content\/uploads\/2025\/07\/contratos-foto-dominio-publico-e1751021330131-1024x610-1.jpg\",\"datePublished\":\"2026-04-27T10:55:30+00:00\",\"dateModified\":\"2026-04-27T10:57:07+00:00\",\"breadcrumb\":{\"@id\":\"https:\/\/agenciainfra.com\/blog\/governo-libera-r-81-mi-bloqueados-da-antt-parte-ira-para-outras-agencias\/#breadcrumb\"},\"inLanguage\":\"pt-BR\",\"potentialAction\":[{\"@type\":\"ReadAction\",\"target\":[\"https:\/\/agenciainfra.com\/blog\/governo-libera-r-81-mi-bloqueados-da-antt-parte-ira-para-outras-agencias\/\"]}]},{\"@type\":\"ImageObject\",\"inLanguage\":\"pt-BR\",\"@id\":\"https:\/\/agenciainfra.com\/blog\/governo-libera-r-81-mi-bloqueados-da-antt-parte-ira-para-outras-agencias\/#primaryimage\",\"url\":\"https:\/\/agenciainfra.com\/blog\/wp-content\/uploads\/2025\/07\/contratos-foto-dominio-publico-e1751021330131-1024x610-1.jpg\",\"contentUrl\":\"https:\/\/agenciainfra.com\/blog\/wp-content\/uploads\/2025\/07\/contratos-foto-dominio-publico-e1751021330131-1024x610-1.jpg\",\"width\":1024,\"height\":610,\"caption\":\"Foto: Dom\u00ednio P\u00fablico\"},{\"@type\":\"BreadcrumbList\",\"@id\":\"https:\/\/agenciainfra.com\/blog\/governo-libera-r-81-mi-bloqueados-da-antt-parte-ira-para-outras-agencias\/#breadcrumb\",\"itemListElement\":[{\"@type\":\"ListItem\",\"position\":1,\"name\":\"In\u00edcio\",\"item\":\"https:\/\/agenciainfra.com\/blog\/\"},{\"@type\":\"ListItem\",\"position\":2,\"name\":\"Governo libera R$ 81 mi bloqueados da ANTT; parte ir\u00e1 para outras ag\u00eancias\"}]},{\"@type\":\"WebSite\",\"@id\":\"https:\/\/agenciainfra.com\/blog\/#website\",\"url\":\"https:\/\/agenciainfra.com\/blog\/\",\"name\":\"Ag\u00eancia iNFRA\",\"description\":\"Multiplataforma de informa\u00e7\u00e3o jornal\u00edstica refer\u00eancia na \u00e1rea de infraestrutura no Brasil!\",\"publisher\":{\"@id\":\"https:\/\/agenciainfra.com\/blog\/#organization\"},\"potentialAction\":[{\"@type\":\"SearchAction\",\"target\":{\"@type\":\"EntryPoint\",\"urlTemplate\":\"https:\/\/agenciainfra.com\/blog\/?s={search_term_string}\"},\"query-input\":{\"@type\":\"PropertyValueSpecification\",\"valueRequired\":true,\"valueName\":\"search_term_string\"}}],\"inLanguage\":\"pt-BR\"},{\"@type\":\"Organization\",\"@id\":\"https:\/\/agenciainfra.com\/blog\/#organization\",\"name\":\"Ag\u00eancia iNFRA\",\"url\":\"https:\/\/agenciainfra.com\/blog\/\",\"logo\":{\"@type\":\"ImageObject\",\"inLanguage\":\"pt-BR\",\"@id\":\"https:\/\/agenciainfra.com\/blog\/#\/schema\/logo\/image\/\",\"url\":\"https:\/\/agenciainfra.com\/blog\/wp-content\/uploads\/2023\/09\/iNFRA_5-e1761735885940.png\",\"contentUrl\":\"https:\/\/agenciainfra.com\/blog\/wp-content\/uploads\/2023\/09\/iNFRA_5-e1761735885940.png\",\"width\":1672,\"height\":454,\"caption\":\"Ag\u00eancia iNFRA\"},\"image\":{\"@id\":\"https:\/\/agenciainfra.com\/blog\/#\/schema\/logo\/image\/\"},\"sameAs\":[\"https:\/\/www.facebook.com\/ageninfra\",\"https:\/\/x.com\/agencia_infra\",\"https:\/\/www.linkedin.com\/company\/ag\u00eanciainfra\/\",\"https:\/\/www.instagram.com\/agenciainfra\/\"]},{\"@type\":\"Person\",\"@id\":\"https:\/\/agenciainfra.com\/blog\/#\/schema\/person\/34af08dff6adea4cb22b06612ba7acfa\",\"name\":\"Ag\u00eancia iNFRA\",\"image\":{\"@type\":\"ImageObject\",\"inLanguage\":\"pt-BR\",\"@id\":\"https:\/\/agenciainfra.com\/blog\/#\/schema\/person\/image\/\",\"url\":\"https:\/\/secure.gravatar.com\/avatar\/d189e01678f06d8eb84d4e01f08eb848b3fffe3f8443818d3c356c66892f5be8?s=96&d=mm&r=g\",\"contentUrl\":\"https:\/\/secure.gravatar.com\/avatar\/d189e01678f06d8eb84d4e01f08eb848b3fffe3f8443818d3c356c66892f5be8?s=96&d=mm&r=g\",\"caption\":\"Ag\u00eancia iNFRA\"},\"url\":\"https:\/\/agenciainfra.com\/blog\/author\/admin\/\"}]}<\/script>\n<!-- \/ Yoast SEO Premium plugin. -->","yoast_head_json":{"title":"Governo libera R$ 81 mi bloqueados da ANTT; parte ir\u00e1 para outras ag\u00eancias - Ag\u00eancia iNFRA","robots":{"index":"index","follow":"follow","max-snippet":"max-snippet:-1","max-image-preview":"max-image-preview:large","max-video-preview":"max-video-preview:-1"},"canonical":"https:\/\/agenciainfra.com\/blog\/governo-libera-r-81-mi-bloqueados-da-antt-parte-ira-para-outras-agencias\/","og_locale":"pt_BR","og_type":"article","og_title":"Governo libera R$ 81 mi bloqueados da ANTT; parte ir\u00e1 para outras ag\u00eancias","og_description":"Luiz Ara\u00fajo, da Ag\u00eancia iNFRA O MPO (Minist\u00e9rio do Planejamento e Or\u00e7amento) publicou\u00a0portaria\u00a0que ajusta o or\u00e7amento da ANTT (Ag\u00eancia Nacional de Transportes Terrestres). Foram liberados R$ 81,2 milh\u00f5es que haviam sido bloqueados em mar\u00e7o para cumprimento das metas fiscais. A recomposi\u00e7\u00e3o ocorreu por meio de remanejamento de recursos do Minist\u00e9rio das Cidades. A Portaria 134 [&hellip;]","og_url":"https:\/\/agenciainfra.com\/blog\/governo-libera-r-81-mi-bloqueados-da-antt-parte-ira-para-outras-agencias\/","og_site_name":"Ag\u00eancia iNFRA","article_publisher":"https:\/\/www.facebook.com\/ageninfra","article_published_time":"2026-04-27T10:55:30+00:00","article_modified_time":"2026-04-27T10:57:07+00:00","og_image":[{"width":1024,"height":610,"url":"https:\/\/agenciainfra.com\/blog\/wp-content\/uploads\/2025\/07\/contratos-foto-dominio-publico-e1751021330131-1024x610-1.jpg","type":"image\/jpeg"}],"author":"Ag\u00eancia iNFRA","twitter_card":"summary_large_image","twitter_creator":"@agencia_infra","twitter_site":"@agencia_infra","twitter_misc":{"Escrito por":"Ag\u00eancia iNFRA","Est. tempo de leitura":"2 minutos"},"schema":{"@context":"https:\/\/schema.org","@graph":[{"@type":"Article","@id":"https:\/\/agenciainfra.com\/blog\/governo-libera-r-81-mi-bloqueados-da-antt-parte-ira-para-outras-agencias\/#article","isPartOf":{"@id":"https:\/\/agenciainfra.com\/blog\/governo-libera-r-81-mi-bloqueados-da-antt-parte-ira-para-outras-agencias\/"},"author":{"name":"Ag\u00eancia iNFRA","@id":"https:\/\/agenciainfra.com\/blog\/#\/schema\/person\/34af08dff6adea4cb22b06612ba7acfa"},"headline":"Governo libera R$ 81 mi bloqueados da ANTT; parte ir\u00e1 para outras ag\u00eancias","datePublished":"2026-04-27T10:55:30+00:00","dateModified":"2026-04-27T10:57:07+00:00","mainEntityOfPage":{"@id":"https:\/\/agenciainfra.com\/blog\/governo-libera-r-81-mi-bloqueados-da-antt-parte-ira-para-outras-agencias\/"},"wordCount":380,"publisher":{"@id":"https:\/\/agenciainfra.com\/blog\/#organization"},"image":{"@id":"https:\/\/agenciainfra.com\/blog\/governo-libera-r-81-mi-bloqueados-da-antt-parte-ira-para-outras-agencias\/#primaryimage"},"thumbnailUrl":"https:\/\/agenciainfra.com\/blog\/wp-content\/uploads\/2025\/07\/contratos-foto-dominio-publico-e1751021330131-1024x610-1.jpg","keywords":["administra\u00e7\u00e3o p\u00fablica","Ag\u00eancias Reguladoras","ANTT","autonomia financeira","Coarf","contingenciamento","Davi Alcolumbre","gest\u00e3o p\u00fablica","governo federal","Luiz Ara\u00fajo","Or\u00e7amento","or\u00e7amento p\u00fablico"],"articleSection":["Destaque lista"],"inLanguage":"pt-BR","copyrightYear":"2026","copyrightHolder":{"@id":"https:\/\/agenciainfra.com\/blog\/#organization"}},{"@type":"WebPage","@id":"https:\/\/agenciainfra.com\/blog\/governo-libera-r-81-mi-bloqueados-da-antt-parte-ira-para-outras-agencias\/","url":"https:\/\/agenciainfra.com\/blog\/governo-libera-r-81-mi-bloqueados-da-antt-parte-ira-para-outras-agencias\/","name":"Governo libera R$ 81 mi bloqueados da ANTT; parte ir\u00e1 para outras ag\u00eancias - Ag\u00eancia iNFRA","isPartOf":{"@id":"https:\/\/agenciainfra.com\/blog\/#website"},"primaryImageOfPage":{"@id":"https:\/\/agenciainfra.com\/blog\/governo-libera-r-81-mi-bloqueados-da-antt-parte-ira-para-outras-agencias\/#primaryimage"},"image":{"@id":"https:\/\/agenciainfra.com\/blog\/governo-libera-r-81-mi-bloqueados-da-antt-parte-ira-para-outras-agencias\/#primaryimage"},"thumbnailUrl":"https:\/\/agenciainfra.com\/blog\/wp-content\/uploads\/2025\/07\/contratos-foto-dominio-publico-e1751021330131-1024x610-1.jpg","datePublished":"2026-04-27T10:55:30+00:00","dateModified":"2026-04-27T10:57:07+00:00","breadcrumb":{"@id":"https:\/\/agenciainfra.com\/blog\/governo-libera-r-81-mi-bloqueados-da-antt-parte-ira-para-outras-agencias\/#breadcrumb"},"inLanguage":"pt-BR","potentialAction":[{"@type":"ReadAction","target":["https:\/\/agenciainfra.com\/blog\/governo-libera-r-81-mi-bloqueados-da-antt-parte-ira-para-outras-agencias\/"]}]},{"@type":"ImageObject","inLanguage":"pt-BR","@id":"https:\/\/agenciainfra.com\/blog\/governo-libera-r-81-mi-bloqueados-da-antt-parte-ira-para-outras-agencias\/#primaryimage","url":"https:\/\/agenciainfra.com\/blog\/wp-content\/uploads\/2025\/07\/contratos-foto-dominio-publico-e1751021330131-1024x610-1.jpg","contentUrl":"https:\/\/agenciainfra.com\/blog\/wp-content\/uploads\/2025\/07\/contratos-foto-dominio-publico-e1751021330131-1024x610-1.jpg","width":1024,"height":610,"caption":"Foto: Dom\u00ednio P\u00fablico"},{"@type":"BreadcrumbList","@id":"https:\/\/agenciainfra.com\/blog\/governo-libera-r-81-mi-bloqueados-da-antt-parte-ira-para-outras-agencias\/#breadcrumb","itemListElement":[{"@type":"ListItem","position":1,"name":"In\u00edcio","item":"https:\/\/agenciainfra.com\/blog\/"},{"@type":"ListItem","position":2,"name":"Governo libera R$ 81 mi bloqueados da ANTT; parte ir\u00e1 para outras ag\u00eancias"}]},{"@type":"WebSite","@id":"https:\/\/agenciainfra.com\/blog\/#website","url":"https:\/\/agenciainfra.com\/blog\/","name":"Ag\u00eancia iNFRA","description":"Multiplataforma de informa\u00e7\u00e3o jornal\u00edstica refer\u00eancia na \u00e1rea de infraestrutura no Brasil!","publisher":{"@id":"https:\/\/agenciainfra.com\/blog\/#organization"},"potentialAction":[{"@type":"SearchAction","target":{"@type":"EntryPoint","urlTemplate":"https:\/\/agenciainfra.com\/blog\/?s={search_term_string}"},"query-input":{"@type":"PropertyValueSpecification","valueRequired":true,"valueName":"search_term_string"}}],"inLanguage":"pt-BR"},{"@type":"Organization","@id":"https:\/\/agenciainfra.com\/blog\/#organization","name":"Ag\u00eancia iNFRA","url":"https:\/\/agenciainfra.com\/blog\/","logo":{"@type":"ImageObject","inLanguage":"pt-BR","@id":"https:\/\/agenciainfra.com\/blog\/#\/schema\/logo\/image\/","url":"https:\/\/agenciainfra.com\/blog\/wp-content\/uploads\/2023\/09\/iNFRA_5-e1761735885940.png","contentUrl":"https:\/\/agenciainfra.com\/blog\/wp-content\/uploads\/2023\/09\/iNFRA_5-e1761735885940.png","width":1672,"height":454,"caption":"Ag\u00eancia iNFRA"},"image":{"@id":"https:\/\/agenciainfra.com\/blog\/#\/schema\/logo\/image\/"},"sameAs":["https:\/\/www.facebook.com\/ageninfra","https:\/\/x.com\/agencia_infra","https:\/\/www.linkedin.com\/company\/ag\u00eanciainfra\/","https:\/\/www.instagram.com\/agenciainfra\/"]},{"@type":"Person","@id":"https:\/\/agenciainfra.com\/blog\/#\/schema\/person\/34af08dff6adea4cb22b06612ba7acfa","name":"Ag\u00eancia iNFRA","image":{"@type":"ImageObject","inLanguage":"pt-BR","@id":"https:\/\/agenciainfra.com\/blog\/#\/schema\/person\/image\/","url":"https:\/\/secure.gravatar.com\/avatar\/d189e01678f06d8eb84d4e01f08eb848b3fffe3f8443818d3c356c66892f5be8?s=96&d=mm&r=g","contentUrl":"https:\/\/secure.gravatar.com\/avatar\/d189e01678f06d8eb84d4e01f08eb848b3fffe3f8443818d3c356c66892f5be8?s=96&d=mm&r=g","caption":"Ag\u00eancia iNFRA"},"url":"https:\/\/agenciainfra.com\/blog\/author\/admin\/"}]}},"_links":{"self":[{"href":"https:\/\/agenciainfra.com\/blog\/wp-json\/wp\/v2\/posts\/40122","targetHints":{"allow":["GET"]}}],"collection":[{"href":"https:\/\/agenciainfra.com\/blog\/wp-json\/wp\/v2\/posts"}],"about":[{"href":"https:\/\/agenciainfra.com\/blog\/wp-json\/wp\/v2\/types\/post"}],"author":[{"embeddable":true,"href":"https:\/\/agenciainfra.com\/blog\/wp-json\/wp\/v2\/users\/1"}],"replies":[{"embeddable":true,"href":"https:\/\/agenciainfra.com\/blog\/wp-json\/wp\/v2\/comments?post=40122"}],"version-history":[{"count":2,"href":"https:\/\/agenciainfra.com\/blog\/wp-json\/wp\/v2\/posts\/40122\/revisions"}],"predecessor-version":[{"id":40125,"href":"https:\/\/agenciainfra.com\/blog\/wp-json\/wp\/v2\/posts\/40122\/revisions\/40125"}],"wp:featuredmedia":[{"embeddable":true,"href":"https:\/\/agenciainfra.com\/blog\/wp-json\/wp\/v2\/media\/24054"}],"wp:attachment":[{"href":"https:\/\/agenciainfra.com\/blog\/wp-json\/wp\/v2\/media?parent=40122"}],"wp:term":[{"taxonomy":"category","embeddable":true,"href":"https:\/\/agenciainfra.com\/blog\/wp-json\/wp\/v2\/categories?post=40122"},{"taxonomy":"post_tag","embeddable":true,"href":"https:\/\/agenciainfra.com\/blog\/wp-json\/wp\/v2\/tags?post=40122"}],"curies":[{"name":"wp","href":"https:\/\/api.w.org\/{rel}","templated":true}]}}