{"id":40130,"date":"2026-04-27T12:00:00","date_gmt":"2026-04-27T15:00:00","guid":{"rendered":"https:\/\/agenciainfra.com\/blog\/?p=40130"},"modified":"2026-04-27T13:01:21","modified_gmt":"2026-04-27T16:01:21","slug":"enel-rj-decisao-do-tcu-sobre-dados-incertos-pode-impactar-renovacao","status":"publish","type":"post","link":"https:\/\/agenciainfra.com\/blog\/enel-rj-decisao-do-tcu-sobre-dados-incertos-pode-impactar-renovacao\/","title":{"rendered":"Enel RJ: Decis\u00e3o do TCU sobre dados incertos pode impactar renova\u00e7\u00e3o"},"content":{"rendered":"\n<p class=\"has-text-align-right\"><strong>Geraldo Campos Jr., Lais Carregosa e Marisa Wanzeller, da Ag\u00eancia iNFRA<\/strong><\/p>\n\n\n\n<figure class=\"wp-block-image aligncenter size-full is-resized\"><a href=\"https:\/\/agenciainfra.com\/blog\/assine-nossos-servicos\/\"><img fetchpriority=\"high\" decoding=\"async\" width=\"966\" height=\"117\" src=\"https:\/\/agenciainfra.com\/blog\/wp-content\/uploads\/2026\/01\/selo-assinantes-1.png\" alt=\"\" class=\"wp-image-35239\" style=\"width:400px\" srcset=\"https:\/\/agenciainfra.com\/blog\/wp-content\/uploads\/2026\/01\/selo-assinantes-1.png 966w, https:\/\/agenciainfra.com\/blog\/wp-content\/uploads\/2026\/01\/selo-assinantes-1-300x36.png 300w, https:\/\/agenciainfra.com\/blog\/wp-content\/uploads\/2026\/01\/selo-assinantes-1-768x93.png 768w\" sizes=\"(max-width: 966px) 100vw, 966px\" \/><\/a><\/figure>\n\n\n\n<p>O alerta do TCU (Tribunal de Contas da Uni\u00e3o) sobre os dados de qualidade do servi\u00e7o da Enel Rio de Janeiro pode prejudicar a renova\u00e7\u00e3o da concess\u00e3o, que vence em dezembro de 2026, afirmaram fontes \u00e0&nbsp;<strong>Ag\u00eancia iNFRA<\/strong>. A corte aponta que h\u00e1 \u201c<a href=\"https:\/\/agenciainfra.com\/blog\/tcu-recomendacao-de-renovacao-da-enel-rj-foi-feita-com-base-em-dados-incertos\/\">incertezas relevantes<\/a>\u201d sobre os indicadores de interrup\u00e7\u00f5es que foram usados como base para a ANEEL (Ag\u00eancia Nacional de Energia El\u00e9trica) recomendar a prorroga\u00e7\u00e3o.<br><br>Para agentes e especialistas do setor, a decis\u00e3o da corte na \u00faltima semana pode fragilizar a renova\u00e7\u00e3o da concess\u00e3o pelo governo federal. O advogado Caio Alves, head de Energia do escrit\u00f3rio Rolim Goulart Cardoso, entende que h\u00e1 um cen\u00e1rio de inseguran\u00e7a para que o minist\u00e9rio avance com o processo, uma vez que h\u00e1 ac\u00f3rd\u00e3o no TCU apontando para \u201cind\u00edcios concretos de c\u00e1lculo indevido\u201d.&nbsp;<br><br>\u201cParece-me que hoje, para o minist\u00e9rio andar com o processo de renova\u00e7\u00e3o da concess\u00e3o tendo esse processo no TCU em aberto, \u00e9 muito arriscado. \u00c9 arriscado at\u00e9 para a Enel, porque pode acontecer uma decis\u00e3o intempestiva\u201d, avalia o advogado, citando possibilidade \u2013 mesmo que improv\u00e1vel \u2013 de revoga\u00e7\u00e3o posterior do contrato.<br><br>Relat\u00f3rio divulgado nesta semana pelo CBIE Advisory tamb\u00e9m alertou para o fato de que o processo de caducidade da Enel S\u00e3o Paulo e a exclus\u00e3o da Enel Rio da lista inicial de renova\u00e7\u00f5es \u201cmarcam uma inflex\u00e3o no ambiente regulat\u00f3rio de distribui\u00e7\u00e3o\u201d. Segundo o documento, consultorias e investidores t\u00eam visto riscos por incertezas nos ativos, mas tamb\u00e9m oportunidades de entrada de novos operadores com modelos mais eficientes.<br><br><strong>Embasamento<\/strong><br>O advogado Andr\u00e9 Edelstein, do escrit\u00f3rio Edelstein Advogados, afirma que uma eventual decis\u00e3o do MME (Minist\u00e9rio de Minas e Energia) de negar a renova\u00e7\u00e3o da concess\u00e3o da Enel Rio \u2013 ao contr\u00e1rio do que recomendou a ANEEL \u2013 exigiria \u201cs\u00f3lido embasamento t\u00e9cnico\u201d.<br><br>\u201cA op\u00e7\u00e3o pela n\u00e3o renova\u00e7\u00e3o n\u00e3o pode ser um ato desprovido de motiva\u00e7\u00e3o adequada. O minist\u00e9rio precisaria fundamentar sua decis\u00e3o na constata\u00e7\u00e3o do n\u00e3o atendimento aos crit\u00e9rios de efici\u00eancia, demonstrando a exist\u00eancia de falhas na instru\u00e7\u00e3o do processo. Em outras palavras, seria necess\u00e1rio identificar alguma impropriedade na avalia\u00e7\u00e3o t\u00e9cnica realizada pela ANEEL\u201d, explicou.<br><br>Gustavo de Marchi, do DFA Advogados, ressalta que o processo da Enel S\u00e3o Paulo n\u00e3o deveria impactar as demais concession\u00e1rias do grupo, uma vez que s\u00e3o \u201ctotalmente aut\u00f4nomas e independentes\u201d. \u201cVoc\u00ea tem uma aprova\u00e7\u00e3o da ANEEL para a renova\u00e7\u00e3o tanto da Enel Cear\u00e1 quanto&nbsp;da Enel Rio, onde foram utilizados crit\u00e9rios t\u00e9cnicos. Ent\u00e3o, n\u00e3o haveria nenhum \u00f3bice, a princ\u00edpio, para se prosseguir nessa renova\u00e7\u00e3o\u201d, disse.&nbsp;<br><br>A maioria das concess\u00f5es j\u00e1 foram convocadas para assinatura dos novos contratos \u2013 prevista para a primeira semana de maio \u2013, restando pendentes apenas as da Enel. As concess\u00f5es da italiana, tanto no Rio quanto no&nbsp;Cear\u00e1 e em S\u00e3o Paulo, s\u00e3o as \u00fanicas sem decis\u00e3o de renova\u00e7\u00e3o pela pasta, sendo que a \u00faltima ainda est\u00e1 na ANEEL e aguarda conclus\u00e3o de an\u00e1lise de caducidade.<br><br><strong>Expurgos<\/strong><br>De acordo com Caio Alves, advogado e ex-assessor da ANEEL, pela l\u00f3gica regulat\u00f3ria a ag\u00eancia pressup\u00f5e boa-f\u00e9 das distribuidoras na apresenta\u00e7\u00e3o dos expurgos \u2013 interrup\u00e7\u00f5es de servi\u00e7o n\u00e3o consideradas nos indicadores, como por eventos clim\u00e1ticos extremos. Atualmente, explica, as limita\u00e7\u00f5es de m\u00e3o de obra e tecnol\u00f3gicas da ag\u00eancia permitem que sejam analisadas apenas amostragens.&nbsp;<br><br>No caso da Enel RJ, a reguladora indicou que \u201cos dados n\u00e3o estavam muito claros\u201d, disse Caio. \u201cA ANEEL foi muito cautelosa, eu acredito que corretamente, ao verificar e orientar a distribuidora para que ela reavalie os dados\u201d, continuou, ao ressaltar que, at\u00e9 o momento, n\u00e3o h\u00e1 comprova\u00e7\u00e3o de que os dados estejam errados.<br><br>\u201cA exist\u00eancia de processos de acompanhamento n\u00e3o exp\u00f5em, por si, nenhuma fragilidade na apura\u00e7\u00e3o. Se n\u00e3o h\u00e1 san\u00e7\u00e3o contra a Enel RJ, logo \u00e9 de se pressupor que os dados est\u00e3o corretos\u201d, afirmou. Dessa forma, o advogado entende que o TCU \u201cinovou\u201d ao pressupor que os dados est\u00e3o incorretos.<br><br>Para De Marchi, o TCU deveria reanalisar o processo e as constata\u00e7\u00f5es sobre os dados de expurgos da Enel RJ. \u201cMerece sim um olhar atento, porque \u00e9 uma metodologia bastante complexa. Ent\u00e3o, para se apurar se houve de fato alguma irregularidade, algum desvio, h\u00e1 necessidade dessa rean\u00e1lise.\u201d<br><br><strong>O caso no TCU<\/strong><br>O processo na corte de contas foi originado de den\u00fancia formulada pelo deputado estadual do Rio de Janeiro, Fl\u00e1vio Serafini (Psol-RJ), sobre poss\u00edvel manipula\u00e7\u00e3o dos indicadores de qualidade de fornecimento de energia pela distribuidora.&nbsp;<br><br>Segundo o TCU, houve morosidade da ANEEL na conclus\u00e3o da fiscaliza\u00e7\u00e3o do DEC (dura\u00e7\u00e3o de interrup\u00e7\u00f5es) e do FEC (frequ\u00eancia de interrup\u00e7\u00f5es) da concession\u00e1ria entre janeiro de 2022 e mar\u00e7o de 2023, al\u00e9m de aus\u00eancia de fiscaliza\u00e7\u00e3o espec\u00edfica sobre os indicadores declarados para 2023 e 2024 \u2013 apesar de ind\u00edcios de expurgos potencialmente indevidos. O cumprimento dos dois indicadores \u00e9 um dos crit\u00e9rios para a renova\u00e7\u00e3o da concess\u00e3o.<br><br>Na decis\u00e3o, o tribunal afirmou que a recomenda\u00e7\u00e3o de renova\u00e7\u00e3o teve como base indicadores \u201csobre os quais recaem incertezas relevantes quanto \u00e0 sua fidedignidade\u201d e decidiu dar ci\u00eancia ao MME de que os dados de continuidade utilizados como suporte t\u00e9cnico pela reguladora tiveram fiscaliza\u00e7\u00e3o inconclusa e controv\u00e9rsia metodol\u00f3gica.&nbsp;<br><br><strong>O que diz a Enel<\/strong><br>Em nota, a Enel Rio disse que os expurgos registrados pela companhia&nbsp;\u201catendem aos crit\u00e9rios previstos na regulamenta\u00e7\u00e3o, os mesmos adotados por todas as distribuidoras do pa\u00eds\u201d.&nbsp;<br><br>Ainda segundo a empresa, o aumento dos expurgos nos indicadores de continuidade se deve a \u201cimpactos causados na rede el\u00e9trica pela maior frequ\u00eancia e severidade dos eventos clim\u00e1ticos nos \u00faltimos anos\u201d.<\/p>\n","protected":false},"excerpt":{"rendered":"<p>Geraldo Campos Jr., Lais Carregosa e Marisa Wanzeller, da Ag\u00eancia iNFRA O alerta do TCU (Tribunal de Contas da Uni\u00e3o) sobre os dados de qualidade do servi\u00e7o da Enel Rio de Janeiro pode prejudicar a renova\u00e7\u00e3o da concess\u00e3o, que vence em dezembro de 2026, afirmaram fontes \u00e0&nbsp;Ag\u00eancia iNFRA. A corte aponta que h\u00e1 \u201cincertezas relevantes\u201d [&hellip;]<\/p>\n","protected":false},"author":1,"featured_media":40133,"comment_status":"closed","ping_status":"closed","sticky":false,"template":"","format":"standard","meta":{"_monsterinsights_skip_tracking":false,"_monsterinsights_sitenote_active":false,"_monsterinsights_sitenote_note":"","_monsterinsights_sitenote_category":0,"footnotes":""},"categories":[7249],"tags":[53,245,22,7090,3575,25,19543,6781,11594,3125,13132,7366,71,11535],"class_list":["post-40130","post","type-post","status-publish","format-standard","has-post-thumbnail","hentry","category-destaque","tag-aneel","tag-caducidade","tag-concessao","tag-enel-rio","tag-enel-rj","tag-energia","tag-flavio-serafini","tag-gentil-nogueira","tag-geraldo-campos-jr","tag-jhonatan-de-jesus","tag-lais-carregosa","tag-marisa-wanzeller","tag-mme","tag-renovacao-de-concessao"],"yoast_head":"<!-- This site is optimized with the Yoast SEO Premium plugin v25.4 (Yoast SEO v26.0) - https:\/\/yoast.com\/wordpress\/plugins\/seo\/ -->\n<title>Enel RJ: Decis\u00e3o do TCU sobre dados incertos pode impactar renova\u00e7\u00e3o - Ag\u00eancia iNFRA<\/title>\n<meta name=\"robots\" content=\"index, follow, max-snippet:-1, max-image-preview:large, max-video-preview:-1\" \/>\n<link rel=\"canonical\" href=\"https:\/\/agenciainfra.com\/blog\/enel-rj-decisao-do-tcu-sobre-dados-incertos-pode-impactar-renovacao\/\" \/>\n<meta property=\"og:locale\" content=\"pt_BR\" \/>\n<meta property=\"og:type\" content=\"article\" \/>\n<meta property=\"og:title\" content=\"Enel RJ: Decis\u00e3o do TCU sobre dados incertos pode impactar renova\u00e7\u00e3o\" \/>\n<meta property=\"og:description\" content=\"Geraldo Campos Jr., Lais Carregosa e Marisa Wanzeller, da Ag\u00eancia iNFRA O alerta do TCU (Tribunal de Contas da Uni\u00e3o) sobre os dados de qualidade do servi\u00e7o da Enel Rio de Janeiro pode prejudicar a renova\u00e7\u00e3o da concess\u00e3o, que vence em dezembro de 2026, afirmaram fontes \u00e0&nbsp;Ag\u00eancia iNFRA. A corte aponta que h\u00e1 \u201cincertezas relevantes\u201d [&hellip;]\" \/>\n<meta property=\"og:url\" content=\"https:\/\/agenciainfra.com\/blog\/enel-rj-decisao-do-tcu-sobre-dados-incertos-pode-impactar-renovacao\/\" \/>\n<meta property=\"og:site_name\" content=\"Ag\u00eancia iNFRA\" \/>\n<meta property=\"article:publisher\" content=\"https:\/\/www.facebook.com\/ageninfra\" \/>\n<meta property=\"article:published_time\" content=\"2026-04-27T15:00:00+00:00\" \/>\n<meta property=\"article:modified_time\" content=\"2026-04-27T16:01:21+00:00\" \/>\n<meta property=\"og:image\" content=\"https:\/\/agenciainfra.com\/blog\/wp-content\/uploads\/2026\/04\/plenario-tcu-foto-samuel_figueira-1.jpg\" \/>\n\t<meta property=\"og:image:width\" content=\"1280\" \/>\n\t<meta property=\"og:image:height\" content=\"853\" \/>\n\t<meta property=\"og:image:type\" content=\"image\/jpeg\" \/>\n<meta name=\"author\" content=\"Ag\u00eancia iNFRA\" \/>\n<meta name=\"twitter:card\" content=\"summary_large_image\" \/>\n<meta name=\"twitter:creator\" content=\"@agencia_infra\" \/>\n<meta name=\"twitter:site\" content=\"@agencia_infra\" \/>\n<meta name=\"twitter:label1\" content=\"Escrito por\" \/>\n\t<meta name=\"twitter:data1\" content=\"Ag\u00eancia iNFRA\" \/>\n\t<meta name=\"twitter:label2\" content=\"Est. tempo de leitura\" \/>\n\t<meta name=\"twitter:data2\" content=\"5 minutos\" \/>\n<script type=\"application\/ld+json\" class=\"yoast-schema-graph\">{\"@context\":\"https:\/\/schema.org\",\"@graph\":[{\"@type\":\"Article\",\"@id\":\"https:\/\/agenciainfra.com\/blog\/enel-rj-decisao-do-tcu-sobre-dados-incertos-pode-impactar-renovacao\/#article\",\"isPartOf\":{\"@id\":\"https:\/\/agenciainfra.com\/blog\/enel-rj-decisao-do-tcu-sobre-dados-incertos-pode-impactar-renovacao\/\"},\"author\":{\"name\":\"Ag\u00eancia iNFRA\",\"@id\":\"https:\/\/agenciainfra.com\/blog\/#\/schema\/person\/34af08dff6adea4cb22b06612ba7acfa\"},\"headline\":\"Enel RJ: Decis\u00e3o do TCU sobre dados incertos pode impactar renova\u00e7\u00e3o\",\"datePublished\":\"2026-04-27T15:00:00+00:00\",\"dateModified\":\"2026-04-27T16:01:21+00:00\",\"mainEntityOfPage\":{\"@id\":\"https:\/\/agenciainfra.com\/blog\/enel-rj-decisao-do-tcu-sobre-dados-incertos-pode-impactar-renovacao\/\"},\"wordCount\":1051,\"publisher\":{\"@id\":\"https:\/\/agenciainfra.com\/blog\/#organization\"},\"image\":{\"@id\":\"https:\/\/agenciainfra.com\/blog\/enel-rj-decisao-do-tcu-sobre-dados-incertos-pode-impactar-renovacao\/#primaryimage\"},\"thumbnailUrl\":\"https:\/\/agenciainfra.com\/blog\/wp-content\/uploads\/2026\/04\/plenario-tcu-foto-samuel_figueira-1.jpg\",\"keywords\":[\"ANEEL\",\"caducidade\",\"Concess\u00e3o\",\"Enel Rio\",\"Enel RJ\",\"energia\",\"Fl\u00e1vio Serafini\",\"Gentil Nogueira\",\"Geraldo Campos Jr.\",\"Jhonatan de Jesus\",\"Lais Carregosa\",\"Marisa Wanzeller\",\"MME\",\"Renova\u00e7\u00e3o de concess\u00e3o\"],\"articleSection\":[\"Destaque\"],\"inLanguage\":\"pt-BR\",\"copyrightYear\":\"2026\",\"copyrightHolder\":{\"@id\":\"https:\/\/agenciainfra.com\/blog\/#organization\"}},{\"@type\":\"WebPage\",\"@id\":\"https:\/\/agenciainfra.com\/blog\/enel-rj-decisao-do-tcu-sobre-dados-incertos-pode-impactar-renovacao\/\",\"url\":\"https:\/\/agenciainfra.com\/blog\/enel-rj-decisao-do-tcu-sobre-dados-incertos-pode-impactar-renovacao\/\",\"name\":\"Enel RJ: Decis\u00e3o do TCU sobre dados incertos pode impactar renova\u00e7\u00e3o - Ag\u00eancia iNFRA\",\"isPartOf\":{\"@id\":\"https:\/\/agenciainfra.com\/blog\/#website\"},\"primaryImageOfPage\":{\"@id\":\"https:\/\/agenciainfra.com\/blog\/enel-rj-decisao-do-tcu-sobre-dados-incertos-pode-impactar-renovacao\/#primaryimage\"},\"image\":{\"@id\":\"https:\/\/agenciainfra.com\/blog\/enel-rj-decisao-do-tcu-sobre-dados-incertos-pode-impactar-renovacao\/#primaryimage\"},\"thumbnailUrl\":\"https:\/\/agenciainfra.com\/blog\/wp-content\/uploads\/2026\/04\/plenario-tcu-foto-samuel_figueira-1.jpg\",\"datePublished\":\"2026-04-27T15:00:00+00:00\",\"dateModified\":\"2026-04-27T16:01:21+00:00\",\"breadcrumb\":{\"@id\":\"https:\/\/agenciainfra.com\/blog\/enel-rj-decisao-do-tcu-sobre-dados-incertos-pode-impactar-renovacao\/#breadcrumb\"},\"inLanguage\":\"pt-BR\",\"potentialAction\":[{\"@type\":\"ReadAction\",\"target\":[\"https:\/\/agenciainfra.com\/blog\/enel-rj-decisao-do-tcu-sobre-dados-incertos-pode-impactar-renovacao\/\"]}]},{\"@type\":\"ImageObject\",\"inLanguage\":\"pt-BR\",\"@id\":\"https:\/\/agenciainfra.com\/blog\/enel-rj-decisao-do-tcu-sobre-dados-incertos-pode-impactar-renovacao\/#primaryimage\",\"url\":\"https:\/\/agenciainfra.com\/blog\/wp-content\/uploads\/2026\/04\/plenario-tcu-foto-samuel_figueira-1.jpg\",\"contentUrl\":\"https:\/\/agenciainfra.com\/blog\/wp-content\/uploads\/2026\/04\/plenario-tcu-foto-samuel_figueira-1.jpg\",\"width\":1280,\"height\":853,\"caption\":\"Foto: Samuel Figueira\/TCU\"},{\"@type\":\"BreadcrumbList\",\"@id\":\"https:\/\/agenciainfra.com\/blog\/enel-rj-decisao-do-tcu-sobre-dados-incertos-pode-impactar-renovacao\/#breadcrumb\",\"itemListElement\":[{\"@type\":\"ListItem\",\"position\":1,\"name\":\"In\u00edcio\",\"item\":\"https:\/\/agenciainfra.com\/blog\/\"},{\"@type\":\"ListItem\",\"position\":2,\"name\":\"Enel RJ: Decis\u00e3o do TCU sobre dados incertos pode impactar renova\u00e7\u00e3o\"}]},{\"@type\":\"WebSite\",\"@id\":\"https:\/\/agenciainfra.com\/blog\/#website\",\"url\":\"https:\/\/agenciainfra.com\/blog\/\",\"name\":\"Ag\u00eancia iNFRA\",\"description\":\"Multiplataforma de informa\u00e7\u00e3o jornal\u00edstica refer\u00eancia na \u00e1rea de infraestrutura no Brasil!\",\"publisher\":{\"@id\":\"https:\/\/agenciainfra.com\/blog\/#organization\"},\"potentialAction\":[{\"@type\":\"SearchAction\",\"target\":{\"@type\":\"EntryPoint\",\"urlTemplate\":\"https:\/\/agenciainfra.com\/blog\/?s={search_term_string}\"},\"query-input\":{\"@type\":\"PropertyValueSpecification\",\"valueRequired\":true,\"valueName\":\"search_term_string\"}}],\"inLanguage\":\"pt-BR\"},{\"@type\":\"Organization\",\"@id\":\"https:\/\/agenciainfra.com\/blog\/#organization\",\"name\":\"Ag\u00eancia iNFRA\",\"url\":\"https:\/\/agenciainfra.com\/blog\/\",\"logo\":{\"@type\":\"ImageObject\",\"inLanguage\":\"pt-BR\",\"@id\":\"https:\/\/agenciainfra.com\/blog\/#\/schema\/logo\/image\/\",\"url\":\"https:\/\/agenciainfra.com\/blog\/wp-content\/uploads\/2023\/09\/iNFRA_5-e1761735885940.png\",\"contentUrl\":\"https:\/\/agenciainfra.com\/blog\/wp-content\/uploads\/2023\/09\/iNFRA_5-e1761735885940.png\",\"width\":1672,\"height\":454,\"caption\":\"Ag\u00eancia iNFRA\"},\"image\":{\"@id\":\"https:\/\/agenciainfra.com\/blog\/#\/schema\/logo\/image\/\"},\"sameAs\":[\"https:\/\/www.facebook.com\/ageninfra\",\"https:\/\/x.com\/agencia_infra\",\"https:\/\/www.linkedin.com\/company\/ag\u00eanciainfra\/\",\"https:\/\/www.instagram.com\/agenciainfra\/\"]},{\"@type\":\"Person\",\"@id\":\"https:\/\/agenciainfra.com\/blog\/#\/schema\/person\/34af08dff6adea4cb22b06612ba7acfa\",\"name\":\"Ag\u00eancia iNFRA\",\"image\":{\"@type\":\"ImageObject\",\"inLanguage\":\"pt-BR\",\"@id\":\"https:\/\/agenciainfra.com\/blog\/#\/schema\/person\/image\/\",\"url\":\"https:\/\/secure.gravatar.com\/avatar\/d189e01678f06d8eb84d4e01f08eb848b3fffe3f8443818d3c356c66892f5be8?s=96&d=mm&r=g\",\"contentUrl\":\"https:\/\/secure.gravatar.com\/avatar\/d189e01678f06d8eb84d4e01f08eb848b3fffe3f8443818d3c356c66892f5be8?s=96&d=mm&r=g\",\"caption\":\"Ag\u00eancia iNFRA\"},\"url\":\"https:\/\/agenciainfra.com\/blog\/author\/admin\/\"}]}<\/script>\n<!-- \/ Yoast SEO Premium plugin. -->","yoast_head_json":{"title":"Enel RJ: Decis\u00e3o do TCU sobre dados incertos pode impactar renova\u00e7\u00e3o - Ag\u00eancia iNFRA","robots":{"index":"index","follow":"follow","max-snippet":"max-snippet:-1","max-image-preview":"max-image-preview:large","max-video-preview":"max-video-preview:-1"},"canonical":"https:\/\/agenciainfra.com\/blog\/enel-rj-decisao-do-tcu-sobre-dados-incertos-pode-impactar-renovacao\/","og_locale":"pt_BR","og_type":"article","og_title":"Enel RJ: Decis\u00e3o do TCU sobre dados incertos pode impactar renova\u00e7\u00e3o","og_description":"Geraldo Campos Jr., Lais Carregosa e Marisa Wanzeller, da Ag\u00eancia iNFRA O alerta do TCU (Tribunal de Contas da Uni\u00e3o) sobre os dados de qualidade do servi\u00e7o da Enel Rio de Janeiro pode prejudicar a renova\u00e7\u00e3o da concess\u00e3o, que vence em dezembro de 2026, afirmaram fontes \u00e0&nbsp;Ag\u00eancia iNFRA. A corte aponta que h\u00e1 \u201cincertezas relevantes\u201d [&hellip;]","og_url":"https:\/\/agenciainfra.com\/blog\/enel-rj-decisao-do-tcu-sobre-dados-incertos-pode-impactar-renovacao\/","og_site_name":"Ag\u00eancia iNFRA","article_publisher":"https:\/\/www.facebook.com\/ageninfra","article_published_time":"2026-04-27T15:00:00+00:00","article_modified_time":"2026-04-27T16:01:21+00:00","og_image":[{"width":1280,"height":853,"url":"https:\/\/agenciainfra.com\/blog\/wp-content\/uploads\/2026\/04\/plenario-tcu-foto-samuel_figueira-1.jpg","type":"image\/jpeg"}],"author":"Ag\u00eancia iNFRA","twitter_card":"summary_large_image","twitter_creator":"@agencia_infra","twitter_site":"@agencia_infra","twitter_misc":{"Escrito por":"Ag\u00eancia iNFRA","Est. tempo de leitura":"5 minutos"},"schema":{"@context":"https:\/\/schema.org","@graph":[{"@type":"Article","@id":"https:\/\/agenciainfra.com\/blog\/enel-rj-decisao-do-tcu-sobre-dados-incertos-pode-impactar-renovacao\/#article","isPartOf":{"@id":"https:\/\/agenciainfra.com\/blog\/enel-rj-decisao-do-tcu-sobre-dados-incertos-pode-impactar-renovacao\/"},"author":{"name":"Ag\u00eancia iNFRA","@id":"https:\/\/agenciainfra.com\/blog\/#\/schema\/person\/34af08dff6adea4cb22b06612ba7acfa"},"headline":"Enel RJ: Decis\u00e3o do TCU sobre dados incertos pode impactar renova\u00e7\u00e3o","datePublished":"2026-04-27T15:00:00+00:00","dateModified":"2026-04-27T16:01:21+00:00","mainEntityOfPage":{"@id":"https:\/\/agenciainfra.com\/blog\/enel-rj-decisao-do-tcu-sobre-dados-incertos-pode-impactar-renovacao\/"},"wordCount":1051,"publisher":{"@id":"https:\/\/agenciainfra.com\/blog\/#organization"},"image":{"@id":"https:\/\/agenciainfra.com\/blog\/enel-rj-decisao-do-tcu-sobre-dados-incertos-pode-impactar-renovacao\/#primaryimage"},"thumbnailUrl":"https:\/\/agenciainfra.com\/blog\/wp-content\/uploads\/2026\/04\/plenario-tcu-foto-samuel_figueira-1.jpg","keywords":["ANEEL","caducidade","Concess\u00e3o","Enel Rio","Enel RJ","energia","Fl\u00e1vio Serafini","Gentil Nogueira","Geraldo Campos Jr.","Jhonatan de Jesus","Lais Carregosa","Marisa Wanzeller","MME","Renova\u00e7\u00e3o de concess\u00e3o"],"articleSection":["Destaque"],"inLanguage":"pt-BR","copyrightYear":"2026","copyrightHolder":{"@id":"https:\/\/agenciainfra.com\/blog\/#organization"}},{"@type":"WebPage","@id":"https:\/\/agenciainfra.com\/blog\/enel-rj-decisao-do-tcu-sobre-dados-incertos-pode-impactar-renovacao\/","url":"https:\/\/agenciainfra.com\/blog\/enel-rj-decisao-do-tcu-sobre-dados-incertos-pode-impactar-renovacao\/","name":"Enel RJ: Decis\u00e3o do TCU sobre dados incertos pode impactar renova\u00e7\u00e3o - Ag\u00eancia iNFRA","isPartOf":{"@id":"https:\/\/agenciainfra.com\/blog\/#website"},"primaryImageOfPage":{"@id":"https:\/\/agenciainfra.com\/blog\/enel-rj-decisao-do-tcu-sobre-dados-incertos-pode-impactar-renovacao\/#primaryimage"},"image":{"@id":"https:\/\/agenciainfra.com\/blog\/enel-rj-decisao-do-tcu-sobre-dados-incertos-pode-impactar-renovacao\/#primaryimage"},"thumbnailUrl":"https:\/\/agenciainfra.com\/blog\/wp-content\/uploads\/2026\/04\/plenario-tcu-foto-samuel_figueira-1.jpg","datePublished":"2026-04-27T15:00:00+00:00","dateModified":"2026-04-27T16:01:21+00:00","breadcrumb":{"@id":"https:\/\/agenciainfra.com\/blog\/enel-rj-decisao-do-tcu-sobre-dados-incertos-pode-impactar-renovacao\/#breadcrumb"},"inLanguage":"pt-BR","potentialAction":[{"@type":"ReadAction","target":["https:\/\/agenciainfra.com\/blog\/enel-rj-decisao-do-tcu-sobre-dados-incertos-pode-impactar-renovacao\/"]}]},{"@type":"ImageObject","inLanguage":"pt-BR","@id":"https:\/\/agenciainfra.com\/blog\/enel-rj-decisao-do-tcu-sobre-dados-incertos-pode-impactar-renovacao\/#primaryimage","url":"https:\/\/agenciainfra.com\/blog\/wp-content\/uploads\/2026\/04\/plenario-tcu-foto-samuel_figueira-1.jpg","contentUrl":"https:\/\/agenciainfra.com\/blog\/wp-content\/uploads\/2026\/04\/plenario-tcu-foto-samuel_figueira-1.jpg","width":1280,"height":853,"caption":"Foto: Samuel Figueira\/TCU"},{"@type":"BreadcrumbList","@id":"https:\/\/agenciainfra.com\/blog\/enel-rj-decisao-do-tcu-sobre-dados-incertos-pode-impactar-renovacao\/#breadcrumb","itemListElement":[{"@type":"ListItem","position":1,"name":"In\u00edcio","item":"https:\/\/agenciainfra.com\/blog\/"},{"@type":"ListItem","position":2,"name":"Enel RJ: Decis\u00e3o do TCU sobre dados incertos pode impactar renova\u00e7\u00e3o"}]},{"@type":"WebSite","@id":"https:\/\/agenciainfra.com\/blog\/#website","url":"https:\/\/agenciainfra.com\/blog\/","name":"Ag\u00eancia iNFRA","description":"Multiplataforma de informa\u00e7\u00e3o jornal\u00edstica refer\u00eancia na \u00e1rea de infraestrutura no Brasil!","publisher":{"@id":"https:\/\/agenciainfra.com\/blog\/#organization"},"potentialAction":[{"@type":"SearchAction","target":{"@type":"EntryPoint","urlTemplate":"https:\/\/agenciainfra.com\/blog\/?s={search_term_string}"},"query-input":{"@type":"PropertyValueSpecification","valueRequired":true,"valueName":"search_term_string"}}],"inLanguage":"pt-BR"},{"@type":"Organization","@id":"https:\/\/agenciainfra.com\/blog\/#organization","name":"Ag\u00eancia iNFRA","url":"https:\/\/agenciainfra.com\/blog\/","logo":{"@type":"ImageObject","inLanguage":"pt-BR","@id":"https:\/\/agenciainfra.com\/blog\/#\/schema\/logo\/image\/","url":"https:\/\/agenciainfra.com\/blog\/wp-content\/uploads\/2023\/09\/iNFRA_5-e1761735885940.png","contentUrl":"https:\/\/agenciainfra.com\/blog\/wp-content\/uploads\/2023\/09\/iNFRA_5-e1761735885940.png","width":1672,"height":454,"caption":"Ag\u00eancia iNFRA"},"image":{"@id":"https:\/\/agenciainfra.com\/blog\/#\/schema\/logo\/image\/"},"sameAs":["https:\/\/www.facebook.com\/ageninfra","https:\/\/x.com\/agencia_infra","https:\/\/www.linkedin.com\/company\/ag\u00eanciainfra\/","https:\/\/www.instagram.com\/agenciainfra\/"]},{"@type":"Person","@id":"https:\/\/agenciainfra.com\/blog\/#\/schema\/person\/34af08dff6adea4cb22b06612ba7acfa","name":"Ag\u00eancia iNFRA","image":{"@type":"ImageObject","inLanguage":"pt-BR","@id":"https:\/\/agenciainfra.com\/blog\/#\/schema\/person\/image\/","url":"https:\/\/secure.gravatar.com\/avatar\/d189e01678f06d8eb84d4e01f08eb848b3fffe3f8443818d3c356c66892f5be8?s=96&d=mm&r=g","contentUrl":"https:\/\/secure.gravatar.com\/avatar\/d189e01678f06d8eb84d4e01f08eb848b3fffe3f8443818d3c356c66892f5be8?s=96&d=mm&r=g","caption":"Ag\u00eancia iNFRA"},"url":"https:\/\/agenciainfra.com\/blog\/author\/admin\/"}]}},"_links":{"self":[{"href":"https:\/\/agenciainfra.com\/blog\/wp-json\/wp\/v2\/posts\/40130","targetHints":{"allow":["GET"]}}],"collection":[{"href":"https:\/\/agenciainfra.com\/blog\/wp-json\/wp\/v2\/posts"}],"about":[{"href":"https:\/\/agenciainfra.com\/blog\/wp-json\/wp\/v2\/types\/post"}],"author":[{"embeddable":true,"href":"https:\/\/agenciainfra.com\/blog\/wp-json\/wp\/v2\/users\/1"}],"replies":[{"embeddable":true,"href":"https:\/\/agenciainfra.com\/blog\/wp-json\/wp\/v2\/comments?post=40130"}],"version-history":[{"count":3,"href":"https:\/\/agenciainfra.com\/blog\/wp-json\/wp\/v2\/posts\/40130\/revisions"}],"predecessor-version":[{"id":40141,"href":"https:\/\/agenciainfra.com\/blog\/wp-json\/wp\/v2\/posts\/40130\/revisions\/40141"}],"wp:featuredmedia":[{"embeddable":true,"href":"https:\/\/agenciainfra.com\/blog\/wp-json\/wp\/v2\/media\/40133"}],"wp:attachment":[{"href":"https:\/\/agenciainfra.com\/blog\/wp-json\/wp\/v2\/media?parent=40130"}],"wp:term":[{"taxonomy":"category","embeddable":true,"href":"https:\/\/agenciainfra.com\/blog\/wp-json\/wp\/v2\/categories?post=40130"},{"taxonomy":"post_tag","embeddable":true,"href":"https:\/\/agenciainfra.com\/blog\/wp-json\/wp\/v2\/tags?post=40130"}],"curies":[{"name":"wp","href":"https:\/\/api.w.org\/{rel}","templated":true}]}}