{"id":40136,"date":"2026-04-28T08:00:00","date_gmt":"2026-04-28T11:00:00","guid":{"rendered":"https:\/\/agenciainfra.com\/blog\/?p=40136"},"modified":"2026-04-28T08:00:07","modified_gmt":"2026-04-28T11:00:07","slug":"free-flow-suspensao-de-cobranca-de-multas-vai-valer-por-200-dias","status":"publish","type":"post","link":"https:\/\/agenciainfra.com\/blog\/free-flow-suspensao-de-cobranca-de-multas-vai-valer-por-200-dias\/","title":{"rendered":"Free Flow: Suspens\u00e3o de cobran\u00e7a de multas vai valer por 200 dias"},"content":{"rendered":"\n<p class=\"has-text-align-right\"><strong>Amanda Pupo, da Ag\u00eancia iNFRA<\/strong><\/p>\n\n\n\n<figure class=\"wp-block-image aligncenter size-full is-resized\"><a href=\"https:\/\/agenciainfra.com\/blog\/assine-nossos-servicos\/\"><img fetchpriority=\"high\" decoding=\"async\" width=\"966\" height=\"117\" src=\"https:\/\/agenciainfra.com\/blog\/wp-content\/uploads\/2026\/01\/selo-assinantes-1.png\" alt=\"\" class=\"wp-image-35239\" style=\"width:400px\" srcset=\"https:\/\/agenciainfra.com\/blog\/wp-content\/uploads\/2026\/01\/selo-assinantes-1.png 966w, https:\/\/agenciainfra.com\/blog\/wp-content\/uploads\/2026\/01\/selo-assinantes-1-300x36.png 300w, https:\/\/agenciainfra.com\/blog\/wp-content\/uploads\/2026\/01\/selo-assinantes-1-768x93.png 768w\" sizes=\"(max-width: 966px) 100vw, 966px\" \/><\/a><\/figure>\n\n\n\n<p>O governo deve estabelecer um prazo de 200 dias em que ficar\u00e1 suspensa a cobran\u00e7a de multas aplicadas a quem n\u00e3o pagar ped\u00e1gio em rodovias que funcionam com o free flow. A penalidade, de R$ 195,23, volta a valer depois desse per\u00edodo se o motorista n\u00e3o quitar suas d\u00edvidas. O al\u00edvio \u00e9 tempor\u00e1rio para\u00a0quem n\u00e3o pagar o ped\u00e1gio conforme as regras \u2013 em at\u00e9 30 dias da passagem pelo p\u00f3rtico. A suspens\u00e3o se estende a quem j\u00e1 foi multado dentro da modalidade.\u00a0<br><br>Se o pagamento do ped\u00e1gio ocorrer dentro dos 200 dias, a san\u00e7\u00e3o financeira deixar\u00e1 de existir, assim como eventuais pontos na carteira que tenham sido registrados. Quem j\u00e1 pagou o valor e comprovar que n\u00e3o est\u00e1 mais inadimplente com o ped\u00e1gio poder\u00e1 pedir o ressarcimento da multa e o cancelamento dos pontos.\u00a0<br><br>Segundo apurou a\u00a0<strong>Ag\u00eancia iNFRA<\/strong>, o prazo ter\u00e1 duas partes. A partir da publica\u00e7\u00e3o da nova resolu\u00e7\u00e3o do Contran (Conselho Nacional de Tr\u00e2nsito), ser\u00e3o 100 dias para as concession\u00e1rias ajustarem seus sistemas e conclu\u00edrem a integra\u00e7\u00e3o para que os dados de cobran\u00e7a estejam dispon\u00edveis na carteira digital de tr\u00e2nsito. Ent\u00e3o, ser\u00e3o 100 dias subsequentes para adapta\u00e7\u00e3o pelos usu\u00e1rios.\u00a0<br><br>A multa s\u00f3 ser\u00e1 efetivamente cobrada se ao fim do per\u00edodo \u2013 que deve ocorrer em meados de novembro \u2013 o motorista n\u00e3o tiver quitado o d\u00e9bito do ped\u00e1gio. Se ele pagar, ficar\u00e1 livre da multa, mesmo que o acerto tenha sido feito ap\u00f3s os 30 dias do registro da cobran\u00e7a previstos em norma. Depois desse per\u00edodo de transi\u00e7\u00e3o, voltar\u00e3o a valer as regras tradicionais, ou seja, multa e pontua\u00e7\u00e3o na carteira se o ped\u00e1gio n\u00e3o for pago em 30 dias.\u00a0<br><br><strong>Discuss\u00e3o longa\u00a0<\/strong><br>O an\u00fancio do per\u00edodo para acerto de contas com o free flow\u00a0est\u00e1 previsto para acontecer nesta ter\u00e7a-feira (28)  pelo ministro dos Transportes, George Santoro, que preside o Contran. O governo vem discutindo desde o ano passado a suspens\u00e3o das multas do free flow. Pelo menos tr\u00eas milh\u00f5es de multas j\u00e1 foram emitidas para quem n\u00e3o pagou o ped\u00e1gio nesse sistema ou pagou fora do prazo previsto.<br><br>A medida \u00e9 cobrada pelo Congresso sob a justificativa de que, sem a integra\u00e7\u00e3o dos dados na carteira de tr\u00e2nsito e sendo a tecnologia nova para o usu\u00e1rio, a penalidade ao motorista seria desproporcional. A san\u00e7\u00e3o por n\u00e3o pagar o ped\u00e1gio, uma multa de R$ 193, funciona como um enforcement para o pagamento da tarifa. H\u00e1 o temor no mercado de que um afrouxamento de regras crie desincentivos para a adimpl\u00eancia, comprometendo o pagamento dos compromissos financeiros das concession\u00e1rias.<br><br>Integrantes do governo, por sua vez, argumentam que a inadimpl\u00eancia est\u00e1 baixa, em torno de 4%, e que a maioria dos usu\u00e1rios usa as tags, que geram o pagamento autom\u00e1tico. Tamb\u00e9m avaliam que a resolu\u00e7\u00e3o ter\u00e1 um car\u00e1ter educativo e de refor\u00e7o\u00a0da comunica\u00e7\u00e3o com o usu\u00e1rio sobre como funciona o free flow e a obrigatoriedade do pagamento, o que \u00e9 avaliado como uma comunica\u00e7\u00e3o mal feita pelas empresas no in\u00edcio do processo.\u00a0Ainda afirmam que o per\u00edodo de transi\u00e7\u00e3o foi elaborado para afastar propostas legislativas consideradas nocivas para o modelo do ped\u00e1gio sem cancelas.\u00a0<br><br><strong>Tema eleitoral\u00a0<\/strong><br>A cobran\u00e7a do free flow se tornou um tema delicado eleitoralmente para os governos. Os usu\u00e1rios que n\u00e3o t\u00eam cobran\u00e7a autom\u00e1tica\u00a0reclamam de erros e de n\u00e3o saber\u00a0da cobran\u00e7a, pela inexist\u00eancia de pra\u00e7as f\u00edsicas, situa\u00e7\u00e3o que inflamou a insatisfa\u00e7\u00e3o com o pagamento de ped\u00e1gio e atraiu parte da classe pol\u00edtica nas cr\u00edticas ao formato \u2013 adotado\u00a0pelo governo federal e os estados de\u00a0S\u00e3o Paulo, Rio Grande do Sul e Minas Gerais.\u00a0<br>\u00a0<br>As amea\u00e7as ao formato, contudo, assustam o mercado, porque o \u00eaxito das novas concess\u00f5es rodovi\u00e1rias depende\u00a0do sucesso do free flow. Quando estiver funcionando de maneira plena, o ped\u00e1gio sem cancelas estar\u00e1 presente em maior n\u00famero nas rodovias na compara\u00e7\u00e3o com as pra\u00e7as f\u00edsicas, o que aumenta a base de pagantes e dilui o pre\u00e7o da tarifa. Sem essa sistem\u00e1tica, o valor total pagos pelos usu\u00e1rios para transitar nas estradas\u00a0pode se tornar um problema \u00e0 frente para os projetos, j\u00e1 que eles podem ser muito elevados.\u00a0<br><br>Os ru\u00eddos sobre o sistema ainda afetam as concess\u00f5es nos estados. Em S\u00e3o Paulo, houve novo adiamento de parcela das cobran\u00e7as de free flow para in\u00edcio de 2027 no projeto da Rota Sorocabana \u2013 embora l\u00e1 a ag\u00eancia reguladora j\u00e1 tenha criado o Siga F\u00e1cil, site que centraliza as informa\u00e7\u00f5es de ped\u00e1gio\u00a0free flow do estado. \u00a0<br><br><strong>Car\u00e1ter nacional<\/strong><br>Como o Contran \u00e9 o \u00f3rg\u00e3o do Sistema Nacional de Tr\u00e2nsito, a resolu\u00e7\u00e3o que ser\u00e1 publicada tamb\u00e9m dever\u00e1 ser seguida\u00a0pelos entes subnacionais. O Minist\u00e9rio dos Transportes chegou a divulgar duas datas anteriores para soltar a delibera\u00e7\u00e3o do Contran: primeiro em 8 de abril, agenda que foi remarcada para 14 de abril, mas cancelada posteriormente.\u00a0<br><br>Segundo apurou a\u00a0<strong>Ag\u00eancia iNFRA<\/strong>, entre as causas do vai-e-vem estaria a complexidade de ajustar a tecnologia para efetuar a suspens\u00e3o das multas e a necessidade de articular a resolu\u00e7\u00e3o com todos os atores que ser\u00e3o impactados \u2013 incluindo as concession\u00e1rias\u00a0e os estados, j\u00e1 que nos projetos subnacionais o recolhimento da multa \u00e9 feito localmente, sendo que em alguns casos a destina\u00e7\u00e3o final dos recursos pode ser a\u00a0pr\u00f3pria concess\u00e3o.<br><br>O cronograma, que chegou a prever o in\u00edcio do sistema de integra\u00e7\u00e3o em dezembro do ano passado,\u00a0tamb\u00e9m teria sido impactado pela discuss\u00e3o dos prazos e a preocupa\u00e7\u00e3o de que o per\u00edodo de suspens\u00e3o das multas n\u00e3o acabasse pr\u00f3ximo das elei\u00e7\u00f5es, assunto que envolveu a Casa Civil. Integrantes do governo dizem que a defini\u00e7\u00e3o do per\u00edodo est\u00e1 relacionada ao tempo necess\u00e1rio para adapta\u00e7\u00e3o da tecnologia e efetua\u00e7\u00e3o de todos os tr\u00e2mites relacionados \u00e0 resolu\u00e7\u00e3o, como o ressarcimento das multas.\u00a0<br><br><strong>Ressarcimento<\/strong><br>A arrecada\u00e7\u00e3o federal de multas nos ped\u00e1gios free flow, que se concentra principalmente na experi\u00eancia da concess\u00e3o da Motiva\u00a0na BR-101\/Rio-Santos, iniciada em 2023, somou cerca de R$ 93 milh\u00f5es. Os motoristas que pagaram suas multas\u00a0e comprovarem que est\u00e3o adimplentes com o ped\u00e1gio poder\u00e3o pedir o ressarcimento. O Minist\u00e9rio dos Transportes garantiu o repasse desse montante \u00e0 ANTT (Ag\u00eancia Nacional de Transportes Terrestres). Incluindo concess\u00f5es estaduais, s\u00e3o mais de tr\u00eas\u00a0milh\u00f5es de multas aplicadas no Brasil.\u00a0<br><br>Por medo da inadimpl\u00eancia, inicialmente as operadoras de rodovias queriam que o prazo para pagamento do ped\u00e1gio free flow fosse de 15 dias \u2013 per\u00edodo que chegou a vigorar, mas depois foi ampliado para 30 dias.\u00a0Mesmo com a extens\u00e3o, o aumento de projetos que usam o free flow, seja em \u00e2mbito federal ou estadual, e a consequente aplica\u00e7\u00e3o das multas chamou aten\u00e7\u00e3o da classe pol\u00edtica, que passou a pressionar pelo perd\u00e3o dessas penalidades enquanto n\u00e3o houver meio centralizado de o usu\u00e1rio verificar as cobran\u00e7as.\u00a0<br><br>A principal dificuldade alegada pelas empresas \u00e9 que elas n\u00e3o tinham um meio oficial adequado aos prazos de pagamento para avisar aos motoristas sem TAG que eles devem o\u00a0ped\u00e1gio. Elas n\u00e3o tinham acesso autom\u00e1tico aos dados das placas dos ve\u00edculos, que \u00e9 a forma como o free flow gera a cobran\u00e7a, por quest\u00e3o de prote\u00e7\u00e3o de dados. Parte dos motoristas\u00a0alegaram que s\u00f3 souberam que tinham que pagar pela passagem na via\u00a0quando foram notificados da multa aplicada pelo n\u00e3o pagamento nos prazos de 15 a 30 dias, o que caracteriza a infra\u00e7\u00e3o de evas\u00e3o de ped\u00e1gio (artigo 209-A do C\u00f3digo Brasileiro de Tr\u00e2nsito).<br><br>Por isso, foi elaborado o sistema em que as concession\u00e1rias de rodovias\u00a0passam os dados de quem passou pelo free flow a um sistema pr\u00f3prio que poder\u00e1 ser usada por todas\u00a0e o valor a pagar vai aparecer num aplicativo oficial, que \u00e9 a CDT (Carteira Digital de Tr\u00e2nsito), evitando assim\u00a0o argumento de que n\u00e3o h\u00e1 uma comunica\u00e7\u00e3o oficial aos usu\u00e1rios.\u00a0<br><br>O projeto que mais avan\u00e7ou no Congresso foi o\u00a0<a href=\"https:\/\/agenciainfra.us14.list-manage.com\/track\/click?u=d460dd1bcf9ba0ae040e1fc0f&amp;id=d9ce463fb6&amp;e=55b7a27fc9\" target=\"_blank\" rel=\"noreferrer noopener\">PL (Projeto de Lei) 4.643\/2020<\/a>, que, entre outros pontos, suspende por doze meses as multas aplicadas em rodovias que operam com o sistema free flow. A C\u00e2mara dos Deputados chegou a aprovar a proposta no fim de 2024, mas, com a promessa da resolu\u00e7\u00e3o do Contran para o pagamento na CDT, o governo conseguiu segurar at\u00e9 agora o avan\u00e7o da mat\u00e9ria no Senado.\u00a0<br><br><strong>Conta nas concess\u00f5es<\/strong><br>Em S\u00e3o Paulo e no Rio Grande do Sul, o ressarcimento das multas j\u00e1 pagas pode demandar uma sistem\u00e1tica mais complexa, que preocupa parte das concession\u00e1rias. Isso porque os projetos estaduais previram o uso dos recursos das multas para ressarcir a operadora pelo inadimplemento da tarifa de ped\u00e1gio.\u00a0<br><br>Em S\u00e3o Paulo, por exemplo, as multas s\u00e3o arrecadadas em contas que s\u00e3o usadas para futura recomposi\u00e7\u00e3o da perda de receita nos casos de evas\u00e3o ou inadimpl\u00eancia. Essas contas s\u00e3o administradas pela CPP (Companhia Paulista de Parcerias), a partir de um conv\u00eanio com o DER-SP (Departamento de Estradas de Rodagem do Estado de S\u00e3o Paulo), que recolhe os valores.<\/p>\n","protected":false},"excerpt":{"rendered":"<p>Amanda Pupo, da Ag\u00eancia iNFRA O governo deve estabelecer um prazo de 200 dias em que ficar\u00e1 suspensa a cobran\u00e7a de multas aplicadas a quem n\u00e3o pagar ped\u00e1gio em rodovias que funcionam com o free flow. A penalidade, de R$ 195,23, volta a valer depois desse per\u00edodo se o motorista n\u00e3o quitar suas d\u00edvidas. O [&hellip;]<\/p>\n","protected":false},"author":1,"featured_media":8190,"comment_status":"closed","ping_status":"closed","sticky":false,"template":"","format":"standard","meta":{"_monsterinsights_skip_tracking":false,"_monsterinsights_sitenote_active":false,"_monsterinsights_sitenote_note":"","_monsterinsights_sitenote_category":0,"footnotes":""},"categories":[7249],"tags":[11981,1581,1106,1843,20,126,19150,1842],"class_list":["post-40136","post","type-post","status-publish","format-standard","has-post-thumbnail","hentry","category-destaque","tag-cobranca-de-pedagio","tag-contran","tag-free-flow","tag-multas","tag-pedagio","tag-rodovias","tag-suspensao-de-multas","tag-transito"],"yoast_head":"<!-- This site is optimized with the Yoast SEO Premium plugin v25.4 (Yoast SEO v26.0) - https:\/\/yoast.com\/wordpress\/plugins\/seo\/ -->\n<title>Free Flow: Suspens\u00e3o de cobran\u00e7a de multas vai valer por 200 dias - Ag\u00eancia iNFRA<\/title>\n<meta name=\"robots\" content=\"index, follow, max-snippet:-1, max-image-preview:large, max-video-preview:-1\" \/>\n<link rel=\"canonical\" href=\"https:\/\/agenciainfra.com\/blog\/free-flow-suspensao-de-cobranca-de-multas-vai-valer-por-200-dias\/\" \/>\n<meta property=\"og:locale\" content=\"pt_BR\" \/>\n<meta property=\"og:type\" content=\"article\" \/>\n<meta property=\"og:title\" content=\"Free Flow: Suspens\u00e3o de cobran\u00e7a de multas vai valer por 200 dias\" \/>\n<meta property=\"og:description\" content=\"Amanda Pupo, da Ag\u00eancia iNFRA O governo deve estabelecer um prazo de 200 dias em que ficar\u00e1 suspensa a cobran\u00e7a de multas aplicadas a quem n\u00e3o pagar ped\u00e1gio em rodovias que funcionam com o free flow. A penalidade, de R$ 195,23, volta a valer depois desse per\u00edodo se o motorista n\u00e3o quitar suas d\u00edvidas. O [&hellip;]\" \/>\n<meta property=\"og:url\" content=\"https:\/\/agenciainfra.com\/blog\/free-flow-suspensao-de-cobranca-de-multas-vai-valer-por-200-dias\/\" \/>\n<meta property=\"og:site_name\" content=\"Ag\u00eancia iNFRA\" \/>\n<meta property=\"article:publisher\" content=\"https:\/\/www.facebook.com\/ageninfra\" \/>\n<meta property=\"article:published_time\" content=\"2026-04-28T11:00:00+00:00\" \/>\n<meta property=\"article:modified_time\" content=\"2026-04-28T11:00:07+00:00\" \/>\n<meta property=\"og:image\" content=\"https:\/\/agenciainfra.com\/blog\/wp-content\/uploads\/2021\/08\/free-flow-foto-rota-das-bandeiras.jpeg\" \/>\n\t<meta property=\"og:image:width\" content=\"1280\" \/>\n\t<meta property=\"og:image:height\" content=\"851\" \/>\n\t<meta property=\"og:image:type\" content=\"image\/jpeg\" \/>\n<meta name=\"author\" content=\"Ag\u00eancia iNFRA\" \/>\n<meta name=\"twitter:card\" content=\"summary_large_image\" \/>\n<meta name=\"twitter:creator\" content=\"@agencia_infra\" \/>\n<meta name=\"twitter:site\" content=\"@agencia_infra\" \/>\n<meta name=\"twitter:label1\" content=\"Escrito por\" \/>\n\t<meta name=\"twitter:data1\" content=\"Ag\u00eancia iNFRA\" \/>\n\t<meta name=\"twitter:label2\" content=\"Est. tempo de leitura\" \/>\n\t<meta name=\"twitter:data2\" content=\"8 minutos\" \/>\n<script type=\"application\/ld+json\" class=\"yoast-schema-graph\">{\"@context\":\"https:\/\/schema.org\",\"@graph\":[{\"@type\":\"Article\",\"@id\":\"https:\/\/agenciainfra.com\/blog\/free-flow-suspensao-de-cobranca-de-multas-vai-valer-por-200-dias\/#article\",\"isPartOf\":{\"@id\":\"https:\/\/agenciainfra.com\/blog\/free-flow-suspensao-de-cobranca-de-multas-vai-valer-por-200-dias\/\"},\"author\":{\"name\":\"Ag\u00eancia iNFRA\",\"@id\":\"https:\/\/agenciainfra.com\/blog\/#\/schema\/person\/34af08dff6adea4cb22b06612ba7acfa\"},\"headline\":\"Free Flow: Suspens\u00e3o de cobran\u00e7a de multas vai valer por 200 dias\",\"datePublished\":\"2026-04-28T11:00:00+00:00\",\"dateModified\":\"2026-04-28T11:00:07+00:00\",\"mainEntityOfPage\":{\"@id\":\"https:\/\/agenciainfra.com\/blog\/free-flow-suspensao-de-cobranca-de-multas-vai-valer-por-200-dias\/\"},\"wordCount\":1641,\"publisher\":{\"@id\":\"https:\/\/agenciainfra.com\/blog\/#organization\"},\"image\":{\"@id\":\"https:\/\/agenciainfra.com\/blog\/free-flow-suspensao-de-cobranca-de-multas-vai-valer-por-200-dias\/#primaryimage\"},\"thumbnailUrl\":\"https:\/\/agenciainfra.com\/blog\/wp-content\/uploads\/2021\/08\/free-flow-foto-rota-das-bandeiras.jpeg\",\"keywords\":[\"cobran\u00e7a de ped\u00e1gio\",\"Contran\",\"free flow\",\"multas\",\"Ped\u00e1gio\",\"rodovias\",\"suspens\u00e3o de multas\",\"tr\u00e2nsito\"],\"articleSection\":[\"Destaque\"],\"inLanguage\":\"pt-BR\",\"copyrightYear\":\"2026\",\"copyrightHolder\":{\"@id\":\"https:\/\/agenciainfra.com\/blog\/#organization\"}},{\"@type\":\"WebPage\",\"@id\":\"https:\/\/agenciainfra.com\/blog\/free-flow-suspensao-de-cobranca-de-multas-vai-valer-por-200-dias\/\",\"url\":\"https:\/\/agenciainfra.com\/blog\/free-flow-suspensao-de-cobranca-de-multas-vai-valer-por-200-dias\/\",\"name\":\"Free Flow: Suspens\u00e3o de cobran\u00e7a de multas vai valer por 200 dias - Ag\u00eancia iNFRA\",\"isPartOf\":{\"@id\":\"https:\/\/agenciainfra.com\/blog\/#website\"},\"primaryImageOfPage\":{\"@id\":\"https:\/\/agenciainfra.com\/blog\/free-flow-suspensao-de-cobranca-de-multas-vai-valer-por-200-dias\/#primaryimage\"},\"image\":{\"@id\":\"https:\/\/agenciainfra.com\/blog\/free-flow-suspensao-de-cobranca-de-multas-vai-valer-por-200-dias\/#primaryimage\"},\"thumbnailUrl\":\"https:\/\/agenciainfra.com\/blog\/wp-content\/uploads\/2021\/08\/free-flow-foto-rota-das-bandeiras.jpeg\",\"datePublished\":\"2026-04-28T11:00:00+00:00\",\"dateModified\":\"2026-04-28T11:00:07+00:00\",\"breadcrumb\":{\"@id\":\"https:\/\/agenciainfra.com\/blog\/free-flow-suspensao-de-cobranca-de-multas-vai-valer-por-200-dias\/#breadcrumb\"},\"inLanguage\":\"pt-BR\",\"potentialAction\":[{\"@type\":\"ReadAction\",\"target\":[\"https:\/\/agenciainfra.com\/blog\/free-flow-suspensao-de-cobranca-de-multas-vai-valer-por-200-dias\/\"]}]},{\"@type\":\"ImageObject\",\"inLanguage\":\"pt-BR\",\"@id\":\"https:\/\/agenciainfra.com\/blog\/free-flow-suspensao-de-cobranca-de-multas-vai-valer-por-200-dias\/#primaryimage\",\"url\":\"https:\/\/agenciainfra.com\/blog\/wp-content\/uploads\/2021\/08\/free-flow-foto-rota-das-bandeiras.jpeg\",\"contentUrl\":\"https:\/\/agenciainfra.com\/blog\/wp-content\/uploads\/2021\/08\/free-flow-foto-rota-das-bandeiras.jpeg\",\"width\":1280,\"height\":851,\"caption\":\"Foto: Rota das Bandeiras\"},{\"@type\":\"BreadcrumbList\",\"@id\":\"https:\/\/agenciainfra.com\/blog\/free-flow-suspensao-de-cobranca-de-multas-vai-valer-por-200-dias\/#breadcrumb\",\"itemListElement\":[{\"@type\":\"ListItem\",\"position\":1,\"name\":\"In\u00edcio\",\"item\":\"https:\/\/agenciainfra.com\/blog\/\"},{\"@type\":\"ListItem\",\"position\":2,\"name\":\"Free Flow: Suspens\u00e3o de cobran\u00e7a de multas vai valer por 200 dias\"}]},{\"@type\":\"WebSite\",\"@id\":\"https:\/\/agenciainfra.com\/blog\/#website\",\"url\":\"https:\/\/agenciainfra.com\/blog\/\",\"name\":\"Ag\u00eancia iNFRA\",\"description\":\"Multiplataforma de informa\u00e7\u00e3o jornal\u00edstica refer\u00eancia na \u00e1rea de infraestrutura no Brasil!\",\"publisher\":{\"@id\":\"https:\/\/agenciainfra.com\/blog\/#organization\"},\"potentialAction\":[{\"@type\":\"SearchAction\",\"target\":{\"@type\":\"EntryPoint\",\"urlTemplate\":\"https:\/\/agenciainfra.com\/blog\/?s={search_term_string}\"},\"query-input\":{\"@type\":\"PropertyValueSpecification\",\"valueRequired\":true,\"valueName\":\"search_term_string\"}}],\"inLanguage\":\"pt-BR\"},{\"@type\":\"Organization\",\"@id\":\"https:\/\/agenciainfra.com\/blog\/#organization\",\"name\":\"Ag\u00eancia iNFRA\",\"url\":\"https:\/\/agenciainfra.com\/blog\/\",\"logo\":{\"@type\":\"ImageObject\",\"inLanguage\":\"pt-BR\",\"@id\":\"https:\/\/agenciainfra.com\/blog\/#\/schema\/logo\/image\/\",\"url\":\"https:\/\/agenciainfra.com\/blog\/wp-content\/uploads\/2023\/09\/iNFRA_5-e1761735885940.png\",\"contentUrl\":\"https:\/\/agenciainfra.com\/blog\/wp-content\/uploads\/2023\/09\/iNFRA_5-e1761735885940.png\",\"width\":1672,\"height\":454,\"caption\":\"Ag\u00eancia iNFRA\"},\"image\":{\"@id\":\"https:\/\/agenciainfra.com\/blog\/#\/schema\/logo\/image\/\"},\"sameAs\":[\"https:\/\/www.facebook.com\/ageninfra\",\"https:\/\/x.com\/agencia_infra\",\"https:\/\/www.linkedin.com\/company\/ag\u00eanciainfra\/\",\"https:\/\/www.instagram.com\/agenciainfra\/\"]},{\"@type\":\"Person\",\"@id\":\"https:\/\/agenciainfra.com\/blog\/#\/schema\/person\/34af08dff6adea4cb22b06612ba7acfa\",\"name\":\"Ag\u00eancia iNFRA\",\"image\":{\"@type\":\"ImageObject\",\"inLanguage\":\"pt-BR\",\"@id\":\"https:\/\/agenciainfra.com\/blog\/#\/schema\/person\/image\/\",\"url\":\"https:\/\/secure.gravatar.com\/avatar\/d189e01678f06d8eb84d4e01f08eb848b3fffe3f8443818d3c356c66892f5be8?s=96&d=mm&r=g\",\"contentUrl\":\"https:\/\/secure.gravatar.com\/avatar\/d189e01678f06d8eb84d4e01f08eb848b3fffe3f8443818d3c356c66892f5be8?s=96&d=mm&r=g\",\"caption\":\"Ag\u00eancia iNFRA\"},\"url\":\"https:\/\/agenciainfra.com\/blog\/author\/admin\/\"}]}<\/script>\n<!-- \/ Yoast SEO Premium plugin. -->","yoast_head_json":{"title":"Free Flow: Suspens\u00e3o de cobran\u00e7a de multas vai valer por 200 dias - Ag\u00eancia iNFRA","robots":{"index":"index","follow":"follow","max-snippet":"max-snippet:-1","max-image-preview":"max-image-preview:large","max-video-preview":"max-video-preview:-1"},"canonical":"https:\/\/agenciainfra.com\/blog\/free-flow-suspensao-de-cobranca-de-multas-vai-valer-por-200-dias\/","og_locale":"pt_BR","og_type":"article","og_title":"Free Flow: Suspens\u00e3o de cobran\u00e7a de multas vai valer por 200 dias","og_description":"Amanda Pupo, da Ag\u00eancia iNFRA O governo deve estabelecer um prazo de 200 dias em que ficar\u00e1 suspensa a cobran\u00e7a de multas aplicadas a quem n\u00e3o pagar ped\u00e1gio em rodovias que funcionam com o free flow. A penalidade, de R$ 195,23, volta a valer depois desse per\u00edodo se o motorista n\u00e3o quitar suas d\u00edvidas. O [&hellip;]","og_url":"https:\/\/agenciainfra.com\/blog\/free-flow-suspensao-de-cobranca-de-multas-vai-valer-por-200-dias\/","og_site_name":"Ag\u00eancia iNFRA","article_publisher":"https:\/\/www.facebook.com\/ageninfra","article_published_time":"2026-04-28T11:00:00+00:00","article_modified_time":"2026-04-28T11:00:07+00:00","og_image":[{"width":1280,"height":851,"url":"https:\/\/agenciainfra.com\/blog\/wp-content\/uploads\/2021\/08\/free-flow-foto-rota-das-bandeiras.jpeg","type":"image\/jpeg"}],"author":"Ag\u00eancia iNFRA","twitter_card":"summary_large_image","twitter_creator":"@agencia_infra","twitter_site":"@agencia_infra","twitter_misc":{"Escrito por":"Ag\u00eancia iNFRA","Est. tempo de leitura":"8 minutos"},"schema":{"@context":"https:\/\/schema.org","@graph":[{"@type":"Article","@id":"https:\/\/agenciainfra.com\/blog\/free-flow-suspensao-de-cobranca-de-multas-vai-valer-por-200-dias\/#article","isPartOf":{"@id":"https:\/\/agenciainfra.com\/blog\/free-flow-suspensao-de-cobranca-de-multas-vai-valer-por-200-dias\/"},"author":{"name":"Ag\u00eancia iNFRA","@id":"https:\/\/agenciainfra.com\/blog\/#\/schema\/person\/34af08dff6adea4cb22b06612ba7acfa"},"headline":"Free Flow: Suspens\u00e3o de cobran\u00e7a de multas vai valer por 200 dias","datePublished":"2026-04-28T11:00:00+00:00","dateModified":"2026-04-28T11:00:07+00:00","mainEntityOfPage":{"@id":"https:\/\/agenciainfra.com\/blog\/free-flow-suspensao-de-cobranca-de-multas-vai-valer-por-200-dias\/"},"wordCount":1641,"publisher":{"@id":"https:\/\/agenciainfra.com\/blog\/#organization"},"image":{"@id":"https:\/\/agenciainfra.com\/blog\/free-flow-suspensao-de-cobranca-de-multas-vai-valer-por-200-dias\/#primaryimage"},"thumbnailUrl":"https:\/\/agenciainfra.com\/blog\/wp-content\/uploads\/2021\/08\/free-flow-foto-rota-das-bandeiras.jpeg","keywords":["cobran\u00e7a de ped\u00e1gio","Contran","free flow","multas","Ped\u00e1gio","rodovias","suspens\u00e3o de multas","tr\u00e2nsito"],"articleSection":["Destaque"],"inLanguage":"pt-BR","copyrightYear":"2026","copyrightHolder":{"@id":"https:\/\/agenciainfra.com\/blog\/#organization"}},{"@type":"WebPage","@id":"https:\/\/agenciainfra.com\/blog\/free-flow-suspensao-de-cobranca-de-multas-vai-valer-por-200-dias\/","url":"https:\/\/agenciainfra.com\/blog\/free-flow-suspensao-de-cobranca-de-multas-vai-valer-por-200-dias\/","name":"Free Flow: Suspens\u00e3o de cobran\u00e7a de multas vai valer por 200 dias - Ag\u00eancia iNFRA","isPartOf":{"@id":"https:\/\/agenciainfra.com\/blog\/#website"},"primaryImageOfPage":{"@id":"https:\/\/agenciainfra.com\/blog\/free-flow-suspensao-de-cobranca-de-multas-vai-valer-por-200-dias\/#primaryimage"},"image":{"@id":"https:\/\/agenciainfra.com\/blog\/free-flow-suspensao-de-cobranca-de-multas-vai-valer-por-200-dias\/#primaryimage"},"thumbnailUrl":"https:\/\/agenciainfra.com\/blog\/wp-content\/uploads\/2021\/08\/free-flow-foto-rota-das-bandeiras.jpeg","datePublished":"2026-04-28T11:00:00+00:00","dateModified":"2026-04-28T11:00:07+00:00","breadcrumb":{"@id":"https:\/\/agenciainfra.com\/blog\/free-flow-suspensao-de-cobranca-de-multas-vai-valer-por-200-dias\/#breadcrumb"},"inLanguage":"pt-BR","potentialAction":[{"@type":"ReadAction","target":["https:\/\/agenciainfra.com\/blog\/free-flow-suspensao-de-cobranca-de-multas-vai-valer-por-200-dias\/"]}]},{"@type":"ImageObject","inLanguage":"pt-BR","@id":"https:\/\/agenciainfra.com\/blog\/free-flow-suspensao-de-cobranca-de-multas-vai-valer-por-200-dias\/#primaryimage","url":"https:\/\/agenciainfra.com\/blog\/wp-content\/uploads\/2021\/08\/free-flow-foto-rota-das-bandeiras.jpeg","contentUrl":"https:\/\/agenciainfra.com\/blog\/wp-content\/uploads\/2021\/08\/free-flow-foto-rota-das-bandeiras.jpeg","width":1280,"height":851,"caption":"Foto: Rota das Bandeiras"},{"@type":"BreadcrumbList","@id":"https:\/\/agenciainfra.com\/blog\/free-flow-suspensao-de-cobranca-de-multas-vai-valer-por-200-dias\/#breadcrumb","itemListElement":[{"@type":"ListItem","position":1,"name":"In\u00edcio","item":"https:\/\/agenciainfra.com\/blog\/"},{"@type":"ListItem","position":2,"name":"Free Flow: Suspens\u00e3o de cobran\u00e7a de multas vai valer por 200 dias"}]},{"@type":"WebSite","@id":"https:\/\/agenciainfra.com\/blog\/#website","url":"https:\/\/agenciainfra.com\/blog\/","name":"Ag\u00eancia iNFRA","description":"Multiplataforma de informa\u00e7\u00e3o jornal\u00edstica refer\u00eancia na \u00e1rea de infraestrutura no Brasil!","publisher":{"@id":"https:\/\/agenciainfra.com\/blog\/#organization"},"potentialAction":[{"@type":"SearchAction","target":{"@type":"EntryPoint","urlTemplate":"https:\/\/agenciainfra.com\/blog\/?s={search_term_string}"},"query-input":{"@type":"PropertyValueSpecification","valueRequired":true,"valueName":"search_term_string"}}],"inLanguage":"pt-BR"},{"@type":"Organization","@id":"https:\/\/agenciainfra.com\/blog\/#organization","name":"Ag\u00eancia iNFRA","url":"https:\/\/agenciainfra.com\/blog\/","logo":{"@type":"ImageObject","inLanguage":"pt-BR","@id":"https:\/\/agenciainfra.com\/blog\/#\/schema\/logo\/image\/","url":"https:\/\/agenciainfra.com\/blog\/wp-content\/uploads\/2023\/09\/iNFRA_5-e1761735885940.png","contentUrl":"https:\/\/agenciainfra.com\/blog\/wp-content\/uploads\/2023\/09\/iNFRA_5-e1761735885940.png","width":1672,"height":454,"caption":"Ag\u00eancia iNFRA"},"image":{"@id":"https:\/\/agenciainfra.com\/blog\/#\/schema\/logo\/image\/"},"sameAs":["https:\/\/www.facebook.com\/ageninfra","https:\/\/x.com\/agencia_infra","https:\/\/www.linkedin.com\/company\/ag\u00eanciainfra\/","https:\/\/www.instagram.com\/agenciainfra\/"]},{"@type":"Person","@id":"https:\/\/agenciainfra.com\/blog\/#\/schema\/person\/34af08dff6adea4cb22b06612ba7acfa","name":"Ag\u00eancia iNFRA","image":{"@type":"ImageObject","inLanguage":"pt-BR","@id":"https:\/\/agenciainfra.com\/blog\/#\/schema\/person\/image\/","url":"https:\/\/secure.gravatar.com\/avatar\/d189e01678f06d8eb84d4e01f08eb848b3fffe3f8443818d3c356c66892f5be8?s=96&d=mm&r=g","contentUrl":"https:\/\/secure.gravatar.com\/avatar\/d189e01678f06d8eb84d4e01f08eb848b3fffe3f8443818d3c356c66892f5be8?s=96&d=mm&r=g","caption":"Ag\u00eancia iNFRA"},"url":"https:\/\/agenciainfra.com\/blog\/author\/admin\/"}]}},"_links":{"self":[{"href":"https:\/\/agenciainfra.com\/blog\/wp-json\/wp\/v2\/posts\/40136","targetHints":{"allow":["GET"]}}],"collection":[{"href":"https:\/\/agenciainfra.com\/blog\/wp-json\/wp\/v2\/posts"}],"about":[{"href":"https:\/\/agenciainfra.com\/blog\/wp-json\/wp\/v2\/types\/post"}],"author":[{"embeddable":true,"href":"https:\/\/agenciainfra.com\/blog\/wp-json\/wp\/v2\/users\/1"}],"replies":[{"embeddable":true,"href":"https:\/\/agenciainfra.com\/blog\/wp-json\/wp\/v2\/comments?post=40136"}],"version-history":[{"count":3,"href":"https:\/\/agenciainfra.com\/blog\/wp-json\/wp\/v2\/posts\/40136\/revisions"}],"predecessor-version":[{"id":40188,"href":"https:\/\/agenciainfra.com\/blog\/wp-json\/wp\/v2\/posts\/40136\/revisions\/40188"}],"wp:featuredmedia":[{"embeddable":true,"href":"https:\/\/agenciainfra.com\/blog\/wp-json\/wp\/v2\/media\/8190"}],"wp:attachment":[{"href":"https:\/\/agenciainfra.com\/blog\/wp-json\/wp\/v2\/media?parent=40136"}],"wp:term":[{"taxonomy":"category","embeddable":true,"href":"https:\/\/agenciainfra.com\/blog\/wp-json\/wp\/v2\/categories?post=40136"},{"taxonomy":"post_tag","embeddable":true,"href":"https:\/\/agenciainfra.com\/blog\/wp-json\/wp\/v2\/tags?post=40136"}],"curies":[{"name":"wp","href":"https:\/\/api.w.org\/{rel}","templated":true}]}}