{"id":40152,"date":"2026-04-27T16:19:18","date_gmt":"2026-04-27T19:19:18","guid":{"rendered":"https:\/\/agenciainfra.com\/blog\/?p=40152"},"modified":"2026-04-27T16:19:20","modified_gmt":"2026-04-27T19:19:20","slug":"entidades-alertam-para-crise-de-liquidez-no-mercado-livre-de-energia","status":"publish","type":"post","link":"https:\/\/agenciainfra.com\/blog\/entidades-alertam-para-crise-de-liquidez-no-mercado-livre-de-energia\/","title":{"rendered":"Entidades alertam para crise de liquidez no mercado livre de energia"},"content":{"rendered":"\n<p class=\"has-text-align-right\"><strong>da Ag\u00eancia iNFRA<\/strong><\/p>\n\n\n\n<p>Entidades do setor el\u00e9trico alertam para uma crise de liquidez no mercado livre de energia e cobram medidas regulat\u00f3rias para conter seus impactos sobre a economia. Em nota conjunta, associa\u00e7\u00f5es que representam consumidores e agentes do mercado defendem a\u00e7\u00f5es para enfrentar o problema, que, segundo elas, j\u00e1 afeta a previsibilidade de custos e o planejamento produtivo.<\/p>\n\n\n\n<p>De acordo com o posicionamento, a restri\u00e7\u00e3o na oferta de contratos de m\u00e9dio e longo prazo tem dificultado o cumprimento da obriga\u00e7\u00e3o legal de contrata\u00e7\u00e3o integral de energia. Sem alternativas suficientes no mercado futuro, consumidores e comercializadores acabam mais expostos ao PLD (Pre\u00e7o de Liquida\u00e7\u00e3o das Diferen\u00e7as), no mercado de curto prazo, mecanismo originalmente voltado para ajustes residuais, mas que tem ganhado protagonismo diante do cen\u00e1rio atual.<\/p>\n\n\n\n<p>As entidades avaliam que a combina\u00e7\u00e3o entre baixa liquidez e alta volatilidade de pre\u00e7os cria um ambiente desfavor\u00e1vel, especialmente para os setores industrial e comercial, mais sens\u00edveis ao custo da energia. Esse quadro, segundo a nota, pode comprometer a competitividade, pressionar cadeias produtivas e gerar efeitos indiretos sobre a infla\u00e7\u00e3o e o crescimento econ\u00f4mico.<\/p>\n\n\n\n<p>Para mitigar os riscos, as associa\u00e7\u00f5es defendem o avan\u00e7o na regulamenta\u00e7\u00e3o da <a href=\"https:\/\/www.planalto.gov.br\/ccivil_03\/_ato2023-2026\/2025\/lei\/l15269.htm\">Lei 15.269\/2025<\/a>, com destaque para a flexibiliza\u00e7\u00e3o da obrigatoriedade de contrata\u00e7\u00e3o integral por parte dos consumidores livres. A medida, argumentam, ajudaria a reduzir a exposi\u00e7\u00e3o ao mercado de curto prazo e a restabelecer o papel dos contratos como instrumento de prote\u00e7\u00e3o contra volatilidade.<\/p>\n\n\n\n<p>O posicionamento \u00e9 assinado pelas seguintes entidades:  Abraceel (Associa\u00e7\u00e3o Brasileira dos Comercializadores de Energia), Abiape (Associa\u00e7\u00e3o Brasileira dos Investidores em Autoprodu\u00e7\u00e3o de Energia), Abrace Energia, Anace (Associa\u00e7\u00e3o Nacional dos Consumidores de Energia) e a Frente Nacional dos Consumidores de Energia. <\/p>\n","protected":false},"excerpt":{"rendered":"<p>da Ag\u00eancia iNFRA Entidades do setor el\u00e9trico alertam para uma crise de liquidez no mercado livre de energia e cobram medidas regulat\u00f3rias para conter seus impactos sobre a economia. Em nota conjunta, associa\u00e7\u00f5es que representam consumidores e agentes do mercado defendem a\u00e7\u00f5es para enfrentar o problema, que, segundo elas, j\u00e1 afeta a previsibilidade de custos [&hellip;]<\/p>\n","protected":false},"author":1,"featured_media":31712,"comment_status":"closed","ping_status":"closed","sticky":false,"template":"","format":"standard","meta":{"_monsterinsights_skip_tracking":false,"_monsterinsights_sitenote_active":false,"_monsterinsights_sitenote_note":"","_monsterinsights_sitenote_category":0,"footnotes":""},"categories":[13576],"tags":[1198,40,4926,5540,3594,282,19605,924,1169],"class_list":["post-40152","post","type-post","status-publish","format-standard","has-post-thumbnail","hentry","category-giro-infra","tag-abiape","tag-abraceel","tag-anace","tag-comercializacao-de-energia","tag-contratos","tag-energia-eletrica","tag-frente-nacional-dos-consumidores-de-energia","tag-mercado-livre-de-energia","tag-pld"],"yoast_head":"<!-- This site is optimized with the Yoast SEO Premium plugin v25.4 (Yoast SEO v26.0) - https:\/\/yoast.com\/wordpress\/plugins\/seo\/ -->\n<title>Entidades alertam para crise de liquidez no mercado livre de energia - Ag\u00eancia iNFRA<\/title>\n<meta name=\"robots\" content=\"index, follow, max-snippet:-1, max-image-preview:large, max-video-preview:-1\" \/>\n<link rel=\"canonical\" href=\"https:\/\/agenciainfra.com\/blog\/entidades-alertam-para-crise-de-liquidez-no-mercado-livre-de-energia\/\" \/>\n<meta property=\"og:locale\" content=\"pt_BR\" \/>\n<meta property=\"og:type\" content=\"article\" \/>\n<meta property=\"og:title\" content=\"Entidades alertam para crise de liquidez no mercado livre de energia\" \/>\n<meta property=\"og:description\" content=\"da Ag\u00eancia iNFRA Entidades do setor el\u00e9trico alertam para uma crise de liquidez no mercado livre de energia e cobram medidas regulat\u00f3rias para conter seus impactos sobre a economia. Em nota conjunta, associa\u00e7\u00f5es que representam consumidores e agentes do mercado defendem a\u00e7\u00f5es para enfrentar o problema, que, segundo elas, j\u00e1 afeta a previsibilidade de custos [&hellip;]\" \/>\n<meta property=\"og:url\" content=\"https:\/\/agenciainfra.com\/blog\/entidades-alertam-para-crise-de-liquidez-no-mercado-livre-de-energia\/\" \/>\n<meta property=\"og:site_name\" content=\"Ag\u00eancia iNFRA\" \/>\n<meta property=\"article:publisher\" content=\"https:\/\/www.facebook.com\/ageninfra\" \/>\n<meta property=\"article:published_time\" content=\"2026-04-27T19:19:18+00:00\" \/>\n<meta property=\"article:modified_time\" content=\"2026-04-27T19:19:20+00:00\" \/>\n<meta property=\"og:image\" content=\"https:\/\/agenciainfra.com\/blog\/wp-content\/uploads\/2025\/11\/energia-linha-de-transmissao-foto-fabio-rodrigues-agencia-brasil.jpg\" \/>\n\t<meta property=\"og:image:width\" content=\"1280\" \/>\n\t<meta property=\"og:image:height\" content=\"766\" \/>\n\t<meta property=\"og:image:type\" content=\"image\/jpeg\" \/>\n<meta name=\"author\" content=\"Ag\u00eancia iNFRA\" \/>\n<meta name=\"twitter:card\" content=\"summary_large_image\" \/>\n<meta name=\"twitter:creator\" content=\"@agencia_infra\" \/>\n<meta name=\"twitter:site\" content=\"@agencia_infra\" \/>\n<meta name=\"twitter:label1\" content=\"Escrito por\" \/>\n\t<meta name=\"twitter:data1\" content=\"Ag\u00eancia iNFRA\" \/>\n\t<meta name=\"twitter:label2\" content=\"Est. tempo de leitura\" \/>\n\t<meta name=\"twitter:data2\" content=\"2 minutos\" \/>\n<script type=\"application\/ld+json\" class=\"yoast-schema-graph\">{\"@context\":\"https:\/\/schema.org\",\"@graph\":[{\"@type\":\"Article\",\"@id\":\"https:\/\/agenciainfra.com\/blog\/entidades-alertam-para-crise-de-liquidez-no-mercado-livre-de-energia\/#article\",\"isPartOf\":{\"@id\":\"https:\/\/agenciainfra.com\/blog\/entidades-alertam-para-crise-de-liquidez-no-mercado-livre-de-energia\/\"},\"author\":{\"name\":\"Ag\u00eancia iNFRA\",\"@id\":\"https:\/\/agenciainfra.com\/blog\/#\/schema\/person\/34af08dff6adea4cb22b06612ba7acfa\"},\"headline\":\"Entidades alertam para crise de liquidez no mercado livre de energia\",\"datePublished\":\"2026-04-27T19:19:18+00:00\",\"dateModified\":\"2026-04-27T19:19:20+00:00\",\"mainEntityOfPage\":{\"@id\":\"https:\/\/agenciainfra.com\/blog\/entidades-alertam-para-crise-de-liquidez-no-mercado-livre-de-energia\/\"},\"wordCount\":314,\"publisher\":{\"@id\":\"https:\/\/agenciainfra.com\/blog\/#organization\"},\"image\":{\"@id\":\"https:\/\/agenciainfra.com\/blog\/entidades-alertam-para-crise-de-liquidez-no-mercado-livre-de-energia\/#primaryimage\"},\"thumbnailUrl\":\"https:\/\/agenciainfra.com\/blog\/wp-content\/uploads\/2025\/11\/energia-linha-de-transmissao-foto-fabio-rodrigues-agencia-brasil.jpg\",\"keywords\":[\"Abiape\",\"Abraceel\",\"anace\",\"comercializa\u00e7\u00e3o de energia\",\"contratos\",\"energia el\u00e9trica\",\"frente nacional dos consumidores de energia\",\"mercado livre de energia\",\"PLD\"],\"articleSection\":[\"Giro iNFRA\"],\"inLanguage\":\"pt-BR\",\"copyrightYear\":\"2026\",\"copyrightHolder\":{\"@id\":\"https:\/\/agenciainfra.com\/blog\/#organization\"}},{\"@type\":\"WebPage\",\"@id\":\"https:\/\/agenciainfra.com\/blog\/entidades-alertam-para-crise-de-liquidez-no-mercado-livre-de-energia\/\",\"url\":\"https:\/\/agenciainfra.com\/blog\/entidades-alertam-para-crise-de-liquidez-no-mercado-livre-de-energia\/\",\"name\":\"Entidades alertam para crise de liquidez no mercado livre de energia - Ag\u00eancia iNFRA\",\"isPartOf\":{\"@id\":\"https:\/\/agenciainfra.com\/blog\/#website\"},\"primaryImageOfPage\":{\"@id\":\"https:\/\/agenciainfra.com\/blog\/entidades-alertam-para-crise-de-liquidez-no-mercado-livre-de-energia\/#primaryimage\"},\"image\":{\"@id\":\"https:\/\/agenciainfra.com\/blog\/entidades-alertam-para-crise-de-liquidez-no-mercado-livre-de-energia\/#primaryimage\"},\"thumbnailUrl\":\"https:\/\/agenciainfra.com\/blog\/wp-content\/uploads\/2025\/11\/energia-linha-de-transmissao-foto-fabio-rodrigues-agencia-brasil.jpg\",\"datePublished\":\"2026-04-27T19:19:18+00:00\",\"dateModified\":\"2026-04-27T19:19:20+00:00\",\"breadcrumb\":{\"@id\":\"https:\/\/agenciainfra.com\/blog\/entidades-alertam-para-crise-de-liquidez-no-mercado-livre-de-energia\/#breadcrumb\"},\"inLanguage\":\"pt-BR\",\"potentialAction\":[{\"@type\":\"ReadAction\",\"target\":[\"https:\/\/agenciainfra.com\/blog\/entidades-alertam-para-crise-de-liquidez-no-mercado-livre-de-energia\/\"]}]},{\"@type\":\"ImageObject\",\"inLanguage\":\"pt-BR\",\"@id\":\"https:\/\/agenciainfra.com\/blog\/entidades-alertam-para-crise-de-liquidez-no-mercado-livre-de-energia\/#primaryimage\",\"url\":\"https:\/\/agenciainfra.com\/blog\/wp-content\/uploads\/2025\/11\/energia-linha-de-transmissao-foto-fabio-rodrigues-agencia-brasil.jpg\",\"contentUrl\":\"https:\/\/agenciainfra.com\/blog\/wp-content\/uploads\/2025\/11\/energia-linha-de-transmissao-foto-fabio-rodrigues-agencia-brasil.jpg\",\"width\":1280,\"height\":766,\"caption\":\"Foto: F\u00e1bio Rodrigues Pozzebom\/Ag\u00eancia Brasil\"},{\"@type\":\"BreadcrumbList\",\"@id\":\"https:\/\/agenciainfra.com\/blog\/entidades-alertam-para-crise-de-liquidez-no-mercado-livre-de-energia\/#breadcrumb\",\"itemListElement\":[{\"@type\":\"ListItem\",\"position\":1,\"name\":\"In\u00edcio\",\"item\":\"https:\/\/agenciainfra.com\/blog\/\"},{\"@type\":\"ListItem\",\"position\":2,\"name\":\"Entidades alertam para crise de liquidez no mercado livre de energia\"}]},{\"@type\":\"WebSite\",\"@id\":\"https:\/\/agenciainfra.com\/blog\/#website\",\"url\":\"https:\/\/agenciainfra.com\/blog\/\",\"name\":\"Ag\u00eancia iNFRA\",\"description\":\"Multiplataforma de informa\u00e7\u00e3o jornal\u00edstica refer\u00eancia na \u00e1rea de infraestrutura no Brasil!\",\"publisher\":{\"@id\":\"https:\/\/agenciainfra.com\/blog\/#organization\"},\"potentialAction\":[{\"@type\":\"SearchAction\",\"target\":{\"@type\":\"EntryPoint\",\"urlTemplate\":\"https:\/\/agenciainfra.com\/blog\/?s={search_term_string}\"},\"query-input\":{\"@type\":\"PropertyValueSpecification\",\"valueRequired\":true,\"valueName\":\"search_term_string\"}}],\"inLanguage\":\"pt-BR\"},{\"@type\":\"Organization\",\"@id\":\"https:\/\/agenciainfra.com\/blog\/#organization\",\"name\":\"Ag\u00eancia iNFRA\",\"url\":\"https:\/\/agenciainfra.com\/blog\/\",\"logo\":{\"@type\":\"ImageObject\",\"inLanguage\":\"pt-BR\",\"@id\":\"https:\/\/agenciainfra.com\/blog\/#\/schema\/logo\/image\/\",\"url\":\"https:\/\/agenciainfra.com\/blog\/wp-content\/uploads\/2023\/09\/iNFRA_5-e1761735885940.png\",\"contentUrl\":\"https:\/\/agenciainfra.com\/blog\/wp-content\/uploads\/2023\/09\/iNFRA_5-e1761735885940.png\",\"width\":1672,\"height\":454,\"caption\":\"Ag\u00eancia iNFRA\"},\"image\":{\"@id\":\"https:\/\/agenciainfra.com\/blog\/#\/schema\/logo\/image\/\"},\"sameAs\":[\"https:\/\/www.facebook.com\/ageninfra\",\"https:\/\/x.com\/agencia_infra\",\"https:\/\/www.linkedin.com\/company\/ag\u00eanciainfra\/\",\"https:\/\/www.instagram.com\/agenciainfra\/\"]},{\"@type\":\"Person\",\"@id\":\"https:\/\/agenciainfra.com\/blog\/#\/schema\/person\/34af08dff6adea4cb22b06612ba7acfa\",\"name\":\"Ag\u00eancia iNFRA\",\"image\":{\"@type\":\"ImageObject\",\"inLanguage\":\"pt-BR\",\"@id\":\"https:\/\/agenciainfra.com\/blog\/#\/schema\/person\/image\/\",\"url\":\"https:\/\/secure.gravatar.com\/avatar\/d189e01678f06d8eb84d4e01f08eb848b3fffe3f8443818d3c356c66892f5be8?s=96&d=mm&r=g\",\"contentUrl\":\"https:\/\/secure.gravatar.com\/avatar\/d189e01678f06d8eb84d4e01f08eb848b3fffe3f8443818d3c356c66892f5be8?s=96&d=mm&r=g\",\"caption\":\"Ag\u00eancia iNFRA\"},\"url\":\"https:\/\/agenciainfra.com\/blog\/author\/admin\/\"}]}<\/script>\n<!-- \/ Yoast SEO Premium plugin. -->","yoast_head_json":{"title":"Entidades alertam para crise de liquidez no mercado livre de energia - Ag\u00eancia iNFRA","robots":{"index":"index","follow":"follow","max-snippet":"max-snippet:-1","max-image-preview":"max-image-preview:large","max-video-preview":"max-video-preview:-1"},"canonical":"https:\/\/agenciainfra.com\/blog\/entidades-alertam-para-crise-de-liquidez-no-mercado-livre-de-energia\/","og_locale":"pt_BR","og_type":"article","og_title":"Entidades alertam para crise de liquidez no mercado livre de energia","og_description":"da Ag\u00eancia iNFRA Entidades do setor el\u00e9trico alertam para uma crise de liquidez no mercado livre de energia e cobram medidas regulat\u00f3rias para conter seus impactos sobre a economia. Em nota conjunta, associa\u00e7\u00f5es que representam consumidores e agentes do mercado defendem a\u00e7\u00f5es para enfrentar o problema, que, segundo elas, j\u00e1 afeta a previsibilidade de custos [&hellip;]","og_url":"https:\/\/agenciainfra.com\/blog\/entidades-alertam-para-crise-de-liquidez-no-mercado-livre-de-energia\/","og_site_name":"Ag\u00eancia iNFRA","article_publisher":"https:\/\/www.facebook.com\/ageninfra","article_published_time":"2026-04-27T19:19:18+00:00","article_modified_time":"2026-04-27T19:19:20+00:00","og_image":[{"width":1280,"height":766,"url":"https:\/\/agenciainfra.com\/blog\/wp-content\/uploads\/2025\/11\/energia-linha-de-transmissao-foto-fabio-rodrigues-agencia-brasil.jpg","type":"image\/jpeg"}],"author":"Ag\u00eancia iNFRA","twitter_card":"summary_large_image","twitter_creator":"@agencia_infra","twitter_site":"@agencia_infra","twitter_misc":{"Escrito por":"Ag\u00eancia iNFRA","Est. tempo de leitura":"2 minutos"},"schema":{"@context":"https:\/\/schema.org","@graph":[{"@type":"Article","@id":"https:\/\/agenciainfra.com\/blog\/entidades-alertam-para-crise-de-liquidez-no-mercado-livre-de-energia\/#article","isPartOf":{"@id":"https:\/\/agenciainfra.com\/blog\/entidades-alertam-para-crise-de-liquidez-no-mercado-livre-de-energia\/"},"author":{"name":"Ag\u00eancia iNFRA","@id":"https:\/\/agenciainfra.com\/blog\/#\/schema\/person\/34af08dff6adea4cb22b06612ba7acfa"},"headline":"Entidades alertam para crise de liquidez no mercado livre de energia","datePublished":"2026-04-27T19:19:18+00:00","dateModified":"2026-04-27T19:19:20+00:00","mainEntityOfPage":{"@id":"https:\/\/agenciainfra.com\/blog\/entidades-alertam-para-crise-de-liquidez-no-mercado-livre-de-energia\/"},"wordCount":314,"publisher":{"@id":"https:\/\/agenciainfra.com\/blog\/#organization"},"image":{"@id":"https:\/\/agenciainfra.com\/blog\/entidades-alertam-para-crise-de-liquidez-no-mercado-livre-de-energia\/#primaryimage"},"thumbnailUrl":"https:\/\/agenciainfra.com\/blog\/wp-content\/uploads\/2025\/11\/energia-linha-de-transmissao-foto-fabio-rodrigues-agencia-brasil.jpg","keywords":["Abiape","Abraceel","anace","comercializa\u00e7\u00e3o de energia","contratos","energia el\u00e9trica","frente nacional dos consumidores de energia","mercado livre de energia","PLD"],"articleSection":["Giro iNFRA"],"inLanguage":"pt-BR","copyrightYear":"2026","copyrightHolder":{"@id":"https:\/\/agenciainfra.com\/blog\/#organization"}},{"@type":"WebPage","@id":"https:\/\/agenciainfra.com\/blog\/entidades-alertam-para-crise-de-liquidez-no-mercado-livre-de-energia\/","url":"https:\/\/agenciainfra.com\/blog\/entidades-alertam-para-crise-de-liquidez-no-mercado-livre-de-energia\/","name":"Entidades alertam para crise de liquidez no mercado livre de energia - Ag\u00eancia iNFRA","isPartOf":{"@id":"https:\/\/agenciainfra.com\/blog\/#website"},"primaryImageOfPage":{"@id":"https:\/\/agenciainfra.com\/blog\/entidades-alertam-para-crise-de-liquidez-no-mercado-livre-de-energia\/#primaryimage"},"image":{"@id":"https:\/\/agenciainfra.com\/blog\/entidades-alertam-para-crise-de-liquidez-no-mercado-livre-de-energia\/#primaryimage"},"thumbnailUrl":"https:\/\/agenciainfra.com\/blog\/wp-content\/uploads\/2025\/11\/energia-linha-de-transmissao-foto-fabio-rodrigues-agencia-brasil.jpg","datePublished":"2026-04-27T19:19:18+00:00","dateModified":"2026-04-27T19:19:20+00:00","breadcrumb":{"@id":"https:\/\/agenciainfra.com\/blog\/entidades-alertam-para-crise-de-liquidez-no-mercado-livre-de-energia\/#breadcrumb"},"inLanguage":"pt-BR","potentialAction":[{"@type":"ReadAction","target":["https:\/\/agenciainfra.com\/blog\/entidades-alertam-para-crise-de-liquidez-no-mercado-livre-de-energia\/"]}]},{"@type":"ImageObject","inLanguage":"pt-BR","@id":"https:\/\/agenciainfra.com\/blog\/entidades-alertam-para-crise-de-liquidez-no-mercado-livre-de-energia\/#primaryimage","url":"https:\/\/agenciainfra.com\/blog\/wp-content\/uploads\/2025\/11\/energia-linha-de-transmissao-foto-fabio-rodrigues-agencia-brasil.jpg","contentUrl":"https:\/\/agenciainfra.com\/blog\/wp-content\/uploads\/2025\/11\/energia-linha-de-transmissao-foto-fabio-rodrigues-agencia-brasil.jpg","width":1280,"height":766,"caption":"Foto: F\u00e1bio Rodrigues Pozzebom\/Ag\u00eancia Brasil"},{"@type":"BreadcrumbList","@id":"https:\/\/agenciainfra.com\/blog\/entidades-alertam-para-crise-de-liquidez-no-mercado-livre-de-energia\/#breadcrumb","itemListElement":[{"@type":"ListItem","position":1,"name":"In\u00edcio","item":"https:\/\/agenciainfra.com\/blog\/"},{"@type":"ListItem","position":2,"name":"Entidades alertam para crise de liquidez no mercado livre de energia"}]},{"@type":"WebSite","@id":"https:\/\/agenciainfra.com\/blog\/#website","url":"https:\/\/agenciainfra.com\/blog\/","name":"Ag\u00eancia iNFRA","description":"Multiplataforma de informa\u00e7\u00e3o jornal\u00edstica refer\u00eancia na \u00e1rea de infraestrutura no Brasil!","publisher":{"@id":"https:\/\/agenciainfra.com\/blog\/#organization"},"potentialAction":[{"@type":"SearchAction","target":{"@type":"EntryPoint","urlTemplate":"https:\/\/agenciainfra.com\/blog\/?s={search_term_string}"},"query-input":{"@type":"PropertyValueSpecification","valueRequired":true,"valueName":"search_term_string"}}],"inLanguage":"pt-BR"},{"@type":"Organization","@id":"https:\/\/agenciainfra.com\/blog\/#organization","name":"Ag\u00eancia iNFRA","url":"https:\/\/agenciainfra.com\/blog\/","logo":{"@type":"ImageObject","inLanguage":"pt-BR","@id":"https:\/\/agenciainfra.com\/blog\/#\/schema\/logo\/image\/","url":"https:\/\/agenciainfra.com\/blog\/wp-content\/uploads\/2023\/09\/iNFRA_5-e1761735885940.png","contentUrl":"https:\/\/agenciainfra.com\/blog\/wp-content\/uploads\/2023\/09\/iNFRA_5-e1761735885940.png","width":1672,"height":454,"caption":"Ag\u00eancia iNFRA"},"image":{"@id":"https:\/\/agenciainfra.com\/blog\/#\/schema\/logo\/image\/"},"sameAs":["https:\/\/www.facebook.com\/ageninfra","https:\/\/x.com\/agencia_infra","https:\/\/www.linkedin.com\/company\/ag\u00eanciainfra\/","https:\/\/www.instagram.com\/agenciainfra\/"]},{"@type":"Person","@id":"https:\/\/agenciainfra.com\/blog\/#\/schema\/person\/34af08dff6adea4cb22b06612ba7acfa","name":"Ag\u00eancia iNFRA","image":{"@type":"ImageObject","inLanguage":"pt-BR","@id":"https:\/\/agenciainfra.com\/blog\/#\/schema\/person\/image\/","url":"https:\/\/secure.gravatar.com\/avatar\/d189e01678f06d8eb84d4e01f08eb848b3fffe3f8443818d3c356c66892f5be8?s=96&d=mm&r=g","contentUrl":"https:\/\/secure.gravatar.com\/avatar\/d189e01678f06d8eb84d4e01f08eb848b3fffe3f8443818d3c356c66892f5be8?s=96&d=mm&r=g","caption":"Ag\u00eancia iNFRA"},"url":"https:\/\/agenciainfra.com\/blog\/author\/admin\/"}]}},"_links":{"self":[{"href":"https:\/\/agenciainfra.com\/blog\/wp-json\/wp\/v2\/posts\/40152","targetHints":{"allow":["GET"]}}],"collection":[{"href":"https:\/\/agenciainfra.com\/blog\/wp-json\/wp\/v2\/posts"}],"about":[{"href":"https:\/\/agenciainfra.com\/blog\/wp-json\/wp\/v2\/types\/post"}],"author":[{"embeddable":true,"href":"https:\/\/agenciainfra.com\/blog\/wp-json\/wp\/v2\/users\/1"}],"replies":[{"embeddable":true,"href":"https:\/\/agenciainfra.com\/blog\/wp-json\/wp\/v2\/comments?post=40152"}],"version-history":[{"count":1,"href":"https:\/\/agenciainfra.com\/blog\/wp-json\/wp\/v2\/posts\/40152\/revisions"}],"predecessor-version":[{"id":40153,"href":"https:\/\/agenciainfra.com\/blog\/wp-json\/wp\/v2\/posts\/40152\/revisions\/40153"}],"wp:featuredmedia":[{"embeddable":true,"href":"https:\/\/agenciainfra.com\/blog\/wp-json\/wp\/v2\/media\/31712"}],"wp:attachment":[{"href":"https:\/\/agenciainfra.com\/blog\/wp-json\/wp\/v2\/media?parent=40152"}],"wp:term":[{"taxonomy":"category","embeddable":true,"href":"https:\/\/agenciainfra.com\/blog\/wp-json\/wp\/v2\/categories?post=40152"},{"taxonomy":"post_tag","embeddable":true,"href":"https:\/\/agenciainfra.com\/blog\/wp-json\/wp\/v2\/tags?post=40152"}],"curies":[{"name":"wp","href":"https:\/\/api.w.org\/{rel}","templated":true}]}}