{"id":40154,"date":"2026-04-27T17:19:15","date_gmt":"2026-04-27T20:19:15","guid":{"rendered":"https:\/\/agenciainfra.com\/blog\/?p=40154"},"modified":"2026-04-27T17:19:17","modified_gmt":"2026-04-27T20:19:17","slug":"ons-estende-prazo-de-consulta-sobre-acesso-a-rede-de-transmissao","status":"publish","type":"post","link":"https:\/\/agenciainfra.com\/blog\/ons-estende-prazo-de-consulta-sobre-acesso-a-rede-de-transmissao\/","title":{"rendered":"ONS estende prazo de consulta sobre acesso \u00e0 rede de transmiss\u00e3o"},"content":{"rendered":"\n<p class=\"has-text-align-right\"><strong>da Ag\u00eancia iNFRA<\/strong><\/p>\n\n\n\n<p>O ONS (Operador Nacional do Sistema El\u00e9trico) prorrogou, at\u00e9 5 de maio, o prazo para envio de contribui\u00e7\u00f5es \u00e0 consulta externa que trata da sistem\u00e1tica da primeira Temporada de Acesso, no \u00e2mbito da Pol\u00edtica Nacional de Acesso ao Sistema de Transmiss\u00e3o.<\/p>\n\n\n\n<p>Aberta em 17 de abril, a iniciativa busca reunir sugest\u00f5es de agentes do setor e da sociedade sobre os crit\u00e9rios, etapas e procedimentos que ir\u00e3o orientar o processo inicial de acesso \u00e0 rede de transmiss\u00e3o.<\/p>\n\n\n\n<p>As contribui\u00e7\u00f5es devem ser encaminhadas exclusivamente pela <a href=\"https:\/\/nam02.safelinks.protection.outlook.com\/?url=https%3A%2F%2Fsintegre.ons.org.br%2FPaginas%2Fservicos%2Fatendimento.aspx&amp;data=05%7C02%7Ccarlos.santanna%40ons.org.br%7C9cff873dc0ed452e093f08dea20ca867%7C3adee5fc933e4911ae1b9c2fe7b84448%7C1%7C0%7C639126372424925968%7CUnknown%7CTWFpbGZsb3d8eyJFbXB0eU1hcGkiOnRydWUsIlYiOiIwLjAuMDAwMCIsIlAiOiJXaW4zMiIsIkFOIjoiTWFpbCIsIldUIjoyfQ%3D%3D%7C0%7C%7C%7C&amp;sdata=bh89YC1Dpea6XqV8QeZ%2BiAtAwsogWJjQm7t1EoHDweA%3D&amp;reserved=0\">Central de Atendimento do ONS<\/a>. O envio deve ser feito por meio da abertura de chamado, com a sele\u00e7\u00e3o das categorias espec\u00edficas indicadas para a consulta.<\/p>\n\n\n\n<p>Os documentos de refer\u00eancia, incluindo a minuta da sistem\u00e1tica e os formul\u00e1rios padr\u00e3o, est\u00e3o dispon\u00edveis nos canais oficiais do operador para apoio ao envio das sugest\u00f5es dentro do novo prazo.<\/p>\n","protected":false},"excerpt":{"rendered":"<p>da Ag\u00eancia iNFRA O ONS (Operador Nacional do Sistema El\u00e9trico) prorrogou, at\u00e9 5 de maio, o prazo para envio de contribui\u00e7\u00f5es \u00e0 consulta externa que trata da sistem\u00e1tica da primeira Temporada de Acesso, no \u00e2mbito da Pol\u00edtica Nacional de Acesso ao Sistema de Transmiss\u00e3o. Aberta em 17 de abril, a iniciativa busca reunir sugest\u00f5es de [&hellip;]<\/p>\n","protected":false},"author":1,"featured_media":7484,"comment_status":"closed","ping_status":"closed","sticky":false,"template":"","format":"standard","meta":{"_monsterinsights_skip_tracking":false,"_monsterinsights_sitenote_active":false,"_monsterinsights_sitenote_note":"","_monsterinsights_sitenote_category":0,"footnotes":""},"categories":[13576],"tags":[345,282,216,3555,2969],"class_list":["post-40154","post","type-post","status-publish","format-standard","has-post-thumbnail","hentry","category-giro-infra","tag-consulta-publica","tag-energia-eletrica","tag-ons","tag-rede-de-transmissao","tag-transmissao"],"yoast_head":"<!-- This site is optimized with the Yoast SEO Premium plugin v25.4 (Yoast SEO v26.0) - https:\/\/yoast.com\/wordpress\/plugins\/seo\/ -->\n<title>ONS estende prazo de consulta sobre acesso \u00e0 rede de transmiss\u00e3o - Ag\u00eancia iNFRA<\/title>\n<meta name=\"robots\" content=\"index, follow, max-snippet:-1, max-image-preview:large, max-video-preview:-1\" \/>\n<link rel=\"canonical\" href=\"https:\/\/agenciainfra.com\/blog\/ons-estende-prazo-de-consulta-sobre-acesso-a-rede-de-transmissao\/\" \/>\n<meta property=\"og:locale\" content=\"pt_BR\" \/>\n<meta property=\"og:type\" content=\"article\" \/>\n<meta property=\"og:title\" content=\"ONS estende prazo de consulta sobre acesso \u00e0 rede de transmiss\u00e3o\" \/>\n<meta property=\"og:description\" content=\"da Ag\u00eancia iNFRA O ONS (Operador Nacional do Sistema El\u00e9trico) prorrogou, at\u00e9 5 de maio, o prazo para envio de contribui\u00e7\u00f5es \u00e0 consulta externa que trata da sistem\u00e1tica da primeira Temporada de Acesso, no \u00e2mbito da Pol\u00edtica Nacional de Acesso ao Sistema de Transmiss\u00e3o. Aberta em 17 de abril, a iniciativa busca reunir sugest\u00f5es de [&hellip;]\" \/>\n<meta property=\"og:url\" content=\"https:\/\/agenciainfra.com\/blog\/ons-estende-prazo-de-consulta-sobre-acesso-a-rede-de-transmissao\/\" \/>\n<meta property=\"og:site_name\" content=\"Ag\u00eancia iNFRA\" \/>\n<meta property=\"article:publisher\" content=\"https:\/\/www.facebook.com\/ageninfra\" \/>\n<meta property=\"article:published_time\" content=\"2026-04-27T20:19:15+00:00\" \/>\n<meta property=\"article:modified_time\" content=\"2026-04-27T20:19:17+00:00\" \/>\n<meta property=\"og:image\" content=\"https:\/\/agenciainfra.com\/blog\/wp-content\/uploads\/2021\/06\/torre-transmissao-foto-dominio-publico-e1770382473431.jpeg\" \/>\n\t<meta property=\"og:image:width\" content=\"1280\" \/>\n\t<meta property=\"og:image:height\" content=\"780\" \/>\n\t<meta property=\"og:image:type\" content=\"image\/jpeg\" \/>\n<meta name=\"author\" content=\"Ag\u00eancia iNFRA\" \/>\n<meta name=\"twitter:card\" content=\"summary_large_image\" \/>\n<meta name=\"twitter:creator\" content=\"@agencia_infra\" \/>\n<meta name=\"twitter:site\" content=\"@agencia_infra\" \/>\n<meta name=\"twitter:label1\" content=\"Escrito por\" \/>\n\t<meta name=\"twitter:data1\" content=\"Ag\u00eancia iNFRA\" \/>\n\t<meta name=\"twitter:label2\" content=\"Est. tempo de leitura\" \/>\n\t<meta name=\"twitter:data2\" content=\"1 minuto\" \/>\n<script type=\"application\/ld+json\" class=\"yoast-schema-graph\">{\"@context\":\"https:\/\/schema.org\",\"@graph\":[{\"@type\":\"Article\",\"@id\":\"https:\/\/agenciainfra.com\/blog\/ons-estende-prazo-de-consulta-sobre-acesso-a-rede-de-transmissao\/#article\",\"isPartOf\":{\"@id\":\"https:\/\/agenciainfra.com\/blog\/ons-estende-prazo-de-consulta-sobre-acesso-a-rede-de-transmissao\/\"},\"author\":{\"name\":\"Ag\u00eancia iNFRA\",\"@id\":\"https:\/\/agenciainfra.com\/blog\/#\/schema\/person\/34af08dff6adea4cb22b06612ba7acfa\"},\"headline\":\"ONS estende prazo de consulta sobre acesso \u00e0 rede de transmiss\u00e3o\",\"datePublished\":\"2026-04-27T20:19:15+00:00\",\"dateModified\":\"2026-04-27T20:19:17+00:00\",\"mainEntityOfPage\":{\"@id\":\"https:\/\/agenciainfra.com\/blog\/ons-estende-prazo-de-consulta-sobre-acesso-a-rede-de-transmissao\/\"},\"wordCount\":169,\"publisher\":{\"@id\":\"https:\/\/agenciainfra.com\/blog\/#organization\"},\"image\":{\"@id\":\"https:\/\/agenciainfra.com\/blog\/ons-estende-prazo-de-consulta-sobre-acesso-a-rede-de-transmissao\/#primaryimage\"},\"thumbnailUrl\":\"https:\/\/agenciainfra.com\/blog\/wp-content\/uploads\/2021\/06\/torre-transmissao-foto-dominio-publico-e1770382473431.jpeg\",\"keywords\":[\"consulta p\u00fablica\",\"energia el\u00e9trica\",\"ONS\",\"rede de transmiss\u00e3o\",\"transmiss\u00e3o\"],\"articleSection\":[\"Giro iNFRA\"],\"inLanguage\":\"pt-BR\",\"copyrightYear\":\"2026\",\"copyrightHolder\":{\"@id\":\"https:\/\/agenciainfra.com\/blog\/#organization\"}},{\"@type\":\"WebPage\",\"@id\":\"https:\/\/agenciainfra.com\/blog\/ons-estende-prazo-de-consulta-sobre-acesso-a-rede-de-transmissao\/\",\"url\":\"https:\/\/agenciainfra.com\/blog\/ons-estende-prazo-de-consulta-sobre-acesso-a-rede-de-transmissao\/\",\"name\":\"ONS estende prazo de consulta sobre acesso \u00e0 rede de transmiss\u00e3o - Ag\u00eancia iNFRA\",\"isPartOf\":{\"@id\":\"https:\/\/agenciainfra.com\/blog\/#website\"},\"primaryImageOfPage\":{\"@id\":\"https:\/\/agenciainfra.com\/blog\/ons-estende-prazo-de-consulta-sobre-acesso-a-rede-de-transmissao\/#primaryimage\"},\"image\":{\"@id\":\"https:\/\/agenciainfra.com\/blog\/ons-estende-prazo-de-consulta-sobre-acesso-a-rede-de-transmissao\/#primaryimage\"},\"thumbnailUrl\":\"https:\/\/agenciainfra.com\/blog\/wp-content\/uploads\/2021\/06\/torre-transmissao-foto-dominio-publico-e1770382473431.jpeg\",\"datePublished\":\"2026-04-27T20:19:15+00:00\",\"dateModified\":\"2026-04-27T20:19:17+00:00\",\"breadcrumb\":{\"@id\":\"https:\/\/agenciainfra.com\/blog\/ons-estende-prazo-de-consulta-sobre-acesso-a-rede-de-transmissao\/#breadcrumb\"},\"inLanguage\":\"pt-BR\",\"potentialAction\":[{\"@type\":\"ReadAction\",\"target\":[\"https:\/\/agenciainfra.com\/blog\/ons-estende-prazo-de-consulta-sobre-acesso-a-rede-de-transmissao\/\"]}]},{\"@type\":\"ImageObject\",\"inLanguage\":\"pt-BR\",\"@id\":\"https:\/\/agenciainfra.com\/blog\/ons-estende-prazo-de-consulta-sobre-acesso-a-rede-de-transmissao\/#primaryimage\",\"url\":\"https:\/\/agenciainfra.com\/blog\/wp-content\/uploads\/2021\/06\/torre-transmissao-foto-dominio-publico-e1770382473431.jpeg\",\"contentUrl\":\"https:\/\/agenciainfra.com\/blog\/wp-content\/uploads\/2021\/06\/torre-transmissao-foto-dominio-publico-e1770382473431.jpeg\",\"width\":1280,\"height\":780,\"caption\":\"Foto: Dom\u00ednio P\u00fablico\"},{\"@type\":\"BreadcrumbList\",\"@id\":\"https:\/\/agenciainfra.com\/blog\/ons-estende-prazo-de-consulta-sobre-acesso-a-rede-de-transmissao\/#breadcrumb\",\"itemListElement\":[{\"@type\":\"ListItem\",\"position\":1,\"name\":\"In\u00edcio\",\"item\":\"https:\/\/agenciainfra.com\/blog\/\"},{\"@type\":\"ListItem\",\"position\":2,\"name\":\"ONS estende prazo de consulta sobre acesso \u00e0 rede de transmiss\u00e3o\"}]},{\"@type\":\"WebSite\",\"@id\":\"https:\/\/agenciainfra.com\/blog\/#website\",\"url\":\"https:\/\/agenciainfra.com\/blog\/\",\"name\":\"Ag\u00eancia iNFRA\",\"description\":\"Multiplataforma de informa\u00e7\u00e3o jornal\u00edstica refer\u00eancia na \u00e1rea de infraestrutura no Brasil!\",\"publisher\":{\"@id\":\"https:\/\/agenciainfra.com\/blog\/#organization\"},\"potentialAction\":[{\"@type\":\"SearchAction\",\"target\":{\"@type\":\"EntryPoint\",\"urlTemplate\":\"https:\/\/agenciainfra.com\/blog\/?s={search_term_string}\"},\"query-input\":{\"@type\":\"PropertyValueSpecification\",\"valueRequired\":true,\"valueName\":\"search_term_string\"}}],\"inLanguage\":\"pt-BR\"},{\"@type\":\"Organization\",\"@id\":\"https:\/\/agenciainfra.com\/blog\/#organization\",\"name\":\"Ag\u00eancia iNFRA\",\"url\":\"https:\/\/agenciainfra.com\/blog\/\",\"logo\":{\"@type\":\"ImageObject\",\"inLanguage\":\"pt-BR\",\"@id\":\"https:\/\/agenciainfra.com\/blog\/#\/schema\/logo\/image\/\",\"url\":\"https:\/\/agenciainfra.com\/blog\/wp-content\/uploads\/2023\/09\/iNFRA_5-e1761735885940.png\",\"contentUrl\":\"https:\/\/agenciainfra.com\/blog\/wp-content\/uploads\/2023\/09\/iNFRA_5-e1761735885940.png\",\"width\":1672,\"height\":454,\"caption\":\"Ag\u00eancia iNFRA\"},\"image\":{\"@id\":\"https:\/\/agenciainfra.com\/blog\/#\/schema\/logo\/image\/\"},\"sameAs\":[\"https:\/\/www.facebook.com\/ageninfra\",\"https:\/\/x.com\/agencia_infra\",\"https:\/\/www.linkedin.com\/company\/ag\u00eanciainfra\/\",\"https:\/\/www.instagram.com\/agenciainfra\/\"]},{\"@type\":\"Person\",\"@id\":\"https:\/\/agenciainfra.com\/blog\/#\/schema\/person\/34af08dff6adea4cb22b06612ba7acfa\",\"name\":\"Ag\u00eancia iNFRA\",\"image\":{\"@type\":\"ImageObject\",\"inLanguage\":\"pt-BR\",\"@id\":\"https:\/\/agenciainfra.com\/blog\/#\/schema\/person\/image\/\",\"url\":\"https:\/\/secure.gravatar.com\/avatar\/d189e01678f06d8eb84d4e01f08eb848b3fffe3f8443818d3c356c66892f5be8?s=96&d=mm&r=g\",\"contentUrl\":\"https:\/\/secure.gravatar.com\/avatar\/d189e01678f06d8eb84d4e01f08eb848b3fffe3f8443818d3c356c66892f5be8?s=96&d=mm&r=g\",\"caption\":\"Ag\u00eancia iNFRA\"},\"url\":\"https:\/\/agenciainfra.com\/blog\/author\/admin\/\"}]}<\/script>\n<!-- \/ Yoast SEO Premium plugin. -->","yoast_head_json":{"title":"ONS estende prazo de consulta sobre acesso \u00e0 rede de transmiss\u00e3o - Ag\u00eancia iNFRA","robots":{"index":"index","follow":"follow","max-snippet":"max-snippet:-1","max-image-preview":"max-image-preview:large","max-video-preview":"max-video-preview:-1"},"canonical":"https:\/\/agenciainfra.com\/blog\/ons-estende-prazo-de-consulta-sobre-acesso-a-rede-de-transmissao\/","og_locale":"pt_BR","og_type":"article","og_title":"ONS estende prazo de consulta sobre acesso \u00e0 rede de transmiss\u00e3o","og_description":"da Ag\u00eancia iNFRA O ONS (Operador Nacional do Sistema El\u00e9trico) prorrogou, at\u00e9 5 de maio, o prazo para envio de contribui\u00e7\u00f5es \u00e0 consulta externa que trata da sistem\u00e1tica da primeira Temporada de Acesso, no \u00e2mbito da Pol\u00edtica Nacional de Acesso ao Sistema de Transmiss\u00e3o. Aberta em 17 de abril, a iniciativa busca reunir sugest\u00f5es de [&hellip;]","og_url":"https:\/\/agenciainfra.com\/blog\/ons-estende-prazo-de-consulta-sobre-acesso-a-rede-de-transmissao\/","og_site_name":"Ag\u00eancia iNFRA","article_publisher":"https:\/\/www.facebook.com\/ageninfra","article_published_time":"2026-04-27T20:19:15+00:00","article_modified_time":"2026-04-27T20:19:17+00:00","og_image":[{"width":1280,"height":780,"url":"https:\/\/agenciainfra.com\/blog\/wp-content\/uploads\/2021\/06\/torre-transmissao-foto-dominio-publico-e1770382473431.jpeg","type":"image\/jpeg"}],"author":"Ag\u00eancia iNFRA","twitter_card":"summary_large_image","twitter_creator":"@agencia_infra","twitter_site":"@agencia_infra","twitter_misc":{"Escrito por":"Ag\u00eancia iNFRA","Est. tempo de leitura":"1 minuto"},"schema":{"@context":"https:\/\/schema.org","@graph":[{"@type":"Article","@id":"https:\/\/agenciainfra.com\/blog\/ons-estende-prazo-de-consulta-sobre-acesso-a-rede-de-transmissao\/#article","isPartOf":{"@id":"https:\/\/agenciainfra.com\/blog\/ons-estende-prazo-de-consulta-sobre-acesso-a-rede-de-transmissao\/"},"author":{"name":"Ag\u00eancia iNFRA","@id":"https:\/\/agenciainfra.com\/blog\/#\/schema\/person\/34af08dff6adea4cb22b06612ba7acfa"},"headline":"ONS estende prazo de consulta sobre acesso \u00e0 rede de transmiss\u00e3o","datePublished":"2026-04-27T20:19:15+00:00","dateModified":"2026-04-27T20:19:17+00:00","mainEntityOfPage":{"@id":"https:\/\/agenciainfra.com\/blog\/ons-estende-prazo-de-consulta-sobre-acesso-a-rede-de-transmissao\/"},"wordCount":169,"publisher":{"@id":"https:\/\/agenciainfra.com\/blog\/#organization"},"image":{"@id":"https:\/\/agenciainfra.com\/blog\/ons-estende-prazo-de-consulta-sobre-acesso-a-rede-de-transmissao\/#primaryimage"},"thumbnailUrl":"https:\/\/agenciainfra.com\/blog\/wp-content\/uploads\/2021\/06\/torre-transmissao-foto-dominio-publico-e1770382473431.jpeg","keywords":["consulta p\u00fablica","energia el\u00e9trica","ONS","rede de transmiss\u00e3o","transmiss\u00e3o"],"articleSection":["Giro iNFRA"],"inLanguage":"pt-BR","copyrightYear":"2026","copyrightHolder":{"@id":"https:\/\/agenciainfra.com\/blog\/#organization"}},{"@type":"WebPage","@id":"https:\/\/agenciainfra.com\/blog\/ons-estende-prazo-de-consulta-sobre-acesso-a-rede-de-transmissao\/","url":"https:\/\/agenciainfra.com\/blog\/ons-estende-prazo-de-consulta-sobre-acesso-a-rede-de-transmissao\/","name":"ONS estende prazo de consulta sobre acesso \u00e0 rede de transmiss\u00e3o - Ag\u00eancia iNFRA","isPartOf":{"@id":"https:\/\/agenciainfra.com\/blog\/#website"},"primaryImageOfPage":{"@id":"https:\/\/agenciainfra.com\/blog\/ons-estende-prazo-de-consulta-sobre-acesso-a-rede-de-transmissao\/#primaryimage"},"image":{"@id":"https:\/\/agenciainfra.com\/blog\/ons-estende-prazo-de-consulta-sobre-acesso-a-rede-de-transmissao\/#primaryimage"},"thumbnailUrl":"https:\/\/agenciainfra.com\/blog\/wp-content\/uploads\/2021\/06\/torre-transmissao-foto-dominio-publico-e1770382473431.jpeg","datePublished":"2026-04-27T20:19:15+00:00","dateModified":"2026-04-27T20:19:17+00:00","breadcrumb":{"@id":"https:\/\/agenciainfra.com\/blog\/ons-estende-prazo-de-consulta-sobre-acesso-a-rede-de-transmissao\/#breadcrumb"},"inLanguage":"pt-BR","potentialAction":[{"@type":"ReadAction","target":["https:\/\/agenciainfra.com\/blog\/ons-estende-prazo-de-consulta-sobre-acesso-a-rede-de-transmissao\/"]}]},{"@type":"ImageObject","inLanguage":"pt-BR","@id":"https:\/\/agenciainfra.com\/blog\/ons-estende-prazo-de-consulta-sobre-acesso-a-rede-de-transmissao\/#primaryimage","url":"https:\/\/agenciainfra.com\/blog\/wp-content\/uploads\/2021\/06\/torre-transmissao-foto-dominio-publico-e1770382473431.jpeg","contentUrl":"https:\/\/agenciainfra.com\/blog\/wp-content\/uploads\/2021\/06\/torre-transmissao-foto-dominio-publico-e1770382473431.jpeg","width":1280,"height":780,"caption":"Foto: Dom\u00ednio P\u00fablico"},{"@type":"BreadcrumbList","@id":"https:\/\/agenciainfra.com\/blog\/ons-estende-prazo-de-consulta-sobre-acesso-a-rede-de-transmissao\/#breadcrumb","itemListElement":[{"@type":"ListItem","position":1,"name":"In\u00edcio","item":"https:\/\/agenciainfra.com\/blog\/"},{"@type":"ListItem","position":2,"name":"ONS estende prazo de consulta sobre acesso \u00e0 rede de transmiss\u00e3o"}]},{"@type":"WebSite","@id":"https:\/\/agenciainfra.com\/blog\/#website","url":"https:\/\/agenciainfra.com\/blog\/","name":"Ag\u00eancia iNFRA","description":"Multiplataforma de informa\u00e7\u00e3o jornal\u00edstica refer\u00eancia na \u00e1rea de infraestrutura no Brasil!","publisher":{"@id":"https:\/\/agenciainfra.com\/blog\/#organization"},"potentialAction":[{"@type":"SearchAction","target":{"@type":"EntryPoint","urlTemplate":"https:\/\/agenciainfra.com\/blog\/?s={search_term_string}"},"query-input":{"@type":"PropertyValueSpecification","valueRequired":true,"valueName":"search_term_string"}}],"inLanguage":"pt-BR"},{"@type":"Organization","@id":"https:\/\/agenciainfra.com\/blog\/#organization","name":"Ag\u00eancia iNFRA","url":"https:\/\/agenciainfra.com\/blog\/","logo":{"@type":"ImageObject","inLanguage":"pt-BR","@id":"https:\/\/agenciainfra.com\/blog\/#\/schema\/logo\/image\/","url":"https:\/\/agenciainfra.com\/blog\/wp-content\/uploads\/2023\/09\/iNFRA_5-e1761735885940.png","contentUrl":"https:\/\/agenciainfra.com\/blog\/wp-content\/uploads\/2023\/09\/iNFRA_5-e1761735885940.png","width":1672,"height":454,"caption":"Ag\u00eancia iNFRA"},"image":{"@id":"https:\/\/agenciainfra.com\/blog\/#\/schema\/logo\/image\/"},"sameAs":["https:\/\/www.facebook.com\/ageninfra","https:\/\/x.com\/agencia_infra","https:\/\/www.linkedin.com\/company\/ag\u00eanciainfra\/","https:\/\/www.instagram.com\/agenciainfra\/"]},{"@type":"Person","@id":"https:\/\/agenciainfra.com\/blog\/#\/schema\/person\/34af08dff6adea4cb22b06612ba7acfa","name":"Ag\u00eancia iNFRA","image":{"@type":"ImageObject","inLanguage":"pt-BR","@id":"https:\/\/agenciainfra.com\/blog\/#\/schema\/person\/image\/","url":"https:\/\/secure.gravatar.com\/avatar\/d189e01678f06d8eb84d4e01f08eb848b3fffe3f8443818d3c356c66892f5be8?s=96&d=mm&r=g","contentUrl":"https:\/\/secure.gravatar.com\/avatar\/d189e01678f06d8eb84d4e01f08eb848b3fffe3f8443818d3c356c66892f5be8?s=96&d=mm&r=g","caption":"Ag\u00eancia iNFRA"},"url":"https:\/\/agenciainfra.com\/blog\/author\/admin\/"}]}},"_links":{"self":[{"href":"https:\/\/agenciainfra.com\/blog\/wp-json\/wp\/v2\/posts\/40154","targetHints":{"allow":["GET"]}}],"collection":[{"href":"https:\/\/agenciainfra.com\/blog\/wp-json\/wp\/v2\/posts"}],"about":[{"href":"https:\/\/agenciainfra.com\/blog\/wp-json\/wp\/v2\/types\/post"}],"author":[{"embeddable":true,"href":"https:\/\/agenciainfra.com\/blog\/wp-json\/wp\/v2\/users\/1"}],"replies":[{"embeddable":true,"href":"https:\/\/agenciainfra.com\/blog\/wp-json\/wp\/v2\/comments?post=40154"}],"version-history":[{"count":1,"href":"https:\/\/agenciainfra.com\/blog\/wp-json\/wp\/v2\/posts\/40154\/revisions"}],"predecessor-version":[{"id":40155,"href":"https:\/\/agenciainfra.com\/blog\/wp-json\/wp\/v2\/posts\/40154\/revisions\/40155"}],"wp:featuredmedia":[{"embeddable":true,"href":"https:\/\/agenciainfra.com\/blog\/wp-json\/wp\/v2\/media\/7484"}],"wp:attachment":[{"href":"https:\/\/agenciainfra.com\/blog\/wp-json\/wp\/v2\/media?parent=40154"}],"wp:term":[{"taxonomy":"category","embeddable":true,"href":"https:\/\/agenciainfra.com\/blog\/wp-json\/wp\/v2\/categories?post=40154"},{"taxonomy":"post_tag","embeddable":true,"href":"https:\/\/agenciainfra.com\/blog\/wp-json\/wp\/v2\/tags?post=40154"}],"curies":[{"name":"wp","href":"https:\/\/api.w.org\/{rel}","templated":true}]}}