{"id":40156,"date":"2026-04-27T17:48:14","date_gmt":"2026-04-27T20:48:14","guid":{"rendered":"https:\/\/agenciainfra.com\/blog\/?p=40156"},"modified":"2026-04-27T17:48:16","modified_gmt":"2026-04-27T20:48:16","slug":"ons-projeta-alta-de-ate-58-na-demanda-de-energia-em-maio","status":"publish","type":"post","link":"https:\/\/agenciainfra.com\/blog\/ons-projeta-alta-de-ate-58-na-demanda-de-energia-em-maio\/","title":{"rendered":"ONS projeta alta de at\u00e9 5,8% na demanda de energia em maio"},"content":{"rendered":"\n<p class=\"has-text-align-right\"><strong>da Ag\u00eancia iNFRA<\/strong><\/p>\n\n\n\n<p>O ONS (Operador Nacional do Sistema El\u00e9trico) prev\u00ea aumento da demanda de energia no SIN (Sistema Interligado Nacional) e em todos os subsistemas ao longo de maio. A carga total deve crescer 2,7% na compara\u00e7\u00e3o com o mesmo per\u00edodo de 2025, alcan\u00e7ando 80.790 MW m\u00e9dios, segundo o boletim do PMO (Programa Mensal de Opera\u00e7\u00e3o) para a semana de 25 de abril a 1\u00ba de maio.<\/p>\n\n\n\n<p>O avan\u00e7o ser\u00e1 mais intenso nas regi\u00f5es Norte e Nordeste, ambas com alta estimada de 5,8%. No Nordeste, a carga deve atingir 13.945 MW m\u00e9dios, enquanto no Norte a proje\u00e7\u00e3o \u00e9 de 8.562 MW m\u00e9dios. No Sul, o crescimento esperado \u00e9 de 3,2% (13.670 MW m\u00e9dios), e no Sudeste\/Centro-Oeste, de 1,1% (44.613 MW m\u00e9dios).<\/p>\n\n\n\n<p>No campo hidrol\u00f3gico, a ENA (Energia Natural Afluente) deve ficar mais elevada no Sul, com 97% da MLT (m\u00e9dia de longo termo). As demais regi\u00f5es apresentam proje\u00e7\u00f5es de 80% da MLT no Sudeste\/Centro-Oeste, 79% no Norte e 56% no Nordeste.<\/p>\n\n\n\n<p>J\u00e1 os n\u00edveis de EAR (Energia Armazenada), que indicam o volume dos reservat\u00f3rios, seguem elevados, com destaque para o Norte (97,9%) e o Nordeste (94,5%). O Sudeste\/Centro-Oeste aparece com 68,5%, enquanto o Sul tem 54,4%.<\/p>\n\n\n\n<p>O CMO (Custo Marginal de Opera\u00e7\u00e3o) est\u00e1 projetado em R$ 232,57 no Sul e R$ 231,16 no Sudeste\/Centro-Oeste. No Norte, o valor \u00e9 de R$ 289,25, enquanto no Nordeste permanece zerado.<\/p>\n","protected":false},"excerpt":{"rendered":"<p>da Ag\u00eancia iNFRA O ONS (Operador Nacional do Sistema El\u00e9trico) prev\u00ea aumento da demanda de energia no SIN (Sistema Interligado Nacional) e em todos os subsistemas ao longo de maio. A carga total deve crescer 2,7% na compara\u00e7\u00e3o com o mesmo per\u00edodo de 2025, alcan\u00e7ando 80.790 MW m\u00e9dios, segundo o boletim do PMO (Programa Mensal [&hellip;]<\/p>\n","protected":false},"author":1,"featured_media":27264,"comment_status":"closed","ping_status":"closed","sticky":false,"template":"","format":"standard","meta":{"_monsterinsights_skip_tracking":false,"_monsterinsights_sitenote_active":false,"_monsterinsights_sitenote_note":"","_monsterinsights_sitenote_category":0,"footnotes":""},"categories":[13576],"tags":[5124,1082,19607,13895,282,216,4505],"class_list":["post-40156","post","type-post","status-publish","format-standard","has-post-thumbnail","hentry","category-giro-infra","tag-demanda-de-energia","tag-distribuicao-de-energia","tag-ear","tag-energia-armazenada","tag-energia-eletrica","tag-ons","tag-pmo"],"yoast_head":"<!-- This site is optimized with the Yoast SEO Premium plugin v25.4 (Yoast SEO v26.0) - https:\/\/yoast.com\/wordpress\/plugins\/seo\/ -->\n<title>ONS projeta alta de at\u00e9 5,8% na demanda de energia em maio - Ag\u00eancia iNFRA<\/title>\n<meta name=\"robots\" content=\"index, follow, max-snippet:-1, max-image-preview:large, max-video-preview:-1\" \/>\n<link rel=\"canonical\" href=\"https:\/\/agenciainfra.com\/blog\/ons-projeta-alta-de-ate-58-na-demanda-de-energia-em-maio\/\" \/>\n<meta property=\"og:locale\" content=\"pt_BR\" \/>\n<meta property=\"og:type\" content=\"article\" \/>\n<meta property=\"og:title\" content=\"ONS projeta alta de at\u00e9 5,8% na demanda de energia em maio\" \/>\n<meta property=\"og:description\" content=\"da Ag\u00eancia iNFRA O ONS (Operador Nacional do Sistema El\u00e9trico) prev\u00ea aumento da demanda de energia no SIN (Sistema Interligado Nacional) e em todos os subsistemas ao longo de maio. A carga total deve crescer 2,7% na compara\u00e7\u00e3o com o mesmo per\u00edodo de 2025, alcan\u00e7ando 80.790 MW m\u00e9dios, segundo o boletim do PMO (Programa Mensal [&hellip;]\" \/>\n<meta property=\"og:url\" content=\"https:\/\/agenciainfra.com\/blog\/ons-projeta-alta-de-ate-58-na-demanda-de-energia-em-maio\/\" \/>\n<meta property=\"og:site_name\" content=\"Ag\u00eancia iNFRA\" \/>\n<meta property=\"article:publisher\" content=\"https:\/\/www.facebook.com\/ageninfra\" \/>\n<meta property=\"article:published_time\" content=\"2026-04-27T20:48:14+00:00\" \/>\n<meta property=\"article:modified_time\" content=\"2026-04-27T20:48:16+00:00\" \/>\n<meta property=\"og:image\" content=\"https:\/\/agenciainfra.com\/blog\/wp-content\/uploads\/2025\/09\/distribuicao-energia-foto-marcello-casal-jr-agencia-brasil.png\" \/>\n\t<meta property=\"og:image:width\" content=\"1280\" \/>\n\t<meta property=\"og:image:height\" content=\"765\" \/>\n\t<meta property=\"og:image:type\" content=\"image\/png\" \/>\n<meta name=\"author\" content=\"Ag\u00eancia iNFRA\" \/>\n<meta name=\"twitter:card\" content=\"summary_large_image\" \/>\n<meta name=\"twitter:creator\" content=\"@agencia_infra\" \/>\n<meta name=\"twitter:site\" content=\"@agencia_infra\" \/>\n<meta name=\"twitter:label1\" content=\"Escrito por\" \/>\n\t<meta name=\"twitter:data1\" content=\"Ag\u00eancia iNFRA\" \/>\n\t<meta name=\"twitter:label2\" content=\"Est. tempo de leitura\" \/>\n\t<meta name=\"twitter:data2\" content=\"1 minuto\" \/>\n<script type=\"application\/ld+json\" class=\"yoast-schema-graph\">{\"@context\":\"https:\/\/schema.org\",\"@graph\":[{\"@type\":\"Article\",\"@id\":\"https:\/\/agenciainfra.com\/blog\/ons-projeta-alta-de-ate-58-na-demanda-de-energia-em-maio\/#article\",\"isPartOf\":{\"@id\":\"https:\/\/agenciainfra.com\/blog\/ons-projeta-alta-de-ate-58-na-demanda-de-energia-em-maio\/\"},\"author\":{\"name\":\"Ag\u00eancia iNFRA\",\"@id\":\"https:\/\/agenciainfra.com\/blog\/#\/schema\/person\/34af08dff6adea4cb22b06612ba7acfa\"},\"headline\":\"ONS projeta alta de at\u00e9 5,8% na demanda de energia em maio\",\"datePublished\":\"2026-04-27T20:48:14+00:00\",\"dateModified\":\"2026-04-27T20:48:16+00:00\",\"mainEntityOfPage\":{\"@id\":\"https:\/\/agenciainfra.com\/blog\/ons-projeta-alta-de-ate-58-na-demanda-de-energia-em-maio\/\"},\"wordCount\":238,\"publisher\":{\"@id\":\"https:\/\/agenciainfra.com\/blog\/#organization\"},\"image\":{\"@id\":\"https:\/\/agenciainfra.com\/blog\/ons-projeta-alta-de-ate-58-na-demanda-de-energia-em-maio\/#primaryimage\"},\"thumbnailUrl\":\"https:\/\/agenciainfra.com\/blog\/wp-content\/uploads\/2025\/09\/distribuicao-energia-foto-marcello-casal-jr-agencia-brasil.png\",\"keywords\":[\"demanda de energia\",\"distribui\u00e7\u00e3o de energia\",\"EAR\",\"Energia Armazenada\",\"energia el\u00e9trica\",\"ONS\",\"PMO\"],\"articleSection\":[\"Giro iNFRA\"],\"inLanguage\":\"pt-BR\",\"copyrightYear\":\"2026\",\"copyrightHolder\":{\"@id\":\"https:\/\/agenciainfra.com\/blog\/#organization\"}},{\"@type\":\"WebPage\",\"@id\":\"https:\/\/agenciainfra.com\/blog\/ons-projeta-alta-de-ate-58-na-demanda-de-energia-em-maio\/\",\"url\":\"https:\/\/agenciainfra.com\/blog\/ons-projeta-alta-de-ate-58-na-demanda-de-energia-em-maio\/\",\"name\":\"ONS projeta alta de at\u00e9 5,8% na demanda de energia em maio - Ag\u00eancia iNFRA\",\"isPartOf\":{\"@id\":\"https:\/\/agenciainfra.com\/blog\/#website\"},\"primaryImageOfPage\":{\"@id\":\"https:\/\/agenciainfra.com\/blog\/ons-projeta-alta-de-ate-58-na-demanda-de-energia-em-maio\/#primaryimage\"},\"image\":{\"@id\":\"https:\/\/agenciainfra.com\/blog\/ons-projeta-alta-de-ate-58-na-demanda-de-energia-em-maio\/#primaryimage\"},\"thumbnailUrl\":\"https:\/\/agenciainfra.com\/blog\/wp-content\/uploads\/2025\/09\/distribuicao-energia-foto-marcello-casal-jr-agencia-brasil.png\",\"datePublished\":\"2026-04-27T20:48:14+00:00\",\"dateModified\":\"2026-04-27T20:48:16+00:00\",\"breadcrumb\":{\"@id\":\"https:\/\/agenciainfra.com\/blog\/ons-projeta-alta-de-ate-58-na-demanda-de-energia-em-maio\/#breadcrumb\"},\"inLanguage\":\"pt-BR\",\"potentialAction\":[{\"@type\":\"ReadAction\",\"target\":[\"https:\/\/agenciainfra.com\/blog\/ons-projeta-alta-de-ate-58-na-demanda-de-energia-em-maio\/\"]}]},{\"@type\":\"ImageObject\",\"inLanguage\":\"pt-BR\",\"@id\":\"https:\/\/agenciainfra.com\/blog\/ons-projeta-alta-de-ate-58-na-demanda-de-energia-em-maio\/#primaryimage\",\"url\":\"https:\/\/agenciainfra.com\/blog\/wp-content\/uploads\/2025\/09\/distribuicao-energia-foto-marcello-casal-jr-agencia-brasil.png\",\"contentUrl\":\"https:\/\/agenciainfra.com\/blog\/wp-content\/uploads\/2025\/09\/distribuicao-energia-foto-marcello-casal-jr-agencia-brasil.png\",\"width\":1280,\"height\":765,\"caption\":\"Foto: Marcello Casal Jr.\/Ag\u00eancia Brasil\"},{\"@type\":\"BreadcrumbList\",\"@id\":\"https:\/\/agenciainfra.com\/blog\/ons-projeta-alta-de-ate-58-na-demanda-de-energia-em-maio\/#breadcrumb\",\"itemListElement\":[{\"@type\":\"ListItem\",\"position\":1,\"name\":\"In\u00edcio\",\"item\":\"https:\/\/agenciainfra.com\/blog\/\"},{\"@type\":\"ListItem\",\"position\":2,\"name\":\"ONS projeta alta de at\u00e9 5,8% na demanda de energia em maio\"}]},{\"@type\":\"WebSite\",\"@id\":\"https:\/\/agenciainfra.com\/blog\/#website\",\"url\":\"https:\/\/agenciainfra.com\/blog\/\",\"name\":\"Ag\u00eancia iNFRA\",\"description\":\"Multiplataforma de informa\u00e7\u00e3o jornal\u00edstica refer\u00eancia na \u00e1rea de infraestrutura no Brasil!\",\"publisher\":{\"@id\":\"https:\/\/agenciainfra.com\/blog\/#organization\"},\"potentialAction\":[{\"@type\":\"SearchAction\",\"target\":{\"@type\":\"EntryPoint\",\"urlTemplate\":\"https:\/\/agenciainfra.com\/blog\/?s={search_term_string}\"},\"query-input\":{\"@type\":\"PropertyValueSpecification\",\"valueRequired\":true,\"valueName\":\"search_term_string\"}}],\"inLanguage\":\"pt-BR\"},{\"@type\":\"Organization\",\"@id\":\"https:\/\/agenciainfra.com\/blog\/#organization\",\"name\":\"Ag\u00eancia iNFRA\",\"url\":\"https:\/\/agenciainfra.com\/blog\/\",\"logo\":{\"@type\":\"ImageObject\",\"inLanguage\":\"pt-BR\",\"@id\":\"https:\/\/agenciainfra.com\/blog\/#\/schema\/logo\/image\/\",\"url\":\"https:\/\/agenciainfra.com\/blog\/wp-content\/uploads\/2023\/09\/iNFRA_5-e1761735885940.png\",\"contentUrl\":\"https:\/\/agenciainfra.com\/blog\/wp-content\/uploads\/2023\/09\/iNFRA_5-e1761735885940.png\",\"width\":1672,\"height\":454,\"caption\":\"Ag\u00eancia iNFRA\"},\"image\":{\"@id\":\"https:\/\/agenciainfra.com\/blog\/#\/schema\/logo\/image\/\"},\"sameAs\":[\"https:\/\/www.facebook.com\/ageninfra\",\"https:\/\/x.com\/agencia_infra\",\"https:\/\/www.linkedin.com\/company\/ag\u00eanciainfra\/\",\"https:\/\/www.instagram.com\/agenciainfra\/\"]},{\"@type\":\"Person\",\"@id\":\"https:\/\/agenciainfra.com\/blog\/#\/schema\/person\/34af08dff6adea4cb22b06612ba7acfa\",\"name\":\"Ag\u00eancia iNFRA\",\"image\":{\"@type\":\"ImageObject\",\"inLanguage\":\"pt-BR\",\"@id\":\"https:\/\/agenciainfra.com\/blog\/#\/schema\/person\/image\/\",\"url\":\"https:\/\/secure.gravatar.com\/avatar\/d189e01678f06d8eb84d4e01f08eb848b3fffe3f8443818d3c356c66892f5be8?s=96&d=mm&r=g\",\"contentUrl\":\"https:\/\/secure.gravatar.com\/avatar\/d189e01678f06d8eb84d4e01f08eb848b3fffe3f8443818d3c356c66892f5be8?s=96&d=mm&r=g\",\"caption\":\"Ag\u00eancia iNFRA\"},\"url\":\"https:\/\/agenciainfra.com\/blog\/author\/admin\/\"}]}<\/script>\n<!-- \/ Yoast SEO Premium plugin. -->","yoast_head_json":{"title":"ONS projeta alta de at\u00e9 5,8% na demanda de energia em maio - Ag\u00eancia iNFRA","robots":{"index":"index","follow":"follow","max-snippet":"max-snippet:-1","max-image-preview":"max-image-preview:large","max-video-preview":"max-video-preview:-1"},"canonical":"https:\/\/agenciainfra.com\/blog\/ons-projeta-alta-de-ate-58-na-demanda-de-energia-em-maio\/","og_locale":"pt_BR","og_type":"article","og_title":"ONS projeta alta de at\u00e9 5,8% na demanda de energia em maio","og_description":"da Ag\u00eancia iNFRA O ONS (Operador Nacional do Sistema El\u00e9trico) prev\u00ea aumento da demanda de energia no SIN (Sistema Interligado Nacional) e em todos os subsistemas ao longo de maio. A carga total deve crescer 2,7% na compara\u00e7\u00e3o com o mesmo per\u00edodo de 2025, alcan\u00e7ando 80.790 MW m\u00e9dios, segundo o boletim do PMO (Programa Mensal [&hellip;]","og_url":"https:\/\/agenciainfra.com\/blog\/ons-projeta-alta-de-ate-58-na-demanda-de-energia-em-maio\/","og_site_name":"Ag\u00eancia iNFRA","article_publisher":"https:\/\/www.facebook.com\/ageninfra","article_published_time":"2026-04-27T20:48:14+00:00","article_modified_time":"2026-04-27T20:48:16+00:00","og_image":[{"width":1280,"height":765,"url":"https:\/\/agenciainfra.com\/blog\/wp-content\/uploads\/2025\/09\/distribuicao-energia-foto-marcello-casal-jr-agencia-brasil.png","type":"image\/png"}],"author":"Ag\u00eancia iNFRA","twitter_card":"summary_large_image","twitter_creator":"@agencia_infra","twitter_site":"@agencia_infra","twitter_misc":{"Escrito por":"Ag\u00eancia iNFRA","Est. tempo de leitura":"1 minuto"},"schema":{"@context":"https:\/\/schema.org","@graph":[{"@type":"Article","@id":"https:\/\/agenciainfra.com\/blog\/ons-projeta-alta-de-ate-58-na-demanda-de-energia-em-maio\/#article","isPartOf":{"@id":"https:\/\/agenciainfra.com\/blog\/ons-projeta-alta-de-ate-58-na-demanda-de-energia-em-maio\/"},"author":{"name":"Ag\u00eancia iNFRA","@id":"https:\/\/agenciainfra.com\/blog\/#\/schema\/person\/34af08dff6adea4cb22b06612ba7acfa"},"headline":"ONS projeta alta de at\u00e9 5,8% na demanda de energia em maio","datePublished":"2026-04-27T20:48:14+00:00","dateModified":"2026-04-27T20:48:16+00:00","mainEntityOfPage":{"@id":"https:\/\/agenciainfra.com\/blog\/ons-projeta-alta-de-ate-58-na-demanda-de-energia-em-maio\/"},"wordCount":238,"publisher":{"@id":"https:\/\/agenciainfra.com\/blog\/#organization"},"image":{"@id":"https:\/\/agenciainfra.com\/blog\/ons-projeta-alta-de-ate-58-na-demanda-de-energia-em-maio\/#primaryimage"},"thumbnailUrl":"https:\/\/agenciainfra.com\/blog\/wp-content\/uploads\/2025\/09\/distribuicao-energia-foto-marcello-casal-jr-agencia-brasil.png","keywords":["demanda de energia","distribui\u00e7\u00e3o de energia","EAR","Energia Armazenada","energia el\u00e9trica","ONS","PMO"],"articleSection":["Giro iNFRA"],"inLanguage":"pt-BR","copyrightYear":"2026","copyrightHolder":{"@id":"https:\/\/agenciainfra.com\/blog\/#organization"}},{"@type":"WebPage","@id":"https:\/\/agenciainfra.com\/blog\/ons-projeta-alta-de-ate-58-na-demanda-de-energia-em-maio\/","url":"https:\/\/agenciainfra.com\/blog\/ons-projeta-alta-de-ate-58-na-demanda-de-energia-em-maio\/","name":"ONS projeta alta de at\u00e9 5,8% na demanda de energia em maio - Ag\u00eancia iNFRA","isPartOf":{"@id":"https:\/\/agenciainfra.com\/blog\/#website"},"primaryImageOfPage":{"@id":"https:\/\/agenciainfra.com\/blog\/ons-projeta-alta-de-ate-58-na-demanda-de-energia-em-maio\/#primaryimage"},"image":{"@id":"https:\/\/agenciainfra.com\/blog\/ons-projeta-alta-de-ate-58-na-demanda-de-energia-em-maio\/#primaryimage"},"thumbnailUrl":"https:\/\/agenciainfra.com\/blog\/wp-content\/uploads\/2025\/09\/distribuicao-energia-foto-marcello-casal-jr-agencia-brasil.png","datePublished":"2026-04-27T20:48:14+00:00","dateModified":"2026-04-27T20:48:16+00:00","breadcrumb":{"@id":"https:\/\/agenciainfra.com\/blog\/ons-projeta-alta-de-ate-58-na-demanda-de-energia-em-maio\/#breadcrumb"},"inLanguage":"pt-BR","potentialAction":[{"@type":"ReadAction","target":["https:\/\/agenciainfra.com\/blog\/ons-projeta-alta-de-ate-58-na-demanda-de-energia-em-maio\/"]}]},{"@type":"ImageObject","inLanguage":"pt-BR","@id":"https:\/\/agenciainfra.com\/blog\/ons-projeta-alta-de-ate-58-na-demanda-de-energia-em-maio\/#primaryimage","url":"https:\/\/agenciainfra.com\/blog\/wp-content\/uploads\/2025\/09\/distribuicao-energia-foto-marcello-casal-jr-agencia-brasil.png","contentUrl":"https:\/\/agenciainfra.com\/blog\/wp-content\/uploads\/2025\/09\/distribuicao-energia-foto-marcello-casal-jr-agencia-brasil.png","width":1280,"height":765,"caption":"Foto: Marcello Casal Jr.\/Ag\u00eancia Brasil"},{"@type":"BreadcrumbList","@id":"https:\/\/agenciainfra.com\/blog\/ons-projeta-alta-de-ate-58-na-demanda-de-energia-em-maio\/#breadcrumb","itemListElement":[{"@type":"ListItem","position":1,"name":"In\u00edcio","item":"https:\/\/agenciainfra.com\/blog\/"},{"@type":"ListItem","position":2,"name":"ONS projeta alta de at\u00e9 5,8% na demanda de energia em maio"}]},{"@type":"WebSite","@id":"https:\/\/agenciainfra.com\/blog\/#website","url":"https:\/\/agenciainfra.com\/blog\/","name":"Ag\u00eancia iNFRA","description":"Multiplataforma de informa\u00e7\u00e3o jornal\u00edstica refer\u00eancia na \u00e1rea de infraestrutura no Brasil!","publisher":{"@id":"https:\/\/agenciainfra.com\/blog\/#organization"},"potentialAction":[{"@type":"SearchAction","target":{"@type":"EntryPoint","urlTemplate":"https:\/\/agenciainfra.com\/blog\/?s={search_term_string}"},"query-input":{"@type":"PropertyValueSpecification","valueRequired":true,"valueName":"search_term_string"}}],"inLanguage":"pt-BR"},{"@type":"Organization","@id":"https:\/\/agenciainfra.com\/blog\/#organization","name":"Ag\u00eancia iNFRA","url":"https:\/\/agenciainfra.com\/blog\/","logo":{"@type":"ImageObject","inLanguage":"pt-BR","@id":"https:\/\/agenciainfra.com\/blog\/#\/schema\/logo\/image\/","url":"https:\/\/agenciainfra.com\/blog\/wp-content\/uploads\/2023\/09\/iNFRA_5-e1761735885940.png","contentUrl":"https:\/\/agenciainfra.com\/blog\/wp-content\/uploads\/2023\/09\/iNFRA_5-e1761735885940.png","width":1672,"height":454,"caption":"Ag\u00eancia iNFRA"},"image":{"@id":"https:\/\/agenciainfra.com\/blog\/#\/schema\/logo\/image\/"},"sameAs":["https:\/\/www.facebook.com\/ageninfra","https:\/\/x.com\/agencia_infra","https:\/\/www.linkedin.com\/company\/ag\u00eanciainfra\/","https:\/\/www.instagram.com\/agenciainfra\/"]},{"@type":"Person","@id":"https:\/\/agenciainfra.com\/blog\/#\/schema\/person\/34af08dff6adea4cb22b06612ba7acfa","name":"Ag\u00eancia iNFRA","image":{"@type":"ImageObject","inLanguage":"pt-BR","@id":"https:\/\/agenciainfra.com\/blog\/#\/schema\/person\/image\/","url":"https:\/\/secure.gravatar.com\/avatar\/d189e01678f06d8eb84d4e01f08eb848b3fffe3f8443818d3c356c66892f5be8?s=96&d=mm&r=g","contentUrl":"https:\/\/secure.gravatar.com\/avatar\/d189e01678f06d8eb84d4e01f08eb848b3fffe3f8443818d3c356c66892f5be8?s=96&d=mm&r=g","caption":"Ag\u00eancia iNFRA"},"url":"https:\/\/agenciainfra.com\/blog\/author\/admin\/"}]}},"_links":{"self":[{"href":"https:\/\/agenciainfra.com\/blog\/wp-json\/wp\/v2\/posts\/40156","targetHints":{"allow":["GET"]}}],"collection":[{"href":"https:\/\/agenciainfra.com\/blog\/wp-json\/wp\/v2\/posts"}],"about":[{"href":"https:\/\/agenciainfra.com\/blog\/wp-json\/wp\/v2\/types\/post"}],"author":[{"embeddable":true,"href":"https:\/\/agenciainfra.com\/blog\/wp-json\/wp\/v2\/users\/1"}],"replies":[{"embeddable":true,"href":"https:\/\/agenciainfra.com\/blog\/wp-json\/wp\/v2\/comments?post=40156"}],"version-history":[{"count":1,"href":"https:\/\/agenciainfra.com\/blog\/wp-json\/wp\/v2\/posts\/40156\/revisions"}],"predecessor-version":[{"id":40158,"href":"https:\/\/agenciainfra.com\/blog\/wp-json\/wp\/v2\/posts\/40156\/revisions\/40158"}],"wp:featuredmedia":[{"embeddable":true,"href":"https:\/\/agenciainfra.com\/blog\/wp-json\/wp\/v2\/media\/27264"}],"wp:attachment":[{"href":"https:\/\/agenciainfra.com\/blog\/wp-json\/wp\/v2\/media?parent=40156"}],"wp:term":[{"taxonomy":"category","embeddable":true,"href":"https:\/\/agenciainfra.com\/blog\/wp-json\/wp\/v2\/categories?post=40156"},{"taxonomy":"post_tag","embeddable":true,"href":"https:\/\/agenciainfra.com\/blog\/wp-json\/wp\/v2\/tags?post=40156"}],"curies":[{"name":"wp","href":"https:\/\/api.w.org\/{rel}","templated":true}]}}