{"id":40157,"date":"2026-04-27T17:51:09","date_gmt":"2026-04-27T20:51:09","guid":{"rendered":"https:\/\/agenciainfra.com\/blog\/?p=40157"},"modified":"2026-04-27T19:44:41","modified_gmt":"2026-04-27T22:44:41","slug":"sp-lanca-consulta-publica-para-novas-concessoes-de-saneamento","status":"publish","type":"post","link":"https:\/\/agenciainfra.com\/blog\/sp-lanca-consulta-publica-para-novas-concessoes-de-saneamento\/","title":{"rendered":"SP lan\u00e7a consulta p\u00fablica para novas concess\u00f5es de saneamento\u00a0"},"content":{"rendered":"\n<p class=\"has-text-align-right\"><strong>Beatriz Kawai, da Ag\u00eancia iNFRA<\/strong><\/p>\n\n\n\n<p>O governo do estado de S\u00e3o Paulo, por meio da Semil-SP (Secretaria de Meio Ambiente, Infraestrutura e Log\u00edstica) e da SPI (Secretaria de Parcerias em Investimentos), abriu nesta segunda-feira (27) <a href=\"https:\/\/www.parceriaseminvestimentos.sp.gov.br\/sec-parcerias-investimentos\/projetos\/projetos-qualificados\/universalizasp\">consulta p\u00fablica<\/a> do Universaliza, programa que convida munic\u00edpios que n\u00e3o est\u00e3o no bloco atendido pela Sabesp (Companhia de Saneamento B\u00e1sico do Estado de S\u00e3o Paulo) a participarem da nova unidade regional de saneamento do estado, que depois ser\u00e1 dividida em subunidades.&nbsp;<\/p>\n\n\n\n<p>Na estimativa da pasta, o projeto movimentar\u00e1 R$ 29 bilh\u00f5es de investimentos at\u00e9 2033 \u2013 prazo para a universaliza\u00e7\u00e3o dos servi\u00e7os de \u00e1gua e esgoto no pa\u00eds \u2013 e R$ 100 bilh\u00f5es at\u00e9 2060. Com a ades\u00e3o das prefeituras paulistas, o governo estadual separar\u00e1 o estado em sub-unidades, previstas a serem leiloadas no segundo semestre deste ano.&nbsp;<\/p>\n\n\n\n<p>Est\u00e3o em consulta edital, minuta de contrato e planos regionais de saneamento, documentos que ficar\u00e3o abertos para receber contribui\u00e7\u00e3o at\u00e9 28 de maio. As pastas ainda realizar\u00e3o cinco audi\u00eancias p\u00fablicas no pr\u00f3ximo m\u00eas, em S\u00e3o Caetano do Sul, Americana, S\u00e3o Carlos, S\u00e3o Jos\u00e9 do Rio Preto e uma final virtualmente.<\/p>\n\n\n\n<p><\/p>\n","protected":false},"excerpt":{"rendered":"<p>Beatriz Kawai, da Ag\u00eancia iNFRA O governo do estado de S\u00e3o Paulo, por meio da Semil-SP (Secretaria de Meio Ambiente, Infraestrutura e Log\u00edstica) e da SPI (Secretaria de Parcerias em Investimentos), abriu nesta segunda-feira (27) consulta p\u00fablica do Universaliza, programa que convida munic\u00edpios que n\u00e3o est\u00e3o no bloco atendido pela Sabesp (Companhia de Saneamento B\u00e1sico [&hellip;]<\/p>\n","protected":false},"author":1,"featured_media":5534,"comment_status":"closed","ping_status":"closed","sticky":false,"template":"","format":"standard","meta":{"_monsterinsights_skip_tracking":false,"_monsterinsights_sitenote_active":false,"_monsterinsights_sitenote_note":"","_monsterinsights_sitenote_category":0,"footnotes":""},"categories":[7250],"tags":[18060,345,2216,179,7080,19608,2192],"class_list":["post-40157","post","type-post","status-publish","format-standard","has-post-thumbnail","hentry","category-destaque-lista","tag-beatriz-kawai","tag-consulta-publica","tag-sabesp","tag-saneamento","tag-spi","tag-universaliza","tag-universalizacao"],"yoast_head":"<!-- This site is optimized with the Yoast SEO Premium plugin v25.4 (Yoast SEO v26.0) - https:\/\/yoast.com\/wordpress\/plugins\/seo\/ -->\n<title>SP lan\u00e7a consulta p\u00fablica para novas concess\u00f5es de saneamento\u00a0 - Ag\u00eancia iNFRA<\/title>\n<meta name=\"robots\" content=\"index, follow, max-snippet:-1, max-image-preview:large, max-video-preview:-1\" \/>\n<link rel=\"canonical\" href=\"https:\/\/agenciainfra.com\/blog\/sp-lanca-consulta-publica-para-novas-concessoes-de-saneamento\/\" \/>\n<meta property=\"og:locale\" content=\"pt_BR\" \/>\n<meta property=\"og:type\" content=\"article\" \/>\n<meta property=\"og:title\" content=\"SP lan\u00e7a consulta p\u00fablica para novas concess\u00f5es de saneamento\u00a0\" \/>\n<meta property=\"og:description\" content=\"Beatriz Kawai, da Ag\u00eancia iNFRA O governo do estado de S\u00e3o Paulo, por meio da Semil-SP (Secretaria de Meio Ambiente, Infraestrutura e Log\u00edstica) e da SPI (Secretaria de Parcerias em Investimentos), abriu nesta segunda-feira (27) consulta p\u00fablica do Universaliza, programa que convida munic\u00edpios que n\u00e3o est\u00e3o no bloco atendido pela Sabesp (Companhia de Saneamento B\u00e1sico [&hellip;]\" \/>\n<meta property=\"og:url\" content=\"https:\/\/agenciainfra.com\/blog\/sp-lanca-consulta-publica-para-novas-concessoes-de-saneamento\/\" \/>\n<meta property=\"og:site_name\" content=\"Ag\u00eancia iNFRA\" \/>\n<meta property=\"article:publisher\" content=\"https:\/\/www.facebook.com\/ageninfra\" \/>\n<meta property=\"article:published_time\" content=\"2026-04-27T20:51:09+00:00\" \/>\n<meta property=\"article:modified_time\" content=\"2026-04-27T22:44:41+00:00\" \/>\n<meta property=\"og:image\" content=\"https:\/\/agenciainfra.com\/blog\/wp-content\/uploads\/2020\/07\/saneamento-foto-mdr.jpg\" \/>\n\t<meta property=\"og:image:width\" content=\"1280\" \/>\n\t<meta property=\"og:image:height\" content=\"734\" \/>\n\t<meta property=\"og:image:type\" content=\"image\/jpeg\" \/>\n<meta name=\"author\" content=\"Ag\u00eancia iNFRA\" \/>\n<meta name=\"twitter:card\" content=\"summary_large_image\" \/>\n<meta name=\"twitter:creator\" content=\"@agencia_infra\" \/>\n<meta name=\"twitter:site\" content=\"@agencia_infra\" \/>\n<meta name=\"twitter:label1\" content=\"Escrito por\" \/>\n\t<meta name=\"twitter:data1\" content=\"Ag\u00eancia iNFRA\" \/>\n\t<meta name=\"twitter:label2\" content=\"Est. tempo de leitura\" \/>\n\t<meta name=\"twitter:data2\" content=\"1 minuto\" \/>\n<script type=\"application\/ld+json\" class=\"yoast-schema-graph\">{\"@context\":\"https:\/\/schema.org\",\"@graph\":[{\"@type\":\"Article\",\"@id\":\"https:\/\/agenciainfra.com\/blog\/sp-lanca-consulta-publica-para-novas-concessoes-de-saneamento\/#article\",\"isPartOf\":{\"@id\":\"https:\/\/agenciainfra.com\/blog\/sp-lanca-consulta-publica-para-novas-concessoes-de-saneamento\/\"},\"author\":{\"name\":\"Ag\u00eancia iNFRA\",\"@id\":\"https:\/\/agenciainfra.com\/blog\/#\/schema\/person\/34af08dff6adea4cb22b06612ba7acfa\"},\"headline\":\"SP lan\u00e7a consulta p\u00fablica para novas concess\u00f5es de saneamento\u00a0\",\"datePublished\":\"2026-04-27T20:51:09+00:00\",\"dateModified\":\"2026-04-27T22:44:41+00:00\",\"mainEntityOfPage\":{\"@id\":\"https:\/\/agenciainfra.com\/blog\/sp-lanca-consulta-publica-para-novas-concessoes-de-saneamento\/\"},\"wordCount\":215,\"publisher\":{\"@id\":\"https:\/\/agenciainfra.com\/blog\/#organization\"},\"image\":{\"@id\":\"https:\/\/agenciainfra.com\/blog\/sp-lanca-consulta-publica-para-novas-concessoes-de-saneamento\/#primaryimage\"},\"thumbnailUrl\":\"https:\/\/agenciainfra.com\/blog\/wp-content\/uploads\/2020\/07\/saneamento-foto-mdr.jpg\",\"keywords\":[\"Beatriz Kawai\",\"consulta p\u00fablica\",\"Sabesp\",\"saneamento\",\"SPI\",\"Universaliza\",\"universaliza\u00e7\u00e3o\"],\"articleSection\":[\"Destaque lista\"],\"inLanguage\":\"pt-BR\",\"copyrightYear\":\"2026\",\"copyrightHolder\":{\"@id\":\"https:\/\/agenciainfra.com\/blog\/#organization\"}},{\"@type\":\"WebPage\",\"@id\":\"https:\/\/agenciainfra.com\/blog\/sp-lanca-consulta-publica-para-novas-concessoes-de-saneamento\/\",\"url\":\"https:\/\/agenciainfra.com\/blog\/sp-lanca-consulta-publica-para-novas-concessoes-de-saneamento\/\",\"name\":\"SP lan\u00e7a consulta p\u00fablica para novas concess\u00f5es de saneamento\u00a0 - Ag\u00eancia iNFRA\",\"isPartOf\":{\"@id\":\"https:\/\/agenciainfra.com\/blog\/#website\"},\"primaryImageOfPage\":{\"@id\":\"https:\/\/agenciainfra.com\/blog\/sp-lanca-consulta-publica-para-novas-concessoes-de-saneamento\/#primaryimage\"},\"image\":{\"@id\":\"https:\/\/agenciainfra.com\/blog\/sp-lanca-consulta-publica-para-novas-concessoes-de-saneamento\/#primaryimage\"},\"thumbnailUrl\":\"https:\/\/agenciainfra.com\/blog\/wp-content\/uploads\/2020\/07\/saneamento-foto-mdr.jpg\",\"datePublished\":\"2026-04-27T20:51:09+00:00\",\"dateModified\":\"2026-04-27T22:44:41+00:00\",\"breadcrumb\":{\"@id\":\"https:\/\/agenciainfra.com\/blog\/sp-lanca-consulta-publica-para-novas-concessoes-de-saneamento\/#breadcrumb\"},\"inLanguage\":\"pt-BR\",\"potentialAction\":[{\"@type\":\"ReadAction\",\"target\":[\"https:\/\/agenciainfra.com\/blog\/sp-lanca-consulta-publica-para-novas-concessoes-de-saneamento\/\"]}]},{\"@type\":\"ImageObject\",\"inLanguage\":\"pt-BR\",\"@id\":\"https:\/\/agenciainfra.com\/blog\/sp-lanca-consulta-publica-para-novas-concessoes-de-saneamento\/#primaryimage\",\"url\":\"https:\/\/agenciainfra.com\/blog\/wp-content\/uploads\/2020\/07\/saneamento-foto-mdr.jpg\",\"contentUrl\":\"https:\/\/agenciainfra.com\/blog\/wp-content\/uploads\/2020\/07\/saneamento-foto-mdr.jpg\",\"width\":1280,\"height\":734,\"caption\":\"Foto: Minist\u00e9rio do Desenvolvimento Regional\"},{\"@type\":\"BreadcrumbList\",\"@id\":\"https:\/\/agenciainfra.com\/blog\/sp-lanca-consulta-publica-para-novas-concessoes-de-saneamento\/#breadcrumb\",\"itemListElement\":[{\"@type\":\"ListItem\",\"position\":1,\"name\":\"In\u00edcio\",\"item\":\"https:\/\/agenciainfra.com\/blog\/\"},{\"@type\":\"ListItem\",\"position\":2,\"name\":\"SP lan\u00e7a consulta p\u00fablica para novas concess\u00f5es de saneamento\u00a0\"}]},{\"@type\":\"WebSite\",\"@id\":\"https:\/\/agenciainfra.com\/blog\/#website\",\"url\":\"https:\/\/agenciainfra.com\/blog\/\",\"name\":\"Ag\u00eancia iNFRA\",\"description\":\"Multiplataforma de informa\u00e7\u00e3o jornal\u00edstica refer\u00eancia na \u00e1rea de infraestrutura no Brasil!\",\"publisher\":{\"@id\":\"https:\/\/agenciainfra.com\/blog\/#organization\"},\"potentialAction\":[{\"@type\":\"SearchAction\",\"target\":{\"@type\":\"EntryPoint\",\"urlTemplate\":\"https:\/\/agenciainfra.com\/blog\/?s={search_term_string}\"},\"query-input\":{\"@type\":\"PropertyValueSpecification\",\"valueRequired\":true,\"valueName\":\"search_term_string\"}}],\"inLanguage\":\"pt-BR\"},{\"@type\":\"Organization\",\"@id\":\"https:\/\/agenciainfra.com\/blog\/#organization\",\"name\":\"Ag\u00eancia iNFRA\",\"url\":\"https:\/\/agenciainfra.com\/blog\/\",\"logo\":{\"@type\":\"ImageObject\",\"inLanguage\":\"pt-BR\",\"@id\":\"https:\/\/agenciainfra.com\/blog\/#\/schema\/logo\/image\/\",\"url\":\"https:\/\/agenciainfra.com\/blog\/wp-content\/uploads\/2023\/09\/iNFRA_5-e1761735885940.png\",\"contentUrl\":\"https:\/\/agenciainfra.com\/blog\/wp-content\/uploads\/2023\/09\/iNFRA_5-e1761735885940.png\",\"width\":1672,\"height\":454,\"caption\":\"Ag\u00eancia iNFRA\"},\"image\":{\"@id\":\"https:\/\/agenciainfra.com\/blog\/#\/schema\/logo\/image\/\"},\"sameAs\":[\"https:\/\/www.facebook.com\/ageninfra\",\"https:\/\/x.com\/agencia_infra\",\"https:\/\/www.linkedin.com\/company\/ag\u00eanciainfra\/\",\"https:\/\/www.instagram.com\/agenciainfra\/\"]},{\"@type\":\"Person\",\"@id\":\"https:\/\/agenciainfra.com\/blog\/#\/schema\/person\/34af08dff6adea4cb22b06612ba7acfa\",\"name\":\"Ag\u00eancia iNFRA\",\"image\":{\"@type\":\"ImageObject\",\"inLanguage\":\"pt-BR\",\"@id\":\"https:\/\/agenciainfra.com\/blog\/#\/schema\/person\/image\/\",\"url\":\"https:\/\/secure.gravatar.com\/avatar\/d189e01678f06d8eb84d4e01f08eb848b3fffe3f8443818d3c356c66892f5be8?s=96&d=mm&r=g\",\"contentUrl\":\"https:\/\/secure.gravatar.com\/avatar\/d189e01678f06d8eb84d4e01f08eb848b3fffe3f8443818d3c356c66892f5be8?s=96&d=mm&r=g\",\"caption\":\"Ag\u00eancia iNFRA\"},\"url\":\"https:\/\/agenciainfra.com\/blog\/author\/admin\/\"}]}<\/script>\n<!-- \/ Yoast SEO Premium plugin. -->","yoast_head_json":{"title":"SP lan\u00e7a consulta p\u00fablica para novas concess\u00f5es de saneamento\u00a0 - Ag\u00eancia iNFRA","robots":{"index":"index","follow":"follow","max-snippet":"max-snippet:-1","max-image-preview":"max-image-preview:large","max-video-preview":"max-video-preview:-1"},"canonical":"https:\/\/agenciainfra.com\/blog\/sp-lanca-consulta-publica-para-novas-concessoes-de-saneamento\/","og_locale":"pt_BR","og_type":"article","og_title":"SP lan\u00e7a consulta p\u00fablica para novas concess\u00f5es de saneamento\u00a0","og_description":"Beatriz Kawai, da Ag\u00eancia iNFRA O governo do estado de S\u00e3o Paulo, por meio da Semil-SP (Secretaria de Meio Ambiente, Infraestrutura e Log\u00edstica) e da SPI (Secretaria de Parcerias em Investimentos), abriu nesta segunda-feira (27) consulta p\u00fablica do Universaliza, programa que convida munic\u00edpios que n\u00e3o est\u00e3o no bloco atendido pela Sabesp (Companhia de Saneamento B\u00e1sico [&hellip;]","og_url":"https:\/\/agenciainfra.com\/blog\/sp-lanca-consulta-publica-para-novas-concessoes-de-saneamento\/","og_site_name":"Ag\u00eancia iNFRA","article_publisher":"https:\/\/www.facebook.com\/ageninfra","article_published_time":"2026-04-27T20:51:09+00:00","article_modified_time":"2026-04-27T22:44:41+00:00","og_image":[{"width":1280,"height":734,"url":"https:\/\/agenciainfra.com\/blog\/wp-content\/uploads\/2020\/07\/saneamento-foto-mdr.jpg","type":"image\/jpeg"}],"author":"Ag\u00eancia iNFRA","twitter_card":"summary_large_image","twitter_creator":"@agencia_infra","twitter_site":"@agencia_infra","twitter_misc":{"Escrito por":"Ag\u00eancia iNFRA","Est. tempo de leitura":"1 minuto"},"schema":{"@context":"https:\/\/schema.org","@graph":[{"@type":"Article","@id":"https:\/\/agenciainfra.com\/blog\/sp-lanca-consulta-publica-para-novas-concessoes-de-saneamento\/#article","isPartOf":{"@id":"https:\/\/agenciainfra.com\/blog\/sp-lanca-consulta-publica-para-novas-concessoes-de-saneamento\/"},"author":{"name":"Ag\u00eancia iNFRA","@id":"https:\/\/agenciainfra.com\/blog\/#\/schema\/person\/34af08dff6adea4cb22b06612ba7acfa"},"headline":"SP lan\u00e7a consulta p\u00fablica para novas concess\u00f5es de saneamento\u00a0","datePublished":"2026-04-27T20:51:09+00:00","dateModified":"2026-04-27T22:44:41+00:00","mainEntityOfPage":{"@id":"https:\/\/agenciainfra.com\/blog\/sp-lanca-consulta-publica-para-novas-concessoes-de-saneamento\/"},"wordCount":215,"publisher":{"@id":"https:\/\/agenciainfra.com\/blog\/#organization"},"image":{"@id":"https:\/\/agenciainfra.com\/blog\/sp-lanca-consulta-publica-para-novas-concessoes-de-saneamento\/#primaryimage"},"thumbnailUrl":"https:\/\/agenciainfra.com\/blog\/wp-content\/uploads\/2020\/07\/saneamento-foto-mdr.jpg","keywords":["Beatriz Kawai","consulta p\u00fablica","Sabesp","saneamento","SPI","Universaliza","universaliza\u00e7\u00e3o"],"articleSection":["Destaque lista"],"inLanguage":"pt-BR","copyrightYear":"2026","copyrightHolder":{"@id":"https:\/\/agenciainfra.com\/blog\/#organization"}},{"@type":"WebPage","@id":"https:\/\/agenciainfra.com\/blog\/sp-lanca-consulta-publica-para-novas-concessoes-de-saneamento\/","url":"https:\/\/agenciainfra.com\/blog\/sp-lanca-consulta-publica-para-novas-concessoes-de-saneamento\/","name":"SP lan\u00e7a consulta p\u00fablica para novas concess\u00f5es de saneamento\u00a0 - Ag\u00eancia iNFRA","isPartOf":{"@id":"https:\/\/agenciainfra.com\/blog\/#website"},"primaryImageOfPage":{"@id":"https:\/\/agenciainfra.com\/blog\/sp-lanca-consulta-publica-para-novas-concessoes-de-saneamento\/#primaryimage"},"image":{"@id":"https:\/\/agenciainfra.com\/blog\/sp-lanca-consulta-publica-para-novas-concessoes-de-saneamento\/#primaryimage"},"thumbnailUrl":"https:\/\/agenciainfra.com\/blog\/wp-content\/uploads\/2020\/07\/saneamento-foto-mdr.jpg","datePublished":"2026-04-27T20:51:09+00:00","dateModified":"2026-04-27T22:44:41+00:00","breadcrumb":{"@id":"https:\/\/agenciainfra.com\/blog\/sp-lanca-consulta-publica-para-novas-concessoes-de-saneamento\/#breadcrumb"},"inLanguage":"pt-BR","potentialAction":[{"@type":"ReadAction","target":["https:\/\/agenciainfra.com\/blog\/sp-lanca-consulta-publica-para-novas-concessoes-de-saneamento\/"]}]},{"@type":"ImageObject","inLanguage":"pt-BR","@id":"https:\/\/agenciainfra.com\/blog\/sp-lanca-consulta-publica-para-novas-concessoes-de-saneamento\/#primaryimage","url":"https:\/\/agenciainfra.com\/blog\/wp-content\/uploads\/2020\/07\/saneamento-foto-mdr.jpg","contentUrl":"https:\/\/agenciainfra.com\/blog\/wp-content\/uploads\/2020\/07\/saneamento-foto-mdr.jpg","width":1280,"height":734,"caption":"Foto: Minist\u00e9rio do Desenvolvimento Regional"},{"@type":"BreadcrumbList","@id":"https:\/\/agenciainfra.com\/blog\/sp-lanca-consulta-publica-para-novas-concessoes-de-saneamento\/#breadcrumb","itemListElement":[{"@type":"ListItem","position":1,"name":"In\u00edcio","item":"https:\/\/agenciainfra.com\/blog\/"},{"@type":"ListItem","position":2,"name":"SP lan\u00e7a consulta p\u00fablica para novas concess\u00f5es de saneamento\u00a0"}]},{"@type":"WebSite","@id":"https:\/\/agenciainfra.com\/blog\/#website","url":"https:\/\/agenciainfra.com\/blog\/","name":"Ag\u00eancia iNFRA","description":"Multiplataforma de informa\u00e7\u00e3o jornal\u00edstica refer\u00eancia na \u00e1rea de infraestrutura no Brasil!","publisher":{"@id":"https:\/\/agenciainfra.com\/blog\/#organization"},"potentialAction":[{"@type":"SearchAction","target":{"@type":"EntryPoint","urlTemplate":"https:\/\/agenciainfra.com\/blog\/?s={search_term_string}"},"query-input":{"@type":"PropertyValueSpecification","valueRequired":true,"valueName":"search_term_string"}}],"inLanguage":"pt-BR"},{"@type":"Organization","@id":"https:\/\/agenciainfra.com\/blog\/#organization","name":"Ag\u00eancia iNFRA","url":"https:\/\/agenciainfra.com\/blog\/","logo":{"@type":"ImageObject","inLanguage":"pt-BR","@id":"https:\/\/agenciainfra.com\/blog\/#\/schema\/logo\/image\/","url":"https:\/\/agenciainfra.com\/blog\/wp-content\/uploads\/2023\/09\/iNFRA_5-e1761735885940.png","contentUrl":"https:\/\/agenciainfra.com\/blog\/wp-content\/uploads\/2023\/09\/iNFRA_5-e1761735885940.png","width":1672,"height":454,"caption":"Ag\u00eancia iNFRA"},"image":{"@id":"https:\/\/agenciainfra.com\/blog\/#\/schema\/logo\/image\/"},"sameAs":["https:\/\/www.facebook.com\/ageninfra","https:\/\/x.com\/agencia_infra","https:\/\/www.linkedin.com\/company\/ag\u00eanciainfra\/","https:\/\/www.instagram.com\/agenciainfra\/"]},{"@type":"Person","@id":"https:\/\/agenciainfra.com\/blog\/#\/schema\/person\/34af08dff6adea4cb22b06612ba7acfa","name":"Ag\u00eancia iNFRA","image":{"@type":"ImageObject","inLanguage":"pt-BR","@id":"https:\/\/agenciainfra.com\/blog\/#\/schema\/person\/image\/","url":"https:\/\/secure.gravatar.com\/avatar\/d189e01678f06d8eb84d4e01f08eb848b3fffe3f8443818d3c356c66892f5be8?s=96&d=mm&r=g","contentUrl":"https:\/\/secure.gravatar.com\/avatar\/d189e01678f06d8eb84d4e01f08eb848b3fffe3f8443818d3c356c66892f5be8?s=96&d=mm&r=g","caption":"Ag\u00eancia iNFRA"},"url":"https:\/\/agenciainfra.com\/blog\/author\/admin\/"}]}},"_links":{"self":[{"href":"https:\/\/agenciainfra.com\/blog\/wp-json\/wp\/v2\/posts\/40157","targetHints":{"allow":["GET"]}}],"collection":[{"href":"https:\/\/agenciainfra.com\/blog\/wp-json\/wp\/v2\/posts"}],"about":[{"href":"https:\/\/agenciainfra.com\/blog\/wp-json\/wp\/v2\/types\/post"}],"author":[{"embeddable":true,"href":"https:\/\/agenciainfra.com\/blog\/wp-json\/wp\/v2\/users\/1"}],"replies":[{"embeddable":true,"href":"https:\/\/agenciainfra.com\/blog\/wp-json\/wp\/v2\/comments?post=40157"}],"version-history":[{"count":1,"href":"https:\/\/agenciainfra.com\/blog\/wp-json\/wp\/v2\/posts\/40157\/revisions"}],"predecessor-version":[{"id":40159,"href":"https:\/\/agenciainfra.com\/blog\/wp-json\/wp\/v2\/posts\/40157\/revisions\/40159"}],"wp:featuredmedia":[{"embeddable":true,"href":"https:\/\/agenciainfra.com\/blog\/wp-json\/wp\/v2\/media\/5534"}],"wp:attachment":[{"href":"https:\/\/agenciainfra.com\/blog\/wp-json\/wp\/v2\/media?parent=40157"}],"wp:term":[{"taxonomy":"category","embeddable":true,"href":"https:\/\/agenciainfra.com\/blog\/wp-json\/wp\/v2\/categories?post=40157"},{"taxonomy":"post_tag","embeddable":true,"href":"https:\/\/agenciainfra.com\/blog\/wp-json\/wp\/v2\/tags?post=40157"}],"curies":[{"name":"wp","href":"https:\/\/api.w.org\/{rel}","templated":true}]}}