{"id":40174,"date":"2026-04-27T20:10:54","date_gmt":"2026-04-27T23:10:54","guid":{"rendered":"https:\/\/agenciainfra.com\/blog\/?p=40174"},"modified":"2026-04-27T20:30:53","modified_gmt":"2026-04-27T23:30:53","slug":"terras-raras-nunes-marques-relata-acao-contra-venda-da-serra-verde","status":"publish","type":"post","link":"https:\/\/agenciainfra.com\/blog\/terras-raras-nunes-marques-relata-acao-contra-venda-da-serra-verde\/","title":{"rendered":"Terras raras: Nunes Marques relata a\u00e7\u00e3o contra venda da Serra Verde"},"content":{"rendered":"\n<p class=\"has-text-align-right\"><strong>Rafael Bitencourt, da Ag\u00eancia iNFRA<\/strong><\/p>\n\n\n\n<p>O ministro do STF (Supremo Tribunal Federal) Nunes Marques foi sorteado nesta segunda-feira (27) como relator do pedido de liminar do partido Rede Sustentabilidade para suspender a transfer\u00eancia do controle da mineradora de terras raras Serra Verde, em Goi\u00e1s, para a USA Rare Earth, empresa americana com pap\u00e9is listados na Nasdaq. A transa\u00e7\u00e3o foi anunciada na segunda-feira (20).<\/p>\n\n\n\n<p>O partido sustenta que a relev\u00e2ncia do projeto, localizado na cidade de Mina\u00e7u, \u201cultrapassa significativamente os limites de um empreendimento privado ordin\u00e1rio, em raz\u00e3o da natureza dos recursos explorados, de sua inser\u00e7\u00e3o em cadeias produtivas tecnol\u00f3gicas sens\u00edveis e de sua reconhecida import\u00e2ncia estrat\u00e9gica no contexto geopol\u00edtico contempor\u00e2neo\u201d.<\/p>\n\n\n\n<p>Na a\u00e7\u00e3o, a legenda defende que seja determinado \u00e0 Uni\u00e3o Federal e \u00e0 ANM (Ag\u00eancia Nacional de Minera\u00e7\u00e3o) apresenta\u00e7\u00e3o do rito de an\u00e1lise da opera\u00e7\u00e3o. O texto sugere que sejam enviados os processos administrativos, atos de anu\u00eancia, pareceres t\u00e9cnicos, manifesta\u00e7\u00f5es jur\u00eddicas, notas t\u00e9cnicas e documentos relacionados a opera\u00e7\u00f5es.<\/p>\n\n\n\n<p>Para a reguladora, \u00e9 feita ainda a ressalva de ter que entregar manifesta\u00e7\u00e3o t\u00e9cnica espec\u00edfica sobre interesse nacional, impactos tecnol\u00f3gicos, soberania econ\u00f4mica, prote\u00e7\u00e3o de cadeias produtivas estrat\u00e9gicas e avalia\u00e7\u00f5es concorrenciais.<\/p>\n\n\n\n<p>\u201cAs terras raras exploradas no referido empreendimento constituem insumos cr\u00edticos para m\u00faltiplos setores de alta intensidade tecnol\u00f3gica, como semicondutores, eletromobilidade, sistemas de armazenamento energ\u00e9tico, defesa, infraestrutura digital e tecnologias avan\u00e7adas\u201d, ressalta o <a href=\"https:\/\/agenciainfra.com\/blog\/wp-content\/uploads\/2026\/04\/Rede-Sustentabilidade.pdf\">texto da ADPF<\/a> (Argui\u00e7\u00e3o de Descumprimento de Preceito Fundamental), apresentada pela Rede Sustentabilidade na \u00faltima sexta-feira (24).<\/p>\n\n\n\n<p>A legenda argumenta que atualmente n\u00e3o h\u00e1 \u201celementos p\u00fablicos suficientes\u201d para fazer um \u201cexame administrativo substancial, voltado \u00e0 avalia\u00e7\u00e3o do interesse nacional, da soberania tecnol\u00f3gica, da seguran\u00e7a econ\u00f4mica, da agrega\u00e7\u00e3o de valor nacional e da prote\u00e7\u00e3o de cadeias produtivas estrat\u00e9gicas\u201d.<\/p>\n\n\n\n<p>O partido pede que, em caso de fundamenta\u00e7\u00e3o insuficiente, sejam suspensos os efeitos dos atos administrativos relacionados \u00e0s opera\u00e7\u00f5es&#8221; de troca de controle da Serra Verde.<\/p>\n\n\n\n<p><\/p>\n","protected":false},"excerpt":{"rendered":"<p>Rafael Bitencourt, da Ag\u00eancia iNFRA O ministro do STF (Supremo Tribunal Federal) Nunes Marques foi sorteado nesta segunda-feira (27) como relator do pedido de liminar do partido Rede Sustentabilidade para suspender a transfer\u00eancia do controle da mineradora de terras raras Serra Verde, em Goi\u00e1s, para a USA Rare Earth, empresa americana com pap\u00e9is listados na [&hellip;]<\/p>\n","protected":false},"author":1,"featured_media":40173,"comment_status":"closed","ping_status":"closed","sticky":false,"template":"","format":"standard","meta":{"_monsterinsights_skip_tracking":false,"_monsterinsights_sitenote_active":false,"_monsterinsights_sitenote_note":"","_monsterinsights_sitenote_category":0,"footnotes":""},"categories":[7250],"tags":[840,340,839,5844,13813,19613,13384,372,3404,13333],"class_list":["post-40174","post","type-post","status-publish","format-standard","has-post-thumbnail","hentry","category-destaque-lista","tag-agencia-nacional-de-mineracao","tag-anm","tag-mineracao","tag-nunes-marques","tag-rafael-bitencourt","tag-rede-sustentabilidade","tag-serra-verde","tag-stf","tag-supremo-tribunal-federal","tag-terras-raras"],"yoast_head":"<!-- This site is optimized with the Yoast SEO Premium plugin v25.4 (Yoast SEO v26.0) - https:\/\/yoast.com\/wordpress\/plugins\/seo\/ -->\n<title>Terras raras: Nunes Marques relata a\u00e7\u00e3o contra venda da Serra Verde - Ag\u00eancia iNFRA<\/title>\n<meta name=\"robots\" content=\"index, follow, max-snippet:-1, max-image-preview:large, max-video-preview:-1\" \/>\n<link rel=\"canonical\" href=\"https:\/\/agenciainfra.com\/blog\/terras-raras-nunes-marques-relata-acao-contra-venda-da-serra-verde\/\" \/>\n<meta property=\"og:locale\" content=\"pt_BR\" \/>\n<meta property=\"og:type\" content=\"article\" \/>\n<meta property=\"og:title\" content=\"Terras raras: Nunes Marques relata a\u00e7\u00e3o contra venda da Serra Verde\" \/>\n<meta property=\"og:description\" content=\"Rafael Bitencourt, da Ag\u00eancia iNFRA O ministro do STF (Supremo Tribunal Federal) Nunes Marques foi sorteado nesta segunda-feira (27) como relator do pedido de liminar do partido Rede Sustentabilidade para suspender a transfer\u00eancia do controle da mineradora de terras raras Serra Verde, em Goi\u00e1s, para a USA Rare Earth, empresa americana com pap\u00e9is listados na [&hellip;]\" \/>\n<meta property=\"og:url\" content=\"https:\/\/agenciainfra.com\/blog\/terras-raras-nunes-marques-relata-acao-contra-venda-da-serra-verde\/\" \/>\n<meta property=\"og:site_name\" content=\"Ag\u00eancia iNFRA\" \/>\n<meta property=\"article:publisher\" content=\"https:\/\/www.facebook.com\/ageninfra\" \/>\n<meta property=\"article:published_time\" content=\"2026-04-27T23:10:54+00:00\" \/>\n<meta property=\"article:modified_time\" content=\"2026-04-27T23:30:53+00:00\" \/>\n<meta property=\"og:image\" content=\"https:\/\/agenciainfra.com\/blog\/wp-content\/uploads\/2026\/04\/Ministro-Nunes-Marques-Foto-Nelson-Jr.-STF.jpg\" \/>\n\t<meta property=\"og:image:width\" content=\"1280\" \/>\n\t<meta property=\"og:image:height\" content=\"720\" \/>\n\t<meta property=\"og:image:type\" content=\"image\/jpeg\" \/>\n<meta name=\"author\" content=\"Ag\u00eancia iNFRA\" \/>\n<meta name=\"twitter:card\" content=\"summary_large_image\" \/>\n<meta name=\"twitter:creator\" content=\"@agencia_infra\" \/>\n<meta name=\"twitter:site\" content=\"@agencia_infra\" \/>\n<meta name=\"twitter:label1\" content=\"Escrito por\" \/>\n\t<meta name=\"twitter:data1\" content=\"Ag\u00eancia iNFRA\" \/>\n\t<meta name=\"twitter:label2\" content=\"Est. tempo de leitura\" \/>\n\t<meta name=\"twitter:data2\" content=\"2 minutos\" \/>\n<script type=\"application\/ld+json\" class=\"yoast-schema-graph\">{\"@context\":\"https:\/\/schema.org\",\"@graph\":[{\"@type\":\"Article\",\"@id\":\"https:\/\/agenciainfra.com\/blog\/terras-raras-nunes-marques-relata-acao-contra-venda-da-serra-verde\/#article\",\"isPartOf\":{\"@id\":\"https:\/\/agenciainfra.com\/blog\/terras-raras-nunes-marques-relata-acao-contra-venda-da-serra-verde\/\"},\"author\":{\"name\":\"Ag\u00eancia iNFRA\",\"@id\":\"https:\/\/agenciainfra.com\/blog\/#\/schema\/person\/34af08dff6adea4cb22b06612ba7acfa\"},\"headline\":\"Terras raras: Nunes Marques relata a\u00e7\u00e3o contra venda da Serra Verde\",\"datePublished\":\"2026-04-27T23:10:54+00:00\",\"dateModified\":\"2026-04-27T23:30:53+00:00\",\"mainEntityOfPage\":{\"@id\":\"https:\/\/agenciainfra.com\/blog\/terras-raras-nunes-marques-relata-acao-contra-venda-da-serra-verde\/\"},\"wordCount\":362,\"publisher\":{\"@id\":\"https:\/\/agenciainfra.com\/blog\/#organization\"},\"image\":{\"@id\":\"https:\/\/agenciainfra.com\/blog\/terras-raras-nunes-marques-relata-acao-contra-venda-da-serra-verde\/#primaryimage\"},\"thumbnailUrl\":\"https:\/\/agenciainfra.com\/blog\/wp-content\/uploads\/2026\/04\/Ministro-Nunes-Marques-Foto-Nelson-Jr.-STF.jpg\",\"keywords\":[\"Ag\u00eancia Nacional de Minera\u00e7\u00e3o\",\"ANM\",\"minera\u00e7\u00e3o\",\"Nunes Marques\",\"Rafael Bitencourt\",\"Rede Sustentabilidade\",\"serra verde\",\"STF\",\"Supremo Tribunal Federal\",\"terras raras\"],\"articleSection\":[\"Destaque lista\"],\"inLanguage\":\"pt-BR\",\"copyrightYear\":\"2026\",\"copyrightHolder\":{\"@id\":\"https:\/\/agenciainfra.com\/blog\/#organization\"}},{\"@type\":\"WebPage\",\"@id\":\"https:\/\/agenciainfra.com\/blog\/terras-raras-nunes-marques-relata-acao-contra-venda-da-serra-verde\/\",\"url\":\"https:\/\/agenciainfra.com\/blog\/terras-raras-nunes-marques-relata-acao-contra-venda-da-serra-verde\/\",\"name\":\"Terras raras: Nunes Marques relata a\u00e7\u00e3o contra venda da Serra Verde - Ag\u00eancia iNFRA\",\"isPartOf\":{\"@id\":\"https:\/\/agenciainfra.com\/blog\/#website\"},\"primaryImageOfPage\":{\"@id\":\"https:\/\/agenciainfra.com\/blog\/terras-raras-nunes-marques-relata-acao-contra-venda-da-serra-verde\/#primaryimage\"},\"image\":{\"@id\":\"https:\/\/agenciainfra.com\/blog\/terras-raras-nunes-marques-relata-acao-contra-venda-da-serra-verde\/#primaryimage\"},\"thumbnailUrl\":\"https:\/\/agenciainfra.com\/blog\/wp-content\/uploads\/2026\/04\/Ministro-Nunes-Marques-Foto-Nelson-Jr.-STF.jpg\",\"datePublished\":\"2026-04-27T23:10:54+00:00\",\"dateModified\":\"2026-04-27T23:30:53+00:00\",\"breadcrumb\":{\"@id\":\"https:\/\/agenciainfra.com\/blog\/terras-raras-nunes-marques-relata-acao-contra-venda-da-serra-verde\/#breadcrumb\"},\"inLanguage\":\"pt-BR\",\"potentialAction\":[{\"@type\":\"ReadAction\",\"target\":[\"https:\/\/agenciainfra.com\/blog\/terras-raras-nunes-marques-relata-acao-contra-venda-da-serra-verde\/\"]}]},{\"@type\":\"ImageObject\",\"inLanguage\":\"pt-BR\",\"@id\":\"https:\/\/agenciainfra.com\/blog\/terras-raras-nunes-marques-relata-acao-contra-venda-da-serra-verde\/#primaryimage\",\"url\":\"https:\/\/agenciainfra.com\/blog\/wp-content\/uploads\/2026\/04\/Ministro-Nunes-Marques-Foto-Nelson-Jr.-STF.jpg\",\"contentUrl\":\"https:\/\/agenciainfra.com\/blog\/wp-content\/uploads\/2026\/04\/Ministro-Nunes-Marques-Foto-Nelson-Jr.-STF.jpg\",\"width\":1280,\"height\":720,\"caption\":\"Foto: Nelson Jr.\/STF\"},{\"@type\":\"BreadcrumbList\",\"@id\":\"https:\/\/agenciainfra.com\/blog\/terras-raras-nunes-marques-relata-acao-contra-venda-da-serra-verde\/#breadcrumb\",\"itemListElement\":[{\"@type\":\"ListItem\",\"position\":1,\"name\":\"In\u00edcio\",\"item\":\"https:\/\/agenciainfra.com\/blog\/\"},{\"@type\":\"ListItem\",\"position\":2,\"name\":\"Terras raras: Nunes Marques relata a\u00e7\u00e3o contra venda da Serra Verde\"}]},{\"@type\":\"WebSite\",\"@id\":\"https:\/\/agenciainfra.com\/blog\/#website\",\"url\":\"https:\/\/agenciainfra.com\/blog\/\",\"name\":\"Ag\u00eancia iNFRA\",\"description\":\"Multiplataforma de informa\u00e7\u00e3o jornal\u00edstica refer\u00eancia na \u00e1rea de infraestrutura no Brasil!\",\"publisher\":{\"@id\":\"https:\/\/agenciainfra.com\/blog\/#organization\"},\"potentialAction\":[{\"@type\":\"SearchAction\",\"target\":{\"@type\":\"EntryPoint\",\"urlTemplate\":\"https:\/\/agenciainfra.com\/blog\/?s={search_term_string}\"},\"query-input\":{\"@type\":\"PropertyValueSpecification\",\"valueRequired\":true,\"valueName\":\"search_term_string\"}}],\"inLanguage\":\"pt-BR\"},{\"@type\":\"Organization\",\"@id\":\"https:\/\/agenciainfra.com\/blog\/#organization\",\"name\":\"Ag\u00eancia iNFRA\",\"url\":\"https:\/\/agenciainfra.com\/blog\/\",\"logo\":{\"@type\":\"ImageObject\",\"inLanguage\":\"pt-BR\",\"@id\":\"https:\/\/agenciainfra.com\/blog\/#\/schema\/logo\/image\/\",\"url\":\"https:\/\/agenciainfra.com\/blog\/wp-content\/uploads\/2023\/09\/iNFRA_5-e1761735885940.png\",\"contentUrl\":\"https:\/\/agenciainfra.com\/blog\/wp-content\/uploads\/2023\/09\/iNFRA_5-e1761735885940.png\",\"width\":1672,\"height\":454,\"caption\":\"Ag\u00eancia iNFRA\"},\"image\":{\"@id\":\"https:\/\/agenciainfra.com\/blog\/#\/schema\/logo\/image\/\"},\"sameAs\":[\"https:\/\/www.facebook.com\/ageninfra\",\"https:\/\/x.com\/agencia_infra\",\"https:\/\/www.linkedin.com\/company\/ag\u00eanciainfra\/\",\"https:\/\/www.instagram.com\/agenciainfra\/\"]},{\"@type\":\"Person\",\"@id\":\"https:\/\/agenciainfra.com\/blog\/#\/schema\/person\/34af08dff6adea4cb22b06612ba7acfa\",\"name\":\"Ag\u00eancia iNFRA\",\"image\":{\"@type\":\"ImageObject\",\"inLanguage\":\"pt-BR\",\"@id\":\"https:\/\/agenciainfra.com\/blog\/#\/schema\/person\/image\/\",\"url\":\"https:\/\/secure.gravatar.com\/avatar\/d189e01678f06d8eb84d4e01f08eb848b3fffe3f8443818d3c356c66892f5be8?s=96&d=mm&r=g\",\"contentUrl\":\"https:\/\/secure.gravatar.com\/avatar\/d189e01678f06d8eb84d4e01f08eb848b3fffe3f8443818d3c356c66892f5be8?s=96&d=mm&r=g\",\"caption\":\"Ag\u00eancia iNFRA\"},\"url\":\"https:\/\/agenciainfra.com\/blog\/author\/admin\/\"}]}<\/script>\n<!-- \/ Yoast SEO Premium plugin. -->","yoast_head_json":{"title":"Terras raras: Nunes Marques relata a\u00e7\u00e3o contra venda da Serra Verde - Ag\u00eancia iNFRA","robots":{"index":"index","follow":"follow","max-snippet":"max-snippet:-1","max-image-preview":"max-image-preview:large","max-video-preview":"max-video-preview:-1"},"canonical":"https:\/\/agenciainfra.com\/blog\/terras-raras-nunes-marques-relata-acao-contra-venda-da-serra-verde\/","og_locale":"pt_BR","og_type":"article","og_title":"Terras raras: Nunes Marques relata a\u00e7\u00e3o contra venda da Serra Verde","og_description":"Rafael Bitencourt, da Ag\u00eancia iNFRA O ministro do STF (Supremo Tribunal Federal) Nunes Marques foi sorteado nesta segunda-feira (27) como relator do pedido de liminar do partido Rede Sustentabilidade para suspender a transfer\u00eancia do controle da mineradora de terras raras Serra Verde, em Goi\u00e1s, para a USA Rare Earth, empresa americana com pap\u00e9is listados na [&hellip;]","og_url":"https:\/\/agenciainfra.com\/blog\/terras-raras-nunes-marques-relata-acao-contra-venda-da-serra-verde\/","og_site_name":"Ag\u00eancia iNFRA","article_publisher":"https:\/\/www.facebook.com\/ageninfra","article_published_time":"2026-04-27T23:10:54+00:00","article_modified_time":"2026-04-27T23:30:53+00:00","og_image":[{"width":1280,"height":720,"url":"https:\/\/agenciainfra.com\/blog\/wp-content\/uploads\/2026\/04\/Ministro-Nunes-Marques-Foto-Nelson-Jr.-STF.jpg","type":"image\/jpeg"}],"author":"Ag\u00eancia iNFRA","twitter_card":"summary_large_image","twitter_creator":"@agencia_infra","twitter_site":"@agencia_infra","twitter_misc":{"Escrito por":"Ag\u00eancia iNFRA","Est. tempo de leitura":"2 minutos"},"schema":{"@context":"https:\/\/schema.org","@graph":[{"@type":"Article","@id":"https:\/\/agenciainfra.com\/blog\/terras-raras-nunes-marques-relata-acao-contra-venda-da-serra-verde\/#article","isPartOf":{"@id":"https:\/\/agenciainfra.com\/blog\/terras-raras-nunes-marques-relata-acao-contra-venda-da-serra-verde\/"},"author":{"name":"Ag\u00eancia iNFRA","@id":"https:\/\/agenciainfra.com\/blog\/#\/schema\/person\/34af08dff6adea4cb22b06612ba7acfa"},"headline":"Terras raras: Nunes Marques relata a\u00e7\u00e3o contra venda da Serra Verde","datePublished":"2026-04-27T23:10:54+00:00","dateModified":"2026-04-27T23:30:53+00:00","mainEntityOfPage":{"@id":"https:\/\/agenciainfra.com\/blog\/terras-raras-nunes-marques-relata-acao-contra-venda-da-serra-verde\/"},"wordCount":362,"publisher":{"@id":"https:\/\/agenciainfra.com\/blog\/#organization"},"image":{"@id":"https:\/\/agenciainfra.com\/blog\/terras-raras-nunes-marques-relata-acao-contra-venda-da-serra-verde\/#primaryimage"},"thumbnailUrl":"https:\/\/agenciainfra.com\/blog\/wp-content\/uploads\/2026\/04\/Ministro-Nunes-Marques-Foto-Nelson-Jr.-STF.jpg","keywords":["Ag\u00eancia Nacional de Minera\u00e7\u00e3o","ANM","minera\u00e7\u00e3o","Nunes Marques","Rafael Bitencourt","Rede Sustentabilidade","serra verde","STF","Supremo Tribunal Federal","terras raras"],"articleSection":["Destaque lista"],"inLanguage":"pt-BR","copyrightYear":"2026","copyrightHolder":{"@id":"https:\/\/agenciainfra.com\/blog\/#organization"}},{"@type":"WebPage","@id":"https:\/\/agenciainfra.com\/blog\/terras-raras-nunes-marques-relata-acao-contra-venda-da-serra-verde\/","url":"https:\/\/agenciainfra.com\/blog\/terras-raras-nunes-marques-relata-acao-contra-venda-da-serra-verde\/","name":"Terras raras: Nunes Marques relata a\u00e7\u00e3o contra venda da Serra Verde - Ag\u00eancia iNFRA","isPartOf":{"@id":"https:\/\/agenciainfra.com\/blog\/#website"},"primaryImageOfPage":{"@id":"https:\/\/agenciainfra.com\/blog\/terras-raras-nunes-marques-relata-acao-contra-venda-da-serra-verde\/#primaryimage"},"image":{"@id":"https:\/\/agenciainfra.com\/blog\/terras-raras-nunes-marques-relata-acao-contra-venda-da-serra-verde\/#primaryimage"},"thumbnailUrl":"https:\/\/agenciainfra.com\/blog\/wp-content\/uploads\/2026\/04\/Ministro-Nunes-Marques-Foto-Nelson-Jr.-STF.jpg","datePublished":"2026-04-27T23:10:54+00:00","dateModified":"2026-04-27T23:30:53+00:00","breadcrumb":{"@id":"https:\/\/agenciainfra.com\/blog\/terras-raras-nunes-marques-relata-acao-contra-venda-da-serra-verde\/#breadcrumb"},"inLanguage":"pt-BR","potentialAction":[{"@type":"ReadAction","target":["https:\/\/agenciainfra.com\/blog\/terras-raras-nunes-marques-relata-acao-contra-venda-da-serra-verde\/"]}]},{"@type":"ImageObject","inLanguage":"pt-BR","@id":"https:\/\/agenciainfra.com\/blog\/terras-raras-nunes-marques-relata-acao-contra-venda-da-serra-verde\/#primaryimage","url":"https:\/\/agenciainfra.com\/blog\/wp-content\/uploads\/2026\/04\/Ministro-Nunes-Marques-Foto-Nelson-Jr.-STF.jpg","contentUrl":"https:\/\/agenciainfra.com\/blog\/wp-content\/uploads\/2026\/04\/Ministro-Nunes-Marques-Foto-Nelson-Jr.-STF.jpg","width":1280,"height":720,"caption":"Foto: Nelson Jr.\/STF"},{"@type":"BreadcrumbList","@id":"https:\/\/agenciainfra.com\/blog\/terras-raras-nunes-marques-relata-acao-contra-venda-da-serra-verde\/#breadcrumb","itemListElement":[{"@type":"ListItem","position":1,"name":"In\u00edcio","item":"https:\/\/agenciainfra.com\/blog\/"},{"@type":"ListItem","position":2,"name":"Terras raras: Nunes Marques relata a\u00e7\u00e3o contra venda da Serra Verde"}]},{"@type":"WebSite","@id":"https:\/\/agenciainfra.com\/blog\/#website","url":"https:\/\/agenciainfra.com\/blog\/","name":"Ag\u00eancia iNFRA","description":"Multiplataforma de informa\u00e7\u00e3o jornal\u00edstica refer\u00eancia na \u00e1rea de infraestrutura no Brasil!","publisher":{"@id":"https:\/\/agenciainfra.com\/blog\/#organization"},"potentialAction":[{"@type":"SearchAction","target":{"@type":"EntryPoint","urlTemplate":"https:\/\/agenciainfra.com\/blog\/?s={search_term_string}"},"query-input":{"@type":"PropertyValueSpecification","valueRequired":true,"valueName":"search_term_string"}}],"inLanguage":"pt-BR"},{"@type":"Organization","@id":"https:\/\/agenciainfra.com\/blog\/#organization","name":"Ag\u00eancia iNFRA","url":"https:\/\/agenciainfra.com\/blog\/","logo":{"@type":"ImageObject","inLanguage":"pt-BR","@id":"https:\/\/agenciainfra.com\/blog\/#\/schema\/logo\/image\/","url":"https:\/\/agenciainfra.com\/blog\/wp-content\/uploads\/2023\/09\/iNFRA_5-e1761735885940.png","contentUrl":"https:\/\/agenciainfra.com\/blog\/wp-content\/uploads\/2023\/09\/iNFRA_5-e1761735885940.png","width":1672,"height":454,"caption":"Ag\u00eancia iNFRA"},"image":{"@id":"https:\/\/agenciainfra.com\/blog\/#\/schema\/logo\/image\/"},"sameAs":["https:\/\/www.facebook.com\/ageninfra","https:\/\/x.com\/agencia_infra","https:\/\/www.linkedin.com\/company\/ag\u00eanciainfra\/","https:\/\/www.instagram.com\/agenciainfra\/"]},{"@type":"Person","@id":"https:\/\/agenciainfra.com\/blog\/#\/schema\/person\/34af08dff6adea4cb22b06612ba7acfa","name":"Ag\u00eancia iNFRA","image":{"@type":"ImageObject","inLanguage":"pt-BR","@id":"https:\/\/agenciainfra.com\/blog\/#\/schema\/person\/image\/","url":"https:\/\/secure.gravatar.com\/avatar\/d189e01678f06d8eb84d4e01f08eb848b3fffe3f8443818d3c356c66892f5be8?s=96&d=mm&r=g","contentUrl":"https:\/\/secure.gravatar.com\/avatar\/d189e01678f06d8eb84d4e01f08eb848b3fffe3f8443818d3c356c66892f5be8?s=96&d=mm&r=g","caption":"Ag\u00eancia iNFRA"},"url":"https:\/\/agenciainfra.com\/blog\/author\/admin\/"}]}},"_links":{"self":[{"href":"https:\/\/agenciainfra.com\/blog\/wp-json\/wp\/v2\/posts\/40174","targetHints":{"allow":["GET"]}}],"collection":[{"href":"https:\/\/agenciainfra.com\/blog\/wp-json\/wp\/v2\/posts"}],"about":[{"href":"https:\/\/agenciainfra.com\/blog\/wp-json\/wp\/v2\/types\/post"}],"author":[{"embeddable":true,"href":"https:\/\/agenciainfra.com\/blog\/wp-json\/wp\/v2\/users\/1"}],"replies":[{"embeddable":true,"href":"https:\/\/agenciainfra.com\/blog\/wp-json\/wp\/v2\/comments?post=40174"}],"version-history":[{"count":2,"href":"https:\/\/agenciainfra.com\/blog\/wp-json\/wp\/v2\/posts\/40174\/revisions"}],"predecessor-version":[{"id":40178,"href":"https:\/\/agenciainfra.com\/blog\/wp-json\/wp\/v2\/posts\/40174\/revisions\/40178"}],"wp:featuredmedia":[{"embeddable":true,"href":"https:\/\/agenciainfra.com\/blog\/wp-json\/wp\/v2\/media\/40173"}],"wp:attachment":[{"href":"https:\/\/agenciainfra.com\/blog\/wp-json\/wp\/v2\/media?parent=40174"}],"wp:term":[{"taxonomy":"category","embeddable":true,"href":"https:\/\/agenciainfra.com\/blog\/wp-json\/wp\/v2\/categories?post=40174"},{"taxonomy":"post_tag","embeddable":true,"href":"https:\/\/agenciainfra.com\/blog\/wp-json\/wp\/v2\/tags?post=40174"}],"curies":[{"name":"wp","href":"https:\/\/api.w.org\/{rel}","templated":true}]}}