{"id":40193,"date":"2026-04-28T11:30:00","date_gmt":"2026-04-28T14:30:00","guid":{"rendered":"https:\/\/agenciainfra.com\/blog\/?p=40193"},"modified":"2026-04-28T11:30:03","modified_gmt":"2026-04-28T14:30:03","slug":"novo-dia-do-perdao-nao-sera-capaz-de-zerar-fila-da-corrida-do-ouro","status":"publish","type":"post","link":"https:\/\/agenciainfra.com\/blog\/novo-dia-do-perdao-nao-sera-capaz-de-zerar-fila-da-corrida-do-ouro\/","title":{"rendered":"Novo &#8216;dia do perd\u00e3o&#8217; n\u00e3o ser\u00e1 capaz de zerar fila da &#8216;corrida do ouro&#8217;"},"content":{"rendered":"\n<p class=\"has-text-align-right\"><strong>Lais Carregosa, da Ag\u00eancia iNFRA<\/strong><\/p>\n\n\n\n<figure class=\"wp-block-image aligncenter size-full is-resized\"><a href=\"https:\/\/agenciainfra.com\/blog\/assine-nossos-servicos\/\"><img fetchpriority=\"high\" decoding=\"async\" width=\"966\" height=\"117\" src=\"https:\/\/agenciainfra.com\/blog\/wp-content\/uploads\/2026\/01\/selo-assinantes-1.png\" alt=\"\" class=\"wp-image-35239\" style=\"width:400px\" srcset=\"https:\/\/agenciainfra.com\/blog\/wp-content\/uploads\/2026\/01\/selo-assinantes-1.png 966w, https:\/\/agenciainfra.com\/blog\/wp-content\/uploads\/2026\/01\/selo-assinantes-1-300x36.png 300w, https:\/\/agenciainfra.com\/blog\/wp-content\/uploads\/2026\/01\/selo-assinantes-1-768x93.png 768w\" sizes=\"(max-width: 966px) 100vw, 966px\" \/><\/a><\/figure>\n\n\n\n<p>Parte dos empreendimentos da chamada \u201ccorrida do ouro\u201d n\u00e3o deve aderir ao novo \u201cdia do perd\u00e3o\u201d, que est\u00e1 em consulta p\u00fablica pela ANEEL (Ag\u00eancia Nacional de Energia El\u00e9trica) at\u00e9 quinta-feira (30), disseram fontes \u00e0\u00a0<strong>Ag\u00eancia iNFRA<\/strong>. Os projetos de gera\u00e7\u00e3o renov\u00e1vel que contam com os descontos integrais no uso dos fios ainda aguardam a prorroga\u00e7\u00e3o de subs\u00eddios e a regula\u00e7\u00e3o sobre o \u201ccurtailment\u201d \u2013 cortes obrigat\u00f3rios de gera\u00e7\u00e3o \u2013 para definir a viabilidade de seus neg\u00f3cios.<br><br>A estimativa da \u00e1rea t\u00e9cnica da ag\u00eancia \u00e9 de ades\u00e3o dos 9,5 GW (gigawatts) \u2013 cujos contratos est\u00e3o previstos para entrar em execu\u00e7\u00e3o em 2026 \u2013 de um total de 18,5 GW sem constru\u00e7\u00e3o iniciada com vencimento nos pr\u00f3ximos anos. Fontes do setor ressaltaram que, por conta desse cen\u00e1rio, \u00e9 poss\u00edvel que a ANEEL crie um terceiro \u201cdia do perd\u00e3o\u201d no futuro, visando os contratos residuais. Dentro da reguladora, no entanto, fala-se em seguir o rito normal para esses casos.<br><br>Para a advogada Juliana Melcop, s\u00f3cia do escrit\u00f3rio Veirano Advogados, quanto mais distante do prazo para in\u00edcio da gera\u00e7\u00e3o, menos os empreendimentos devem aderir. \u201cPor exemplo, um projeto que est\u00e1 previsto para o CUST come\u00e7ar em 2029 ainda tem muito tempo para decidir [se ser\u00e1 vi\u00e1vel]\u201d.<br><br>A consulta p\u00fablica em andamento visa permitir a rescis\u00e3o de CUSTs (Contratos de Uso do Sistema de Transmiss\u00e3o) pelos agentes, sem aplica\u00e7\u00e3o de penalidades, para liberar o espa\u00e7o de conex\u00e3o na rede.<br><br><strong>Perd\u00f5es<\/strong><br>\u00c9 a segunda vez que a ANEEL cria um mecanismo para endere\u00e7ar o problema das outorgas sem viabilidade. Em 2023, 10,9 GW foram descontratados pela reguladora, o que ficou conhecido como \u201cdia do perd\u00e3o\u201d.\u00a0<br><br>Os participantes tinham projetos da \u201ccorrida do ouro\u201d, como foi chamada a grande quantidade de outorgas emitidas ap\u00f3s o Congresso dar prazo de um ano para os agentes pedirem autoriza\u00e7\u00e3o \u00e0 ANEEL e conseguirem os descontos de 50% nos fios de transmiss\u00e3o e de distribui\u00e7\u00e3o. Os projetos protocolados ap\u00f3s o prazo, que se encerrou em mar\u00e7o de 2022, teriam redu\u00e7\u00e3o gradual dos subs\u00eddios.<br><br>Interlocutores apontam tr\u00eas movimentos regulat\u00f3rios e legais que permitiram a revoga\u00e7\u00e3o dos contratos sem aplica\u00e7\u00e3o de penalidades:<\/p>\n\n\n\n<ul class=\"wp-block-list\">\n<li>O primeiro dia do perd\u00e3o da ANEEL, de 2023;<\/li>\n\n\n\n<li>A\u00a0<a href=\"https:\/\/agenciainfra.us14.list-manage.com\/track\/click?u=d460dd1bcf9ba0ae040e1fc0f&amp;id=c3cabf07e9&amp;e=1192c754bc\" target=\"_blank\" rel=\"noreferrer noopener\">Lei 15.269\/2025<\/a>\u00a0(antiga MP 1.304), que permitiu a desist\u00eancia das outorgas sem \u00f4nus para os agentes que aderiram \u00e0 prorroga\u00e7\u00e3o de prazos promovida pela MP 1.212\/2024;<\/li>\n\n\n\n<li>O segundo dia do perd\u00e3o em consulta p\u00fablica pela ANEEL.<\/li>\n<\/ul>\n\n\n\n<p>Para o advogado Henrique Reis, s\u00f3cio do escrit\u00f3rio Demarest, a nova proposta est\u00e1 em linha com a solu\u00e7\u00e3o regulat\u00f3ria adotada em 2023, que avalia ter tido um \u201calto grau de \u00eaxito, efici\u00eancia e seguran\u00e7a jur\u00eddica\u201d. O especialista afirma que houve \u201creflexos positivos em termos de mitiga\u00e7\u00e3o de riscos de inadimpl\u00eancias\/passivos de discuss\u00f5es regulat\u00f3rias e judiciais\u201d, al\u00e9m da libera\u00e7\u00e3o de capacidade no sistema de transmiss\u00e3o, que tem restri\u00e7\u00f5es de escoamento.<br><br>Na nota t\u00e9cnica, a reguladora aponta que o primeiro mecanismo excepcional, de 2023, \u201cn\u00e3o foi suficiente para sanar todas as distor\u00e7\u00f5es causadas pelo comportamento especulativo de agentes de gera\u00e7\u00e3o\u201d. J\u00e1 a Lei 15.269 deu um m\u00eas para os agentes aderirem ao mecanismo e levou \u00e0 revoga\u00e7\u00e3o de 155 outorgas de empreendimentos, totalizando 5,87 GW, informou a ANEEL \u00e0 reportagem.<br><br>Mesmo durante o intervalo entre o primeiro e o segundo \u201cdia do perd\u00e3o\u201d, a \u00e1rea t\u00e9cnica da reguladora aponta para um \u201cforte movimento de solicita\u00e7\u00e3o de revoga\u00e7\u00e3o de outorgas\u201d, com 22 GW revogados s\u00f3 em 2025 \u2013 a grande maioria sem CUSTs assinados.<br><br><strong>Novo mecanismo excepcional<\/strong><br>A proposta da ANEEL est\u00e1 em consulta p\u00fablica at\u00e9 30 de abril e prev\u00ea o in\u00edcio do procedimento em junho. Conforme a nota t\u00e9cnica que acompanha a consulta, o objetivo \u00e9 liberar margem no sistema de transmiss\u00e3o atualmente ocupada por projeto de baixa viabilidade.<br><br>\u201cFica evidente que h\u00e1 uma sobreoferta relevante de projetos de gera\u00e7\u00e3o outorgados. Tal fato, por si s\u00f3, n\u00e3o representaria um problema para a sociedade isoladamente. No entanto, esses projetos terminam por afetar interesses de terceiros, sobretudo no que tange ao acesso ao sistema de transmiss\u00e3o\u201d, diz o documento.<br><br>A advogada Juliana Melcop detalha as exig\u00eancias indicadas pela nota t\u00e9cnica da ANEEL para ades\u00e3o ao mecanismo. Segundo ela, o agente deve apresentar ren\u00fancia de a\u00e7\u00f5es judiciais em curso ou futuras; estar adimplente com os encargos setoriais; e n\u00e3o ter contrato no ambiente regulado.<\/p>\n","protected":false},"excerpt":{"rendered":"<p>Lais Carregosa, da Ag\u00eancia iNFRA Parte dos empreendimentos da chamada \u201ccorrida do ouro\u201d n\u00e3o deve aderir ao novo \u201cdia do perd\u00e3o\u201d, que est\u00e1 em consulta p\u00fablica pela ANEEL (Ag\u00eancia Nacional de Energia El\u00e9trica) at\u00e9 quinta-feira (30), disseram fontes \u00e0\u00a0Ag\u00eancia iNFRA. Os projetos de gera\u00e7\u00e3o renov\u00e1vel que contam com os descontos integrais no uso dos fios [&hellip;]<\/p>\n","protected":false},"author":1,"featured_media":14147,"comment_status":"closed","ping_status":"closed","sticky":false,"template":"","format":"standard","meta":{"_monsterinsights_skip_tracking":false,"_monsterinsights_sitenote_active":false,"_monsterinsights_sitenote_note":"","_monsterinsights_sitenote_category":0,"footnotes":""},"categories":[7249],"tags":[53,6884,11474,17625,1082,25,16822,18941,13132,17405,17097,14378,54,575,4312,1469],"class_list":["post-40193","post","type-post","status-publish","format-standard","has-post-thumbnail","hentry","category-destaque","tag-aneel","tag-corrida-do-ouro","tag-curtailment","tag-dia-do-perdao","tag-distribuicao-de-energia","tag-energia","tag-henrique-reis-demarest-advogados","tag-juliana-melcop","tag-lais-carregosa","tag-lei-15-269","tag-lei-15-269-2025","tag-mp-1-304","tag-setor-eletrico","tag-transmissao-de-energia","tag-usinas","tag-veirano-advogados"],"yoast_head":"<!-- This site is optimized with the Yoast SEO Premium plugin v25.4 (Yoast SEO v26.0) - https:\/\/yoast.com\/wordpress\/plugins\/seo\/ -->\n<title>Novo &#039;dia do perd\u00e3o&#039; n\u00e3o ser\u00e1 capaz de zerar fila da &#039;corrida do ouro&#039; - Ag\u00eancia iNFRA<\/title>\n<meta name=\"robots\" content=\"index, follow, max-snippet:-1, max-image-preview:large, max-video-preview:-1\" \/>\n<link rel=\"canonical\" href=\"https:\/\/agenciainfra.com\/blog\/novo-dia-do-perdao-nao-sera-capaz-de-zerar-fila-da-corrida-do-ouro\/\" \/>\n<meta property=\"og:locale\" content=\"pt_BR\" \/>\n<meta property=\"og:type\" content=\"article\" \/>\n<meta property=\"og:title\" content=\"Novo &#039;dia do perd\u00e3o&#039; n\u00e3o ser\u00e1 capaz de zerar fila da &#039;corrida do ouro&#039;\" \/>\n<meta property=\"og:description\" content=\"Lais Carregosa, da Ag\u00eancia iNFRA Parte dos empreendimentos da chamada \u201ccorrida do ouro\u201d n\u00e3o deve aderir ao novo \u201cdia do perd\u00e3o\u201d, que est\u00e1 em consulta p\u00fablica pela ANEEL (Ag\u00eancia Nacional de Energia El\u00e9trica) at\u00e9 quinta-feira (30), disseram fontes \u00e0\u00a0Ag\u00eancia iNFRA. Os projetos de gera\u00e7\u00e3o renov\u00e1vel que contam com os descontos integrais no uso dos fios [&hellip;]\" \/>\n<meta property=\"og:url\" content=\"https:\/\/agenciainfra.com\/blog\/novo-dia-do-perdao-nao-sera-capaz-de-zerar-fila-da-corrida-do-ouro\/\" \/>\n<meta property=\"og:site_name\" content=\"Ag\u00eancia iNFRA\" \/>\n<meta property=\"article:publisher\" content=\"https:\/\/www.facebook.com\/ageninfra\" \/>\n<meta property=\"article:published_time\" content=\"2026-04-28T14:30:00+00:00\" \/>\n<meta property=\"article:modified_time\" content=\"2026-04-28T14:30:03+00:00\" \/>\n<meta property=\"og:image\" content=\"https:\/\/agenciainfra.com\/blog\/wp-content\/uploads\/2023\/09\/energia-transmissao-foto-governo-federal.png\" \/>\n\t<meta property=\"og:image:width\" content=\"1202\" \/>\n\t<meta property=\"og:image:height\" content=\"720\" \/>\n\t<meta property=\"og:image:type\" content=\"image\/png\" \/>\n<meta name=\"author\" content=\"Ag\u00eancia iNFRA\" \/>\n<meta name=\"twitter:card\" content=\"summary_large_image\" \/>\n<meta name=\"twitter:creator\" content=\"@agencia_infra\" \/>\n<meta name=\"twitter:site\" content=\"@agencia_infra\" \/>\n<meta name=\"twitter:label1\" content=\"Escrito por\" \/>\n\t<meta name=\"twitter:data1\" content=\"Ag\u00eancia iNFRA\" \/>\n\t<meta name=\"twitter:label2\" content=\"Est. tempo de leitura\" \/>\n\t<meta name=\"twitter:data2\" content=\"4 minutos\" \/>\n<script type=\"application\/ld+json\" class=\"yoast-schema-graph\">{\"@context\":\"https:\/\/schema.org\",\"@graph\":[{\"@type\":\"Article\",\"@id\":\"https:\/\/agenciainfra.com\/blog\/novo-dia-do-perdao-nao-sera-capaz-de-zerar-fila-da-corrida-do-ouro\/#article\",\"isPartOf\":{\"@id\":\"https:\/\/agenciainfra.com\/blog\/novo-dia-do-perdao-nao-sera-capaz-de-zerar-fila-da-corrida-do-ouro\/\"},\"author\":{\"name\":\"Ag\u00eancia iNFRA\",\"@id\":\"https:\/\/agenciainfra.com\/blog\/#\/schema\/person\/34af08dff6adea4cb22b06612ba7acfa\"},\"headline\":\"Novo &#8216;dia do perd\u00e3o&#8217; n\u00e3o ser\u00e1 capaz de zerar fila da &#8216;corrida do ouro&#8217;\",\"datePublished\":\"2026-04-28T14:30:00+00:00\",\"dateModified\":\"2026-04-28T14:30:03+00:00\",\"mainEntityOfPage\":{\"@id\":\"https:\/\/agenciainfra.com\/blog\/novo-dia-do-perdao-nao-sera-capaz-de-zerar-fila-da-corrida-do-ouro\/\"},\"wordCount\":787,\"publisher\":{\"@id\":\"https:\/\/agenciainfra.com\/blog\/#organization\"},\"image\":{\"@id\":\"https:\/\/agenciainfra.com\/blog\/novo-dia-do-perdao-nao-sera-capaz-de-zerar-fila-da-corrida-do-ouro\/#primaryimage\"},\"thumbnailUrl\":\"https:\/\/agenciainfra.com\/blog\/wp-content\/uploads\/2023\/09\/energia-transmissao-foto-governo-federal.png\",\"keywords\":[\"ANEEL\",\"corrida do ouro\",\"curtailment\",\"dia do perd\u00e3o\",\"distribui\u00e7\u00e3o de energia\",\"energia\",\"Henrique Reis Demarest Advogados\",\"Juliana Melcop\",\"Lais Carregosa\",\"Lei 15.269\",\"Lei 15.269\/2025\",\"MP 1.304\",\"Setor El\u00e9trico\",\"transmiss\u00e3o de energia\",\"usinas\",\"Veirano Advogados\"],\"articleSection\":[\"Destaque\"],\"inLanguage\":\"pt-BR\",\"copyrightYear\":\"2026\",\"copyrightHolder\":{\"@id\":\"https:\/\/agenciainfra.com\/blog\/#organization\"}},{\"@type\":\"WebPage\",\"@id\":\"https:\/\/agenciainfra.com\/blog\/novo-dia-do-perdao-nao-sera-capaz-de-zerar-fila-da-corrida-do-ouro\/\",\"url\":\"https:\/\/agenciainfra.com\/blog\/novo-dia-do-perdao-nao-sera-capaz-de-zerar-fila-da-corrida-do-ouro\/\",\"name\":\"Novo 'dia do perd\u00e3o' n\u00e3o ser\u00e1 capaz de zerar fila da 'corrida do ouro' - Ag\u00eancia iNFRA\",\"isPartOf\":{\"@id\":\"https:\/\/agenciainfra.com\/blog\/#website\"},\"primaryImageOfPage\":{\"@id\":\"https:\/\/agenciainfra.com\/blog\/novo-dia-do-perdao-nao-sera-capaz-de-zerar-fila-da-corrida-do-ouro\/#primaryimage\"},\"image\":{\"@id\":\"https:\/\/agenciainfra.com\/blog\/novo-dia-do-perdao-nao-sera-capaz-de-zerar-fila-da-corrida-do-ouro\/#primaryimage\"},\"thumbnailUrl\":\"https:\/\/agenciainfra.com\/blog\/wp-content\/uploads\/2023\/09\/energia-transmissao-foto-governo-federal.png\",\"datePublished\":\"2026-04-28T14:30:00+00:00\",\"dateModified\":\"2026-04-28T14:30:03+00:00\",\"breadcrumb\":{\"@id\":\"https:\/\/agenciainfra.com\/blog\/novo-dia-do-perdao-nao-sera-capaz-de-zerar-fila-da-corrida-do-ouro\/#breadcrumb\"},\"inLanguage\":\"pt-BR\",\"potentialAction\":[{\"@type\":\"ReadAction\",\"target\":[\"https:\/\/agenciainfra.com\/blog\/novo-dia-do-perdao-nao-sera-capaz-de-zerar-fila-da-corrida-do-ouro\/\"]}]},{\"@type\":\"ImageObject\",\"inLanguage\":\"pt-BR\",\"@id\":\"https:\/\/agenciainfra.com\/blog\/novo-dia-do-perdao-nao-sera-capaz-de-zerar-fila-da-corrida-do-ouro\/#primaryimage\",\"url\":\"https:\/\/agenciainfra.com\/blog\/wp-content\/uploads\/2023\/09\/energia-transmissao-foto-governo-federal.png\",\"contentUrl\":\"https:\/\/agenciainfra.com\/blog\/wp-content\/uploads\/2023\/09\/energia-transmissao-foto-governo-federal.png\",\"width\":1202,\"height\":720,\"caption\":\"Foto: Governo Federal\"},{\"@type\":\"BreadcrumbList\",\"@id\":\"https:\/\/agenciainfra.com\/blog\/novo-dia-do-perdao-nao-sera-capaz-de-zerar-fila-da-corrida-do-ouro\/#breadcrumb\",\"itemListElement\":[{\"@type\":\"ListItem\",\"position\":1,\"name\":\"In\u00edcio\",\"item\":\"https:\/\/agenciainfra.com\/blog\/\"},{\"@type\":\"ListItem\",\"position\":2,\"name\":\"Novo &#8216;dia do perd\u00e3o&#8217; n\u00e3o ser\u00e1 capaz de zerar fila da &#8216;corrida do ouro&#8217;\"}]},{\"@type\":\"WebSite\",\"@id\":\"https:\/\/agenciainfra.com\/blog\/#website\",\"url\":\"https:\/\/agenciainfra.com\/blog\/\",\"name\":\"Ag\u00eancia iNFRA\",\"description\":\"Multiplataforma de informa\u00e7\u00e3o jornal\u00edstica refer\u00eancia na \u00e1rea de infraestrutura no Brasil!\",\"publisher\":{\"@id\":\"https:\/\/agenciainfra.com\/blog\/#organization\"},\"potentialAction\":[{\"@type\":\"SearchAction\",\"target\":{\"@type\":\"EntryPoint\",\"urlTemplate\":\"https:\/\/agenciainfra.com\/blog\/?s={search_term_string}\"},\"query-input\":{\"@type\":\"PropertyValueSpecification\",\"valueRequired\":true,\"valueName\":\"search_term_string\"}}],\"inLanguage\":\"pt-BR\"},{\"@type\":\"Organization\",\"@id\":\"https:\/\/agenciainfra.com\/blog\/#organization\",\"name\":\"Ag\u00eancia iNFRA\",\"url\":\"https:\/\/agenciainfra.com\/blog\/\",\"logo\":{\"@type\":\"ImageObject\",\"inLanguage\":\"pt-BR\",\"@id\":\"https:\/\/agenciainfra.com\/blog\/#\/schema\/logo\/image\/\",\"url\":\"https:\/\/agenciainfra.com\/blog\/wp-content\/uploads\/2023\/09\/iNFRA_5-e1761735885940.png\",\"contentUrl\":\"https:\/\/agenciainfra.com\/blog\/wp-content\/uploads\/2023\/09\/iNFRA_5-e1761735885940.png\",\"width\":1672,\"height\":454,\"caption\":\"Ag\u00eancia iNFRA\"},\"image\":{\"@id\":\"https:\/\/agenciainfra.com\/blog\/#\/schema\/logo\/image\/\"},\"sameAs\":[\"https:\/\/www.facebook.com\/ageninfra\",\"https:\/\/x.com\/agencia_infra\",\"https:\/\/www.linkedin.com\/company\/ag\u00eanciainfra\/\",\"https:\/\/www.instagram.com\/agenciainfra\/\"]},{\"@type\":\"Person\",\"@id\":\"https:\/\/agenciainfra.com\/blog\/#\/schema\/person\/34af08dff6adea4cb22b06612ba7acfa\",\"name\":\"Ag\u00eancia iNFRA\",\"image\":{\"@type\":\"ImageObject\",\"inLanguage\":\"pt-BR\",\"@id\":\"https:\/\/agenciainfra.com\/blog\/#\/schema\/person\/image\/\",\"url\":\"https:\/\/secure.gravatar.com\/avatar\/d189e01678f06d8eb84d4e01f08eb848b3fffe3f8443818d3c356c66892f5be8?s=96&d=mm&r=g\",\"contentUrl\":\"https:\/\/secure.gravatar.com\/avatar\/d189e01678f06d8eb84d4e01f08eb848b3fffe3f8443818d3c356c66892f5be8?s=96&d=mm&r=g\",\"caption\":\"Ag\u00eancia iNFRA\"},\"url\":\"https:\/\/agenciainfra.com\/blog\/author\/admin\/\"}]}<\/script>\n<!-- \/ Yoast SEO Premium plugin. -->","yoast_head_json":{"title":"Novo 'dia do perd\u00e3o' n\u00e3o ser\u00e1 capaz de zerar fila da 'corrida do ouro' - Ag\u00eancia iNFRA","robots":{"index":"index","follow":"follow","max-snippet":"max-snippet:-1","max-image-preview":"max-image-preview:large","max-video-preview":"max-video-preview:-1"},"canonical":"https:\/\/agenciainfra.com\/blog\/novo-dia-do-perdao-nao-sera-capaz-de-zerar-fila-da-corrida-do-ouro\/","og_locale":"pt_BR","og_type":"article","og_title":"Novo 'dia do perd\u00e3o' n\u00e3o ser\u00e1 capaz de zerar fila da 'corrida do ouro'","og_description":"Lais Carregosa, da Ag\u00eancia iNFRA Parte dos empreendimentos da chamada \u201ccorrida do ouro\u201d n\u00e3o deve aderir ao novo \u201cdia do perd\u00e3o\u201d, que est\u00e1 em consulta p\u00fablica pela ANEEL (Ag\u00eancia Nacional de Energia El\u00e9trica) at\u00e9 quinta-feira (30), disseram fontes \u00e0\u00a0Ag\u00eancia iNFRA. Os projetos de gera\u00e7\u00e3o renov\u00e1vel que contam com os descontos integrais no uso dos fios [&hellip;]","og_url":"https:\/\/agenciainfra.com\/blog\/novo-dia-do-perdao-nao-sera-capaz-de-zerar-fila-da-corrida-do-ouro\/","og_site_name":"Ag\u00eancia iNFRA","article_publisher":"https:\/\/www.facebook.com\/ageninfra","article_published_time":"2026-04-28T14:30:00+00:00","article_modified_time":"2026-04-28T14:30:03+00:00","og_image":[{"width":1202,"height":720,"url":"https:\/\/agenciainfra.com\/blog\/wp-content\/uploads\/2023\/09\/energia-transmissao-foto-governo-federal.png","type":"image\/png"}],"author":"Ag\u00eancia iNFRA","twitter_card":"summary_large_image","twitter_creator":"@agencia_infra","twitter_site":"@agencia_infra","twitter_misc":{"Escrito por":"Ag\u00eancia iNFRA","Est. tempo de leitura":"4 minutos"},"schema":{"@context":"https:\/\/schema.org","@graph":[{"@type":"Article","@id":"https:\/\/agenciainfra.com\/blog\/novo-dia-do-perdao-nao-sera-capaz-de-zerar-fila-da-corrida-do-ouro\/#article","isPartOf":{"@id":"https:\/\/agenciainfra.com\/blog\/novo-dia-do-perdao-nao-sera-capaz-de-zerar-fila-da-corrida-do-ouro\/"},"author":{"name":"Ag\u00eancia iNFRA","@id":"https:\/\/agenciainfra.com\/blog\/#\/schema\/person\/34af08dff6adea4cb22b06612ba7acfa"},"headline":"Novo &#8216;dia do perd\u00e3o&#8217; n\u00e3o ser\u00e1 capaz de zerar fila da &#8216;corrida do ouro&#8217;","datePublished":"2026-04-28T14:30:00+00:00","dateModified":"2026-04-28T14:30:03+00:00","mainEntityOfPage":{"@id":"https:\/\/agenciainfra.com\/blog\/novo-dia-do-perdao-nao-sera-capaz-de-zerar-fila-da-corrida-do-ouro\/"},"wordCount":787,"publisher":{"@id":"https:\/\/agenciainfra.com\/blog\/#organization"},"image":{"@id":"https:\/\/agenciainfra.com\/blog\/novo-dia-do-perdao-nao-sera-capaz-de-zerar-fila-da-corrida-do-ouro\/#primaryimage"},"thumbnailUrl":"https:\/\/agenciainfra.com\/blog\/wp-content\/uploads\/2023\/09\/energia-transmissao-foto-governo-federal.png","keywords":["ANEEL","corrida do ouro","curtailment","dia do perd\u00e3o","distribui\u00e7\u00e3o de energia","energia","Henrique Reis Demarest Advogados","Juliana Melcop","Lais Carregosa","Lei 15.269","Lei 15.269\/2025","MP 1.304","Setor El\u00e9trico","transmiss\u00e3o de energia","usinas","Veirano Advogados"],"articleSection":["Destaque"],"inLanguage":"pt-BR","copyrightYear":"2026","copyrightHolder":{"@id":"https:\/\/agenciainfra.com\/blog\/#organization"}},{"@type":"WebPage","@id":"https:\/\/agenciainfra.com\/blog\/novo-dia-do-perdao-nao-sera-capaz-de-zerar-fila-da-corrida-do-ouro\/","url":"https:\/\/agenciainfra.com\/blog\/novo-dia-do-perdao-nao-sera-capaz-de-zerar-fila-da-corrida-do-ouro\/","name":"Novo 'dia do perd\u00e3o' n\u00e3o ser\u00e1 capaz de zerar fila da 'corrida do ouro' - Ag\u00eancia iNFRA","isPartOf":{"@id":"https:\/\/agenciainfra.com\/blog\/#website"},"primaryImageOfPage":{"@id":"https:\/\/agenciainfra.com\/blog\/novo-dia-do-perdao-nao-sera-capaz-de-zerar-fila-da-corrida-do-ouro\/#primaryimage"},"image":{"@id":"https:\/\/agenciainfra.com\/blog\/novo-dia-do-perdao-nao-sera-capaz-de-zerar-fila-da-corrida-do-ouro\/#primaryimage"},"thumbnailUrl":"https:\/\/agenciainfra.com\/blog\/wp-content\/uploads\/2023\/09\/energia-transmissao-foto-governo-federal.png","datePublished":"2026-04-28T14:30:00+00:00","dateModified":"2026-04-28T14:30:03+00:00","breadcrumb":{"@id":"https:\/\/agenciainfra.com\/blog\/novo-dia-do-perdao-nao-sera-capaz-de-zerar-fila-da-corrida-do-ouro\/#breadcrumb"},"inLanguage":"pt-BR","potentialAction":[{"@type":"ReadAction","target":["https:\/\/agenciainfra.com\/blog\/novo-dia-do-perdao-nao-sera-capaz-de-zerar-fila-da-corrida-do-ouro\/"]}]},{"@type":"ImageObject","inLanguage":"pt-BR","@id":"https:\/\/agenciainfra.com\/blog\/novo-dia-do-perdao-nao-sera-capaz-de-zerar-fila-da-corrida-do-ouro\/#primaryimage","url":"https:\/\/agenciainfra.com\/blog\/wp-content\/uploads\/2023\/09\/energia-transmissao-foto-governo-federal.png","contentUrl":"https:\/\/agenciainfra.com\/blog\/wp-content\/uploads\/2023\/09\/energia-transmissao-foto-governo-federal.png","width":1202,"height":720,"caption":"Foto: Governo Federal"},{"@type":"BreadcrumbList","@id":"https:\/\/agenciainfra.com\/blog\/novo-dia-do-perdao-nao-sera-capaz-de-zerar-fila-da-corrida-do-ouro\/#breadcrumb","itemListElement":[{"@type":"ListItem","position":1,"name":"In\u00edcio","item":"https:\/\/agenciainfra.com\/blog\/"},{"@type":"ListItem","position":2,"name":"Novo &#8216;dia do perd\u00e3o&#8217; n\u00e3o ser\u00e1 capaz de zerar fila da &#8216;corrida do ouro&#8217;"}]},{"@type":"WebSite","@id":"https:\/\/agenciainfra.com\/blog\/#website","url":"https:\/\/agenciainfra.com\/blog\/","name":"Ag\u00eancia iNFRA","description":"Multiplataforma de informa\u00e7\u00e3o jornal\u00edstica refer\u00eancia na \u00e1rea de infraestrutura no Brasil!","publisher":{"@id":"https:\/\/agenciainfra.com\/blog\/#organization"},"potentialAction":[{"@type":"SearchAction","target":{"@type":"EntryPoint","urlTemplate":"https:\/\/agenciainfra.com\/blog\/?s={search_term_string}"},"query-input":{"@type":"PropertyValueSpecification","valueRequired":true,"valueName":"search_term_string"}}],"inLanguage":"pt-BR"},{"@type":"Organization","@id":"https:\/\/agenciainfra.com\/blog\/#organization","name":"Ag\u00eancia iNFRA","url":"https:\/\/agenciainfra.com\/blog\/","logo":{"@type":"ImageObject","inLanguage":"pt-BR","@id":"https:\/\/agenciainfra.com\/blog\/#\/schema\/logo\/image\/","url":"https:\/\/agenciainfra.com\/blog\/wp-content\/uploads\/2023\/09\/iNFRA_5-e1761735885940.png","contentUrl":"https:\/\/agenciainfra.com\/blog\/wp-content\/uploads\/2023\/09\/iNFRA_5-e1761735885940.png","width":1672,"height":454,"caption":"Ag\u00eancia iNFRA"},"image":{"@id":"https:\/\/agenciainfra.com\/blog\/#\/schema\/logo\/image\/"},"sameAs":["https:\/\/www.facebook.com\/ageninfra","https:\/\/x.com\/agencia_infra","https:\/\/www.linkedin.com\/company\/ag\u00eanciainfra\/","https:\/\/www.instagram.com\/agenciainfra\/"]},{"@type":"Person","@id":"https:\/\/agenciainfra.com\/blog\/#\/schema\/person\/34af08dff6adea4cb22b06612ba7acfa","name":"Ag\u00eancia iNFRA","image":{"@type":"ImageObject","inLanguage":"pt-BR","@id":"https:\/\/agenciainfra.com\/blog\/#\/schema\/person\/image\/","url":"https:\/\/secure.gravatar.com\/avatar\/d189e01678f06d8eb84d4e01f08eb848b3fffe3f8443818d3c356c66892f5be8?s=96&d=mm&r=g","contentUrl":"https:\/\/secure.gravatar.com\/avatar\/d189e01678f06d8eb84d4e01f08eb848b3fffe3f8443818d3c356c66892f5be8?s=96&d=mm&r=g","caption":"Ag\u00eancia iNFRA"},"url":"https:\/\/agenciainfra.com\/blog\/author\/admin\/"}]}},"_links":{"self":[{"href":"https:\/\/agenciainfra.com\/blog\/wp-json\/wp\/v2\/posts\/40193","targetHints":{"allow":["GET"]}}],"collection":[{"href":"https:\/\/agenciainfra.com\/blog\/wp-json\/wp\/v2\/posts"}],"about":[{"href":"https:\/\/agenciainfra.com\/blog\/wp-json\/wp\/v2\/types\/post"}],"author":[{"embeddable":true,"href":"https:\/\/agenciainfra.com\/blog\/wp-json\/wp\/v2\/users\/1"}],"replies":[{"embeddable":true,"href":"https:\/\/agenciainfra.com\/blog\/wp-json\/wp\/v2\/comments?post=40193"}],"version-history":[{"count":3,"href":"https:\/\/agenciainfra.com\/blog\/wp-json\/wp\/v2\/posts\/40193\/revisions"}],"predecessor-version":[{"id":40198,"href":"https:\/\/agenciainfra.com\/blog\/wp-json\/wp\/v2\/posts\/40193\/revisions\/40198"}],"wp:featuredmedia":[{"embeddable":true,"href":"https:\/\/agenciainfra.com\/blog\/wp-json\/wp\/v2\/media\/14147"}],"wp:attachment":[{"href":"https:\/\/agenciainfra.com\/blog\/wp-json\/wp\/v2\/media?parent=40193"}],"wp:term":[{"taxonomy":"category","embeddable":true,"href":"https:\/\/agenciainfra.com\/blog\/wp-json\/wp\/v2\/categories?post=40193"},{"taxonomy":"post_tag","embeddable":true,"href":"https:\/\/agenciainfra.com\/blog\/wp-json\/wp\/v2\/tags?post=40193"}],"curies":[{"name":"wp","href":"https:\/\/api.w.org\/{rel}","templated":true}]}}