{"id":40197,"date":"2026-04-28T13:00:00","date_gmt":"2026-04-28T16:00:00","guid":{"rendered":"https:\/\/agenciainfra.com\/blog\/?p=40197"},"modified":"2026-04-28T15:38:45","modified_gmt":"2026-04-28T18:38:45","slug":"termicas-podem-perder-espaco-na-exportacao-de-energia-a-argentina-e-uruguai","status":"publish","type":"post","link":"https:\/\/agenciainfra.com\/blog\/termicas-podem-perder-espaco-na-exportacao-de-energia-a-argentina-e-uruguai\/","title":{"rendered":"T\u00e9rmicas podem perder espa\u00e7o na exporta\u00e7\u00e3o de energia a Argentina e Uruguai"},"content":{"rendered":"\n<p class=\"has-text-align-right\"><strong>Lais Carregosa, Marisa Wanzeller e Geraldo Campos Jr., da Ag\u00eancia iNFRA*<\/strong><\/p>\n\n\n\n<figure class=\"wp-block-image aligncenter size-full is-resized\"><a href=\"https:\/\/agenciainfra.com\/blog\/assine-nossos-servicos\/\"><img fetchpriority=\"high\" decoding=\"async\" width=\"966\" height=\"117\" src=\"https:\/\/agenciainfra.com\/blog\/wp-content\/uploads\/2026\/01\/selo-assinantes-1.png\" alt=\"\" class=\"wp-image-35239\" style=\"width:400px\" srcset=\"https:\/\/agenciainfra.com\/blog\/wp-content\/uploads\/2026\/01\/selo-assinantes-1.png 966w, https:\/\/agenciainfra.com\/blog\/wp-content\/uploads\/2026\/01\/selo-assinantes-1-300x36.png 300w, https:\/\/agenciainfra.com\/blog\/wp-content\/uploads\/2026\/01\/selo-assinantes-1-768x93.png 768w\" sizes=\"(max-width: 966px) 100vw, 966px\" \/><\/a><\/figure>\n\n\n\n<p>As usinas termel\u00e9tricas temem perder espa\u00e7o para as hidrel\u00e9tricas na comercializa\u00e7\u00e3o de energia para a Argentina e Uruguai, segundo apurou a&nbsp;<strong>Ag\u00eancia iNFRA<\/strong>. Atualmente, ambas as fontes podem exportar o excedente de gera\u00e7\u00e3o aos pa\u00edses vizinhos. No entanto, as CPs (Consultas P\u00fablicas)&nbsp;<a href=\"https:\/\/agenciainfra.us14.list-manage.com\/track\/click?u=d460dd1bcf9ba0ae040e1fc0f&amp;id=053bac6daf&amp;e=1192c754bc\" target=\"_blank\" rel=\"noreferrer noopener\">220<\/a>&nbsp;e&nbsp;<a href=\"https:\/\/agenciainfra.us14.list-manage.com\/track\/click?u=d460dd1bcf9ba0ae040e1fc0f&amp;id=2712d2ee53&amp;e=1192c754bc\" target=\"_blank\" rel=\"noreferrer noopener\">221<\/a>, abertas pelo MME (Minist\u00e9rio de Minas e Energia) na segunda-feira (27), podem estimular as opera\u00e7\u00f5es para a fonte hidr\u00e1ulica. Atualmente, o mercado exportador \u00e9 dominado pelo segmento t\u00e9rmico.&nbsp;<br><br>A proposta do governo dar\u00e1 mais previsibilidade para que os agentes hidrel\u00e9tricos consigam viabilizar a exporta\u00e7\u00e3o dos seus excedentes. Isso ocorreria por meio da compensa\u00e7\u00e3o do abastecimento dos reservat\u00f3rios considerando os regimes de chuvas alternados nas regi\u00f5es Norte e Sul do pa\u00eds.&nbsp;<br><br>Com o aumento da oferta hidrel\u00e9trica para exporta\u00e7\u00e3o, interlocutores do governo apontam que as fontes podem vir a competir no mercado diante da limita\u00e7\u00e3o de capacidade da infraestrutura para escoar a energia. Segundo dados do governo, em 2025, o Brasil exportou 3,32 milh\u00f5es de MWh (megawatt-hora) para Argentina e Uruguai at\u00e9 outubro, sendo que desse total, 96% foram provenientes das t\u00e9rmicas.&nbsp;<br><br>\u00c0&nbsp;<strong>Ag\u00eancia iNFRA<\/strong>, a diretora da Abrage (Associa\u00e7\u00e3o Brasileira das Empresas Geradoras de Energia El\u00e9trica), Camilla Fernandes, afirma que, com mais previsibilidade, o pre\u00e7o ser\u00e1 o fator que&nbsp;guiar\u00e1 a decis\u00e3o do comprador sobre qual fonte importar.<br><br><strong>Entenda a proposta<\/strong><br>A proposta pretende reduzir os cortes obrigat\u00f3rios de gera\u00e7\u00e3o hidrel\u00e9trica, conhecidos no segmento como \u201cvertimento turbin\u00e1vel\u201d \u2013 quando a \u00e1gua passa pelos vertedouros sem gerar energia, devido ao excesso de oferta no sistema.&nbsp;<br><br>Para isso, a consulta p\u00fablica visa permitir a exporta\u00e7\u00e3o do \u201cexcesso futuro\u201d de gera\u00e7\u00e3o hidrel\u00e9trica \u00e0 Argentina e ao Uruguai. Conforme as notas t\u00e9cnicas disponibilizadas pelo MME, o mecanismo ser\u00e1 usado apenas nos subsistemas Norte e Sul, em uma esp\u00e9cie de \u201ctroca\u201d entre o excesso de gera\u00e7\u00e3o do Norte e o armazenamento do Sul.&nbsp;<br><br>O mecanismo funcionaria em dois per\u00edodos. No primeiro, durante a seca no Norte (de junho a novembro)&nbsp;os reservat\u00f3rios do Sul ser\u00e3o usados para \u201cantecipar\u201d a venda de energia. No segundo, de dezembro a maio, os reservat\u00f3rios do Sul ser\u00e3o poupados para recupera\u00e7\u00e3o do volume, e a gera\u00e7\u00e3o hidrel\u00e9trica no Norte ir\u00e1 compensar esse movimento.<br><br>A diretora da Abrage afirma que a altern\u00e2ncia entre os subsistemas se d\u00e1 porque o Norte \u00e9 o subsistema que mais sofre com o vertimento turbinado das usinas, que s\u00e3o a fio d\u2019\u00e1gua \u2013 ou seja, n\u00e3o armazenam \u00e1gua. Al\u00e9m disso, a interliga\u00e7\u00e3o do sistema de transmiss\u00e3o com a Argentina e o Uruguai est\u00e1 localizada na regi\u00e3o Sul. &nbsp;&nbsp;<br><br>Camilla afirma que a medida foi um pleito das hidrel\u00e9tricas, que querem mais previsibilidade para firmar contratos e conseguir vender aos pa\u00edses vizinhos a energia que n\u00e3o seria aproveitada no Brasil.&nbsp;<br><br>\u201cA ideia \u00e9 aproveitar o excedente do Norte por meio dessa interliga\u00e7\u00e3o internacional com a Argentina e Uruguai no Sul. Quando h\u00e1 o per\u00edodo cheio no Sul e est\u00e1 seco l\u00e1 no Norte, a ideia \u00e9 exportar do Sul, usando o reservat\u00f3rio, j\u00e1 sabendo que no per\u00edodo seguinte, que vai ser chuvoso no Norte, vamos ter como recompor o reservat\u00f3rio do Sul [de forma proporcional \u00e0 energia exportada]\u201d, explicou.<br><br><strong>Despacho fora da ordem<\/strong><br>A minuta de portaria do MME prev\u00ea ainda que, caso n\u00e3o seja poss\u00edvel recuperar os reservat\u00f3rios do Sul durante o per\u00edodo \u00famido no Norte, o ONS (Operador Nacional do Sistema El\u00e9trico) far\u00e1 despacho termel\u00e9trico fora da ordem de m\u00e9rito. Esse custo seria arcado pelos agentes hidrel\u00e9tricos que tenham aderido ao mecanismo.<br><br>Um alto executivo do segmento de termel\u00e9tricas se diz c\u00e9tico com rela\u00e7\u00e3o a este mecanismo de seguran\u00e7a, pautado na possibilidade de pagamento pelas hidrel\u00e9tricas do despacho t\u00e9rmico em caso de necessidade.&nbsp;<br><br>\u201cOs geradores t\u00e9rmicos n\u00e3o v\u00e3o querer gerar a CVU [Custo Vari\u00e1vel Unit\u00e1rio] para os hidr\u00e1ulicos venderem a pre\u00e7os de Argentina\u201d, diz a fonte, ao pontuar as incertezas desse modelo. \u201cSe as chuvas n\u00e3o repuserem o n\u00edvel dos reservat\u00f3rios, as termel\u00e9tricas seriam acionadas a que pre\u00e7o? E se essas t\u00e9rmicas j\u00e1 estiverem despachadas?\u201d, questiona. Para o executivo, a inseguran\u00e7a h\u00eddrica dos \u00faltimos anos \u00e9 um \u201cponto crucial\u201d na discuss\u00e3o, em desfavor da medida.<br><br><strong>Exporta\u00e7\u00f5es<\/strong><br>Hoje, j\u00e1 \u00e9 poss\u00edvel exportar a energia do vertimento turbin\u00e1vel, no entanto, a disponibilidade acontece com pouca anteced\u00eancia: quando as simula\u00e7\u00f5es do ONS apontam para excesso de gera\u00e7\u00e3o hidr\u00e1ulica na pr\u00f3xima semana operativa.<br><br>Nos \u00faltimos anos, a exporta\u00e7\u00e3o de energia das usinas t\u00e9rmicas tem sido muito maior que a das hidrel\u00e9tricas. Em 2024, as exporta\u00e7\u00f5es das hidrel\u00e9tricas foram de 22,9 mil MWh e, em 2025, de 63,8 mil MWh&nbsp;(dados at\u00e9 outubro). Enquanto as vendas externas das t\u00e9rmicas ficaram acima de 2,5 milh\u00f5es de MWh anuais.&nbsp;<br><br>A advogada Ana Karina, s\u00f3cia do escrit\u00f3rio Machado Meyer, aponta que a solu\u00e7\u00e3o proposta pelo MME endere\u00e7a uma preocupa\u00e7\u00e3o dos agentes hidrel\u00e9tricos com o chamado \u201ccurtailment das hidrel\u00e9tricas\u201d. \u201c\u00c9 uma proposta que busca reduzir esses cortes de gera\u00e7\u00e3o, esse vertimento turbin\u00e1vel, potencializando uma nova fonte de receita para esses projetos\u201d, destaca. \u201c\u00c9 uma oportunidade de neg\u00f3cio que estava sendo subutilizada, que n\u00e3o estava sendo considerada.\u201d<br><br><em>*Colaborou: Gabriel Vasconcelos<\/em><\/p>\n","protected":false},"excerpt":{"rendered":"<p>Lais Carregosa, Marisa Wanzeller e Geraldo Campos Jr., da Ag\u00eancia iNFRA* As usinas termel\u00e9tricas temem perder espa\u00e7o para as hidrel\u00e9tricas na comercializa\u00e7\u00e3o de energia para a Argentina e Uruguai, segundo apurou a&nbsp;Ag\u00eancia iNFRA. Atualmente, ambas as fontes podem exportar o excedente de gera\u00e7\u00e3o aos pa\u00edses vizinhos. No entanto, as CPs (Consultas P\u00fablicas)&nbsp;220&nbsp;e&nbsp;221, abertas pelo MME [&hellip;]<\/p>\n","protected":false},"author":1,"featured_media":28755,"comment_status":"closed","ping_status":"closed","sticky":false,"template":"","format":"standard","meta":{"_monsterinsights_skip_tracking":false,"_monsterinsights_sitenote_active":false,"_monsterinsights_sitenote_note":"","_monsterinsights_sitenote_category":0,"footnotes":""},"categories":[7250],"tags":[5540,8390,13251,11677,11594,635,13132,7366,71,631,4543,12786],"class_list":["post-40197","post","type-post","status-publish","format-standard","has-post-thumbnail","hentry","category-destaque-lista","tag-comercializacao-de-energia","tag-exportacao-de-energia","tag-gabriel-vasconcelos","tag-geracao-eletrica","tag-geraldo-campos-jr","tag-hidreletricas","tag-lais-carregosa","tag-marisa-wanzeller","tag-mme","tag-termicas","tag-usinas-termeletricas","tag-vertimento"],"yoast_head":"<!-- This site is optimized with the Yoast SEO Premium plugin v25.4 (Yoast SEO v26.0) - https:\/\/yoast.com\/wordpress\/plugins\/seo\/ -->\n<title>T\u00e9rmicas podem perder espa\u00e7o na exporta\u00e7\u00e3o de energia a Argentina e Uruguai - Ag\u00eancia iNFRA<\/title>\n<meta name=\"robots\" content=\"index, follow, max-snippet:-1, max-image-preview:large, max-video-preview:-1\" \/>\n<link rel=\"canonical\" href=\"https:\/\/agenciainfra.com\/blog\/termicas-podem-perder-espaco-na-exportacao-de-energia-a-argentina-e-uruguai\/\" \/>\n<meta property=\"og:locale\" content=\"pt_BR\" \/>\n<meta property=\"og:type\" content=\"article\" \/>\n<meta property=\"og:title\" content=\"T\u00e9rmicas podem perder espa\u00e7o na exporta\u00e7\u00e3o de energia a Argentina e Uruguai\" \/>\n<meta property=\"og:description\" content=\"Lais Carregosa, Marisa Wanzeller e Geraldo Campos Jr., da Ag\u00eancia iNFRA* As usinas termel\u00e9tricas temem perder espa\u00e7o para as hidrel\u00e9tricas na comercializa\u00e7\u00e3o de energia para a Argentina e Uruguai, segundo apurou a&nbsp;Ag\u00eancia iNFRA. Atualmente, ambas as fontes podem exportar o excedente de gera\u00e7\u00e3o aos pa\u00edses vizinhos. No entanto, as CPs (Consultas P\u00fablicas)&nbsp;220&nbsp;e&nbsp;221, abertas pelo MME [&hellip;]\" \/>\n<meta property=\"og:url\" content=\"https:\/\/agenciainfra.com\/blog\/termicas-podem-perder-espaco-na-exportacao-de-energia-a-argentina-e-uruguai\/\" \/>\n<meta property=\"og:site_name\" content=\"Ag\u00eancia iNFRA\" \/>\n<meta property=\"article:publisher\" content=\"https:\/\/www.facebook.com\/ageninfra\" \/>\n<meta property=\"article:published_time\" content=\"2026-04-28T16:00:00+00:00\" \/>\n<meta property=\"article:modified_time\" content=\"2026-04-28T18:38:45+00:00\" \/>\n<meta property=\"og:image\" content=\"https:\/\/agenciainfra.com\/blog\/wp-content\/uploads\/2025\/09\/usina-termica-foto-dominio-publico.jpg\" \/>\n\t<meta property=\"og:image:width\" content=\"1280\" \/>\n\t<meta property=\"og:image:height\" content=\"850\" \/>\n\t<meta property=\"og:image:type\" content=\"image\/jpeg\" \/>\n<meta name=\"author\" content=\"Ag\u00eancia iNFRA\" \/>\n<meta name=\"twitter:card\" content=\"summary_large_image\" \/>\n<meta name=\"twitter:creator\" content=\"@agencia_infra\" \/>\n<meta name=\"twitter:site\" content=\"@agencia_infra\" \/>\n<meta name=\"twitter:label1\" content=\"Escrito por\" \/>\n\t<meta name=\"twitter:data1\" content=\"Ag\u00eancia iNFRA\" \/>\n\t<meta name=\"twitter:label2\" content=\"Est. tempo de leitura\" \/>\n\t<meta name=\"twitter:data2\" content=\"5 minutos\" \/>\n<script type=\"application\/ld+json\" class=\"yoast-schema-graph\">{\"@context\":\"https:\/\/schema.org\",\"@graph\":[{\"@type\":\"Article\",\"@id\":\"https:\/\/agenciainfra.com\/blog\/termicas-podem-perder-espaco-na-exportacao-de-energia-a-argentina-e-uruguai\/#article\",\"isPartOf\":{\"@id\":\"https:\/\/agenciainfra.com\/blog\/termicas-podem-perder-espaco-na-exportacao-de-energia-a-argentina-e-uruguai\/\"},\"author\":{\"name\":\"Ag\u00eancia iNFRA\",\"@id\":\"https:\/\/agenciainfra.com\/blog\/#\/schema\/person\/34af08dff6adea4cb22b06612ba7acfa\"},\"headline\":\"T\u00e9rmicas podem perder espa\u00e7o na exporta\u00e7\u00e3o de energia a Argentina e Uruguai\",\"datePublished\":\"2026-04-28T16:00:00+00:00\",\"dateModified\":\"2026-04-28T18:38:45+00:00\",\"mainEntityOfPage\":{\"@id\":\"https:\/\/agenciainfra.com\/blog\/termicas-podem-perder-espaco-na-exportacao-de-energia-a-argentina-e-uruguai\/\"},\"wordCount\":969,\"publisher\":{\"@id\":\"https:\/\/agenciainfra.com\/blog\/#organization\"},\"image\":{\"@id\":\"https:\/\/agenciainfra.com\/blog\/termicas-podem-perder-espaco-na-exportacao-de-energia-a-argentina-e-uruguai\/#primaryimage\"},\"thumbnailUrl\":\"https:\/\/agenciainfra.com\/blog\/wp-content\/uploads\/2025\/09\/usina-termica-foto-dominio-publico.jpg\",\"keywords\":[\"comercializa\u00e7\u00e3o de energia\",\"Exporta\u00e7\u00e3o de Energia\",\"Gabriel Vasconcelos\",\"gera\u00e7\u00e3o el\u00e9trica\",\"Geraldo Campos Jr.\",\"Hidrel\u00e9tricas\",\"Lais Carregosa\",\"Marisa Wanzeller\",\"MME\",\"t\u00e9rmicas\",\"usinas termel\u00e9tricas\",\"vertimento\"],\"articleSection\":[\"Destaque lista\"],\"inLanguage\":\"pt-BR\",\"copyrightYear\":\"2026\",\"copyrightHolder\":{\"@id\":\"https:\/\/agenciainfra.com\/blog\/#organization\"}},{\"@type\":\"WebPage\",\"@id\":\"https:\/\/agenciainfra.com\/blog\/termicas-podem-perder-espaco-na-exportacao-de-energia-a-argentina-e-uruguai\/\",\"url\":\"https:\/\/agenciainfra.com\/blog\/termicas-podem-perder-espaco-na-exportacao-de-energia-a-argentina-e-uruguai\/\",\"name\":\"T\u00e9rmicas podem perder espa\u00e7o na exporta\u00e7\u00e3o de energia a Argentina e Uruguai - Ag\u00eancia iNFRA\",\"isPartOf\":{\"@id\":\"https:\/\/agenciainfra.com\/blog\/#website\"},\"primaryImageOfPage\":{\"@id\":\"https:\/\/agenciainfra.com\/blog\/termicas-podem-perder-espaco-na-exportacao-de-energia-a-argentina-e-uruguai\/#primaryimage\"},\"image\":{\"@id\":\"https:\/\/agenciainfra.com\/blog\/termicas-podem-perder-espaco-na-exportacao-de-energia-a-argentina-e-uruguai\/#primaryimage\"},\"thumbnailUrl\":\"https:\/\/agenciainfra.com\/blog\/wp-content\/uploads\/2025\/09\/usina-termica-foto-dominio-publico.jpg\",\"datePublished\":\"2026-04-28T16:00:00+00:00\",\"dateModified\":\"2026-04-28T18:38:45+00:00\",\"breadcrumb\":{\"@id\":\"https:\/\/agenciainfra.com\/blog\/termicas-podem-perder-espaco-na-exportacao-de-energia-a-argentina-e-uruguai\/#breadcrumb\"},\"inLanguage\":\"pt-BR\",\"potentialAction\":[{\"@type\":\"ReadAction\",\"target\":[\"https:\/\/agenciainfra.com\/blog\/termicas-podem-perder-espaco-na-exportacao-de-energia-a-argentina-e-uruguai\/\"]}]},{\"@type\":\"ImageObject\",\"inLanguage\":\"pt-BR\",\"@id\":\"https:\/\/agenciainfra.com\/blog\/termicas-podem-perder-espaco-na-exportacao-de-energia-a-argentina-e-uruguai\/#primaryimage\",\"url\":\"https:\/\/agenciainfra.com\/blog\/wp-content\/uploads\/2025\/09\/usina-termica-foto-dominio-publico.jpg\",\"contentUrl\":\"https:\/\/agenciainfra.com\/blog\/wp-content\/uploads\/2025\/09\/usina-termica-foto-dominio-publico.jpg\",\"width\":1280,\"height\":850,\"caption\":\"Foto: Dom\u00ednio P\u00fablico\"},{\"@type\":\"BreadcrumbList\",\"@id\":\"https:\/\/agenciainfra.com\/blog\/termicas-podem-perder-espaco-na-exportacao-de-energia-a-argentina-e-uruguai\/#breadcrumb\",\"itemListElement\":[{\"@type\":\"ListItem\",\"position\":1,\"name\":\"In\u00edcio\",\"item\":\"https:\/\/agenciainfra.com\/blog\/\"},{\"@type\":\"ListItem\",\"position\":2,\"name\":\"T\u00e9rmicas podem perder espa\u00e7o na exporta\u00e7\u00e3o de energia a Argentina e Uruguai\"}]},{\"@type\":\"WebSite\",\"@id\":\"https:\/\/agenciainfra.com\/blog\/#website\",\"url\":\"https:\/\/agenciainfra.com\/blog\/\",\"name\":\"Ag\u00eancia iNFRA\",\"description\":\"Multiplataforma de informa\u00e7\u00e3o jornal\u00edstica refer\u00eancia na \u00e1rea de infraestrutura no Brasil!\",\"publisher\":{\"@id\":\"https:\/\/agenciainfra.com\/blog\/#organization\"},\"potentialAction\":[{\"@type\":\"SearchAction\",\"target\":{\"@type\":\"EntryPoint\",\"urlTemplate\":\"https:\/\/agenciainfra.com\/blog\/?s={search_term_string}\"},\"query-input\":{\"@type\":\"PropertyValueSpecification\",\"valueRequired\":true,\"valueName\":\"search_term_string\"}}],\"inLanguage\":\"pt-BR\"},{\"@type\":\"Organization\",\"@id\":\"https:\/\/agenciainfra.com\/blog\/#organization\",\"name\":\"Ag\u00eancia iNFRA\",\"url\":\"https:\/\/agenciainfra.com\/blog\/\",\"logo\":{\"@type\":\"ImageObject\",\"inLanguage\":\"pt-BR\",\"@id\":\"https:\/\/agenciainfra.com\/blog\/#\/schema\/logo\/image\/\",\"url\":\"https:\/\/agenciainfra.com\/blog\/wp-content\/uploads\/2023\/09\/iNFRA_5-e1761735885940.png\",\"contentUrl\":\"https:\/\/agenciainfra.com\/blog\/wp-content\/uploads\/2023\/09\/iNFRA_5-e1761735885940.png\",\"width\":1672,\"height\":454,\"caption\":\"Ag\u00eancia iNFRA\"},\"image\":{\"@id\":\"https:\/\/agenciainfra.com\/blog\/#\/schema\/logo\/image\/\"},\"sameAs\":[\"https:\/\/www.facebook.com\/ageninfra\",\"https:\/\/x.com\/agencia_infra\",\"https:\/\/www.linkedin.com\/company\/ag\u00eanciainfra\/\",\"https:\/\/www.instagram.com\/agenciainfra\/\"]},{\"@type\":\"Person\",\"@id\":\"https:\/\/agenciainfra.com\/blog\/#\/schema\/person\/34af08dff6adea4cb22b06612ba7acfa\",\"name\":\"Ag\u00eancia iNFRA\",\"image\":{\"@type\":\"ImageObject\",\"inLanguage\":\"pt-BR\",\"@id\":\"https:\/\/agenciainfra.com\/blog\/#\/schema\/person\/image\/\",\"url\":\"https:\/\/secure.gravatar.com\/avatar\/d189e01678f06d8eb84d4e01f08eb848b3fffe3f8443818d3c356c66892f5be8?s=96&d=mm&r=g\",\"contentUrl\":\"https:\/\/secure.gravatar.com\/avatar\/d189e01678f06d8eb84d4e01f08eb848b3fffe3f8443818d3c356c66892f5be8?s=96&d=mm&r=g\",\"caption\":\"Ag\u00eancia iNFRA\"},\"url\":\"https:\/\/agenciainfra.com\/blog\/author\/admin\/\"}]}<\/script>\n<!-- \/ Yoast SEO Premium plugin. -->","yoast_head_json":{"title":"T\u00e9rmicas podem perder espa\u00e7o na exporta\u00e7\u00e3o de energia a Argentina e Uruguai - Ag\u00eancia iNFRA","robots":{"index":"index","follow":"follow","max-snippet":"max-snippet:-1","max-image-preview":"max-image-preview:large","max-video-preview":"max-video-preview:-1"},"canonical":"https:\/\/agenciainfra.com\/blog\/termicas-podem-perder-espaco-na-exportacao-de-energia-a-argentina-e-uruguai\/","og_locale":"pt_BR","og_type":"article","og_title":"T\u00e9rmicas podem perder espa\u00e7o na exporta\u00e7\u00e3o de energia a Argentina e Uruguai","og_description":"Lais Carregosa, Marisa Wanzeller e Geraldo Campos Jr., da Ag\u00eancia iNFRA* As usinas termel\u00e9tricas temem perder espa\u00e7o para as hidrel\u00e9tricas na comercializa\u00e7\u00e3o de energia para a Argentina e Uruguai, segundo apurou a&nbsp;Ag\u00eancia iNFRA. Atualmente, ambas as fontes podem exportar o excedente de gera\u00e7\u00e3o aos pa\u00edses vizinhos. No entanto, as CPs (Consultas P\u00fablicas)&nbsp;220&nbsp;e&nbsp;221, abertas pelo MME [&hellip;]","og_url":"https:\/\/agenciainfra.com\/blog\/termicas-podem-perder-espaco-na-exportacao-de-energia-a-argentina-e-uruguai\/","og_site_name":"Ag\u00eancia iNFRA","article_publisher":"https:\/\/www.facebook.com\/ageninfra","article_published_time":"2026-04-28T16:00:00+00:00","article_modified_time":"2026-04-28T18:38:45+00:00","og_image":[{"width":1280,"height":850,"url":"https:\/\/agenciainfra.com\/blog\/wp-content\/uploads\/2025\/09\/usina-termica-foto-dominio-publico.jpg","type":"image\/jpeg"}],"author":"Ag\u00eancia iNFRA","twitter_card":"summary_large_image","twitter_creator":"@agencia_infra","twitter_site":"@agencia_infra","twitter_misc":{"Escrito por":"Ag\u00eancia iNFRA","Est. tempo de leitura":"5 minutos"},"schema":{"@context":"https:\/\/schema.org","@graph":[{"@type":"Article","@id":"https:\/\/agenciainfra.com\/blog\/termicas-podem-perder-espaco-na-exportacao-de-energia-a-argentina-e-uruguai\/#article","isPartOf":{"@id":"https:\/\/agenciainfra.com\/blog\/termicas-podem-perder-espaco-na-exportacao-de-energia-a-argentina-e-uruguai\/"},"author":{"name":"Ag\u00eancia iNFRA","@id":"https:\/\/agenciainfra.com\/blog\/#\/schema\/person\/34af08dff6adea4cb22b06612ba7acfa"},"headline":"T\u00e9rmicas podem perder espa\u00e7o na exporta\u00e7\u00e3o de energia a Argentina e Uruguai","datePublished":"2026-04-28T16:00:00+00:00","dateModified":"2026-04-28T18:38:45+00:00","mainEntityOfPage":{"@id":"https:\/\/agenciainfra.com\/blog\/termicas-podem-perder-espaco-na-exportacao-de-energia-a-argentina-e-uruguai\/"},"wordCount":969,"publisher":{"@id":"https:\/\/agenciainfra.com\/blog\/#organization"},"image":{"@id":"https:\/\/agenciainfra.com\/blog\/termicas-podem-perder-espaco-na-exportacao-de-energia-a-argentina-e-uruguai\/#primaryimage"},"thumbnailUrl":"https:\/\/agenciainfra.com\/blog\/wp-content\/uploads\/2025\/09\/usina-termica-foto-dominio-publico.jpg","keywords":["comercializa\u00e7\u00e3o de energia","Exporta\u00e7\u00e3o de Energia","Gabriel Vasconcelos","gera\u00e7\u00e3o el\u00e9trica","Geraldo Campos Jr.","Hidrel\u00e9tricas","Lais Carregosa","Marisa Wanzeller","MME","t\u00e9rmicas","usinas termel\u00e9tricas","vertimento"],"articleSection":["Destaque lista"],"inLanguage":"pt-BR","copyrightYear":"2026","copyrightHolder":{"@id":"https:\/\/agenciainfra.com\/blog\/#organization"}},{"@type":"WebPage","@id":"https:\/\/agenciainfra.com\/blog\/termicas-podem-perder-espaco-na-exportacao-de-energia-a-argentina-e-uruguai\/","url":"https:\/\/agenciainfra.com\/blog\/termicas-podem-perder-espaco-na-exportacao-de-energia-a-argentina-e-uruguai\/","name":"T\u00e9rmicas podem perder espa\u00e7o na exporta\u00e7\u00e3o de energia a Argentina e Uruguai - Ag\u00eancia iNFRA","isPartOf":{"@id":"https:\/\/agenciainfra.com\/blog\/#website"},"primaryImageOfPage":{"@id":"https:\/\/agenciainfra.com\/blog\/termicas-podem-perder-espaco-na-exportacao-de-energia-a-argentina-e-uruguai\/#primaryimage"},"image":{"@id":"https:\/\/agenciainfra.com\/blog\/termicas-podem-perder-espaco-na-exportacao-de-energia-a-argentina-e-uruguai\/#primaryimage"},"thumbnailUrl":"https:\/\/agenciainfra.com\/blog\/wp-content\/uploads\/2025\/09\/usina-termica-foto-dominio-publico.jpg","datePublished":"2026-04-28T16:00:00+00:00","dateModified":"2026-04-28T18:38:45+00:00","breadcrumb":{"@id":"https:\/\/agenciainfra.com\/blog\/termicas-podem-perder-espaco-na-exportacao-de-energia-a-argentina-e-uruguai\/#breadcrumb"},"inLanguage":"pt-BR","potentialAction":[{"@type":"ReadAction","target":["https:\/\/agenciainfra.com\/blog\/termicas-podem-perder-espaco-na-exportacao-de-energia-a-argentina-e-uruguai\/"]}]},{"@type":"ImageObject","inLanguage":"pt-BR","@id":"https:\/\/agenciainfra.com\/blog\/termicas-podem-perder-espaco-na-exportacao-de-energia-a-argentina-e-uruguai\/#primaryimage","url":"https:\/\/agenciainfra.com\/blog\/wp-content\/uploads\/2025\/09\/usina-termica-foto-dominio-publico.jpg","contentUrl":"https:\/\/agenciainfra.com\/blog\/wp-content\/uploads\/2025\/09\/usina-termica-foto-dominio-publico.jpg","width":1280,"height":850,"caption":"Foto: Dom\u00ednio P\u00fablico"},{"@type":"BreadcrumbList","@id":"https:\/\/agenciainfra.com\/blog\/termicas-podem-perder-espaco-na-exportacao-de-energia-a-argentina-e-uruguai\/#breadcrumb","itemListElement":[{"@type":"ListItem","position":1,"name":"In\u00edcio","item":"https:\/\/agenciainfra.com\/blog\/"},{"@type":"ListItem","position":2,"name":"T\u00e9rmicas podem perder espa\u00e7o na exporta\u00e7\u00e3o de energia a Argentina e Uruguai"}]},{"@type":"WebSite","@id":"https:\/\/agenciainfra.com\/blog\/#website","url":"https:\/\/agenciainfra.com\/blog\/","name":"Ag\u00eancia iNFRA","description":"Multiplataforma de informa\u00e7\u00e3o jornal\u00edstica refer\u00eancia na \u00e1rea de infraestrutura no Brasil!","publisher":{"@id":"https:\/\/agenciainfra.com\/blog\/#organization"},"potentialAction":[{"@type":"SearchAction","target":{"@type":"EntryPoint","urlTemplate":"https:\/\/agenciainfra.com\/blog\/?s={search_term_string}"},"query-input":{"@type":"PropertyValueSpecification","valueRequired":true,"valueName":"search_term_string"}}],"inLanguage":"pt-BR"},{"@type":"Organization","@id":"https:\/\/agenciainfra.com\/blog\/#organization","name":"Ag\u00eancia iNFRA","url":"https:\/\/agenciainfra.com\/blog\/","logo":{"@type":"ImageObject","inLanguage":"pt-BR","@id":"https:\/\/agenciainfra.com\/blog\/#\/schema\/logo\/image\/","url":"https:\/\/agenciainfra.com\/blog\/wp-content\/uploads\/2023\/09\/iNFRA_5-e1761735885940.png","contentUrl":"https:\/\/agenciainfra.com\/blog\/wp-content\/uploads\/2023\/09\/iNFRA_5-e1761735885940.png","width":1672,"height":454,"caption":"Ag\u00eancia iNFRA"},"image":{"@id":"https:\/\/agenciainfra.com\/blog\/#\/schema\/logo\/image\/"},"sameAs":["https:\/\/www.facebook.com\/ageninfra","https:\/\/x.com\/agencia_infra","https:\/\/www.linkedin.com\/company\/ag\u00eanciainfra\/","https:\/\/www.instagram.com\/agenciainfra\/"]},{"@type":"Person","@id":"https:\/\/agenciainfra.com\/blog\/#\/schema\/person\/34af08dff6adea4cb22b06612ba7acfa","name":"Ag\u00eancia iNFRA","image":{"@type":"ImageObject","inLanguage":"pt-BR","@id":"https:\/\/agenciainfra.com\/blog\/#\/schema\/person\/image\/","url":"https:\/\/secure.gravatar.com\/avatar\/d189e01678f06d8eb84d4e01f08eb848b3fffe3f8443818d3c356c66892f5be8?s=96&d=mm&r=g","contentUrl":"https:\/\/secure.gravatar.com\/avatar\/d189e01678f06d8eb84d4e01f08eb848b3fffe3f8443818d3c356c66892f5be8?s=96&d=mm&r=g","caption":"Ag\u00eancia iNFRA"},"url":"https:\/\/agenciainfra.com\/blog\/author\/admin\/"}]}},"_links":{"self":[{"href":"https:\/\/agenciainfra.com\/blog\/wp-json\/wp\/v2\/posts\/40197","targetHints":{"allow":["GET"]}}],"collection":[{"href":"https:\/\/agenciainfra.com\/blog\/wp-json\/wp\/v2\/posts"}],"about":[{"href":"https:\/\/agenciainfra.com\/blog\/wp-json\/wp\/v2\/types\/post"}],"author":[{"embeddable":true,"href":"https:\/\/agenciainfra.com\/blog\/wp-json\/wp\/v2\/users\/1"}],"replies":[{"embeddable":true,"href":"https:\/\/agenciainfra.com\/blog\/wp-json\/wp\/v2\/comments?post=40197"}],"version-history":[{"count":4,"href":"https:\/\/agenciainfra.com\/blog\/wp-json\/wp\/v2\/posts\/40197\/revisions"}],"predecessor-version":[{"id":40251,"href":"https:\/\/agenciainfra.com\/blog\/wp-json\/wp\/v2\/posts\/40197\/revisions\/40251"}],"wp:featuredmedia":[{"embeddable":true,"href":"https:\/\/agenciainfra.com\/blog\/wp-json\/wp\/v2\/media\/28755"}],"wp:attachment":[{"href":"https:\/\/agenciainfra.com\/blog\/wp-json\/wp\/v2\/media?parent=40197"}],"wp:term":[{"taxonomy":"category","embeddable":true,"href":"https:\/\/agenciainfra.com\/blog\/wp-json\/wp\/v2\/categories?post=40197"},{"taxonomy":"post_tag","embeddable":true,"href":"https:\/\/agenciainfra.com\/blog\/wp-json\/wp\/v2\/tags?post=40197"}],"curies":[{"name":"wp","href":"https:\/\/api.w.org\/{rel}","templated":true}]}}