{"id":4020,"date":"2019-11-16T08:00:54","date_gmt":"2019-11-16T11:00:54","guid":{"rendered":"http:\/\/www.agenciainfra.com\/blog\/?p=4020"},"modified":"2019-11-14T11:25:17","modified_gmt":"2019-11-14T14:25:17","slug":"resolucao-do-piso-de-frete-volta-a-valer-diz-antt","status":"publish","type":"post","link":"https:\/\/agenciainfra.com\/blog\/resolucao-do-piso-de-frete-volta-a-valer-diz-antt\/","title":{"rendered":"Resolu\u00e7\u00e3o do piso de frete volta a valer, diz ANTT"},"content":{"rendered":"<div>\n<h5 style=\"text-align: right;\"><strong>Gabriel Tabatcheik, da\u00a0Ag\u00eancia iNFRA<\/strong><\/h5>\n<p>A diretoria da ANTT (Ag\u00eancia Nacional de Transportes Terrestres) decidiu restabelecer a resolu\u00e7\u00e3o 5.849\/2019, que estipula regras gerais, metodologia e coeficientes dos pisos m\u00ednimos do transporte rodovi\u00e1rio de cargas. A norma estava suspensa cautelarmente por decis\u00e3o da pr\u00f3pria ag\u00eancia (por meio da resolu\u00e7\u00e3o 5.851\/2019).<\/p>\n<p>A resolu\u00e7\u00e3o com novos par\u00e2metros para calcular o\u00a0piso m\u00ednimo vigorou por menos de uma semana. Foi publicada em 16 de julho e perdeu seus efeitos no dia 22 do mesmo m\u00eas. Isso se deu ap\u00f3s of\u00edcio do Minist\u00e9rio da Infraestrutura encaminhado a ANTT, no qual se recomendou &#8220;poss\u00edvel aprimoramento da reda\u00e7\u00e3o a fim de dar maior clareza ao setor&#8221;.<\/p>\n<p>Na \u00e9poca, houve press\u00e3o de grupos de caminhoneiros contra as mudan\u00e7as que levariam a\u00a0<a href=\"https:\/\/agenciainfra.us14.list-manage.com\/track\/click?u=d460dd1bcf9ba0ae040e1fc0f&amp;id=a2ca231868&amp;e=c099169394\" target=\"_blank\" rel=\"noopener noreferrer\" data-saferedirecturl=\"https:\/\/www.google.com\/url?q=https:\/\/agenciainfra.us14.list-manage.com\/track\/click?u%3Dd460dd1bcf9ba0ae040e1fc0f%26id%3Da2ca231868%26e%3Dc099169394&amp;source=gmail&amp;ust=1573740432623000&amp;usg=AFQjCNGipl0ynk53JgMcp-LKVMaYMWkxYg\">uma redu\u00e7\u00e3o dos valores m\u00ednimos de frete<\/a>\u00a0na maior parte dos tipos de carga. De acordo com a diretora relatora, Elisabeth Braga, agora esses entraves foram superados.<\/p>\n<p>&#8220;Ademais, conjuntamente com o restabelecimento da citada resolu\u00e7\u00e3o, est\u00e3o sendo propostos pela \u00e1rea t\u00e9cnica da ag\u00eancia determinados ajustes redacionais de forma a tornar mais clara a necessidade de negocia\u00e7\u00e3o entre as partes dos valores relacionados ao lucro, movimenta\u00e7\u00f5es log\u00edsticas complementares e despesas adicionais que n\u00e3o comp\u00f5em o piso m\u00ednimo calculado pela ANTT&#8221;, disse.<\/p>\n<p>Pela lei, a tabela de frete \u00e9 reajustada a cada seis meses. Se a resolu\u00e7\u00e3o permanecer em vigor, ela vai parametrizar o pr\u00f3ximo reajuste, que deve ocorrer no in\u00edcio de 2020.<\/p>\n<p>A diretora tamb\u00e9m tratou de valores de cobran\u00e7a de ped\u00e1gio. &#8220;No mesmo sentido, tensiona-se deixar claro que o valor do ped\u00e1gio, quando houver, dever\u00e1 ser obrigatoriamente acrescido aos pisos m\u00ednimos com pagamento a ser realizado na forma da lei 10.209\/2001 (lei do vale-ped\u00e1gio) e regulamenta\u00e7\u00e3o vigente&#8221;, complementou a diretora.<\/p>\n<p><strong>Ped\u00e1gios<\/strong><br \/>\nA ag\u00eancia teve dois processos relacionados a reajuste de ped\u00e1gio. A tarifa b\u00e1sica da Transbrasiliana foi mantida nos atuais R$ 5,20, somados todos os montantes das revis\u00f5es (11\u00aa ordin\u00e1ria e 11\u00aa extraordin\u00e1ria). A concession\u00e1ria administra 321 km da BR-153, em trecho que cruza todo o estado de S\u00e3o Paulo, iniciando na divisa com Minas Gerais e indo at\u00e9 o limite com o Paran\u00e1.<\/p>\n<p>O processo da MSVIA (Concession\u00e1ria de Rodovia Sul Matogrossense) previa uma redu\u00e7\u00e3o de 53,94% devido \u00e0 aplica\u00e7\u00e3o do &#8220;Fator C&#8221;, o qual \u00e9 utilizado como mecanismo de reequil\u00edbrio de contratos. O representante da empresa esteve na reuni\u00e3o e disse que o \u00edndice \u00e9 excessivo e poderia comprometer as atividades da empresa. O diretor Weber Ciloni, ent\u00e3o, pediu vista do caso.<\/p>\n<p><strong>Autoriza\u00e7\u00e3o<\/strong><br \/>\nA Rumo Malha Paulista foi autorizada a realizar duplica\u00e7\u00e3o ferrovi\u00e1ria do trecho que administra entre os pontos denominados Jundia\u00ed e Col\u00f4mbia. De acordo com o voto lido pelo diretor Davi Barreto, o projeto busca a elimina\u00e7\u00e3o do gargalo operacional e melhorar\u00e1 a presta\u00e7\u00e3o do servi\u00e7o de transporte na regi\u00e3o.<\/p>\n<p><strong>Decis\u00f5es sigilosas<\/strong><br \/>\nSeis processos da pauta n\u00e3o foram transmitidos pelo servi\u00e7o de streaming da ag\u00eancia. S\u00e3o processos administrativos para apura\u00e7\u00e3o e aplica\u00e7\u00e3o de penalidades. O teor das decis\u00f5es ser\u00e1 publicado posteriormente pela autarquia.<\/p>\n<p>Os processos t\u00eam como partes a Concepa (Concession\u00e1ria da Rodovia Os\u00f3rio-Porto Alegre), CCR Ponte (Concession\u00e1ria da Ponte Rio-Niter\u00f3i), MG de Moura Turismo, Turistar Turismo, Vivian Turismo e Irm\u00e3os Ancilago.<\/p>\n<\/div>\n","protected":false},"excerpt":{"rendered":"<p>Gabriel Tabatcheik, da\u00a0Ag\u00eancia iNFRA A diretoria da ANTT (Ag\u00eancia Nacional de Transportes Terrestres) decidiu restabelecer a resolu\u00e7\u00e3o 5.849\/2019, que estipula regras gerais, metodologia e coeficientes dos pisos m\u00ednimos do transporte rodovi\u00e1rio de cargas. A norma estava suspensa cautelarmente por decis\u00e3o da pr\u00f3pria ag\u00eancia (por meio da resolu\u00e7\u00e3o 5.851\/2019). A resolu\u00e7\u00e3o com novos par\u00e2metros para calcular [&hellip;]<\/p>\n","protected":false},"author":9,"featured_media":4021,"comment_status":"closed","ping_status":"closed","sticky":false,"template":"","format":"standard","meta":{"_monsterinsights_skip_tracking":false,"_monsterinsights_sitenote_active":false,"_monsterinsights_sitenote_note":"","_monsterinsights_sitenote_category":0,"footnotes":""},"categories":[7],"tags":[19,269,1050,1449,1450,823,298,652,1451],"class_list":["post-4020","post","type-post","status-publish","format-standard","has-post-thumbnail","hentry","category-infratransporte","tag-antt","tag-caminhoneiros","tag-davi-barreto","tag-elisabeth-braga","tag-msvia","tag-rumo-malha-paulista","tag-tabela-de-frete","tag-transbrasiliana","tag-weber-ciloni"],"yoast_head":"<!-- This site is optimized with the Yoast SEO Premium plugin v25.4 (Yoast SEO v26.0) - https:\/\/yoast.com\/wordpress\/plugins\/seo\/ -->\n<title>Resolu\u00e7\u00e3o do piso de frete volta a valer, diz ANTT - Ag\u00eancia iNFRA<\/title>\n<meta name=\"robots\" content=\"index, follow, max-snippet:-1, max-image-preview:large, max-video-preview:-1\" \/>\n<link rel=\"canonical\" href=\"https:\/\/agenciainfra.com\/blog\/resolucao-do-piso-de-frete-volta-a-valer-diz-antt\/\" \/>\n<meta property=\"og:locale\" content=\"pt_BR\" \/>\n<meta property=\"og:type\" content=\"article\" \/>\n<meta property=\"og:title\" content=\"Resolu\u00e7\u00e3o do piso de frete volta a valer, diz ANTT\" \/>\n<meta property=\"og:description\" content=\"Gabriel Tabatcheik, da\u00a0Ag\u00eancia iNFRA A diretoria da ANTT (Ag\u00eancia Nacional de Transportes Terrestres) decidiu restabelecer a resolu\u00e7\u00e3o 5.849\/2019, que estipula regras gerais, metodologia e coeficientes dos pisos m\u00ednimos do transporte rodovi\u00e1rio de cargas. A norma estava suspensa cautelarmente por decis\u00e3o da pr\u00f3pria ag\u00eancia (por meio da resolu\u00e7\u00e3o 5.851\/2019). A resolu\u00e7\u00e3o com novos par\u00e2metros para calcular [&hellip;]\" \/>\n<meta property=\"og:url\" content=\"https:\/\/agenciainfra.com\/blog\/resolucao-do-piso-de-frete-volta-a-valer-diz-antt\/\" \/>\n<meta property=\"og:site_name\" content=\"Ag\u00eancia iNFRA\" \/>\n<meta property=\"article:publisher\" content=\"https:\/\/www.facebook.com\/ageninfra\" \/>\n<meta property=\"article:published_time\" content=\"2019-11-16T11:00:54+00:00\" \/>\n<meta property=\"og:image\" content=\"https:\/\/agenciainfra.com\/blog\/wp-content\/uploads\/2019\/11\/caminhoneiros-agencia-brasil.jpeg\" \/>\n\t<meta property=\"og:image:width\" content=\"960\" \/>\n\t<meta property=\"og:image:height\" content=\"638\" \/>\n\t<meta property=\"og:image:type\" content=\"image\/jpeg\" \/>\n<meta name=\"author\" content=\"Rodrigo Zuquim\" \/>\n<meta name=\"twitter:card\" content=\"summary_large_image\" \/>\n<meta name=\"twitter:creator\" content=\"@agencia_infra\" \/>\n<meta name=\"twitter:site\" content=\"@agencia_infra\" \/>\n<meta name=\"twitter:label1\" content=\"Escrito por\" \/>\n\t<meta name=\"twitter:data1\" content=\"Rodrigo Zuquim\" \/>\n\t<meta name=\"twitter:label2\" content=\"Est. tempo de leitura\" \/>\n\t<meta name=\"twitter:data2\" content=\"3 minutos\" \/>\n<script type=\"application\/ld+json\" class=\"yoast-schema-graph\">{\"@context\":\"https:\/\/schema.org\",\"@graph\":[{\"@type\":\"Article\",\"@id\":\"https:\/\/agenciainfra.com\/blog\/resolucao-do-piso-de-frete-volta-a-valer-diz-antt\/#article\",\"isPartOf\":{\"@id\":\"https:\/\/agenciainfra.com\/blog\/resolucao-do-piso-de-frete-volta-a-valer-diz-antt\/\"},\"author\":{\"name\":\"Rodrigo Zuquim\",\"@id\":\"https:\/\/agenciainfra.com\/blog\/#\/schema\/person\/04dbb79bd6d8951f063da71f3e4c1eb1\"},\"headline\":\"Resolu\u00e7\u00e3o do piso de frete volta a valer, diz ANTT\",\"datePublished\":\"2019-11-16T11:00:54+00:00\",\"mainEntityOfPage\":{\"@id\":\"https:\/\/agenciainfra.com\/blog\/resolucao-do-piso-de-frete-volta-a-valer-diz-antt\/\"},\"wordCount\":594,\"publisher\":{\"@id\":\"https:\/\/agenciainfra.com\/blog\/#organization\"},\"image\":{\"@id\":\"https:\/\/agenciainfra.com\/blog\/resolucao-do-piso-de-frete-volta-a-valer-diz-antt\/#primaryimage\"},\"thumbnailUrl\":\"https:\/\/agenciainfra.com\/blog\/wp-content\/uploads\/2019\/11\/caminhoneiros-agencia-brasil.jpeg\",\"keywords\":[\"ANTT\",\"caminhoneiros\",\"Davi Barreto\",\"Elisabeth Braga\",\"MSVIA\",\"Rumo Malha Paulista\",\"tabela de frete\",\"Transbrasiliana\",\"Weber Ciloni\"],\"articleSection\":[\"iNFRATransporte\"],\"inLanguage\":\"pt-BR\",\"copyrightYear\":\"2019\",\"copyrightHolder\":{\"@id\":\"https:\/\/agenciainfra.com\/blog\/#organization\"}},{\"@type\":\"WebPage\",\"@id\":\"https:\/\/agenciainfra.com\/blog\/resolucao-do-piso-de-frete-volta-a-valer-diz-antt\/\",\"url\":\"https:\/\/agenciainfra.com\/blog\/resolucao-do-piso-de-frete-volta-a-valer-diz-antt\/\",\"name\":\"Resolu\u00e7\u00e3o do piso de frete volta a valer, diz ANTT - Ag\u00eancia iNFRA\",\"isPartOf\":{\"@id\":\"https:\/\/agenciainfra.com\/blog\/#website\"},\"primaryImageOfPage\":{\"@id\":\"https:\/\/agenciainfra.com\/blog\/resolucao-do-piso-de-frete-volta-a-valer-diz-antt\/#primaryimage\"},\"image\":{\"@id\":\"https:\/\/agenciainfra.com\/blog\/resolucao-do-piso-de-frete-volta-a-valer-diz-antt\/#primaryimage\"},\"thumbnailUrl\":\"https:\/\/agenciainfra.com\/blog\/wp-content\/uploads\/2019\/11\/caminhoneiros-agencia-brasil.jpeg\",\"datePublished\":\"2019-11-16T11:00:54+00:00\",\"breadcrumb\":{\"@id\":\"https:\/\/agenciainfra.com\/blog\/resolucao-do-piso-de-frete-volta-a-valer-diz-antt\/#breadcrumb\"},\"inLanguage\":\"pt-BR\",\"potentialAction\":[{\"@type\":\"ReadAction\",\"target\":[\"https:\/\/agenciainfra.com\/blog\/resolucao-do-piso-de-frete-volta-a-valer-diz-antt\/\"]}]},{\"@type\":\"ImageObject\",\"inLanguage\":\"pt-BR\",\"@id\":\"https:\/\/agenciainfra.com\/blog\/resolucao-do-piso-de-frete-volta-a-valer-diz-antt\/#primaryimage\",\"url\":\"https:\/\/agenciainfra.com\/blog\/wp-content\/uploads\/2019\/11\/caminhoneiros-agencia-brasil.jpeg\",\"contentUrl\":\"https:\/\/agenciainfra.com\/blog\/wp-content\/uploads\/2019\/11\/caminhoneiros-agencia-brasil.jpeg\",\"width\":960,\"height\":638,\"caption\":\"Foto: Ag\u00eancia Brasil\"},{\"@type\":\"BreadcrumbList\",\"@id\":\"https:\/\/agenciainfra.com\/blog\/resolucao-do-piso-de-frete-volta-a-valer-diz-antt\/#breadcrumb\",\"itemListElement\":[{\"@type\":\"ListItem\",\"position\":1,\"name\":\"In\u00edcio\",\"item\":\"https:\/\/agenciainfra.com\/blog\/\"},{\"@type\":\"ListItem\",\"position\":2,\"name\":\"Resolu\u00e7\u00e3o do piso de frete volta a valer, diz ANTT\"}]},{\"@type\":\"WebSite\",\"@id\":\"https:\/\/agenciainfra.com\/blog\/#website\",\"url\":\"https:\/\/agenciainfra.com\/blog\/\",\"name\":\"Ag\u00eancia iNFRA\",\"description\":\"Multiplataforma de informa\u00e7\u00e3o jornal\u00edstica refer\u00eancia na \u00e1rea de infraestrutura no Brasil!\",\"publisher\":{\"@id\":\"https:\/\/agenciainfra.com\/blog\/#organization\"},\"potentialAction\":[{\"@type\":\"SearchAction\",\"target\":{\"@type\":\"EntryPoint\",\"urlTemplate\":\"https:\/\/agenciainfra.com\/blog\/?s={search_term_string}\"},\"query-input\":{\"@type\":\"PropertyValueSpecification\",\"valueRequired\":true,\"valueName\":\"search_term_string\"}}],\"inLanguage\":\"pt-BR\"},{\"@type\":\"Organization\",\"@id\":\"https:\/\/agenciainfra.com\/blog\/#organization\",\"name\":\"Ag\u00eancia iNFRA\",\"url\":\"https:\/\/agenciainfra.com\/blog\/\",\"logo\":{\"@type\":\"ImageObject\",\"inLanguage\":\"pt-BR\",\"@id\":\"https:\/\/agenciainfra.com\/blog\/#\/schema\/logo\/image\/\",\"url\":\"https:\/\/agenciainfra.com\/blog\/wp-content\/uploads\/2023\/09\/iNFRA_5-e1761735885940.png\",\"contentUrl\":\"https:\/\/agenciainfra.com\/blog\/wp-content\/uploads\/2023\/09\/iNFRA_5-e1761735885940.png\",\"width\":1672,\"height\":454,\"caption\":\"Ag\u00eancia iNFRA\"},\"image\":{\"@id\":\"https:\/\/agenciainfra.com\/blog\/#\/schema\/logo\/image\/\"},\"sameAs\":[\"https:\/\/www.facebook.com\/ageninfra\",\"https:\/\/x.com\/agencia_infra\",\"https:\/\/www.linkedin.com\/company\/ag\u00eanciainfra\/\",\"https:\/\/www.instagram.com\/agenciainfra\/\"]},{\"@type\":\"Person\",\"@id\":\"https:\/\/agenciainfra.com\/blog\/#\/schema\/person\/04dbb79bd6d8951f063da71f3e4c1eb1\",\"name\":\"Rodrigo Zuquim\",\"image\":{\"@type\":\"ImageObject\",\"inLanguage\":\"pt-BR\",\"@id\":\"https:\/\/agenciainfra.com\/blog\/#\/schema\/person\/image\/\",\"url\":\"https:\/\/secure.gravatar.com\/avatar\/594abfe82761d620726242ff34ca472a705a4b97f16c790053a6b4c4035274d0?s=96&d=mm&r=g\",\"contentUrl\":\"https:\/\/secure.gravatar.com\/avatar\/594abfe82761d620726242ff34ca472a705a4b97f16c790053a6b4c4035274d0?s=96&d=mm&r=g\",\"caption\":\"Rodrigo Zuquim\"},\"url\":\"https:\/\/agenciainfra.com\/blog\/author\/rodrigo-zuquim\/\"}]}<\/script>\n<!-- \/ Yoast SEO Premium plugin. -->","yoast_head_json":{"title":"Resolu\u00e7\u00e3o do piso de frete volta a valer, diz ANTT - Ag\u00eancia iNFRA","robots":{"index":"index","follow":"follow","max-snippet":"max-snippet:-1","max-image-preview":"max-image-preview:large","max-video-preview":"max-video-preview:-1"},"canonical":"https:\/\/agenciainfra.com\/blog\/resolucao-do-piso-de-frete-volta-a-valer-diz-antt\/","og_locale":"pt_BR","og_type":"article","og_title":"Resolu\u00e7\u00e3o do piso de frete volta a valer, diz ANTT","og_description":"Gabriel Tabatcheik, da\u00a0Ag\u00eancia iNFRA A diretoria da ANTT (Ag\u00eancia Nacional de Transportes Terrestres) decidiu restabelecer a resolu\u00e7\u00e3o 5.849\/2019, que estipula regras gerais, metodologia e coeficientes dos pisos m\u00ednimos do transporte rodovi\u00e1rio de cargas. A norma estava suspensa cautelarmente por decis\u00e3o da pr\u00f3pria ag\u00eancia (por meio da resolu\u00e7\u00e3o 5.851\/2019). A resolu\u00e7\u00e3o com novos par\u00e2metros para calcular [&hellip;]","og_url":"https:\/\/agenciainfra.com\/blog\/resolucao-do-piso-de-frete-volta-a-valer-diz-antt\/","og_site_name":"Ag\u00eancia iNFRA","article_publisher":"https:\/\/www.facebook.com\/ageninfra","article_published_time":"2019-11-16T11:00:54+00:00","og_image":[{"width":960,"height":638,"url":"https:\/\/agenciainfra.com\/blog\/wp-content\/uploads\/2019\/11\/caminhoneiros-agencia-brasil.jpeg","type":"image\/jpeg"}],"author":"Rodrigo Zuquim","twitter_card":"summary_large_image","twitter_creator":"@agencia_infra","twitter_site":"@agencia_infra","twitter_misc":{"Escrito por":"Rodrigo Zuquim","Est. tempo de leitura":"3 minutos"},"schema":{"@context":"https:\/\/schema.org","@graph":[{"@type":"Article","@id":"https:\/\/agenciainfra.com\/blog\/resolucao-do-piso-de-frete-volta-a-valer-diz-antt\/#article","isPartOf":{"@id":"https:\/\/agenciainfra.com\/blog\/resolucao-do-piso-de-frete-volta-a-valer-diz-antt\/"},"author":{"name":"Rodrigo Zuquim","@id":"https:\/\/agenciainfra.com\/blog\/#\/schema\/person\/04dbb79bd6d8951f063da71f3e4c1eb1"},"headline":"Resolu\u00e7\u00e3o do piso de frete volta a valer, diz ANTT","datePublished":"2019-11-16T11:00:54+00:00","mainEntityOfPage":{"@id":"https:\/\/agenciainfra.com\/blog\/resolucao-do-piso-de-frete-volta-a-valer-diz-antt\/"},"wordCount":594,"publisher":{"@id":"https:\/\/agenciainfra.com\/blog\/#organization"},"image":{"@id":"https:\/\/agenciainfra.com\/blog\/resolucao-do-piso-de-frete-volta-a-valer-diz-antt\/#primaryimage"},"thumbnailUrl":"https:\/\/agenciainfra.com\/blog\/wp-content\/uploads\/2019\/11\/caminhoneiros-agencia-brasil.jpeg","keywords":["ANTT","caminhoneiros","Davi Barreto","Elisabeth Braga","MSVIA","Rumo Malha Paulista","tabela de frete","Transbrasiliana","Weber Ciloni"],"articleSection":["iNFRATransporte"],"inLanguage":"pt-BR","copyrightYear":"2019","copyrightHolder":{"@id":"https:\/\/agenciainfra.com\/blog\/#organization"}},{"@type":"WebPage","@id":"https:\/\/agenciainfra.com\/blog\/resolucao-do-piso-de-frete-volta-a-valer-diz-antt\/","url":"https:\/\/agenciainfra.com\/blog\/resolucao-do-piso-de-frete-volta-a-valer-diz-antt\/","name":"Resolu\u00e7\u00e3o do piso de frete volta a valer, diz ANTT - Ag\u00eancia iNFRA","isPartOf":{"@id":"https:\/\/agenciainfra.com\/blog\/#website"},"primaryImageOfPage":{"@id":"https:\/\/agenciainfra.com\/blog\/resolucao-do-piso-de-frete-volta-a-valer-diz-antt\/#primaryimage"},"image":{"@id":"https:\/\/agenciainfra.com\/blog\/resolucao-do-piso-de-frete-volta-a-valer-diz-antt\/#primaryimage"},"thumbnailUrl":"https:\/\/agenciainfra.com\/blog\/wp-content\/uploads\/2019\/11\/caminhoneiros-agencia-brasil.jpeg","datePublished":"2019-11-16T11:00:54+00:00","breadcrumb":{"@id":"https:\/\/agenciainfra.com\/blog\/resolucao-do-piso-de-frete-volta-a-valer-diz-antt\/#breadcrumb"},"inLanguage":"pt-BR","potentialAction":[{"@type":"ReadAction","target":["https:\/\/agenciainfra.com\/blog\/resolucao-do-piso-de-frete-volta-a-valer-diz-antt\/"]}]},{"@type":"ImageObject","inLanguage":"pt-BR","@id":"https:\/\/agenciainfra.com\/blog\/resolucao-do-piso-de-frete-volta-a-valer-diz-antt\/#primaryimage","url":"https:\/\/agenciainfra.com\/blog\/wp-content\/uploads\/2019\/11\/caminhoneiros-agencia-brasil.jpeg","contentUrl":"https:\/\/agenciainfra.com\/blog\/wp-content\/uploads\/2019\/11\/caminhoneiros-agencia-brasil.jpeg","width":960,"height":638,"caption":"Foto: Ag\u00eancia Brasil"},{"@type":"BreadcrumbList","@id":"https:\/\/agenciainfra.com\/blog\/resolucao-do-piso-de-frete-volta-a-valer-diz-antt\/#breadcrumb","itemListElement":[{"@type":"ListItem","position":1,"name":"In\u00edcio","item":"https:\/\/agenciainfra.com\/blog\/"},{"@type":"ListItem","position":2,"name":"Resolu\u00e7\u00e3o do piso de frete volta a valer, diz ANTT"}]},{"@type":"WebSite","@id":"https:\/\/agenciainfra.com\/blog\/#website","url":"https:\/\/agenciainfra.com\/blog\/","name":"Ag\u00eancia iNFRA","description":"Multiplataforma de informa\u00e7\u00e3o jornal\u00edstica refer\u00eancia na \u00e1rea de infraestrutura no Brasil!","publisher":{"@id":"https:\/\/agenciainfra.com\/blog\/#organization"},"potentialAction":[{"@type":"SearchAction","target":{"@type":"EntryPoint","urlTemplate":"https:\/\/agenciainfra.com\/blog\/?s={search_term_string}"},"query-input":{"@type":"PropertyValueSpecification","valueRequired":true,"valueName":"search_term_string"}}],"inLanguage":"pt-BR"},{"@type":"Organization","@id":"https:\/\/agenciainfra.com\/blog\/#organization","name":"Ag\u00eancia iNFRA","url":"https:\/\/agenciainfra.com\/blog\/","logo":{"@type":"ImageObject","inLanguage":"pt-BR","@id":"https:\/\/agenciainfra.com\/blog\/#\/schema\/logo\/image\/","url":"https:\/\/agenciainfra.com\/blog\/wp-content\/uploads\/2023\/09\/iNFRA_5-e1761735885940.png","contentUrl":"https:\/\/agenciainfra.com\/blog\/wp-content\/uploads\/2023\/09\/iNFRA_5-e1761735885940.png","width":1672,"height":454,"caption":"Ag\u00eancia iNFRA"},"image":{"@id":"https:\/\/agenciainfra.com\/blog\/#\/schema\/logo\/image\/"},"sameAs":["https:\/\/www.facebook.com\/ageninfra","https:\/\/x.com\/agencia_infra","https:\/\/www.linkedin.com\/company\/ag\u00eanciainfra\/","https:\/\/www.instagram.com\/agenciainfra\/"]},{"@type":"Person","@id":"https:\/\/agenciainfra.com\/blog\/#\/schema\/person\/04dbb79bd6d8951f063da71f3e4c1eb1","name":"Rodrigo Zuquim","image":{"@type":"ImageObject","inLanguage":"pt-BR","@id":"https:\/\/agenciainfra.com\/blog\/#\/schema\/person\/image\/","url":"https:\/\/secure.gravatar.com\/avatar\/594abfe82761d620726242ff34ca472a705a4b97f16c790053a6b4c4035274d0?s=96&d=mm&r=g","contentUrl":"https:\/\/secure.gravatar.com\/avatar\/594abfe82761d620726242ff34ca472a705a4b97f16c790053a6b4c4035274d0?s=96&d=mm&r=g","caption":"Rodrigo Zuquim"},"url":"https:\/\/agenciainfra.com\/blog\/author\/rodrigo-zuquim\/"}]}},"_links":{"self":[{"href":"https:\/\/agenciainfra.com\/blog\/wp-json\/wp\/v2\/posts\/4020","targetHints":{"allow":["GET"]}}],"collection":[{"href":"https:\/\/agenciainfra.com\/blog\/wp-json\/wp\/v2\/posts"}],"about":[{"href":"https:\/\/agenciainfra.com\/blog\/wp-json\/wp\/v2\/types\/post"}],"author":[{"embeddable":true,"href":"https:\/\/agenciainfra.com\/blog\/wp-json\/wp\/v2\/users\/9"}],"replies":[{"embeddable":true,"href":"https:\/\/agenciainfra.com\/blog\/wp-json\/wp\/v2\/comments?post=4020"}],"version-history":[{"count":0,"href":"https:\/\/agenciainfra.com\/blog\/wp-json\/wp\/v2\/posts\/4020\/revisions"}],"wp:featuredmedia":[{"embeddable":true,"href":"https:\/\/agenciainfra.com\/blog\/wp-json\/wp\/v2\/media\/4021"}],"wp:attachment":[{"href":"https:\/\/agenciainfra.com\/blog\/wp-json\/wp\/v2\/media?parent=4020"}],"wp:term":[{"taxonomy":"category","embeddable":true,"href":"https:\/\/agenciainfra.com\/blog\/wp-json\/wp\/v2\/categories?post=4020"},{"taxonomy":"post_tag","embeddable":true,"href":"https:\/\/agenciainfra.com\/blog\/wp-json\/wp\/v2\/tags?post=4020"}],"curies":[{"name":"wp","href":"https:\/\/api.w.org\/{rel}","templated":true}]}}