{"id":40216,"date":"2026-04-28T12:25:52","date_gmt":"2026-04-28T15:25:52","guid":{"rendered":"https:\/\/agenciainfra.com\/blog\/?p=40216"},"modified":"2026-04-28T12:27:32","modified_gmt":"2026-04-28T15:27:32","slug":"free-flow-ministerio-confirma-resolucao-que-suspende-multas-por-200-dias","status":"publish","type":"post","link":"https:\/\/agenciainfra.com\/blog\/free-flow-ministerio-confirma-resolucao-que-suspende-multas-por-200-dias\/","title":{"rendered":"Free flow: Minist\u00e9rio confirma resolu\u00e7\u00e3o que suspende multas por 200 dias"},"content":{"rendered":"\n<p class=\"has-text-align-right\"><strong> da Ag\u00eancia iNFRA<\/strong><\/p>\n\n\n\n<p>O ministro dos Transportes, George Santoro, confirmou nesta ter\u00e7a-feira (28) a publica\u00e7\u00e3o de resolu\u00e7\u00e3o do Contran (Conselho Nacional de Tr\u00e2nsito) que estabelecer\u00e1 per\u00edodo de <a href=\"https:\/\/agenciainfra.com\/blog\/free-flow-suspensao-de-cobranca-de-multas-vai-valer-por-200-dias\/\">200 dias<\/a> para suspens\u00e3o de multas do free flow, ped\u00e1gio sem cancelas, em todo o Brasil. O motorista ter\u00e1 esse prazo, que vai at\u00e9 16 de novembro, para pagar a tarifa sem sofrer a penalidade de R$ 195,23 que \u00e9 cobrada se o d\u00e9bito n\u00e3o \u00e9 quitado no prazo de 30 dias. S\u00e3o 3,4 milh\u00f5es de multas registradas at\u00e9 o momento, segundo a pasta.<\/p>\n\n\n\n<p>Quem j\u00e1 foi multado, se comprovar o pagamento nesse per\u00edodo, ficar\u00e1 livre da san\u00e7\u00e3o financeira. E quem j\u00e1 pagou a multa e comprovar que est\u00e1 adimplente com o ped\u00e1gio, poder\u00e1 pedir o ressarcimento ao governo. A resolu\u00e7\u00e3o deve ser publicada nesta quarta-feira (29).<\/p>\n\n\n\n<p>Dentro do prazo de 200 dias, ser\u00e3o 100 dias para as concession\u00e1rias completarem a integra\u00e7\u00e3o de dados que permitir\u00e1 o acesso aos dados de cobran\u00e7a por meio da Carteira Digital de Tr\u00e2nsito. Ent\u00e3o ser\u00e3o mais 100 dias para a adapta\u00e7\u00e3o pelos usu\u00e1rios. A partir de 17 de novembro, o motorista com tarifas em aberto ter\u00e1 que arcar com o ped\u00e1gio e a multa por atraso, destacou o minist\u00e9rio.<\/p>\n\n\n\n<p><\/p>\n","protected":false},"excerpt":{"rendered":"<p>da Ag\u00eancia iNFRA O ministro dos Transportes, George Santoro, confirmou nesta ter\u00e7a-feira (28) a publica\u00e7\u00e3o de resolu\u00e7\u00e3o do Contran (Conselho Nacional de Tr\u00e2nsito) que estabelecer\u00e1 per\u00edodo de 200 dias para suspens\u00e3o de multas do free flow, ped\u00e1gio sem cancelas, em todo o Brasil. O motorista ter\u00e1 esse prazo, que vai at\u00e9 16 de novembro, para [&hellip;]<\/p>\n","protected":false},"author":1,"featured_media":38979,"comment_status":"closed","ping_status":"closed","sticky":false,"template":"","format":"standard","meta":{"_monsterinsights_skip_tracking":false,"_monsterinsights_sitenote_active":false,"_monsterinsights_sitenote_note":"","_monsterinsights_sitenote_category":0,"footnotes":""},"categories":[7250],"tags":[13354,11981,1581,1106,1843,20,126,19150,1842],"class_list":["post-40216","post","type-post","status-publish","format-standard","has-post-thumbnail","hentry","category-destaque-lista","tag-amanda-pupo","tag-cobranca-de-pedagio","tag-contran","tag-free-flow","tag-multas","tag-pedagio","tag-rodovias","tag-suspensao-de-multas","tag-transito"],"yoast_head":"<!-- This site is optimized with the Yoast SEO Premium plugin v25.4 (Yoast SEO v26.0) - https:\/\/yoast.com\/wordpress\/plugins\/seo\/ -->\n<title>Free flow: Minist\u00e9rio confirma resolu\u00e7\u00e3o que suspende multas por 200 dias - Ag\u00eancia iNFRA<\/title>\n<meta name=\"robots\" content=\"index, follow, max-snippet:-1, max-image-preview:large, max-video-preview:-1\" \/>\n<link rel=\"canonical\" href=\"https:\/\/agenciainfra.com\/blog\/free-flow-ministerio-confirma-resolucao-que-suspende-multas-por-200-dias\/\" \/>\n<meta property=\"og:locale\" content=\"pt_BR\" \/>\n<meta property=\"og:type\" content=\"article\" \/>\n<meta property=\"og:title\" content=\"Free flow: Minist\u00e9rio confirma resolu\u00e7\u00e3o que suspende multas por 200 dias\" \/>\n<meta property=\"og:description\" content=\"da Ag\u00eancia iNFRA O ministro dos Transportes, George Santoro, confirmou nesta ter\u00e7a-feira (28) a publica\u00e7\u00e3o de resolu\u00e7\u00e3o do Contran (Conselho Nacional de Tr\u00e2nsito) que estabelecer\u00e1 per\u00edodo de 200 dias para suspens\u00e3o de multas do free flow, ped\u00e1gio sem cancelas, em todo o Brasil. O motorista ter\u00e1 esse prazo, que vai at\u00e9 16 de novembro, para [&hellip;]\" \/>\n<meta property=\"og:url\" content=\"https:\/\/agenciainfra.com\/blog\/free-flow-ministerio-confirma-resolucao-que-suspende-multas-por-200-dias\/\" \/>\n<meta property=\"og:site_name\" content=\"Ag\u00eancia iNFRA\" \/>\n<meta property=\"article:publisher\" content=\"https:\/\/www.facebook.com\/ageninfra\" \/>\n<meta property=\"article:published_time\" content=\"2026-04-28T15:25:52+00:00\" \/>\n<meta property=\"article:modified_time\" content=\"2026-04-28T15:27:32+00:00\" \/>\n<meta property=\"og:image\" content=\"https:\/\/agenciainfra.com\/blog\/wp-content\/uploads\/2026\/04\/george-santoro-foto-marcio_ferreira-MT-.jpg\" \/>\n\t<meta property=\"og:image:width\" content=\"1280\" \/>\n\t<meta property=\"og:image:height\" content=\"853\" \/>\n\t<meta property=\"og:image:type\" content=\"image\/jpeg\" \/>\n<meta name=\"author\" content=\"Ag\u00eancia iNFRA\" \/>\n<meta name=\"twitter:card\" content=\"summary_large_image\" \/>\n<meta name=\"twitter:creator\" content=\"@agencia_infra\" \/>\n<meta name=\"twitter:site\" content=\"@agencia_infra\" \/>\n<meta name=\"twitter:label1\" content=\"Escrito por\" \/>\n\t<meta name=\"twitter:data1\" content=\"Ag\u00eancia iNFRA\" \/>\n\t<meta name=\"twitter:label2\" content=\"Est. tempo de leitura\" \/>\n\t<meta name=\"twitter:data2\" content=\"1 minuto\" \/>\n<script type=\"application\/ld+json\" class=\"yoast-schema-graph\">{\"@context\":\"https:\/\/schema.org\",\"@graph\":[{\"@type\":\"Article\",\"@id\":\"https:\/\/agenciainfra.com\/blog\/free-flow-ministerio-confirma-resolucao-que-suspende-multas-por-200-dias\/#article\",\"isPartOf\":{\"@id\":\"https:\/\/agenciainfra.com\/blog\/free-flow-ministerio-confirma-resolucao-que-suspende-multas-por-200-dias\/\"},\"author\":{\"name\":\"Ag\u00eancia iNFRA\",\"@id\":\"https:\/\/agenciainfra.com\/blog\/#\/schema\/person\/34af08dff6adea4cb22b06612ba7acfa\"},\"headline\":\"Free flow: Minist\u00e9rio confirma resolu\u00e7\u00e3o que suspende multas por 200 dias\",\"datePublished\":\"2026-04-28T15:25:52+00:00\",\"dateModified\":\"2026-04-28T15:27:32+00:00\",\"mainEntityOfPage\":{\"@id\":\"https:\/\/agenciainfra.com\/blog\/free-flow-ministerio-confirma-resolucao-que-suspende-multas-por-200-dias\/\"},\"wordCount\":228,\"publisher\":{\"@id\":\"https:\/\/agenciainfra.com\/blog\/#organization\"},\"image\":{\"@id\":\"https:\/\/agenciainfra.com\/blog\/free-flow-ministerio-confirma-resolucao-que-suspende-multas-por-200-dias\/#primaryimage\"},\"thumbnailUrl\":\"https:\/\/agenciainfra.com\/blog\/wp-content\/uploads\/2026\/04\/george-santoro-foto-marcio_ferreira-MT-.jpg\",\"keywords\":[\"Amanda Pupo\",\"cobran\u00e7a de ped\u00e1gio\",\"Contran\",\"free flow\",\"multas\",\"Ped\u00e1gio\",\"rodovias\",\"suspens\u00e3o de multas\",\"tr\u00e2nsito\"],\"articleSection\":[\"Destaque lista\"],\"inLanguage\":\"pt-BR\",\"copyrightYear\":\"2026\",\"copyrightHolder\":{\"@id\":\"https:\/\/agenciainfra.com\/blog\/#organization\"}},{\"@type\":\"WebPage\",\"@id\":\"https:\/\/agenciainfra.com\/blog\/free-flow-ministerio-confirma-resolucao-que-suspende-multas-por-200-dias\/\",\"url\":\"https:\/\/agenciainfra.com\/blog\/free-flow-ministerio-confirma-resolucao-que-suspende-multas-por-200-dias\/\",\"name\":\"Free flow: Minist\u00e9rio confirma resolu\u00e7\u00e3o que suspende multas por 200 dias - Ag\u00eancia iNFRA\",\"isPartOf\":{\"@id\":\"https:\/\/agenciainfra.com\/blog\/#website\"},\"primaryImageOfPage\":{\"@id\":\"https:\/\/agenciainfra.com\/blog\/free-flow-ministerio-confirma-resolucao-que-suspende-multas-por-200-dias\/#primaryimage\"},\"image\":{\"@id\":\"https:\/\/agenciainfra.com\/blog\/free-flow-ministerio-confirma-resolucao-que-suspende-multas-por-200-dias\/#primaryimage\"},\"thumbnailUrl\":\"https:\/\/agenciainfra.com\/blog\/wp-content\/uploads\/2026\/04\/george-santoro-foto-marcio_ferreira-MT-.jpg\",\"datePublished\":\"2026-04-28T15:25:52+00:00\",\"dateModified\":\"2026-04-28T15:27:32+00:00\",\"breadcrumb\":{\"@id\":\"https:\/\/agenciainfra.com\/blog\/free-flow-ministerio-confirma-resolucao-que-suspende-multas-por-200-dias\/#breadcrumb\"},\"inLanguage\":\"pt-BR\",\"potentialAction\":[{\"@type\":\"ReadAction\",\"target\":[\"https:\/\/agenciainfra.com\/blog\/free-flow-ministerio-confirma-resolucao-que-suspende-multas-por-200-dias\/\"]}]},{\"@type\":\"ImageObject\",\"inLanguage\":\"pt-BR\",\"@id\":\"https:\/\/agenciainfra.com\/blog\/free-flow-ministerio-confirma-resolucao-que-suspende-multas-por-200-dias\/#primaryimage\",\"url\":\"https:\/\/agenciainfra.com\/blog\/wp-content\/uploads\/2026\/04\/george-santoro-foto-marcio_ferreira-MT-.jpg\",\"contentUrl\":\"https:\/\/agenciainfra.com\/blog\/wp-content\/uploads\/2026\/04\/george-santoro-foto-marcio_ferreira-MT-.jpg\",\"width\":1280,\"height\":853,\"caption\":\"Foto: Marcio Ferreira\/Minist\u00e9rio dos Transportes\"},{\"@type\":\"BreadcrumbList\",\"@id\":\"https:\/\/agenciainfra.com\/blog\/free-flow-ministerio-confirma-resolucao-que-suspende-multas-por-200-dias\/#breadcrumb\",\"itemListElement\":[{\"@type\":\"ListItem\",\"position\":1,\"name\":\"In\u00edcio\",\"item\":\"https:\/\/agenciainfra.com\/blog\/\"},{\"@type\":\"ListItem\",\"position\":2,\"name\":\"Free flow: Minist\u00e9rio confirma resolu\u00e7\u00e3o que suspende multas por 200 dias\"}]},{\"@type\":\"WebSite\",\"@id\":\"https:\/\/agenciainfra.com\/blog\/#website\",\"url\":\"https:\/\/agenciainfra.com\/blog\/\",\"name\":\"Ag\u00eancia iNFRA\",\"description\":\"Multiplataforma de informa\u00e7\u00e3o jornal\u00edstica refer\u00eancia na \u00e1rea de infraestrutura no Brasil!\",\"publisher\":{\"@id\":\"https:\/\/agenciainfra.com\/blog\/#organization\"},\"potentialAction\":[{\"@type\":\"SearchAction\",\"target\":{\"@type\":\"EntryPoint\",\"urlTemplate\":\"https:\/\/agenciainfra.com\/blog\/?s={search_term_string}\"},\"query-input\":{\"@type\":\"PropertyValueSpecification\",\"valueRequired\":true,\"valueName\":\"search_term_string\"}}],\"inLanguage\":\"pt-BR\"},{\"@type\":\"Organization\",\"@id\":\"https:\/\/agenciainfra.com\/blog\/#organization\",\"name\":\"Ag\u00eancia iNFRA\",\"url\":\"https:\/\/agenciainfra.com\/blog\/\",\"logo\":{\"@type\":\"ImageObject\",\"inLanguage\":\"pt-BR\",\"@id\":\"https:\/\/agenciainfra.com\/blog\/#\/schema\/logo\/image\/\",\"url\":\"https:\/\/agenciainfra.com\/blog\/wp-content\/uploads\/2023\/09\/iNFRA_5-e1761735885940.png\",\"contentUrl\":\"https:\/\/agenciainfra.com\/blog\/wp-content\/uploads\/2023\/09\/iNFRA_5-e1761735885940.png\",\"width\":1672,\"height\":454,\"caption\":\"Ag\u00eancia iNFRA\"},\"image\":{\"@id\":\"https:\/\/agenciainfra.com\/blog\/#\/schema\/logo\/image\/\"},\"sameAs\":[\"https:\/\/www.facebook.com\/ageninfra\",\"https:\/\/x.com\/agencia_infra\",\"https:\/\/www.linkedin.com\/company\/ag\u00eanciainfra\/\",\"https:\/\/www.instagram.com\/agenciainfra\/\"]},{\"@type\":\"Person\",\"@id\":\"https:\/\/agenciainfra.com\/blog\/#\/schema\/person\/34af08dff6adea4cb22b06612ba7acfa\",\"name\":\"Ag\u00eancia iNFRA\",\"image\":{\"@type\":\"ImageObject\",\"inLanguage\":\"pt-BR\",\"@id\":\"https:\/\/agenciainfra.com\/blog\/#\/schema\/person\/image\/\",\"url\":\"https:\/\/secure.gravatar.com\/avatar\/d189e01678f06d8eb84d4e01f08eb848b3fffe3f8443818d3c356c66892f5be8?s=96&d=mm&r=g\",\"contentUrl\":\"https:\/\/secure.gravatar.com\/avatar\/d189e01678f06d8eb84d4e01f08eb848b3fffe3f8443818d3c356c66892f5be8?s=96&d=mm&r=g\",\"caption\":\"Ag\u00eancia iNFRA\"},\"url\":\"https:\/\/agenciainfra.com\/blog\/author\/admin\/\"}]}<\/script>\n<!-- \/ Yoast SEO Premium plugin. -->","yoast_head_json":{"title":"Free flow: Minist\u00e9rio confirma resolu\u00e7\u00e3o que suspende multas por 200 dias - Ag\u00eancia iNFRA","robots":{"index":"index","follow":"follow","max-snippet":"max-snippet:-1","max-image-preview":"max-image-preview:large","max-video-preview":"max-video-preview:-1"},"canonical":"https:\/\/agenciainfra.com\/blog\/free-flow-ministerio-confirma-resolucao-que-suspende-multas-por-200-dias\/","og_locale":"pt_BR","og_type":"article","og_title":"Free flow: Minist\u00e9rio confirma resolu\u00e7\u00e3o que suspende multas por 200 dias","og_description":"da Ag\u00eancia iNFRA O ministro dos Transportes, George Santoro, confirmou nesta ter\u00e7a-feira (28) a publica\u00e7\u00e3o de resolu\u00e7\u00e3o do Contran (Conselho Nacional de Tr\u00e2nsito) que estabelecer\u00e1 per\u00edodo de 200 dias para suspens\u00e3o de multas do free flow, ped\u00e1gio sem cancelas, em todo o Brasil. O motorista ter\u00e1 esse prazo, que vai at\u00e9 16 de novembro, para [&hellip;]","og_url":"https:\/\/agenciainfra.com\/blog\/free-flow-ministerio-confirma-resolucao-que-suspende-multas-por-200-dias\/","og_site_name":"Ag\u00eancia iNFRA","article_publisher":"https:\/\/www.facebook.com\/ageninfra","article_published_time":"2026-04-28T15:25:52+00:00","article_modified_time":"2026-04-28T15:27:32+00:00","og_image":[{"width":1280,"height":853,"url":"https:\/\/agenciainfra.com\/blog\/wp-content\/uploads\/2026\/04\/george-santoro-foto-marcio_ferreira-MT-.jpg","type":"image\/jpeg"}],"author":"Ag\u00eancia iNFRA","twitter_card":"summary_large_image","twitter_creator":"@agencia_infra","twitter_site":"@agencia_infra","twitter_misc":{"Escrito por":"Ag\u00eancia iNFRA","Est. tempo de leitura":"1 minuto"},"schema":{"@context":"https:\/\/schema.org","@graph":[{"@type":"Article","@id":"https:\/\/agenciainfra.com\/blog\/free-flow-ministerio-confirma-resolucao-que-suspende-multas-por-200-dias\/#article","isPartOf":{"@id":"https:\/\/agenciainfra.com\/blog\/free-flow-ministerio-confirma-resolucao-que-suspende-multas-por-200-dias\/"},"author":{"name":"Ag\u00eancia iNFRA","@id":"https:\/\/agenciainfra.com\/blog\/#\/schema\/person\/34af08dff6adea4cb22b06612ba7acfa"},"headline":"Free flow: Minist\u00e9rio confirma resolu\u00e7\u00e3o que suspende multas por 200 dias","datePublished":"2026-04-28T15:25:52+00:00","dateModified":"2026-04-28T15:27:32+00:00","mainEntityOfPage":{"@id":"https:\/\/agenciainfra.com\/blog\/free-flow-ministerio-confirma-resolucao-que-suspende-multas-por-200-dias\/"},"wordCount":228,"publisher":{"@id":"https:\/\/agenciainfra.com\/blog\/#organization"},"image":{"@id":"https:\/\/agenciainfra.com\/blog\/free-flow-ministerio-confirma-resolucao-que-suspende-multas-por-200-dias\/#primaryimage"},"thumbnailUrl":"https:\/\/agenciainfra.com\/blog\/wp-content\/uploads\/2026\/04\/george-santoro-foto-marcio_ferreira-MT-.jpg","keywords":["Amanda Pupo","cobran\u00e7a de ped\u00e1gio","Contran","free flow","multas","Ped\u00e1gio","rodovias","suspens\u00e3o de multas","tr\u00e2nsito"],"articleSection":["Destaque lista"],"inLanguage":"pt-BR","copyrightYear":"2026","copyrightHolder":{"@id":"https:\/\/agenciainfra.com\/blog\/#organization"}},{"@type":"WebPage","@id":"https:\/\/agenciainfra.com\/blog\/free-flow-ministerio-confirma-resolucao-que-suspende-multas-por-200-dias\/","url":"https:\/\/agenciainfra.com\/blog\/free-flow-ministerio-confirma-resolucao-que-suspende-multas-por-200-dias\/","name":"Free flow: Minist\u00e9rio confirma resolu\u00e7\u00e3o que suspende multas por 200 dias - Ag\u00eancia iNFRA","isPartOf":{"@id":"https:\/\/agenciainfra.com\/blog\/#website"},"primaryImageOfPage":{"@id":"https:\/\/agenciainfra.com\/blog\/free-flow-ministerio-confirma-resolucao-que-suspende-multas-por-200-dias\/#primaryimage"},"image":{"@id":"https:\/\/agenciainfra.com\/blog\/free-flow-ministerio-confirma-resolucao-que-suspende-multas-por-200-dias\/#primaryimage"},"thumbnailUrl":"https:\/\/agenciainfra.com\/blog\/wp-content\/uploads\/2026\/04\/george-santoro-foto-marcio_ferreira-MT-.jpg","datePublished":"2026-04-28T15:25:52+00:00","dateModified":"2026-04-28T15:27:32+00:00","breadcrumb":{"@id":"https:\/\/agenciainfra.com\/blog\/free-flow-ministerio-confirma-resolucao-que-suspende-multas-por-200-dias\/#breadcrumb"},"inLanguage":"pt-BR","potentialAction":[{"@type":"ReadAction","target":["https:\/\/agenciainfra.com\/blog\/free-flow-ministerio-confirma-resolucao-que-suspende-multas-por-200-dias\/"]}]},{"@type":"ImageObject","inLanguage":"pt-BR","@id":"https:\/\/agenciainfra.com\/blog\/free-flow-ministerio-confirma-resolucao-que-suspende-multas-por-200-dias\/#primaryimage","url":"https:\/\/agenciainfra.com\/blog\/wp-content\/uploads\/2026\/04\/george-santoro-foto-marcio_ferreira-MT-.jpg","contentUrl":"https:\/\/agenciainfra.com\/blog\/wp-content\/uploads\/2026\/04\/george-santoro-foto-marcio_ferreira-MT-.jpg","width":1280,"height":853,"caption":"Foto: Marcio Ferreira\/Minist\u00e9rio dos Transportes"},{"@type":"BreadcrumbList","@id":"https:\/\/agenciainfra.com\/blog\/free-flow-ministerio-confirma-resolucao-que-suspende-multas-por-200-dias\/#breadcrumb","itemListElement":[{"@type":"ListItem","position":1,"name":"In\u00edcio","item":"https:\/\/agenciainfra.com\/blog\/"},{"@type":"ListItem","position":2,"name":"Free flow: Minist\u00e9rio confirma resolu\u00e7\u00e3o que suspende multas por 200 dias"}]},{"@type":"WebSite","@id":"https:\/\/agenciainfra.com\/blog\/#website","url":"https:\/\/agenciainfra.com\/blog\/","name":"Ag\u00eancia iNFRA","description":"Multiplataforma de informa\u00e7\u00e3o jornal\u00edstica refer\u00eancia na \u00e1rea de infraestrutura no Brasil!","publisher":{"@id":"https:\/\/agenciainfra.com\/blog\/#organization"},"potentialAction":[{"@type":"SearchAction","target":{"@type":"EntryPoint","urlTemplate":"https:\/\/agenciainfra.com\/blog\/?s={search_term_string}"},"query-input":{"@type":"PropertyValueSpecification","valueRequired":true,"valueName":"search_term_string"}}],"inLanguage":"pt-BR"},{"@type":"Organization","@id":"https:\/\/agenciainfra.com\/blog\/#organization","name":"Ag\u00eancia iNFRA","url":"https:\/\/agenciainfra.com\/blog\/","logo":{"@type":"ImageObject","inLanguage":"pt-BR","@id":"https:\/\/agenciainfra.com\/blog\/#\/schema\/logo\/image\/","url":"https:\/\/agenciainfra.com\/blog\/wp-content\/uploads\/2023\/09\/iNFRA_5-e1761735885940.png","contentUrl":"https:\/\/agenciainfra.com\/blog\/wp-content\/uploads\/2023\/09\/iNFRA_5-e1761735885940.png","width":1672,"height":454,"caption":"Ag\u00eancia iNFRA"},"image":{"@id":"https:\/\/agenciainfra.com\/blog\/#\/schema\/logo\/image\/"},"sameAs":["https:\/\/www.facebook.com\/ageninfra","https:\/\/x.com\/agencia_infra","https:\/\/www.linkedin.com\/company\/ag\u00eanciainfra\/","https:\/\/www.instagram.com\/agenciainfra\/"]},{"@type":"Person","@id":"https:\/\/agenciainfra.com\/blog\/#\/schema\/person\/34af08dff6adea4cb22b06612ba7acfa","name":"Ag\u00eancia iNFRA","image":{"@type":"ImageObject","inLanguage":"pt-BR","@id":"https:\/\/agenciainfra.com\/blog\/#\/schema\/person\/image\/","url":"https:\/\/secure.gravatar.com\/avatar\/d189e01678f06d8eb84d4e01f08eb848b3fffe3f8443818d3c356c66892f5be8?s=96&d=mm&r=g","contentUrl":"https:\/\/secure.gravatar.com\/avatar\/d189e01678f06d8eb84d4e01f08eb848b3fffe3f8443818d3c356c66892f5be8?s=96&d=mm&r=g","caption":"Ag\u00eancia iNFRA"},"url":"https:\/\/agenciainfra.com\/blog\/author\/admin\/"}]}},"_links":{"self":[{"href":"https:\/\/agenciainfra.com\/blog\/wp-json\/wp\/v2\/posts\/40216","targetHints":{"allow":["GET"]}}],"collection":[{"href":"https:\/\/agenciainfra.com\/blog\/wp-json\/wp\/v2\/posts"}],"about":[{"href":"https:\/\/agenciainfra.com\/blog\/wp-json\/wp\/v2\/types\/post"}],"author":[{"embeddable":true,"href":"https:\/\/agenciainfra.com\/blog\/wp-json\/wp\/v2\/users\/1"}],"replies":[{"embeddable":true,"href":"https:\/\/agenciainfra.com\/blog\/wp-json\/wp\/v2\/comments?post=40216"}],"version-history":[{"count":2,"href":"https:\/\/agenciainfra.com\/blog\/wp-json\/wp\/v2\/posts\/40216\/revisions"}],"predecessor-version":[{"id":40219,"href":"https:\/\/agenciainfra.com\/blog\/wp-json\/wp\/v2\/posts\/40216\/revisions\/40219"}],"wp:featuredmedia":[{"embeddable":true,"href":"https:\/\/agenciainfra.com\/blog\/wp-json\/wp\/v2\/media\/38979"}],"wp:attachment":[{"href":"https:\/\/agenciainfra.com\/blog\/wp-json\/wp\/v2\/media?parent=40216"}],"wp:term":[{"taxonomy":"category","embeddable":true,"href":"https:\/\/agenciainfra.com\/blog\/wp-json\/wp\/v2\/categories?post=40216"},{"taxonomy":"post_tag","embeddable":true,"href":"https:\/\/agenciainfra.com\/blog\/wp-json\/wp\/v2\/tags?post=40216"}],"curies":[{"name":"wp","href":"https:\/\/api.w.org\/{rel}","templated":true}]}}