{"id":40226,"date":"2026-04-28T12:39:08","date_gmt":"2026-04-28T15:39:08","guid":{"rendered":"https:\/\/agenciainfra.com\/blog\/?p=40226"},"modified":"2026-04-28T12:39:36","modified_gmt":"2026-04-28T15:39:36","slug":"senado-adia-votacao-de-projeto-que-limita-tarifa-de-itaipu-as-distribuidoras","status":"publish","type":"post","link":"https:\/\/agenciainfra.com\/blog\/senado-adia-votacao-de-projeto-que-limita-tarifa-de-itaipu-as-distribuidoras\/","title":{"rendered":"Senado adia vota\u00e7\u00e3o de PL que limita tarifa de Itaipu \u00e0s distribuidoras"},"content":{"rendered":"\n<p class=\"has-text-align-right\"><strong>Geraldo Campos Jr., da Ag\u00eancia iNFRA<\/strong><\/p>\n\n\n\n<p>A CAE (Comiss\u00e3o de Assuntos Econ\u00f4micos do Senado) adiou a vota\u00e7\u00e3o do <a href=\"https:\/\/www25.senado.leg.br\/web\/atividade\/materias\/-\/materia\/168215\">PL (Projeto de Lei) 1.830\/2025<\/a>, que limita o pre\u00e7o pago referente \u00e0 tarifa de Itaipu pelas distribuidoras de energia. O texto foi retirado de pauta ap\u00f3s articula\u00e7\u00e3o da lideran\u00e7a do governo.<\/p>\n\n\n\n<p>A proposta estava na pauta da reuni\u00e3o da CAE desta ter\u00e7a-feira (28), mas n\u00e3o foi deliberada pela aprova\u00e7\u00e3o de um requerimento para realizar nova audi\u00eancia p\u00fablica para debater a proposta, apresentado pelo l\u00edder do governo no Senado, Jaques Wagner (PT-BA). O projeto j\u00e1 passou pela CI (Comiss\u00e3o de Servi\u00e7os de Infraestrutura) e tem aprecia\u00e7\u00e3o terminativa na CAE. Ou seja, se aprovado, segue para a C\u00e2mara.<\/p>\n\n\n\n<p>Nesta ter\u00e7a, o relator, senador Hamilton Mour\u00e3o (Republicanos-RS), leu seu parecer mantendo no texto o valor m\u00e1ximo de US$ 12\/kW (d\u00f3lares por quilowatt) a ser pago pelas distribuidoras, a fim de manter o pre\u00e7o pr\u00f3ximo ao custo operacional. Tamb\u00e9m foi mantida a emenda que estabelece que o reajuste anual do valor m\u00e1ximo ser\u00e1 feito pelo \u00edndice de infla\u00e7\u00e3o no varejo dos Estados Unidos.<\/p>\n\n\n\n<p>Se aprovado, o projeto de lei n\u00e3o vai alterar efetivamente a tarifa da usina de Itaipu, que \u00e9 fixada pelo Cuse (Custo Unit\u00e1rio dos Servi\u00e7os de Eletricidade), atualmente em US$ 19,28\/kW. O que seria limitado \u00e9 o valor que seria pago pelas distribuidoras \u00e0 ENBPar (Empresa Brasileira de Participa\u00e7\u00f5es em Energia Nuclear e Binacional) pela parcela da energia brasileira, que hoje \u00e9 de US$ 17,66\/kW. Essa diferen\u00e7a, atualmente, \u00e9 coberta por aportes de Itaipu.<\/p>\n","protected":false},"excerpt":{"rendered":"<p>Geraldo Campos Jr., da Ag\u00eancia iNFRA A CAE (Comiss\u00e3o de Assuntos Econ\u00f4micos do Senado) adiou a vota\u00e7\u00e3o do PL (Projeto de Lei) 1.830\/2025, que limita o pre\u00e7o pago referente \u00e0 tarifa de Itaipu pelas distribuidoras de energia. O texto foi retirado de pauta ap\u00f3s articula\u00e7\u00e3o da lideran\u00e7a do governo. A proposta estava na pauta da [&hellip;]<\/p>\n","protected":false},"author":1,"featured_media":39570,"comment_status":"closed","ping_status":"closed","sticky":false,"template":"","format":"standard","meta":{"_monsterinsights_skip_tracking":false,"_monsterinsights_sitenote_active":false,"_monsterinsights_sitenote_note":"","_monsterinsights_sitenote_category":0,"footnotes":""},"categories":[7250],"tags":[705,491,5453,19622,11594,99,4674,16861,123,54,12394],"class_list":["post-40226","post","type-post","status-publish","format-standard","has-post-thumbnail","hentry","category-destaque-lista","tag-cae","tag-distribuidoras-de-energia","tag-enbpar","tag-energia-de-itaipu","tag-geraldo-campos-jr","tag-itaipu","tag-itaipu-binacional","tag-pl-1-830-2025","tag-senado","tag-setor-eletrico","tag-tarifas-de-itaipu"],"yoast_head":"<!-- This site is optimized with the Yoast SEO Premium plugin v25.4 (Yoast SEO v26.0) - https:\/\/yoast.com\/wordpress\/plugins\/seo\/ -->\n<title>Senado adia vota\u00e7\u00e3o de PL que limita tarifa de Itaipu \u00e0s distribuidoras - Ag\u00eancia iNFRA<\/title>\n<meta name=\"robots\" content=\"index, follow, max-snippet:-1, max-image-preview:large, max-video-preview:-1\" \/>\n<link rel=\"canonical\" href=\"https:\/\/agenciainfra.com\/blog\/senado-adia-votacao-de-projeto-que-limita-tarifa-de-itaipu-as-distribuidoras\/\" \/>\n<meta property=\"og:locale\" content=\"pt_BR\" \/>\n<meta property=\"og:type\" content=\"article\" \/>\n<meta property=\"og:title\" content=\"Senado adia vota\u00e7\u00e3o de PL que limita tarifa de Itaipu \u00e0s distribuidoras\" \/>\n<meta property=\"og:description\" content=\"Geraldo Campos Jr., da Ag\u00eancia iNFRA A CAE (Comiss\u00e3o de Assuntos Econ\u00f4micos do Senado) adiou a vota\u00e7\u00e3o do PL (Projeto de Lei) 1.830\/2025, que limita o pre\u00e7o pago referente \u00e0 tarifa de Itaipu pelas distribuidoras de energia. O texto foi retirado de pauta ap\u00f3s articula\u00e7\u00e3o da lideran\u00e7a do governo. A proposta estava na pauta da [&hellip;]\" \/>\n<meta property=\"og:url\" content=\"https:\/\/agenciainfra.com\/blog\/senado-adia-votacao-de-projeto-que-limita-tarifa-de-itaipu-as-distribuidoras\/\" \/>\n<meta property=\"og:site_name\" content=\"Ag\u00eancia iNFRA\" \/>\n<meta property=\"article:publisher\" content=\"https:\/\/www.facebook.com\/ageninfra\" \/>\n<meta property=\"article:published_time\" content=\"2026-04-28T15:39:08+00:00\" \/>\n<meta property=\"article:modified_time\" content=\"2026-04-28T15:39:36+00:00\" \/>\n<meta property=\"og:image\" content=\"https:\/\/agenciainfra.com\/blog\/wp-content\/uploads\/2026\/04\/usina-itaipu-foto-tania-rego-agencia-brasil.jpg\" \/>\n\t<meta property=\"og:image:width\" content=\"1280\" \/>\n\t<meta property=\"og:image:height\" content=\"853\" \/>\n\t<meta property=\"og:image:type\" content=\"image\/jpeg\" \/>\n<meta name=\"author\" content=\"Ag\u00eancia iNFRA\" \/>\n<meta name=\"twitter:card\" content=\"summary_large_image\" \/>\n<meta name=\"twitter:creator\" content=\"@agencia_infra\" \/>\n<meta name=\"twitter:site\" content=\"@agencia_infra\" \/>\n<meta name=\"twitter:label1\" content=\"Escrito por\" \/>\n\t<meta name=\"twitter:data1\" content=\"Ag\u00eancia iNFRA\" \/>\n\t<meta name=\"twitter:label2\" content=\"Est. tempo de leitura\" \/>\n\t<meta name=\"twitter:data2\" content=\"1 minuto\" \/>\n<script type=\"application\/ld+json\" class=\"yoast-schema-graph\">{\"@context\":\"https:\/\/schema.org\",\"@graph\":[{\"@type\":\"Article\",\"@id\":\"https:\/\/agenciainfra.com\/blog\/senado-adia-votacao-de-projeto-que-limita-tarifa-de-itaipu-as-distribuidoras\/#article\",\"isPartOf\":{\"@id\":\"https:\/\/agenciainfra.com\/blog\/senado-adia-votacao-de-projeto-que-limita-tarifa-de-itaipu-as-distribuidoras\/\"},\"author\":{\"name\":\"Ag\u00eancia iNFRA\",\"@id\":\"https:\/\/agenciainfra.com\/blog\/#\/schema\/person\/34af08dff6adea4cb22b06612ba7acfa\"},\"headline\":\"Senado adia vota\u00e7\u00e3o de PL que limita tarifa de Itaipu \u00e0s distribuidoras\",\"datePublished\":\"2026-04-28T15:39:08+00:00\",\"dateModified\":\"2026-04-28T15:39:36+00:00\",\"mainEntityOfPage\":{\"@id\":\"https:\/\/agenciainfra.com\/blog\/senado-adia-votacao-de-projeto-que-limita-tarifa-de-itaipu-as-distribuidoras\/\"},\"wordCount\":289,\"publisher\":{\"@id\":\"https:\/\/agenciainfra.com\/blog\/#organization\"},\"image\":{\"@id\":\"https:\/\/agenciainfra.com\/blog\/senado-adia-votacao-de-projeto-que-limita-tarifa-de-itaipu-as-distribuidoras\/#primaryimage\"},\"thumbnailUrl\":\"https:\/\/agenciainfra.com\/blog\/wp-content\/uploads\/2026\/04\/usina-itaipu-foto-tania-rego-agencia-brasil.jpg\",\"keywords\":[\"CAE\",\"distribuidoras de energia\",\"ENBPar\",\"energia de itaipu\",\"Geraldo Campos Jr.\",\"Itaipu\",\"Itaipu Binacional\",\"PL 1.830\/2025\",\"senado\",\"Setor El\u00e9trico\",\"Tarifas de Itaipu\"],\"articleSection\":[\"Destaque lista\"],\"inLanguage\":\"pt-BR\",\"copyrightYear\":\"2026\",\"copyrightHolder\":{\"@id\":\"https:\/\/agenciainfra.com\/blog\/#organization\"}},{\"@type\":\"WebPage\",\"@id\":\"https:\/\/agenciainfra.com\/blog\/senado-adia-votacao-de-projeto-que-limita-tarifa-de-itaipu-as-distribuidoras\/\",\"url\":\"https:\/\/agenciainfra.com\/blog\/senado-adia-votacao-de-projeto-que-limita-tarifa-de-itaipu-as-distribuidoras\/\",\"name\":\"Senado adia vota\u00e7\u00e3o de PL que limita tarifa de Itaipu \u00e0s distribuidoras - Ag\u00eancia iNFRA\",\"isPartOf\":{\"@id\":\"https:\/\/agenciainfra.com\/blog\/#website\"},\"primaryImageOfPage\":{\"@id\":\"https:\/\/agenciainfra.com\/blog\/senado-adia-votacao-de-projeto-que-limita-tarifa-de-itaipu-as-distribuidoras\/#primaryimage\"},\"image\":{\"@id\":\"https:\/\/agenciainfra.com\/blog\/senado-adia-votacao-de-projeto-que-limita-tarifa-de-itaipu-as-distribuidoras\/#primaryimage\"},\"thumbnailUrl\":\"https:\/\/agenciainfra.com\/blog\/wp-content\/uploads\/2026\/04\/usina-itaipu-foto-tania-rego-agencia-brasil.jpg\",\"datePublished\":\"2026-04-28T15:39:08+00:00\",\"dateModified\":\"2026-04-28T15:39:36+00:00\",\"breadcrumb\":{\"@id\":\"https:\/\/agenciainfra.com\/blog\/senado-adia-votacao-de-projeto-que-limita-tarifa-de-itaipu-as-distribuidoras\/#breadcrumb\"},\"inLanguage\":\"pt-BR\",\"potentialAction\":[{\"@type\":\"ReadAction\",\"target\":[\"https:\/\/agenciainfra.com\/blog\/senado-adia-votacao-de-projeto-que-limita-tarifa-de-itaipu-as-distribuidoras\/\"]}]},{\"@type\":\"ImageObject\",\"inLanguage\":\"pt-BR\",\"@id\":\"https:\/\/agenciainfra.com\/blog\/senado-adia-votacao-de-projeto-que-limita-tarifa-de-itaipu-as-distribuidoras\/#primaryimage\",\"url\":\"https:\/\/agenciainfra.com\/blog\/wp-content\/uploads\/2026\/04\/usina-itaipu-foto-tania-rego-agencia-brasil.jpg\",\"contentUrl\":\"https:\/\/agenciainfra.com\/blog\/wp-content\/uploads\/2026\/04\/usina-itaipu-foto-tania-rego-agencia-brasil.jpg\",\"width\":1280,\"height\":853,\"caption\":\"Foto: T\u00e2nia R\u00eago\/Ag\u00eancia Brasil\"},{\"@type\":\"BreadcrumbList\",\"@id\":\"https:\/\/agenciainfra.com\/blog\/senado-adia-votacao-de-projeto-que-limita-tarifa-de-itaipu-as-distribuidoras\/#breadcrumb\",\"itemListElement\":[{\"@type\":\"ListItem\",\"position\":1,\"name\":\"In\u00edcio\",\"item\":\"https:\/\/agenciainfra.com\/blog\/\"},{\"@type\":\"ListItem\",\"position\":2,\"name\":\"Senado adia vota\u00e7\u00e3o de PL que limita tarifa de Itaipu \u00e0s distribuidoras\"}]},{\"@type\":\"WebSite\",\"@id\":\"https:\/\/agenciainfra.com\/blog\/#website\",\"url\":\"https:\/\/agenciainfra.com\/blog\/\",\"name\":\"Ag\u00eancia iNFRA\",\"description\":\"Multiplataforma de informa\u00e7\u00e3o jornal\u00edstica refer\u00eancia na \u00e1rea de infraestrutura no Brasil!\",\"publisher\":{\"@id\":\"https:\/\/agenciainfra.com\/blog\/#organization\"},\"potentialAction\":[{\"@type\":\"SearchAction\",\"target\":{\"@type\":\"EntryPoint\",\"urlTemplate\":\"https:\/\/agenciainfra.com\/blog\/?s={search_term_string}\"},\"query-input\":{\"@type\":\"PropertyValueSpecification\",\"valueRequired\":true,\"valueName\":\"search_term_string\"}}],\"inLanguage\":\"pt-BR\"},{\"@type\":\"Organization\",\"@id\":\"https:\/\/agenciainfra.com\/blog\/#organization\",\"name\":\"Ag\u00eancia iNFRA\",\"url\":\"https:\/\/agenciainfra.com\/blog\/\",\"logo\":{\"@type\":\"ImageObject\",\"inLanguage\":\"pt-BR\",\"@id\":\"https:\/\/agenciainfra.com\/blog\/#\/schema\/logo\/image\/\",\"url\":\"https:\/\/agenciainfra.com\/blog\/wp-content\/uploads\/2023\/09\/iNFRA_5-e1761735885940.png\",\"contentUrl\":\"https:\/\/agenciainfra.com\/blog\/wp-content\/uploads\/2023\/09\/iNFRA_5-e1761735885940.png\",\"width\":1672,\"height\":454,\"caption\":\"Ag\u00eancia iNFRA\"},\"image\":{\"@id\":\"https:\/\/agenciainfra.com\/blog\/#\/schema\/logo\/image\/\"},\"sameAs\":[\"https:\/\/www.facebook.com\/ageninfra\",\"https:\/\/x.com\/agencia_infra\",\"https:\/\/www.linkedin.com\/company\/ag\u00eanciainfra\/\",\"https:\/\/www.instagram.com\/agenciainfra\/\"]},{\"@type\":\"Person\",\"@id\":\"https:\/\/agenciainfra.com\/blog\/#\/schema\/person\/34af08dff6adea4cb22b06612ba7acfa\",\"name\":\"Ag\u00eancia iNFRA\",\"image\":{\"@type\":\"ImageObject\",\"inLanguage\":\"pt-BR\",\"@id\":\"https:\/\/agenciainfra.com\/blog\/#\/schema\/person\/image\/\",\"url\":\"https:\/\/secure.gravatar.com\/avatar\/d189e01678f06d8eb84d4e01f08eb848b3fffe3f8443818d3c356c66892f5be8?s=96&d=mm&r=g\",\"contentUrl\":\"https:\/\/secure.gravatar.com\/avatar\/d189e01678f06d8eb84d4e01f08eb848b3fffe3f8443818d3c356c66892f5be8?s=96&d=mm&r=g\",\"caption\":\"Ag\u00eancia iNFRA\"},\"url\":\"https:\/\/agenciainfra.com\/blog\/author\/admin\/\"}]}<\/script>\n<!-- \/ Yoast SEO Premium plugin. -->","yoast_head_json":{"title":"Senado adia vota\u00e7\u00e3o de PL que limita tarifa de Itaipu \u00e0s distribuidoras - Ag\u00eancia iNFRA","robots":{"index":"index","follow":"follow","max-snippet":"max-snippet:-1","max-image-preview":"max-image-preview:large","max-video-preview":"max-video-preview:-1"},"canonical":"https:\/\/agenciainfra.com\/blog\/senado-adia-votacao-de-projeto-que-limita-tarifa-de-itaipu-as-distribuidoras\/","og_locale":"pt_BR","og_type":"article","og_title":"Senado adia vota\u00e7\u00e3o de PL que limita tarifa de Itaipu \u00e0s distribuidoras","og_description":"Geraldo Campos Jr., da Ag\u00eancia iNFRA A CAE (Comiss\u00e3o de Assuntos Econ\u00f4micos do Senado) adiou a vota\u00e7\u00e3o do PL (Projeto de Lei) 1.830\/2025, que limita o pre\u00e7o pago referente \u00e0 tarifa de Itaipu pelas distribuidoras de energia. O texto foi retirado de pauta ap\u00f3s articula\u00e7\u00e3o da lideran\u00e7a do governo. A proposta estava na pauta da [&hellip;]","og_url":"https:\/\/agenciainfra.com\/blog\/senado-adia-votacao-de-projeto-que-limita-tarifa-de-itaipu-as-distribuidoras\/","og_site_name":"Ag\u00eancia iNFRA","article_publisher":"https:\/\/www.facebook.com\/ageninfra","article_published_time":"2026-04-28T15:39:08+00:00","article_modified_time":"2026-04-28T15:39:36+00:00","og_image":[{"width":1280,"height":853,"url":"https:\/\/agenciainfra.com\/blog\/wp-content\/uploads\/2026\/04\/usina-itaipu-foto-tania-rego-agencia-brasil.jpg","type":"image\/jpeg"}],"author":"Ag\u00eancia iNFRA","twitter_card":"summary_large_image","twitter_creator":"@agencia_infra","twitter_site":"@agencia_infra","twitter_misc":{"Escrito por":"Ag\u00eancia iNFRA","Est. tempo de leitura":"1 minuto"},"schema":{"@context":"https:\/\/schema.org","@graph":[{"@type":"Article","@id":"https:\/\/agenciainfra.com\/blog\/senado-adia-votacao-de-projeto-que-limita-tarifa-de-itaipu-as-distribuidoras\/#article","isPartOf":{"@id":"https:\/\/agenciainfra.com\/blog\/senado-adia-votacao-de-projeto-que-limita-tarifa-de-itaipu-as-distribuidoras\/"},"author":{"name":"Ag\u00eancia iNFRA","@id":"https:\/\/agenciainfra.com\/blog\/#\/schema\/person\/34af08dff6adea4cb22b06612ba7acfa"},"headline":"Senado adia vota\u00e7\u00e3o de PL que limita tarifa de Itaipu \u00e0s distribuidoras","datePublished":"2026-04-28T15:39:08+00:00","dateModified":"2026-04-28T15:39:36+00:00","mainEntityOfPage":{"@id":"https:\/\/agenciainfra.com\/blog\/senado-adia-votacao-de-projeto-que-limita-tarifa-de-itaipu-as-distribuidoras\/"},"wordCount":289,"publisher":{"@id":"https:\/\/agenciainfra.com\/blog\/#organization"},"image":{"@id":"https:\/\/agenciainfra.com\/blog\/senado-adia-votacao-de-projeto-que-limita-tarifa-de-itaipu-as-distribuidoras\/#primaryimage"},"thumbnailUrl":"https:\/\/agenciainfra.com\/blog\/wp-content\/uploads\/2026\/04\/usina-itaipu-foto-tania-rego-agencia-brasil.jpg","keywords":["CAE","distribuidoras de energia","ENBPar","energia de itaipu","Geraldo Campos Jr.","Itaipu","Itaipu Binacional","PL 1.830\/2025","senado","Setor El\u00e9trico","Tarifas de Itaipu"],"articleSection":["Destaque lista"],"inLanguage":"pt-BR","copyrightYear":"2026","copyrightHolder":{"@id":"https:\/\/agenciainfra.com\/blog\/#organization"}},{"@type":"WebPage","@id":"https:\/\/agenciainfra.com\/blog\/senado-adia-votacao-de-projeto-que-limita-tarifa-de-itaipu-as-distribuidoras\/","url":"https:\/\/agenciainfra.com\/blog\/senado-adia-votacao-de-projeto-que-limita-tarifa-de-itaipu-as-distribuidoras\/","name":"Senado adia vota\u00e7\u00e3o de PL que limita tarifa de Itaipu \u00e0s distribuidoras - Ag\u00eancia iNFRA","isPartOf":{"@id":"https:\/\/agenciainfra.com\/blog\/#website"},"primaryImageOfPage":{"@id":"https:\/\/agenciainfra.com\/blog\/senado-adia-votacao-de-projeto-que-limita-tarifa-de-itaipu-as-distribuidoras\/#primaryimage"},"image":{"@id":"https:\/\/agenciainfra.com\/blog\/senado-adia-votacao-de-projeto-que-limita-tarifa-de-itaipu-as-distribuidoras\/#primaryimage"},"thumbnailUrl":"https:\/\/agenciainfra.com\/blog\/wp-content\/uploads\/2026\/04\/usina-itaipu-foto-tania-rego-agencia-brasil.jpg","datePublished":"2026-04-28T15:39:08+00:00","dateModified":"2026-04-28T15:39:36+00:00","breadcrumb":{"@id":"https:\/\/agenciainfra.com\/blog\/senado-adia-votacao-de-projeto-que-limita-tarifa-de-itaipu-as-distribuidoras\/#breadcrumb"},"inLanguage":"pt-BR","potentialAction":[{"@type":"ReadAction","target":["https:\/\/agenciainfra.com\/blog\/senado-adia-votacao-de-projeto-que-limita-tarifa-de-itaipu-as-distribuidoras\/"]}]},{"@type":"ImageObject","inLanguage":"pt-BR","@id":"https:\/\/agenciainfra.com\/blog\/senado-adia-votacao-de-projeto-que-limita-tarifa-de-itaipu-as-distribuidoras\/#primaryimage","url":"https:\/\/agenciainfra.com\/blog\/wp-content\/uploads\/2026\/04\/usina-itaipu-foto-tania-rego-agencia-brasil.jpg","contentUrl":"https:\/\/agenciainfra.com\/blog\/wp-content\/uploads\/2026\/04\/usina-itaipu-foto-tania-rego-agencia-brasil.jpg","width":1280,"height":853,"caption":"Foto: T\u00e2nia R\u00eago\/Ag\u00eancia Brasil"},{"@type":"BreadcrumbList","@id":"https:\/\/agenciainfra.com\/blog\/senado-adia-votacao-de-projeto-que-limita-tarifa-de-itaipu-as-distribuidoras\/#breadcrumb","itemListElement":[{"@type":"ListItem","position":1,"name":"In\u00edcio","item":"https:\/\/agenciainfra.com\/blog\/"},{"@type":"ListItem","position":2,"name":"Senado adia vota\u00e7\u00e3o de PL que limita tarifa de Itaipu \u00e0s distribuidoras"}]},{"@type":"WebSite","@id":"https:\/\/agenciainfra.com\/blog\/#website","url":"https:\/\/agenciainfra.com\/blog\/","name":"Ag\u00eancia iNFRA","description":"Multiplataforma de informa\u00e7\u00e3o jornal\u00edstica refer\u00eancia na \u00e1rea de infraestrutura no Brasil!","publisher":{"@id":"https:\/\/agenciainfra.com\/blog\/#organization"},"potentialAction":[{"@type":"SearchAction","target":{"@type":"EntryPoint","urlTemplate":"https:\/\/agenciainfra.com\/blog\/?s={search_term_string}"},"query-input":{"@type":"PropertyValueSpecification","valueRequired":true,"valueName":"search_term_string"}}],"inLanguage":"pt-BR"},{"@type":"Organization","@id":"https:\/\/agenciainfra.com\/blog\/#organization","name":"Ag\u00eancia iNFRA","url":"https:\/\/agenciainfra.com\/blog\/","logo":{"@type":"ImageObject","inLanguage":"pt-BR","@id":"https:\/\/agenciainfra.com\/blog\/#\/schema\/logo\/image\/","url":"https:\/\/agenciainfra.com\/blog\/wp-content\/uploads\/2023\/09\/iNFRA_5-e1761735885940.png","contentUrl":"https:\/\/agenciainfra.com\/blog\/wp-content\/uploads\/2023\/09\/iNFRA_5-e1761735885940.png","width":1672,"height":454,"caption":"Ag\u00eancia iNFRA"},"image":{"@id":"https:\/\/agenciainfra.com\/blog\/#\/schema\/logo\/image\/"},"sameAs":["https:\/\/www.facebook.com\/ageninfra","https:\/\/x.com\/agencia_infra","https:\/\/www.linkedin.com\/company\/ag\u00eanciainfra\/","https:\/\/www.instagram.com\/agenciainfra\/"]},{"@type":"Person","@id":"https:\/\/agenciainfra.com\/blog\/#\/schema\/person\/34af08dff6adea4cb22b06612ba7acfa","name":"Ag\u00eancia iNFRA","image":{"@type":"ImageObject","inLanguage":"pt-BR","@id":"https:\/\/agenciainfra.com\/blog\/#\/schema\/person\/image\/","url":"https:\/\/secure.gravatar.com\/avatar\/d189e01678f06d8eb84d4e01f08eb848b3fffe3f8443818d3c356c66892f5be8?s=96&d=mm&r=g","contentUrl":"https:\/\/secure.gravatar.com\/avatar\/d189e01678f06d8eb84d4e01f08eb848b3fffe3f8443818d3c356c66892f5be8?s=96&d=mm&r=g","caption":"Ag\u00eancia iNFRA"},"url":"https:\/\/agenciainfra.com\/blog\/author\/admin\/"}]}},"_links":{"self":[{"href":"https:\/\/agenciainfra.com\/blog\/wp-json\/wp\/v2\/posts\/40226","targetHints":{"allow":["GET"]}}],"collection":[{"href":"https:\/\/agenciainfra.com\/blog\/wp-json\/wp\/v2\/posts"}],"about":[{"href":"https:\/\/agenciainfra.com\/blog\/wp-json\/wp\/v2\/types\/post"}],"author":[{"embeddable":true,"href":"https:\/\/agenciainfra.com\/blog\/wp-json\/wp\/v2\/users\/1"}],"replies":[{"embeddable":true,"href":"https:\/\/agenciainfra.com\/blog\/wp-json\/wp\/v2\/comments?post=40226"}],"version-history":[{"count":2,"href":"https:\/\/agenciainfra.com\/blog\/wp-json\/wp\/v2\/posts\/40226\/revisions"}],"predecessor-version":[{"id":40228,"href":"https:\/\/agenciainfra.com\/blog\/wp-json\/wp\/v2\/posts\/40226\/revisions\/40228"}],"wp:featuredmedia":[{"embeddable":true,"href":"https:\/\/agenciainfra.com\/blog\/wp-json\/wp\/v2\/media\/39570"}],"wp:attachment":[{"href":"https:\/\/agenciainfra.com\/blog\/wp-json\/wp\/v2\/media?parent=40226"}],"wp:term":[{"taxonomy":"category","embeddable":true,"href":"https:\/\/agenciainfra.com\/blog\/wp-json\/wp\/v2\/categories?post=40226"},{"taxonomy":"post_tag","embeddable":true,"href":"https:\/\/agenciainfra.com\/blog\/wp-json\/wp\/v2\/tags?post=40226"}],"curies":[{"name":"wp","href":"https:\/\/api.w.org\/{rel}","templated":true}]}}