{"id":40229,"date":"2026-04-30T08:00:00","date_gmt":"2026-04-30T11:00:00","guid":{"rendered":"https:\/\/agenciainfra.com\/blog\/?p=40229"},"modified":"2026-04-30T10:16:26","modified_gmt":"2026-04-30T13:16:26","slug":"nova-concessao-da-rodovia-do-aco-tera-conexao-direta-com-a-dutra","status":"publish","type":"post","link":"https:\/\/agenciainfra.com\/blog\/nova-concessao-da-rodovia-do-aco-tera-conexao-direta-com-a-dutra\/","title":{"rendered":"Nova concess\u00e3o da Rodovia do A\u00e7o ter\u00e1 conex\u00e3o direta com a Dutra"},"content":{"rendered":"\n<p class=\"has-text-align-right\"><strong>Amanda Pupo, da Ag\u00eancia iNFRA<\/strong><\/p>\n\n\n\n<figure class=\"wp-block-image aligncenter size-full is-resized\"><a href=\"https:\/\/agenciainfra.com\/blog\/assine-nossos-servicos\/\"><img fetchpriority=\"high\" decoding=\"async\" width=\"966\" height=\"117\" src=\"https:\/\/agenciainfra.com\/blog\/wp-content\/uploads\/2026\/01\/selo-assinantes-1.png\" alt=\"\" class=\"wp-image-35239\" style=\"width:400px\" srcset=\"https:\/\/agenciainfra.com\/blog\/wp-content\/uploads\/2026\/01\/selo-assinantes-1.png 966w, https:\/\/agenciainfra.com\/blog\/wp-content\/uploads\/2026\/01\/selo-assinantes-1-300x36.png 300w, https:\/\/agenciainfra.com\/blog\/wp-content\/uploads\/2026\/01\/selo-assinantes-1-768x93.png 768w\" sizes=\"(max-width: 966px) 100vw, 966px\" \/><\/a><\/figure>\n\n\n\n<p>A nova concess\u00e3o da BR-393\/RJ, que ficou sob administra\u00e7\u00e3o da K-Infra de 2018 at\u00e9 o <a href=\"https:\/\/agenciainfra.com\/blog\/sem-plano-de-transicao-dnit-assume-gestao-da-rodovia-do-aco\/\" target=\"_blank\" rel=\"noreferrer noopener\">ano passado<\/a>, ter\u00e1 o tra\u00e7ado modificado para ajustar o que foram considerados erros estrat\u00e9gicos na formata\u00e7\u00e3o da antiga modelagem, feita na d\u00e9cada de 2000. Com previs\u00e3o de ser leiloado em dezembro, o projeto vai, em uma das pontas, incorporar o contorno de Volta Redonda (RJ) e se conectar diretamente \u00e0 rodovia Presidente Dutra (BR-116), administrada pela Motiva.\u00a0<br><br>Na Rodovia do A\u00e7o, como foi nomeada a antiga concess\u00e3o da BR-393, o trecho repassado \u00e0 iniciativa privada parava no meio de Volta Redonda, faltando pouco mais\u00a0de dez quil\u00f4metros para a liga\u00e7\u00e3o com a BR-116. O plano \u00e9 que a futura operadora administre tanto o trecho da \u201crodovia do contorno\u201d, mais voltado ao transporte de carga, como o peda\u00e7o que parte de dentro da \u00e1rea urbana.\u00a0<br><br>Na parte de cima da concess\u00e3o, que faz divisa com Minas Gerais, o tra\u00e7ado n\u00e3o vai mais considerar um peda\u00e7o de pouco menos de dez quil\u00f4metros da regi\u00e3o de Al\u00e9m Para\u00edba (MG) que atravessava parte da opera\u00e7\u00e3o\u00a0da EcoRioMinas, respons\u00e1vel por ligar Governador Valadares (MG) ao Sistema Rodovi\u00e1rio Rio de Janeiro. O trecho, que inclui uma ponte que precisa ser duplicada, deve ser repassado por aditivo \u00e0 concess\u00e3o da EcoRodovias.\u00a0<br><br>O projeto fechado pelo Minist\u00e9rio dos Transportes para ser enviado para an\u00e1lise da ANTT (Ag\u00eancia Nacional de Transportes Terrestres) e abertura de consulta p\u00fablica prev\u00ea cerca de R$ 6 bilh\u00f5es em investimentos.\u00a0<br><br>O pacote de interven\u00e7\u00f5es contempla obras que estavam previstas, mas n\u00e3o foram feitas pela K-Infra, que adquiriu a concess\u00e3o da Acciona,\u00a0ao longo da concess\u00e3o \u2013 o que motivou a retirada da concession\u00e1ria em processo de caducidade conclu\u00eddo em junho do ano passado, encerrando uma gest\u00e3o marcada por conflitos entre a operadora e o poder p\u00fablico.\u00a0<br><br><strong>Duplica\u00e7\u00e3o<\/strong><br>Segundo apurou a\u00a0<strong>Ag\u00eancia iNFRA<\/strong>, no novo projeto, parte da duplica\u00e7\u00e3o programada para a rodovia foi retirada de um primeiro momento da concess\u00e3o porque a obra em alguns trechos exigiria uma desapropria\u00e7\u00e3o considerada\u00a0grande.\u00a0<br><br>A interven\u00e7\u00e3o nesses peda\u00e7os vai exigir uma reavalia\u00e7\u00e3o futura, podendo entrar na opera\u00e7\u00e3o como investimento adicional. O desenho final de como ficar\u00e3o essas exig\u00eancias, contudo, vai depender tamb\u00e9m do que for levantado nas audi\u00eancias p\u00fablicas sobre o projeto.\u00a0<br><br>A ideia \u00e9 que a opera\u00e7\u00e3o agora se chame \u201cRota Vale do Caf\u00e9\u201d. A rodovia, importante para munic\u00edpios do interior do Rio de Janeiro, atende cidades hist\u00f3ricas do Vale do Caf\u00e9. E em Volta Redonda est\u00e1 instalada a principal usina da CSN (Companhia Sider\u00fargica Nacional).\u00a0<br><br>Desde que o governo retomou a administra\u00e7\u00e3o da Rodovia do A\u00e7o, o DNIT (Departamento Nacional de Infraestrutura de Transportes) <a href=\"https:\/\/agenciainfra.com\/blog\/dnit-inicia-manutencao-na-rodovia-do-aco\/\" target=\"_blank\" rel=\"noreferrer noopener\">assumiu<\/a> a responsabilidade pela manuten\u00e7\u00e3o e conserva\u00e7\u00e3o da BR-393\/RJ. Segundo o Executivo, o plano \u00e9 investir mais de R$ 100 milh\u00f5es em recupera\u00e7\u00e3o do pavimento e em sinaliza\u00e7\u00e3o at\u00e9 que uma nova operadora assuma o trecho.<br><br><strong>Caso segue aberto no STF\u00a0<\/strong><br>A Rodovia do A\u00e7o foi leiloada em 2008, ent\u00e3o arrematada pela espanhola Acciona. Com problemas na execu\u00e7\u00e3o, dez anos depois a operadora tentou devolver o ativo \u00e0 Uni\u00e3o \u2013\u00a0\u00e0 \u00e9poca, a terceira concession\u00e1ria a acionar o instituto da devolu\u00e7\u00e3o amig\u00e1vel. Naquele mesmo ano, por sua vez, a Acciona conseguiu vender a opera\u00e7\u00e3o para a K-Infra\u00a0e a rodovia n\u00e3o foi \u00e0 relicita\u00e7\u00e3o.\u00a0Os problemas de execu\u00e7\u00e3o do contrato continuaram, embora a nova concession\u00e1ria alegasse que os descumprimentos eram relativos ao per\u00edodo anterior \u00e0 sua gest\u00e3o.\u00a0<br><br>Quando o governo retomou a rodovia, no ano passado, a K-Infra <a href=\"https:\/\/agenciainfra.com\/blog\/k-infra-entra-com-acao-para-tentar-evitar-caducidade-do-contrato\/\" target=\"_blank\" rel=\"noreferrer noopener\">foi ao STF<\/a> (Supremo Tribunal Federal) para tentar reverter a decis\u00e3o. Relator, o ministro Gilmar Mendes manteve o controle da via com a Uni\u00e3o, mas <a href=\"https:\/\/agenciainfra.com\/blog\/apos-decisao-do-stf-rodovia-do-aco-segue-administrada-pela-uniao\/\" target=\"_blank\" rel=\"noreferrer noopener\">determinou<\/a> que o governo conclu\u00edsse at\u00e9 24 de novembro do ano passado o c\u00e1lculo de indeniza\u00e7\u00e3o por investimentos n\u00e3o amortizados que seriam devidos \u00e0 empresa \u2013 parte sobre a qual o governo recorreu.\u00a0<br><br>\u201cAfigura-se adequada a fixa\u00e7\u00e3o de prazo para a solu\u00e7\u00e3o do feito \u2013 prazo esse, previsto pela pr\u00f3pria empresa independente contratada para a conclus\u00e3o dos c\u00e1lculos \u2013, o qual, se superado, ensejar\u00e1 a imposi\u00e7\u00e3o de indeniza\u00e7\u00e3o a ser paga pela Uni\u00e3o \u00e0 concession\u00e1ria, cujos valores dever\u00e3o ser considerados como cr\u00e9ditos a serem compensados com eventuais d\u00e9bitos da empresa perante a Uni\u00e3o, em sede de apura\u00e7\u00e3o final\u201d, entendeu o STF.\u00a0<br><br>Um segundo recurso apresentado pela Uni\u00e3o sobre esse ponto est\u00e1 em julgamento no plen\u00e1rio virtual da Corte at\u00e9 o pr\u00f3ximo dia 4. At\u00e9 o momento, o ministro Gilmar <a href=\"https:\/\/agenciainfra.com\/blog\/wp-content\/uploads\/2026\/04\/conteudo-1.pdf\" target=\"_blank\" rel=\"noreferrer noopener\">votou<\/a> para rejeitar o pedido do governo, no que j\u00e1 foi acompanhado pelos ministros Alexandre de Moraes e Cristiano Zanin. <\/p>\n","protected":false},"excerpt":{"rendered":"<p>Amanda Pupo, da Ag\u00eancia iNFRA A nova concess\u00e3o da BR-393\/RJ, que ficou sob administra\u00e7\u00e3o da K-Infra de 2018 at\u00e9 o ano passado, ter\u00e1 o tra\u00e7ado modificado para ajustar o que foram considerados erros estrat\u00e9gicos na formata\u00e7\u00e3o da antiga modelagem, feita na d\u00e9cada de 2000. Com previs\u00e3o de ser leiloado em dezembro, o projeto vai, em [&hellip;]<\/p>\n","protected":false},"author":1,"featured_media":22399,"comment_status":"closed","ping_status":"closed","sticky":false,"template":"","format":"standard","meta":{"_monsterinsights_skip_tracking":false,"_monsterinsights_sitenote_active":false,"_monsterinsights_sitenote_note":"","_monsterinsights_sitenote_category":0,"footnotes":""},"categories":[7250],"tags":[13354,19,3485,6070,328,6071,16,3016,21,149,19623],"class_list":["post-40229","post","type-post","status-publish","format-standard","has-post-thumbnail","hentry","category-destaque-lista","tag-amanda-pupo","tag-antt","tag-br-393","tag-br-393-rj","tag-dnit","tag-k-infra","tag-ministerio-dos-transportes","tag-obras-rodoviarias","tag-rodovia","tag-rodovia-do-aco","tag-rota-vale-do-cafe"],"yoast_head":"<!-- This site is optimized with the Yoast SEO Premium plugin v25.4 (Yoast SEO v26.0) - https:\/\/yoast.com\/wordpress\/plugins\/seo\/ -->\n<title>Nova concess\u00e3o da Rodovia do A\u00e7o ter\u00e1 conex\u00e3o direta com a Dutra - Ag\u00eancia iNFRA<\/title>\n<meta name=\"robots\" content=\"index, follow, max-snippet:-1, max-image-preview:large, max-video-preview:-1\" \/>\n<link rel=\"canonical\" href=\"https:\/\/agenciainfra.com\/blog\/nova-concessao-da-rodovia-do-aco-tera-conexao-direta-com-a-dutra\/\" \/>\n<meta property=\"og:locale\" content=\"pt_BR\" \/>\n<meta property=\"og:type\" content=\"article\" \/>\n<meta property=\"og:title\" content=\"Nova concess\u00e3o da Rodovia do A\u00e7o ter\u00e1 conex\u00e3o direta com a Dutra\" \/>\n<meta property=\"og:description\" content=\"Amanda Pupo, da Ag\u00eancia iNFRA A nova concess\u00e3o da BR-393\/RJ, que ficou sob administra\u00e7\u00e3o da K-Infra de 2018 at\u00e9 o ano passado, ter\u00e1 o tra\u00e7ado modificado para ajustar o que foram considerados erros estrat\u00e9gicos na formata\u00e7\u00e3o da antiga modelagem, feita na d\u00e9cada de 2000. Com previs\u00e3o de ser leiloado em dezembro, o projeto vai, em [&hellip;]\" \/>\n<meta property=\"og:url\" content=\"https:\/\/agenciainfra.com\/blog\/nova-concessao-da-rodovia-do-aco-tera-conexao-direta-com-a-dutra\/\" \/>\n<meta property=\"og:site_name\" content=\"Ag\u00eancia iNFRA\" \/>\n<meta property=\"article:publisher\" content=\"https:\/\/www.facebook.com\/ageninfra\" \/>\n<meta property=\"article:published_time\" content=\"2026-04-30T11:00:00+00:00\" \/>\n<meta property=\"article:modified_time\" content=\"2026-04-30T13:16:26+00:00\" \/>\n<meta property=\"og:image\" content=\"https:\/\/agenciainfra.com\/blog\/wp-content\/uploads\/2025\/06\/k-infra_rodovia-do-aco-foto-divulgacao-e1748950186901.jpg\" \/>\n\t<meta property=\"og:image:width\" content=\"1280\" \/>\n\t<meta property=\"og:image:height\" content=\"772\" \/>\n\t<meta property=\"og:image:type\" content=\"image\/jpeg\" \/>\n<meta name=\"author\" content=\"Ag\u00eancia iNFRA\" \/>\n<meta name=\"twitter:card\" content=\"summary_large_image\" \/>\n<meta name=\"twitter:creator\" content=\"@agencia_infra\" \/>\n<meta name=\"twitter:site\" content=\"@agencia_infra\" \/>\n<meta name=\"twitter:label1\" content=\"Escrito por\" \/>\n\t<meta name=\"twitter:data1\" content=\"Ag\u00eancia iNFRA\" \/>\n\t<meta name=\"twitter:label2\" content=\"Est. tempo de leitura\" \/>\n\t<meta name=\"twitter:data2\" content=\"4 minutos\" \/>\n<script type=\"application\/ld+json\" class=\"yoast-schema-graph\">{\"@context\":\"https:\/\/schema.org\",\"@graph\":[{\"@type\":\"Article\",\"@id\":\"https:\/\/agenciainfra.com\/blog\/nova-concessao-da-rodovia-do-aco-tera-conexao-direta-com-a-dutra\/#article\",\"isPartOf\":{\"@id\":\"https:\/\/agenciainfra.com\/blog\/nova-concessao-da-rodovia-do-aco-tera-conexao-direta-com-a-dutra\/\"},\"author\":{\"name\":\"Ag\u00eancia iNFRA\",\"@id\":\"https:\/\/agenciainfra.com\/blog\/#\/schema\/person\/34af08dff6adea4cb22b06612ba7acfa\"},\"headline\":\"Nova concess\u00e3o da Rodovia do A\u00e7o ter\u00e1 conex\u00e3o direta com a Dutra\",\"datePublished\":\"2026-04-30T11:00:00+00:00\",\"dateModified\":\"2026-04-30T13:16:26+00:00\",\"mainEntityOfPage\":{\"@id\":\"https:\/\/agenciainfra.com\/blog\/nova-concessao-da-rodovia-do-aco-tera-conexao-direta-com-a-dutra\/\"},\"wordCount\":844,\"publisher\":{\"@id\":\"https:\/\/agenciainfra.com\/blog\/#organization\"},\"image\":{\"@id\":\"https:\/\/agenciainfra.com\/blog\/nova-concessao-da-rodovia-do-aco-tera-conexao-direta-com-a-dutra\/#primaryimage\"},\"thumbnailUrl\":\"https:\/\/agenciainfra.com\/blog\/wp-content\/uploads\/2025\/06\/k-infra_rodovia-do-aco-foto-divulgacao-e1748950186901.jpg\",\"keywords\":[\"Amanda Pupo\",\"ANTT\",\"BR-393\",\"BR-393\/RJ\",\"DNIT\",\"K-Infra\",\"minist\u00e9rio dos transportes\",\"obras rodovi\u00e1rias\",\"Rodovia\",\"Rodovia do A\u00e7o\",\"rota vale do caf\u00e9\"],\"articleSection\":[\"Destaque lista\"],\"inLanguage\":\"pt-BR\",\"copyrightYear\":\"2026\",\"copyrightHolder\":{\"@id\":\"https:\/\/agenciainfra.com\/blog\/#organization\"}},{\"@type\":\"WebPage\",\"@id\":\"https:\/\/agenciainfra.com\/blog\/nova-concessao-da-rodovia-do-aco-tera-conexao-direta-com-a-dutra\/\",\"url\":\"https:\/\/agenciainfra.com\/blog\/nova-concessao-da-rodovia-do-aco-tera-conexao-direta-com-a-dutra\/\",\"name\":\"Nova concess\u00e3o da Rodovia do A\u00e7o ter\u00e1 conex\u00e3o direta com a Dutra - Ag\u00eancia iNFRA\",\"isPartOf\":{\"@id\":\"https:\/\/agenciainfra.com\/blog\/#website\"},\"primaryImageOfPage\":{\"@id\":\"https:\/\/agenciainfra.com\/blog\/nova-concessao-da-rodovia-do-aco-tera-conexao-direta-com-a-dutra\/#primaryimage\"},\"image\":{\"@id\":\"https:\/\/agenciainfra.com\/blog\/nova-concessao-da-rodovia-do-aco-tera-conexao-direta-com-a-dutra\/#primaryimage\"},\"thumbnailUrl\":\"https:\/\/agenciainfra.com\/blog\/wp-content\/uploads\/2025\/06\/k-infra_rodovia-do-aco-foto-divulgacao-e1748950186901.jpg\",\"datePublished\":\"2026-04-30T11:00:00+00:00\",\"dateModified\":\"2026-04-30T13:16:26+00:00\",\"breadcrumb\":{\"@id\":\"https:\/\/agenciainfra.com\/blog\/nova-concessao-da-rodovia-do-aco-tera-conexao-direta-com-a-dutra\/#breadcrumb\"},\"inLanguage\":\"pt-BR\",\"potentialAction\":[{\"@type\":\"ReadAction\",\"target\":[\"https:\/\/agenciainfra.com\/blog\/nova-concessao-da-rodovia-do-aco-tera-conexao-direta-com-a-dutra\/\"]}]},{\"@type\":\"ImageObject\",\"inLanguage\":\"pt-BR\",\"@id\":\"https:\/\/agenciainfra.com\/blog\/nova-concessao-da-rodovia-do-aco-tera-conexao-direta-com-a-dutra\/#primaryimage\",\"url\":\"https:\/\/agenciainfra.com\/blog\/wp-content\/uploads\/2025\/06\/k-infra_rodovia-do-aco-foto-divulgacao-e1748950186901.jpg\",\"contentUrl\":\"https:\/\/agenciainfra.com\/blog\/wp-content\/uploads\/2025\/06\/k-infra_rodovia-do-aco-foto-divulgacao-e1748950186901.jpg\",\"width\":1280,\"height\":772,\"caption\":\"Foto: K-Infra\/Divulga\u00e7\u00e3o\"},{\"@type\":\"BreadcrumbList\",\"@id\":\"https:\/\/agenciainfra.com\/blog\/nova-concessao-da-rodovia-do-aco-tera-conexao-direta-com-a-dutra\/#breadcrumb\",\"itemListElement\":[{\"@type\":\"ListItem\",\"position\":1,\"name\":\"In\u00edcio\",\"item\":\"https:\/\/agenciainfra.com\/blog\/\"},{\"@type\":\"ListItem\",\"position\":2,\"name\":\"Nova concess\u00e3o da Rodovia do A\u00e7o ter\u00e1 conex\u00e3o direta com a Dutra\"}]},{\"@type\":\"WebSite\",\"@id\":\"https:\/\/agenciainfra.com\/blog\/#website\",\"url\":\"https:\/\/agenciainfra.com\/blog\/\",\"name\":\"Ag\u00eancia iNFRA\",\"description\":\"Multiplataforma de informa\u00e7\u00e3o jornal\u00edstica refer\u00eancia na \u00e1rea de infraestrutura no Brasil!\",\"publisher\":{\"@id\":\"https:\/\/agenciainfra.com\/blog\/#organization\"},\"potentialAction\":[{\"@type\":\"SearchAction\",\"target\":{\"@type\":\"EntryPoint\",\"urlTemplate\":\"https:\/\/agenciainfra.com\/blog\/?s={search_term_string}\"},\"query-input\":{\"@type\":\"PropertyValueSpecification\",\"valueRequired\":true,\"valueName\":\"search_term_string\"}}],\"inLanguage\":\"pt-BR\"},{\"@type\":\"Organization\",\"@id\":\"https:\/\/agenciainfra.com\/blog\/#organization\",\"name\":\"Ag\u00eancia iNFRA\",\"url\":\"https:\/\/agenciainfra.com\/blog\/\",\"logo\":{\"@type\":\"ImageObject\",\"inLanguage\":\"pt-BR\",\"@id\":\"https:\/\/agenciainfra.com\/blog\/#\/schema\/logo\/image\/\",\"url\":\"https:\/\/agenciainfra.com\/blog\/wp-content\/uploads\/2023\/09\/iNFRA_5-e1761735885940.png\",\"contentUrl\":\"https:\/\/agenciainfra.com\/blog\/wp-content\/uploads\/2023\/09\/iNFRA_5-e1761735885940.png\",\"width\":1672,\"height\":454,\"caption\":\"Ag\u00eancia iNFRA\"},\"image\":{\"@id\":\"https:\/\/agenciainfra.com\/blog\/#\/schema\/logo\/image\/\"},\"sameAs\":[\"https:\/\/www.facebook.com\/ageninfra\",\"https:\/\/x.com\/agencia_infra\",\"https:\/\/www.linkedin.com\/company\/ag\u00eanciainfra\/\",\"https:\/\/www.instagram.com\/agenciainfra\/\"]},{\"@type\":\"Person\",\"@id\":\"https:\/\/agenciainfra.com\/blog\/#\/schema\/person\/34af08dff6adea4cb22b06612ba7acfa\",\"name\":\"Ag\u00eancia iNFRA\",\"image\":{\"@type\":\"ImageObject\",\"inLanguage\":\"pt-BR\",\"@id\":\"https:\/\/agenciainfra.com\/blog\/#\/schema\/person\/image\/\",\"url\":\"https:\/\/secure.gravatar.com\/avatar\/d189e01678f06d8eb84d4e01f08eb848b3fffe3f8443818d3c356c66892f5be8?s=96&d=mm&r=g\",\"contentUrl\":\"https:\/\/secure.gravatar.com\/avatar\/d189e01678f06d8eb84d4e01f08eb848b3fffe3f8443818d3c356c66892f5be8?s=96&d=mm&r=g\",\"caption\":\"Ag\u00eancia iNFRA\"},\"url\":\"https:\/\/agenciainfra.com\/blog\/author\/admin\/\"}]}<\/script>\n<!-- \/ Yoast SEO Premium plugin. -->","yoast_head_json":{"title":"Nova concess\u00e3o da Rodovia do A\u00e7o ter\u00e1 conex\u00e3o direta com a Dutra - Ag\u00eancia iNFRA","robots":{"index":"index","follow":"follow","max-snippet":"max-snippet:-1","max-image-preview":"max-image-preview:large","max-video-preview":"max-video-preview:-1"},"canonical":"https:\/\/agenciainfra.com\/blog\/nova-concessao-da-rodovia-do-aco-tera-conexao-direta-com-a-dutra\/","og_locale":"pt_BR","og_type":"article","og_title":"Nova concess\u00e3o da Rodovia do A\u00e7o ter\u00e1 conex\u00e3o direta com a Dutra","og_description":"Amanda Pupo, da Ag\u00eancia iNFRA A nova concess\u00e3o da BR-393\/RJ, que ficou sob administra\u00e7\u00e3o da K-Infra de 2018 at\u00e9 o ano passado, ter\u00e1 o tra\u00e7ado modificado para ajustar o que foram considerados erros estrat\u00e9gicos na formata\u00e7\u00e3o da antiga modelagem, feita na d\u00e9cada de 2000. Com previs\u00e3o de ser leiloado em dezembro, o projeto vai, em [&hellip;]","og_url":"https:\/\/agenciainfra.com\/blog\/nova-concessao-da-rodovia-do-aco-tera-conexao-direta-com-a-dutra\/","og_site_name":"Ag\u00eancia iNFRA","article_publisher":"https:\/\/www.facebook.com\/ageninfra","article_published_time":"2026-04-30T11:00:00+00:00","article_modified_time":"2026-04-30T13:16:26+00:00","og_image":[{"width":1280,"height":772,"url":"https:\/\/agenciainfra.com\/blog\/wp-content\/uploads\/2025\/06\/k-infra_rodovia-do-aco-foto-divulgacao-e1748950186901.jpg","type":"image\/jpeg"}],"author":"Ag\u00eancia iNFRA","twitter_card":"summary_large_image","twitter_creator":"@agencia_infra","twitter_site":"@agencia_infra","twitter_misc":{"Escrito por":"Ag\u00eancia iNFRA","Est. tempo de leitura":"4 minutos"},"schema":{"@context":"https:\/\/schema.org","@graph":[{"@type":"Article","@id":"https:\/\/agenciainfra.com\/blog\/nova-concessao-da-rodovia-do-aco-tera-conexao-direta-com-a-dutra\/#article","isPartOf":{"@id":"https:\/\/agenciainfra.com\/blog\/nova-concessao-da-rodovia-do-aco-tera-conexao-direta-com-a-dutra\/"},"author":{"name":"Ag\u00eancia iNFRA","@id":"https:\/\/agenciainfra.com\/blog\/#\/schema\/person\/34af08dff6adea4cb22b06612ba7acfa"},"headline":"Nova concess\u00e3o da Rodovia do A\u00e7o ter\u00e1 conex\u00e3o direta com a Dutra","datePublished":"2026-04-30T11:00:00+00:00","dateModified":"2026-04-30T13:16:26+00:00","mainEntityOfPage":{"@id":"https:\/\/agenciainfra.com\/blog\/nova-concessao-da-rodovia-do-aco-tera-conexao-direta-com-a-dutra\/"},"wordCount":844,"publisher":{"@id":"https:\/\/agenciainfra.com\/blog\/#organization"},"image":{"@id":"https:\/\/agenciainfra.com\/blog\/nova-concessao-da-rodovia-do-aco-tera-conexao-direta-com-a-dutra\/#primaryimage"},"thumbnailUrl":"https:\/\/agenciainfra.com\/blog\/wp-content\/uploads\/2025\/06\/k-infra_rodovia-do-aco-foto-divulgacao-e1748950186901.jpg","keywords":["Amanda Pupo","ANTT","BR-393","BR-393\/RJ","DNIT","K-Infra","minist\u00e9rio dos transportes","obras rodovi\u00e1rias","Rodovia","Rodovia do A\u00e7o","rota vale do caf\u00e9"],"articleSection":["Destaque lista"],"inLanguage":"pt-BR","copyrightYear":"2026","copyrightHolder":{"@id":"https:\/\/agenciainfra.com\/blog\/#organization"}},{"@type":"WebPage","@id":"https:\/\/agenciainfra.com\/blog\/nova-concessao-da-rodovia-do-aco-tera-conexao-direta-com-a-dutra\/","url":"https:\/\/agenciainfra.com\/blog\/nova-concessao-da-rodovia-do-aco-tera-conexao-direta-com-a-dutra\/","name":"Nova concess\u00e3o da Rodovia do A\u00e7o ter\u00e1 conex\u00e3o direta com a Dutra - Ag\u00eancia iNFRA","isPartOf":{"@id":"https:\/\/agenciainfra.com\/blog\/#website"},"primaryImageOfPage":{"@id":"https:\/\/agenciainfra.com\/blog\/nova-concessao-da-rodovia-do-aco-tera-conexao-direta-com-a-dutra\/#primaryimage"},"image":{"@id":"https:\/\/agenciainfra.com\/blog\/nova-concessao-da-rodovia-do-aco-tera-conexao-direta-com-a-dutra\/#primaryimage"},"thumbnailUrl":"https:\/\/agenciainfra.com\/blog\/wp-content\/uploads\/2025\/06\/k-infra_rodovia-do-aco-foto-divulgacao-e1748950186901.jpg","datePublished":"2026-04-30T11:00:00+00:00","dateModified":"2026-04-30T13:16:26+00:00","breadcrumb":{"@id":"https:\/\/agenciainfra.com\/blog\/nova-concessao-da-rodovia-do-aco-tera-conexao-direta-com-a-dutra\/#breadcrumb"},"inLanguage":"pt-BR","potentialAction":[{"@type":"ReadAction","target":["https:\/\/agenciainfra.com\/blog\/nova-concessao-da-rodovia-do-aco-tera-conexao-direta-com-a-dutra\/"]}]},{"@type":"ImageObject","inLanguage":"pt-BR","@id":"https:\/\/agenciainfra.com\/blog\/nova-concessao-da-rodovia-do-aco-tera-conexao-direta-com-a-dutra\/#primaryimage","url":"https:\/\/agenciainfra.com\/blog\/wp-content\/uploads\/2025\/06\/k-infra_rodovia-do-aco-foto-divulgacao-e1748950186901.jpg","contentUrl":"https:\/\/agenciainfra.com\/blog\/wp-content\/uploads\/2025\/06\/k-infra_rodovia-do-aco-foto-divulgacao-e1748950186901.jpg","width":1280,"height":772,"caption":"Foto: K-Infra\/Divulga\u00e7\u00e3o"},{"@type":"BreadcrumbList","@id":"https:\/\/agenciainfra.com\/blog\/nova-concessao-da-rodovia-do-aco-tera-conexao-direta-com-a-dutra\/#breadcrumb","itemListElement":[{"@type":"ListItem","position":1,"name":"In\u00edcio","item":"https:\/\/agenciainfra.com\/blog\/"},{"@type":"ListItem","position":2,"name":"Nova concess\u00e3o da Rodovia do A\u00e7o ter\u00e1 conex\u00e3o direta com a Dutra"}]},{"@type":"WebSite","@id":"https:\/\/agenciainfra.com\/blog\/#website","url":"https:\/\/agenciainfra.com\/blog\/","name":"Ag\u00eancia iNFRA","description":"Multiplataforma de informa\u00e7\u00e3o jornal\u00edstica refer\u00eancia na \u00e1rea de infraestrutura no Brasil!","publisher":{"@id":"https:\/\/agenciainfra.com\/blog\/#organization"},"potentialAction":[{"@type":"SearchAction","target":{"@type":"EntryPoint","urlTemplate":"https:\/\/agenciainfra.com\/blog\/?s={search_term_string}"},"query-input":{"@type":"PropertyValueSpecification","valueRequired":true,"valueName":"search_term_string"}}],"inLanguage":"pt-BR"},{"@type":"Organization","@id":"https:\/\/agenciainfra.com\/blog\/#organization","name":"Ag\u00eancia iNFRA","url":"https:\/\/agenciainfra.com\/blog\/","logo":{"@type":"ImageObject","inLanguage":"pt-BR","@id":"https:\/\/agenciainfra.com\/blog\/#\/schema\/logo\/image\/","url":"https:\/\/agenciainfra.com\/blog\/wp-content\/uploads\/2023\/09\/iNFRA_5-e1761735885940.png","contentUrl":"https:\/\/agenciainfra.com\/blog\/wp-content\/uploads\/2023\/09\/iNFRA_5-e1761735885940.png","width":1672,"height":454,"caption":"Ag\u00eancia iNFRA"},"image":{"@id":"https:\/\/agenciainfra.com\/blog\/#\/schema\/logo\/image\/"},"sameAs":["https:\/\/www.facebook.com\/ageninfra","https:\/\/x.com\/agencia_infra","https:\/\/www.linkedin.com\/company\/ag\u00eanciainfra\/","https:\/\/www.instagram.com\/agenciainfra\/"]},{"@type":"Person","@id":"https:\/\/agenciainfra.com\/blog\/#\/schema\/person\/34af08dff6adea4cb22b06612ba7acfa","name":"Ag\u00eancia iNFRA","image":{"@type":"ImageObject","inLanguage":"pt-BR","@id":"https:\/\/agenciainfra.com\/blog\/#\/schema\/person\/image\/","url":"https:\/\/secure.gravatar.com\/avatar\/d189e01678f06d8eb84d4e01f08eb848b3fffe3f8443818d3c356c66892f5be8?s=96&d=mm&r=g","contentUrl":"https:\/\/secure.gravatar.com\/avatar\/d189e01678f06d8eb84d4e01f08eb848b3fffe3f8443818d3c356c66892f5be8?s=96&d=mm&r=g","caption":"Ag\u00eancia iNFRA"},"url":"https:\/\/agenciainfra.com\/blog\/author\/admin\/"}]}},"_links":{"self":[{"href":"https:\/\/agenciainfra.com\/blog\/wp-json\/wp\/v2\/posts\/40229","targetHints":{"allow":["GET"]}}],"collection":[{"href":"https:\/\/agenciainfra.com\/blog\/wp-json\/wp\/v2\/posts"}],"about":[{"href":"https:\/\/agenciainfra.com\/blog\/wp-json\/wp\/v2\/types\/post"}],"author":[{"embeddable":true,"href":"https:\/\/agenciainfra.com\/blog\/wp-json\/wp\/v2\/users\/1"}],"replies":[{"embeddable":true,"href":"https:\/\/agenciainfra.com\/blog\/wp-json\/wp\/v2\/comments?post=40229"}],"version-history":[{"count":3,"href":"https:\/\/agenciainfra.com\/blog\/wp-json\/wp\/v2\/posts\/40229\/revisions"}],"predecessor-version":[{"id":40383,"href":"https:\/\/agenciainfra.com\/blog\/wp-json\/wp\/v2\/posts\/40229\/revisions\/40383"}],"wp:featuredmedia":[{"embeddable":true,"href":"https:\/\/agenciainfra.com\/blog\/wp-json\/wp\/v2\/media\/22399"}],"wp:attachment":[{"href":"https:\/\/agenciainfra.com\/blog\/wp-json\/wp\/v2\/media?parent=40229"}],"wp:term":[{"taxonomy":"category","embeddable":true,"href":"https:\/\/agenciainfra.com\/blog\/wp-json\/wp\/v2\/categories?post=40229"},{"taxonomy":"post_tag","embeddable":true,"href":"https:\/\/agenciainfra.com\/blog\/wp-json\/wp\/v2\/tags?post=40229"}],"curies":[{"name":"wp","href":"https:\/\/api.w.org\/{rel}","templated":true}]}}