{"id":4023,"date":"2019-11-13T18:00:17","date_gmt":"2019-11-13T21:00:17","guid":{"rendered":"http:\/\/www.agenciainfra.com\/blog\/?p=4023"},"modified":"2019-11-13T17:48:17","modified_gmt":"2019-11-13T20:48:17","slug":"energia-em-transicao-seminario-debate-infraestrutura-e-distribuicao-de-combustiveis-maritimos","status":"publish","type":"post","link":"https:\/\/agenciainfra.com\/blog\/energia-em-transicao-seminario-debate-infraestrutura-e-distribuicao-de-combustiveis-maritimos\/","title":{"rendered":"Energia em transi\u00e7\u00e3o: Semin\u00e1rio debate infraestrutura e distribui\u00e7\u00e3o de combust\u00edveis mar\u00edtimos"},"content":{"rendered":"<div>\n<h5 style=\"text-align: right;\"><strong>da\u00a0Ag\u00eancia iNFRA<\/strong><\/h5>\n<p>A FGV Energia e a FGV Transportes realizar\u00e3o em 3 de dezembro, no Rio de Janeiro, o semin\u00e1rio \u201cEnergia em transi\u00e7\u00e3o: infraestrutura e distribui\u00e7\u00e3o de combust\u00edveis mar\u00edtimos no Brasil, em conformidade com a IMO 2020\u201d. O evento conta com o apoio da <strong>Ag\u00eancia iNFRA<\/strong>.<\/p>\n<p>O encontro discutir\u00e1 a implementa\u00e7\u00e3o da nova regulamenta\u00e7\u00e3o da IMO 2020, abordando pontos relacionados ao refino e distribui\u00e7\u00e3o de combust\u00edveis mar\u00edtimos \u2013\u00a0bunker. As novas regras imp\u00f5em a compra de um combust\u00edvel com menos teor de enxofre a partir de 2020, o que tornar\u00e1 o transporte mais caro.<\/p>\n<p>Dividido em cinco pain\u00e9is, ser\u00e3o debatidos tamb\u00e9m aspectos legais e P&amp;I, mercado e pre\u00e7os, infraestrutura e\u00a0compliance\u00a0nos portos brasileiros, e desenvolvimento de combust\u00edveis alternativos para a navega\u00e7\u00e3o.<\/p>\n<p>O semin\u00e1rio ser\u00e1 realizado na sede da FGV, no Rio de Janeiro, das 8:30 \u00e0s 17:30. As inscri\u00e7\u00f5es podem ser feitas\u00a0<a href=\"https:\/\/agenciainfra.us14.list-manage.com\/track\/click?u=d460dd1bcf9ba0ae040e1fc0f&amp;id=fd6a8e5aa2&amp;e=c099169394\" target=\"_blank\" rel=\"noopener noreferrer\" data-saferedirecturl=\"https:\/\/www.google.com\/url?q=https:\/\/agenciainfra.us14.list-manage.com\/track\/click?u%3Dd460dd1bcf9ba0ae040e1fc0f%26id%3Dfd6a8e5aa2%26e%3Dc099169394&amp;source=gmail&amp;ust=1573763785890000&amp;usg=AFQjCNEV60zD9x7Hxu59mUon05nbLSPKAA\">neste\u00a0link<\/a>.<\/p>\n<\/div>\n","protected":false},"excerpt":{"rendered":"<p>da\u00a0Ag\u00eancia iNFRA A FGV Energia e a FGV Transportes realizar\u00e3o em 3 de dezembro, no Rio de Janeiro, o semin\u00e1rio \u201cEnergia em transi\u00e7\u00e3o: infraestrutura e distribui\u00e7\u00e3o de combust\u00edveis mar\u00edtimos no Brasil, em conformidade com a IMO 2020\u201d. O evento conta com o apoio da Ag\u00eancia iNFRA. O encontro discutir\u00e1 a implementa\u00e7\u00e3o da nova regulamenta\u00e7\u00e3o da [&hellip;]<\/p>\n","protected":false},"author":9,"featured_media":4024,"comment_status":"closed","ping_status":"closed","sticky":false,"template":"","format":"standard","meta":{"_monsterinsights_skip_tracking":false,"_monsterinsights_sitenote_active":false,"_monsterinsights_sitenote_note":"","_monsterinsights_sitenote_category":0,"footnotes":""},"categories":[7],"tags":[1143,1454,1452,1453,1455,34],"class_list":["post-4023","post","type-post","status-publish","format-standard","has-post-thumbnail","hentry","category-infratransporte","tag-bunker","tag-combustiveis-maritimos","tag-fgv-energia","tag-fgv-transportes","tag-imo-2020","tag-infraestrutura"],"yoast_head":"<!-- This site is optimized with the Yoast SEO Premium plugin v25.4 (Yoast SEO v26.0) - https:\/\/yoast.com\/wordpress\/plugins\/seo\/ -->\n<title>Energia em transi\u00e7\u00e3o: Semin\u00e1rio debate infraestrutura e distribui\u00e7\u00e3o de combust\u00edveis mar\u00edtimos - Ag\u00eancia iNFRA<\/title>\n<meta name=\"robots\" content=\"index, follow, max-snippet:-1, max-image-preview:large, max-video-preview:-1\" \/>\n<link rel=\"canonical\" href=\"https:\/\/agenciainfra.com\/blog\/energia-em-transicao-seminario-debate-infraestrutura-e-distribuicao-de-combustiveis-maritimos\/\" \/>\n<meta property=\"og:locale\" content=\"pt_BR\" \/>\n<meta property=\"og:type\" content=\"article\" \/>\n<meta property=\"og:title\" content=\"Energia em transi\u00e7\u00e3o: Semin\u00e1rio debate infraestrutura e distribui\u00e7\u00e3o de combust\u00edveis mar\u00edtimos\" \/>\n<meta property=\"og:description\" content=\"da\u00a0Ag\u00eancia iNFRA A FGV Energia e a FGV Transportes realizar\u00e3o em 3 de dezembro, no Rio de Janeiro, o semin\u00e1rio \u201cEnergia em transi\u00e7\u00e3o: infraestrutura e distribui\u00e7\u00e3o de combust\u00edveis mar\u00edtimos no Brasil, em conformidade com a IMO 2020\u201d. O evento conta com o apoio da Ag\u00eancia iNFRA. O encontro discutir\u00e1 a implementa\u00e7\u00e3o da nova regulamenta\u00e7\u00e3o da [&hellip;]\" \/>\n<meta property=\"og:url\" content=\"https:\/\/agenciainfra.com\/blog\/energia-em-transicao-seminario-debate-infraestrutura-e-distribuicao-de-combustiveis-maritimos\/\" \/>\n<meta property=\"og:site_name\" content=\"Ag\u00eancia iNFRA\" \/>\n<meta property=\"article:publisher\" content=\"https:\/\/www.facebook.com\/ageninfra\" \/>\n<meta property=\"article:published_time\" content=\"2019-11-13T21:00:17+00:00\" \/>\n<meta property=\"og:image\" content=\"https:\/\/agenciainfra.com\/blog\/wp-content\/uploads\/2019\/11\/navio-carga-dominio-publico.jpg\" \/>\n\t<meta property=\"og:image:width\" content=\"1280\" \/>\n\t<meta property=\"og:image:height\" content=\"851\" \/>\n\t<meta property=\"og:image:type\" content=\"image\/jpeg\" \/>\n<meta name=\"author\" content=\"Rodrigo Zuquim\" \/>\n<meta name=\"twitter:card\" content=\"summary_large_image\" \/>\n<meta name=\"twitter:creator\" content=\"@agencia_infra\" \/>\n<meta name=\"twitter:site\" content=\"@agencia_infra\" \/>\n<meta name=\"twitter:label1\" content=\"Escrito por\" \/>\n\t<meta name=\"twitter:data1\" content=\"Rodrigo Zuquim\" \/>\n\t<meta name=\"twitter:label2\" content=\"Est. tempo de leitura\" \/>\n\t<meta name=\"twitter:data2\" content=\"1 minuto\" \/>\n<script type=\"application\/ld+json\" class=\"yoast-schema-graph\">{\"@context\":\"https:\/\/schema.org\",\"@graph\":[{\"@type\":\"Article\",\"@id\":\"https:\/\/agenciainfra.com\/blog\/energia-em-transicao-seminario-debate-infraestrutura-e-distribuicao-de-combustiveis-maritimos\/#article\",\"isPartOf\":{\"@id\":\"https:\/\/agenciainfra.com\/blog\/energia-em-transicao-seminario-debate-infraestrutura-e-distribuicao-de-combustiveis-maritimos\/\"},\"author\":{\"name\":\"Rodrigo Zuquim\",\"@id\":\"https:\/\/agenciainfra.com\/blog\/#\/schema\/person\/04dbb79bd6d8951f063da71f3e4c1eb1\"},\"headline\":\"Energia em transi\u00e7\u00e3o: Semin\u00e1rio debate infraestrutura e distribui\u00e7\u00e3o de combust\u00edveis mar\u00edtimos\",\"datePublished\":\"2019-11-13T21:00:17+00:00\",\"mainEntityOfPage\":{\"@id\":\"https:\/\/agenciainfra.com\/blog\/energia-em-transicao-seminario-debate-infraestrutura-e-distribuicao-de-combustiveis-maritimos\/\"},\"wordCount\":180,\"publisher\":{\"@id\":\"https:\/\/agenciainfra.com\/blog\/#organization\"},\"image\":{\"@id\":\"https:\/\/agenciainfra.com\/blog\/energia-em-transicao-seminario-debate-infraestrutura-e-distribuicao-de-combustiveis-maritimos\/#primaryimage\"},\"thumbnailUrl\":\"https:\/\/agenciainfra.com\/blog\/wp-content\/uploads\/2019\/11\/navio-carga-dominio-publico.jpg\",\"keywords\":[\"bunker\",\"combust\u00edveis mar\u00edtimos\",\"FGV Energia\",\"FGV Transportes\",\"IMO 2020\",\"Infraestrutura\"],\"articleSection\":[\"iNFRATransporte\"],\"inLanguage\":\"pt-BR\",\"copyrightYear\":\"2019\",\"copyrightHolder\":{\"@id\":\"https:\/\/agenciainfra.com\/blog\/#organization\"}},{\"@type\":\"WebPage\",\"@id\":\"https:\/\/agenciainfra.com\/blog\/energia-em-transicao-seminario-debate-infraestrutura-e-distribuicao-de-combustiveis-maritimos\/\",\"url\":\"https:\/\/agenciainfra.com\/blog\/energia-em-transicao-seminario-debate-infraestrutura-e-distribuicao-de-combustiveis-maritimos\/\",\"name\":\"Energia em transi\u00e7\u00e3o: Semin\u00e1rio debate infraestrutura e distribui\u00e7\u00e3o de combust\u00edveis mar\u00edtimos - Ag\u00eancia iNFRA\",\"isPartOf\":{\"@id\":\"https:\/\/agenciainfra.com\/blog\/#website\"},\"primaryImageOfPage\":{\"@id\":\"https:\/\/agenciainfra.com\/blog\/energia-em-transicao-seminario-debate-infraestrutura-e-distribuicao-de-combustiveis-maritimos\/#primaryimage\"},\"image\":{\"@id\":\"https:\/\/agenciainfra.com\/blog\/energia-em-transicao-seminario-debate-infraestrutura-e-distribuicao-de-combustiveis-maritimos\/#primaryimage\"},\"thumbnailUrl\":\"https:\/\/agenciainfra.com\/blog\/wp-content\/uploads\/2019\/11\/navio-carga-dominio-publico.jpg\",\"datePublished\":\"2019-11-13T21:00:17+00:00\",\"breadcrumb\":{\"@id\":\"https:\/\/agenciainfra.com\/blog\/energia-em-transicao-seminario-debate-infraestrutura-e-distribuicao-de-combustiveis-maritimos\/#breadcrumb\"},\"inLanguage\":\"pt-BR\",\"potentialAction\":[{\"@type\":\"ReadAction\",\"target\":[\"https:\/\/agenciainfra.com\/blog\/energia-em-transicao-seminario-debate-infraestrutura-e-distribuicao-de-combustiveis-maritimos\/\"]}]},{\"@type\":\"ImageObject\",\"inLanguage\":\"pt-BR\",\"@id\":\"https:\/\/agenciainfra.com\/blog\/energia-em-transicao-seminario-debate-infraestrutura-e-distribuicao-de-combustiveis-maritimos\/#primaryimage\",\"url\":\"https:\/\/agenciainfra.com\/blog\/wp-content\/uploads\/2019\/11\/navio-carga-dominio-publico.jpg\",\"contentUrl\":\"https:\/\/agenciainfra.com\/blog\/wp-content\/uploads\/2019\/11\/navio-carga-dominio-publico.jpg\",\"width\":1280,\"height\":851,\"caption\":\"Foto: Dom\u00ednio p\u00fablico\"},{\"@type\":\"BreadcrumbList\",\"@id\":\"https:\/\/agenciainfra.com\/blog\/energia-em-transicao-seminario-debate-infraestrutura-e-distribuicao-de-combustiveis-maritimos\/#breadcrumb\",\"itemListElement\":[{\"@type\":\"ListItem\",\"position\":1,\"name\":\"In\u00edcio\",\"item\":\"https:\/\/agenciainfra.com\/blog\/\"},{\"@type\":\"ListItem\",\"position\":2,\"name\":\"Energia em transi\u00e7\u00e3o: Semin\u00e1rio debate infraestrutura e distribui\u00e7\u00e3o de combust\u00edveis mar\u00edtimos\"}]},{\"@type\":\"WebSite\",\"@id\":\"https:\/\/agenciainfra.com\/blog\/#website\",\"url\":\"https:\/\/agenciainfra.com\/blog\/\",\"name\":\"Ag\u00eancia iNFRA\",\"description\":\"Multiplataforma de informa\u00e7\u00e3o jornal\u00edstica refer\u00eancia na \u00e1rea de infraestrutura no Brasil!\",\"publisher\":{\"@id\":\"https:\/\/agenciainfra.com\/blog\/#organization\"},\"potentialAction\":[{\"@type\":\"SearchAction\",\"target\":{\"@type\":\"EntryPoint\",\"urlTemplate\":\"https:\/\/agenciainfra.com\/blog\/?s={search_term_string}\"},\"query-input\":{\"@type\":\"PropertyValueSpecification\",\"valueRequired\":true,\"valueName\":\"search_term_string\"}}],\"inLanguage\":\"pt-BR\"},{\"@type\":\"Organization\",\"@id\":\"https:\/\/agenciainfra.com\/blog\/#organization\",\"name\":\"Ag\u00eancia iNFRA\",\"url\":\"https:\/\/agenciainfra.com\/blog\/\",\"logo\":{\"@type\":\"ImageObject\",\"inLanguage\":\"pt-BR\",\"@id\":\"https:\/\/agenciainfra.com\/blog\/#\/schema\/logo\/image\/\",\"url\":\"https:\/\/agenciainfra.com\/blog\/wp-content\/uploads\/2023\/09\/iNFRA_5-e1761735885940.png\",\"contentUrl\":\"https:\/\/agenciainfra.com\/blog\/wp-content\/uploads\/2023\/09\/iNFRA_5-e1761735885940.png\",\"width\":1672,\"height\":454,\"caption\":\"Ag\u00eancia iNFRA\"},\"image\":{\"@id\":\"https:\/\/agenciainfra.com\/blog\/#\/schema\/logo\/image\/\"},\"sameAs\":[\"https:\/\/www.facebook.com\/ageninfra\",\"https:\/\/x.com\/agencia_infra\",\"https:\/\/www.linkedin.com\/company\/ag\u00eanciainfra\/\",\"https:\/\/www.instagram.com\/agenciainfra\/\"]},{\"@type\":\"Person\",\"@id\":\"https:\/\/agenciainfra.com\/blog\/#\/schema\/person\/04dbb79bd6d8951f063da71f3e4c1eb1\",\"name\":\"Rodrigo Zuquim\",\"image\":{\"@type\":\"ImageObject\",\"inLanguage\":\"pt-BR\",\"@id\":\"https:\/\/agenciainfra.com\/blog\/#\/schema\/person\/image\/\",\"url\":\"https:\/\/secure.gravatar.com\/avatar\/594abfe82761d620726242ff34ca472a705a4b97f16c790053a6b4c4035274d0?s=96&d=mm&r=g\",\"contentUrl\":\"https:\/\/secure.gravatar.com\/avatar\/594abfe82761d620726242ff34ca472a705a4b97f16c790053a6b4c4035274d0?s=96&d=mm&r=g\",\"caption\":\"Rodrigo Zuquim\"},\"url\":\"https:\/\/agenciainfra.com\/blog\/author\/rodrigo-zuquim\/\"}]}<\/script>\n<!-- \/ Yoast SEO Premium plugin. -->","yoast_head_json":{"title":"Energia em transi\u00e7\u00e3o: Semin\u00e1rio debate infraestrutura e distribui\u00e7\u00e3o de combust\u00edveis mar\u00edtimos - Ag\u00eancia iNFRA","robots":{"index":"index","follow":"follow","max-snippet":"max-snippet:-1","max-image-preview":"max-image-preview:large","max-video-preview":"max-video-preview:-1"},"canonical":"https:\/\/agenciainfra.com\/blog\/energia-em-transicao-seminario-debate-infraestrutura-e-distribuicao-de-combustiveis-maritimos\/","og_locale":"pt_BR","og_type":"article","og_title":"Energia em transi\u00e7\u00e3o: Semin\u00e1rio debate infraestrutura e distribui\u00e7\u00e3o de combust\u00edveis mar\u00edtimos","og_description":"da\u00a0Ag\u00eancia iNFRA A FGV Energia e a FGV Transportes realizar\u00e3o em 3 de dezembro, no Rio de Janeiro, o semin\u00e1rio \u201cEnergia em transi\u00e7\u00e3o: infraestrutura e distribui\u00e7\u00e3o de combust\u00edveis mar\u00edtimos no Brasil, em conformidade com a IMO 2020\u201d. O evento conta com o apoio da Ag\u00eancia iNFRA. O encontro discutir\u00e1 a implementa\u00e7\u00e3o da nova regulamenta\u00e7\u00e3o da [&hellip;]","og_url":"https:\/\/agenciainfra.com\/blog\/energia-em-transicao-seminario-debate-infraestrutura-e-distribuicao-de-combustiveis-maritimos\/","og_site_name":"Ag\u00eancia iNFRA","article_publisher":"https:\/\/www.facebook.com\/ageninfra","article_published_time":"2019-11-13T21:00:17+00:00","og_image":[{"width":1280,"height":851,"url":"https:\/\/agenciainfra.com\/blog\/wp-content\/uploads\/2019\/11\/navio-carga-dominio-publico.jpg","type":"image\/jpeg"}],"author":"Rodrigo Zuquim","twitter_card":"summary_large_image","twitter_creator":"@agencia_infra","twitter_site":"@agencia_infra","twitter_misc":{"Escrito por":"Rodrigo Zuquim","Est. tempo de leitura":"1 minuto"},"schema":{"@context":"https:\/\/schema.org","@graph":[{"@type":"Article","@id":"https:\/\/agenciainfra.com\/blog\/energia-em-transicao-seminario-debate-infraestrutura-e-distribuicao-de-combustiveis-maritimos\/#article","isPartOf":{"@id":"https:\/\/agenciainfra.com\/blog\/energia-em-transicao-seminario-debate-infraestrutura-e-distribuicao-de-combustiveis-maritimos\/"},"author":{"name":"Rodrigo Zuquim","@id":"https:\/\/agenciainfra.com\/blog\/#\/schema\/person\/04dbb79bd6d8951f063da71f3e4c1eb1"},"headline":"Energia em transi\u00e7\u00e3o: Semin\u00e1rio debate infraestrutura e distribui\u00e7\u00e3o de combust\u00edveis mar\u00edtimos","datePublished":"2019-11-13T21:00:17+00:00","mainEntityOfPage":{"@id":"https:\/\/agenciainfra.com\/blog\/energia-em-transicao-seminario-debate-infraestrutura-e-distribuicao-de-combustiveis-maritimos\/"},"wordCount":180,"publisher":{"@id":"https:\/\/agenciainfra.com\/blog\/#organization"},"image":{"@id":"https:\/\/agenciainfra.com\/blog\/energia-em-transicao-seminario-debate-infraestrutura-e-distribuicao-de-combustiveis-maritimos\/#primaryimage"},"thumbnailUrl":"https:\/\/agenciainfra.com\/blog\/wp-content\/uploads\/2019\/11\/navio-carga-dominio-publico.jpg","keywords":["bunker","combust\u00edveis mar\u00edtimos","FGV Energia","FGV Transportes","IMO 2020","Infraestrutura"],"articleSection":["iNFRATransporte"],"inLanguage":"pt-BR","copyrightYear":"2019","copyrightHolder":{"@id":"https:\/\/agenciainfra.com\/blog\/#organization"}},{"@type":"WebPage","@id":"https:\/\/agenciainfra.com\/blog\/energia-em-transicao-seminario-debate-infraestrutura-e-distribuicao-de-combustiveis-maritimos\/","url":"https:\/\/agenciainfra.com\/blog\/energia-em-transicao-seminario-debate-infraestrutura-e-distribuicao-de-combustiveis-maritimos\/","name":"Energia em transi\u00e7\u00e3o: Semin\u00e1rio debate infraestrutura e distribui\u00e7\u00e3o de combust\u00edveis mar\u00edtimos - Ag\u00eancia iNFRA","isPartOf":{"@id":"https:\/\/agenciainfra.com\/blog\/#website"},"primaryImageOfPage":{"@id":"https:\/\/agenciainfra.com\/blog\/energia-em-transicao-seminario-debate-infraestrutura-e-distribuicao-de-combustiveis-maritimos\/#primaryimage"},"image":{"@id":"https:\/\/agenciainfra.com\/blog\/energia-em-transicao-seminario-debate-infraestrutura-e-distribuicao-de-combustiveis-maritimos\/#primaryimage"},"thumbnailUrl":"https:\/\/agenciainfra.com\/blog\/wp-content\/uploads\/2019\/11\/navio-carga-dominio-publico.jpg","datePublished":"2019-11-13T21:00:17+00:00","breadcrumb":{"@id":"https:\/\/agenciainfra.com\/blog\/energia-em-transicao-seminario-debate-infraestrutura-e-distribuicao-de-combustiveis-maritimos\/#breadcrumb"},"inLanguage":"pt-BR","potentialAction":[{"@type":"ReadAction","target":["https:\/\/agenciainfra.com\/blog\/energia-em-transicao-seminario-debate-infraestrutura-e-distribuicao-de-combustiveis-maritimos\/"]}]},{"@type":"ImageObject","inLanguage":"pt-BR","@id":"https:\/\/agenciainfra.com\/blog\/energia-em-transicao-seminario-debate-infraestrutura-e-distribuicao-de-combustiveis-maritimos\/#primaryimage","url":"https:\/\/agenciainfra.com\/blog\/wp-content\/uploads\/2019\/11\/navio-carga-dominio-publico.jpg","contentUrl":"https:\/\/agenciainfra.com\/blog\/wp-content\/uploads\/2019\/11\/navio-carga-dominio-publico.jpg","width":1280,"height":851,"caption":"Foto: Dom\u00ednio p\u00fablico"},{"@type":"BreadcrumbList","@id":"https:\/\/agenciainfra.com\/blog\/energia-em-transicao-seminario-debate-infraestrutura-e-distribuicao-de-combustiveis-maritimos\/#breadcrumb","itemListElement":[{"@type":"ListItem","position":1,"name":"In\u00edcio","item":"https:\/\/agenciainfra.com\/blog\/"},{"@type":"ListItem","position":2,"name":"Energia em transi\u00e7\u00e3o: Semin\u00e1rio debate infraestrutura e distribui\u00e7\u00e3o de combust\u00edveis mar\u00edtimos"}]},{"@type":"WebSite","@id":"https:\/\/agenciainfra.com\/blog\/#website","url":"https:\/\/agenciainfra.com\/blog\/","name":"Ag\u00eancia iNFRA","description":"Multiplataforma de informa\u00e7\u00e3o jornal\u00edstica refer\u00eancia na \u00e1rea de infraestrutura no Brasil!","publisher":{"@id":"https:\/\/agenciainfra.com\/blog\/#organization"},"potentialAction":[{"@type":"SearchAction","target":{"@type":"EntryPoint","urlTemplate":"https:\/\/agenciainfra.com\/blog\/?s={search_term_string}"},"query-input":{"@type":"PropertyValueSpecification","valueRequired":true,"valueName":"search_term_string"}}],"inLanguage":"pt-BR"},{"@type":"Organization","@id":"https:\/\/agenciainfra.com\/blog\/#organization","name":"Ag\u00eancia iNFRA","url":"https:\/\/agenciainfra.com\/blog\/","logo":{"@type":"ImageObject","inLanguage":"pt-BR","@id":"https:\/\/agenciainfra.com\/blog\/#\/schema\/logo\/image\/","url":"https:\/\/agenciainfra.com\/blog\/wp-content\/uploads\/2023\/09\/iNFRA_5-e1761735885940.png","contentUrl":"https:\/\/agenciainfra.com\/blog\/wp-content\/uploads\/2023\/09\/iNFRA_5-e1761735885940.png","width":1672,"height":454,"caption":"Ag\u00eancia iNFRA"},"image":{"@id":"https:\/\/agenciainfra.com\/blog\/#\/schema\/logo\/image\/"},"sameAs":["https:\/\/www.facebook.com\/ageninfra","https:\/\/x.com\/agencia_infra","https:\/\/www.linkedin.com\/company\/ag\u00eanciainfra\/","https:\/\/www.instagram.com\/agenciainfra\/"]},{"@type":"Person","@id":"https:\/\/agenciainfra.com\/blog\/#\/schema\/person\/04dbb79bd6d8951f063da71f3e4c1eb1","name":"Rodrigo Zuquim","image":{"@type":"ImageObject","inLanguage":"pt-BR","@id":"https:\/\/agenciainfra.com\/blog\/#\/schema\/person\/image\/","url":"https:\/\/secure.gravatar.com\/avatar\/594abfe82761d620726242ff34ca472a705a4b97f16c790053a6b4c4035274d0?s=96&d=mm&r=g","contentUrl":"https:\/\/secure.gravatar.com\/avatar\/594abfe82761d620726242ff34ca472a705a4b97f16c790053a6b4c4035274d0?s=96&d=mm&r=g","caption":"Rodrigo Zuquim"},"url":"https:\/\/agenciainfra.com\/blog\/author\/rodrigo-zuquim\/"}]}},"_links":{"self":[{"href":"https:\/\/agenciainfra.com\/blog\/wp-json\/wp\/v2\/posts\/4023","targetHints":{"allow":["GET"]}}],"collection":[{"href":"https:\/\/agenciainfra.com\/blog\/wp-json\/wp\/v2\/posts"}],"about":[{"href":"https:\/\/agenciainfra.com\/blog\/wp-json\/wp\/v2\/types\/post"}],"author":[{"embeddable":true,"href":"https:\/\/agenciainfra.com\/blog\/wp-json\/wp\/v2\/users\/9"}],"replies":[{"embeddable":true,"href":"https:\/\/agenciainfra.com\/blog\/wp-json\/wp\/v2\/comments?post=4023"}],"version-history":[{"count":0,"href":"https:\/\/agenciainfra.com\/blog\/wp-json\/wp\/v2\/posts\/4023\/revisions"}],"wp:featuredmedia":[{"embeddable":true,"href":"https:\/\/agenciainfra.com\/blog\/wp-json\/wp\/v2\/media\/4024"}],"wp:attachment":[{"href":"https:\/\/agenciainfra.com\/blog\/wp-json\/wp\/v2\/media?parent=4023"}],"wp:term":[{"taxonomy":"category","embeddable":true,"href":"https:\/\/agenciainfra.com\/blog\/wp-json\/wp\/v2\/categories?post=4023"},{"taxonomy":"post_tag","embeddable":true,"href":"https:\/\/agenciainfra.com\/blog\/wp-json\/wp\/v2\/tags?post=4023"}],"curies":[{"name":"wp","href":"https:\/\/api.w.org\/{rel}","templated":true}]}}