{"id":40238,"date":"2026-04-28T14:17:19","date_gmt":"2026-04-28T17:17:19","guid":{"rendered":"https:\/\/agenciainfra.com\/blog\/?p=40238"},"modified":"2026-04-28T14:17:21","modified_gmt":"2026-04-28T17:17:21","slug":"senado-aprova-uso-de-creditos-tributarios-para-obras-publicas","status":"publish","type":"post","link":"https:\/\/agenciainfra.com\/blog\/senado-aprova-uso-de-creditos-tributarios-para-obras-publicas\/","title":{"rendered":"Senado aprova uso de cr\u00e9ditos tribut\u00e1rios para obras p\u00fablicas"},"content":{"rendered":"\n<p class=\"has-text-align-right\"><strong>da Ag\u00eancia iNFRA<\/strong><\/p>\n\n\n\n<p class=\"has-text-align-left\">A CAE (Comiss\u00e3o de Assuntos Econ\u00f4micos) do Senado Federal aprovou, nesta ter\u00e7a-feira (28), PL (Projeto de Lei) que prev\u00ea a concess\u00e3o de cr\u00e9dito tribut\u00e1rio ou a quita\u00e7\u00e3o de multas administrativas como pagamento para execu\u00e7\u00e3o de obras e servi\u00e7os de engenharia de interesse p\u00fablico.<\/p>\n\n\n\n<p>O PL 14.133\/2021, de autoria do senador Cleitinho (Republicanos\/MG), altera as Leis 14.133\/2021 e 11.079\/2004 para prever a possibilidade da concess\u00e3o. O texto, aprovado em car\u00e1ter terminativo, ainda passa por aprecia\u00e7\u00e3o em turno suplementar antes de seguir para an\u00e1lise da C\u00e2mara dos Deputados.<\/p>\n\n\n\n<p>O projeto permite que Uni\u00e3o, estados e munic\u00edpios convertam d\u00edvidas avaliadas como de dif\u00edcil recupera\u00e7\u00e3o em investimentos em infraestrutura. No caso, as empresas poderiam executar ou financiar obras e, em contrapartida, obter abatimento de tributos ou multas. Na sess\u00e3o, o relator da proposta na comiss\u00e3o, senador Alessandro Vieira (MDB\/SE), apresentou texto substitutivo ao projeto original.<\/p>\n\n\n\n<p>O parlamentar argumentou que as mudan\u00e7as foram feitas para incorporar as emendas da CCJ (Comiss\u00e3o de Constitui\u00e7\u00e3o, Justi\u00e7a e Cidadania), al\u00e9m de modificar a proposta original para &#8220;sanar problemas identificados&#8221;, como uma restri\u00e7\u00e3o aos licitantes considerada excessiva por Vieira.<\/p>\n\n\n\n<p>&#8220;H\u00e1 previs\u00e3o de uma fase inicial na qual qualquer interessado sugere a inclus\u00e3o de obras no programa. Havendo concord\u00e2ncia da administra\u00e7\u00e3o, abre-se prazo para que outras empresas manifestem inten\u00e7\u00e3o de execut\u00e1-las&#8221;, acrescentou o relator.<\/p>\n\n\n\n<p>Segundo o PL, caso haja um proponente, a contrata\u00e7\u00e3o \u00e9 feita por inexigibilidade, mas se houver mais interessados, seria realizada uma licita\u00e7\u00e3o.<\/p>\n\n\n\n<p><\/p>\n","protected":false},"excerpt":{"rendered":"<p>da Ag\u00eancia iNFRA A CAE (Comiss\u00e3o de Assuntos Econ\u00f4micos) do Senado Federal aprovou, nesta ter\u00e7a-feira (28), PL (Projeto de Lei) que prev\u00ea a concess\u00e3o de cr\u00e9dito tribut\u00e1rio ou a quita\u00e7\u00e3o de multas administrativas como pagamento para execu\u00e7\u00e3o de obras e servi\u00e7os de engenharia de interesse p\u00fablico. O PL 14.133\/2021, de autoria do senador Cleitinho (Republicanos\/MG), [&hellip;]<\/p>\n","protected":false},"author":1,"featured_media":40242,"comment_status":"closed","ping_status":"closed","sticky":false,"template":"","format":"standard","meta":{"_monsterinsights_skip_tracking":false,"_monsterinsights_sitenote_active":false,"_monsterinsights_sitenote_note":"","_monsterinsights_sitenote_category":0,"footnotes":""},"categories":[7250],"tags":[705,34,627,706,4354],"class_list":["post-40238","post","type-post","status-publish","format-standard","has-post-thumbnail","hentry","category-destaque-lista","tag-cae","tag-infraestrutura","tag-obras-publicas","tag-projeto-de-lei","tag-senado-federal"],"yoast_head":"<!-- This site is optimized with the Yoast SEO Premium plugin v25.4 (Yoast SEO v26.0) - https:\/\/yoast.com\/wordpress\/plugins\/seo\/ -->\n<title>Senado aprova uso de cr\u00e9ditos tribut\u00e1rios para obras p\u00fablicas - Ag\u00eancia iNFRA<\/title>\n<meta name=\"robots\" content=\"index, follow, max-snippet:-1, max-image-preview:large, max-video-preview:-1\" \/>\n<link rel=\"canonical\" href=\"https:\/\/agenciainfra.com\/blog\/senado-aprova-uso-de-creditos-tributarios-para-obras-publicas\/\" \/>\n<meta property=\"og:locale\" content=\"pt_BR\" \/>\n<meta property=\"og:type\" content=\"article\" \/>\n<meta property=\"og:title\" content=\"Senado aprova uso de cr\u00e9ditos tribut\u00e1rios para obras p\u00fablicas\" \/>\n<meta property=\"og:description\" content=\"da Ag\u00eancia iNFRA A CAE (Comiss\u00e3o de Assuntos Econ\u00f4micos) do Senado Federal aprovou, nesta ter\u00e7a-feira (28), PL (Projeto de Lei) que prev\u00ea a concess\u00e3o de cr\u00e9dito tribut\u00e1rio ou a quita\u00e7\u00e3o de multas administrativas como pagamento para execu\u00e7\u00e3o de obras e servi\u00e7os de engenharia de interesse p\u00fablico. O PL 14.133\/2021, de autoria do senador Cleitinho (Republicanos\/MG), [&hellip;]\" \/>\n<meta property=\"og:url\" content=\"https:\/\/agenciainfra.com\/blog\/senado-aprova-uso-de-creditos-tributarios-para-obras-publicas\/\" \/>\n<meta property=\"og:site_name\" content=\"Ag\u00eancia iNFRA\" \/>\n<meta property=\"article:publisher\" content=\"https:\/\/www.facebook.com\/ageninfra\" \/>\n<meta property=\"article:published_time\" content=\"2026-04-28T17:17:19+00:00\" \/>\n<meta property=\"article:modified_time\" content=\"2026-04-28T17:17:21+00:00\" \/>\n<meta property=\"og:image\" content=\"https:\/\/agenciainfra.com\/blog\/wp-content\/uploads\/2026\/04\/CAE-reuniao-comissao-foto-Saulo-Cruz-AGENCIA-SENADO.jpg\" \/>\n\t<meta property=\"og:image:width\" content=\"1280\" \/>\n\t<meta property=\"og:image:height\" content=\"853\" \/>\n\t<meta property=\"og:image:type\" content=\"image\/jpeg\" \/>\n<meta name=\"author\" content=\"Ag\u00eancia iNFRA\" \/>\n<meta name=\"twitter:card\" content=\"summary_large_image\" \/>\n<meta name=\"twitter:creator\" content=\"@agencia_infra\" \/>\n<meta name=\"twitter:site\" content=\"@agencia_infra\" \/>\n<meta name=\"twitter:label1\" content=\"Escrito por\" \/>\n\t<meta name=\"twitter:data1\" content=\"Ag\u00eancia iNFRA\" \/>\n\t<meta name=\"twitter:label2\" content=\"Est. tempo de leitura\" \/>\n\t<meta name=\"twitter:data2\" content=\"1 minuto\" \/>\n<script type=\"application\/ld+json\" class=\"yoast-schema-graph\">{\"@context\":\"https:\/\/schema.org\",\"@graph\":[{\"@type\":\"Article\",\"@id\":\"https:\/\/agenciainfra.com\/blog\/senado-aprova-uso-de-creditos-tributarios-para-obras-publicas\/#article\",\"isPartOf\":{\"@id\":\"https:\/\/agenciainfra.com\/blog\/senado-aprova-uso-de-creditos-tributarios-para-obras-publicas\/\"},\"author\":{\"name\":\"Ag\u00eancia iNFRA\",\"@id\":\"https:\/\/agenciainfra.com\/blog\/#\/schema\/person\/34af08dff6adea4cb22b06612ba7acfa\"},\"headline\":\"Senado aprova uso de cr\u00e9ditos tribut\u00e1rios para obras p\u00fablicas\",\"datePublished\":\"2026-04-28T17:17:19+00:00\",\"dateModified\":\"2026-04-28T17:17:21+00:00\",\"mainEntityOfPage\":{\"@id\":\"https:\/\/agenciainfra.com\/blog\/senado-aprova-uso-de-creditos-tributarios-para-obras-publicas\/\"},\"wordCount\":285,\"publisher\":{\"@id\":\"https:\/\/agenciainfra.com\/blog\/#organization\"},\"image\":{\"@id\":\"https:\/\/agenciainfra.com\/blog\/senado-aprova-uso-de-creditos-tributarios-para-obras-publicas\/#primaryimage\"},\"thumbnailUrl\":\"https:\/\/agenciainfra.com\/blog\/wp-content\/uploads\/2026\/04\/CAE-reuniao-comissao-foto-Saulo-Cruz-AGENCIA-SENADO.jpg\",\"keywords\":[\"CAE\",\"Infraestrutura\",\"obras p\u00fablicas\",\"Projeto de Lei\",\"Senado Federal\"],\"articleSection\":[\"Destaque lista\"],\"inLanguage\":\"pt-BR\",\"copyrightYear\":\"2026\",\"copyrightHolder\":{\"@id\":\"https:\/\/agenciainfra.com\/blog\/#organization\"}},{\"@type\":\"WebPage\",\"@id\":\"https:\/\/agenciainfra.com\/blog\/senado-aprova-uso-de-creditos-tributarios-para-obras-publicas\/\",\"url\":\"https:\/\/agenciainfra.com\/blog\/senado-aprova-uso-de-creditos-tributarios-para-obras-publicas\/\",\"name\":\"Senado aprova uso de cr\u00e9ditos tribut\u00e1rios para obras p\u00fablicas - Ag\u00eancia iNFRA\",\"isPartOf\":{\"@id\":\"https:\/\/agenciainfra.com\/blog\/#website\"},\"primaryImageOfPage\":{\"@id\":\"https:\/\/agenciainfra.com\/blog\/senado-aprova-uso-de-creditos-tributarios-para-obras-publicas\/#primaryimage\"},\"image\":{\"@id\":\"https:\/\/agenciainfra.com\/blog\/senado-aprova-uso-de-creditos-tributarios-para-obras-publicas\/#primaryimage\"},\"thumbnailUrl\":\"https:\/\/agenciainfra.com\/blog\/wp-content\/uploads\/2026\/04\/CAE-reuniao-comissao-foto-Saulo-Cruz-AGENCIA-SENADO.jpg\",\"datePublished\":\"2026-04-28T17:17:19+00:00\",\"dateModified\":\"2026-04-28T17:17:21+00:00\",\"breadcrumb\":{\"@id\":\"https:\/\/agenciainfra.com\/blog\/senado-aprova-uso-de-creditos-tributarios-para-obras-publicas\/#breadcrumb\"},\"inLanguage\":\"pt-BR\",\"potentialAction\":[{\"@type\":\"ReadAction\",\"target\":[\"https:\/\/agenciainfra.com\/blog\/senado-aprova-uso-de-creditos-tributarios-para-obras-publicas\/\"]}]},{\"@type\":\"ImageObject\",\"inLanguage\":\"pt-BR\",\"@id\":\"https:\/\/agenciainfra.com\/blog\/senado-aprova-uso-de-creditos-tributarios-para-obras-publicas\/#primaryimage\",\"url\":\"https:\/\/agenciainfra.com\/blog\/wp-content\/uploads\/2026\/04\/CAE-reuniao-comissao-foto-Saulo-Cruz-AGENCIA-SENADO.jpg\",\"contentUrl\":\"https:\/\/agenciainfra.com\/blog\/wp-content\/uploads\/2026\/04\/CAE-reuniao-comissao-foto-Saulo-Cruz-AGENCIA-SENADO.jpg\",\"width\":1280,\"height\":853,\"caption\":\"Foto: Saulo Cruz\/Ag\u00eancia Senado\"},{\"@type\":\"BreadcrumbList\",\"@id\":\"https:\/\/agenciainfra.com\/blog\/senado-aprova-uso-de-creditos-tributarios-para-obras-publicas\/#breadcrumb\",\"itemListElement\":[{\"@type\":\"ListItem\",\"position\":1,\"name\":\"In\u00edcio\",\"item\":\"https:\/\/agenciainfra.com\/blog\/\"},{\"@type\":\"ListItem\",\"position\":2,\"name\":\"Senado aprova uso de cr\u00e9ditos tribut\u00e1rios para obras p\u00fablicas\"}]},{\"@type\":\"WebSite\",\"@id\":\"https:\/\/agenciainfra.com\/blog\/#website\",\"url\":\"https:\/\/agenciainfra.com\/blog\/\",\"name\":\"Ag\u00eancia iNFRA\",\"description\":\"Multiplataforma de informa\u00e7\u00e3o jornal\u00edstica refer\u00eancia na \u00e1rea de infraestrutura no Brasil!\",\"publisher\":{\"@id\":\"https:\/\/agenciainfra.com\/blog\/#organization\"},\"potentialAction\":[{\"@type\":\"SearchAction\",\"target\":{\"@type\":\"EntryPoint\",\"urlTemplate\":\"https:\/\/agenciainfra.com\/blog\/?s={search_term_string}\"},\"query-input\":{\"@type\":\"PropertyValueSpecification\",\"valueRequired\":true,\"valueName\":\"search_term_string\"}}],\"inLanguage\":\"pt-BR\"},{\"@type\":\"Organization\",\"@id\":\"https:\/\/agenciainfra.com\/blog\/#organization\",\"name\":\"Ag\u00eancia iNFRA\",\"url\":\"https:\/\/agenciainfra.com\/blog\/\",\"logo\":{\"@type\":\"ImageObject\",\"inLanguage\":\"pt-BR\",\"@id\":\"https:\/\/agenciainfra.com\/blog\/#\/schema\/logo\/image\/\",\"url\":\"https:\/\/agenciainfra.com\/blog\/wp-content\/uploads\/2023\/09\/iNFRA_5-e1761735885940.png\",\"contentUrl\":\"https:\/\/agenciainfra.com\/blog\/wp-content\/uploads\/2023\/09\/iNFRA_5-e1761735885940.png\",\"width\":1672,\"height\":454,\"caption\":\"Ag\u00eancia iNFRA\"},\"image\":{\"@id\":\"https:\/\/agenciainfra.com\/blog\/#\/schema\/logo\/image\/\"},\"sameAs\":[\"https:\/\/www.facebook.com\/ageninfra\",\"https:\/\/x.com\/agencia_infra\",\"https:\/\/www.linkedin.com\/company\/ag\u00eanciainfra\/\",\"https:\/\/www.instagram.com\/agenciainfra\/\"]},{\"@type\":\"Person\",\"@id\":\"https:\/\/agenciainfra.com\/blog\/#\/schema\/person\/34af08dff6adea4cb22b06612ba7acfa\",\"name\":\"Ag\u00eancia iNFRA\",\"image\":{\"@type\":\"ImageObject\",\"inLanguage\":\"pt-BR\",\"@id\":\"https:\/\/agenciainfra.com\/blog\/#\/schema\/person\/image\/\",\"url\":\"https:\/\/secure.gravatar.com\/avatar\/d189e01678f06d8eb84d4e01f08eb848b3fffe3f8443818d3c356c66892f5be8?s=96&d=mm&r=g\",\"contentUrl\":\"https:\/\/secure.gravatar.com\/avatar\/d189e01678f06d8eb84d4e01f08eb848b3fffe3f8443818d3c356c66892f5be8?s=96&d=mm&r=g\",\"caption\":\"Ag\u00eancia iNFRA\"},\"url\":\"https:\/\/agenciainfra.com\/blog\/author\/admin\/\"}]}<\/script>\n<!-- \/ Yoast SEO Premium plugin. -->","yoast_head_json":{"title":"Senado aprova uso de cr\u00e9ditos tribut\u00e1rios para obras p\u00fablicas - Ag\u00eancia iNFRA","robots":{"index":"index","follow":"follow","max-snippet":"max-snippet:-1","max-image-preview":"max-image-preview:large","max-video-preview":"max-video-preview:-1"},"canonical":"https:\/\/agenciainfra.com\/blog\/senado-aprova-uso-de-creditos-tributarios-para-obras-publicas\/","og_locale":"pt_BR","og_type":"article","og_title":"Senado aprova uso de cr\u00e9ditos tribut\u00e1rios para obras p\u00fablicas","og_description":"da Ag\u00eancia iNFRA A CAE (Comiss\u00e3o de Assuntos Econ\u00f4micos) do Senado Federal aprovou, nesta ter\u00e7a-feira (28), PL (Projeto de Lei) que prev\u00ea a concess\u00e3o de cr\u00e9dito tribut\u00e1rio ou a quita\u00e7\u00e3o de multas administrativas como pagamento para execu\u00e7\u00e3o de obras e servi\u00e7os de engenharia de interesse p\u00fablico. O PL 14.133\/2021, de autoria do senador Cleitinho (Republicanos\/MG), [&hellip;]","og_url":"https:\/\/agenciainfra.com\/blog\/senado-aprova-uso-de-creditos-tributarios-para-obras-publicas\/","og_site_name":"Ag\u00eancia iNFRA","article_publisher":"https:\/\/www.facebook.com\/ageninfra","article_published_time":"2026-04-28T17:17:19+00:00","article_modified_time":"2026-04-28T17:17:21+00:00","og_image":[{"width":1280,"height":853,"url":"https:\/\/agenciainfra.com\/blog\/wp-content\/uploads\/2026\/04\/CAE-reuniao-comissao-foto-Saulo-Cruz-AGENCIA-SENADO.jpg","type":"image\/jpeg"}],"author":"Ag\u00eancia iNFRA","twitter_card":"summary_large_image","twitter_creator":"@agencia_infra","twitter_site":"@agencia_infra","twitter_misc":{"Escrito por":"Ag\u00eancia iNFRA","Est. tempo de leitura":"1 minuto"},"schema":{"@context":"https:\/\/schema.org","@graph":[{"@type":"Article","@id":"https:\/\/agenciainfra.com\/blog\/senado-aprova-uso-de-creditos-tributarios-para-obras-publicas\/#article","isPartOf":{"@id":"https:\/\/agenciainfra.com\/blog\/senado-aprova-uso-de-creditos-tributarios-para-obras-publicas\/"},"author":{"name":"Ag\u00eancia iNFRA","@id":"https:\/\/agenciainfra.com\/blog\/#\/schema\/person\/34af08dff6adea4cb22b06612ba7acfa"},"headline":"Senado aprova uso de cr\u00e9ditos tribut\u00e1rios para obras p\u00fablicas","datePublished":"2026-04-28T17:17:19+00:00","dateModified":"2026-04-28T17:17:21+00:00","mainEntityOfPage":{"@id":"https:\/\/agenciainfra.com\/blog\/senado-aprova-uso-de-creditos-tributarios-para-obras-publicas\/"},"wordCount":285,"publisher":{"@id":"https:\/\/agenciainfra.com\/blog\/#organization"},"image":{"@id":"https:\/\/agenciainfra.com\/blog\/senado-aprova-uso-de-creditos-tributarios-para-obras-publicas\/#primaryimage"},"thumbnailUrl":"https:\/\/agenciainfra.com\/blog\/wp-content\/uploads\/2026\/04\/CAE-reuniao-comissao-foto-Saulo-Cruz-AGENCIA-SENADO.jpg","keywords":["CAE","Infraestrutura","obras p\u00fablicas","Projeto de Lei","Senado Federal"],"articleSection":["Destaque lista"],"inLanguage":"pt-BR","copyrightYear":"2026","copyrightHolder":{"@id":"https:\/\/agenciainfra.com\/blog\/#organization"}},{"@type":"WebPage","@id":"https:\/\/agenciainfra.com\/blog\/senado-aprova-uso-de-creditos-tributarios-para-obras-publicas\/","url":"https:\/\/agenciainfra.com\/blog\/senado-aprova-uso-de-creditos-tributarios-para-obras-publicas\/","name":"Senado aprova uso de cr\u00e9ditos tribut\u00e1rios para obras p\u00fablicas - Ag\u00eancia iNFRA","isPartOf":{"@id":"https:\/\/agenciainfra.com\/blog\/#website"},"primaryImageOfPage":{"@id":"https:\/\/agenciainfra.com\/blog\/senado-aprova-uso-de-creditos-tributarios-para-obras-publicas\/#primaryimage"},"image":{"@id":"https:\/\/agenciainfra.com\/blog\/senado-aprova-uso-de-creditos-tributarios-para-obras-publicas\/#primaryimage"},"thumbnailUrl":"https:\/\/agenciainfra.com\/blog\/wp-content\/uploads\/2026\/04\/CAE-reuniao-comissao-foto-Saulo-Cruz-AGENCIA-SENADO.jpg","datePublished":"2026-04-28T17:17:19+00:00","dateModified":"2026-04-28T17:17:21+00:00","breadcrumb":{"@id":"https:\/\/agenciainfra.com\/blog\/senado-aprova-uso-de-creditos-tributarios-para-obras-publicas\/#breadcrumb"},"inLanguage":"pt-BR","potentialAction":[{"@type":"ReadAction","target":["https:\/\/agenciainfra.com\/blog\/senado-aprova-uso-de-creditos-tributarios-para-obras-publicas\/"]}]},{"@type":"ImageObject","inLanguage":"pt-BR","@id":"https:\/\/agenciainfra.com\/blog\/senado-aprova-uso-de-creditos-tributarios-para-obras-publicas\/#primaryimage","url":"https:\/\/agenciainfra.com\/blog\/wp-content\/uploads\/2026\/04\/CAE-reuniao-comissao-foto-Saulo-Cruz-AGENCIA-SENADO.jpg","contentUrl":"https:\/\/agenciainfra.com\/blog\/wp-content\/uploads\/2026\/04\/CAE-reuniao-comissao-foto-Saulo-Cruz-AGENCIA-SENADO.jpg","width":1280,"height":853,"caption":"Foto: Saulo Cruz\/Ag\u00eancia Senado"},{"@type":"BreadcrumbList","@id":"https:\/\/agenciainfra.com\/blog\/senado-aprova-uso-de-creditos-tributarios-para-obras-publicas\/#breadcrumb","itemListElement":[{"@type":"ListItem","position":1,"name":"In\u00edcio","item":"https:\/\/agenciainfra.com\/blog\/"},{"@type":"ListItem","position":2,"name":"Senado aprova uso de cr\u00e9ditos tribut\u00e1rios para obras p\u00fablicas"}]},{"@type":"WebSite","@id":"https:\/\/agenciainfra.com\/blog\/#website","url":"https:\/\/agenciainfra.com\/blog\/","name":"Ag\u00eancia iNFRA","description":"Multiplataforma de informa\u00e7\u00e3o jornal\u00edstica refer\u00eancia na \u00e1rea de infraestrutura no Brasil!","publisher":{"@id":"https:\/\/agenciainfra.com\/blog\/#organization"},"potentialAction":[{"@type":"SearchAction","target":{"@type":"EntryPoint","urlTemplate":"https:\/\/agenciainfra.com\/blog\/?s={search_term_string}"},"query-input":{"@type":"PropertyValueSpecification","valueRequired":true,"valueName":"search_term_string"}}],"inLanguage":"pt-BR"},{"@type":"Organization","@id":"https:\/\/agenciainfra.com\/blog\/#organization","name":"Ag\u00eancia iNFRA","url":"https:\/\/agenciainfra.com\/blog\/","logo":{"@type":"ImageObject","inLanguage":"pt-BR","@id":"https:\/\/agenciainfra.com\/blog\/#\/schema\/logo\/image\/","url":"https:\/\/agenciainfra.com\/blog\/wp-content\/uploads\/2023\/09\/iNFRA_5-e1761735885940.png","contentUrl":"https:\/\/agenciainfra.com\/blog\/wp-content\/uploads\/2023\/09\/iNFRA_5-e1761735885940.png","width":1672,"height":454,"caption":"Ag\u00eancia iNFRA"},"image":{"@id":"https:\/\/agenciainfra.com\/blog\/#\/schema\/logo\/image\/"},"sameAs":["https:\/\/www.facebook.com\/ageninfra","https:\/\/x.com\/agencia_infra","https:\/\/www.linkedin.com\/company\/ag\u00eanciainfra\/","https:\/\/www.instagram.com\/agenciainfra\/"]},{"@type":"Person","@id":"https:\/\/agenciainfra.com\/blog\/#\/schema\/person\/34af08dff6adea4cb22b06612ba7acfa","name":"Ag\u00eancia iNFRA","image":{"@type":"ImageObject","inLanguage":"pt-BR","@id":"https:\/\/agenciainfra.com\/blog\/#\/schema\/person\/image\/","url":"https:\/\/secure.gravatar.com\/avatar\/d189e01678f06d8eb84d4e01f08eb848b3fffe3f8443818d3c356c66892f5be8?s=96&d=mm&r=g","contentUrl":"https:\/\/secure.gravatar.com\/avatar\/d189e01678f06d8eb84d4e01f08eb848b3fffe3f8443818d3c356c66892f5be8?s=96&d=mm&r=g","caption":"Ag\u00eancia iNFRA"},"url":"https:\/\/agenciainfra.com\/blog\/author\/admin\/"}]}},"_links":{"self":[{"href":"https:\/\/agenciainfra.com\/blog\/wp-json\/wp\/v2\/posts\/40238","targetHints":{"allow":["GET"]}}],"collection":[{"href":"https:\/\/agenciainfra.com\/blog\/wp-json\/wp\/v2\/posts"}],"about":[{"href":"https:\/\/agenciainfra.com\/blog\/wp-json\/wp\/v2\/types\/post"}],"author":[{"embeddable":true,"href":"https:\/\/agenciainfra.com\/blog\/wp-json\/wp\/v2\/users\/1"}],"replies":[{"embeddable":true,"href":"https:\/\/agenciainfra.com\/blog\/wp-json\/wp\/v2\/comments?post=40238"}],"version-history":[{"count":1,"href":"https:\/\/agenciainfra.com\/blog\/wp-json\/wp\/v2\/posts\/40238\/revisions"}],"predecessor-version":[{"id":40243,"href":"https:\/\/agenciainfra.com\/blog\/wp-json\/wp\/v2\/posts\/40238\/revisions\/40243"}],"wp:featuredmedia":[{"embeddable":true,"href":"https:\/\/agenciainfra.com\/blog\/wp-json\/wp\/v2\/media\/40242"}],"wp:attachment":[{"href":"https:\/\/agenciainfra.com\/blog\/wp-json\/wp\/v2\/media?parent=40238"}],"wp:term":[{"taxonomy":"category","embeddable":true,"href":"https:\/\/agenciainfra.com\/blog\/wp-json\/wp\/v2\/categories?post=40238"},{"taxonomy":"post_tag","embeddable":true,"href":"https:\/\/agenciainfra.com\/blog\/wp-json\/wp\/v2\/tags?post=40238"}],"curies":[{"name":"wp","href":"https:\/\/api.w.org\/{rel}","templated":true}]}}