{"id":40244,"date":"2026-04-28T14:46:01","date_gmt":"2026-04-28T17:46:01","guid":{"rendered":"https:\/\/agenciainfra.com\/blog\/?p=40244"},"modified":"2026-04-28T15:03:42","modified_gmt":"2026-04-28T18:03:42","slug":"lrcap-discussao-no-tcu-nao-impoe-risco-a-assinatura-dos-contratos-diz-origem","status":"publish","type":"post","link":"https:\/\/agenciainfra.com\/blog\/lrcap-discussao-no-tcu-nao-impoe-risco-a-assinatura-dos-contratos-diz-origem\/","title":{"rendered":"LRCAP: Debate no TCU n\u00e3o imp\u00f5e risco \u00e0 assinatura dos contratos, diz Origem"},"content":{"rendered":"\n<p class=\"has-text-align-right\"><strong>Lais Carregosa, da Ag\u00eancia iNFRA<\/strong><\/p>\n\n\n\n<p>A discuss\u00e3o no TCU (Tribunal de Contas da Uni\u00e3o) sobre eventuais irregularidades na realiza\u00e7\u00e3o do LRCAP (Leil\u00e3o de Reserva de Capacidade na forma de Pot\u00eancia) n\u00e3o imp\u00f5e riscos \u00e0 assinatura dos contratos, marcada para 21 de maio, avaliou o CEO da Origem Energia, Luiz Felipe Coutinho, nesta ter\u00e7a-feira (28). A empresa \u00e9 uma das vencedoras do certame, com sete usinas termel\u00e9tricas com in\u00edcio de suprimento a partir de 2028.<\/p>\n\n\n\n<p>\u201cEssa quest\u00e3o do TCU nos preocupa, para n\u00e3o dizer nada, muito perto de nada\u201d, afirmou \u00e0 imprensa ap\u00f3s participa\u00e7\u00e3o no evento \u201cgas week\u201d, promovido pelo Ag\u00eancia Eixos em Bras\u00edlia.<\/p>\n\n\n\n<p>De acordo com ele, a quest\u00e3o est\u00e1 \u201cpacificada\u201d, diante das manifesta\u00e7\u00f5es t\u00e9cnicas na ANEEL (Ag\u00eancia Nacional de Energia El\u00e9trica) e de alguns ministros do TCU. \u201cN\u00e3o sei avaliar a quest\u00e3o dos \u2018geradores de papel\u2019 que est\u00e1 sendo debatido no TCU, porque n\u00e3o somos \u2018geradores de papel\u2019\u201d, disse.<\/p>\n\n\n\n<p>Para o CEO da Origem, os \u201cgeradores de papel\u201d s\u00e3o \u201cuma outra quest\u00e3o a ser enfrentada, completamente desassociada do risco sist\u00eamico e da formaliza\u00e7\u00e3o do leil\u00e3o como um todo, que precisa ser definida nas regras de cadastro, nas regras do leil\u00e3o\u201d.<\/p>\n\n\n\n<p>A discuss\u00e3o sobre o LRCAP tem sido feita em algumas frentes no TCU: a defini\u00e7\u00e3o dos pre\u00e7os-teto e sua posterior revis\u00e3o pelo MME (Minist\u00e9rio de Minas e Energia); e os <a href=\"https:\/\/agenciainfra.com\/blog\/plenario-do-tcu-decide-investigar-geradoras-de-papel-no-lrcap\/\">\u201cgeradores de papel\u201d<\/a>, que contratam projetos no leil\u00e3o com a inten\u00e7\u00e3o de vend\u00ea-los posteriormente, conforme voto do ministro Bruno Dantas. Atualmente, a an\u00e1lise est\u00e1 em instru\u00e7\u00e3o t\u00e9cnica para ser levada novamente ao plen\u00e1rio da corte.<\/p>\n\n\n\n<p>J\u00e1 na ANEEL, o debate gira em torno de recursos apresentados pela \u00c2mbar Energia, do grupo J&amp;F, para anular e relicitar alguns dos produtos do certame. A Procuradoria Federal junto \u00e0 reguladora j\u00e1 se manifestou no sentido de rejeitar os recursos, cujo posicionamento foi <a href=\"https:\/\/agenciainfra.com\/blog\/diretor-da-aneel-vota-para-rejeitar-recurso-da-ambar-contra-lrcap\/\">seguido pelo relator<\/a>, diretor Willamy Frota. O tema est\u00e1 na pauta do circuito deliberativo desta ter\u00e7a (28).<\/p>\n","protected":false},"excerpt":{"rendered":"<p>Lais Carregosa, da Ag\u00eancia iNFRA A discuss\u00e3o no TCU (Tribunal de Contas da Uni\u00e3o) sobre eventuais irregularidades na realiza\u00e7\u00e3o do LRCAP (Leil\u00e3o de Reserva de Capacidade na forma de Pot\u00eancia) n\u00e3o imp\u00f5e riscos \u00e0 assinatura dos contratos, marcada para 21 de maio, avaliou o CEO da Origem Energia, Luiz Felipe Coutinho, nesta ter\u00e7a-feira (28). A [&hellip;]<\/p>\n","protected":false},"author":1,"featured_media":36048,"comment_status":"closed","ping_status":"closed","sticky":false,"template":"","format":"standard","meta":{"_monsterinsights_skip_tracking":false,"_monsterinsights_sitenote_active":false,"_monsterinsights_sitenote_note":"","_monsterinsights_sitenote_category":0,"footnotes":""},"categories":[7250],"tags":[53,13132,9822,14383,18],"class_list":["post-40244","post","type-post","status-publish","format-standard","has-post-thumbnail","hentry","category-destaque-lista","tag-aneel","tag-lais-carregosa","tag-lrcap","tag-origem-energia","tag-tcu"],"yoast_head":"<!-- This site is optimized with the Yoast SEO Premium plugin v25.4 (Yoast SEO v26.0) - https:\/\/yoast.com\/wordpress\/plugins\/seo\/ -->\n<title>LRCAP: Debate no TCU n\u00e3o imp\u00f5e risco \u00e0 assinatura dos contratos, diz Origem - Ag\u00eancia iNFRA<\/title>\n<meta name=\"robots\" content=\"index, follow, max-snippet:-1, max-image-preview:large, max-video-preview:-1\" \/>\n<link rel=\"canonical\" href=\"https:\/\/agenciainfra.com\/blog\/lrcap-discussao-no-tcu-nao-impoe-risco-a-assinatura-dos-contratos-diz-origem\/\" \/>\n<meta property=\"og:locale\" content=\"pt_BR\" \/>\n<meta property=\"og:type\" content=\"article\" \/>\n<meta property=\"og:title\" content=\"LRCAP: Debate no TCU n\u00e3o imp\u00f5e risco \u00e0 assinatura dos contratos, diz Origem\" \/>\n<meta property=\"og:description\" content=\"Lais Carregosa, da Ag\u00eancia iNFRA A discuss\u00e3o no TCU (Tribunal de Contas da Uni\u00e3o) sobre eventuais irregularidades na realiza\u00e7\u00e3o do LRCAP (Leil\u00e3o de Reserva de Capacidade na forma de Pot\u00eancia) n\u00e3o imp\u00f5e riscos \u00e0 assinatura dos contratos, marcada para 21 de maio, avaliou o CEO da Origem Energia, Luiz Felipe Coutinho, nesta ter\u00e7a-feira (28). A [&hellip;]\" \/>\n<meta property=\"og:url\" content=\"https:\/\/agenciainfra.com\/blog\/lrcap-discussao-no-tcu-nao-impoe-risco-a-assinatura-dos-contratos-diz-origem\/\" \/>\n<meta property=\"og:site_name\" content=\"Ag\u00eancia iNFRA\" \/>\n<meta property=\"article:publisher\" content=\"https:\/\/www.facebook.com\/ageninfra\" \/>\n<meta property=\"article:published_time\" content=\"2026-04-28T17:46:01+00:00\" \/>\n<meta property=\"article:modified_time\" content=\"2026-04-28T18:03:42+00:00\" \/>\n<meta property=\"og:image\" content=\"https:\/\/agenciainfra.com\/blog\/wp-content\/uploads\/2026\/02\/tcu-valter-campanato-agencia-brasil_-e1772634781418.jpg\" \/>\n\t<meta property=\"og:image:width\" content=\"1280\" \/>\n\t<meta property=\"og:image:height\" content=\"810\" \/>\n\t<meta property=\"og:image:type\" content=\"image\/jpeg\" \/>\n<meta name=\"author\" content=\"Ag\u00eancia iNFRA\" \/>\n<meta name=\"twitter:card\" content=\"summary_large_image\" \/>\n<meta name=\"twitter:creator\" content=\"@agencia_infra\" \/>\n<meta name=\"twitter:site\" content=\"@agencia_infra\" \/>\n<meta name=\"twitter:label1\" content=\"Escrito por\" \/>\n\t<meta name=\"twitter:data1\" content=\"Ag\u00eancia iNFRA\" \/>\n\t<meta name=\"twitter:label2\" content=\"Est. tempo de leitura\" \/>\n\t<meta name=\"twitter:data2\" content=\"2 minutos\" \/>\n<script type=\"application\/ld+json\" class=\"yoast-schema-graph\">{\"@context\":\"https:\/\/schema.org\",\"@graph\":[{\"@type\":\"Article\",\"@id\":\"https:\/\/agenciainfra.com\/blog\/lrcap-discussao-no-tcu-nao-impoe-risco-a-assinatura-dos-contratos-diz-origem\/#article\",\"isPartOf\":{\"@id\":\"https:\/\/agenciainfra.com\/blog\/lrcap-discussao-no-tcu-nao-impoe-risco-a-assinatura-dos-contratos-diz-origem\/\"},\"author\":{\"name\":\"Ag\u00eancia iNFRA\",\"@id\":\"https:\/\/agenciainfra.com\/blog\/#\/schema\/person\/34af08dff6adea4cb22b06612ba7acfa\"},\"headline\":\"LRCAP: Debate no TCU n\u00e3o imp\u00f5e risco \u00e0 assinatura dos contratos, diz Origem\",\"datePublished\":\"2026-04-28T17:46:01+00:00\",\"dateModified\":\"2026-04-28T18:03:42+00:00\",\"mainEntityOfPage\":{\"@id\":\"https:\/\/agenciainfra.com\/blog\/lrcap-discussao-no-tcu-nao-impoe-risco-a-assinatura-dos-contratos-diz-origem\/\"},\"wordCount\":369,\"publisher\":{\"@id\":\"https:\/\/agenciainfra.com\/blog\/#organization\"},\"image\":{\"@id\":\"https:\/\/agenciainfra.com\/blog\/lrcap-discussao-no-tcu-nao-impoe-risco-a-assinatura-dos-contratos-diz-origem\/#primaryimage\"},\"thumbnailUrl\":\"https:\/\/agenciainfra.com\/blog\/wp-content\/uploads\/2026\/02\/tcu-valter-campanato-agencia-brasil_-e1772634781418.jpg\",\"keywords\":[\"ANEEL\",\"Lais Carregosa\",\"LRCAP\",\"Origem Energia\",\"TCU\"],\"articleSection\":[\"Destaque lista\"],\"inLanguage\":\"pt-BR\",\"copyrightYear\":\"2026\",\"copyrightHolder\":{\"@id\":\"https:\/\/agenciainfra.com\/blog\/#organization\"}},{\"@type\":\"WebPage\",\"@id\":\"https:\/\/agenciainfra.com\/blog\/lrcap-discussao-no-tcu-nao-impoe-risco-a-assinatura-dos-contratos-diz-origem\/\",\"url\":\"https:\/\/agenciainfra.com\/blog\/lrcap-discussao-no-tcu-nao-impoe-risco-a-assinatura-dos-contratos-diz-origem\/\",\"name\":\"LRCAP: Debate no TCU n\u00e3o imp\u00f5e risco \u00e0 assinatura dos contratos, diz Origem - Ag\u00eancia iNFRA\",\"isPartOf\":{\"@id\":\"https:\/\/agenciainfra.com\/blog\/#website\"},\"primaryImageOfPage\":{\"@id\":\"https:\/\/agenciainfra.com\/blog\/lrcap-discussao-no-tcu-nao-impoe-risco-a-assinatura-dos-contratos-diz-origem\/#primaryimage\"},\"image\":{\"@id\":\"https:\/\/agenciainfra.com\/blog\/lrcap-discussao-no-tcu-nao-impoe-risco-a-assinatura-dos-contratos-diz-origem\/#primaryimage\"},\"thumbnailUrl\":\"https:\/\/agenciainfra.com\/blog\/wp-content\/uploads\/2026\/02\/tcu-valter-campanato-agencia-brasil_-e1772634781418.jpg\",\"datePublished\":\"2026-04-28T17:46:01+00:00\",\"dateModified\":\"2026-04-28T18:03:42+00:00\",\"breadcrumb\":{\"@id\":\"https:\/\/agenciainfra.com\/blog\/lrcap-discussao-no-tcu-nao-impoe-risco-a-assinatura-dos-contratos-diz-origem\/#breadcrumb\"},\"inLanguage\":\"pt-BR\",\"potentialAction\":[{\"@type\":\"ReadAction\",\"target\":[\"https:\/\/agenciainfra.com\/blog\/lrcap-discussao-no-tcu-nao-impoe-risco-a-assinatura-dos-contratos-diz-origem\/\"]}]},{\"@type\":\"ImageObject\",\"inLanguage\":\"pt-BR\",\"@id\":\"https:\/\/agenciainfra.com\/blog\/lrcap-discussao-no-tcu-nao-impoe-risco-a-assinatura-dos-contratos-diz-origem\/#primaryimage\",\"url\":\"https:\/\/agenciainfra.com\/blog\/wp-content\/uploads\/2026\/02\/tcu-valter-campanato-agencia-brasil_-e1772634781418.jpg\",\"contentUrl\":\"https:\/\/agenciainfra.com\/blog\/wp-content\/uploads\/2026\/02\/tcu-valter-campanato-agencia-brasil_-e1772634781418.jpg\",\"width\":1280,\"height\":810,\"caption\":\"Foto: Valter Campanato\/Ag\u00eancia Brasil\"},{\"@type\":\"BreadcrumbList\",\"@id\":\"https:\/\/agenciainfra.com\/blog\/lrcap-discussao-no-tcu-nao-impoe-risco-a-assinatura-dos-contratos-diz-origem\/#breadcrumb\",\"itemListElement\":[{\"@type\":\"ListItem\",\"position\":1,\"name\":\"In\u00edcio\",\"item\":\"https:\/\/agenciainfra.com\/blog\/\"},{\"@type\":\"ListItem\",\"position\":2,\"name\":\"LRCAP: Debate no TCU n\u00e3o imp\u00f5e risco \u00e0 assinatura dos contratos, diz Origem\"}]},{\"@type\":\"WebSite\",\"@id\":\"https:\/\/agenciainfra.com\/blog\/#website\",\"url\":\"https:\/\/agenciainfra.com\/blog\/\",\"name\":\"Ag\u00eancia iNFRA\",\"description\":\"Multiplataforma de informa\u00e7\u00e3o jornal\u00edstica refer\u00eancia na \u00e1rea de infraestrutura no Brasil!\",\"publisher\":{\"@id\":\"https:\/\/agenciainfra.com\/blog\/#organization\"},\"potentialAction\":[{\"@type\":\"SearchAction\",\"target\":{\"@type\":\"EntryPoint\",\"urlTemplate\":\"https:\/\/agenciainfra.com\/blog\/?s={search_term_string}\"},\"query-input\":{\"@type\":\"PropertyValueSpecification\",\"valueRequired\":true,\"valueName\":\"search_term_string\"}}],\"inLanguage\":\"pt-BR\"},{\"@type\":\"Organization\",\"@id\":\"https:\/\/agenciainfra.com\/blog\/#organization\",\"name\":\"Ag\u00eancia iNFRA\",\"url\":\"https:\/\/agenciainfra.com\/blog\/\",\"logo\":{\"@type\":\"ImageObject\",\"inLanguage\":\"pt-BR\",\"@id\":\"https:\/\/agenciainfra.com\/blog\/#\/schema\/logo\/image\/\",\"url\":\"https:\/\/agenciainfra.com\/blog\/wp-content\/uploads\/2023\/09\/iNFRA_5-e1761735885940.png\",\"contentUrl\":\"https:\/\/agenciainfra.com\/blog\/wp-content\/uploads\/2023\/09\/iNFRA_5-e1761735885940.png\",\"width\":1672,\"height\":454,\"caption\":\"Ag\u00eancia iNFRA\"},\"image\":{\"@id\":\"https:\/\/agenciainfra.com\/blog\/#\/schema\/logo\/image\/\"},\"sameAs\":[\"https:\/\/www.facebook.com\/ageninfra\",\"https:\/\/x.com\/agencia_infra\",\"https:\/\/www.linkedin.com\/company\/ag\u00eanciainfra\/\",\"https:\/\/www.instagram.com\/agenciainfra\/\"]},{\"@type\":\"Person\",\"@id\":\"https:\/\/agenciainfra.com\/blog\/#\/schema\/person\/34af08dff6adea4cb22b06612ba7acfa\",\"name\":\"Ag\u00eancia iNFRA\",\"image\":{\"@type\":\"ImageObject\",\"inLanguage\":\"pt-BR\",\"@id\":\"https:\/\/agenciainfra.com\/blog\/#\/schema\/person\/image\/\",\"url\":\"https:\/\/secure.gravatar.com\/avatar\/d189e01678f06d8eb84d4e01f08eb848b3fffe3f8443818d3c356c66892f5be8?s=96&d=mm&r=g\",\"contentUrl\":\"https:\/\/secure.gravatar.com\/avatar\/d189e01678f06d8eb84d4e01f08eb848b3fffe3f8443818d3c356c66892f5be8?s=96&d=mm&r=g\",\"caption\":\"Ag\u00eancia iNFRA\"},\"url\":\"https:\/\/agenciainfra.com\/blog\/author\/admin\/\"}]}<\/script>\n<!-- \/ Yoast SEO Premium plugin. -->","yoast_head_json":{"title":"LRCAP: Debate no TCU n\u00e3o imp\u00f5e risco \u00e0 assinatura dos contratos, diz Origem - Ag\u00eancia iNFRA","robots":{"index":"index","follow":"follow","max-snippet":"max-snippet:-1","max-image-preview":"max-image-preview:large","max-video-preview":"max-video-preview:-1"},"canonical":"https:\/\/agenciainfra.com\/blog\/lrcap-discussao-no-tcu-nao-impoe-risco-a-assinatura-dos-contratos-diz-origem\/","og_locale":"pt_BR","og_type":"article","og_title":"LRCAP: Debate no TCU n\u00e3o imp\u00f5e risco \u00e0 assinatura dos contratos, diz Origem","og_description":"Lais Carregosa, da Ag\u00eancia iNFRA A discuss\u00e3o no TCU (Tribunal de Contas da Uni\u00e3o) sobre eventuais irregularidades na realiza\u00e7\u00e3o do LRCAP (Leil\u00e3o de Reserva de Capacidade na forma de Pot\u00eancia) n\u00e3o imp\u00f5e riscos \u00e0 assinatura dos contratos, marcada para 21 de maio, avaliou o CEO da Origem Energia, Luiz Felipe Coutinho, nesta ter\u00e7a-feira (28). A [&hellip;]","og_url":"https:\/\/agenciainfra.com\/blog\/lrcap-discussao-no-tcu-nao-impoe-risco-a-assinatura-dos-contratos-diz-origem\/","og_site_name":"Ag\u00eancia iNFRA","article_publisher":"https:\/\/www.facebook.com\/ageninfra","article_published_time":"2026-04-28T17:46:01+00:00","article_modified_time":"2026-04-28T18:03:42+00:00","og_image":[{"width":1280,"height":810,"url":"https:\/\/agenciainfra.com\/blog\/wp-content\/uploads\/2026\/02\/tcu-valter-campanato-agencia-brasil_-e1772634781418.jpg","type":"image\/jpeg"}],"author":"Ag\u00eancia iNFRA","twitter_card":"summary_large_image","twitter_creator":"@agencia_infra","twitter_site":"@agencia_infra","twitter_misc":{"Escrito por":"Ag\u00eancia iNFRA","Est. tempo de leitura":"2 minutos"},"schema":{"@context":"https:\/\/schema.org","@graph":[{"@type":"Article","@id":"https:\/\/agenciainfra.com\/blog\/lrcap-discussao-no-tcu-nao-impoe-risco-a-assinatura-dos-contratos-diz-origem\/#article","isPartOf":{"@id":"https:\/\/agenciainfra.com\/blog\/lrcap-discussao-no-tcu-nao-impoe-risco-a-assinatura-dos-contratos-diz-origem\/"},"author":{"name":"Ag\u00eancia iNFRA","@id":"https:\/\/agenciainfra.com\/blog\/#\/schema\/person\/34af08dff6adea4cb22b06612ba7acfa"},"headline":"LRCAP: Debate no TCU n\u00e3o imp\u00f5e risco \u00e0 assinatura dos contratos, diz Origem","datePublished":"2026-04-28T17:46:01+00:00","dateModified":"2026-04-28T18:03:42+00:00","mainEntityOfPage":{"@id":"https:\/\/agenciainfra.com\/blog\/lrcap-discussao-no-tcu-nao-impoe-risco-a-assinatura-dos-contratos-diz-origem\/"},"wordCount":369,"publisher":{"@id":"https:\/\/agenciainfra.com\/blog\/#organization"},"image":{"@id":"https:\/\/agenciainfra.com\/blog\/lrcap-discussao-no-tcu-nao-impoe-risco-a-assinatura-dos-contratos-diz-origem\/#primaryimage"},"thumbnailUrl":"https:\/\/agenciainfra.com\/blog\/wp-content\/uploads\/2026\/02\/tcu-valter-campanato-agencia-brasil_-e1772634781418.jpg","keywords":["ANEEL","Lais Carregosa","LRCAP","Origem Energia","TCU"],"articleSection":["Destaque lista"],"inLanguage":"pt-BR","copyrightYear":"2026","copyrightHolder":{"@id":"https:\/\/agenciainfra.com\/blog\/#organization"}},{"@type":"WebPage","@id":"https:\/\/agenciainfra.com\/blog\/lrcap-discussao-no-tcu-nao-impoe-risco-a-assinatura-dos-contratos-diz-origem\/","url":"https:\/\/agenciainfra.com\/blog\/lrcap-discussao-no-tcu-nao-impoe-risco-a-assinatura-dos-contratos-diz-origem\/","name":"LRCAP: Debate no TCU n\u00e3o imp\u00f5e risco \u00e0 assinatura dos contratos, diz Origem - Ag\u00eancia iNFRA","isPartOf":{"@id":"https:\/\/agenciainfra.com\/blog\/#website"},"primaryImageOfPage":{"@id":"https:\/\/agenciainfra.com\/blog\/lrcap-discussao-no-tcu-nao-impoe-risco-a-assinatura-dos-contratos-diz-origem\/#primaryimage"},"image":{"@id":"https:\/\/agenciainfra.com\/blog\/lrcap-discussao-no-tcu-nao-impoe-risco-a-assinatura-dos-contratos-diz-origem\/#primaryimage"},"thumbnailUrl":"https:\/\/agenciainfra.com\/blog\/wp-content\/uploads\/2026\/02\/tcu-valter-campanato-agencia-brasil_-e1772634781418.jpg","datePublished":"2026-04-28T17:46:01+00:00","dateModified":"2026-04-28T18:03:42+00:00","breadcrumb":{"@id":"https:\/\/agenciainfra.com\/blog\/lrcap-discussao-no-tcu-nao-impoe-risco-a-assinatura-dos-contratos-diz-origem\/#breadcrumb"},"inLanguage":"pt-BR","potentialAction":[{"@type":"ReadAction","target":["https:\/\/agenciainfra.com\/blog\/lrcap-discussao-no-tcu-nao-impoe-risco-a-assinatura-dos-contratos-diz-origem\/"]}]},{"@type":"ImageObject","inLanguage":"pt-BR","@id":"https:\/\/agenciainfra.com\/blog\/lrcap-discussao-no-tcu-nao-impoe-risco-a-assinatura-dos-contratos-diz-origem\/#primaryimage","url":"https:\/\/agenciainfra.com\/blog\/wp-content\/uploads\/2026\/02\/tcu-valter-campanato-agencia-brasil_-e1772634781418.jpg","contentUrl":"https:\/\/agenciainfra.com\/blog\/wp-content\/uploads\/2026\/02\/tcu-valter-campanato-agencia-brasil_-e1772634781418.jpg","width":1280,"height":810,"caption":"Foto: Valter Campanato\/Ag\u00eancia Brasil"},{"@type":"BreadcrumbList","@id":"https:\/\/agenciainfra.com\/blog\/lrcap-discussao-no-tcu-nao-impoe-risco-a-assinatura-dos-contratos-diz-origem\/#breadcrumb","itemListElement":[{"@type":"ListItem","position":1,"name":"In\u00edcio","item":"https:\/\/agenciainfra.com\/blog\/"},{"@type":"ListItem","position":2,"name":"LRCAP: Debate no TCU n\u00e3o imp\u00f5e risco \u00e0 assinatura dos contratos, diz Origem"}]},{"@type":"WebSite","@id":"https:\/\/agenciainfra.com\/blog\/#website","url":"https:\/\/agenciainfra.com\/blog\/","name":"Ag\u00eancia iNFRA","description":"Multiplataforma de informa\u00e7\u00e3o jornal\u00edstica refer\u00eancia na \u00e1rea de infraestrutura no Brasil!","publisher":{"@id":"https:\/\/agenciainfra.com\/blog\/#organization"},"potentialAction":[{"@type":"SearchAction","target":{"@type":"EntryPoint","urlTemplate":"https:\/\/agenciainfra.com\/blog\/?s={search_term_string}"},"query-input":{"@type":"PropertyValueSpecification","valueRequired":true,"valueName":"search_term_string"}}],"inLanguage":"pt-BR"},{"@type":"Organization","@id":"https:\/\/agenciainfra.com\/blog\/#organization","name":"Ag\u00eancia iNFRA","url":"https:\/\/agenciainfra.com\/blog\/","logo":{"@type":"ImageObject","inLanguage":"pt-BR","@id":"https:\/\/agenciainfra.com\/blog\/#\/schema\/logo\/image\/","url":"https:\/\/agenciainfra.com\/blog\/wp-content\/uploads\/2023\/09\/iNFRA_5-e1761735885940.png","contentUrl":"https:\/\/agenciainfra.com\/blog\/wp-content\/uploads\/2023\/09\/iNFRA_5-e1761735885940.png","width":1672,"height":454,"caption":"Ag\u00eancia iNFRA"},"image":{"@id":"https:\/\/agenciainfra.com\/blog\/#\/schema\/logo\/image\/"},"sameAs":["https:\/\/www.facebook.com\/ageninfra","https:\/\/x.com\/agencia_infra","https:\/\/www.linkedin.com\/company\/ag\u00eanciainfra\/","https:\/\/www.instagram.com\/agenciainfra\/"]},{"@type":"Person","@id":"https:\/\/agenciainfra.com\/blog\/#\/schema\/person\/34af08dff6adea4cb22b06612ba7acfa","name":"Ag\u00eancia iNFRA","image":{"@type":"ImageObject","inLanguage":"pt-BR","@id":"https:\/\/agenciainfra.com\/blog\/#\/schema\/person\/image\/","url":"https:\/\/secure.gravatar.com\/avatar\/d189e01678f06d8eb84d4e01f08eb848b3fffe3f8443818d3c356c66892f5be8?s=96&d=mm&r=g","contentUrl":"https:\/\/secure.gravatar.com\/avatar\/d189e01678f06d8eb84d4e01f08eb848b3fffe3f8443818d3c356c66892f5be8?s=96&d=mm&r=g","caption":"Ag\u00eancia iNFRA"},"url":"https:\/\/agenciainfra.com\/blog\/author\/admin\/"}]}},"_links":{"self":[{"href":"https:\/\/agenciainfra.com\/blog\/wp-json\/wp\/v2\/posts\/40244","targetHints":{"allow":["GET"]}}],"collection":[{"href":"https:\/\/agenciainfra.com\/blog\/wp-json\/wp\/v2\/posts"}],"about":[{"href":"https:\/\/agenciainfra.com\/blog\/wp-json\/wp\/v2\/types\/post"}],"author":[{"embeddable":true,"href":"https:\/\/agenciainfra.com\/blog\/wp-json\/wp\/v2\/users\/1"}],"replies":[{"embeddable":true,"href":"https:\/\/agenciainfra.com\/blog\/wp-json\/wp\/v2\/comments?post=40244"}],"version-history":[{"count":3,"href":"https:\/\/agenciainfra.com\/blog\/wp-json\/wp\/v2\/posts\/40244\/revisions"}],"predecessor-version":[{"id":40247,"href":"https:\/\/agenciainfra.com\/blog\/wp-json\/wp\/v2\/posts\/40244\/revisions\/40247"}],"wp:featuredmedia":[{"embeddable":true,"href":"https:\/\/agenciainfra.com\/blog\/wp-json\/wp\/v2\/media\/36048"}],"wp:attachment":[{"href":"https:\/\/agenciainfra.com\/blog\/wp-json\/wp\/v2\/media?parent=40244"}],"wp:term":[{"taxonomy":"category","embeddable":true,"href":"https:\/\/agenciainfra.com\/blog\/wp-json\/wp\/v2\/categories?post=40244"},{"taxonomy":"post_tag","embeddable":true,"href":"https:\/\/agenciainfra.com\/blog\/wp-json\/wp\/v2\/tags?post=40244"}],"curies":[{"name":"wp","href":"https:\/\/api.w.org\/{rel}","templated":true}]}}