{"id":4026,"date":"2019-11-15T08:00:14","date_gmt":"2019-11-15T11:00:14","guid":{"rendered":"http:\/\/www.agenciainfra.com\/blog\/?p=4026"},"modified":"2019-11-14T11:13:27","modified_gmt":"2019-11-14T14:13:27","slug":"empresas-estao-menos-otimistas-com-investimentos-em-infraestrutura-diz-sondagem-da-abdib","status":"publish","type":"post","link":"https:\/\/agenciainfra.com\/blog\/empresas-estao-menos-otimistas-com-investimentos-em-infraestrutura-diz-sondagem-da-abdib\/","title":{"rendered":"Empresas est\u00e3o menos otimistas com investimentos em infraestrutura, diz sondagem da Abdib"},"content":{"rendered":"<h5 style=\"text-align: right;\"><strong>Dimmi Amora,\u00a0da Ag\u00eancia iNFRA<\/strong><\/h5>\n<p>A sondagem Bar\u00f4metro da Infraestrutura Brasileira, realizada pela Abidb (Associa\u00e7\u00e3o Brasileira da Infraestrutura e Ind\u00fastrias de Base) e pela consultoria EY, aponta um menor otimismo dos agentes do setor privado em rela\u00e7\u00e3o ao crescimento do pa\u00eds e aos investimentos no setor de infraestrutura no segundo semestre de 2019 em rela\u00e7\u00e3o ao primeiro.<\/p>\n<p>O levantamento \u00e9 feito com 234 pesquisados e aponta que 48% avaliam um cen\u00e1rio favor\u00e1vel para a promo\u00e7\u00e3o dos investimentos no pa\u00eds nos pr\u00f3ximos seis meses. No primeiro semestre, o levantamento encontrou 53% de respostas positivas. O n\u00famero que cresceu foi de respostas mostrando um cen\u00e1rio desfavor\u00e1vel, de 18% para 24%. O cen\u00e1rio neutro ficou praticamente est\u00e1vel.<\/p>\n<p>Esse n\u00famero \u00e9 um dos que mostram uma piora geral nas expectativas do setor em rela\u00e7\u00e3o \u00e0 primeira pesquisa desse tipo, que foi realizada no in\u00edcio deste ano. Os agentes do setor falam em piora nas expectativas de crescimento do pa\u00eds e tamb\u00e9m na de contrata\u00e7\u00e3o de pessoal.<\/p>\n<p><strong>Energia perde a lideran\u00e7a<\/strong><br \/>\nHouve uma mudan\u00e7a no levantamento em rela\u00e7\u00e3o \u00e0s \u00e1reas com maiores perspectivas de investimentos para o pr\u00f3ximo ano. No primeiro semestre, a energia el\u00e9trica liderava o levantamento seguida de aeroportos e saneamento b\u00e1sico.<\/p>\n<p>No levantamento realizado em setembro, o saneamento apareceu em primeiro, seguido da energia el\u00e9trica e depois o g\u00e1s natural. No caso da energia el\u00e9trica, a queda na perspectiva de investimentos nos pr\u00f3ximos seis meses foi de 10 pontos percentuais.<\/p>\n<p><strong>Nova concess\u00f5es<\/strong><br \/>\nUma outra mudan\u00e7a de percep\u00e7\u00e3o foi em rela\u00e7\u00e3o \u00e0 expectativa por novas concess\u00f5es e PPPs (parcerias p\u00fablico-privadas) para os pr\u00f3ximos seis meses. A perspectiva de realiza\u00e7\u00e3o de investimentos pelo governo federal est\u00e1 4 pontos percentuais menor que no in\u00edcio do ano. J\u00e1 quanto a estados, essa expectativa subiu cinco pontos.<\/p>\n<p>No entanto, as avalia\u00e7\u00f5es sobre o esfor\u00e7o de equipes de cada tipo de ente p\u00fablico e aproveitamento do potencial desse tipo de parceria melhorou em rela\u00e7\u00e3o ao governo federal, mas est\u00e1 pior em rela\u00e7\u00e3o a estados e munic\u00edpios.<\/p>\n<p>O levantamento mostrou pouca mudan\u00e7a em rela\u00e7\u00e3o \u00e0 percep\u00e7\u00e3o de risco jur\u00eddico e de qualidade da atua\u00e7\u00e3o dos \u00f3rg\u00e3os de controle, ambos mal avaliados no levantamento.<\/p>\n<p>Sobre a avalia\u00e7\u00e3o do atual governo\u00a0na crise ambiental recente, a\u00a0grande maioria respondeu que o problema \u00e9 grave e que o governo demorou e deu resposta inadequada. O levantamento completo pode ser acessado neste\u00a0<a href=\"https:\/\/agenciainfra.us14.list-manage.com\/track\/click?u=d460dd1bcf9ba0ae040e1fc0f&amp;id=73e42cd206&amp;e=c099169394\" target=\"_blank\" rel=\"noopener noreferrer\" data-saferedirecturl=\"https:\/\/www.google.com\/url?q=https:\/\/agenciainfra.us14.list-manage.com\/track\/click?u%3Dd460dd1bcf9ba0ae040e1fc0f%26id%3D73e42cd206%26e%3Dc099169394&amp;source=gmail&amp;ust=1573826304012000&amp;usg=AFQjCNFPXU4tcIRv7gvAfSVWVePDLkpn0g\">link<\/a>.<\/p>\n","protected":false},"excerpt":{"rendered":"<p>Dimmi Amora,\u00a0da Ag\u00eancia iNFRA A sondagem Bar\u00f4metro da Infraestrutura Brasileira, realizada pela Abidb (Associa\u00e7\u00e3o Brasileira da Infraestrutura e Ind\u00fastrias de Base) e pela consultoria EY, aponta um menor otimismo dos agentes do setor privado em rela\u00e7\u00e3o ao crescimento do pa\u00eds e aos investimentos no setor de infraestrutura no segundo semestre de 2019 em rela\u00e7\u00e3o ao [&hellip;]<\/p>\n","protected":false},"author":9,"featured_media":4027,"comment_status":"closed","ping_status":"closed","sticky":false,"template":"","format":"standard","meta":{"_monsterinsights_skip_tracking":false,"_monsterinsights_sitenote_active":false,"_monsterinsights_sitenote_note":"","_monsterinsights_sitenote_category":0,"footnotes":""},"categories":[7],"tags":[35,107,1456,282,34,1315,73],"class_list":["post-4026","post","type-post","status-publish","format-standard","has-post-thumbnail","hentry","category-infratransporte","tag-abdib","tag-aeroportos","tag-barometro-da-infraestrutura-brasileira","tag-energia-eletrica","tag-infraestrutura","tag-parcerias-publico-privadas","tag-saneamento-basico"],"yoast_head":"<!-- This site is optimized with the Yoast SEO Premium plugin v25.4 (Yoast SEO v26.0) - https:\/\/yoast.com\/wordpress\/plugins\/seo\/ -->\n<title>Empresas est\u00e3o menos otimistas com investimentos em infraestrutura, diz sondagem da Abdib - Ag\u00eancia iNFRA<\/title>\n<meta name=\"robots\" content=\"index, follow, max-snippet:-1, max-image-preview:large, max-video-preview:-1\" \/>\n<link rel=\"canonical\" href=\"https:\/\/agenciainfra.com\/blog\/empresas-estao-menos-otimistas-com-investimentos-em-infraestrutura-diz-sondagem-da-abdib\/\" \/>\n<meta property=\"og:locale\" content=\"pt_BR\" \/>\n<meta property=\"og:type\" content=\"article\" \/>\n<meta property=\"og:title\" content=\"Empresas est\u00e3o menos otimistas com investimentos em infraestrutura, diz sondagem da Abdib\" \/>\n<meta property=\"og:description\" content=\"Dimmi Amora,\u00a0da Ag\u00eancia iNFRA A sondagem Bar\u00f4metro da Infraestrutura Brasileira, realizada pela Abidb (Associa\u00e7\u00e3o Brasileira da Infraestrutura e Ind\u00fastrias de Base) e pela consultoria EY, aponta um menor otimismo dos agentes do setor privado em rela\u00e7\u00e3o ao crescimento do pa\u00eds e aos investimentos no setor de infraestrutura no segundo semestre de 2019 em rela\u00e7\u00e3o ao [&hellip;]\" \/>\n<meta property=\"og:url\" content=\"https:\/\/agenciainfra.com\/blog\/empresas-estao-menos-otimistas-com-investimentos-em-infraestrutura-diz-sondagem-da-abdib\/\" \/>\n<meta property=\"og:site_name\" content=\"Ag\u00eancia iNFRA\" \/>\n<meta property=\"article:publisher\" content=\"https:\/\/www.facebook.com\/ageninfra\" \/>\n<meta property=\"article:published_time\" content=\"2019-11-15T11:00:14+00:00\" \/>\n<meta property=\"og:image\" content=\"https:\/\/agenciainfra.com\/blog\/wp-content\/uploads\/2019\/11\/infraestrutura-obras-dominio-publico.jpg\" \/>\n\t<meta property=\"og:image:width\" content=\"1200\" \/>\n\t<meta property=\"og:image:height\" content=\"900\" \/>\n\t<meta property=\"og:image:type\" content=\"image\/jpeg\" \/>\n<meta name=\"author\" content=\"Rodrigo Zuquim\" \/>\n<meta name=\"twitter:card\" content=\"summary_large_image\" \/>\n<meta name=\"twitter:creator\" content=\"@agencia_infra\" \/>\n<meta name=\"twitter:site\" content=\"@agencia_infra\" \/>\n<meta name=\"twitter:label1\" content=\"Escrito por\" \/>\n\t<meta name=\"twitter:data1\" content=\"Rodrigo Zuquim\" \/>\n\t<meta name=\"twitter:label2\" content=\"Est. tempo de leitura\" \/>\n\t<meta name=\"twitter:data2\" content=\"2 minutos\" \/>\n<script type=\"application\/ld+json\" class=\"yoast-schema-graph\">{\"@context\":\"https:\/\/schema.org\",\"@graph\":[{\"@type\":\"Article\",\"@id\":\"https:\/\/agenciainfra.com\/blog\/empresas-estao-menos-otimistas-com-investimentos-em-infraestrutura-diz-sondagem-da-abdib\/#article\",\"isPartOf\":{\"@id\":\"https:\/\/agenciainfra.com\/blog\/empresas-estao-menos-otimistas-com-investimentos-em-infraestrutura-diz-sondagem-da-abdib\/\"},\"author\":{\"name\":\"Rodrigo Zuquim\",\"@id\":\"https:\/\/agenciainfra.com\/blog\/#\/schema\/person\/04dbb79bd6d8951f063da71f3e4c1eb1\"},\"headline\":\"Empresas est\u00e3o menos otimistas com investimentos em infraestrutura, diz sondagem da Abdib\",\"datePublished\":\"2019-11-15T11:00:14+00:00\",\"mainEntityOfPage\":{\"@id\":\"https:\/\/agenciainfra.com\/blog\/empresas-estao-menos-otimistas-com-investimentos-em-infraestrutura-diz-sondagem-da-abdib\/\"},\"wordCount\":444,\"publisher\":{\"@id\":\"https:\/\/agenciainfra.com\/blog\/#organization\"},\"image\":{\"@id\":\"https:\/\/agenciainfra.com\/blog\/empresas-estao-menos-otimistas-com-investimentos-em-infraestrutura-diz-sondagem-da-abdib\/#primaryimage\"},\"thumbnailUrl\":\"https:\/\/agenciainfra.com\/blog\/wp-content\/uploads\/2019\/11\/infraestrutura-obras-dominio-publico.jpg\",\"keywords\":[\"ABDIB\",\"aeroportos\",\"Bar\u00f4metro da Infraestrutura Brasileira\",\"energia el\u00e9trica\",\"Infraestrutura\",\"parcerias p\u00fablico-privadas\",\"Saneamento B\u00e1sico\"],\"articleSection\":[\"iNFRATransporte\"],\"inLanguage\":\"pt-BR\",\"copyrightYear\":\"2019\",\"copyrightHolder\":{\"@id\":\"https:\/\/agenciainfra.com\/blog\/#organization\"}},{\"@type\":\"WebPage\",\"@id\":\"https:\/\/agenciainfra.com\/blog\/empresas-estao-menos-otimistas-com-investimentos-em-infraestrutura-diz-sondagem-da-abdib\/\",\"url\":\"https:\/\/agenciainfra.com\/blog\/empresas-estao-menos-otimistas-com-investimentos-em-infraestrutura-diz-sondagem-da-abdib\/\",\"name\":\"Empresas est\u00e3o menos otimistas com investimentos em infraestrutura, diz sondagem da Abdib - Ag\u00eancia iNFRA\",\"isPartOf\":{\"@id\":\"https:\/\/agenciainfra.com\/blog\/#website\"},\"primaryImageOfPage\":{\"@id\":\"https:\/\/agenciainfra.com\/blog\/empresas-estao-menos-otimistas-com-investimentos-em-infraestrutura-diz-sondagem-da-abdib\/#primaryimage\"},\"image\":{\"@id\":\"https:\/\/agenciainfra.com\/blog\/empresas-estao-menos-otimistas-com-investimentos-em-infraestrutura-diz-sondagem-da-abdib\/#primaryimage\"},\"thumbnailUrl\":\"https:\/\/agenciainfra.com\/blog\/wp-content\/uploads\/2019\/11\/infraestrutura-obras-dominio-publico.jpg\",\"datePublished\":\"2019-11-15T11:00:14+00:00\",\"breadcrumb\":{\"@id\":\"https:\/\/agenciainfra.com\/blog\/empresas-estao-menos-otimistas-com-investimentos-em-infraestrutura-diz-sondagem-da-abdib\/#breadcrumb\"},\"inLanguage\":\"pt-BR\",\"potentialAction\":[{\"@type\":\"ReadAction\",\"target\":[\"https:\/\/agenciainfra.com\/blog\/empresas-estao-menos-otimistas-com-investimentos-em-infraestrutura-diz-sondagem-da-abdib\/\"]}]},{\"@type\":\"ImageObject\",\"inLanguage\":\"pt-BR\",\"@id\":\"https:\/\/agenciainfra.com\/blog\/empresas-estao-menos-otimistas-com-investimentos-em-infraestrutura-diz-sondagem-da-abdib\/#primaryimage\",\"url\":\"https:\/\/agenciainfra.com\/blog\/wp-content\/uploads\/2019\/11\/infraestrutura-obras-dominio-publico.jpg\",\"contentUrl\":\"https:\/\/agenciainfra.com\/blog\/wp-content\/uploads\/2019\/11\/infraestrutura-obras-dominio-publico.jpg\",\"width\":1200,\"height\":900,\"caption\":\"Foto: Dom\u00ednio p\u00fablico\"},{\"@type\":\"BreadcrumbList\",\"@id\":\"https:\/\/agenciainfra.com\/blog\/empresas-estao-menos-otimistas-com-investimentos-em-infraestrutura-diz-sondagem-da-abdib\/#breadcrumb\",\"itemListElement\":[{\"@type\":\"ListItem\",\"position\":1,\"name\":\"In\u00edcio\",\"item\":\"https:\/\/agenciainfra.com\/blog\/\"},{\"@type\":\"ListItem\",\"position\":2,\"name\":\"Empresas est\u00e3o menos otimistas com investimentos em infraestrutura, diz sondagem da Abdib\"}]},{\"@type\":\"WebSite\",\"@id\":\"https:\/\/agenciainfra.com\/blog\/#website\",\"url\":\"https:\/\/agenciainfra.com\/blog\/\",\"name\":\"Ag\u00eancia iNFRA\",\"description\":\"Multiplataforma de informa\u00e7\u00e3o jornal\u00edstica refer\u00eancia na \u00e1rea de infraestrutura no Brasil!\",\"publisher\":{\"@id\":\"https:\/\/agenciainfra.com\/blog\/#organization\"},\"potentialAction\":[{\"@type\":\"SearchAction\",\"target\":{\"@type\":\"EntryPoint\",\"urlTemplate\":\"https:\/\/agenciainfra.com\/blog\/?s={search_term_string}\"},\"query-input\":{\"@type\":\"PropertyValueSpecification\",\"valueRequired\":true,\"valueName\":\"search_term_string\"}}],\"inLanguage\":\"pt-BR\"},{\"@type\":\"Organization\",\"@id\":\"https:\/\/agenciainfra.com\/blog\/#organization\",\"name\":\"Ag\u00eancia iNFRA\",\"url\":\"https:\/\/agenciainfra.com\/blog\/\",\"logo\":{\"@type\":\"ImageObject\",\"inLanguage\":\"pt-BR\",\"@id\":\"https:\/\/agenciainfra.com\/blog\/#\/schema\/logo\/image\/\",\"url\":\"https:\/\/agenciainfra.com\/blog\/wp-content\/uploads\/2023\/09\/iNFRA_5-e1761735885940.png\",\"contentUrl\":\"https:\/\/agenciainfra.com\/blog\/wp-content\/uploads\/2023\/09\/iNFRA_5-e1761735885940.png\",\"width\":1672,\"height\":454,\"caption\":\"Ag\u00eancia iNFRA\"},\"image\":{\"@id\":\"https:\/\/agenciainfra.com\/blog\/#\/schema\/logo\/image\/\"},\"sameAs\":[\"https:\/\/www.facebook.com\/ageninfra\",\"https:\/\/x.com\/agencia_infra\",\"https:\/\/www.linkedin.com\/company\/ag\u00eanciainfra\/\",\"https:\/\/www.instagram.com\/agenciainfra\/\"]},{\"@type\":\"Person\",\"@id\":\"https:\/\/agenciainfra.com\/blog\/#\/schema\/person\/04dbb79bd6d8951f063da71f3e4c1eb1\",\"name\":\"Rodrigo Zuquim\",\"image\":{\"@type\":\"ImageObject\",\"inLanguage\":\"pt-BR\",\"@id\":\"https:\/\/agenciainfra.com\/blog\/#\/schema\/person\/image\/\",\"url\":\"https:\/\/secure.gravatar.com\/avatar\/594abfe82761d620726242ff34ca472a705a4b97f16c790053a6b4c4035274d0?s=96&d=mm&r=g\",\"contentUrl\":\"https:\/\/secure.gravatar.com\/avatar\/594abfe82761d620726242ff34ca472a705a4b97f16c790053a6b4c4035274d0?s=96&d=mm&r=g\",\"caption\":\"Rodrigo Zuquim\"},\"url\":\"https:\/\/agenciainfra.com\/blog\/author\/rodrigo-zuquim\/\"}]}<\/script>\n<!-- \/ Yoast SEO Premium plugin. -->","yoast_head_json":{"title":"Empresas est\u00e3o menos otimistas com investimentos em infraestrutura, diz sondagem da Abdib - Ag\u00eancia iNFRA","robots":{"index":"index","follow":"follow","max-snippet":"max-snippet:-1","max-image-preview":"max-image-preview:large","max-video-preview":"max-video-preview:-1"},"canonical":"https:\/\/agenciainfra.com\/blog\/empresas-estao-menos-otimistas-com-investimentos-em-infraestrutura-diz-sondagem-da-abdib\/","og_locale":"pt_BR","og_type":"article","og_title":"Empresas est\u00e3o menos otimistas com investimentos em infraestrutura, diz sondagem da Abdib","og_description":"Dimmi Amora,\u00a0da Ag\u00eancia iNFRA A sondagem Bar\u00f4metro da Infraestrutura Brasileira, realizada pela Abidb (Associa\u00e7\u00e3o Brasileira da Infraestrutura e Ind\u00fastrias de Base) e pela consultoria EY, aponta um menor otimismo dos agentes do setor privado em rela\u00e7\u00e3o ao crescimento do pa\u00eds e aos investimentos no setor de infraestrutura no segundo semestre de 2019 em rela\u00e7\u00e3o ao [&hellip;]","og_url":"https:\/\/agenciainfra.com\/blog\/empresas-estao-menos-otimistas-com-investimentos-em-infraestrutura-diz-sondagem-da-abdib\/","og_site_name":"Ag\u00eancia iNFRA","article_publisher":"https:\/\/www.facebook.com\/ageninfra","article_published_time":"2019-11-15T11:00:14+00:00","og_image":[{"width":1200,"height":900,"url":"https:\/\/agenciainfra.com\/blog\/wp-content\/uploads\/2019\/11\/infraestrutura-obras-dominio-publico.jpg","type":"image\/jpeg"}],"author":"Rodrigo Zuquim","twitter_card":"summary_large_image","twitter_creator":"@agencia_infra","twitter_site":"@agencia_infra","twitter_misc":{"Escrito por":"Rodrigo Zuquim","Est. tempo de leitura":"2 minutos"},"schema":{"@context":"https:\/\/schema.org","@graph":[{"@type":"Article","@id":"https:\/\/agenciainfra.com\/blog\/empresas-estao-menos-otimistas-com-investimentos-em-infraestrutura-diz-sondagem-da-abdib\/#article","isPartOf":{"@id":"https:\/\/agenciainfra.com\/blog\/empresas-estao-menos-otimistas-com-investimentos-em-infraestrutura-diz-sondagem-da-abdib\/"},"author":{"name":"Rodrigo Zuquim","@id":"https:\/\/agenciainfra.com\/blog\/#\/schema\/person\/04dbb79bd6d8951f063da71f3e4c1eb1"},"headline":"Empresas est\u00e3o menos otimistas com investimentos em infraestrutura, diz sondagem da Abdib","datePublished":"2019-11-15T11:00:14+00:00","mainEntityOfPage":{"@id":"https:\/\/agenciainfra.com\/blog\/empresas-estao-menos-otimistas-com-investimentos-em-infraestrutura-diz-sondagem-da-abdib\/"},"wordCount":444,"publisher":{"@id":"https:\/\/agenciainfra.com\/blog\/#organization"},"image":{"@id":"https:\/\/agenciainfra.com\/blog\/empresas-estao-menos-otimistas-com-investimentos-em-infraestrutura-diz-sondagem-da-abdib\/#primaryimage"},"thumbnailUrl":"https:\/\/agenciainfra.com\/blog\/wp-content\/uploads\/2019\/11\/infraestrutura-obras-dominio-publico.jpg","keywords":["ABDIB","aeroportos","Bar\u00f4metro da Infraestrutura Brasileira","energia el\u00e9trica","Infraestrutura","parcerias p\u00fablico-privadas","Saneamento B\u00e1sico"],"articleSection":["iNFRATransporte"],"inLanguage":"pt-BR","copyrightYear":"2019","copyrightHolder":{"@id":"https:\/\/agenciainfra.com\/blog\/#organization"}},{"@type":"WebPage","@id":"https:\/\/agenciainfra.com\/blog\/empresas-estao-menos-otimistas-com-investimentos-em-infraestrutura-diz-sondagem-da-abdib\/","url":"https:\/\/agenciainfra.com\/blog\/empresas-estao-menos-otimistas-com-investimentos-em-infraestrutura-diz-sondagem-da-abdib\/","name":"Empresas est\u00e3o menos otimistas com investimentos em infraestrutura, diz sondagem da Abdib - Ag\u00eancia iNFRA","isPartOf":{"@id":"https:\/\/agenciainfra.com\/blog\/#website"},"primaryImageOfPage":{"@id":"https:\/\/agenciainfra.com\/blog\/empresas-estao-menos-otimistas-com-investimentos-em-infraestrutura-diz-sondagem-da-abdib\/#primaryimage"},"image":{"@id":"https:\/\/agenciainfra.com\/blog\/empresas-estao-menos-otimistas-com-investimentos-em-infraestrutura-diz-sondagem-da-abdib\/#primaryimage"},"thumbnailUrl":"https:\/\/agenciainfra.com\/blog\/wp-content\/uploads\/2019\/11\/infraestrutura-obras-dominio-publico.jpg","datePublished":"2019-11-15T11:00:14+00:00","breadcrumb":{"@id":"https:\/\/agenciainfra.com\/blog\/empresas-estao-menos-otimistas-com-investimentos-em-infraestrutura-diz-sondagem-da-abdib\/#breadcrumb"},"inLanguage":"pt-BR","potentialAction":[{"@type":"ReadAction","target":["https:\/\/agenciainfra.com\/blog\/empresas-estao-menos-otimistas-com-investimentos-em-infraestrutura-diz-sondagem-da-abdib\/"]}]},{"@type":"ImageObject","inLanguage":"pt-BR","@id":"https:\/\/agenciainfra.com\/blog\/empresas-estao-menos-otimistas-com-investimentos-em-infraestrutura-diz-sondagem-da-abdib\/#primaryimage","url":"https:\/\/agenciainfra.com\/blog\/wp-content\/uploads\/2019\/11\/infraestrutura-obras-dominio-publico.jpg","contentUrl":"https:\/\/agenciainfra.com\/blog\/wp-content\/uploads\/2019\/11\/infraestrutura-obras-dominio-publico.jpg","width":1200,"height":900,"caption":"Foto: Dom\u00ednio p\u00fablico"},{"@type":"BreadcrumbList","@id":"https:\/\/agenciainfra.com\/blog\/empresas-estao-menos-otimistas-com-investimentos-em-infraestrutura-diz-sondagem-da-abdib\/#breadcrumb","itemListElement":[{"@type":"ListItem","position":1,"name":"In\u00edcio","item":"https:\/\/agenciainfra.com\/blog\/"},{"@type":"ListItem","position":2,"name":"Empresas est\u00e3o menos otimistas com investimentos em infraestrutura, diz sondagem da Abdib"}]},{"@type":"WebSite","@id":"https:\/\/agenciainfra.com\/blog\/#website","url":"https:\/\/agenciainfra.com\/blog\/","name":"Ag\u00eancia iNFRA","description":"Multiplataforma de informa\u00e7\u00e3o jornal\u00edstica refer\u00eancia na \u00e1rea de infraestrutura no Brasil!","publisher":{"@id":"https:\/\/agenciainfra.com\/blog\/#organization"},"potentialAction":[{"@type":"SearchAction","target":{"@type":"EntryPoint","urlTemplate":"https:\/\/agenciainfra.com\/blog\/?s={search_term_string}"},"query-input":{"@type":"PropertyValueSpecification","valueRequired":true,"valueName":"search_term_string"}}],"inLanguage":"pt-BR"},{"@type":"Organization","@id":"https:\/\/agenciainfra.com\/blog\/#organization","name":"Ag\u00eancia iNFRA","url":"https:\/\/agenciainfra.com\/blog\/","logo":{"@type":"ImageObject","inLanguage":"pt-BR","@id":"https:\/\/agenciainfra.com\/blog\/#\/schema\/logo\/image\/","url":"https:\/\/agenciainfra.com\/blog\/wp-content\/uploads\/2023\/09\/iNFRA_5-e1761735885940.png","contentUrl":"https:\/\/agenciainfra.com\/blog\/wp-content\/uploads\/2023\/09\/iNFRA_5-e1761735885940.png","width":1672,"height":454,"caption":"Ag\u00eancia iNFRA"},"image":{"@id":"https:\/\/agenciainfra.com\/blog\/#\/schema\/logo\/image\/"},"sameAs":["https:\/\/www.facebook.com\/ageninfra","https:\/\/x.com\/agencia_infra","https:\/\/www.linkedin.com\/company\/ag\u00eanciainfra\/","https:\/\/www.instagram.com\/agenciainfra\/"]},{"@type":"Person","@id":"https:\/\/agenciainfra.com\/blog\/#\/schema\/person\/04dbb79bd6d8951f063da71f3e4c1eb1","name":"Rodrigo Zuquim","image":{"@type":"ImageObject","inLanguage":"pt-BR","@id":"https:\/\/agenciainfra.com\/blog\/#\/schema\/person\/image\/","url":"https:\/\/secure.gravatar.com\/avatar\/594abfe82761d620726242ff34ca472a705a4b97f16c790053a6b4c4035274d0?s=96&d=mm&r=g","contentUrl":"https:\/\/secure.gravatar.com\/avatar\/594abfe82761d620726242ff34ca472a705a4b97f16c790053a6b4c4035274d0?s=96&d=mm&r=g","caption":"Rodrigo Zuquim"},"url":"https:\/\/agenciainfra.com\/blog\/author\/rodrigo-zuquim\/"}]}},"_links":{"self":[{"href":"https:\/\/agenciainfra.com\/blog\/wp-json\/wp\/v2\/posts\/4026","targetHints":{"allow":["GET"]}}],"collection":[{"href":"https:\/\/agenciainfra.com\/blog\/wp-json\/wp\/v2\/posts"}],"about":[{"href":"https:\/\/agenciainfra.com\/blog\/wp-json\/wp\/v2\/types\/post"}],"author":[{"embeddable":true,"href":"https:\/\/agenciainfra.com\/blog\/wp-json\/wp\/v2\/users\/9"}],"replies":[{"embeddable":true,"href":"https:\/\/agenciainfra.com\/blog\/wp-json\/wp\/v2\/comments?post=4026"}],"version-history":[{"count":0,"href":"https:\/\/agenciainfra.com\/blog\/wp-json\/wp\/v2\/posts\/4026\/revisions"}],"wp:featuredmedia":[{"embeddable":true,"href":"https:\/\/agenciainfra.com\/blog\/wp-json\/wp\/v2\/media\/4027"}],"wp:attachment":[{"href":"https:\/\/agenciainfra.com\/blog\/wp-json\/wp\/v2\/media?parent=4026"}],"wp:term":[{"taxonomy":"category","embeddable":true,"href":"https:\/\/agenciainfra.com\/blog\/wp-json\/wp\/v2\/categories?post=4026"},{"taxonomy":"post_tag","embeddable":true,"href":"https:\/\/agenciainfra.com\/blog\/wp-json\/wp\/v2\/tags?post=4026"}],"curies":[{"name":"wp","href":"https:\/\/api.w.org\/{rel}","templated":true}]}}