{"id":40265,"date":"2026-04-28T17:10:08","date_gmt":"2026-04-28T20:10:08","guid":{"rendered":"https:\/\/agenciainfra.com\/blog\/?p=40265"},"modified":"2026-04-28T17:27:40","modified_gmt":"2026-04-28T20:27:40","slug":"governo-insiste-em-limitar-capital-estrangeiro-em-terras-raras-brasileiras","status":"publish","type":"post","link":"https:\/\/agenciainfra.com\/blog\/governo-insiste-em-limitar-capital-estrangeiro-em-terras-raras-brasileiras\/","title":{"rendered":"Governo insiste em limitar capital estrangeiro em terras raras brasileiras"},"content":{"rendered":"\n<p class=\"has-text-align-right\"><strong>Rafael Bitencourt, da Ag\u00eancia iNFRA<\/strong><\/p>\n\n\n\n<p>O governo Lula insiste em estabelecer mecanismos de controle da produ\u00e7\u00e3o dos minerais cr\u00edticos e estrat\u00e9gicos, em especial as terras raras, nos projetos desenvolvidos no pa\u00eds, segundo fontes ouvidas pela <strong>Ag\u00eancia iNFRA<\/strong>. Integrantes do governo se comprometeram a entregar o conjunto de sugest\u00f5es sobre modelo de explora\u00e7\u00e3o at\u00e9 o fim desta semana ao relator do <a href=\"https:\/\/mineracaosustentavel.org.br\/pl-2-780-2024-politica-nacional-de-minerais-criticos-e-estrategicos\/\">PL (Projeto de Lei) 2.780\/2024<\/a>, o deputado Arnaldo Jardim (Cidadania-SP).<\/p>\n\n\n\n<p>Um dos principais pontos defendidos pelo governo \u00e9 a restri\u00e7\u00e3o \u00e0 entrada de capital estrangeiro para explorar as reservas nacionais e a imposi\u00e7\u00e3o de taxas para a exporta\u00e7\u00e3o da mat\u00e9ria-prima sem beneficiamento. No entanto, a ideia de criar a estatal Terrabras foi descartada.<\/p>\n\n\n\n<p>A demora em definir o modelo de explora\u00e7\u00e3o dos minerais cr\u00edticos e estrat\u00e9gicos tem atrasado a vota\u00e7\u00e3o do marco legal na C\u00e2mara. Jardim j\u00e1 adiou por duas vezes, a pedido do governo, a publica\u00e7\u00e3o do seu parecer para vota\u00e7\u00e3o no plen\u00e1rio. A previs\u00e3o atual \u00e9 de formalizar a entrega na pr\u00f3xima segunda-feira (4).<\/p>\n\n\n\n<p>A discuss\u00e3o ganhou for\u00e7a ap\u00f3s declara\u00e7\u00f5es de pr\u00e9-candidatos sobre o tema na corrida eleitoral ao Pal\u00e1cio do Planalto e a recente troca de comando da principal mineradora de terras raras fora da China, a Serra Verde, em Goi\u00e1s.<\/p>\n\n\n\n<p>A proposta de aumentar o poder de interven\u00e7\u00e3o do governo se contrap\u00f5e \u00e0 vis\u00e3o de boa parte dos deputados engajados na aprova\u00e7\u00e3o do projeto. Em di\u00e1logo com a \u00e1rea t\u00e9cnica do governo, Jardim tem defendido o caminho de condi\u00e7\u00f5es econ\u00f4micas para que gradativamente os projetos existentes ganhem f\u00f4lego e, aos poucos, comecem a surgir as primeiras plantas de beneficiamento dos minerais cr\u00edticos no pa\u00eds.<\/p>\n\n\n\n<p>A discuss\u00e3o sobre aumentar o poder de interfer\u00eancia do governo come\u00e7ou a ganhar corpo quando os Estados Unidos procuraram os governos estaduais no Brasil para firmar acordos de coopera\u00e7\u00e3o. Em seguida, o debate escalou com a declara\u00e7\u00e3o do pr\u00e9-candidato \u00e0 Presid\u00eancia Fl\u00e1vio Bolsonaro (PL-RJ) defendendo o envio da produ\u00e7\u00e3o brasileira para os americanos.<\/p>\n\n\n\n<p>Na semana passada, o tema ganhou novos contornos com o an\u00fancio da principal mineradora de terras raras fora da China, a Serra Verde, em Mina\u00e7u (GO), de transfer\u00eancia de controle para a americana USA Rare Earth. O contrato firmado, do tipo \u201coff-take\u201d, garante a remessa de toda a produ\u00e7\u00e3o para beneficiamento nos EUA.<\/p>\n\n\n\n<p>Ap\u00f3s o an\u00fancio da transa\u00e7\u00e3o e retorno de viagem \u00e0 Europa, o presidente Lula convocou reuni\u00e3o com seis ministros para buscar um alinhamento sobre o tema, o que ainda n\u00e3o foi fechado, conforme uma fonte oficial ouvida pela <strong>Ag\u00eancia iNFRA<\/strong>. Ela avalia que, no caso espec\u00edfico da Serra Verde, uma medida mais dura, como taxa a exporta\u00e7\u00e3o de min\u00e9rio bruto, poderia reabrir uma crise diplom\u00e1tica com os Estados Unidos, como o tarifa\u00e7o de 2025.<\/p>\n\n\n\n<p>O \u00faltimo cap\u00edtulo da tens\u00e3o criada em torno de Serra Verde foi o pedido de liminar do partido Rede Sustentabilidade, apresentado ao STF (Supremo Tribunal Federal), para suspender a transfer\u00eancia do controle para USA Rare Earth. A legenda sustenta que a relev\u00e2ncia do projeto vai al\u00e9m do neg\u00f3cio privado, pois est\u00e1 inserido em \u201ccadeias produtivas tecnol\u00f3gicas sens\u00edveis\u201d e de \u201cimport\u00e2ncia estrat\u00e9gica no contexto geopol\u00edtico\u201d.<\/p>\n\n\n\n<p><\/p>\n","protected":false},"excerpt":{"rendered":"<p>Rafael Bitencourt, da Ag\u00eancia iNFRA O governo Lula insiste em estabelecer mecanismos de controle da produ\u00e7\u00e3o dos minerais cr\u00edticos e estrat\u00e9gicos, em especial as terras raras, nos projetos desenvolvidos no pa\u00eds, segundo fontes ouvidas pela Ag\u00eancia iNFRA. Integrantes do governo se comprometeram a entregar o conjunto de sugest\u00f5es sobre modelo de explora\u00e7\u00e3o at\u00e9 o fim [&hellip;]<\/p>\n","protected":false},"author":1,"featured_media":14109,"comment_status":"closed","ping_status":"closed","sticky":false,"template":"","format":"standard","meta":{"_monsterinsights_skip_tracking":false,"_monsterinsights_sitenote_active":false,"_monsterinsights_sitenote_note":"","_monsterinsights_sitenote_category":0,"footnotes":""},"categories":[7250],"tags":[888,580,13228,3743,13231,13813,13384,19249,13333],"class_list":["post-40265","post","type-post","status-publish","format-standard","has-post-thumbnail","hentry","category-destaque-lista","tag-arnaldo-jardim","tag-lula","tag-minerais-criticos","tag-palacio-do-planalto","tag-pl-2-780-2024","tag-rafael-bitencourt","tag-serra-verde","tag-terrabras","tag-terras-raras"],"yoast_head":"<!-- This site is optimized with the Yoast SEO Premium plugin v25.4 (Yoast SEO v26.0) - https:\/\/yoast.com\/wordpress\/plugins\/seo\/ -->\n<title>Governo insiste em limitar capital estrangeiro em terras raras brasileiras - Ag\u00eancia iNFRA<\/title>\n<meta name=\"robots\" content=\"index, follow, max-snippet:-1, max-image-preview:large, max-video-preview:-1\" \/>\n<link rel=\"canonical\" href=\"https:\/\/agenciainfra.com\/blog\/governo-insiste-em-limitar-capital-estrangeiro-em-terras-raras-brasileiras\/\" \/>\n<meta property=\"og:locale\" content=\"pt_BR\" \/>\n<meta property=\"og:type\" content=\"article\" \/>\n<meta property=\"og:title\" content=\"Governo insiste em limitar capital estrangeiro em terras raras brasileiras\" \/>\n<meta property=\"og:description\" content=\"Rafael Bitencourt, da Ag\u00eancia iNFRA O governo Lula insiste em estabelecer mecanismos de controle da produ\u00e7\u00e3o dos minerais cr\u00edticos e estrat\u00e9gicos, em especial as terras raras, nos projetos desenvolvidos no pa\u00eds, segundo fontes ouvidas pela Ag\u00eancia iNFRA. Integrantes do governo se comprometeram a entregar o conjunto de sugest\u00f5es sobre modelo de explora\u00e7\u00e3o at\u00e9 o fim [&hellip;]\" \/>\n<meta property=\"og:url\" content=\"https:\/\/agenciainfra.com\/blog\/governo-insiste-em-limitar-capital-estrangeiro-em-terras-raras-brasileiras\/\" \/>\n<meta property=\"og:site_name\" content=\"Ag\u00eancia iNFRA\" \/>\n<meta property=\"article:publisher\" content=\"https:\/\/www.facebook.com\/ageninfra\" \/>\n<meta property=\"article:published_time\" content=\"2026-04-28T20:10:08+00:00\" \/>\n<meta property=\"article:modified_time\" content=\"2026-04-28T20:27:40+00:00\" \/>\n<meta property=\"og:image\" content=\"https:\/\/agenciainfra.com\/blog\/wp-content\/uploads\/2023\/09\/palacio-do-planalto-foto-governo-federal-roberto-stuckert-filho.jpeg\" \/>\n\t<meta property=\"og:image:width\" content=\"1202\" \/>\n\t<meta property=\"og:image:height\" content=\"800\" \/>\n\t<meta property=\"og:image:type\" content=\"image\/jpeg\" \/>\n<meta name=\"author\" content=\"Ag\u00eancia iNFRA\" \/>\n<meta name=\"twitter:card\" content=\"summary_large_image\" \/>\n<meta name=\"twitter:creator\" content=\"@agencia_infra\" \/>\n<meta name=\"twitter:site\" content=\"@agencia_infra\" \/>\n<meta name=\"twitter:label1\" content=\"Escrito por\" \/>\n\t<meta name=\"twitter:data1\" content=\"Ag\u00eancia iNFRA\" \/>\n\t<meta name=\"twitter:label2\" content=\"Est. tempo de leitura\" \/>\n\t<meta name=\"twitter:data2\" content=\"3 minutos\" \/>\n<script type=\"application\/ld+json\" class=\"yoast-schema-graph\">{\"@context\":\"https:\/\/schema.org\",\"@graph\":[{\"@type\":\"Article\",\"@id\":\"https:\/\/agenciainfra.com\/blog\/governo-insiste-em-limitar-capital-estrangeiro-em-terras-raras-brasileiras\/#article\",\"isPartOf\":{\"@id\":\"https:\/\/agenciainfra.com\/blog\/governo-insiste-em-limitar-capital-estrangeiro-em-terras-raras-brasileiras\/\"},\"author\":{\"name\":\"Ag\u00eancia iNFRA\",\"@id\":\"https:\/\/agenciainfra.com\/blog\/#\/schema\/person\/34af08dff6adea4cb22b06612ba7acfa\"},\"headline\":\"Governo insiste em limitar capital estrangeiro em terras raras brasileiras\",\"datePublished\":\"2026-04-28T20:10:08+00:00\",\"dateModified\":\"2026-04-28T20:27:40+00:00\",\"mainEntityOfPage\":{\"@id\":\"https:\/\/agenciainfra.com\/blog\/governo-insiste-em-limitar-capital-estrangeiro-em-terras-raras-brasileiras\/\"},\"wordCount\":588,\"publisher\":{\"@id\":\"https:\/\/agenciainfra.com\/blog\/#organization\"},\"image\":{\"@id\":\"https:\/\/agenciainfra.com\/blog\/governo-insiste-em-limitar-capital-estrangeiro-em-terras-raras-brasileiras\/#primaryimage\"},\"thumbnailUrl\":\"https:\/\/agenciainfra.com\/blog\/wp-content\/uploads\/2023\/09\/palacio-do-planalto-foto-governo-federal-roberto-stuckert-filho.jpeg\",\"keywords\":[\"Arnaldo Jardim\",\"Lula\",\"minerais cr\u00edticos\",\"Pal\u00e1cio do Planalto\",\"pl 2.780\/2024\",\"Rafael Bitencourt\",\"serra verde\",\"Terrabras\",\"terras raras\"],\"articleSection\":[\"Destaque lista\"],\"inLanguage\":\"pt-BR\",\"copyrightYear\":\"2026\",\"copyrightHolder\":{\"@id\":\"https:\/\/agenciainfra.com\/blog\/#organization\"}},{\"@type\":\"WebPage\",\"@id\":\"https:\/\/agenciainfra.com\/blog\/governo-insiste-em-limitar-capital-estrangeiro-em-terras-raras-brasileiras\/\",\"url\":\"https:\/\/agenciainfra.com\/blog\/governo-insiste-em-limitar-capital-estrangeiro-em-terras-raras-brasileiras\/\",\"name\":\"Governo insiste em limitar capital estrangeiro em terras raras brasileiras - Ag\u00eancia iNFRA\",\"isPartOf\":{\"@id\":\"https:\/\/agenciainfra.com\/blog\/#website\"},\"primaryImageOfPage\":{\"@id\":\"https:\/\/agenciainfra.com\/blog\/governo-insiste-em-limitar-capital-estrangeiro-em-terras-raras-brasileiras\/#primaryimage\"},\"image\":{\"@id\":\"https:\/\/agenciainfra.com\/blog\/governo-insiste-em-limitar-capital-estrangeiro-em-terras-raras-brasileiras\/#primaryimage\"},\"thumbnailUrl\":\"https:\/\/agenciainfra.com\/blog\/wp-content\/uploads\/2023\/09\/palacio-do-planalto-foto-governo-federal-roberto-stuckert-filho.jpeg\",\"datePublished\":\"2026-04-28T20:10:08+00:00\",\"dateModified\":\"2026-04-28T20:27:40+00:00\",\"breadcrumb\":{\"@id\":\"https:\/\/agenciainfra.com\/blog\/governo-insiste-em-limitar-capital-estrangeiro-em-terras-raras-brasileiras\/#breadcrumb\"},\"inLanguage\":\"pt-BR\",\"potentialAction\":[{\"@type\":\"ReadAction\",\"target\":[\"https:\/\/agenciainfra.com\/blog\/governo-insiste-em-limitar-capital-estrangeiro-em-terras-raras-brasileiras\/\"]}]},{\"@type\":\"ImageObject\",\"inLanguage\":\"pt-BR\",\"@id\":\"https:\/\/agenciainfra.com\/blog\/governo-insiste-em-limitar-capital-estrangeiro-em-terras-raras-brasileiras\/#primaryimage\",\"url\":\"https:\/\/agenciainfra.com\/blog\/wp-content\/uploads\/2023\/09\/palacio-do-planalto-foto-governo-federal-roberto-stuckert-filho.jpeg\",\"contentUrl\":\"https:\/\/agenciainfra.com\/blog\/wp-content\/uploads\/2023\/09\/palacio-do-planalto-foto-governo-federal-roberto-stuckert-filho.jpeg\",\"width\":1202,\"height\":800,\"caption\":\"Foto: Roberto Stuckert Filho\/Governo Federal\"},{\"@type\":\"BreadcrumbList\",\"@id\":\"https:\/\/agenciainfra.com\/blog\/governo-insiste-em-limitar-capital-estrangeiro-em-terras-raras-brasileiras\/#breadcrumb\",\"itemListElement\":[{\"@type\":\"ListItem\",\"position\":1,\"name\":\"In\u00edcio\",\"item\":\"https:\/\/agenciainfra.com\/blog\/\"},{\"@type\":\"ListItem\",\"position\":2,\"name\":\"Governo insiste em limitar capital estrangeiro em terras raras brasileiras\"}]},{\"@type\":\"WebSite\",\"@id\":\"https:\/\/agenciainfra.com\/blog\/#website\",\"url\":\"https:\/\/agenciainfra.com\/blog\/\",\"name\":\"Ag\u00eancia iNFRA\",\"description\":\"Multiplataforma de informa\u00e7\u00e3o jornal\u00edstica refer\u00eancia na \u00e1rea de infraestrutura no Brasil!\",\"publisher\":{\"@id\":\"https:\/\/agenciainfra.com\/blog\/#organization\"},\"potentialAction\":[{\"@type\":\"SearchAction\",\"target\":{\"@type\":\"EntryPoint\",\"urlTemplate\":\"https:\/\/agenciainfra.com\/blog\/?s={search_term_string}\"},\"query-input\":{\"@type\":\"PropertyValueSpecification\",\"valueRequired\":true,\"valueName\":\"search_term_string\"}}],\"inLanguage\":\"pt-BR\"},{\"@type\":\"Organization\",\"@id\":\"https:\/\/agenciainfra.com\/blog\/#organization\",\"name\":\"Ag\u00eancia iNFRA\",\"url\":\"https:\/\/agenciainfra.com\/blog\/\",\"logo\":{\"@type\":\"ImageObject\",\"inLanguage\":\"pt-BR\",\"@id\":\"https:\/\/agenciainfra.com\/blog\/#\/schema\/logo\/image\/\",\"url\":\"https:\/\/agenciainfra.com\/blog\/wp-content\/uploads\/2023\/09\/iNFRA_5-e1761735885940.png\",\"contentUrl\":\"https:\/\/agenciainfra.com\/blog\/wp-content\/uploads\/2023\/09\/iNFRA_5-e1761735885940.png\",\"width\":1672,\"height\":454,\"caption\":\"Ag\u00eancia iNFRA\"},\"image\":{\"@id\":\"https:\/\/agenciainfra.com\/blog\/#\/schema\/logo\/image\/\"},\"sameAs\":[\"https:\/\/www.facebook.com\/ageninfra\",\"https:\/\/x.com\/agencia_infra\",\"https:\/\/www.linkedin.com\/company\/ag\u00eanciainfra\/\",\"https:\/\/www.instagram.com\/agenciainfra\/\"]},{\"@type\":\"Person\",\"@id\":\"https:\/\/agenciainfra.com\/blog\/#\/schema\/person\/34af08dff6adea4cb22b06612ba7acfa\",\"name\":\"Ag\u00eancia iNFRA\",\"image\":{\"@type\":\"ImageObject\",\"inLanguage\":\"pt-BR\",\"@id\":\"https:\/\/agenciainfra.com\/blog\/#\/schema\/person\/image\/\",\"url\":\"https:\/\/secure.gravatar.com\/avatar\/d189e01678f06d8eb84d4e01f08eb848b3fffe3f8443818d3c356c66892f5be8?s=96&d=mm&r=g\",\"contentUrl\":\"https:\/\/secure.gravatar.com\/avatar\/d189e01678f06d8eb84d4e01f08eb848b3fffe3f8443818d3c356c66892f5be8?s=96&d=mm&r=g\",\"caption\":\"Ag\u00eancia iNFRA\"},\"url\":\"https:\/\/agenciainfra.com\/blog\/author\/admin\/\"}]}<\/script>\n<!-- \/ Yoast SEO Premium plugin. -->","yoast_head_json":{"title":"Governo insiste em limitar capital estrangeiro em terras raras brasileiras - Ag\u00eancia iNFRA","robots":{"index":"index","follow":"follow","max-snippet":"max-snippet:-1","max-image-preview":"max-image-preview:large","max-video-preview":"max-video-preview:-1"},"canonical":"https:\/\/agenciainfra.com\/blog\/governo-insiste-em-limitar-capital-estrangeiro-em-terras-raras-brasileiras\/","og_locale":"pt_BR","og_type":"article","og_title":"Governo insiste em limitar capital estrangeiro em terras raras brasileiras","og_description":"Rafael Bitencourt, da Ag\u00eancia iNFRA O governo Lula insiste em estabelecer mecanismos de controle da produ\u00e7\u00e3o dos minerais cr\u00edticos e estrat\u00e9gicos, em especial as terras raras, nos projetos desenvolvidos no pa\u00eds, segundo fontes ouvidas pela Ag\u00eancia iNFRA. Integrantes do governo se comprometeram a entregar o conjunto de sugest\u00f5es sobre modelo de explora\u00e7\u00e3o at\u00e9 o fim [&hellip;]","og_url":"https:\/\/agenciainfra.com\/blog\/governo-insiste-em-limitar-capital-estrangeiro-em-terras-raras-brasileiras\/","og_site_name":"Ag\u00eancia iNFRA","article_publisher":"https:\/\/www.facebook.com\/ageninfra","article_published_time":"2026-04-28T20:10:08+00:00","article_modified_time":"2026-04-28T20:27:40+00:00","og_image":[{"width":1202,"height":800,"url":"https:\/\/agenciainfra.com\/blog\/wp-content\/uploads\/2023\/09\/palacio-do-planalto-foto-governo-federal-roberto-stuckert-filho.jpeg","type":"image\/jpeg"}],"author":"Ag\u00eancia iNFRA","twitter_card":"summary_large_image","twitter_creator":"@agencia_infra","twitter_site":"@agencia_infra","twitter_misc":{"Escrito por":"Ag\u00eancia iNFRA","Est. tempo de leitura":"3 minutos"},"schema":{"@context":"https:\/\/schema.org","@graph":[{"@type":"Article","@id":"https:\/\/agenciainfra.com\/blog\/governo-insiste-em-limitar-capital-estrangeiro-em-terras-raras-brasileiras\/#article","isPartOf":{"@id":"https:\/\/agenciainfra.com\/blog\/governo-insiste-em-limitar-capital-estrangeiro-em-terras-raras-brasileiras\/"},"author":{"name":"Ag\u00eancia iNFRA","@id":"https:\/\/agenciainfra.com\/blog\/#\/schema\/person\/34af08dff6adea4cb22b06612ba7acfa"},"headline":"Governo insiste em limitar capital estrangeiro em terras raras brasileiras","datePublished":"2026-04-28T20:10:08+00:00","dateModified":"2026-04-28T20:27:40+00:00","mainEntityOfPage":{"@id":"https:\/\/agenciainfra.com\/blog\/governo-insiste-em-limitar-capital-estrangeiro-em-terras-raras-brasileiras\/"},"wordCount":588,"publisher":{"@id":"https:\/\/agenciainfra.com\/blog\/#organization"},"image":{"@id":"https:\/\/agenciainfra.com\/blog\/governo-insiste-em-limitar-capital-estrangeiro-em-terras-raras-brasileiras\/#primaryimage"},"thumbnailUrl":"https:\/\/agenciainfra.com\/blog\/wp-content\/uploads\/2023\/09\/palacio-do-planalto-foto-governo-federal-roberto-stuckert-filho.jpeg","keywords":["Arnaldo Jardim","Lula","minerais cr\u00edticos","Pal\u00e1cio do Planalto","pl 2.780\/2024","Rafael Bitencourt","serra verde","Terrabras","terras raras"],"articleSection":["Destaque lista"],"inLanguage":"pt-BR","copyrightYear":"2026","copyrightHolder":{"@id":"https:\/\/agenciainfra.com\/blog\/#organization"}},{"@type":"WebPage","@id":"https:\/\/agenciainfra.com\/blog\/governo-insiste-em-limitar-capital-estrangeiro-em-terras-raras-brasileiras\/","url":"https:\/\/agenciainfra.com\/blog\/governo-insiste-em-limitar-capital-estrangeiro-em-terras-raras-brasileiras\/","name":"Governo insiste em limitar capital estrangeiro em terras raras brasileiras - Ag\u00eancia iNFRA","isPartOf":{"@id":"https:\/\/agenciainfra.com\/blog\/#website"},"primaryImageOfPage":{"@id":"https:\/\/agenciainfra.com\/blog\/governo-insiste-em-limitar-capital-estrangeiro-em-terras-raras-brasileiras\/#primaryimage"},"image":{"@id":"https:\/\/agenciainfra.com\/blog\/governo-insiste-em-limitar-capital-estrangeiro-em-terras-raras-brasileiras\/#primaryimage"},"thumbnailUrl":"https:\/\/agenciainfra.com\/blog\/wp-content\/uploads\/2023\/09\/palacio-do-planalto-foto-governo-federal-roberto-stuckert-filho.jpeg","datePublished":"2026-04-28T20:10:08+00:00","dateModified":"2026-04-28T20:27:40+00:00","breadcrumb":{"@id":"https:\/\/agenciainfra.com\/blog\/governo-insiste-em-limitar-capital-estrangeiro-em-terras-raras-brasileiras\/#breadcrumb"},"inLanguage":"pt-BR","potentialAction":[{"@type":"ReadAction","target":["https:\/\/agenciainfra.com\/blog\/governo-insiste-em-limitar-capital-estrangeiro-em-terras-raras-brasileiras\/"]}]},{"@type":"ImageObject","inLanguage":"pt-BR","@id":"https:\/\/agenciainfra.com\/blog\/governo-insiste-em-limitar-capital-estrangeiro-em-terras-raras-brasileiras\/#primaryimage","url":"https:\/\/agenciainfra.com\/blog\/wp-content\/uploads\/2023\/09\/palacio-do-planalto-foto-governo-federal-roberto-stuckert-filho.jpeg","contentUrl":"https:\/\/agenciainfra.com\/blog\/wp-content\/uploads\/2023\/09\/palacio-do-planalto-foto-governo-federal-roberto-stuckert-filho.jpeg","width":1202,"height":800,"caption":"Foto: Roberto Stuckert Filho\/Governo Federal"},{"@type":"BreadcrumbList","@id":"https:\/\/agenciainfra.com\/blog\/governo-insiste-em-limitar-capital-estrangeiro-em-terras-raras-brasileiras\/#breadcrumb","itemListElement":[{"@type":"ListItem","position":1,"name":"In\u00edcio","item":"https:\/\/agenciainfra.com\/blog\/"},{"@type":"ListItem","position":2,"name":"Governo insiste em limitar capital estrangeiro em terras raras brasileiras"}]},{"@type":"WebSite","@id":"https:\/\/agenciainfra.com\/blog\/#website","url":"https:\/\/agenciainfra.com\/blog\/","name":"Ag\u00eancia iNFRA","description":"Multiplataforma de informa\u00e7\u00e3o jornal\u00edstica refer\u00eancia na \u00e1rea de infraestrutura no Brasil!","publisher":{"@id":"https:\/\/agenciainfra.com\/blog\/#organization"},"potentialAction":[{"@type":"SearchAction","target":{"@type":"EntryPoint","urlTemplate":"https:\/\/agenciainfra.com\/blog\/?s={search_term_string}"},"query-input":{"@type":"PropertyValueSpecification","valueRequired":true,"valueName":"search_term_string"}}],"inLanguage":"pt-BR"},{"@type":"Organization","@id":"https:\/\/agenciainfra.com\/blog\/#organization","name":"Ag\u00eancia iNFRA","url":"https:\/\/agenciainfra.com\/blog\/","logo":{"@type":"ImageObject","inLanguage":"pt-BR","@id":"https:\/\/agenciainfra.com\/blog\/#\/schema\/logo\/image\/","url":"https:\/\/agenciainfra.com\/blog\/wp-content\/uploads\/2023\/09\/iNFRA_5-e1761735885940.png","contentUrl":"https:\/\/agenciainfra.com\/blog\/wp-content\/uploads\/2023\/09\/iNFRA_5-e1761735885940.png","width":1672,"height":454,"caption":"Ag\u00eancia iNFRA"},"image":{"@id":"https:\/\/agenciainfra.com\/blog\/#\/schema\/logo\/image\/"},"sameAs":["https:\/\/www.facebook.com\/ageninfra","https:\/\/x.com\/agencia_infra","https:\/\/www.linkedin.com\/company\/ag\u00eanciainfra\/","https:\/\/www.instagram.com\/agenciainfra\/"]},{"@type":"Person","@id":"https:\/\/agenciainfra.com\/blog\/#\/schema\/person\/34af08dff6adea4cb22b06612ba7acfa","name":"Ag\u00eancia iNFRA","image":{"@type":"ImageObject","inLanguage":"pt-BR","@id":"https:\/\/agenciainfra.com\/blog\/#\/schema\/person\/image\/","url":"https:\/\/secure.gravatar.com\/avatar\/d189e01678f06d8eb84d4e01f08eb848b3fffe3f8443818d3c356c66892f5be8?s=96&d=mm&r=g","contentUrl":"https:\/\/secure.gravatar.com\/avatar\/d189e01678f06d8eb84d4e01f08eb848b3fffe3f8443818d3c356c66892f5be8?s=96&d=mm&r=g","caption":"Ag\u00eancia iNFRA"},"url":"https:\/\/agenciainfra.com\/blog\/author\/admin\/"}]}},"_links":{"self":[{"href":"https:\/\/agenciainfra.com\/blog\/wp-json\/wp\/v2\/posts\/40265","targetHints":{"allow":["GET"]}}],"collection":[{"href":"https:\/\/agenciainfra.com\/blog\/wp-json\/wp\/v2\/posts"}],"about":[{"href":"https:\/\/agenciainfra.com\/blog\/wp-json\/wp\/v2\/types\/post"}],"author":[{"embeddable":true,"href":"https:\/\/agenciainfra.com\/blog\/wp-json\/wp\/v2\/users\/1"}],"replies":[{"embeddable":true,"href":"https:\/\/agenciainfra.com\/blog\/wp-json\/wp\/v2\/comments?post=40265"}],"version-history":[{"count":1,"href":"https:\/\/agenciainfra.com\/blog\/wp-json\/wp\/v2\/posts\/40265\/revisions"}],"predecessor-version":[{"id":40272,"href":"https:\/\/agenciainfra.com\/blog\/wp-json\/wp\/v2\/posts\/40265\/revisions\/40272"}],"wp:featuredmedia":[{"embeddable":true,"href":"https:\/\/agenciainfra.com\/blog\/wp-json\/wp\/v2\/media\/14109"}],"wp:attachment":[{"href":"https:\/\/agenciainfra.com\/blog\/wp-json\/wp\/v2\/media?parent=40265"}],"wp:term":[{"taxonomy":"category","embeddable":true,"href":"https:\/\/agenciainfra.com\/blog\/wp-json\/wp\/v2\/categories?post=40265"},{"taxonomy":"post_tag","embeddable":true,"href":"https:\/\/agenciainfra.com\/blog\/wp-json\/wp\/v2\/tags?post=40265"}],"curies":[{"name":"wp","href":"https:\/\/api.w.org\/{rel}","templated":true}]}}