{"id":40285,"date":"2026-04-28T18:30:40","date_gmt":"2026-04-28T21:30:40","guid":{"rendered":"https:\/\/agenciainfra.com\/blog\/?p=40285"},"modified":"2026-04-28T18:30:44","modified_gmt":"2026-04-28T21:30:44","slug":"ana-aumenta-prazo-de-consulta-sobre-norma-de-contabilidade-regulatoria","status":"publish","type":"post","link":"https:\/\/agenciainfra.com\/blog\/ana-aumenta-prazo-de-consulta-sobre-norma-de-contabilidade-regulatoria\/","title":{"rendered":"ANA aumenta prazo de consulta sobre norma de contabilidade regulat\u00f3ria"},"content":{"rendered":"\n<p class=\"has-text-align-right\"><strong>Beatriz Kawai, da Ag\u00eancia iNFRA<\/strong><\/p>\n\n\n\n<p>A diretoria colegiada da ANA (Ag\u00eancia Nacional de \u00c1guas e Saneamento B\u00e1sico) votou nesta ter\u00e7a-feira (28) unanimemente \u00e0 favor da extens\u00e3o do prazo da consulta p\u00fablica sobre a NR (Norma de Refer\u00eancia) que pretende criar crit\u00e9rios de contabilidade regulat\u00f3ria para os servi\u00e7os de abastecimento de \u00e1gua e esgotamento sanit\u00e1rio. Com a decis\u00e3o, a ag\u00eancia reguladora estar\u00e1 recebendo contribui\u00e7\u00f5es da sociedade at\u00e9 15 de maio, contra o prazo anterior de 2 de maio.<\/p>\n\n\n\n<p>Esta consulta p\u00fablica j\u00e1 \u00e9 complementar \u00e0 edi\u00e7\u00e3o iniciada em 27 de agosto de 2025, desta vez somente em debate as altera\u00e7\u00f5es do texto realizadas ap\u00f3s a primeira consulta. Em meados deste m\u00eas, a equipe t\u00e9cnica da ANA entendeu como vantajoso o aumento do prazo por mais cinco dias \u00fateis, ap\u00f3s o pedido da Abcon (Associa\u00e7\u00e3o Brasileira das Empresas de Saneamento).<\/p>\n\n\n\n<p>Em seu voto favor\u00e1vel, a relatora, diretora Cristiane Battiston, sugeriu a extens\u00e3o por mais 13 dias, e n\u00e3o cinco. \u201cEspera-se que com a extens\u00e3o do prazo, que considero mais fact\u00edvel, tenhamos contribui\u00e7\u00f5es de um maior n\u00famero de participantes e que elas sejam recebidas e auxiliem o aprimoramento da Norma de Refer\u00eancia em quest\u00e3o\u201d, disse.<\/p>\n\n\n\n<p><strong>Participa\u00e7\u00e3o da ouvidoria<\/strong><br>Na reuni\u00e3o, o colegiado tamb\u00e9m votou favoravelmente \u00e0 participa\u00e7\u00e3o da ouvidora da ANA nas pr\u00f3ximas reuni\u00f5es deliberativas, a partir desta ter\u00e7a (28). A ouvidora-geral da ag\u00eancia, Renata Albuquerque, participava da sess\u00e3o para apresentar o relat\u00f3rio anual de gest\u00e3o ouvidoria da ANA.<\/p>\n\n\n\n<p>Segundo Albuquerque, os principais problemas identificados no relat\u00f3rio foram o d\u00e9ficit de capacidade t\u00e9cnica e a falta de di\u00e1logo com a sociedade sobre os servi\u00e7os da ouvidora, principalmente no saneamento. Ela continuou que a ouvidoria est\u00e1 disposta a estreitar la\u00e7os com outras ouvidorias, ag\u00eancias reguladoras e outras partes.<\/p>\n\n\n\n<p><\/p>\n","protected":false},"excerpt":{"rendered":"<p>Beatriz Kawai, da Ag\u00eancia iNFRA A diretoria colegiada da ANA (Ag\u00eancia Nacional de \u00c1guas e Saneamento B\u00e1sico) votou nesta ter\u00e7a-feira (28) unanimemente \u00e0 favor da extens\u00e3o do prazo da consulta p\u00fablica sobre a NR (Norma de Refer\u00eancia) que pretende criar crit\u00e9rios de contabilidade regulat\u00f3ria para os servi\u00e7os de abastecimento de \u00e1gua e esgotamento sanit\u00e1rio. Com [&hellip;]<\/p>\n","protected":false},"author":1,"featured_media":25811,"comment_status":"closed","ping_status":"closed","sticky":false,"template":"","format":"standard","meta":{"_monsterinsights_skip_tracking":false,"_monsterinsights_sitenote_active":false,"_monsterinsights_sitenote_note":"","_monsterinsights_sitenote_category":0,"footnotes":""},"categories":[7250],"tags":[2203,14733,77,18060,345,15785,19637,73],"class_list":["post-40285","post","type-post","status-publish","format-standard","has-post-thumbnail","hentry","category-destaque-lista","tag-abcon","tag-agencia-nacional-de-aguas-e-saneamento-basico-2","tag-ana","tag-beatriz-kawai","tag-consulta-publica","tag-cristiane-battiston","tag-norma-de-contabilidade-regulatoria","tag-saneamento-basico"],"yoast_head":"<!-- This site is optimized with the Yoast SEO Premium plugin v25.4 (Yoast SEO v26.0) - https:\/\/yoast.com\/wordpress\/plugins\/seo\/ -->\n<title>ANA aumenta prazo de consulta sobre norma de contabilidade regulat\u00f3ria - Ag\u00eancia iNFRA<\/title>\n<meta name=\"robots\" content=\"index, follow, max-snippet:-1, max-image-preview:large, max-video-preview:-1\" \/>\n<link rel=\"canonical\" href=\"https:\/\/agenciainfra.com\/blog\/ana-aumenta-prazo-de-consulta-sobre-norma-de-contabilidade-regulatoria\/\" \/>\n<meta property=\"og:locale\" content=\"pt_BR\" \/>\n<meta property=\"og:type\" content=\"article\" \/>\n<meta property=\"og:title\" content=\"ANA aumenta prazo de consulta sobre norma de contabilidade regulat\u00f3ria\" \/>\n<meta property=\"og:description\" content=\"Beatriz Kawai, da Ag\u00eancia iNFRA A diretoria colegiada da ANA (Ag\u00eancia Nacional de \u00c1guas e Saneamento B\u00e1sico) votou nesta ter\u00e7a-feira (28) unanimemente \u00e0 favor da extens\u00e3o do prazo da consulta p\u00fablica sobre a NR (Norma de Refer\u00eancia) que pretende criar crit\u00e9rios de contabilidade regulat\u00f3ria para os servi\u00e7os de abastecimento de \u00e1gua e esgotamento sanit\u00e1rio. Com [&hellip;]\" \/>\n<meta property=\"og:url\" content=\"https:\/\/agenciainfra.com\/blog\/ana-aumenta-prazo-de-consulta-sobre-norma-de-contabilidade-regulatoria\/\" \/>\n<meta property=\"og:site_name\" content=\"Ag\u00eancia iNFRA\" \/>\n<meta property=\"article:publisher\" content=\"https:\/\/www.facebook.com\/ageninfra\" \/>\n<meta property=\"article:published_time\" content=\"2026-04-28T21:30:40+00:00\" \/>\n<meta property=\"article:modified_time\" content=\"2026-04-28T21:30:44+00:00\" \/>\n<meta property=\"og:image\" content=\"https:\/\/agenciainfra.com\/blog\/wp-content\/uploads\/2025\/08\/fachadaana-foto-ana-1-1024x682.jpeg-e1754405958446.jpg\" \/>\n\t<meta property=\"og:image:width\" content=\"1280\" \/>\n\t<meta property=\"og:image:height\" content=\"783\" \/>\n\t<meta property=\"og:image:type\" content=\"image\/jpeg\" \/>\n<meta name=\"author\" content=\"Ag\u00eancia iNFRA\" \/>\n<meta name=\"twitter:card\" content=\"summary_large_image\" \/>\n<meta name=\"twitter:creator\" content=\"@agencia_infra\" \/>\n<meta name=\"twitter:site\" content=\"@agencia_infra\" \/>\n<meta name=\"twitter:label1\" content=\"Escrito por\" \/>\n\t<meta name=\"twitter:data1\" content=\"Ag\u00eancia iNFRA\" \/>\n\t<meta name=\"twitter:label2\" content=\"Est. tempo de leitura\" \/>\n\t<meta name=\"twitter:data2\" content=\"2 minutos\" \/>\n<script type=\"application\/ld+json\" class=\"yoast-schema-graph\">{\"@context\":\"https:\/\/schema.org\",\"@graph\":[{\"@type\":\"Article\",\"@id\":\"https:\/\/agenciainfra.com\/blog\/ana-aumenta-prazo-de-consulta-sobre-norma-de-contabilidade-regulatoria\/#article\",\"isPartOf\":{\"@id\":\"https:\/\/agenciainfra.com\/blog\/ana-aumenta-prazo-de-consulta-sobre-norma-de-contabilidade-regulatoria\/\"},\"author\":{\"name\":\"Ag\u00eancia iNFRA\",\"@id\":\"https:\/\/agenciainfra.com\/blog\/#\/schema\/person\/34af08dff6adea4cb22b06612ba7acfa\"},\"headline\":\"ANA aumenta prazo de consulta sobre norma de contabilidade regulat\u00f3ria\",\"datePublished\":\"2026-04-28T21:30:40+00:00\",\"dateModified\":\"2026-04-28T21:30:44+00:00\",\"mainEntityOfPage\":{\"@id\":\"https:\/\/agenciainfra.com\/blog\/ana-aumenta-prazo-de-consulta-sobre-norma-de-contabilidade-regulatoria\/\"},\"wordCount\":333,\"publisher\":{\"@id\":\"https:\/\/agenciainfra.com\/blog\/#organization\"},\"image\":{\"@id\":\"https:\/\/agenciainfra.com\/blog\/ana-aumenta-prazo-de-consulta-sobre-norma-de-contabilidade-regulatoria\/#primaryimage\"},\"thumbnailUrl\":\"https:\/\/agenciainfra.com\/blog\/wp-content\/uploads\/2025\/08\/fachadaana-foto-ana-1-1024x682.jpeg-e1754405958446.jpg\",\"keywords\":[\"Abcon\",\"ag\u00eancia nacional de \u00e1guas e saneamento b\u00e1sico\",\"ANA\",\"Beatriz Kawai\",\"consulta p\u00fablica\",\"Cristiane Battiston\",\"norma de contabilidade regulat\u00f3ria\",\"Saneamento B\u00e1sico\"],\"articleSection\":[\"Destaque lista\"],\"inLanguage\":\"pt-BR\",\"copyrightYear\":\"2026\",\"copyrightHolder\":{\"@id\":\"https:\/\/agenciainfra.com\/blog\/#organization\"}},{\"@type\":\"WebPage\",\"@id\":\"https:\/\/agenciainfra.com\/blog\/ana-aumenta-prazo-de-consulta-sobre-norma-de-contabilidade-regulatoria\/\",\"url\":\"https:\/\/agenciainfra.com\/blog\/ana-aumenta-prazo-de-consulta-sobre-norma-de-contabilidade-regulatoria\/\",\"name\":\"ANA aumenta prazo de consulta sobre norma de contabilidade regulat\u00f3ria - Ag\u00eancia iNFRA\",\"isPartOf\":{\"@id\":\"https:\/\/agenciainfra.com\/blog\/#website\"},\"primaryImageOfPage\":{\"@id\":\"https:\/\/agenciainfra.com\/blog\/ana-aumenta-prazo-de-consulta-sobre-norma-de-contabilidade-regulatoria\/#primaryimage\"},\"image\":{\"@id\":\"https:\/\/agenciainfra.com\/blog\/ana-aumenta-prazo-de-consulta-sobre-norma-de-contabilidade-regulatoria\/#primaryimage\"},\"thumbnailUrl\":\"https:\/\/agenciainfra.com\/blog\/wp-content\/uploads\/2025\/08\/fachadaana-foto-ana-1-1024x682.jpeg-e1754405958446.jpg\",\"datePublished\":\"2026-04-28T21:30:40+00:00\",\"dateModified\":\"2026-04-28T21:30:44+00:00\",\"breadcrumb\":{\"@id\":\"https:\/\/agenciainfra.com\/blog\/ana-aumenta-prazo-de-consulta-sobre-norma-de-contabilidade-regulatoria\/#breadcrumb\"},\"inLanguage\":\"pt-BR\",\"potentialAction\":[{\"@type\":\"ReadAction\",\"target\":[\"https:\/\/agenciainfra.com\/blog\/ana-aumenta-prazo-de-consulta-sobre-norma-de-contabilidade-regulatoria\/\"]}]},{\"@type\":\"ImageObject\",\"inLanguage\":\"pt-BR\",\"@id\":\"https:\/\/agenciainfra.com\/blog\/ana-aumenta-prazo-de-consulta-sobre-norma-de-contabilidade-regulatoria\/#primaryimage\",\"url\":\"https:\/\/agenciainfra.com\/blog\/wp-content\/uploads\/2025\/08\/fachadaana-foto-ana-1-1024x682.jpeg-e1754405958446.jpg\",\"contentUrl\":\"https:\/\/agenciainfra.com\/blog\/wp-content\/uploads\/2025\/08\/fachadaana-foto-ana-1-1024x682.jpeg-e1754405958446.jpg\",\"width\":1280,\"height\":783,\"caption\":\"Foto: Divulga\u00e7\u00e3o\/ANA\"},{\"@type\":\"BreadcrumbList\",\"@id\":\"https:\/\/agenciainfra.com\/blog\/ana-aumenta-prazo-de-consulta-sobre-norma-de-contabilidade-regulatoria\/#breadcrumb\",\"itemListElement\":[{\"@type\":\"ListItem\",\"position\":1,\"name\":\"In\u00edcio\",\"item\":\"https:\/\/agenciainfra.com\/blog\/\"},{\"@type\":\"ListItem\",\"position\":2,\"name\":\"ANA aumenta prazo de consulta sobre norma de contabilidade regulat\u00f3ria\"}]},{\"@type\":\"WebSite\",\"@id\":\"https:\/\/agenciainfra.com\/blog\/#website\",\"url\":\"https:\/\/agenciainfra.com\/blog\/\",\"name\":\"Ag\u00eancia iNFRA\",\"description\":\"Multiplataforma de informa\u00e7\u00e3o jornal\u00edstica refer\u00eancia na \u00e1rea de infraestrutura no Brasil!\",\"publisher\":{\"@id\":\"https:\/\/agenciainfra.com\/blog\/#organization\"},\"potentialAction\":[{\"@type\":\"SearchAction\",\"target\":{\"@type\":\"EntryPoint\",\"urlTemplate\":\"https:\/\/agenciainfra.com\/blog\/?s={search_term_string}\"},\"query-input\":{\"@type\":\"PropertyValueSpecification\",\"valueRequired\":true,\"valueName\":\"search_term_string\"}}],\"inLanguage\":\"pt-BR\"},{\"@type\":\"Organization\",\"@id\":\"https:\/\/agenciainfra.com\/blog\/#organization\",\"name\":\"Ag\u00eancia iNFRA\",\"url\":\"https:\/\/agenciainfra.com\/blog\/\",\"logo\":{\"@type\":\"ImageObject\",\"inLanguage\":\"pt-BR\",\"@id\":\"https:\/\/agenciainfra.com\/blog\/#\/schema\/logo\/image\/\",\"url\":\"https:\/\/agenciainfra.com\/blog\/wp-content\/uploads\/2023\/09\/iNFRA_5-e1761735885940.png\",\"contentUrl\":\"https:\/\/agenciainfra.com\/blog\/wp-content\/uploads\/2023\/09\/iNFRA_5-e1761735885940.png\",\"width\":1672,\"height\":454,\"caption\":\"Ag\u00eancia iNFRA\"},\"image\":{\"@id\":\"https:\/\/agenciainfra.com\/blog\/#\/schema\/logo\/image\/\"},\"sameAs\":[\"https:\/\/www.facebook.com\/ageninfra\",\"https:\/\/x.com\/agencia_infra\",\"https:\/\/www.linkedin.com\/company\/ag\u00eanciainfra\/\",\"https:\/\/www.instagram.com\/agenciainfra\/\"]},{\"@type\":\"Person\",\"@id\":\"https:\/\/agenciainfra.com\/blog\/#\/schema\/person\/34af08dff6adea4cb22b06612ba7acfa\",\"name\":\"Ag\u00eancia iNFRA\",\"image\":{\"@type\":\"ImageObject\",\"inLanguage\":\"pt-BR\",\"@id\":\"https:\/\/agenciainfra.com\/blog\/#\/schema\/person\/image\/\",\"url\":\"https:\/\/secure.gravatar.com\/avatar\/d189e01678f06d8eb84d4e01f08eb848b3fffe3f8443818d3c356c66892f5be8?s=96&d=mm&r=g\",\"contentUrl\":\"https:\/\/secure.gravatar.com\/avatar\/d189e01678f06d8eb84d4e01f08eb848b3fffe3f8443818d3c356c66892f5be8?s=96&d=mm&r=g\",\"caption\":\"Ag\u00eancia iNFRA\"},\"url\":\"https:\/\/agenciainfra.com\/blog\/author\/admin\/\"}]}<\/script>\n<!-- \/ Yoast SEO Premium plugin. -->","yoast_head_json":{"title":"ANA aumenta prazo de consulta sobre norma de contabilidade regulat\u00f3ria - Ag\u00eancia iNFRA","robots":{"index":"index","follow":"follow","max-snippet":"max-snippet:-1","max-image-preview":"max-image-preview:large","max-video-preview":"max-video-preview:-1"},"canonical":"https:\/\/agenciainfra.com\/blog\/ana-aumenta-prazo-de-consulta-sobre-norma-de-contabilidade-regulatoria\/","og_locale":"pt_BR","og_type":"article","og_title":"ANA aumenta prazo de consulta sobre norma de contabilidade regulat\u00f3ria","og_description":"Beatriz Kawai, da Ag\u00eancia iNFRA A diretoria colegiada da ANA (Ag\u00eancia Nacional de \u00c1guas e Saneamento B\u00e1sico) votou nesta ter\u00e7a-feira (28) unanimemente \u00e0 favor da extens\u00e3o do prazo da consulta p\u00fablica sobre a NR (Norma de Refer\u00eancia) que pretende criar crit\u00e9rios de contabilidade regulat\u00f3ria para os servi\u00e7os de abastecimento de \u00e1gua e esgotamento sanit\u00e1rio. Com [&hellip;]","og_url":"https:\/\/agenciainfra.com\/blog\/ana-aumenta-prazo-de-consulta-sobre-norma-de-contabilidade-regulatoria\/","og_site_name":"Ag\u00eancia iNFRA","article_publisher":"https:\/\/www.facebook.com\/ageninfra","article_published_time":"2026-04-28T21:30:40+00:00","article_modified_time":"2026-04-28T21:30:44+00:00","og_image":[{"width":1280,"height":783,"url":"https:\/\/agenciainfra.com\/blog\/wp-content\/uploads\/2025\/08\/fachadaana-foto-ana-1-1024x682.jpeg-e1754405958446.jpg","type":"image\/jpeg"}],"author":"Ag\u00eancia iNFRA","twitter_card":"summary_large_image","twitter_creator":"@agencia_infra","twitter_site":"@agencia_infra","twitter_misc":{"Escrito por":"Ag\u00eancia iNFRA","Est. tempo de leitura":"2 minutos"},"schema":{"@context":"https:\/\/schema.org","@graph":[{"@type":"Article","@id":"https:\/\/agenciainfra.com\/blog\/ana-aumenta-prazo-de-consulta-sobre-norma-de-contabilidade-regulatoria\/#article","isPartOf":{"@id":"https:\/\/agenciainfra.com\/blog\/ana-aumenta-prazo-de-consulta-sobre-norma-de-contabilidade-regulatoria\/"},"author":{"name":"Ag\u00eancia iNFRA","@id":"https:\/\/agenciainfra.com\/blog\/#\/schema\/person\/34af08dff6adea4cb22b06612ba7acfa"},"headline":"ANA aumenta prazo de consulta sobre norma de contabilidade regulat\u00f3ria","datePublished":"2026-04-28T21:30:40+00:00","dateModified":"2026-04-28T21:30:44+00:00","mainEntityOfPage":{"@id":"https:\/\/agenciainfra.com\/blog\/ana-aumenta-prazo-de-consulta-sobre-norma-de-contabilidade-regulatoria\/"},"wordCount":333,"publisher":{"@id":"https:\/\/agenciainfra.com\/blog\/#organization"},"image":{"@id":"https:\/\/agenciainfra.com\/blog\/ana-aumenta-prazo-de-consulta-sobre-norma-de-contabilidade-regulatoria\/#primaryimage"},"thumbnailUrl":"https:\/\/agenciainfra.com\/blog\/wp-content\/uploads\/2025\/08\/fachadaana-foto-ana-1-1024x682.jpeg-e1754405958446.jpg","keywords":["Abcon","ag\u00eancia nacional de \u00e1guas e saneamento b\u00e1sico","ANA","Beatriz Kawai","consulta p\u00fablica","Cristiane Battiston","norma de contabilidade regulat\u00f3ria","Saneamento B\u00e1sico"],"articleSection":["Destaque lista"],"inLanguage":"pt-BR","copyrightYear":"2026","copyrightHolder":{"@id":"https:\/\/agenciainfra.com\/blog\/#organization"}},{"@type":"WebPage","@id":"https:\/\/agenciainfra.com\/blog\/ana-aumenta-prazo-de-consulta-sobre-norma-de-contabilidade-regulatoria\/","url":"https:\/\/agenciainfra.com\/blog\/ana-aumenta-prazo-de-consulta-sobre-norma-de-contabilidade-regulatoria\/","name":"ANA aumenta prazo de consulta sobre norma de contabilidade regulat\u00f3ria - Ag\u00eancia iNFRA","isPartOf":{"@id":"https:\/\/agenciainfra.com\/blog\/#website"},"primaryImageOfPage":{"@id":"https:\/\/agenciainfra.com\/blog\/ana-aumenta-prazo-de-consulta-sobre-norma-de-contabilidade-regulatoria\/#primaryimage"},"image":{"@id":"https:\/\/agenciainfra.com\/blog\/ana-aumenta-prazo-de-consulta-sobre-norma-de-contabilidade-regulatoria\/#primaryimage"},"thumbnailUrl":"https:\/\/agenciainfra.com\/blog\/wp-content\/uploads\/2025\/08\/fachadaana-foto-ana-1-1024x682.jpeg-e1754405958446.jpg","datePublished":"2026-04-28T21:30:40+00:00","dateModified":"2026-04-28T21:30:44+00:00","breadcrumb":{"@id":"https:\/\/agenciainfra.com\/blog\/ana-aumenta-prazo-de-consulta-sobre-norma-de-contabilidade-regulatoria\/#breadcrumb"},"inLanguage":"pt-BR","potentialAction":[{"@type":"ReadAction","target":["https:\/\/agenciainfra.com\/blog\/ana-aumenta-prazo-de-consulta-sobre-norma-de-contabilidade-regulatoria\/"]}]},{"@type":"ImageObject","inLanguage":"pt-BR","@id":"https:\/\/agenciainfra.com\/blog\/ana-aumenta-prazo-de-consulta-sobre-norma-de-contabilidade-regulatoria\/#primaryimage","url":"https:\/\/agenciainfra.com\/blog\/wp-content\/uploads\/2025\/08\/fachadaana-foto-ana-1-1024x682.jpeg-e1754405958446.jpg","contentUrl":"https:\/\/agenciainfra.com\/blog\/wp-content\/uploads\/2025\/08\/fachadaana-foto-ana-1-1024x682.jpeg-e1754405958446.jpg","width":1280,"height":783,"caption":"Foto: Divulga\u00e7\u00e3o\/ANA"},{"@type":"BreadcrumbList","@id":"https:\/\/agenciainfra.com\/blog\/ana-aumenta-prazo-de-consulta-sobre-norma-de-contabilidade-regulatoria\/#breadcrumb","itemListElement":[{"@type":"ListItem","position":1,"name":"In\u00edcio","item":"https:\/\/agenciainfra.com\/blog\/"},{"@type":"ListItem","position":2,"name":"ANA aumenta prazo de consulta sobre norma de contabilidade regulat\u00f3ria"}]},{"@type":"WebSite","@id":"https:\/\/agenciainfra.com\/blog\/#website","url":"https:\/\/agenciainfra.com\/blog\/","name":"Ag\u00eancia iNFRA","description":"Multiplataforma de informa\u00e7\u00e3o jornal\u00edstica refer\u00eancia na \u00e1rea de infraestrutura no Brasil!","publisher":{"@id":"https:\/\/agenciainfra.com\/blog\/#organization"},"potentialAction":[{"@type":"SearchAction","target":{"@type":"EntryPoint","urlTemplate":"https:\/\/agenciainfra.com\/blog\/?s={search_term_string}"},"query-input":{"@type":"PropertyValueSpecification","valueRequired":true,"valueName":"search_term_string"}}],"inLanguage":"pt-BR"},{"@type":"Organization","@id":"https:\/\/agenciainfra.com\/blog\/#organization","name":"Ag\u00eancia iNFRA","url":"https:\/\/agenciainfra.com\/blog\/","logo":{"@type":"ImageObject","inLanguage":"pt-BR","@id":"https:\/\/agenciainfra.com\/blog\/#\/schema\/logo\/image\/","url":"https:\/\/agenciainfra.com\/blog\/wp-content\/uploads\/2023\/09\/iNFRA_5-e1761735885940.png","contentUrl":"https:\/\/agenciainfra.com\/blog\/wp-content\/uploads\/2023\/09\/iNFRA_5-e1761735885940.png","width":1672,"height":454,"caption":"Ag\u00eancia iNFRA"},"image":{"@id":"https:\/\/agenciainfra.com\/blog\/#\/schema\/logo\/image\/"},"sameAs":["https:\/\/www.facebook.com\/ageninfra","https:\/\/x.com\/agencia_infra","https:\/\/www.linkedin.com\/company\/ag\u00eanciainfra\/","https:\/\/www.instagram.com\/agenciainfra\/"]},{"@type":"Person","@id":"https:\/\/agenciainfra.com\/blog\/#\/schema\/person\/34af08dff6adea4cb22b06612ba7acfa","name":"Ag\u00eancia iNFRA","image":{"@type":"ImageObject","inLanguage":"pt-BR","@id":"https:\/\/agenciainfra.com\/blog\/#\/schema\/person\/image\/","url":"https:\/\/secure.gravatar.com\/avatar\/d189e01678f06d8eb84d4e01f08eb848b3fffe3f8443818d3c356c66892f5be8?s=96&d=mm&r=g","contentUrl":"https:\/\/secure.gravatar.com\/avatar\/d189e01678f06d8eb84d4e01f08eb848b3fffe3f8443818d3c356c66892f5be8?s=96&d=mm&r=g","caption":"Ag\u00eancia iNFRA"},"url":"https:\/\/agenciainfra.com\/blog\/author\/admin\/"}]}},"_links":{"self":[{"href":"https:\/\/agenciainfra.com\/blog\/wp-json\/wp\/v2\/posts\/40285","targetHints":{"allow":["GET"]}}],"collection":[{"href":"https:\/\/agenciainfra.com\/blog\/wp-json\/wp\/v2\/posts"}],"about":[{"href":"https:\/\/agenciainfra.com\/blog\/wp-json\/wp\/v2\/types\/post"}],"author":[{"embeddable":true,"href":"https:\/\/agenciainfra.com\/blog\/wp-json\/wp\/v2\/users\/1"}],"replies":[{"embeddable":true,"href":"https:\/\/agenciainfra.com\/blog\/wp-json\/wp\/v2\/comments?post=40285"}],"version-history":[{"count":1,"href":"https:\/\/agenciainfra.com\/blog\/wp-json\/wp\/v2\/posts\/40285\/revisions"}],"predecessor-version":[{"id":40286,"href":"https:\/\/agenciainfra.com\/blog\/wp-json\/wp\/v2\/posts\/40285\/revisions\/40286"}],"wp:featuredmedia":[{"embeddable":true,"href":"https:\/\/agenciainfra.com\/blog\/wp-json\/wp\/v2\/media\/25811"}],"wp:attachment":[{"href":"https:\/\/agenciainfra.com\/blog\/wp-json\/wp\/v2\/media?parent=40285"}],"wp:term":[{"taxonomy":"category","embeddable":true,"href":"https:\/\/agenciainfra.com\/blog\/wp-json\/wp\/v2\/categories?post=40285"},{"taxonomy":"post_tag","embeddable":true,"href":"https:\/\/agenciainfra.com\/blog\/wp-json\/wp\/v2\/tags?post=40285"}],"curies":[{"name":"wp","href":"https:\/\/api.w.org\/{rel}","templated":true}]}}