{"id":40288,"date":"2026-04-28T18:39:09","date_gmt":"2026-04-28T21:39:09","guid":{"rendered":"https:\/\/agenciainfra.com\/blog\/?p=40288"},"modified":"2026-04-28T18:39:13","modified_gmt":"2026-04-28T21:39:13","slug":"floresta-viva-do-bndes-tera-ate-r-100-mi-para-restauracao-em-sergipe","status":"publish","type":"post","link":"https:\/\/agenciainfra.com\/blog\/floresta-viva-do-bndes-tera-ate-r-100-mi-para-restauracao-em-sergipe\/","title":{"rendered":"Floresta Viva, do BNDES, ter\u00e1 at\u00e9 R$ 100 mi para restaura\u00e7\u00e3o em Sergipe"},"content":{"rendered":"\n<p class=\"has-text-align-right\"><strong>da Ag\u00eancia iNFRA<\/strong><\/p>\n\n\n\n<p>O BNDES (Banco Nacional de Desenvolvimento Econ\u00f4mico e Social) e o Governo de Sergipe lan\u00e7aram o programa Floresta Viva no estado, com potencial de mobilizar at\u00e9 R$ 100 milh\u00f5es para projetos de restaura\u00e7\u00e3o ecol\u00f3gica. A iniciativa prev\u00ea cofinanciamento, com at\u00e9 R$ 50 milh\u00f5es aportados pelo banco e igual valor pelo governo estadual, por meio da Desenvolve-SE.<\/p>\n\n\n\n<p>O programa tem como foco a recupera\u00e7\u00e3o de \u00e1reas degradadas na caatinga, manguezais e restingas, com a\u00e7\u00f5es voltadas \u00e0 recomposi\u00e7\u00e3o da vegeta\u00e7\u00e3o nativa, prote\u00e7\u00e3o de nascentes e melhoria da infiltra\u00e7\u00e3o de \u00e1gua no solo. A proposta busca aumentar a resili\u00eancia ambiental, especialmente em regi\u00f5es do sert\u00e3o e do agreste, mais afetadas pela seca e pela degrada\u00e7\u00e3o do solo.<\/p>\n\n\n\n<p>Al\u00e9m dos impactos ambientais, o Floresta Viva pretende impulsionar a gera\u00e7\u00e3o de emprego e renda, com est\u00edmulo \u00e0 agricultura familiar, ao extrativismo e a cadeias produtivas ligadas \u00e0 bioeconomia. A ado\u00e7\u00e3o de sistemas agroflorestais est\u00e1 entre as estrat\u00e9gias para conciliar produ\u00e7\u00e3o e conserva\u00e7\u00e3o.<\/p>\n\n\n\n<p>Segundo o BNDES, a iniciativa integra uma pol\u00edtica mais ampla de financiamento \u00e0 restaura\u00e7\u00e3o ecol\u00f3gica no pa\u00eds, que j\u00e1 mobilizou cerca de R$ 470 milh\u00f5es em projetos e prev\u00ea expans\u00e3o nos pr\u00f3ximos anos.<\/p>\n","protected":false},"excerpt":{"rendered":"<p>da Ag\u00eancia iNFRA O BNDES (Banco Nacional de Desenvolvimento Econ\u00f4mico e Social) e o Governo de Sergipe lan\u00e7aram o programa Floresta Viva no estado, com potencial de mobilizar at\u00e9 R$ 100 milh\u00f5es para projetos de restaura\u00e7\u00e3o ecol\u00f3gica. A iniciativa prev\u00ea cofinanciamento, com at\u00e9 R$ 50 milh\u00f5es aportados pelo banco e igual valor pelo governo estadual, [&hellip;]<\/p>\n","protected":false},"author":1,"featured_media":12737,"comment_status":"closed","ping_status":"closed","sticky":false,"template":"","format":"standard","meta":{"_monsterinsights_skip_tracking":false,"_monsterinsights_sitenote_active":false,"_monsterinsights_sitenote_note":"","_monsterinsights_sitenote_category":0,"footnotes":""},"categories":[13576],"tags":[103,19640,19638,19639,16874],"class_list":["post-40288","post","type-post","status-publish","format-standard","has-post-thumbnail","hentry","category-giro-infra","tag-bndes","tag-desenvolve-se","tag-floresta-viva","tag-governo-de-sergipe","tag-restauracao-ecologica"],"yoast_head":"<!-- This site is optimized with the Yoast SEO Premium plugin v25.4 (Yoast SEO v26.0) - https:\/\/yoast.com\/wordpress\/plugins\/seo\/ -->\n<title>Floresta Viva, do BNDES, ter\u00e1 at\u00e9 R$ 100 mi para restaura\u00e7\u00e3o em Sergipe - Ag\u00eancia iNFRA<\/title>\n<meta name=\"robots\" content=\"index, follow, max-snippet:-1, max-image-preview:large, max-video-preview:-1\" \/>\n<link rel=\"canonical\" href=\"https:\/\/agenciainfra.com\/blog\/floresta-viva-do-bndes-tera-ate-r-100-mi-para-restauracao-em-sergipe\/\" \/>\n<meta property=\"og:locale\" content=\"pt_BR\" \/>\n<meta property=\"og:type\" content=\"article\" \/>\n<meta property=\"og:title\" content=\"Floresta Viva, do BNDES, ter\u00e1 at\u00e9 R$ 100 mi para restaura\u00e7\u00e3o em Sergipe\" \/>\n<meta property=\"og:description\" content=\"da Ag\u00eancia iNFRA O BNDES (Banco Nacional de Desenvolvimento Econ\u00f4mico e Social) e o Governo de Sergipe lan\u00e7aram o programa Floresta Viva no estado, com potencial de mobilizar at\u00e9 R$ 100 milh\u00f5es para projetos de restaura\u00e7\u00e3o ecol\u00f3gica. A iniciativa prev\u00ea cofinanciamento, com at\u00e9 R$ 50 milh\u00f5es aportados pelo banco e igual valor pelo governo estadual, [&hellip;]\" \/>\n<meta property=\"og:url\" content=\"https:\/\/agenciainfra.com\/blog\/floresta-viva-do-bndes-tera-ate-r-100-mi-para-restauracao-em-sergipe\/\" \/>\n<meta property=\"og:site_name\" content=\"Ag\u00eancia iNFRA\" \/>\n<meta property=\"article:publisher\" content=\"https:\/\/www.facebook.com\/ageninfra\" \/>\n<meta property=\"article:published_time\" content=\"2026-04-28T21:39:09+00:00\" \/>\n<meta property=\"article:modified_time\" content=\"2026-04-28T21:39:13+00:00\" \/>\n<meta property=\"og:image\" content=\"https:\/\/agenciainfra.com\/blog\/wp-content\/uploads\/2023\/05\/floresta-amazonica-foto-tv-brasil-reproducao-e1777412245909.jpeg\" \/>\n\t<meta property=\"og:image:width\" content=\"1280\" \/>\n\t<meta property=\"og:image:height\" content=\"766\" \/>\n\t<meta property=\"og:image:type\" content=\"image\/jpeg\" \/>\n<meta name=\"author\" content=\"Ag\u00eancia iNFRA\" \/>\n<meta name=\"twitter:card\" content=\"summary_large_image\" \/>\n<meta name=\"twitter:creator\" content=\"@agencia_infra\" \/>\n<meta name=\"twitter:site\" content=\"@agencia_infra\" \/>\n<meta name=\"twitter:label1\" content=\"Escrito por\" \/>\n\t<meta name=\"twitter:data1\" content=\"Ag\u00eancia iNFRA\" \/>\n\t<meta name=\"twitter:label2\" content=\"Est. tempo de leitura\" \/>\n\t<meta name=\"twitter:data2\" content=\"1 minuto\" \/>\n<script type=\"application\/ld+json\" class=\"yoast-schema-graph\">{\"@context\":\"https:\/\/schema.org\",\"@graph\":[{\"@type\":\"Article\",\"@id\":\"https:\/\/agenciainfra.com\/blog\/floresta-viva-do-bndes-tera-ate-r-100-mi-para-restauracao-em-sergipe\/#article\",\"isPartOf\":{\"@id\":\"https:\/\/agenciainfra.com\/blog\/floresta-viva-do-bndes-tera-ate-r-100-mi-para-restauracao-em-sergipe\/\"},\"author\":{\"name\":\"Ag\u00eancia iNFRA\",\"@id\":\"https:\/\/agenciainfra.com\/blog\/#\/schema\/person\/34af08dff6adea4cb22b06612ba7acfa\"},\"headline\":\"Floresta Viva, do BNDES, ter\u00e1 at\u00e9 R$ 100 mi para restaura\u00e7\u00e3o em Sergipe\",\"datePublished\":\"2026-04-28T21:39:09+00:00\",\"dateModified\":\"2026-04-28T21:39:13+00:00\",\"mainEntityOfPage\":{\"@id\":\"https:\/\/agenciainfra.com\/blog\/floresta-viva-do-bndes-tera-ate-r-100-mi-para-restauracao-em-sergipe\/\"},\"wordCount\":230,\"publisher\":{\"@id\":\"https:\/\/agenciainfra.com\/blog\/#organization\"},\"image\":{\"@id\":\"https:\/\/agenciainfra.com\/blog\/floresta-viva-do-bndes-tera-ate-r-100-mi-para-restauracao-em-sergipe\/#primaryimage\"},\"thumbnailUrl\":\"https:\/\/agenciainfra.com\/blog\/wp-content\/uploads\/2023\/05\/floresta-amazonica-foto-tv-brasil-reproducao-e1777412245909.jpeg\",\"keywords\":[\"BNDES\",\"Desenvolve-SE\",\"floresta viva\",\"governo de sergipe\",\"restaura\u00e7\u00e3o ecol\u00f3gica\"],\"articleSection\":[\"Giro iNFRA\"],\"inLanguage\":\"pt-BR\",\"copyrightYear\":\"2026\",\"copyrightHolder\":{\"@id\":\"https:\/\/agenciainfra.com\/blog\/#organization\"}},{\"@type\":\"WebPage\",\"@id\":\"https:\/\/agenciainfra.com\/blog\/floresta-viva-do-bndes-tera-ate-r-100-mi-para-restauracao-em-sergipe\/\",\"url\":\"https:\/\/agenciainfra.com\/blog\/floresta-viva-do-bndes-tera-ate-r-100-mi-para-restauracao-em-sergipe\/\",\"name\":\"Floresta Viva, do BNDES, ter\u00e1 at\u00e9 R$ 100 mi para restaura\u00e7\u00e3o em Sergipe - Ag\u00eancia iNFRA\",\"isPartOf\":{\"@id\":\"https:\/\/agenciainfra.com\/blog\/#website\"},\"primaryImageOfPage\":{\"@id\":\"https:\/\/agenciainfra.com\/blog\/floresta-viva-do-bndes-tera-ate-r-100-mi-para-restauracao-em-sergipe\/#primaryimage\"},\"image\":{\"@id\":\"https:\/\/agenciainfra.com\/blog\/floresta-viva-do-bndes-tera-ate-r-100-mi-para-restauracao-em-sergipe\/#primaryimage\"},\"thumbnailUrl\":\"https:\/\/agenciainfra.com\/blog\/wp-content\/uploads\/2023\/05\/floresta-amazonica-foto-tv-brasil-reproducao-e1777412245909.jpeg\",\"datePublished\":\"2026-04-28T21:39:09+00:00\",\"dateModified\":\"2026-04-28T21:39:13+00:00\",\"breadcrumb\":{\"@id\":\"https:\/\/agenciainfra.com\/blog\/floresta-viva-do-bndes-tera-ate-r-100-mi-para-restauracao-em-sergipe\/#breadcrumb\"},\"inLanguage\":\"pt-BR\",\"potentialAction\":[{\"@type\":\"ReadAction\",\"target\":[\"https:\/\/agenciainfra.com\/blog\/floresta-viva-do-bndes-tera-ate-r-100-mi-para-restauracao-em-sergipe\/\"]}]},{\"@type\":\"ImageObject\",\"inLanguage\":\"pt-BR\",\"@id\":\"https:\/\/agenciainfra.com\/blog\/floresta-viva-do-bndes-tera-ate-r-100-mi-para-restauracao-em-sergipe\/#primaryimage\",\"url\":\"https:\/\/agenciainfra.com\/blog\/wp-content\/uploads\/2023\/05\/floresta-amazonica-foto-tv-brasil-reproducao-e1777412245909.jpeg\",\"contentUrl\":\"https:\/\/agenciainfra.com\/blog\/wp-content\/uploads\/2023\/05\/floresta-amazonica-foto-tv-brasil-reproducao-e1777412245909.jpeg\",\"width\":1280,\"height\":766,\"caption\":\"Foto: Reprodu\u00e7\u00e3o\/TV Brasil\"},{\"@type\":\"BreadcrumbList\",\"@id\":\"https:\/\/agenciainfra.com\/blog\/floresta-viva-do-bndes-tera-ate-r-100-mi-para-restauracao-em-sergipe\/#breadcrumb\",\"itemListElement\":[{\"@type\":\"ListItem\",\"position\":1,\"name\":\"In\u00edcio\",\"item\":\"https:\/\/agenciainfra.com\/blog\/\"},{\"@type\":\"ListItem\",\"position\":2,\"name\":\"Floresta Viva, do BNDES, ter\u00e1 at\u00e9 R$ 100 mi para restaura\u00e7\u00e3o em Sergipe\"}]},{\"@type\":\"WebSite\",\"@id\":\"https:\/\/agenciainfra.com\/blog\/#website\",\"url\":\"https:\/\/agenciainfra.com\/blog\/\",\"name\":\"Ag\u00eancia iNFRA\",\"description\":\"Multiplataforma de informa\u00e7\u00e3o jornal\u00edstica refer\u00eancia na \u00e1rea de infraestrutura no Brasil!\",\"publisher\":{\"@id\":\"https:\/\/agenciainfra.com\/blog\/#organization\"},\"potentialAction\":[{\"@type\":\"SearchAction\",\"target\":{\"@type\":\"EntryPoint\",\"urlTemplate\":\"https:\/\/agenciainfra.com\/blog\/?s={search_term_string}\"},\"query-input\":{\"@type\":\"PropertyValueSpecification\",\"valueRequired\":true,\"valueName\":\"search_term_string\"}}],\"inLanguage\":\"pt-BR\"},{\"@type\":\"Organization\",\"@id\":\"https:\/\/agenciainfra.com\/blog\/#organization\",\"name\":\"Ag\u00eancia iNFRA\",\"url\":\"https:\/\/agenciainfra.com\/blog\/\",\"logo\":{\"@type\":\"ImageObject\",\"inLanguage\":\"pt-BR\",\"@id\":\"https:\/\/agenciainfra.com\/blog\/#\/schema\/logo\/image\/\",\"url\":\"https:\/\/agenciainfra.com\/blog\/wp-content\/uploads\/2023\/09\/iNFRA_5-e1761735885940.png\",\"contentUrl\":\"https:\/\/agenciainfra.com\/blog\/wp-content\/uploads\/2023\/09\/iNFRA_5-e1761735885940.png\",\"width\":1672,\"height\":454,\"caption\":\"Ag\u00eancia iNFRA\"},\"image\":{\"@id\":\"https:\/\/agenciainfra.com\/blog\/#\/schema\/logo\/image\/\"},\"sameAs\":[\"https:\/\/www.facebook.com\/ageninfra\",\"https:\/\/x.com\/agencia_infra\",\"https:\/\/www.linkedin.com\/company\/ag\u00eanciainfra\/\",\"https:\/\/www.instagram.com\/agenciainfra\/\"]},{\"@type\":\"Person\",\"@id\":\"https:\/\/agenciainfra.com\/blog\/#\/schema\/person\/34af08dff6adea4cb22b06612ba7acfa\",\"name\":\"Ag\u00eancia iNFRA\",\"image\":{\"@type\":\"ImageObject\",\"inLanguage\":\"pt-BR\",\"@id\":\"https:\/\/agenciainfra.com\/blog\/#\/schema\/person\/image\/\",\"url\":\"https:\/\/secure.gravatar.com\/avatar\/d189e01678f06d8eb84d4e01f08eb848b3fffe3f8443818d3c356c66892f5be8?s=96&d=mm&r=g\",\"contentUrl\":\"https:\/\/secure.gravatar.com\/avatar\/d189e01678f06d8eb84d4e01f08eb848b3fffe3f8443818d3c356c66892f5be8?s=96&d=mm&r=g\",\"caption\":\"Ag\u00eancia iNFRA\"},\"url\":\"https:\/\/agenciainfra.com\/blog\/author\/admin\/\"}]}<\/script>\n<!-- \/ Yoast SEO Premium plugin. -->","yoast_head_json":{"title":"Floresta Viva, do BNDES, ter\u00e1 at\u00e9 R$ 100 mi para restaura\u00e7\u00e3o em Sergipe - Ag\u00eancia iNFRA","robots":{"index":"index","follow":"follow","max-snippet":"max-snippet:-1","max-image-preview":"max-image-preview:large","max-video-preview":"max-video-preview:-1"},"canonical":"https:\/\/agenciainfra.com\/blog\/floresta-viva-do-bndes-tera-ate-r-100-mi-para-restauracao-em-sergipe\/","og_locale":"pt_BR","og_type":"article","og_title":"Floresta Viva, do BNDES, ter\u00e1 at\u00e9 R$ 100 mi para restaura\u00e7\u00e3o em Sergipe","og_description":"da Ag\u00eancia iNFRA O BNDES (Banco Nacional de Desenvolvimento Econ\u00f4mico e Social) e o Governo de Sergipe lan\u00e7aram o programa Floresta Viva no estado, com potencial de mobilizar at\u00e9 R$ 100 milh\u00f5es para projetos de restaura\u00e7\u00e3o ecol\u00f3gica. A iniciativa prev\u00ea cofinanciamento, com at\u00e9 R$ 50 milh\u00f5es aportados pelo banco e igual valor pelo governo estadual, [&hellip;]","og_url":"https:\/\/agenciainfra.com\/blog\/floresta-viva-do-bndes-tera-ate-r-100-mi-para-restauracao-em-sergipe\/","og_site_name":"Ag\u00eancia iNFRA","article_publisher":"https:\/\/www.facebook.com\/ageninfra","article_published_time":"2026-04-28T21:39:09+00:00","article_modified_time":"2026-04-28T21:39:13+00:00","og_image":[{"width":1280,"height":766,"url":"https:\/\/agenciainfra.com\/blog\/wp-content\/uploads\/2023\/05\/floresta-amazonica-foto-tv-brasil-reproducao-e1777412245909.jpeg","type":"image\/jpeg"}],"author":"Ag\u00eancia iNFRA","twitter_card":"summary_large_image","twitter_creator":"@agencia_infra","twitter_site":"@agencia_infra","twitter_misc":{"Escrito por":"Ag\u00eancia iNFRA","Est. tempo de leitura":"1 minuto"},"schema":{"@context":"https:\/\/schema.org","@graph":[{"@type":"Article","@id":"https:\/\/agenciainfra.com\/blog\/floresta-viva-do-bndes-tera-ate-r-100-mi-para-restauracao-em-sergipe\/#article","isPartOf":{"@id":"https:\/\/agenciainfra.com\/blog\/floresta-viva-do-bndes-tera-ate-r-100-mi-para-restauracao-em-sergipe\/"},"author":{"name":"Ag\u00eancia iNFRA","@id":"https:\/\/agenciainfra.com\/blog\/#\/schema\/person\/34af08dff6adea4cb22b06612ba7acfa"},"headline":"Floresta Viva, do BNDES, ter\u00e1 at\u00e9 R$ 100 mi para restaura\u00e7\u00e3o em Sergipe","datePublished":"2026-04-28T21:39:09+00:00","dateModified":"2026-04-28T21:39:13+00:00","mainEntityOfPage":{"@id":"https:\/\/agenciainfra.com\/blog\/floresta-viva-do-bndes-tera-ate-r-100-mi-para-restauracao-em-sergipe\/"},"wordCount":230,"publisher":{"@id":"https:\/\/agenciainfra.com\/blog\/#organization"},"image":{"@id":"https:\/\/agenciainfra.com\/blog\/floresta-viva-do-bndes-tera-ate-r-100-mi-para-restauracao-em-sergipe\/#primaryimage"},"thumbnailUrl":"https:\/\/agenciainfra.com\/blog\/wp-content\/uploads\/2023\/05\/floresta-amazonica-foto-tv-brasil-reproducao-e1777412245909.jpeg","keywords":["BNDES","Desenvolve-SE","floresta viva","governo de sergipe","restaura\u00e7\u00e3o ecol\u00f3gica"],"articleSection":["Giro iNFRA"],"inLanguage":"pt-BR","copyrightYear":"2026","copyrightHolder":{"@id":"https:\/\/agenciainfra.com\/blog\/#organization"}},{"@type":"WebPage","@id":"https:\/\/agenciainfra.com\/blog\/floresta-viva-do-bndes-tera-ate-r-100-mi-para-restauracao-em-sergipe\/","url":"https:\/\/agenciainfra.com\/blog\/floresta-viva-do-bndes-tera-ate-r-100-mi-para-restauracao-em-sergipe\/","name":"Floresta Viva, do BNDES, ter\u00e1 at\u00e9 R$ 100 mi para restaura\u00e7\u00e3o em Sergipe - Ag\u00eancia iNFRA","isPartOf":{"@id":"https:\/\/agenciainfra.com\/blog\/#website"},"primaryImageOfPage":{"@id":"https:\/\/agenciainfra.com\/blog\/floresta-viva-do-bndes-tera-ate-r-100-mi-para-restauracao-em-sergipe\/#primaryimage"},"image":{"@id":"https:\/\/agenciainfra.com\/blog\/floresta-viva-do-bndes-tera-ate-r-100-mi-para-restauracao-em-sergipe\/#primaryimage"},"thumbnailUrl":"https:\/\/agenciainfra.com\/blog\/wp-content\/uploads\/2023\/05\/floresta-amazonica-foto-tv-brasil-reproducao-e1777412245909.jpeg","datePublished":"2026-04-28T21:39:09+00:00","dateModified":"2026-04-28T21:39:13+00:00","breadcrumb":{"@id":"https:\/\/agenciainfra.com\/blog\/floresta-viva-do-bndes-tera-ate-r-100-mi-para-restauracao-em-sergipe\/#breadcrumb"},"inLanguage":"pt-BR","potentialAction":[{"@type":"ReadAction","target":["https:\/\/agenciainfra.com\/blog\/floresta-viva-do-bndes-tera-ate-r-100-mi-para-restauracao-em-sergipe\/"]}]},{"@type":"ImageObject","inLanguage":"pt-BR","@id":"https:\/\/agenciainfra.com\/blog\/floresta-viva-do-bndes-tera-ate-r-100-mi-para-restauracao-em-sergipe\/#primaryimage","url":"https:\/\/agenciainfra.com\/blog\/wp-content\/uploads\/2023\/05\/floresta-amazonica-foto-tv-brasil-reproducao-e1777412245909.jpeg","contentUrl":"https:\/\/agenciainfra.com\/blog\/wp-content\/uploads\/2023\/05\/floresta-amazonica-foto-tv-brasil-reproducao-e1777412245909.jpeg","width":1280,"height":766,"caption":"Foto: Reprodu\u00e7\u00e3o\/TV Brasil"},{"@type":"BreadcrumbList","@id":"https:\/\/agenciainfra.com\/blog\/floresta-viva-do-bndes-tera-ate-r-100-mi-para-restauracao-em-sergipe\/#breadcrumb","itemListElement":[{"@type":"ListItem","position":1,"name":"In\u00edcio","item":"https:\/\/agenciainfra.com\/blog\/"},{"@type":"ListItem","position":2,"name":"Floresta Viva, do BNDES, ter\u00e1 at\u00e9 R$ 100 mi para restaura\u00e7\u00e3o em Sergipe"}]},{"@type":"WebSite","@id":"https:\/\/agenciainfra.com\/blog\/#website","url":"https:\/\/agenciainfra.com\/blog\/","name":"Ag\u00eancia iNFRA","description":"Multiplataforma de informa\u00e7\u00e3o jornal\u00edstica refer\u00eancia na \u00e1rea de infraestrutura no Brasil!","publisher":{"@id":"https:\/\/agenciainfra.com\/blog\/#organization"},"potentialAction":[{"@type":"SearchAction","target":{"@type":"EntryPoint","urlTemplate":"https:\/\/agenciainfra.com\/blog\/?s={search_term_string}"},"query-input":{"@type":"PropertyValueSpecification","valueRequired":true,"valueName":"search_term_string"}}],"inLanguage":"pt-BR"},{"@type":"Organization","@id":"https:\/\/agenciainfra.com\/blog\/#organization","name":"Ag\u00eancia iNFRA","url":"https:\/\/agenciainfra.com\/blog\/","logo":{"@type":"ImageObject","inLanguage":"pt-BR","@id":"https:\/\/agenciainfra.com\/blog\/#\/schema\/logo\/image\/","url":"https:\/\/agenciainfra.com\/blog\/wp-content\/uploads\/2023\/09\/iNFRA_5-e1761735885940.png","contentUrl":"https:\/\/agenciainfra.com\/blog\/wp-content\/uploads\/2023\/09\/iNFRA_5-e1761735885940.png","width":1672,"height":454,"caption":"Ag\u00eancia iNFRA"},"image":{"@id":"https:\/\/agenciainfra.com\/blog\/#\/schema\/logo\/image\/"},"sameAs":["https:\/\/www.facebook.com\/ageninfra","https:\/\/x.com\/agencia_infra","https:\/\/www.linkedin.com\/company\/ag\u00eanciainfra\/","https:\/\/www.instagram.com\/agenciainfra\/"]},{"@type":"Person","@id":"https:\/\/agenciainfra.com\/blog\/#\/schema\/person\/34af08dff6adea4cb22b06612ba7acfa","name":"Ag\u00eancia iNFRA","image":{"@type":"ImageObject","inLanguage":"pt-BR","@id":"https:\/\/agenciainfra.com\/blog\/#\/schema\/person\/image\/","url":"https:\/\/secure.gravatar.com\/avatar\/d189e01678f06d8eb84d4e01f08eb848b3fffe3f8443818d3c356c66892f5be8?s=96&d=mm&r=g","contentUrl":"https:\/\/secure.gravatar.com\/avatar\/d189e01678f06d8eb84d4e01f08eb848b3fffe3f8443818d3c356c66892f5be8?s=96&d=mm&r=g","caption":"Ag\u00eancia iNFRA"},"url":"https:\/\/agenciainfra.com\/blog\/author\/admin\/"}]}},"_links":{"self":[{"href":"https:\/\/agenciainfra.com\/blog\/wp-json\/wp\/v2\/posts\/40288","targetHints":{"allow":["GET"]}}],"collection":[{"href":"https:\/\/agenciainfra.com\/blog\/wp-json\/wp\/v2\/posts"}],"about":[{"href":"https:\/\/agenciainfra.com\/blog\/wp-json\/wp\/v2\/types\/post"}],"author":[{"embeddable":true,"href":"https:\/\/agenciainfra.com\/blog\/wp-json\/wp\/v2\/users\/1"}],"replies":[{"embeddable":true,"href":"https:\/\/agenciainfra.com\/blog\/wp-json\/wp\/v2\/comments?post=40288"}],"version-history":[{"count":1,"href":"https:\/\/agenciainfra.com\/blog\/wp-json\/wp\/v2\/posts\/40288\/revisions"}],"predecessor-version":[{"id":40289,"href":"https:\/\/agenciainfra.com\/blog\/wp-json\/wp\/v2\/posts\/40288\/revisions\/40289"}],"wp:featuredmedia":[{"embeddable":true,"href":"https:\/\/agenciainfra.com\/blog\/wp-json\/wp\/v2\/media\/12737"}],"wp:attachment":[{"href":"https:\/\/agenciainfra.com\/blog\/wp-json\/wp\/v2\/media?parent=40288"}],"wp:term":[{"taxonomy":"category","embeddable":true,"href":"https:\/\/agenciainfra.com\/blog\/wp-json\/wp\/v2\/categories?post=40288"},{"taxonomy":"post_tag","embeddable":true,"href":"https:\/\/agenciainfra.com\/blog\/wp-json\/wp\/v2\/tags?post=40288"}],"curies":[{"name":"wp","href":"https:\/\/api.w.org\/{rel}","templated":true}]}}