{"id":40290,"date":"2026-04-28T19:43:46","date_gmt":"2026-04-28T22:43:46","guid":{"rendered":"https:\/\/agenciainfra.com\/blog\/?p=40290"},"modified":"2026-04-28T19:43:48","modified_gmt":"2026-04-28T22:43:48","slug":"diretoria-da-aneel-rejeita-recursos-da-ambar-energia-contra-lrcap","status":"publish","type":"post","link":"https:\/\/agenciainfra.com\/blog\/diretoria-da-aneel-rejeita-recursos-da-ambar-energia-contra-lrcap\/","title":{"rendered":"Diretoria da ANEEL rejeita recursos da \u00c2mbar Energia contra LRCAP"},"content":{"rendered":"\n<p class=\"has-text-align-right\"><strong>Lais Carregosa, da Ag\u00eancia iNFRA<\/strong><\/p>\n\n\n\n<p>A diretoria da ANEEL (Ag\u00eancia Nacional de Energia El\u00e9trica) <a href=\"https:\/\/www2.aneel.gov.br\/aplicacoes_liferay\/noticias_area\/dsp_detalheNoticia.cfm?idNoticia=14740&amp;idAreaNoticia=425\">rejeitou<\/a> nesta ter\u00e7a-feira (28) os recursos da \u00c2mbar Energia, do grupo J&amp;F, contra o LRCAP 2026 (Leil\u00e3o de Reserva de Capacidade na forma de Pot\u00eancia). O processo estava na pauta do circuito deliberativo da reguladora, que \u00e9 um mecanismo de delibera\u00e7\u00e3o remota.&nbsp;<\/p>\n\n\n\n<p>O diretor Fernando Mosna declarou suspei\u00e7\u00e3o e o restante do colegiado seguiu o voto do relator, Willamy Frota, que entendeu n\u00e3o haver \u201cqualquer ilegalidade, irregularidade procedimental ou falha sist\u00eamica capaz de justificar a revis\u00e3o do resultado do leil\u00e3o\u201d.<\/p>\n","protected":false},"excerpt":{"rendered":"<p>Lais Carregosa, da Ag\u00eancia iNFRA A diretoria da ANEEL (Ag\u00eancia Nacional de Energia El\u00e9trica) rejeitou nesta ter\u00e7a-feira (28) os recursos da \u00c2mbar Energia, do grupo J&amp;F, contra o LRCAP 2026 (Leil\u00e3o de Reserva de Capacidade na forma de Pot\u00eancia). O processo estava na pauta do circuito deliberativo da reguladora, que \u00e9 um mecanismo de delibera\u00e7\u00e3o [&hellip;]<\/p>\n","protected":false},"author":1,"featured_media":33766,"comment_status":"closed","ping_status":"closed","sticky":false,"template":"","format":"standard","meta":{"_monsterinsights_skip_tracking":false,"_monsterinsights_sitenote_active":false,"_monsterinsights_sitenote_note":"","_monsterinsights_sitenote_category":0,"footnotes":""},"categories":[7250],"tags":[5481,53,7014,10323,13132,254,9822,11892],"class_list":["post-40290","post","type-post","status-publish","format-standard","has-post-thumbnail","hentry","category-destaque-lista","tag-ambar-energia","tag-aneel","tag-fernando-mosna","tag-grupo-jf","tag-lais-carregosa","tag-leilao","tag-lrcap","tag-willamy-frota"],"yoast_head":"<!-- This site is optimized with the Yoast SEO Premium plugin v25.4 (Yoast SEO v26.0) - https:\/\/yoast.com\/wordpress\/plugins\/seo\/ -->\n<title>Diretoria da ANEEL rejeita recursos da \u00c2mbar Energia contra LRCAP - Ag\u00eancia iNFRA<\/title>\n<meta name=\"robots\" content=\"index, follow, max-snippet:-1, max-image-preview:large, max-video-preview:-1\" \/>\n<link rel=\"canonical\" href=\"https:\/\/agenciainfra.com\/blog\/diretoria-da-aneel-rejeita-recursos-da-ambar-energia-contra-lrcap\/\" \/>\n<meta property=\"og:locale\" content=\"pt_BR\" \/>\n<meta property=\"og:type\" content=\"article\" \/>\n<meta property=\"og:title\" content=\"Diretoria da ANEEL rejeita recursos da \u00c2mbar Energia contra LRCAP\" \/>\n<meta property=\"og:description\" content=\"Lais Carregosa, da Ag\u00eancia iNFRA A diretoria da ANEEL (Ag\u00eancia Nacional de Energia El\u00e9trica) rejeitou nesta ter\u00e7a-feira (28) os recursos da \u00c2mbar Energia, do grupo J&amp;F, contra o LRCAP 2026 (Leil\u00e3o de Reserva de Capacidade na forma de Pot\u00eancia). O processo estava na pauta do circuito deliberativo da reguladora, que \u00e9 um mecanismo de delibera\u00e7\u00e3o [&hellip;]\" \/>\n<meta property=\"og:url\" content=\"https:\/\/agenciainfra.com\/blog\/diretoria-da-aneel-rejeita-recursos-da-ambar-energia-contra-lrcap\/\" \/>\n<meta property=\"og:site_name\" content=\"Ag\u00eancia iNFRA\" \/>\n<meta property=\"article:publisher\" content=\"https:\/\/www.facebook.com\/ageninfra\" \/>\n<meta property=\"article:published_time\" content=\"2026-04-28T22:43:46+00:00\" \/>\n<meta property=\"article:modified_time\" content=\"2026-04-28T22:43:48+00:00\" \/>\n<meta property=\"og:image\" content=\"https:\/\/agenciainfra.com\/blog\/wp-content\/uploads\/2025\/12\/foto-ambar-energia-divulgacao-e1772582130771.jpg\" \/>\n\t<meta property=\"og:image:width\" content=\"1114\" \/>\n\t<meta property=\"og:image:height\" content=\"593\" \/>\n\t<meta property=\"og:image:type\" content=\"image\/jpeg\" \/>\n<meta name=\"author\" content=\"Ag\u00eancia iNFRA\" \/>\n<meta name=\"twitter:card\" content=\"summary_large_image\" \/>\n<meta name=\"twitter:creator\" content=\"@agencia_infra\" \/>\n<meta name=\"twitter:site\" content=\"@agencia_infra\" \/>\n<meta name=\"twitter:label1\" content=\"Escrito por\" \/>\n\t<meta name=\"twitter:data1\" content=\"Ag\u00eancia iNFRA\" \/>\n\t<meta name=\"twitter:label2\" content=\"Est. tempo de leitura\" \/>\n\t<meta name=\"twitter:data2\" content=\"1 minuto\" \/>\n<script type=\"application\/ld+json\" class=\"yoast-schema-graph\">{\"@context\":\"https:\/\/schema.org\",\"@graph\":[{\"@type\":\"Article\",\"@id\":\"https:\/\/agenciainfra.com\/blog\/diretoria-da-aneel-rejeita-recursos-da-ambar-energia-contra-lrcap\/#article\",\"isPartOf\":{\"@id\":\"https:\/\/agenciainfra.com\/blog\/diretoria-da-aneel-rejeita-recursos-da-ambar-energia-contra-lrcap\/\"},\"author\":{\"name\":\"Ag\u00eancia iNFRA\",\"@id\":\"https:\/\/agenciainfra.com\/blog\/#\/schema\/person\/34af08dff6adea4cb22b06612ba7acfa\"},\"headline\":\"Diretoria da ANEEL rejeita recursos da \u00c2mbar Energia contra LRCAP\",\"datePublished\":\"2026-04-28T22:43:46+00:00\",\"dateModified\":\"2026-04-28T22:43:48+00:00\",\"mainEntityOfPage\":{\"@id\":\"https:\/\/agenciainfra.com\/blog\/diretoria-da-aneel-rejeita-recursos-da-ambar-energia-contra-lrcap\/\"},\"wordCount\":116,\"publisher\":{\"@id\":\"https:\/\/agenciainfra.com\/blog\/#organization\"},\"image\":{\"@id\":\"https:\/\/agenciainfra.com\/blog\/diretoria-da-aneel-rejeita-recursos-da-ambar-energia-contra-lrcap\/#primaryimage\"},\"thumbnailUrl\":\"https:\/\/agenciainfra.com\/blog\/wp-content\/uploads\/2025\/12\/foto-ambar-energia-divulgacao-e1772582130771.jpg\",\"keywords\":[\"\u00c2mbar Energia\",\"ANEEL\",\"Fernando Mosna\",\"Grupo J&amp;F\",\"Lais Carregosa\",\"leil\u00e3o\",\"LRCAP\",\"Willamy Frota\"],\"articleSection\":[\"Destaque lista\"],\"inLanguage\":\"pt-BR\",\"copyrightYear\":\"2026\",\"copyrightHolder\":{\"@id\":\"https:\/\/agenciainfra.com\/blog\/#organization\"}},{\"@type\":\"WebPage\",\"@id\":\"https:\/\/agenciainfra.com\/blog\/diretoria-da-aneel-rejeita-recursos-da-ambar-energia-contra-lrcap\/\",\"url\":\"https:\/\/agenciainfra.com\/blog\/diretoria-da-aneel-rejeita-recursos-da-ambar-energia-contra-lrcap\/\",\"name\":\"Diretoria da ANEEL rejeita recursos da \u00c2mbar Energia contra LRCAP - Ag\u00eancia iNFRA\",\"isPartOf\":{\"@id\":\"https:\/\/agenciainfra.com\/blog\/#website\"},\"primaryImageOfPage\":{\"@id\":\"https:\/\/agenciainfra.com\/blog\/diretoria-da-aneel-rejeita-recursos-da-ambar-energia-contra-lrcap\/#primaryimage\"},\"image\":{\"@id\":\"https:\/\/agenciainfra.com\/blog\/diretoria-da-aneel-rejeita-recursos-da-ambar-energia-contra-lrcap\/#primaryimage\"},\"thumbnailUrl\":\"https:\/\/agenciainfra.com\/blog\/wp-content\/uploads\/2025\/12\/foto-ambar-energia-divulgacao-e1772582130771.jpg\",\"datePublished\":\"2026-04-28T22:43:46+00:00\",\"dateModified\":\"2026-04-28T22:43:48+00:00\",\"breadcrumb\":{\"@id\":\"https:\/\/agenciainfra.com\/blog\/diretoria-da-aneel-rejeita-recursos-da-ambar-energia-contra-lrcap\/#breadcrumb\"},\"inLanguage\":\"pt-BR\",\"potentialAction\":[{\"@type\":\"ReadAction\",\"target\":[\"https:\/\/agenciainfra.com\/blog\/diretoria-da-aneel-rejeita-recursos-da-ambar-energia-contra-lrcap\/\"]}]},{\"@type\":\"ImageObject\",\"inLanguage\":\"pt-BR\",\"@id\":\"https:\/\/agenciainfra.com\/blog\/diretoria-da-aneel-rejeita-recursos-da-ambar-energia-contra-lrcap\/#primaryimage\",\"url\":\"https:\/\/agenciainfra.com\/blog\/wp-content\/uploads\/2025\/12\/foto-ambar-energia-divulgacao-e1772582130771.jpg\",\"contentUrl\":\"https:\/\/agenciainfra.com\/blog\/wp-content\/uploads\/2025\/12\/foto-ambar-energia-divulgacao-e1772582130771.jpg\",\"width\":1114,\"height\":593,\"caption\":\"Foto: \u00c2mbar\"},{\"@type\":\"BreadcrumbList\",\"@id\":\"https:\/\/agenciainfra.com\/blog\/diretoria-da-aneel-rejeita-recursos-da-ambar-energia-contra-lrcap\/#breadcrumb\",\"itemListElement\":[{\"@type\":\"ListItem\",\"position\":1,\"name\":\"In\u00edcio\",\"item\":\"https:\/\/agenciainfra.com\/blog\/\"},{\"@type\":\"ListItem\",\"position\":2,\"name\":\"Diretoria da ANEEL rejeita recursos da \u00c2mbar Energia contra LRCAP\"}]},{\"@type\":\"WebSite\",\"@id\":\"https:\/\/agenciainfra.com\/blog\/#website\",\"url\":\"https:\/\/agenciainfra.com\/blog\/\",\"name\":\"Ag\u00eancia iNFRA\",\"description\":\"Multiplataforma de informa\u00e7\u00e3o jornal\u00edstica refer\u00eancia na \u00e1rea de infraestrutura no Brasil!\",\"publisher\":{\"@id\":\"https:\/\/agenciainfra.com\/blog\/#organization\"},\"potentialAction\":[{\"@type\":\"SearchAction\",\"target\":{\"@type\":\"EntryPoint\",\"urlTemplate\":\"https:\/\/agenciainfra.com\/blog\/?s={search_term_string}\"},\"query-input\":{\"@type\":\"PropertyValueSpecification\",\"valueRequired\":true,\"valueName\":\"search_term_string\"}}],\"inLanguage\":\"pt-BR\"},{\"@type\":\"Organization\",\"@id\":\"https:\/\/agenciainfra.com\/blog\/#organization\",\"name\":\"Ag\u00eancia iNFRA\",\"url\":\"https:\/\/agenciainfra.com\/blog\/\",\"logo\":{\"@type\":\"ImageObject\",\"inLanguage\":\"pt-BR\",\"@id\":\"https:\/\/agenciainfra.com\/blog\/#\/schema\/logo\/image\/\",\"url\":\"https:\/\/agenciainfra.com\/blog\/wp-content\/uploads\/2023\/09\/iNFRA_5-e1761735885940.png\",\"contentUrl\":\"https:\/\/agenciainfra.com\/blog\/wp-content\/uploads\/2023\/09\/iNFRA_5-e1761735885940.png\",\"width\":1672,\"height\":454,\"caption\":\"Ag\u00eancia iNFRA\"},\"image\":{\"@id\":\"https:\/\/agenciainfra.com\/blog\/#\/schema\/logo\/image\/\"},\"sameAs\":[\"https:\/\/www.facebook.com\/ageninfra\",\"https:\/\/x.com\/agencia_infra\",\"https:\/\/www.linkedin.com\/company\/ag\u00eanciainfra\/\",\"https:\/\/www.instagram.com\/agenciainfra\/\"]},{\"@type\":\"Person\",\"@id\":\"https:\/\/agenciainfra.com\/blog\/#\/schema\/person\/34af08dff6adea4cb22b06612ba7acfa\",\"name\":\"Ag\u00eancia iNFRA\",\"image\":{\"@type\":\"ImageObject\",\"inLanguage\":\"pt-BR\",\"@id\":\"https:\/\/agenciainfra.com\/blog\/#\/schema\/person\/image\/\",\"url\":\"https:\/\/secure.gravatar.com\/avatar\/d189e01678f06d8eb84d4e01f08eb848b3fffe3f8443818d3c356c66892f5be8?s=96&d=mm&r=g\",\"contentUrl\":\"https:\/\/secure.gravatar.com\/avatar\/d189e01678f06d8eb84d4e01f08eb848b3fffe3f8443818d3c356c66892f5be8?s=96&d=mm&r=g\",\"caption\":\"Ag\u00eancia iNFRA\"},\"url\":\"https:\/\/agenciainfra.com\/blog\/author\/admin\/\"}]}<\/script>\n<!-- \/ Yoast SEO Premium plugin. -->","yoast_head_json":{"title":"Diretoria da ANEEL rejeita recursos da \u00c2mbar Energia contra LRCAP - Ag\u00eancia iNFRA","robots":{"index":"index","follow":"follow","max-snippet":"max-snippet:-1","max-image-preview":"max-image-preview:large","max-video-preview":"max-video-preview:-1"},"canonical":"https:\/\/agenciainfra.com\/blog\/diretoria-da-aneel-rejeita-recursos-da-ambar-energia-contra-lrcap\/","og_locale":"pt_BR","og_type":"article","og_title":"Diretoria da ANEEL rejeita recursos da \u00c2mbar Energia contra LRCAP","og_description":"Lais Carregosa, da Ag\u00eancia iNFRA A diretoria da ANEEL (Ag\u00eancia Nacional de Energia El\u00e9trica) rejeitou nesta ter\u00e7a-feira (28) os recursos da \u00c2mbar Energia, do grupo J&amp;F, contra o LRCAP 2026 (Leil\u00e3o de Reserva de Capacidade na forma de Pot\u00eancia). O processo estava na pauta do circuito deliberativo da reguladora, que \u00e9 um mecanismo de delibera\u00e7\u00e3o [&hellip;]","og_url":"https:\/\/agenciainfra.com\/blog\/diretoria-da-aneel-rejeita-recursos-da-ambar-energia-contra-lrcap\/","og_site_name":"Ag\u00eancia iNFRA","article_publisher":"https:\/\/www.facebook.com\/ageninfra","article_published_time":"2026-04-28T22:43:46+00:00","article_modified_time":"2026-04-28T22:43:48+00:00","og_image":[{"width":1114,"height":593,"url":"https:\/\/agenciainfra.com\/blog\/wp-content\/uploads\/2025\/12\/foto-ambar-energia-divulgacao-e1772582130771.jpg","type":"image\/jpeg"}],"author":"Ag\u00eancia iNFRA","twitter_card":"summary_large_image","twitter_creator":"@agencia_infra","twitter_site":"@agencia_infra","twitter_misc":{"Escrito por":"Ag\u00eancia iNFRA","Est. tempo de leitura":"1 minuto"},"schema":{"@context":"https:\/\/schema.org","@graph":[{"@type":"Article","@id":"https:\/\/agenciainfra.com\/blog\/diretoria-da-aneel-rejeita-recursos-da-ambar-energia-contra-lrcap\/#article","isPartOf":{"@id":"https:\/\/agenciainfra.com\/blog\/diretoria-da-aneel-rejeita-recursos-da-ambar-energia-contra-lrcap\/"},"author":{"name":"Ag\u00eancia iNFRA","@id":"https:\/\/agenciainfra.com\/blog\/#\/schema\/person\/34af08dff6adea4cb22b06612ba7acfa"},"headline":"Diretoria da ANEEL rejeita recursos da \u00c2mbar Energia contra LRCAP","datePublished":"2026-04-28T22:43:46+00:00","dateModified":"2026-04-28T22:43:48+00:00","mainEntityOfPage":{"@id":"https:\/\/agenciainfra.com\/blog\/diretoria-da-aneel-rejeita-recursos-da-ambar-energia-contra-lrcap\/"},"wordCount":116,"publisher":{"@id":"https:\/\/agenciainfra.com\/blog\/#organization"},"image":{"@id":"https:\/\/agenciainfra.com\/blog\/diretoria-da-aneel-rejeita-recursos-da-ambar-energia-contra-lrcap\/#primaryimage"},"thumbnailUrl":"https:\/\/agenciainfra.com\/blog\/wp-content\/uploads\/2025\/12\/foto-ambar-energia-divulgacao-e1772582130771.jpg","keywords":["\u00c2mbar Energia","ANEEL","Fernando Mosna","Grupo J&amp;F","Lais Carregosa","leil\u00e3o","LRCAP","Willamy Frota"],"articleSection":["Destaque lista"],"inLanguage":"pt-BR","copyrightYear":"2026","copyrightHolder":{"@id":"https:\/\/agenciainfra.com\/blog\/#organization"}},{"@type":"WebPage","@id":"https:\/\/agenciainfra.com\/blog\/diretoria-da-aneel-rejeita-recursos-da-ambar-energia-contra-lrcap\/","url":"https:\/\/agenciainfra.com\/blog\/diretoria-da-aneel-rejeita-recursos-da-ambar-energia-contra-lrcap\/","name":"Diretoria da ANEEL rejeita recursos da \u00c2mbar Energia contra LRCAP - Ag\u00eancia iNFRA","isPartOf":{"@id":"https:\/\/agenciainfra.com\/blog\/#website"},"primaryImageOfPage":{"@id":"https:\/\/agenciainfra.com\/blog\/diretoria-da-aneel-rejeita-recursos-da-ambar-energia-contra-lrcap\/#primaryimage"},"image":{"@id":"https:\/\/agenciainfra.com\/blog\/diretoria-da-aneel-rejeita-recursos-da-ambar-energia-contra-lrcap\/#primaryimage"},"thumbnailUrl":"https:\/\/agenciainfra.com\/blog\/wp-content\/uploads\/2025\/12\/foto-ambar-energia-divulgacao-e1772582130771.jpg","datePublished":"2026-04-28T22:43:46+00:00","dateModified":"2026-04-28T22:43:48+00:00","breadcrumb":{"@id":"https:\/\/agenciainfra.com\/blog\/diretoria-da-aneel-rejeita-recursos-da-ambar-energia-contra-lrcap\/#breadcrumb"},"inLanguage":"pt-BR","potentialAction":[{"@type":"ReadAction","target":["https:\/\/agenciainfra.com\/blog\/diretoria-da-aneel-rejeita-recursos-da-ambar-energia-contra-lrcap\/"]}]},{"@type":"ImageObject","inLanguage":"pt-BR","@id":"https:\/\/agenciainfra.com\/blog\/diretoria-da-aneel-rejeita-recursos-da-ambar-energia-contra-lrcap\/#primaryimage","url":"https:\/\/agenciainfra.com\/blog\/wp-content\/uploads\/2025\/12\/foto-ambar-energia-divulgacao-e1772582130771.jpg","contentUrl":"https:\/\/agenciainfra.com\/blog\/wp-content\/uploads\/2025\/12\/foto-ambar-energia-divulgacao-e1772582130771.jpg","width":1114,"height":593,"caption":"Foto: \u00c2mbar"},{"@type":"BreadcrumbList","@id":"https:\/\/agenciainfra.com\/blog\/diretoria-da-aneel-rejeita-recursos-da-ambar-energia-contra-lrcap\/#breadcrumb","itemListElement":[{"@type":"ListItem","position":1,"name":"In\u00edcio","item":"https:\/\/agenciainfra.com\/blog\/"},{"@type":"ListItem","position":2,"name":"Diretoria da ANEEL rejeita recursos da \u00c2mbar Energia contra LRCAP"}]},{"@type":"WebSite","@id":"https:\/\/agenciainfra.com\/blog\/#website","url":"https:\/\/agenciainfra.com\/blog\/","name":"Ag\u00eancia iNFRA","description":"Multiplataforma de informa\u00e7\u00e3o jornal\u00edstica refer\u00eancia na \u00e1rea de infraestrutura no Brasil!","publisher":{"@id":"https:\/\/agenciainfra.com\/blog\/#organization"},"potentialAction":[{"@type":"SearchAction","target":{"@type":"EntryPoint","urlTemplate":"https:\/\/agenciainfra.com\/blog\/?s={search_term_string}"},"query-input":{"@type":"PropertyValueSpecification","valueRequired":true,"valueName":"search_term_string"}}],"inLanguage":"pt-BR"},{"@type":"Organization","@id":"https:\/\/agenciainfra.com\/blog\/#organization","name":"Ag\u00eancia iNFRA","url":"https:\/\/agenciainfra.com\/blog\/","logo":{"@type":"ImageObject","inLanguage":"pt-BR","@id":"https:\/\/agenciainfra.com\/blog\/#\/schema\/logo\/image\/","url":"https:\/\/agenciainfra.com\/blog\/wp-content\/uploads\/2023\/09\/iNFRA_5-e1761735885940.png","contentUrl":"https:\/\/agenciainfra.com\/blog\/wp-content\/uploads\/2023\/09\/iNFRA_5-e1761735885940.png","width":1672,"height":454,"caption":"Ag\u00eancia iNFRA"},"image":{"@id":"https:\/\/agenciainfra.com\/blog\/#\/schema\/logo\/image\/"},"sameAs":["https:\/\/www.facebook.com\/ageninfra","https:\/\/x.com\/agencia_infra","https:\/\/www.linkedin.com\/company\/ag\u00eanciainfra\/","https:\/\/www.instagram.com\/agenciainfra\/"]},{"@type":"Person","@id":"https:\/\/agenciainfra.com\/blog\/#\/schema\/person\/34af08dff6adea4cb22b06612ba7acfa","name":"Ag\u00eancia iNFRA","image":{"@type":"ImageObject","inLanguage":"pt-BR","@id":"https:\/\/agenciainfra.com\/blog\/#\/schema\/person\/image\/","url":"https:\/\/secure.gravatar.com\/avatar\/d189e01678f06d8eb84d4e01f08eb848b3fffe3f8443818d3c356c66892f5be8?s=96&d=mm&r=g","contentUrl":"https:\/\/secure.gravatar.com\/avatar\/d189e01678f06d8eb84d4e01f08eb848b3fffe3f8443818d3c356c66892f5be8?s=96&d=mm&r=g","caption":"Ag\u00eancia iNFRA"},"url":"https:\/\/agenciainfra.com\/blog\/author\/admin\/"}]}},"_links":{"self":[{"href":"https:\/\/agenciainfra.com\/blog\/wp-json\/wp\/v2\/posts\/40290","targetHints":{"allow":["GET"]}}],"collection":[{"href":"https:\/\/agenciainfra.com\/blog\/wp-json\/wp\/v2\/posts"}],"about":[{"href":"https:\/\/agenciainfra.com\/blog\/wp-json\/wp\/v2\/types\/post"}],"author":[{"embeddable":true,"href":"https:\/\/agenciainfra.com\/blog\/wp-json\/wp\/v2\/users\/1"}],"replies":[{"embeddable":true,"href":"https:\/\/agenciainfra.com\/blog\/wp-json\/wp\/v2\/comments?post=40290"}],"version-history":[{"count":1,"href":"https:\/\/agenciainfra.com\/blog\/wp-json\/wp\/v2\/posts\/40290\/revisions"}],"predecessor-version":[{"id":40291,"href":"https:\/\/agenciainfra.com\/blog\/wp-json\/wp\/v2\/posts\/40290\/revisions\/40291"}],"wp:featuredmedia":[{"embeddable":true,"href":"https:\/\/agenciainfra.com\/blog\/wp-json\/wp\/v2\/media\/33766"}],"wp:attachment":[{"href":"https:\/\/agenciainfra.com\/blog\/wp-json\/wp\/v2\/media?parent=40290"}],"wp:term":[{"taxonomy":"category","embeddable":true,"href":"https:\/\/agenciainfra.com\/blog\/wp-json\/wp\/v2\/categories?post=40290"},{"taxonomy":"post_tag","embeddable":true,"href":"https:\/\/agenciainfra.com\/blog\/wp-json\/wp\/v2\/tags?post=40290"}],"curies":[{"name":"wp","href":"https:\/\/api.w.org\/{rel}","templated":true}]}}