{"id":40292,"date":"2026-04-28T19:57:35","date_gmt":"2026-04-28T22:57:35","guid":{"rendered":"https:\/\/agenciainfra.com\/blog\/?p=40292"},"modified":"2026-04-28T20:19:01","modified_gmt":"2026-04-28T23:19:01","slug":"recurso-da-enel-sp-contra-caducidade-na-aneel-sera-relatado-por-mosna","status":"publish","type":"post","link":"https:\/\/agenciainfra.com\/blog\/recurso-da-enel-sp-contra-caducidade-na-aneel-sera-relatado-por-mosna\/","title":{"rendered":"Recurso da Enel SP contra caducidade na ANEEL ser\u00e1 relatado por Mosna"},"content":{"rendered":"\n<p class=\"has-text-align-right\"><strong>Marisa Wanzeller e Geraldo Campos Jr., da Ag\u00eancia iNFRA<\/strong><\/p>\n\n\n\n<p>O diretor Fernando Mosna ir\u00e1 <a href=\"https:\/\/www2.aneel.gov.br\/aplicacoes_liferay\/noticias_area\/dsp_detalheNoticia.cfm?idNoticia=14743&amp;idAreaNoticia=424\">relatar<\/a> recurso da Enel S\u00e3o Paulo contra a decis\u00e3o da ANEEL (Ag\u00eancia Nacional de Energia El\u00e9trica) que instaurou processo para analisar a caducidade contratual da distribuidora. A empresa atualmente move processo judicial contra o diretor, no qual pede indeniza\u00e7\u00e3o de R$ 600 mil por danos morais.<\/p>\n\n\n\n<p>O sorteio foi realizado de forma extraordin\u00e1ria na noite desta ter\u00e7a-feira (28). Pouco antes, no fim da tarde, o diretor-geral da ag\u00eancia, Sandoval Feitosa, <a href=\"https:\/\/sei.aneel.gov.br\/sei\/modulos\/pesquisa\/md_pesq_documento_consulta_externa.php?yPDszXhdoNcWQHJaQlHJmJIqCNXRK_Sh2SMdn1U-tzOdfdW7eeAFvNP9337sqxu1cj3URtT38LWz2cscMFHD-p_kJ77Kk5PMw8FY6if7FdBwV-xGVM4hzcWM7eW_XD4k\">negou o pedido<\/a> de efeito suspensivo que pedia a suspens\u00e3o autom\u00e1tica da decis\u00e3o at\u00e9 a an\u00e1lise do m\u00e9rito do recurso.<\/p>\n","protected":false},"excerpt":{"rendered":"<p>Marisa Wanzeller e Geraldo Campos Jr., da Ag\u00eancia iNFRA O diretor Fernando Mosna ir\u00e1 relatar recurso da Enel S\u00e3o Paulo contra a decis\u00e3o da ANEEL (Ag\u00eancia Nacional de Energia El\u00e9trica) que instaurou processo para analisar a caducidade contratual da distribuidora. A empresa atualmente move processo judicial contra o diretor, no qual pede indeniza\u00e7\u00e3o de R$ [&hellip;]<\/p>\n","protected":false},"author":1,"featured_media":36877,"comment_status":"closed","ping_status":"closed","sticky":false,"template":"","format":"standard","meta":{"_monsterinsights_skip_tracking":false,"_monsterinsights_sitenote_active":false,"_monsterinsights_sitenote_note":"","_monsterinsights_sitenote_category":0,"footnotes":""},"categories":[7249],"tags":[53,16637,22,7829,7014,11594,7366,1026],"class_list":["post-40292","post","type-post","status-publish","format-standard","has-post-thumbnail","hentry","category-destaque","tag-aneel","tag-caducidade-da-enel-sp","tag-concessao","tag-enel-sp","tag-fernando-mosna","tag-geraldo-campos-jr","tag-marisa-wanzeller","tag-sandoval-feitosa"],"yoast_head":"<!-- This site is optimized with the Yoast SEO Premium plugin v25.4 (Yoast SEO v26.0) - https:\/\/yoast.com\/wordpress\/plugins\/seo\/ -->\n<title>Recurso da Enel SP contra caducidade na ANEEL ser\u00e1 relatado por Mosna - Ag\u00eancia iNFRA<\/title>\n<meta name=\"robots\" content=\"index, follow, max-snippet:-1, max-image-preview:large, max-video-preview:-1\" \/>\n<link rel=\"canonical\" href=\"https:\/\/agenciainfra.com\/blog\/recurso-da-enel-sp-contra-caducidade-na-aneel-sera-relatado-por-mosna\/\" \/>\n<meta property=\"og:locale\" content=\"pt_BR\" \/>\n<meta property=\"og:type\" content=\"article\" \/>\n<meta property=\"og:title\" content=\"Recurso da Enel SP contra caducidade na ANEEL ser\u00e1 relatado por Mosna\" \/>\n<meta property=\"og:description\" content=\"Marisa Wanzeller e Geraldo Campos Jr., da Ag\u00eancia iNFRA O diretor Fernando Mosna ir\u00e1 relatar recurso da Enel S\u00e3o Paulo contra a decis\u00e3o da ANEEL (Ag\u00eancia Nacional de Energia El\u00e9trica) que instaurou processo para analisar a caducidade contratual da distribuidora. A empresa atualmente move processo judicial contra o diretor, no qual pede indeniza\u00e7\u00e3o de R$ [&hellip;]\" \/>\n<meta property=\"og:url\" content=\"https:\/\/agenciainfra.com\/blog\/recurso-da-enel-sp-contra-caducidade-na-aneel-sera-relatado-por-mosna\/\" \/>\n<meta property=\"og:site_name\" content=\"Ag\u00eancia iNFRA\" \/>\n<meta property=\"article:publisher\" content=\"https:\/\/www.facebook.com\/ageninfra\" \/>\n<meta property=\"article:published_time\" content=\"2026-04-28T22:57:35+00:00\" \/>\n<meta property=\"article:modified_time\" content=\"2026-04-28T23:19:01+00:00\" \/>\n<meta property=\"og:image\" content=\"https:\/\/agenciainfra.com\/blog\/wp-content\/uploads\/2026\/02\/fernando-mosna-foto-giuliana-vinci-aneel.jpg\" \/>\n\t<meta property=\"og:image:width\" content=\"1050\" \/>\n\t<meta property=\"og:image:height\" content=\"700\" \/>\n\t<meta property=\"og:image:type\" content=\"image\/jpeg\" \/>\n<meta name=\"author\" content=\"Ag\u00eancia iNFRA\" \/>\n<meta name=\"twitter:card\" content=\"summary_large_image\" \/>\n<meta name=\"twitter:creator\" content=\"@agencia_infra\" \/>\n<meta name=\"twitter:site\" content=\"@agencia_infra\" \/>\n<meta name=\"twitter:label1\" content=\"Escrito por\" \/>\n\t<meta name=\"twitter:data1\" content=\"Ag\u00eancia iNFRA\" \/>\n\t<meta name=\"twitter:label2\" content=\"Est. tempo de leitura\" \/>\n\t<meta name=\"twitter:data2\" content=\"1 minuto\" \/>\n<script type=\"application\/ld+json\" class=\"yoast-schema-graph\">{\"@context\":\"https:\/\/schema.org\",\"@graph\":[{\"@type\":\"Article\",\"@id\":\"https:\/\/agenciainfra.com\/blog\/recurso-da-enel-sp-contra-caducidade-na-aneel-sera-relatado-por-mosna\/#article\",\"isPartOf\":{\"@id\":\"https:\/\/agenciainfra.com\/blog\/recurso-da-enel-sp-contra-caducidade-na-aneel-sera-relatado-por-mosna\/\"},\"author\":{\"name\":\"Ag\u00eancia iNFRA\",\"@id\":\"https:\/\/agenciainfra.com\/blog\/#\/schema\/person\/34af08dff6adea4cb22b06612ba7acfa\"},\"headline\":\"Recurso da Enel SP contra caducidade na ANEEL ser\u00e1 relatado por Mosna\",\"datePublished\":\"2026-04-28T22:57:35+00:00\",\"dateModified\":\"2026-04-28T23:19:01+00:00\",\"mainEntityOfPage\":{\"@id\":\"https:\/\/agenciainfra.com\/blog\/recurso-da-enel-sp-contra-caducidade-na-aneel-sera-relatado-por-mosna\/\"},\"wordCount\":128,\"publisher\":{\"@id\":\"https:\/\/agenciainfra.com\/blog\/#organization\"},\"image\":{\"@id\":\"https:\/\/agenciainfra.com\/blog\/recurso-da-enel-sp-contra-caducidade-na-aneel-sera-relatado-por-mosna\/#primaryimage\"},\"thumbnailUrl\":\"https:\/\/agenciainfra.com\/blog\/wp-content\/uploads\/2026\/02\/fernando-mosna-foto-giuliana-vinci-aneel.jpg\",\"keywords\":[\"ANEEL\",\"caducidade da Enel SP\",\"Concess\u00e3o\",\"ENEL SP\",\"Fernando Mosna\",\"Geraldo Campos Jr.\",\"Marisa Wanzeller\",\"Sandoval Feitosa\"],\"articleSection\":[\"Destaque\"],\"inLanguage\":\"pt-BR\",\"copyrightYear\":\"2026\",\"copyrightHolder\":{\"@id\":\"https:\/\/agenciainfra.com\/blog\/#organization\"}},{\"@type\":\"WebPage\",\"@id\":\"https:\/\/agenciainfra.com\/blog\/recurso-da-enel-sp-contra-caducidade-na-aneel-sera-relatado-por-mosna\/\",\"url\":\"https:\/\/agenciainfra.com\/blog\/recurso-da-enel-sp-contra-caducidade-na-aneel-sera-relatado-por-mosna\/\",\"name\":\"Recurso da Enel SP contra caducidade na ANEEL ser\u00e1 relatado por Mosna - Ag\u00eancia iNFRA\",\"isPartOf\":{\"@id\":\"https:\/\/agenciainfra.com\/blog\/#website\"},\"primaryImageOfPage\":{\"@id\":\"https:\/\/agenciainfra.com\/blog\/recurso-da-enel-sp-contra-caducidade-na-aneel-sera-relatado-por-mosna\/#primaryimage\"},\"image\":{\"@id\":\"https:\/\/agenciainfra.com\/blog\/recurso-da-enel-sp-contra-caducidade-na-aneel-sera-relatado-por-mosna\/#primaryimage\"},\"thumbnailUrl\":\"https:\/\/agenciainfra.com\/blog\/wp-content\/uploads\/2026\/02\/fernando-mosna-foto-giuliana-vinci-aneel.jpg\",\"datePublished\":\"2026-04-28T22:57:35+00:00\",\"dateModified\":\"2026-04-28T23:19:01+00:00\",\"breadcrumb\":{\"@id\":\"https:\/\/agenciainfra.com\/blog\/recurso-da-enel-sp-contra-caducidade-na-aneel-sera-relatado-por-mosna\/#breadcrumb\"},\"inLanguage\":\"pt-BR\",\"potentialAction\":[{\"@type\":\"ReadAction\",\"target\":[\"https:\/\/agenciainfra.com\/blog\/recurso-da-enel-sp-contra-caducidade-na-aneel-sera-relatado-por-mosna\/\"]}]},{\"@type\":\"ImageObject\",\"inLanguage\":\"pt-BR\",\"@id\":\"https:\/\/agenciainfra.com\/blog\/recurso-da-enel-sp-contra-caducidade-na-aneel-sera-relatado-por-mosna\/#primaryimage\",\"url\":\"https:\/\/agenciainfra.com\/blog\/wp-content\/uploads\/2026\/02\/fernando-mosna-foto-giuliana-vinci-aneel.jpg\",\"contentUrl\":\"https:\/\/agenciainfra.com\/blog\/wp-content\/uploads\/2026\/02\/fernando-mosna-foto-giuliana-vinci-aneel.jpg\",\"width\":1050,\"height\":700,\"caption\":\"Foto: Giuliana Vinci\/ANEEL\"},{\"@type\":\"BreadcrumbList\",\"@id\":\"https:\/\/agenciainfra.com\/blog\/recurso-da-enel-sp-contra-caducidade-na-aneel-sera-relatado-por-mosna\/#breadcrumb\",\"itemListElement\":[{\"@type\":\"ListItem\",\"position\":1,\"name\":\"In\u00edcio\",\"item\":\"https:\/\/agenciainfra.com\/blog\/\"},{\"@type\":\"ListItem\",\"position\":2,\"name\":\"Recurso da Enel SP contra caducidade na ANEEL ser\u00e1 relatado por Mosna\"}]},{\"@type\":\"WebSite\",\"@id\":\"https:\/\/agenciainfra.com\/blog\/#website\",\"url\":\"https:\/\/agenciainfra.com\/blog\/\",\"name\":\"Ag\u00eancia iNFRA\",\"description\":\"Multiplataforma de informa\u00e7\u00e3o jornal\u00edstica refer\u00eancia na \u00e1rea de infraestrutura no Brasil!\",\"publisher\":{\"@id\":\"https:\/\/agenciainfra.com\/blog\/#organization\"},\"potentialAction\":[{\"@type\":\"SearchAction\",\"target\":{\"@type\":\"EntryPoint\",\"urlTemplate\":\"https:\/\/agenciainfra.com\/blog\/?s={search_term_string}\"},\"query-input\":{\"@type\":\"PropertyValueSpecification\",\"valueRequired\":true,\"valueName\":\"search_term_string\"}}],\"inLanguage\":\"pt-BR\"},{\"@type\":\"Organization\",\"@id\":\"https:\/\/agenciainfra.com\/blog\/#organization\",\"name\":\"Ag\u00eancia iNFRA\",\"url\":\"https:\/\/agenciainfra.com\/blog\/\",\"logo\":{\"@type\":\"ImageObject\",\"inLanguage\":\"pt-BR\",\"@id\":\"https:\/\/agenciainfra.com\/blog\/#\/schema\/logo\/image\/\",\"url\":\"https:\/\/agenciainfra.com\/blog\/wp-content\/uploads\/2023\/09\/iNFRA_5-e1761735885940.png\",\"contentUrl\":\"https:\/\/agenciainfra.com\/blog\/wp-content\/uploads\/2023\/09\/iNFRA_5-e1761735885940.png\",\"width\":1672,\"height\":454,\"caption\":\"Ag\u00eancia iNFRA\"},\"image\":{\"@id\":\"https:\/\/agenciainfra.com\/blog\/#\/schema\/logo\/image\/\"},\"sameAs\":[\"https:\/\/www.facebook.com\/ageninfra\",\"https:\/\/x.com\/agencia_infra\",\"https:\/\/www.linkedin.com\/company\/ag\u00eanciainfra\/\",\"https:\/\/www.instagram.com\/agenciainfra\/\"]},{\"@type\":\"Person\",\"@id\":\"https:\/\/agenciainfra.com\/blog\/#\/schema\/person\/34af08dff6adea4cb22b06612ba7acfa\",\"name\":\"Ag\u00eancia iNFRA\",\"image\":{\"@type\":\"ImageObject\",\"inLanguage\":\"pt-BR\",\"@id\":\"https:\/\/agenciainfra.com\/blog\/#\/schema\/person\/image\/\",\"url\":\"https:\/\/secure.gravatar.com\/avatar\/d189e01678f06d8eb84d4e01f08eb848b3fffe3f8443818d3c356c66892f5be8?s=96&d=mm&r=g\",\"contentUrl\":\"https:\/\/secure.gravatar.com\/avatar\/d189e01678f06d8eb84d4e01f08eb848b3fffe3f8443818d3c356c66892f5be8?s=96&d=mm&r=g\",\"caption\":\"Ag\u00eancia iNFRA\"},\"url\":\"https:\/\/agenciainfra.com\/blog\/author\/admin\/\"}]}<\/script>\n<!-- \/ Yoast SEO Premium plugin. -->","yoast_head_json":{"title":"Recurso da Enel SP contra caducidade na ANEEL ser\u00e1 relatado por Mosna - Ag\u00eancia iNFRA","robots":{"index":"index","follow":"follow","max-snippet":"max-snippet:-1","max-image-preview":"max-image-preview:large","max-video-preview":"max-video-preview:-1"},"canonical":"https:\/\/agenciainfra.com\/blog\/recurso-da-enel-sp-contra-caducidade-na-aneel-sera-relatado-por-mosna\/","og_locale":"pt_BR","og_type":"article","og_title":"Recurso da Enel SP contra caducidade na ANEEL ser\u00e1 relatado por Mosna","og_description":"Marisa Wanzeller e Geraldo Campos Jr., da Ag\u00eancia iNFRA O diretor Fernando Mosna ir\u00e1 relatar recurso da Enel S\u00e3o Paulo contra a decis\u00e3o da ANEEL (Ag\u00eancia Nacional de Energia El\u00e9trica) que instaurou processo para analisar a caducidade contratual da distribuidora. A empresa atualmente move processo judicial contra o diretor, no qual pede indeniza\u00e7\u00e3o de R$ [&hellip;]","og_url":"https:\/\/agenciainfra.com\/blog\/recurso-da-enel-sp-contra-caducidade-na-aneel-sera-relatado-por-mosna\/","og_site_name":"Ag\u00eancia iNFRA","article_publisher":"https:\/\/www.facebook.com\/ageninfra","article_published_time":"2026-04-28T22:57:35+00:00","article_modified_time":"2026-04-28T23:19:01+00:00","og_image":[{"width":1050,"height":700,"url":"https:\/\/agenciainfra.com\/blog\/wp-content\/uploads\/2026\/02\/fernando-mosna-foto-giuliana-vinci-aneel.jpg","type":"image\/jpeg"}],"author":"Ag\u00eancia iNFRA","twitter_card":"summary_large_image","twitter_creator":"@agencia_infra","twitter_site":"@agencia_infra","twitter_misc":{"Escrito por":"Ag\u00eancia iNFRA","Est. tempo de leitura":"1 minuto"},"schema":{"@context":"https:\/\/schema.org","@graph":[{"@type":"Article","@id":"https:\/\/agenciainfra.com\/blog\/recurso-da-enel-sp-contra-caducidade-na-aneel-sera-relatado-por-mosna\/#article","isPartOf":{"@id":"https:\/\/agenciainfra.com\/blog\/recurso-da-enel-sp-contra-caducidade-na-aneel-sera-relatado-por-mosna\/"},"author":{"name":"Ag\u00eancia iNFRA","@id":"https:\/\/agenciainfra.com\/blog\/#\/schema\/person\/34af08dff6adea4cb22b06612ba7acfa"},"headline":"Recurso da Enel SP contra caducidade na ANEEL ser\u00e1 relatado por Mosna","datePublished":"2026-04-28T22:57:35+00:00","dateModified":"2026-04-28T23:19:01+00:00","mainEntityOfPage":{"@id":"https:\/\/agenciainfra.com\/blog\/recurso-da-enel-sp-contra-caducidade-na-aneel-sera-relatado-por-mosna\/"},"wordCount":128,"publisher":{"@id":"https:\/\/agenciainfra.com\/blog\/#organization"},"image":{"@id":"https:\/\/agenciainfra.com\/blog\/recurso-da-enel-sp-contra-caducidade-na-aneel-sera-relatado-por-mosna\/#primaryimage"},"thumbnailUrl":"https:\/\/agenciainfra.com\/blog\/wp-content\/uploads\/2026\/02\/fernando-mosna-foto-giuliana-vinci-aneel.jpg","keywords":["ANEEL","caducidade da Enel SP","Concess\u00e3o","ENEL SP","Fernando Mosna","Geraldo Campos Jr.","Marisa Wanzeller","Sandoval Feitosa"],"articleSection":["Destaque"],"inLanguage":"pt-BR","copyrightYear":"2026","copyrightHolder":{"@id":"https:\/\/agenciainfra.com\/blog\/#organization"}},{"@type":"WebPage","@id":"https:\/\/agenciainfra.com\/blog\/recurso-da-enel-sp-contra-caducidade-na-aneel-sera-relatado-por-mosna\/","url":"https:\/\/agenciainfra.com\/blog\/recurso-da-enel-sp-contra-caducidade-na-aneel-sera-relatado-por-mosna\/","name":"Recurso da Enel SP contra caducidade na ANEEL ser\u00e1 relatado por Mosna - Ag\u00eancia iNFRA","isPartOf":{"@id":"https:\/\/agenciainfra.com\/blog\/#website"},"primaryImageOfPage":{"@id":"https:\/\/agenciainfra.com\/blog\/recurso-da-enel-sp-contra-caducidade-na-aneel-sera-relatado-por-mosna\/#primaryimage"},"image":{"@id":"https:\/\/agenciainfra.com\/blog\/recurso-da-enel-sp-contra-caducidade-na-aneel-sera-relatado-por-mosna\/#primaryimage"},"thumbnailUrl":"https:\/\/agenciainfra.com\/blog\/wp-content\/uploads\/2026\/02\/fernando-mosna-foto-giuliana-vinci-aneel.jpg","datePublished":"2026-04-28T22:57:35+00:00","dateModified":"2026-04-28T23:19:01+00:00","breadcrumb":{"@id":"https:\/\/agenciainfra.com\/blog\/recurso-da-enel-sp-contra-caducidade-na-aneel-sera-relatado-por-mosna\/#breadcrumb"},"inLanguage":"pt-BR","potentialAction":[{"@type":"ReadAction","target":["https:\/\/agenciainfra.com\/blog\/recurso-da-enel-sp-contra-caducidade-na-aneel-sera-relatado-por-mosna\/"]}]},{"@type":"ImageObject","inLanguage":"pt-BR","@id":"https:\/\/agenciainfra.com\/blog\/recurso-da-enel-sp-contra-caducidade-na-aneel-sera-relatado-por-mosna\/#primaryimage","url":"https:\/\/agenciainfra.com\/blog\/wp-content\/uploads\/2026\/02\/fernando-mosna-foto-giuliana-vinci-aneel.jpg","contentUrl":"https:\/\/agenciainfra.com\/blog\/wp-content\/uploads\/2026\/02\/fernando-mosna-foto-giuliana-vinci-aneel.jpg","width":1050,"height":700,"caption":"Foto: Giuliana Vinci\/ANEEL"},{"@type":"BreadcrumbList","@id":"https:\/\/agenciainfra.com\/blog\/recurso-da-enel-sp-contra-caducidade-na-aneel-sera-relatado-por-mosna\/#breadcrumb","itemListElement":[{"@type":"ListItem","position":1,"name":"In\u00edcio","item":"https:\/\/agenciainfra.com\/blog\/"},{"@type":"ListItem","position":2,"name":"Recurso da Enel SP contra caducidade na ANEEL ser\u00e1 relatado por Mosna"}]},{"@type":"WebSite","@id":"https:\/\/agenciainfra.com\/blog\/#website","url":"https:\/\/agenciainfra.com\/blog\/","name":"Ag\u00eancia iNFRA","description":"Multiplataforma de informa\u00e7\u00e3o jornal\u00edstica refer\u00eancia na \u00e1rea de infraestrutura no Brasil!","publisher":{"@id":"https:\/\/agenciainfra.com\/blog\/#organization"},"potentialAction":[{"@type":"SearchAction","target":{"@type":"EntryPoint","urlTemplate":"https:\/\/agenciainfra.com\/blog\/?s={search_term_string}"},"query-input":{"@type":"PropertyValueSpecification","valueRequired":true,"valueName":"search_term_string"}}],"inLanguage":"pt-BR"},{"@type":"Organization","@id":"https:\/\/agenciainfra.com\/blog\/#organization","name":"Ag\u00eancia iNFRA","url":"https:\/\/agenciainfra.com\/blog\/","logo":{"@type":"ImageObject","inLanguage":"pt-BR","@id":"https:\/\/agenciainfra.com\/blog\/#\/schema\/logo\/image\/","url":"https:\/\/agenciainfra.com\/blog\/wp-content\/uploads\/2023\/09\/iNFRA_5-e1761735885940.png","contentUrl":"https:\/\/agenciainfra.com\/blog\/wp-content\/uploads\/2023\/09\/iNFRA_5-e1761735885940.png","width":1672,"height":454,"caption":"Ag\u00eancia iNFRA"},"image":{"@id":"https:\/\/agenciainfra.com\/blog\/#\/schema\/logo\/image\/"},"sameAs":["https:\/\/www.facebook.com\/ageninfra","https:\/\/x.com\/agencia_infra","https:\/\/www.linkedin.com\/company\/ag\u00eanciainfra\/","https:\/\/www.instagram.com\/agenciainfra\/"]},{"@type":"Person","@id":"https:\/\/agenciainfra.com\/blog\/#\/schema\/person\/34af08dff6adea4cb22b06612ba7acfa","name":"Ag\u00eancia iNFRA","image":{"@type":"ImageObject","inLanguage":"pt-BR","@id":"https:\/\/agenciainfra.com\/blog\/#\/schema\/person\/image\/","url":"https:\/\/secure.gravatar.com\/avatar\/d189e01678f06d8eb84d4e01f08eb848b3fffe3f8443818d3c356c66892f5be8?s=96&d=mm&r=g","contentUrl":"https:\/\/secure.gravatar.com\/avatar\/d189e01678f06d8eb84d4e01f08eb848b3fffe3f8443818d3c356c66892f5be8?s=96&d=mm&r=g","caption":"Ag\u00eancia iNFRA"},"url":"https:\/\/agenciainfra.com\/blog\/author\/admin\/"}]}},"_links":{"self":[{"href":"https:\/\/agenciainfra.com\/blog\/wp-json\/wp\/v2\/posts\/40292","targetHints":{"allow":["GET"]}}],"collection":[{"href":"https:\/\/agenciainfra.com\/blog\/wp-json\/wp\/v2\/posts"}],"about":[{"href":"https:\/\/agenciainfra.com\/blog\/wp-json\/wp\/v2\/types\/post"}],"author":[{"embeddable":true,"href":"https:\/\/agenciainfra.com\/blog\/wp-json\/wp\/v2\/users\/1"}],"replies":[{"embeddable":true,"href":"https:\/\/agenciainfra.com\/blog\/wp-json\/wp\/v2\/comments?post=40292"}],"version-history":[{"count":1,"href":"https:\/\/agenciainfra.com\/blog\/wp-json\/wp\/v2\/posts\/40292\/revisions"}],"predecessor-version":[{"id":40293,"href":"https:\/\/agenciainfra.com\/blog\/wp-json\/wp\/v2\/posts\/40292\/revisions\/40293"}],"wp:featuredmedia":[{"embeddable":true,"href":"https:\/\/agenciainfra.com\/blog\/wp-json\/wp\/v2\/media\/36877"}],"wp:attachment":[{"href":"https:\/\/agenciainfra.com\/blog\/wp-json\/wp\/v2\/media?parent=40292"}],"wp:term":[{"taxonomy":"category","embeddable":true,"href":"https:\/\/agenciainfra.com\/blog\/wp-json\/wp\/v2\/categories?post=40292"},{"taxonomy":"post_tag","embeddable":true,"href":"https:\/\/agenciainfra.com\/blog\/wp-json\/wp\/v2\/tags?post=40292"}],"curies":[{"name":"wp","href":"https:\/\/api.w.org\/{rel}","templated":true}]}}