{"id":40294,"date":"2026-04-28T20:04:52","date_gmt":"2026-04-28T23:04:52","guid":{"rendered":"https:\/\/agenciainfra.com\/blog\/?p=40294"},"modified":"2026-04-28T20:04:54","modified_gmt":"2026-04-28T23:04:54","slug":"bruno-moretti-fara-interlocucao-com-camara-sobre-minerais-criticos","status":"publish","type":"post","link":"https:\/\/agenciainfra.com\/blog\/bruno-moretti-fara-interlocucao-com-camara-sobre-minerais-criticos\/","title":{"rendered":"Bruno Moretti far\u00e1 interlocu\u00e7\u00e3o com C\u00e2mara sobre minerais cr\u00edticos"},"content":{"rendered":"\n<p class=\"has-text-align-right\"><strong>Rafael Bitencourt, da Ag\u00eancia iNFRA<\/strong><\/p>\n\n\n\n<p>O ministro do Planejamento e Or\u00e7amento, Bruno Moretti, foi escolhido para fazer interlocu\u00e7\u00e3o do governo com a C\u00e2mara dos Deputados na discuss\u00e3o sobre o marco legal dos minerais cr\u00edticos e estrat\u00e9gicos (PL 2.780\/2024), informou nesta ter\u00e7a-feira (28) o relator da proposta, deputado Arnaldo Jardim (Cidadania-SP). Ele disse que a informa\u00e7\u00e3o foi passada pelo l\u00edder do governo na C\u00e2mara, deputado Paulo Pimenta (PT-RS).<\/p>\n\n\n\n<p>Durante reuni\u00e3o da FPMin (Frente Parlamentar da Minera\u00e7\u00e3o Sustent\u00e1vel), Jardim afirmou que o governo \u201cat\u00e9 hoje, formalmente, n\u00e3o iniciou o di\u00e1logo conosco\u201d. Ele relatou que j\u00e1 conversou individualmente com sete minist\u00e9rios diferentes. \u201cS\u00f3 que cada um traz o seu olhar\u201d, comentou.<\/p>\n\n\n\n<p>Sobre a escolha de Moretti, o relator afirmou que ficou \u201ccontente\u201d com a escolha, pois se trata de um integrante do governo com quem j\u00e1 tem conversado.<\/p>\n\n\n\n<p>Na reuni\u00e3o com deputados da Frente, Jardim refor\u00e7ou a previs\u00e3o de apresentar o relat\u00f3rio e falou da expectativa de colocar em vota\u00e7\u00e3o. \u201cEst\u00e1 marcada a apresenta\u00e7\u00e3o do parecer no dia 4. N\u00f3s vamos apresentar no come\u00e7o da tarde, formalizar o parecer. Nos dias 5 e 6, concentra\u00e7\u00e3o total, vamos debater e espero deliberar em plen\u00e1rio\u201d.<\/p>\n\n\n\n<p><strong>Enfrentamento<\/strong><br>Jardim reclamou de recente postagem do l\u00edder do PT, deputado Pedro Uczai (SC), que reclamou nas redes sociais que as bancadas \u201cn\u00e3o tiveram tempo adequado para analisar o projeto\u201d. O parlamentar do partido do governo assina o PL (Projeto de Lei) 1.754\/2026, que prev\u00ea a cria\u00e7\u00e3o da estatal Terrabras e o regime de partilha da produ\u00e7\u00e3o mineral.<\/p>\n\n\n\n<p>Prevendo eventual resist\u00eancia \u00e0 aprova\u00e7\u00e3o do PL 2.780, Jardim pediu apoio dos integrantes da Frente. \u201cPe\u00e7o ajuda para enfrentar em plen\u00e1rio\u201d, comentou.<\/p>\n","protected":false},"excerpt":{"rendered":"<p>Rafael Bitencourt, da Ag\u00eancia iNFRA O ministro do Planejamento e Or\u00e7amento, Bruno Moretti, foi escolhido para fazer interlocu\u00e7\u00e3o do governo com a C\u00e2mara dos Deputados na discuss\u00e3o sobre o marco legal dos minerais cr\u00edticos e estrat\u00e9gicos (PL 2.780\/2024), informou nesta ter\u00e7a-feira (28) o relator da proposta, deputado Arnaldo Jardim (Cidadania-SP). Ele disse que a informa\u00e7\u00e3o [&hellip;]<\/p>\n","protected":false},"author":1,"featured_media":40055,"comment_status":"closed","ping_status":"closed","sticky":false,"template":"","format":"standard","meta":{"_monsterinsights_skip_tracking":false,"_monsterinsights_sitenote_active":false,"_monsterinsights_sitenote_note":"","_monsterinsights_sitenote_category":0,"footnotes":""},"categories":[7250],"tags":[16115,14830,13228,19434,16608,3036,19249],"class_list":["post-40294","post","type-post","status-publish","format-standard","has-post-thumbnail","hentry","category-destaque-lista","tag-arnaldo-jardim-cidadania-sp","tag-bruno-moretti","tag-minerais-criticos","tag-pedro-uczai-pt-sc","tag-pnmce-politica-nacional-de-minerais-criticos-e-estrategicos","tag-regime-de-partilha","tag-terrabras"],"yoast_head":"<!-- This site is optimized with the Yoast SEO Premium plugin v25.4 (Yoast SEO v26.0) - https:\/\/yoast.com\/wordpress\/plugins\/seo\/ -->\n<title>Bruno Moretti far\u00e1 interlocu\u00e7\u00e3o com C\u00e2mara sobre minerais cr\u00edticos - Ag\u00eancia iNFRA<\/title>\n<meta name=\"robots\" content=\"index, follow, max-snippet:-1, max-image-preview:large, max-video-preview:-1\" \/>\n<link rel=\"canonical\" href=\"https:\/\/agenciainfra.com\/blog\/bruno-moretti-fara-interlocucao-com-camara-sobre-minerais-criticos\/\" \/>\n<meta property=\"og:locale\" content=\"pt_BR\" \/>\n<meta property=\"og:type\" content=\"article\" \/>\n<meta property=\"og:title\" content=\"Bruno Moretti far\u00e1 interlocu\u00e7\u00e3o com C\u00e2mara sobre minerais cr\u00edticos\" \/>\n<meta property=\"og:description\" content=\"Rafael Bitencourt, da Ag\u00eancia iNFRA O ministro do Planejamento e Or\u00e7amento, Bruno Moretti, foi escolhido para fazer interlocu\u00e7\u00e3o do governo com a C\u00e2mara dos Deputados na discuss\u00e3o sobre o marco legal dos minerais cr\u00edticos e estrat\u00e9gicos (PL 2.780\/2024), informou nesta ter\u00e7a-feira (28) o relator da proposta, deputado Arnaldo Jardim (Cidadania-SP). Ele disse que a informa\u00e7\u00e3o [&hellip;]\" \/>\n<meta property=\"og:url\" content=\"https:\/\/agenciainfra.com\/blog\/bruno-moretti-fara-interlocucao-com-camara-sobre-minerais-criticos\/\" \/>\n<meta property=\"og:site_name\" content=\"Ag\u00eancia iNFRA\" \/>\n<meta property=\"article:publisher\" content=\"https:\/\/www.facebook.com\/ageninfra\" \/>\n<meta property=\"article:published_time\" content=\"2026-04-28T23:04:52+00:00\" \/>\n<meta property=\"article:modified_time\" content=\"2026-04-28T23:04:54+00:00\" \/>\n<meta property=\"og:image\" content=\"https:\/\/agenciainfra.com\/blog\/wp-content\/uploads\/2026\/04\/bruno-moretti-foto-Washington-Costa-MF.jpg\" \/>\n\t<meta property=\"og:image:width\" content=\"1280\" \/>\n\t<meta property=\"og:image:height\" content=\"853\" \/>\n\t<meta property=\"og:image:type\" content=\"image\/jpeg\" \/>\n<meta name=\"author\" content=\"Ag\u00eancia iNFRA\" \/>\n<meta name=\"twitter:card\" content=\"summary_large_image\" \/>\n<meta name=\"twitter:creator\" content=\"@agencia_infra\" \/>\n<meta name=\"twitter:site\" content=\"@agencia_infra\" \/>\n<meta name=\"twitter:label1\" content=\"Escrito por\" \/>\n\t<meta name=\"twitter:data1\" content=\"Ag\u00eancia iNFRA\" \/>\n\t<meta name=\"twitter:label2\" content=\"Est. tempo de leitura\" \/>\n\t<meta name=\"twitter:data2\" content=\"1 minuto\" \/>\n<script type=\"application\/ld+json\" class=\"yoast-schema-graph\">{\"@context\":\"https:\/\/schema.org\",\"@graph\":[{\"@type\":\"Article\",\"@id\":\"https:\/\/agenciainfra.com\/blog\/bruno-moretti-fara-interlocucao-com-camara-sobre-minerais-criticos\/#article\",\"isPartOf\":{\"@id\":\"https:\/\/agenciainfra.com\/blog\/bruno-moretti-fara-interlocucao-com-camara-sobre-minerais-criticos\/\"},\"author\":{\"name\":\"Ag\u00eancia iNFRA\",\"@id\":\"https:\/\/agenciainfra.com\/blog\/#\/schema\/person\/34af08dff6adea4cb22b06612ba7acfa\"},\"headline\":\"Bruno Moretti far\u00e1 interlocu\u00e7\u00e3o com C\u00e2mara sobre minerais cr\u00edticos\",\"datePublished\":\"2026-04-28T23:04:52+00:00\",\"dateModified\":\"2026-04-28T23:04:54+00:00\",\"mainEntityOfPage\":{\"@id\":\"https:\/\/agenciainfra.com\/blog\/bruno-moretti-fara-interlocucao-com-camara-sobre-minerais-criticos\/\"},\"wordCount\":309,\"publisher\":{\"@id\":\"https:\/\/agenciainfra.com\/blog\/#organization\"},\"image\":{\"@id\":\"https:\/\/agenciainfra.com\/blog\/bruno-moretti-fara-interlocucao-com-camara-sobre-minerais-criticos\/#primaryimage\"},\"thumbnailUrl\":\"https:\/\/agenciainfra.com\/blog\/wp-content\/uploads\/2026\/04\/bruno-moretti-foto-Washington-Costa-MF.jpg\",\"keywords\":[\"Arnaldo Jardim (Cidadania-SP)\",\"Bruno Moretti\",\"minerais cr\u00edticos\",\"Pedro Uczai (PT-SC)\",\"PNMCE (Pol\u00edtica Nacional de Minerais Cr\u00edticos e Estrat\u00e9gicos)\",\"regime de partilha\",\"Terrabras\"],\"articleSection\":[\"Destaque lista\"],\"inLanguage\":\"pt-BR\",\"copyrightYear\":\"2026\",\"copyrightHolder\":{\"@id\":\"https:\/\/agenciainfra.com\/blog\/#organization\"}},{\"@type\":\"WebPage\",\"@id\":\"https:\/\/agenciainfra.com\/blog\/bruno-moretti-fara-interlocucao-com-camara-sobre-minerais-criticos\/\",\"url\":\"https:\/\/agenciainfra.com\/blog\/bruno-moretti-fara-interlocucao-com-camara-sobre-minerais-criticos\/\",\"name\":\"Bruno Moretti far\u00e1 interlocu\u00e7\u00e3o com C\u00e2mara sobre minerais cr\u00edticos - Ag\u00eancia iNFRA\",\"isPartOf\":{\"@id\":\"https:\/\/agenciainfra.com\/blog\/#website\"},\"primaryImageOfPage\":{\"@id\":\"https:\/\/agenciainfra.com\/blog\/bruno-moretti-fara-interlocucao-com-camara-sobre-minerais-criticos\/#primaryimage\"},\"image\":{\"@id\":\"https:\/\/agenciainfra.com\/blog\/bruno-moretti-fara-interlocucao-com-camara-sobre-minerais-criticos\/#primaryimage\"},\"thumbnailUrl\":\"https:\/\/agenciainfra.com\/blog\/wp-content\/uploads\/2026\/04\/bruno-moretti-foto-Washington-Costa-MF.jpg\",\"datePublished\":\"2026-04-28T23:04:52+00:00\",\"dateModified\":\"2026-04-28T23:04:54+00:00\",\"breadcrumb\":{\"@id\":\"https:\/\/agenciainfra.com\/blog\/bruno-moretti-fara-interlocucao-com-camara-sobre-minerais-criticos\/#breadcrumb\"},\"inLanguage\":\"pt-BR\",\"potentialAction\":[{\"@type\":\"ReadAction\",\"target\":[\"https:\/\/agenciainfra.com\/blog\/bruno-moretti-fara-interlocucao-com-camara-sobre-minerais-criticos\/\"]}]},{\"@type\":\"ImageObject\",\"inLanguage\":\"pt-BR\",\"@id\":\"https:\/\/agenciainfra.com\/blog\/bruno-moretti-fara-interlocucao-com-camara-sobre-minerais-criticos\/#primaryimage\",\"url\":\"https:\/\/agenciainfra.com\/blog\/wp-content\/uploads\/2026\/04\/bruno-moretti-foto-Washington-Costa-MF.jpg\",\"contentUrl\":\"https:\/\/agenciainfra.com\/blog\/wp-content\/uploads\/2026\/04\/bruno-moretti-foto-Washington-Costa-MF.jpg\",\"width\":1280,\"height\":853,\"caption\":\"Foto: Washington Costa\/Minist\u00e9rio da Fazenda\"},{\"@type\":\"BreadcrumbList\",\"@id\":\"https:\/\/agenciainfra.com\/blog\/bruno-moretti-fara-interlocucao-com-camara-sobre-minerais-criticos\/#breadcrumb\",\"itemListElement\":[{\"@type\":\"ListItem\",\"position\":1,\"name\":\"In\u00edcio\",\"item\":\"https:\/\/agenciainfra.com\/blog\/\"},{\"@type\":\"ListItem\",\"position\":2,\"name\":\"Bruno Moretti far\u00e1 interlocu\u00e7\u00e3o com C\u00e2mara sobre minerais cr\u00edticos\"}]},{\"@type\":\"WebSite\",\"@id\":\"https:\/\/agenciainfra.com\/blog\/#website\",\"url\":\"https:\/\/agenciainfra.com\/blog\/\",\"name\":\"Ag\u00eancia iNFRA\",\"description\":\"Multiplataforma de informa\u00e7\u00e3o jornal\u00edstica refer\u00eancia na \u00e1rea de infraestrutura no Brasil!\",\"publisher\":{\"@id\":\"https:\/\/agenciainfra.com\/blog\/#organization\"},\"potentialAction\":[{\"@type\":\"SearchAction\",\"target\":{\"@type\":\"EntryPoint\",\"urlTemplate\":\"https:\/\/agenciainfra.com\/blog\/?s={search_term_string}\"},\"query-input\":{\"@type\":\"PropertyValueSpecification\",\"valueRequired\":true,\"valueName\":\"search_term_string\"}}],\"inLanguage\":\"pt-BR\"},{\"@type\":\"Organization\",\"@id\":\"https:\/\/agenciainfra.com\/blog\/#organization\",\"name\":\"Ag\u00eancia iNFRA\",\"url\":\"https:\/\/agenciainfra.com\/blog\/\",\"logo\":{\"@type\":\"ImageObject\",\"inLanguage\":\"pt-BR\",\"@id\":\"https:\/\/agenciainfra.com\/blog\/#\/schema\/logo\/image\/\",\"url\":\"https:\/\/agenciainfra.com\/blog\/wp-content\/uploads\/2023\/09\/iNFRA_5-e1761735885940.png\",\"contentUrl\":\"https:\/\/agenciainfra.com\/blog\/wp-content\/uploads\/2023\/09\/iNFRA_5-e1761735885940.png\",\"width\":1672,\"height\":454,\"caption\":\"Ag\u00eancia iNFRA\"},\"image\":{\"@id\":\"https:\/\/agenciainfra.com\/blog\/#\/schema\/logo\/image\/\"},\"sameAs\":[\"https:\/\/www.facebook.com\/ageninfra\",\"https:\/\/x.com\/agencia_infra\",\"https:\/\/www.linkedin.com\/company\/ag\u00eanciainfra\/\",\"https:\/\/www.instagram.com\/agenciainfra\/\"]},{\"@type\":\"Person\",\"@id\":\"https:\/\/agenciainfra.com\/blog\/#\/schema\/person\/34af08dff6adea4cb22b06612ba7acfa\",\"name\":\"Ag\u00eancia iNFRA\",\"image\":{\"@type\":\"ImageObject\",\"inLanguage\":\"pt-BR\",\"@id\":\"https:\/\/agenciainfra.com\/blog\/#\/schema\/person\/image\/\",\"url\":\"https:\/\/secure.gravatar.com\/avatar\/d189e01678f06d8eb84d4e01f08eb848b3fffe3f8443818d3c356c66892f5be8?s=96&d=mm&r=g\",\"contentUrl\":\"https:\/\/secure.gravatar.com\/avatar\/d189e01678f06d8eb84d4e01f08eb848b3fffe3f8443818d3c356c66892f5be8?s=96&d=mm&r=g\",\"caption\":\"Ag\u00eancia iNFRA\"},\"url\":\"https:\/\/agenciainfra.com\/blog\/author\/admin\/\"}]}<\/script>\n<!-- \/ Yoast SEO Premium plugin. -->","yoast_head_json":{"title":"Bruno Moretti far\u00e1 interlocu\u00e7\u00e3o com C\u00e2mara sobre minerais cr\u00edticos - Ag\u00eancia iNFRA","robots":{"index":"index","follow":"follow","max-snippet":"max-snippet:-1","max-image-preview":"max-image-preview:large","max-video-preview":"max-video-preview:-1"},"canonical":"https:\/\/agenciainfra.com\/blog\/bruno-moretti-fara-interlocucao-com-camara-sobre-minerais-criticos\/","og_locale":"pt_BR","og_type":"article","og_title":"Bruno Moretti far\u00e1 interlocu\u00e7\u00e3o com C\u00e2mara sobre minerais cr\u00edticos","og_description":"Rafael Bitencourt, da Ag\u00eancia iNFRA O ministro do Planejamento e Or\u00e7amento, Bruno Moretti, foi escolhido para fazer interlocu\u00e7\u00e3o do governo com a C\u00e2mara dos Deputados na discuss\u00e3o sobre o marco legal dos minerais cr\u00edticos e estrat\u00e9gicos (PL 2.780\/2024), informou nesta ter\u00e7a-feira (28) o relator da proposta, deputado Arnaldo Jardim (Cidadania-SP). Ele disse que a informa\u00e7\u00e3o [&hellip;]","og_url":"https:\/\/agenciainfra.com\/blog\/bruno-moretti-fara-interlocucao-com-camara-sobre-minerais-criticos\/","og_site_name":"Ag\u00eancia iNFRA","article_publisher":"https:\/\/www.facebook.com\/ageninfra","article_published_time":"2026-04-28T23:04:52+00:00","article_modified_time":"2026-04-28T23:04:54+00:00","og_image":[{"width":1280,"height":853,"url":"https:\/\/agenciainfra.com\/blog\/wp-content\/uploads\/2026\/04\/bruno-moretti-foto-Washington-Costa-MF.jpg","type":"image\/jpeg"}],"author":"Ag\u00eancia iNFRA","twitter_card":"summary_large_image","twitter_creator":"@agencia_infra","twitter_site":"@agencia_infra","twitter_misc":{"Escrito por":"Ag\u00eancia iNFRA","Est. tempo de leitura":"1 minuto"},"schema":{"@context":"https:\/\/schema.org","@graph":[{"@type":"Article","@id":"https:\/\/agenciainfra.com\/blog\/bruno-moretti-fara-interlocucao-com-camara-sobre-minerais-criticos\/#article","isPartOf":{"@id":"https:\/\/agenciainfra.com\/blog\/bruno-moretti-fara-interlocucao-com-camara-sobre-minerais-criticos\/"},"author":{"name":"Ag\u00eancia iNFRA","@id":"https:\/\/agenciainfra.com\/blog\/#\/schema\/person\/34af08dff6adea4cb22b06612ba7acfa"},"headline":"Bruno Moretti far\u00e1 interlocu\u00e7\u00e3o com C\u00e2mara sobre minerais cr\u00edticos","datePublished":"2026-04-28T23:04:52+00:00","dateModified":"2026-04-28T23:04:54+00:00","mainEntityOfPage":{"@id":"https:\/\/agenciainfra.com\/blog\/bruno-moretti-fara-interlocucao-com-camara-sobre-minerais-criticos\/"},"wordCount":309,"publisher":{"@id":"https:\/\/agenciainfra.com\/blog\/#organization"},"image":{"@id":"https:\/\/agenciainfra.com\/blog\/bruno-moretti-fara-interlocucao-com-camara-sobre-minerais-criticos\/#primaryimage"},"thumbnailUrl":"https:\/\/agenciainfra.com\/blog\/wp-content\/uploads\/2026\/04\/bruno-moretti-foto-Washington-Costa-MF.jpg","keywords":["Arnaldo Jardim (Cidadania-SP)","Bruno Moretti","minerais cr\u00edticos","Pedro Uczai (PT-SC)","PNMCE (Pol\u00edtica Nacional de Minerais Cr\u00edticos e Estrat\u00e9gicos)","regime de partilha","Terrabras"],"articleSection":["Destaque lista"],"inLanguage":"pt-BR","copyrightYear":"2026","copyrightHolder":{"@id":"https:\/\/agenciainfra.com\/blog\/#organization"}},{"@type":"WebPage","@id":"https:\/\/agenciainfra.com\/blog\/bruno-moretti-fara-interlocucao-com-camara-sobre-minerais-criticos\/","url":"https:\/\/agenciainfra.com\/blog\/bruno-moretti-fara-interlocucao-com-camara-sobre-minerais-criticos\/","name":"Bruno Moretti far\u00e1 interlocu\u00e7\u00e3o com C\u00e2mara sobre minerais cr\u00edticos - Ag\u00eancia iNFRA","isPartOf":{"@id":"https:\/\/agenciainfra.com\/blog\/#website"},"primaryImageOfPage":{"@id":"https:\/\/agenciainfra.com\/blog\/bruno-moretti-fara-interlocucao-com-camara-sobre-minerais-criticos\/#primaryimage"},"image":{"@id":"https:\/\/agenciainfra.com\/blog\/bruno-moretti-fara-interlocucao-com-camara-sobre-minerais-criticos\/#primaryimage"},"thumbnailUrl":"https:\/\/agenciainfra.com\/blog\/wp-content\/uploads\/2026\/04\/bruno-moretti-foto-Washington-Costa-MF.jpg","datePublished":"2026-04-28T23:04:52+00:00","dateModified":"2026-04-28T23:04:54+00:00","breadcrumb":{"@id":"https:\/\/agenciainfra.com\/blog\/bruno-moretti-fara-interlocucao-com-camara-sobre-minerais-criticos\/#breadcrumb"},"inLanguage":"pt-BR","potentialAction":[{"@type":"ReadAction","target":["https:\/\/agenciainfra.com\/blog\/bruno-moretti-fara-interlocucao-com-camara-sobre-minerais-criticos\/"]}]},{"@type":"ImageObject","inLanguage":"pt-BR","@id":"https:\/\/agenciainfra.com\/blog\/bruno-moretti-fara-interlocucao-com-camara-sobre-minerais-criticos\/#primaryimage","url":"https:\/\/agenciainfra.com\/blog\/wp-content\/uploads\/2026\/04\/bruno-moretti-foto-Washington-Costa-MF.jpg","contentUrl":"https:\/\/agenciainfra.com\/blog\/wp-content\/uploads\/2026\/04\/bruno-moretti-foto-Washington-Costa-MF.jpg","width":1280,"height":853,"caption":"Foto: Washington Costa\/Minist\u00e9rio da Fazenda"},{"@type":"BreadcrumbList","@id":"https:\/\/agenciainfra.com\/blog\/bruno-moretti-fara-interlocucao-com-camara-sobre-minerais-criticos\/#breadcrumb","itemListElement":[{"@type":"ListItem","position":1,"name":"In\u00edcio","item":"https:\/\/agenciainfra.com\/blog\/"},{"@type":"ListItem","position":2,"name":"Bruno Moretti far\u00e1 interlocu\u00e7\u00e3o com C\u00e2mara sobre minerais cr\u00edticos"}]},{"@type":"WebSite","@id":"https:\/\/agenciainfra.com\/blog\/#website","url":"https:\/\/agenciainfra.com\/blog\/","name":"Ag\u00eancia iNFRA","description":"Multiplataforma de informa\u00e7\u00e3o jornal\u00edstica refer\u00eancia na \u00e1rea de infraestrutura no Brasil!","publisher":{"@id":"https:\/\/agenciainfra.com\/blog\/#organization"},"potentialAction":[{"@type":"SearchAction","target":{"@type":"EntryPoint","urlTemplate":"https:\/\/agenciainfra.com\/blog\/?s={search_term_string}"},"query-input":{"@type":"PropertyValueSpecification","valueRequired":true,"valueName":"search_term_string"}}],"inLanguage":"pt-BR"},{"@type":"Organization","@id":"https:\/\/agenciainfra.com\/blog\/#organization","name":"Ag\u00eancia iNFRA","url":"https:\/\/agenciainfra.com\/blog\/","logo":{"@type":"ImageObject","inLanguage":"pt-BR","@id":"https:\/\/agenciainfra.com\/blog\/#\/schema\/logo\/image\/","url":"https:\/\/agenciainfra.com\/blog\/wp-content\/uploads\/2023\/09\/iNFRA_5-e1761735885940.png","contentUrl":"https:\/\/agenciainfra.com\/blog\/wp-content\/uploads\/2023\/09\/iNFRA_5-e1761735885940.png","width":1672,"height":454,"caption":"Ag\u00eancia iNFRA"},"image":{"@id":"https:\/\/agenciainfra.com\/blog\/#\/schema\/logo\/image\/"},"sameAs":["https:\/\/www.facebook.com\/ageninfra","https:\/\/x.com\/agencia_infra","https:\/\/www.linkedin.com\/company\/ag\u00eanciainfra\/","https:\/\/www.instagram.com\/agenciainfra\/"]},{"@type":"Person","@id":"https:\/\/agenciainfra.com\/blog\/#\/schema\/person\/34af08dff6adea4cb22b06612ba7acfa","name":"Ag\u00eancia iNFRA","image":{"@type":"ImageObject","inLanguage":"pt-BR","@id":"https:\/\/agenciainfra.com\/blog\/#\/schema\/person\/image\/","url":"https:\/\/secure.gravatar.com\/avatar\/d189e01678f06d8eb84d4e01f08eb848b3fffe3f8443818d3c356c66892f5be8?s=96&d=mm&r=g","contentUrl":"https:\/\/secure.gravatar.com\/avatar\/d189e01678f06d8eb84d4e01f08eb848b3fffe3f8443818d3c356c66892f5be8?s=96&d=mm&r=g","caption":"Ag\u00eancia iNFRA"},"url":"https:\/\/agenciainfra.com\/blog\/author\/admin\/"}]}},"_links":{"self":[{"href":"https:\/\/agenciainfra.com\/blog\/wp-json\/wp\/v2\/posts\/40294","targetHints":{"allow":["GET"]}}],"collection":[{"href":"https:\/\/agenciainfra.com\/blog\/wp-json\/wp\/v2\/posts"}],"about":[{"href":"https:\/\/agenciainfra.com\/blog\/wp-json\/wp\/v2\/types\/post"}],"author":[{"embeddable":true,"href":"https:\/\/agenciainfra.com\/blog\/wp-json\/wp\/v2\/users\/1"}],"replies":[{"embeddable":true,"href":"https:\/\/agenciainfra.com\/blog\/wp-json\/wp\/v2\/comments?post=40294"}],"version-history":[{"count":1,"href":"https:\/\/agenciainfra.com\/blog\/wp-json\/wp\/v2\/posts\/40294\/revisions"}],"predecessor-version":[{"id":40295,"href":"https:\/\/agenciainfra.com\/blog\/wp-json\/wp\/v2\/posts\/40294\/revisions\/40295"}],"wp:featuredmedia":[{"embeddable":true,"href":"https:\/\/agenciainfra.com\/blog\/wp-json\/wp\/v2\/media\/40055"}],"wp:attachment":[{"href":"https:\/\/agenciainfra.com\/blog\/wp-json\/wp\/v2\/media?parent=40294"}],"wp:term":[{"taxonomy":"category","embeddable":true,"href":"https:\/\/agenciainfra.com\/blog\/wp-json\/wp\/v2\/categories?post=40294"},{"taxonomy":"post_tag","embeddable":true,"href":"https:\/\/agenciainfra.com\/blog\/wp-json\/wp\/v2\/tags?post=40294"}],"curies":[{"name":"wp","href":"https:\/\/api.w.org\/{rel}","templated":true}]}}