{"id":40309,"date":"2026-04-29T07:45:04","date_gmt":"2026-04-29T10:45:04","guid":{"rendered":"https:\/\/agenciainfra.com\/blog\/?p=40309"},"modified":"2026-04-29T07:45:45","modified_gmt":"2026-04-29T10:45:45","slug":"plano-de-transicao-energetica-projeta-81-de-renovabilidade-da-matriz-em-2055","status":"publish","type":"post","link":"https:\/\/agenciainfra.com\/blog\/plano-de-transicao-energetica-projeta-81-de-renovabilidade-da-matriz-em-2055\/","title":{"rendered":"Plano de transi\u00e7\u00e3o energ\u00e9tica projeta 81% de renovabilidade da matriz em 2055"},"content":{"rendered":"\n<p class=\"has-text-align-right\"><strong>Geraldo Campos Jr., da Ag\u00eancia iNFRA<\/strong><\/p>\n\n\n\n<p>O MME (Minist\u00e9rio de Minas e Energia) lan\u00e7ou nesta quarta-feira (29) a <a href=\"https:\/\/in.gov.br\/web\/dou\/-\/portaria-sntep\/mme-n-3.128-de-28-de-abril-de-2026-702097869\">consulta p\u00fablica<\/a> do Plante (Plano Nacional de Transi\u00e7\u00e3o Energ\u00e9tica). O documento traz um cat\u00e1logo de a\u00e7\u00f5es e possibilidades para alcan\u00e7ar a neutralidade de emiss\u00f5es de gases de efeito estufa no setor de energia e projeta que o pa\u00eds pode alcan\u00e7ar a marca de 81% de fontes renov\u00e1veis na matriz energ\u00e9tica at\u00e9 2055, no melhor dos cen\u00e1rios. <\/p>\n\n\n\n<p>Tamb\u00e9m h\u00e1 a proje\u00e7\u00e3o de o pa\u00eds alcan\u00e7ar um sistema el\u00e9trico 99% renov\u00e1vel no per\u00edodo. Atualmente, a matriz energ\u00e9tica tem 52% de renovabilidade e a el\u00e9trica, 90%. A consulta p\u00fablica ter\u00e1 prazo de 45 dias e o plano final precisar\u00e1 de aprova\u00e7\u00e3o do CNPE (Conselho Nacional de Pol\u00edtica Energ\u00e9tica).<\/p>\n\n\n\n<p>Alguns exemplos de a\u00e7\u00f5es listadas no Plante para acelerar a transi\u00e7\u00e3o energ\u00e9tica, segundo pessoas \u00e0 par do documento, s\u00e3o a regulamenta\u00e7\u00e3o da atividade de captura e estocagem de carbono; an\u00e1lises para aumento de mandatos de etanol, biodiesel e biometano; e estudos para aumento da eletrifica\u00e7\u00e3o da mobilidade urbana.<\/p>\n\n\n\n<p>Para o setor el\u00e9trico, est\u00e3o entre as atividades listadas no plano a amplia\u00e7\u00e3o de pol\u00edticas de efici\u00eancia energ\u00e9tica, a necessidade de investimentos pesados em transmiss\u00e3o de energia para escoar a gera\u00e7\u00e3o renov\u00e1vel, a contrata\u00e7\u00e3o de sistemas de baterias, e a elabora\u00e7\u00e3o de estudos para expans\u00e3o do parque hidrel\u00e9trico.<\/p>\n\n\n\n<p>A implementa\u00e7\u00e3o das a\u00e7\u00f5es do Plante ser\u00e3o avaliadas por ciclos, de quatro anos cada. O documento, segundo fontes, ser\u00e1 adicionado \u00e0 estrutura do planejamento energ\u00e9tico do Brasil, junto do PDE (Plano Decenal de Energia) e do PNE (Plano Nacional de Energia), se conectando a eles. Tamb\u00e9m est\u00e3o consideradas no plano as necessidades para o Brasil cumprir as metas assumidas no Acordo de Paris.<\/p>\n","protected":false},"excerpt":{"rendered":"<p>Geraldo Campos Jr., da Ag\u00eancia iNFRA O MME (Minist\u00e9rio de Minas e Energia) lan\u00e7ou nesta quarta-feira (29) a consulta p\u00fablica do Plante (Plano Nacional de Transi\u00e7\u00e3o Energ\u00e9tica). O documento traz um cat\u00e1logo de a\u00e7\u00f5es e possibilidades para alcan\u00e7ar a neutralidade de emiss\u00f5es de gases de efeito estufa no setor de energia e projeta que o [&hellip;]<\/p>\n","protected":false},"author":1,"featured_media":38114,"comment_status":"closed","ping_status":"closed","sticky":false,"template":"","format":"standard","meta":{"_monsterinsights_skip_tracking":false,"_monsterinsights_sitenote_active":false,"_monsterinsights_sitenote_note":"","_monsterinsights_sitenote_category":0,"footnotes":""},"categories":[7249],"tags":[345,11594,476,96,71,13909,54,2006],"class_list":["post-40309","post","type-post","status-publish","format-standard","has-post-thumbnail","hentry","category-destaque","tag-consulta-publica","tag-geraldo-campos-jr","tag-matriz-energetica","tag-ministerio-de-minas-e-energia","tag-mme","tag-plante","tag-setor-eletrico","tag-transicao-energetica"],"yoast_head":"<!-- This site is optimized with the Yoast SEO Premium plugin v25.4 (Yoast SEO v26.0) - https:\/\/yoast.com\/wordpress\/plugins\/seo\/ -->\n<title>Plano de transi\u00e7\u00e3o energ\u00e9tica projeta 81% de renovabilidade da matriz em 2055 - Ag\u00eancia iNFRA<\/title>\n<meta name=\"robots\" content=\"index, follow, max-snippet:-1, max-image-preview:large, max-video-preview:-1\" \/>\n<link rel=\"canonical\" href=\"https:\/\/agenciainfra.com\/blog\/plano-de-transicao-energetica-projeta-81-de-renovabilidade-da-matriz-em-2055\/\" \/>\n<meta property=\"og:locale\" content=\"pt_BR\" \/>\n<meta property=\"og:type\" content=\"article\" \/>\n<meta property=\"og:title\" content=\"Plano de transi\u00e7\u00e3o energ\u00e9tica projeta 81% de renovabilidade da matriz em 2055\" \/>\n<meta property=\"og:description\" content=\"Geraldo Campos Jr., da Ag\u00eancia iNFRA O MME (Minist\u00e9rio de Minas e Energia) lan\u00e7ou nesta quarta-feira (29) a consulta p\u00fablica do Plante (Plano Nacional de Transi\u00e7\u00e3o Energ\u00e9tica). O documento traz um cat\u00e1logo de a\u00e7\u00f5es e possibilidades para alcan\u00e7ar a neutralidade de emiss\u00f5es de gases de efeito estufa no setor de energia e projeta que o [&hellip;]\" \/>\n<meta property=\"og:url\" content=\"https:\/\/agenciainfra.com\/blog\/plano-de-transicao-energetica-projeta-81-de-renovabilidade-da-matriz-em-2055\/\" \/>\n<meta property=\"og:site_name\" content=\"Ag\u00eancia iNFRA\" \/>\n<meta property=\"article:publisher\" content=\"https:\/\/www.facebook.com\/ageninfra\" \/>\n<meta property=\"article:published_time\" content=\"2026-04-29T10:45:04+00:00\" \/>\n<meta property=\"article:modified_time\" content=\"2026-04-29T10:45:45+00:00\" \/>\n<meta property=\"og:image\" content=\"https:\/\/agenciainfra.com\/blog\/wp-content\/uploads\/2026\/03\/fachada-mme-foto-tauan-alencar-mme-1.jpg\" \/>\n\t<meta property=\"og:image:width\" content=\"1280\" \/>\n\t<meta property=\"og:image:height\" content=\"800\" \/>\n\t<meta property=\"og:image:type\" content=\"image\/jpeg\" \/>\n<meta name=\"author\" content=\"Ag\u00eancia iNFRA\" \/>\n<meta name=\"twitter:card\" content=\"summary_large_image\" \/>\n<meta name=\"twitter:creator\" content=\"@agencia_infra\" \/>\n<meta name=\"twitter:site\" content=\"@agencia_infra\" \/>\n<meta name=\"twitter:label1\" content=\"Escrito por\" \/>\n\t<meta name=\"twitter:data1\" content=\"Ag\u00eancia iNFRA\" \/>\n\t<meta name=\"twitter:label2\" content=\"Est. tempo de leitura\" \/>\n\t<meta name=\"twitter:data2\" content=\"2 minutos\" \/>\n<script type=\"application\/ld+json\" class=\"yoast-schema-graph\">{\"@context\":\"https:\/\/schema.org\",\"@graph\":[{\"@type\":\"Article\",\"@id\":\"https:\/\/agenciainfra.com\/blog\/plano-de-transicao-energetica-projeta-81-de-renovabilidade-da-matriz-em-2055\/#article\",\"isPartOf\":{\"@id\":\"https:\/\/agenciainfra.com\/blog\/plano-de-transicao-energetica-projeta-81-de-renovabilidade-da-matriz-em-2055\/\"},\"author\":{\"name\":\"Ag\u00eancia iNFRA\",\"@id\":\"https:\/\/agenciainfra.com\/blog\/#\/schema\/person\/34af08dff6adea4cb22b06612ba7acfa\"},\"headline\":\"Plano de transi\u00e7\u00e3o energ\u00e9tica projeta 81% de renovabilidade da matriz em 2055\",\"datePublished\":\"2026-04-29T10:45:04+00:00\",\"dateModified\":\"2026-04-29T10:45:45+00:00\",\"mainEntityOfPage\":{\"@id\":\"https:\/\/agenciainfra.com\/blog\/plano-de-transicao-energetica-projeta-81-de-renovabilidade-da-matriz-em-2055\/\"},\"wordCount\":339,\"publisher\":{\"@id\":\"https:\/\/agenciainfra.com\/blog\/#organization\"},\"image\":{\"@id\":\"https:\/\/agenciainfra.com\/blog\/plano-de-transicao-energetica-projeta-81-de-renovabilidade-da-matriz-em-2055\/#primaryimage\"},\"thumbnailUrl\":\"https:\/\/agenciainfra.com\/blog\/wp-content\/uploads\/2026\/03\/fachada-mme-foto-tauan-alencar-mme-1.jpg\",\"keywords\":[\"consulta p\u00fablica\",\"Geraldo Campos Jr.\",\"matriz energ\u00e9tica\",\"Minist\u00e9rio de Minas e Energia\",\"MME\",\"PLANTE\",\"Setor El\u00e9trico\",\"transi\u00e7\u00e3o energ\u00e9tica\"],\"articleSection\":[\"Destaque\"],\"inLanguage\":\"pt-BR\",\"copyrightYear\":\"2026\",\"copyrightHolder\":{\"@id\":\"https:\/\/agenciainfra.com\/blog\/#organization\"}},{\"@type\":\"WebPage\",\"@id\":\"https:\/\/agenciainfra.com\/blog\/plano-de-transicao-energetica-projeta-81-de-renovabilidade-da-matriz-em-2055\/\",\"url\":\"https:\/\/agenciainfra.com\/blog\/plano-de-transicao-energetica-projeta-81-de-renovabilidade-da-matriz-em-2055\/\",\"name\":\"Plano de transi\u00e7\u00e3o energ\u00e9tica projeta 81% de renovabilidade da matriz em 2055 - Ag\u00eancia iNFRA\",\"isPartOf\":{\"@id\":\"https:\/\/agenciainfra.com\/blog\/#website\"},\"primaryImageOfPage\":{\"@id\":\"https:\/\/agenciainfra.com\/blog\/plano-de-transicao-energetica-projeta-81-de-renovabilidade-da-matriz-em-2055\/#primaryimage\"},\"image\":{\"@id\":\"https:\/\/agenciainfra.com\/blog\/plano-de-transicao-energetica-projeta-81-de-renovabilidade-da-matriz-em-2055\/#primaryimage\"},\"thumbnailUrl\":\"https:\/\/agenciainfra.com\/blog\/wp-content\/uploads\/2026\/03\/fachada-mme-foto-tauan-alencar-mme-1.jpg\",\"datePublished\":\"2026-04-29T10:45:04+00:00\",\"dateModified\":\"2026-04-29T10:45:45+00:00\",\"breadcrumb\":{\"@id\":\"https:\/\/agenciainfra.com\/blog\/plano-de-transicao-energetica-projeta-81-de-renovabilidade-da-matriz-em-2055\/#breadcrumb\"},\"inLanguage\":\"pt-BR\",\"potentialAction\":[{\"@type\":\"ReadAction\",\"target\":[\"https:\/\/agenciainfra.com\/blog\/plano-de-transicao-energetica-projeta-81-de-renovabilidade-da-matriz-em-2055\/\"]}]},{\"@type\":\"ImageObject\",\"inLanguage\":\"pt-BR\",\"@id\":\"https:\/\/agenciainfra.com\/blog\/plano-de-transicao-energetica-projeta-81-de-renovabilidade-da-matriz-em-2055\/#primaryimage\",\"url\":\"https:\/\/agenciainfra.com\/blog\/wp-content\/uploads\/2026\/03\/fachada-mme-foto-tauan-alencar-mme-1.jpg\",\"contentUrl\":\"https:\/\/agenciainfra.com\/blog\/wp-content\/uploads\/2026\/03\/fachada-mme-foto-tauan-alencar-mme-1.jpg\",\"width\":1280,\"height\":800,\"caption\":\"Foto: Tauan Alencar\/MME\"},{\"@type\":\"BreadcrumbList\",\"@id\":\"https:\/\/agenciainfra.com\/blog\/plano-de-transicao-energetica-projeta-81-de-renovabilidade-da-matriz-em-2055\/#breadcrumb\",\"itemListElement\":[{\"@type\":\"ListItem\",\"position\":1,\"name\":\"In\u00edcio\",\"item\":\"https:\/\/agenciainfra.com\/blog\/\"},{\"@type\":\"ListItem\",\"position\":2,\"name\":\"Plano de transi\u00e7\u00e3o energ\u00e9tica projeta 81% de renovabilidade da matriz em 2055\"}]},{\"@type\":\"WebSite\",\"@id\":\"https:\/\/agenciainfra.com\/blog\/#website\",\"url\":\"https:\/\/agenciainfra.com\/blog\/\",\"name\":\"Ag\u00eancia iNFRA\",\"description\":\"Multiplataforma de informa\u00e7\u00e3o jornal\u00edstica refer\u00eancia na \u00e1rea de infraestrutura no Brasil!\",\"publisher\":{\"@id\":\"https:\/\/agenciainfra.com\/blog\/#organization\"},\"potentialAction\":[{\"@type\":\"SearchAction\",\"target\":{\"@type\":\"EntryPoint\",\"urlTemplate\":\"https:\/\/agenciainfra.com\/blog\/?s={search_term_string}\"},\"query-input\":{\"@type\":\"PropertyValueSpecification\",\"valueRequired\":true,\"valueName\":\"search_term_string\"}}],\"inLanguage\":\"pt-BR\"},{\"@type\":\"Organization\",\"@id\":\"https:\/\/agenciainfra.com\/blog\/#organization\",\"name\":\"Ag\u00eancia iNFRA\",\"url\":\"https:\/\/agenciainfra.com\/blog\/\",\"logo\":{\"@type\":\"ImageObject\",\"inLanguage\":\"pt-BR\",\"@id\":\"https:\/\/agenciainfra.com\/blog\/#\/schema\/logo\/image\/\",\"url\":\"https:\/\/agenciainfra.com\/blog\/wp-content\/uploads\/2023\/09\/iNFRA_5-e1761735885940.png\",\"contentUrl\":\"https:\/\/agenciainfra.com\/blog\/wp-content\/uploads\/2023\/09\/iNFRA_5-e1761735885940.png\",\"width\":1672,\"height\":454,\"caption\":\"Ag\u00eancia iNFRA\"},\"image\":{\"@id\":\"https:\/\/agenciainfra.com\/blog\/#\/schema\/logo\/image\/\"},\"sameAs\":[\"https:\/\/www.facebook.com\/ageninfra\",\"https:\/\/x.com\/agencia_infra\",\"https:\/\/www.linkedin.com\/company\/ag\u00eanciainfra\/\",\"https:\/\/www.instagram.com\/agenciainfra\/\"]},{\"@type\":\"Person\",\"@id\":\"https:\/\/agenciainfra.com\/blog\/#\/schema\/person\/34af08dff6adea4cb22b06612ba7acfa\",\"name\":\"Ag\u00eancia iNFRA\",\"image\":{\"@type\":\"ImageObject\",\"inLanguage\":\"pt-BR\",\"@id\":\"https:\/\/agenciainfra.com\/blog\/#\/schema\/person\/image\/\",\"url\":\"https:\/\/secure.gravatar.com\/avatar\/d189e01678f06d8eb84d4e01f08eb848b3fffe3f8443818d3c356c66892f5be8?s=96&d=mm&r=g\",\"contentUrl\":\"https:\/\/secure.gravatar.com\/avatar\/d189e01678f06d8eb84d4e01f08eb848b3fffe3f8443818d3c356c66892f5be8?s=96&d=mm&r=g\",\"caption\":\"Ag\u00eancia iNFRA\"},\"url\":\"https:\/\/agenciainfra.com\/blog\/author\/admin\/\"}]}<\/script>\n<!-- \/ Yoast SEO Premium plugin. -->","yoast_head_json":{"title":"Plano de transi\u00e7\u00e3o energ\u00e9tica projeta 81% de renovabilidade da matriz em 2055 - Ag\u00eancia iNFRA","robots":{"index":"index","follow":"follow","max-snippet":"max-snippet:-1","max-image-preview":"max-image-preview:large","max-video-preview":"max-video-preview:-1"},"canonical":"https:\/\/agenciainfra.com\/blog\/plano-de-transicao-energetica-projeta-81-de-renovabilidade-da-matriz-em-2055\/","og_locale":"pt_BR","og_type":"article","og_title":"Plano de transi\u00e7\u00e3o energ\u00e9tica projeta 81% de renovabilidade da matriz em 2055","og_description":"Geraldo Campos Jr., da Ag\u00eancia iNFRA O MME (Minist\u00e9rio de Minas e Energia) lan\u00e7ou nesta quarta-feira (29) a consulta p\u00fablica do Plante (Plano Nacional de Transi\u00e7\u00e3o Energ\u00e9tica). O documento traz um cat\u00e1logo de a\u00e7\u00f5es e possibilidades para alcan\u00e7ar a neutralidade de emiss\u00f5es de gases de efeito estufa no setor de energia e projeta que o [&hellip;]","og_url":"https:\/\/agenciainfra.com\/blog\/plano-de-transicao-energetica-projeta-81-de-renovabilidade-da-matriz-em-2055\/","og_site_name":"Ag\u00eancia iNFRA","article_publisher":"https:\/\/www.facebook.com\/ageninfra","article_published_time":"2026-04-29T10:45:04+00:00","article_modified_time":"2026-04-29T10:45:45+00:00","og_image":[{"width":1280,"height":800,"url":"https:\/\/agenciainfra.com\/blog\/wp-content\/uploads\/2026\/03\/fachada-mme-foto-tauan-alencar-mme-1.jpg","type":"image\/jpeg"}],"author":"Ag\u00eancia iNFRA","twitter_card":"summary_large_image","twitter_creator":"@agencia_infra","twitter_site":"@agencia_infra","twitter_misc":{"Escrito por":"Ag\u00eancia iNFRA","Est. tempo de leitura":"2 minutos"},"schema":{"@context":"https:\/\/schema.org","@graph":[{"@type":"Article","@id":"https:\/\/agenciainfra.com\/blog\/plano-de-transicao-energetica-projeta-81-de-renovabilidade-da-matriz-em-2055\/#article","isPartOf":{"@id":"https:\/\/agenciainfra.com\/blog\/plano-de-transicao-energetica-projeta-81-de-renovabilidade-da-matriz-em-2055\/"},"author":{"name":"Ag\u00eancia iNFRA","@id":"https:\/\/agenciainfra.com\/blog\/#\/schema\/person\/34af08dff6adea4cb22b06612ba7acfa"},"headline":"Plano de transi\u00e7\u00e3o energ\u00e9tica projeta 81% de renovabilidade da matriz em 2055","datePublished":"2026-04-29T10:45:04+00:00","dateModified":"2026-04-29T10:45:45+00:00","mainEntityOfPage":{"@id":"https:\/\/agenciainfra.com\/blog\/plano-de-transicao-energetica-projeta-81-de-renovabilidade-da-matriz-em-2055\/"},"wordCount":339,"publisher":{"@id":"https:\/\/agenciainfra.com\/blog\/#organization"},"image":{"@id":"https:\/\/agenciainfra.com\/blog\/plano-de-transicao-energetica-projeta-81-de-renovabilidade-da-matriz-em-2055\/#primaryimage"},"thumbnailUrl":"https:\/\/agenciainfra.com\/blog\/wp-content\/uploads\/2026\/03\/fachada-mme-foto-tauan-alencar-mme-1.jpg","keywords":["consulta p\u00fablica","Geraldo Campos Jr.","matriz energ\u00e9tica","Minist\u00e9rio de Minas e Energia","MME","PLANTE","Setor El\u00e9trico","transi\u00e7\u00e3o energ\u00e9tica"],"articleSection":["Destaque"],"inLanguage":"pt-BR","copyrightYear":"2026","copyrightHolder":{"@id":"https:\/\/agenciainfra.com\/blog\/#organization"}},{"@type":"WebPage","@id":"https:\/\/agenciainfra.com\/blog\/plano-de-transicao-energetica-projeta-81-de-renovabilidade-da-matriz-em-2055\/","url":"https:\/\/agenciainfra.com\/blog\/plano-de-transicao-energetica-projeta-81-de-renovabilidade-da-matriz-em-2055\/","name":"Plano de transi\u00e7\u00e3o energ\u00e9tica projeta 81% de renovabilidade da matriz em 2055 - Ag\u00eancia iNFRA","isPartOf":{"@id":"https:\/\/agenciainfra.com\/blog\/#website"},"primaryImageOfPage":{"@id":"https:\/\/agenciainfra.com\/blog\/plano-de-transicao-energetica-projeta-81-de-renovabilidade-da-matriz-em-2055\/#primaryimage"},"image":{"@id":"https:\/\/agenciainfra.com\/blog\/plano-de-transicao-energetica-projeta-81-de-renovabilidade-da-matriz-em-2055\/#primaryimage"},"thumbnailUrl":"https:\/\/agenciainfra.com\/blog\/wp-content\/uploads\/2026\/03\/fachada-mme-foto-tauan-alencar-mme-1.jpg","datePublished":"2026-04-29T10:45:04+00:00","dateModified":"2026-04-29T10:45:45+00:00","breadcrumb":{"@id":"https:\/\/agenciainfra.com\/blog\/plano-de-transicao-energetica-projeta-81-de-renovabilidade-da-matriz-em-2055\/#breadcrumb"},"inLanguage":"pt-BR","potentialAction":[{"@type":"ReadAction","target":["https:\/\/agenciainfra.com\/blog\/plano-de-transicao-energetica-projeta-81-de-renovabilidade-da-matriz-em-2055\/"]}]},{"@type":"ImageObject","inLanguage":"pt-BR","@id":"https:\/\/agenciainfra.com\/blog\/plano-de-transicao-energetica-projeta-81-de-renovabilidade-da-matriz-em-2055\/#primaryimage","url":"https:\/\/agenciainfra.com\/blog\/wp-content\/uploads\/2026\/03\/fachada-mme-foto-tauan-alencar-mme-1.jpg","contentUrl":"https:\/\/agenciainfra.com\/blog\/wp-content\/uploads\/2026\/03\/fachada-mme-foto-tauan-alencar-mme-1.jpg","width":1280,"height":800,"caption":"Foto: Tauan Alencar\/MME"},{"@type":"BreadcrumbList","@id":"https:\/\/agenciainfra.com\/blog\/plano-de-transicao-energetica-projeta-81-de-renovabilidade-da-matriz-em-2055\/#breadcrumb","itemListElement":[{"@type":"ListItem","position":1,"name":"In\u00edcio","item":"https:\/\/agenciainfra.com\/blog\/"},{"@type":"ListItem","position":2,"name":"Plano de transi\u00e7\u00e3o energ\u00e9tica projeta 81% de renovabilidade da matriz em 2055"}]},{"@type":"WebSite","@id":"https:\/\/agenciainfra.com\/blog\/#website","url":"https:\/\/agenciainfra.com\/blog\/","name":"Ag\u00eancia iNFRA","description":"Multiplataforma de informa\u00e7\u00e3o jornal\u00edstica refer\u00eancia na \u00e1rea de infraestrutura no Brasil!","publisher":{"@id":"https:\/\/agenciainfra.com\/blog\/#organization"},"potentialAction":[{"@type":"SearchAction","target":{"@type":"EntryPoint","urlTemplate":"https:\/\/agenciainfra.com\/blog\/?s={search_term_string}"},"query-input":{"@type":"PropertyValueSpecification","valueRequired":true,"valueName":"search_term_string"}}],"inLanguage":"pt-BR"},{"@type":"Organization","@id":"https:\/\/agenciainfra.com\/blog\/#organization","name":"Ag\u00eancia iNFRA","url":"https:\/\/agenciainfra.com\/blog\/","logo":{"@type":"ImageObject","inLanguage":"pt-BR","@id":"https:\/\/agenciainfra.com\/blog\/#\/schema\/logo\/image\/","url":"https:\/\/agenciainfra.com\/blog\/wp-content\/uploads\/2023\/09\/iNFRA_5-e1761735885940.png","contentUrl":"https:\/\/agenciainfra.com\/blog\/wp-content\/uploads\/2023\/09\/iNFRA_5-e1761735885940.png","width":1672,"height":454,"caption":"Ag\u00eancia iNFRA"},"image":{"@id":"https:\/\/agenciainfra.com\/blog\/#\/schema\/logo\/image\/"},"sameAs":["https:\/\/www.facebook.com\/ageninfra","https:\/\/x.com\/agencia_infra","https:\/\/www.linkedin.com\/company\/ag\u00eanciainfra\/","https:\/\/www.instagram.com\/agenciainfra\/"]},{"@type":"Person","@id":"https:\/\/agenciainfra.com\/blog\/#\/schema\/person\/34af08dff6adea4cb22b06612ba7acfa","name":"Ag\u00eancia iNFRA","image":{"@type":"ImageObject","inLanguage":"pt-BR","@id":"https:\/\/agenciainfra.com\/blog\/#\/schema\/person\/image\/","url":"https:\/\/secure.gravatar.com\/avatar\/d189e01678f06d8eb84d4e01f08eb848b3fffe3f8443818d3c356c66892f5be8?s=96&d=mm&r=g","contentUrl":"https:\/\/secure.gravatar.com\/avatar\/d189e01678f06d8eb84d4e01f08eb848b3fffe3f8443818d3c356c66892f5be8?s=96&d=mm&r=g","caption":"Ag\u00eancia iNFRA"},"url":"https:\/\/agenciainfra.com\/blog\/author\/admin\/"}]}},"_links":{"self":[{"href":"https:\/\/agenciainfra.com\/blog\/wp-json\/wp\/v2\/posts\/40309","targetHints":{"allow":["GET"]}}],"collection":[{"href":"https:\/\/agenciainfra.com\/blog\/wp-json\/wp\/v2\/posts"}],"about":[{"href":"https:\/\/agenciainfra.com\/blog\/wp-json\/wp\/v2\/types\/post"}],"author":[{"embeddable":true,"href":"https:\/\/agenciainfra.com\/blog\/wp-json\/wp\/v2\/users\/1"}],"replies":[{"embeddable":true,"href":"https:\/\/agenciainfra.com\/blog\/wp-json\/wp\/v2\/comments?post=40309"}],"version-history":[{"count":2,"href":"https:\/\/agenciainfra.com\/blog\/wp-json\/wp\/v2\/posts\/40309\/revisions"}],"predecessor-version":[{"id":40312,"href":"https:\/\/agenciainfra.com\/blog\/wp-json\/wp\/v2\/posts\/40309\/revisions\/40312"}],"wp:featuredmedia":[{"embeddable":true,"href":"https:\/\/agenciainfra.com\/blog\/wp-json\/wp\/v2\/media\/38114"}],"wp:attachment":[{"href":"https:\/\/agenciainfra.com\/blog\/wp-json\/wp\/v2\/media?parent=40309"}],"wp:term":[{"taxonomy":"category","embeddable":true,"href":"https:\/\/agenciainfra.com\/blog\/wp-json\/wp\/v2\/categories?post=40309"},{"taxonomy":"post_tag","embeddable":true,"href":"https:\/\/agenciainfra.com\/blog\/wp-json\/wp\/v2\/tags?post=40309"}],"curies":[{"name":"wp","href":"https:\/\/api.w.org\/{rel}","templated":true}]}}