{"id":40317,"date":"2026-04-29T10:00:00","date_gmt":"2026-04-29T13:00:00","guid":{"rendered":"https:\/\/agenciainfra.com\/blog\/?p=40317"},"modified":"2026-04-29T11:58:13","modified_gmt":"2026-04-29T14:58:13","slug":"tecon-10-audiencia-tem-queixa-generalizada-sobre-demora-para-leilao","status":"publish","type":"post","link":"https:\/\/agenciainfra.com\/blog\/tecon-10-audiencia-tem-queixa-generalizada-sobre-demora-para-leilao\/","title":{"rendered":"Tecon 10: Audi\u00eancia tem queixa generalizada sobre demora para leil\u00e3o"},"content":{"rendered":"\n<p class=\"has-text-align-right\"><strong>Luiz Ara\u00fajo, da Ag\u00eancia iNFRA<\/strong><\/p>\n\n\n\n<p>A CVT (Comiss\u00e3o de Via\u00e7\u00e3o e Transportes) realizou, nesta ter\u00e7a-feira (28), audi\u00eancia p\u00fablica sobre o leil\u00e3o do Tecon 10, megaterminal de cont\u00eaineres previsto para o Porto de Santos (SP). A reuni\u00e3o foi solicitada diante dos impasses que t\u00eam impedido o avan\u00e7o do projeto. As apresenta\u00e7\u00f5es de representantes do setor produtivo evidenciaram mais uma vez as diferentes posi\u00e7\u00f5es em torno do tema e o inc\u00f4modo pela falta de defini\u00e7\u00f5es.<br><br>A deputada Rosana Valle (PL-SP), que presidiu a audi\u00eancia, reclamou da aus\u00eancia do MPor (Minist\u00e9rio de Portos e Aeroportos) no debate realizado pela CVT. Por parte da ANTAQ (Ag\u00eancia Nacional de Transportes Aquavi\u00e1rios), quem participou foi o secret\u00e1rio especial de Licita\u00e7\u00f5es e Concess\u00f5es da ag\u00eancia, Ygor di Paula.<br><br>&#8220;H\u00e1 uma equa\u00e7\u00e3o a ser resolvida. Temos que garantir que o Tecon 10 n\u00e3o se torne um projeto com grande potencial, mas j\u00e1 comprometido pela inseguran\u00e7a jur\u00eddica, distor\u00e7\u00f5es de mercado e falta de integra\u00e7\u00e3o log\u00edstica&#8221;, afirmou a deputada. Segundo ela, um dos objetivos do encontro foi pressionar o governo a definir os ajustes em curso.<br><br>Na \u00faltima sexta-feira (24), o MPor encaminhou \u00e0 ANTAQ\u00a0of\u00edcio que formalizou <a href=\"https:\/\/agenciainfra.com\/blog\/governo-oficializa-suspensao-dos-preparativos-para-o-leilao-do-tecon-10\/\">a suspens\u00e3o<\/a> dos preparativos para o leil\u00e3o. A medida decorre da decis\u00e3o do Executivo de reavaliar o formato do certame, que caminhava para restringir a participa\u00e7\u00e3o dos atuais operadores do porto e de armadores (donos de navios), conforme <a href=\"https:\/\/agenciainfra.com\/blog\/governo-tera-de-decidir-sobre-veto-a-armadores-no-leilao-do-tecon-10\/\">recomenda\u00e7\u00e3o<\/a> do TCU (Tribunal de Contas da Uni\u00e3o).<br><br>O diretor-presidente da ABTP (Associa\u00e7\u00e3o Brasileira dos Terminais Portu\u00e1rios), Jesualdo Silva, afirmou na audi\u00eancia que a entidade n\u00e3o entra na discuss\u00e3o sobre o formato do leil\u00e3o, mas defendeu que a posi\u00e7\u00e3o da ANTAQ, que foi pela restri\u00e7\u00e3o \u00e0\u00a0participa\u00e7\u00e3o de incumbentes,\u00a0seja respeitada. \u201cEntendemos que, durante a formula\u00e7\u00e3o das pol\u00edticas p\u00fablicas, cabe ao poder concedente, representado pelo minist\u00e9rio, e \u00e0 ag\u00eancia reguladora atuar na regula\u00e7\u00e3o, fiscaliza\u00e7\u00e3o e promo\u00e7\u00e3o da competitividade\u201d, declarou.<br><br>O diretor-executivo do Centronave (Centro Nacional de Navega\u00e7\u00e3o Transatl\u00e2ntica), Claudio Loureiro, que representa 19 armadores, questionou a justificativa para o que chamou de \u201cmodelagem excludente\u201d. \u201cEsperamos a libera\u00e7\u00e3o da participa\u00e7\u00e3o de todos, porque precisamos de celeridade\u201d, afirmou, ao mencionar a demanda acumulada de amplia\u00e7\u00e3o da capacidade portu\u00e1ria no complexo de Santos.\u00a0<\/p>\n","protected":false},"excerpt":{"rendered":"<p>Luiz Ara\u00fajo, da Ag\u00eancia iNFRA A CVT (Comiss\u00e3o de Via\u00e7\u00e3o e Transportes) realizou, nesta ter\u00e7a-feira (28), audi\u00eancia p\u00fablica sobre o leil\u00e3o do Tecon 10, megaterminal de cont\u00eaineres previsto para o Porto de Santos (SP). A reuni\u00e3o foi solicitada diante dos impasses que t\u00eam impedido o avan\u00e7o do projeto. As apresenta\u00e7\u00f5es de representantes do setor produtivo [&hellip;]<\/p>\n","protected":false},"author":1,"featured_media":40318,"comment_status":"closed","ping_status":"closed","sticky":false,"template":"","format":"standard","meta":{"_monsterinsights_skip_tracking":false,"_monsterinsights_sitenote_active":false,"_monsterinsights_sitenote_note":"","_monsterinsights_sitenote_category":0,"footnotes":""},"categories":[7250],"tags":[207,86,13263,1714,19647,4754,19130,6919,260,18115,12352,12474,1634],"class_list":["post-40317","post","type-post","status-publish","format-standard","has-post-thumbnail","hentry","category-destaque-lista","tag-abtp","tag-antaq","tag-audiencia-cvt","tag-centronave","tag-deputada-rosana-valle","tag-leilao-portuario","tag-luiz-araujo","tag-mpor","tag-porto-de-santos","tag-restricao-a-armadores","tag-tecon-10","tag-tecon-santos-10","tag-terminal-de-conteineres"],"yoast_head":"<!-- This site is optimized with the Yoast SEO Premium plugin v25.4 (Yoast SEO v26.0) - https:\/\/yoast.com\/wordpress\/plugins\/seo\/ -->\n<title>Tecon 10: Audi\u00eancia tem queixa generalizada sobre demora para leil\u00e3o - Ag\u00eancia iNFRA<\/title>\n<meta name=\"robots\" content=\"index, follow, max-snippet:-1, max-image-preview:large, max-video-preview:-1\" \/>\n<link rel=\"canonical\" href=\"https:\/\/agenciainfra.com\/blog\/tecon-10-audiencia-tem-queixa-generalizada-sobre-demora-para-leilao\/\" \/>\n<meta property=\"og:locale\" content=\"pt_BR\" \/>\n<meta property=\"og:type\" content=\"article\" \/>\n<meta property=\"og:title\" content=\"Tecon 10: Audi\u00eancia tem queixa generalizada sobre demora para leil\u00e3o\" \/>\n<meta property=\"og:description\" content=\"Luiz Ara\u00fajo, da Ag\u00eancia iNFRA A CVT (Comiss\u00e3o de Via\u00e7\u00e3o e Transportes) realizou, nesta ter\u00e7a-feira (28), audi\u00eancia p\u00fablica sobre o leil\u00e3o do Tecon 10, megaterminal de cont\u00eaineres previsto para o Porto de Santos (SP). A reuni\u00e3o foi solicitada diante dos impasses que t\u00eam impedido o avan\u00e7o do projeto. As apresenta\u00e7\u00f5es de representantes do setor produtivo [&hellip;]\" \/>\n<meta property=\"og:url\" content=\"https:\/\/agenciainfra.com\/blog\/tecon-10-audiencia-tem-queixa-generalizada-sobre-demora-para-leilao\/\" \/>\n<meta property=\"og:site_name\" content=\"Ag\u00eancia iNFRA\" \/>\n<meta property=\"article:publisher\" content=\"https:\/\/www.facebook.com\/ageninfra\" \/>\n<meta property=\"article:published_time\" content=\"2026-04-29T13:00:00+00:00\" \/>\n<meta property=\"article:modified_time\" content=\"2026-04-29T14:58:13+00:00\" \/>\n<meta property=\"og:image\" content=\"https:\/\/agenciainfra.com\/blog\/wp-content\/uploads\/2026\/04\/audiencia-cvt-foto-bruno_spada_camara-1.jpg\" \/>\n\t<meta property=\"og:image:width\" content=\"1280\" \/>\n\t<meta property=\"og:image:height\" content=\"789\" \/>\n\t<meta property=\"og:image:type\" content=\"image\/jpeg\" \/>\n<meta name=\"author\" content=\"Ag\u00eancia iNFRA\" \/>\n<meta name=\"twitter:card\" content=\"summary_large_image\" \/>\n<meta name=\"twitter:creator\" content=\"@agencia_infra\" \/>\n<meta name=\"twitter:site\" content=\"@agencia_infra\" \/>\n<meta name=\"twitter:label1\" content=\"Escrito por\" \/>\n\t<meta name=\"twitter:data1\" content=\"Ag\u00eancia iNFRA\" \/>\n\t<meta name=\"twitter:label2\" content=\"Est. tempo de leitura\" \/>\n\t<meta name=\"twitter:data2\" content=\"2 minutos\" \/>\n<script type=\"application\/ld+json\" class=\"yoast-schema-graph\">{\"@context\":\"https:\/\/schema.org\",\"@graph\":[{\"@type\":\"Article\",\"@id\":\"https:\/\/agenciainfra.com\/blog\/tecon-10-audiencia-tem-queixa-generalizada-sobre-demora-para-leilao\/#article\",\"isPartOf\":{\"@id\":\"https:\/\/agenciainfra.com\/blog\/tecon-10-audiencia-tem-queixa-generalizada-sobre-demora-para-leilao\/\"},\"author\":{\"name\":\"Ag\u00eancia iNFRA\",\"@id\":\"https:\/\/agenciainfra.com\/blog\/#\/schema\/person\/34af08dff6adea4cb22b06612ba7acfa\"},\"headline\":\"Tecon 10: Audi\u00eancia tem queixa generalizada sobre demora para leil\u00e3o\",\"datePublished\":\"2026-04-29T13:00:00+00:00\",\"dateModified\":\"2026-04-29T14:58:13+00:00\",\"mainEntityOfPage\":{\"@id\":\"https:\/\/agenciainfra.com\/blog\/tecon-10-audiencia-tem-queixa-generalizada-sobre-demora-para-leilao\/\"},\"wordCount\":421,\"publisher\":{\"@id\":\"https:\/\/agenciainfra.com\/blog\/#organization\"},\"image\":{\"@id\":\"https:\/\/agenciainfra.com\/blog\/tecon-10-audiencia-tem-queixa-generalizada-sobre-demora-para-leilao\/#primaryimage\"},\"thumbnailUrl\":\"https:\/\/agenciainfra.com\/blog\/wp-content\/uploads\/2026\/04\/audiencia-cvt-foto-bruno_spada_camara-1.jpg\",\"keywords\":[\"ABTP\",\"ANTAQ\",\"audi\u00eancia cvt\",\"Centronave\",\"deputada Rosana Valle\",\"leil\u00e3o portu\u00e1rio\",\"Luiz Ara\u00fajo\",\"MPor\",\"Porto de Santos\",\"restri\u00e7\u00e3o a armadores\",\"Tecon 10\",\"Tecon Santos 10\",\"terminal de cont\u00eaineres\"],\"articleSection\":[\"Destaque lista\"],\"inLanguage\":\"pt-BR\",\"copyrightYear\":\"2026\",\"copyrightHolder\":{\"@id\":\"https:\/\/agenciainfra.com\/blog\/#organization\"}},{\"@type\":\"WebPage\",\"@id\":\"https:\/\/agenciainfra.com\/blog\/tecon-10-audiencia-tem-queixa-generalizada-sobre-demora-para-leilao\/\",\"url\":\"https:\/\/agenciainfra.com\/blog\/tecon-10-audiencia-tem-queixa-generalizada-sobre-demora-para-leilao\/\",\"name\":\"Tecon 10: Audi\u00eancia tem queixa generalizada sobre demora para leil\u00e3o - Ag\u00eancia iNFRA\",\"isPartOf\":{\"@id\":\"https:\/\/agenciainfra.com\/blog\/#website\"},\"primaryImageOfPage\":{\"@id\":\"https:\/\/agenciainfra.com\/blog\/tecon-10-audiencia-tem-queixa-generalizada-sobre-demora-para-leilao\/#primaryimage\"},\"image\":{\"@id\":\"https:\/\/agenciainfra.com\/blog\/tecon-10-audiencia-tem-queixa-generalizada-sobre-demora-para-leilao\/#primaryimage\"},\"thumbnailUrl\":\"https:\/\/agenciainfra.com\/blog\/wp-content\/uploads\/2026\/04\/audiencia-cvt-foto-bruno_spada_camara-1.jpg\",\"datePublished\":\"2026-04-29T13:00:00+00:00\",\"dateModified\":\"2026-04-29T14:58:13+00:00\",\"breadcrumb\":{\"@id\":\"https:\/\/agenciainfra.com\/blog\/tecon-10-audiencia-tem-queixa-generalizada-sobre-demora-para-leilao\/#breadcrumb\"},\"inLanguage\":\"pt-BR\",\"potentialAction\":[{\"@type\":\"ReadAction\",\"target\":[\"https:\/\/agenciainfra.com\/blog\/tecon-10-audiencia-tem-queixa-generalizada-sobre-demora-para-leilao\/\"]}]},{\"@type\":\"ImageObject\",\"inLanguage\":\"pt-BR\",\"@id\":\"https:\/\/agenciainfra.com\/blog\/tecon-10-audiencia-tem-queixa-generalizada-sobre-demora-para-leilao\/#primaryimage\",\"url\":\"https:\/\/agenciainfra.com\/blog\/wp-content\/uploads\/2026\/04\/audiencia-cvt-foto-bruno_spada_camara-1.jpg\",\"contentUrl\":\"https:\/\/agenciainfra.com\/blog\/wp-content\/uploads\/2026\/04\/audiencia-cvt-foto-bruno_spada_camara-1.jpg\",\"width\":1280,\"height\":789,\"caption\":\"Foto: Bruno Spada\/C\u00e2mara dos Deputados\"},{\"@type\":\"BreadcrumbList\",\"@id\":\"https:\/\/agenciainfra.com\/blog\/tecon-10-audiencia-tem-queixa-generalizada-sobre-demora-para-leilao\/#breadcrumb\",\"itemListElement\":[{\"@type\":\"ListItem\",\"position\":1,\"name\":\"In\u00edcio\",\"item\":\"https:\/\/agenciainfra.com\/blog\/\"},{\"@type\":\"ListItem\",\"position\":2,\"name\":\"Tecon 10: Audi\u00eancia tem queixa generalizada sobre demora para leil\u00e3o\"}]},{\"@type\":\"WebSite\",\"@id\":\"https:\/\/agenciainfra.com\/blog\/#website\",\"url\":\"https:\/\/agenciainfra.com\/blog\/\",\"name\":\"Ag\u00eancia iNFRA\",\"description\":\"Multiplataforma de informa\u00e7\u00e3o jornal\u00edstica refer\u00eancia na \u00e1rea de infraestrutura no Brasil!\",\"publisher\":{\"@id\":\"https:\/\/agenciainfra.com\/blog\/#organization\"},\"potentialAction\":[{\"@type\":\"SearchAction\",\"target\":{\"@type\":\"EntryPoint\",\"urlTemplate\":\"https:\/\/agenciainfra.com\/blog\/?s={search_term_string}\"},\"query-input\":{\"@type\":\"PropertyValueSpecification\",\"valueRequired\":true,\"valueName\":\"search_term_string\"}}],\"inLanguage\":\"pt-BR\"},{\"@type\":\"Organization\",\"@id\":\"https:\/\/agenciainfra.com\/blog\/#organization\",\"name\":\"Ag\u00eancia iNFRA\",\"url\":\"https:\/\/agenciainfra.com\/blog\/\",\"logo\":{\"@type\":\"ImageObject\",\"inLanguage\":\"pt-BR\",\"@id\":\"https:\/\/agenciainfra.com\/blog\/#\/schema\/logo\/image\/\",\"url\":\"https:\/\/agenciainfra.com\/blog\/wp-content\/uploads\/2023\/09\/iNFRA_5-e1761735885940.png\",\"contentUrl\":\"https:\/\/agenciainfra.com\/blog\/wp-content\/uploads\/2023\/09\/iNFRA_5-e1761735885940.png\",\"width\":1672,\"height\":454,\"caption\":\"Ag\u00eancia iNFRA\"},\"image\":{\"@id\":\"https:\/\/agenciainfra.com\/blog\/#\/schema\/logo\/image\/\"},\"sameAs\":[\"https:\/\/www.facebook.com\/ageninfra\",\"https:\/\/x.com\/agencia_infra\",\"https:\/\/www.linkedin.com\/company\/ag\u00eanciainfra\/\",\"https:\/\/www.instagram.com\/agenciainfra\/\"]},{\"@type\":\"Person\",\"@id\":\"https:\/\/agenciainfra.com\/blog\/#\/schema\/person\/34af08dff6adea4cb22b06612ba7acfa\",\"name\":\"Ag\u00eancia iNFRA\",\"image\":{\"@type\":\"ImageObject\",\"inLanguage\":\"pt-BR\",\"@id\":\"https:\/\/agenciainfra.com\/blog\/#\/schema\/person\/image\/\",\"url\":\"https:\/\/secure.gravatar.com\/avatar\/d189e01678f06d8eb84d4e01f08eb848b3fffe3f8443818d3c356c66892f5be8?s=96&d=mm&r=g\",\"contentUrl\":\"https:\/\/secure.gravatar.com\/avatar\/d189e01678f06d8eb84d4e01f08eb848b3fffe3f8443818d3c356c66892f5be8?s=96&d=mm&r=g\",\"caption\":\"Ag\u00eancia iNFRA\"},\"url\":\"https:\/\/agenciainfra.com\/blog\/author\/admin\/\"}]}<\/script>\n<!-- \/ Yoast SEO Premium plugin. -->","yoast_head_json":{"title":"Tecon 10: Audi\u00eancia tem queixa generalizada sobre demora para leil\u00e3o - Ag\u00eancia iNFRA","robots":{"index":"index","follow":"follow","max-snippet":"max-snippet:-1","max-image-preview":"max-image-preview:large","max-video-preview":"max-video-preview:-1"},"canonical":"https:\/\/agenciainfra.com\/blog\/tecon-10-audiencia-tem-queixa-generalizada-sobre-demora-para-leilao\/","og_locale":"pt_BR","og_type":"article","og_title":"Tecon 10: Audi\u00eancia tem queixa generalizada sobre demora para leil\u00e3o","og_description":"Luiz Ara\u00fajo, da Ag\u00eancia iNFRA A CVT (Comiss\u00e3o de Via\u00e7\u00e3o e Transportes) realizou, nesta ter\u00e7a-feira (28), audi\u00eancia p\u00fablica sobre o leil\u00e3o do Tecon 10, megaterminal de cont\u00eaineres previsto para o Porto de Santos (SP). A reuni\u00e3o foi solicitada diante dos impasses que t\u00eam impedido o avan\u00e7o do projeto. As apresenta\u00e7\u00f5es de representantes do setor produtivo [&hellip;]","og_url":"https:\/\/agenciainfra.com\/blog\/tecon-10-audiencia-tem-queixa-generalizada-sobre-demora-para-leilao\/","og_site_name":"Ag\u00eancia iNFRA","article_publisher":"https:\/\/www.facebook.com\/ageninfra","article_published_time":"2026-04-29T13:00:00+00:00","article_modified_time":"2026-04-29T14:58:13+00:00","og_image":[{"width":1280,"height":789,"url":"https:\/\/agenciainfra.com\/blog\/wp-content\/uploads\/2026\/04\/audiencia-cvt-foto-bruno_spada_camara-1.jpg","type":"image\/jpeg"}],"author":"Ag\u00eancia iNFRA","twitter_card":"summary_large_image","twitter_creator":"@agencia_infra","twitter_site":"@agencia_infra","twitter_misc":{"Escrito por":"Ag\u00eancia iNFRA","Est. tempo de leitura":"2 minutos"},"schema":{"@context":"https:\/\/schema.org","@graph":[{"@type":"Article","@id":"https:\/\/agenciainfra.com\/blog\/tecon-10-audiencia-tem-queixa-generalizada-sobre-demora-para-leilao\/#article","isPartOf":{"@id":"https:\/\/agenciainfra.com\/blog\/tecon-10-audiencia-tem-queixa-generalizada-sobre-demora-para-leilao\/"},"author":{"name":"Ag\u00eancia iNFRA","@id":"https:\/\/agenciainfra.com\/blog\/#\/schema\/person\/34af08dff6adea4cb22b06612ba7acfa"},"headline":"Tecon 10: Audi\u00eancia tem queixa generalizada sobre demora para leil\u00e3o","datePublished":"2026-04-29T13:00:00+00:00","dateModified":"2026-04-29T14:58:13+00:00","mainEntityOfPage":{"@id":"https:\/\/agenciainfra.com\/blog\/tecon-10-audiencia-tem-queixa-generalizada-sobre-demora-para-leilao\/"},"wordCount":421,"publisher":{"@id":"https:\/\/agenciainfra.com\/blog\/#organization"},"image":{"@id":"https:\/\/agenciainfra.com\/blog\/tecon-10-audiencia-tem-queixa-generalizada-sobre-demora-para-leilao\/#primaryimage"},"thumbnailUrl":"https:\/\/agenciainfra.com\/blog\/wp-content\/uploads\/2026\/04\/audiencia-cvt-foto-bruno_spada_camara-1.jpg","keywords":["ABTP","ANTAQ","audi\u00eancia cvt","Centronave","deputada Rosana Valle","leil\u00e3o portu\u00e1rio","Luiz Ara\u00fajo","MPor","Porto de Santos","restri\u00e7\u00e3o a armadores","Tecon 10","Tecon Santos 10","terminal de cont\u00eaineres"],"articleSection":["Destaque lista"],"inLanguage":"pt-BR","copyrightYear":"2026","copyrightHolder":{"@id":"https:\/\/agenciainfra.com\/blog\/#organization"}},{"@type":"WebPage","@id":"https:\/\/agenciainfra.com\/blog\/tecon-10-audiencia-tem-queixa-generalizada-sobre-demora-para-leilao\/","url":"https:\/\/agenciainfra.com\/blog\/tecon-10-audiencia-tem-queixa-generalizada-sobre-demora-para-leilao\/","name":"Tecon 10: Audi\u00eancia tem queixa generalizada sobre demora para leil\u00e3o - Ag\u00eancia iNFRA","isPartOf":{"@id":"https:\/\/agenciainfra.com\/blog\/#website"},"primaryImageOfPage":{"@id":"https:\/\/agenciainfra.com\/blog\/tecon-10-audiencia-tem-queixa-generalizada-sobre-demora-para-leilao\/#primaryimage"},"image":{"@id":"https:\/\/agenciainfra.com\/blog\/tecon-10-audiencia-tem-queixa-generalizada-sobre-demora-para-leilao\/#primaryimage"},"thumbnailUrl":"https:\/\/agenciainfra.com\/blog\/wp-content\/uploads\/2026\/04\/audiencia-cvt-foto-bruno_spada_camara-1.jpg","datePublished":"2026-04-29T13:00:00+00:00","dateModified":"2026-04-29T14:58:13+00:00","breadcrumb":{"@id":"https:\/\/agenciainfra.com\/blog\/tecon-10-audiencia-tem-queixa-generalizada-sobre-demora-para-leilao\/#breadcrumb"},"inLanguage":"pt-BR","potentialAction":[{"@type":"ReadAction","target":["https:\/\/agenciainfra.com\/blog\/tecon-10-audiencia-tem-queixa-generalizada-sobre-demora-para-leilao\/"]}]},{"@type":"ImageObject","inLanguage":"pt-BR","@id":"https:\/\/agenciainfra.com\/blog\/tecon-10-audiencia-tem-queixa-generalizada-sobre-demora-para-leilao\/#primaryimage","url":"https:\/\/agenciainfra.com\/blog\/wp-content\/uploads\/2026\/04\/audiencia-cvt-foto-bruno_spada_camara-1.jpg","contentUrl":"https:\/\/agenciainfra.com\/blog\/wp-content\/uploads\/2026\/04\/audiencia-cvt-foto-bruno_spada_camara-1.jpg","width":1280,"height":789,"caption":"Foto: Bruno Spada\/C\u00e2mara dos Deputados"},{"@type":"BreadcrumbList","@id":"https:\/\/agenciainfra.com\/blog\/tecon-10-audiencia-tem-queixa-generalizada-sobre-demora-para-leilao\/#breadcrumb","itemListElement":[{"@type":"ListItem","position":1,"name":"In\u00edcio","item":"https:\/\/agenciainfra.com\/blog\/"},{"@type":"ListItem","position":2,"name":"Tecon 10: Audi\u00eancia tem queixa generalizada sobre demora para leil\u00e3o"}]},{"@type":"WebSite","@id":"https:\/\/agenciainfra.com\/blog\/#website","url":"https:\/\/agenciainfra.com\/blog\/","name":"Ag\u00eancia iNFRA","description":"Multiplataforma de informa\u00e7\u00e3o jornal\u00edstica refer\u00eancia na \u00e1rea de infraestrutura no Brasil!","publisher":{"@id":"https:\/\/agenciainfra.com\/blog\/#organization"},"potentialAction":[{"@type":"SearchAction","target":{"@type":"EntryPoint","urlTemplate":"https:\/\/agenciainfra.com\/blog\/?s={search_term_string}"},"query-input":{"@type":"PropertyValueSpecification","valueRequired":true,"valueName":"search_term_string"}}],"inLanguage":"pt-BR"},{"@type":"Organization","@id":"https:\/\/agenciainfra.com\/blog\/#organization","name":"Ag\u00eancia iNFRA","url":"https:\/\/agenciainfra.com\/blog\/","logo":{"@type":"ImageObject","inLanguage":"pt-BR","@id":"https:\/\/agenciainfra.com\/blog\/#\/schema\/logo\/image\/","url":"https:\/\/agenciainfra.com\/blog\/wp-content\/uploads\/2023\/09\/iNFRA_5-e1761735885940.png","contentUrl":"https:\/\/agenciainfra.com\/blog\/wp-content\/uploads\/2023\/09\/iNFRA_5-e1761735885940.png","width":1672,"height":454,"caption":"Ag\u00eancia iNFRA"},"image":{"@id":"https:\/\/agenciainfra.com\/blog\/#\/schema\/logo\/image\/"},"sameAs":["https:\/\/www.facebook.com\/ageninfra","https:\/\/x.com\/agencia_infra","https:\/\/www.linkedin.com\/company\/ag\u00eanciainfra\/","https:\/\/www.instagram.com\/agenciainfra\/"]},{"@type":"Person","@id":"https:\/\/agenciainfra.com\/blog\/#\/schema\/person\/34af08dff6adea4cb22b06612ba7acfa","name":"Ag\u00eancia iNFRA","image":{"@type":"ImageObject","inLanguage":"pt-BR","@id":"https:\/\/agenciainfra.com\/blog\/#\/schema\/person\/image\/","url":"https:\/\/secure.gravatar.com\/avatar\/d189e01678f06d8eb84d4e01f08eb848b3fffe3f8443818d3c356c66892f5be8?s=96&d=mm&r=g","contentUrl":"https:\/\/secure.gravatar.com\/avatar\/d189e01678f06d8eb84d4e01f08eb848b3fffe3f8443818d3c356c66892f5be8?s=96&d=mm&r=g","caption":"Ag\u00eancia iNFRA"},"url":"https:\/\/agenciainfra.com\/blog\/author\/admin\/"}]}},"_links":{"self":[{"href":"https:\/\/agenciainfra.com\/blog\/wp-json\/wp\/v2\/posts\/40317","targetHints":{"allow":["GET"]}}],"collection":[{"href":"https:\/\/agenciainfra.com\/blog\/wp-json\/wp\/v2\/posts"}],"about":[{"href":"https:\/\/agenciainfra.com\/blog\/wp-json\/wp\/v2\/types\/post"}],"author":[{"embeddable":true,"href":"https:\/\/agenciainfra.com\/blog\/wp-json\/wp\/v2\/users\/1"}],"replies":[{"embeddable":true,"href":"https:\/\/agenciainfra.com\/blog\/wp-json\/wp\/v2\/comments?post=40317"}],"version-history":[{"count":1,"href":"https:\/\/agenciainfra.com\/blog\/wp-json\/wp\/v2\/posts\/40317\/revisions"}],"predecessor-version":[{"id":40319,"href":"https:\/\/agenciainfra.com\/blog\/wp-json\/wp\/v2\/posts\/40317\/revisions\/40319"}],"wp:featuredmedia":[{"embeddable":true,"href":"https:\/\/agenciainfra.com\/blog\/wp-json\/wp\/v2\/media\/40318"}],"wp:attachment":[{"href":"https:\/\/agenciainfra.com\/blog\/wp-json\/wp\/v2\/media?parent=40317"}],"wp:term":[{"taxonomy":"category","embeddable":true,"href":"https:\/\/agenciainfra.com\/blog\/wp-json\/wp\/v2\/categories?post=40317"},{"taxonomy":"post_tag","embeddable":true,"href":"https:\/\/agenciainfra.com\/blog\/wp-json\/wp\/v2\/tags?post=40317"}],"curies":[{"name":"wp","href":"https:\/\/api.w.org\/{rel}","templated":true}]}}