{"id":40337,"date":"2026-04-29T13:00:18","date_gmt":"2026-04-29T16:00:18","guid":{"rendered":"https:\/\/agenciainfra.com\/blog\/?p=40337"},"modified":"2026-04-29T13:00:20","modified_gmt":"2026-04-29T16:00:20","slug":"comissao-da-camara-aprova-selo-cidade-limpa-para-incentivar-reciclagem","status":"publish","type":"post","link":"https:\/\/agenciainfra.com\/blog\/comissao-da-camara-aprova-selo-cidade-limpa-para-incentivar-reciclagem\/","title":{"rendered":"Comiss\u00e3o da C\u00e2mara aprova Selo Cidade Limpa para incentivar reciclagem"},"content":{"rendered":"\n<p class=\"has-text-align-right\"><strong>Beatriz Kawai, da Ag\u00eancia iNFRA<\/strong><\/p>\n\n\n\n<p>A Cmads (Comiss\u00e3o de Meio Ambiente e Desenvolvimento Sustent\u00e1vel) da C\u00e2mara dos Deputados aprovou, nesta quarta-feira (29), o PL (Projeto de Lei) 530\/2025, que cria o Selo Cidade Limpa, a ser concedido aos munic\u00edpios que implementarem as melhores pr\u00e1ticas de gest\u00e3o de res\u00edduos. O PL altera a Lei 14.260, de 2021, de incentivos financeiros \u00e0 ind\u00fastria da reciclagem. As prefeituras que possu\u00edrem o selo ter\u00e3o prioridade de acesso a recursos dos ProRecicle (Fundos de Investimentos para Projetos de Reciclagem), cuja cria\u00e7\u00e3o foi institu\u00edda na Lei 14.260.<\/p>\n\n\n\n<p>O selo funcionar\u00e1 como incentivo de engajamento e para melhorar a qualidade ambiental das cidades, concedido \u00e0s cidades que colocarem em pr\u00e1tica opera\u00e7\u00f5es de coleta seletiva de res\u00edduos s\u00f3lidos em, no m\u00ednimo, 70% dos domic\u00edlios e estabelecimentos comerciais da cidade e que apresentem uma taxa de reciclagem acima de 30% dos res\u00edduos urbanos gerados.<\/p>\n\n\n\n<p>Ex-ministra do Meio Ambiente e Mudan\u00e7a do Clima, a deputada Marina Silva (Rede-SP) defendeu, na sess\u00e3o, a inclus\u00e3o das cooperativas no projeto e a cria\u00e7\u00e3o de indicadores de esfor\u00e7o pra acompanhar o Selo Cidade Limpa. \u201c\u00c9 merit\u00f3rio [a cria\u00e7\u00e3o de projetos de reciclagem] como algo que catalisa a a\u00e7\u00e3o das prefeituras, e dos governos estaduais que tamb\u00e9m devem estar envolvidos nessa equa\u00e7\u00e3o, mas \u00e9 preciso que a gente crie uma agenda positiva para aqueles que n\u00e3o t\u00eam, por si s\u00f3, como alcan\u00e7ar [os crit\u00e9rios do Selo Cidade Limpa]\u201d, argumentou.<\/p>\n\n\n\n<p>Ainda nesta quarta-feira, a CDU (Comiss\u00e3o de Desenvolvimento Urbano) aprovou o PL 2.880\/2022, para prever na PNRS (Pol\u00edtica Nacional de Res\u00edduos S\u00f3lidos) a cria\u00e7\u00e3o de pr\u00eamios de incentivo \u00e0s boas pr\u00e1ticas na \u00e1rea de res\u00edduos s\u00f3lidos.<\/p>\n","protected":false},"excerpt":{"rendered":"<p>Beatriz Kawai, da Ag\u00eancia iNFRA A Cmads (Comiss\u00e3o de Meio Ambiente e Desenvolvimento Sustent\u00e1vel) da C\u00e2mara dos Deputados aprovou, nesta quarta-feira (29), o PL (Projeto de Lei) 530\/2025, que cria o Selo Cidade Limpa, a ser concedido aos munic\u00edpios que implementarem as melhores pr\u00e1ticas de gest\u00e3o de res\u00edduos. O PL altera a Lei 14.260, de [&hellip;]<\/p>\n","protected":false},"author":1,"featured_media":33601,"comment_status":"closed","ping_status":"closed","sticky":false,"template":"","format":"standard","meta":{"_monsterinsights_skip_tracking":false,"_monsterinsights_sitenote_active":false,"_monsterinsights_sitenote_note":"","_monsterinsights_sitenote_category":0,"footnotes":""},"categories":[7250],"tags":[305,477,849,8292,3212,179],"class_list":["post-40337","post","type-post","status-publish","format-standard","has-post-thumbnail","hentry","category-destaque-lista","tag-camara-dos-deputados","tag-marina-silva","tag-meio-ambiente","tag-reciclagem","tag-residuos-solidos","tag-saneamento"],"yoast_head":"<!-- This site is optimized with the Yoast SEO Premium plugin v25.4 (Yoast SEO v26.0) - https:\/\/yoast.com\/wordpress\/plugins\/seo\/ -->\n<title>Comiss\u00e3o da C\u00e2mara aprova Selo Cidade Limpa para incentivar reciclagem - Ag\u00eancia iNFRA<\/title>\n<meta name=\"robots\" content=\"index, follow, max-snippet:-1, max-image-preview:large, max-video-preview:-1\" \/>\n<link rel=\"canonical\" href=\"https:\/\/agenciainfra.com\/blog\/comissao-da-camara-aprova-selo-cidade-limpa-para-incentivar-reciclagem\/\" \/>\n<meta property=\"og:locale\" content=\"pt_BR\" \/>\n<meta property=\"og:type\" content=\"article\" \/>\n<meta property=\"og:title\" content=\"Comiss\u00e3o da C\u00e2mara aprova Selo Cidade Limpa para incentivar reciclagem\" \/>\n<meta property=\"og:description\" content=\"Beatriz Kawai, da Ag\u00eancia iNFRA A Cmads (Comiss\u00e3o de Meio Ambiente e Desenvolvimento Sustent\u00e1vel) da C\u00e2mara dos Deputados aprovou, nesta quarta-feira (29), o PL (Projeto de Lei) 530\/2025, que cria o Selo Cidade Limpa, a ser concedido aos munic\u00edpios que implementarem as melhores pr\u00e1ticas de gest\u00e3o de res\u00edduos. O PL altera a Lei 14.260, de [&hellip;]\" \/>\n<meta property=\"og:url\" content=\"https:\/\/agenciainfra.com\/blog\/comissao-da-camara-aprova-selo-cidade-limpa-para-incentivar-reciclagem\/\" \/>\n<meta property=\"og:site_name\" content=\"Ag\u00eancia iNFRA\" \/>\n<meta property=\"article:publisher\" content=\"https:\/\/www.facebook.com\/ageninfra\" \/>\n<meta property=\"article:published_time\" content=\"2026-04-29T16:00:18+00:00\" \/>\n<meta property=\"article:modified_time\" content=\"2026-04-29T16:00:20+00:00\" \/>\n<meta property=\"og:image\" content=\"https:\/\/agenciainfra.com\/blog\/wp-content\/uploads\/2025\/12\/residuos-solidos-foto-agencia-brasilia.jpeg.jpg\" \/>\n\t<meta property=\"og:image:width\" content=\"1280\" \/>\n\t<meta property=\"og:image:height\" content=\"853\" \/>\n\t<meta property=\"og:image:type\" content=\"image\/jpeg\" \/>\n<meta name=\"author\" content=\"Ag\u00eancia iNFRA\" \/>\n<meta name=\"twitter:card\" content=\"summary_large_image\" \/>\n<meta name=\"twitter:creator\" content=\"@agencia_infra\" \/>\n<meta name=\"twitter:site\" content=\"@agencia_infra\" \/>\n<meta name=\"twitter:label1\" content=\"Escrito por\" \/>\n\t<meta name=\"twitter:data1\" content=\"Ag\u00eancia iNFRA\" \/>\n\t<meta name=\"twitter:label2\" content=\"Est. tempo de leitura\" \/>\n\t<meta name=\"twitter:data2\" content=\"2 minutos\" \/>\n<script type=\"application\/ld+json\" class=\"yoast-schema-graph\">{\"@context\":\"https:\/\/schema.org\",\"@graph\":[{\"@type\":\"Article\",\"@id\":\"https:\/\/agenciainfra.com\/blog\/comissao-da-camara-aprova-selo-cidade-limpa-para-incentivar-reciclagem\/#article\",\"isPartOf\":{\"@id\":\"https:\/\/agenciainfra.com\/blog\/comissao-da-camara-aprova-selo-cidade-limpa-para-incentivar-reciclagem\/\"},\"author\":{\"name\":\"Ag\u00eancia iNFRA\",\"@id\":\"https:\/\/agenciainfra.com\/blog\/#\/schema\/person\/34af08dff6adea4cb22b06612ba7acfa\"},\"headline\":\"Comiss\u00e3o da C\u00e2mara aprova Selo Cidade Limpa para incentivar reciclagem\",\"datePublished\":\"2026-04-29T16:00:18+00:00\",\"dateModified\":\"2026-04-29T16:00:20+00:00\",\"mainEntityOfPage\":{\"@id\":\"https:\/\/agenciainfra.com\/blog\/comissao-da-camara-aprova-selo-cidade-limpa-para-incentivar-reciclagem\/\"},\"wordCount\":314,\"publisher\":{\"@id\":\"https:\/\/agenciainfra.com\/blog\/#organization\"},\"image\":{\"@id\":\"https:\/\/agenciainfra.com\/blog\/comissao-da-camara-aprova-selo-cidade-limpa-para-incentivar-reciclagem\/#primaryimage\"},\"thumbnailUrl\":\"https:\/\/agenciainfra.com\/blog\/wp-content\/uploads\/2025\/12\/residuos-solidos-foto-agencia-brasilia.jpeg.jpg\",\"keywords\":[\"C\u00e2mara dos Deputados\",\"Marina Silva\",\"meio ambiente\",\"Reciclagem\",\"res\u00edduos s\u00f3lidos\",\"saneamento\"],\"articleSection\":[\"Destaque lista\"],\"inLanguage\":\"pt-BR\",\"copyrightYear\":\"2026\",\"copyrightHolder\":{\"@id\":\"https:\/\/agenciainfra.com\/blog\/#organization\"}},{\"@type\":\"WebPage\",\"@id\":\"https:\/\/agenciainfra.com\/blog\/comissao-da-camara-aprova-selo-cidade-limpa-para-incentivar-reciclagem\/\",\"url\":\"https:\/\/agenciainfra.com\/blog\/comissao-da-camara-aprova-selo-cidade-limpa-para-incentivar-reciclagem\/\",\"name\":\"Comiss\u00e3o da C\u00e2mara aprova Selo Cidade Limpa para incentivar reciclagem - Ag\u00eancia iNFRA\",\"isPartOf\":{\"@id\":\"https:\/\/agenciainfra.com\/blog\/#website\"},\"primaryImageOfPage\":{\"@id\":\"https:\/\/agenciainfra.com\/blog\/comissao-da-camara-aprova-selo-cidade-limpa-para-incentivar-reciclagem\/#primaryimage\"},\"image\":{\"@id\":\"https:\/\/agenciainfra.com\/blog\/comissao-da-camara-aprova-selo-cidade-limpa-para-incentivar-reciclagem\/#primaryimage\"},\"thumbnailUrl\":\"https:\/\/agenciainfra.com\/blog\/wp-content\/uploads\/2025\/12\/residuos-solidos-foto-agencia-brasilia.jpeg.jpg\",\"datePublished\":\"2026-04-29T16:00:18+00:00\",\"dateModified\":\"2026-04-29T16:00:20+00:00\",\"breadcrumb\":{\"@id\":\"https:\/\/agenciainfra.com\/blog\/comissao-da-camara-aprova-selo-cidade-limpa-para-incentivar-reciclagem\/#breadcrumb\"},\"inLanguage\":\"pt-BR\",\"potentialAction\":[{\"@type\":\"ReadAction\",\"target\":[\"https:\/\/agenciainfra.com\/blog\/comissao-da-camara-aprova-selo-cidade-limpa-para-incentivar-reciclagem\/\"]}]},{\"@type\":\"ImageObject\",\"inLanguage\":\"pt-BR\",\"@id\":\"https:\/\/agenciainfra.com\/blog\/comissao-da-camara-aprova-selo-cidade-limpa-para-incentivar-reciclagem\/#primaryimage\",\"url\":\"https:\/\/agenciainfra.com\/blog\/wp-content\/uploads\/2025\/12\/residuos-solidos-foto-agencia-brasilia.jpeg.jpg\",\"contentUrl\":\"https:\/\/agenciainfra.com\/blog\/wp-content\/uploads\/2025\/12\/residuos-solidos-foto-agencia-brasilia.jpeg.jpg\",\"width\":1280,\"height\":853,\"caption\":\"Foto: Ag\u00eancia Bras\u00edlia\"},{\"@type\":\"BreadcrumbList\",\"@id\":\"https:\/\/agenciainfra.com\/blog\/comissao-da-camara-aprova-selo-cidade-limpa-para-incentivar-reciclagem\/#breadcrumb\",\"itemListElement\":[{\"@type\":\"ListItem\",\"position\":1,\"name\":\"In\u00edcio\",\"item\":\"https:\/\/agenciainfra.com\/blog\/\"},{\"@type\":\"ListItem\",\"position\":2,\"name\":\"Comiss\u00e3o da C\u00e2mara aprova Selo Cidade Limpa para incentivar reciclagem\"}]},{\"@type\":\"WebSite\",\"@id\":\"https:\/\/agenciainfra.com\/blog\/#website\",\"url\":\"https:\/\/agenciainfra.com\/blog\/\",\"name\":\"Ag\u00eancia iNFRA\",\"description\":\"Multiplataforma de informa\u00e7\u00e3o jornal\u00edstica refer\u00eancia na \u00e1rea de infraestrutura no Brasil!\",\"publisher\":{\"@id\":\"https:\/\/agenciainfra.com\/blog\/#organization\"},\"potentialAction\":[{\"@type\":\"SearchAction\",\"target\":{\"@type\":\"EntryPoint\",\"urlTemplate\":\"https:\/\/agenciainfra.com\/blog\/?s={search_term_string}\"},\"query-input\":{\"@type\":\"PropertyValueSpecification\",\"valueRequired\":true,\"valueName\":\"search_term_string\"}}],\"inLanguage\":\"pt-BR\"},{\"@type\":\"Organization\",\"@id\":\"https:\/\/agenciainfra.com\/blog\/#organization\",\"name\":\"Ag\u00eancia iNFRA\",\"url\":\"https:\/\/agenciainfra.com\/blog\/\",\"logo\":{\"@type\":\"ImageObject\",\"inLanguage\":\"pt-BR\",\"@id\":\"https:\/\/agenciainfra.com\/blog\/#\/schema\/logo\/image\/\",\"url\":\"https:\/\/agenciainfra.com\/blog\/wp-content\/uploads\/2023\/09\/iNFRA_5-e1761735885940.png\",\"contentUrl\":\"https:\/\/agenciainfra.com\/blog\/wp-content\/uploads\/2023\/09\/iNFRA_5-e1761735885940.png\",\"width\":1672,\"height\":454,\"caption\":\"Ag\u00eancia iNFRA\"},\"image\":{\"@id\":\"https:\/\/agenciainfra.com\/blog\/#\/schema\/logo\/image\/\"},\"sameAs\":[\"https:\/\/www.facebook.com\/ageninfra\",\"https:\/\/x.com\/agencia_infra\",\"https:\/\/www.linkedin.com\/company\/ag\u00eanciainfra\/\",\"https:\/\/www.instagram.com\/agenciainfra\/\"]},{\"@type\":\"Person\",\"@id\":\"https:\/\/agenciainfra.com\/blog\/#\/schema\/person\/34af08dff6adea4cb22b06612ba7acfa\",\"name\":\"Ag\u00eancia iNFRA\",\"image\":{\"@type\":\"ImageObject\",\"inLanguage\":\"pt-BR\",\"@id\":\"https:\/\/agenciainfra.com\/blog\/#\/schema\/person\/image\/\",\"url\":\"https:\/\/secure.gravatar.com\/avatar\/d189e01678f06d8eb84d4e01f08eb848b3fffe3f8443818d3c356c66892f5be8?s=96&d=mm&r=g\",\"contentUrl\":\"https:\/\/secure.gravatar.com\/avatar\/d189e01678f06d8eb84d4e01f08eb848b3fffe3f8443818d3c356c66892f5be8?s=96&d=mm&r=g\",\"caption\":\"Ag\u00eancia iNFRA\"},\"url\":\"https:\/\/agenciainfra.com\/blog\/author\/admin\/\"}]}<\/script>\n<!-- \/ Yoast SEO Premium plugin. -->","yoast_head_json":{"title":"Comiss\u00e3o da C\u00e2mara aprova Selo Cidade Limpa para incentivar reciclagem - Ag\u00eancia iNFRA","robots":{"index":"index","follow":"follow","max-snippet":"max-snippet:-1","max-image-preview":"max-image-preview:large","max-video-preview":"max-video-preview:-1"},"canonical":"https:\/\/agenciainfra.com\/blog\/comissao-da-camara-aprova-selo-cidade-limpa-para-incentivar-reciclagem\/","og_locale":"pt_BR","og_type":"article","og_title":"Comiss\u00e3o da C\u00e2mara aprova Selo Cidade Limpa para incentivar reciclagem","og_description":"Beatriz Kawai, da Ag\u00eancia iNFRA A Cmads (Comiss\u00e3o de Meio Ambiente e Desenvolvimento Sustent\u00e1vel) da C\u00e2mara dos Deputados aprovou, nesta quarta-feira (29), o PL (Projeto de Lei) 530\/2025, que cria o Selo Cidade Limpa, a ser concedido aos munic\u00edpios que implementarem as melhores pr\u00e1ticas de gest\u00e3o de res\u00edduos. O PL altera a Lei 14.260, de [&hellip;]","og_url":"https:\/\/agenciainfra.com\/blog\/comissao-da-camara-aprova-selo-cidade-limpa-para-incentivar-reciclagem\/","og_site_name":"Ag\u00eancia iNFRA","article_publisher":"https:\/\/www.facebook.com\/ageninfra","article_published_time":"2026-04-29T16:00:18+00:00","article_modified_time":"2026-04-29T16:00:20+00:00","og_image":[{"width":1280,"height":853,"url":"https:\/\/agenciainfra.com\/blog\/wp-content\/uploads\/2025\/12\/residuos-solidos-foto-agencia-brasilia.jpeg.jpg","type":"image\/jpeg"}],"author":"Ag\u00eancia iNFRA","twitter_card":"summary_large_image","twitter_creator":"@agencia_infra","twitter_site":"@agencia_infra","twitter_misc":{"Escrito por":"Ag\u00eancia iNFRA","Est. tempo de leitura":"2 minutos"},"schema":{"@context":"https:\/\/schema.org","@graph":[{"@type":"Article","@id":"https:\/\/agenciainfra.com\/blog\/comissao-da-camara-aprova-selo-cidade-limpa-para-incentivar-reciclagem\/#article","isPartOf":{"@id":"https:\/\/agenciainfra.com\/blog\/comissao-da-camara-aprova-selo-cidade-limpa-para-incentivar-reciclagem\/"},"author":{"name":"Ag\u00eancia iNFRA","@id":"https:\/\/agenciainfra.com\/blog\/#\/schema\/person\/34af08dff6adea4cb22b06612ba7acfa"},"headline":"Comiss\u00e3o da C\u00e2mara aprova Selo Cidade Limpa para incentivar reciclagem","datePublished":"2026-04-29T16:00:18+00:00","dateModified":"2026-04-29T16:00:20+00:00","mainEntityOfPage":{"@id":"https:\/\/agenciainfra.com\/blog\/comissao-da-camara-aprova-selo-cidade-limpa-para-incentivar-reciclagem\/"},"wordCount":314,"publisher":{"@id":"https:\/\/agenciainfra.com\/blog\/#organization"},"image":{"@id":"https:\/\/agenciainfra.com\/blog\/comissao-da-camara-aprova-selo-cidade-limpa-para-incentivar-reciclagem\/#primaryimage"},"thumbnailUrl":"https:\/\/agenciainfra.com\/blog\/wp-content\/uploads\/2025\/12\/residuos-solidos-foto-agencia-brasilia.jpeg.jpg","keywords":["C\u00e2mara dos Deputados","Marina Silva","meio ambiente","Reciclagem","res\u00edduos s\u00f3lidos","saneamento"],"articleSection":["Destaque lista"],"inLanguage":"pt-BR","copyrightYear":"2026","copyrightHolder":{"@id":"https:\/\/agenciainfra.com\/blog\/#organization"}},{"@type":"WebPage","@id":"https:\/\/agenciainfra.com\/blog\/comissao-da-camara-aprova-selo-cidade-limpa-para-incentivar-reciclagem\/","url":"https:\/\/agenciainfra.com\/blog\/comissao-da-camara-aprova-selo-cidade-limpa-para-incentivar-reciclagem\/","name":"Comiss\u00e3o da C\u00e2mara aprova Selo Cidade Limpa para incentivar reciclagem - Ag\u00eancia iNFRA","isPartOf":{"@id":"https:\/\/agenciainfra.com\/blog\/#website"},"primaryImageOfPage":{"@id":"https:\/\/agenciainfra.com\/blog\/comissao-da-camara-aprova-selo-cidade-limpa-para-incentivar-reciclagem\/#primaryimage"},"image":{"@id":"https:\/\/agenciainfra.com\/blog\/comissao-da-camara-aprova-selo-cidade-limpa-para-incentivar-reciclagem\/#primaryimage"},"thumbnailUrl":"https:\/\/agenciainfra.com\/blog\/wp-content\/uploads\/2025\/12\/residuos-solidos-foto-agencia-brasilia.jpeg.jpg","datePublished":"2026-04-29T16:00:18+00:00","dateModified":"2026-04-29T16:00:20+00:00","breadcrumb":{"@id":"https:\/\/agenciainfra.com\/blog\/comissao-da-camara-aprova-selo-cidade-limpa-para-incentivar-reciclagem\/#breadcrumb"},"inLanguage":"pt-BR","potentialAction":[{"@type":"ReadAction","target":["https:\/\/agenciainfra.com\/blog\/comissao-da-camara-aprova-selo-cidade-limpa-para-incentivar-reciclagem\/"]}]},{"@type":"ImageObject","inLanguage":"pt-BR","@id":"https:\/\/agenciainfra.com\/blog\/comissao-da-camara-aprova-selo-cidade-limpa-para-incentivar-reciclagem\/#primaryimage","url":"https:\/\/agenciainfra.com\/blog\/wp-content\/uploads\/2025\/12\/residuos-solidos-foto-agencia-brasilia.jpeg.jpg","contentUrl":"https:\/\/agenciainfra.com\/blog\/wp-content\/uploads\/2025\/12\/residuos-solidos-foto-agencia-brasilia.jpeg.jpg","width":1280,"height":853,"caption":"Foto: Ag\u00eancia Bras\u00edlia"},{"@type":"BreadcrumbList","@id":"https:\/\/agenciainfra.com\/blog\/comissao-da-camara-aprova-selo-cidade-limpa-para-incentivar-reciclagem\/#breadcrumb","itemListElement":[{"@type":"ListItem","position":1,"name":"In\u00edcio","item":"https:\/\/agenciainfra.com\/blog\/"},{"@type":"ListItem","position":2,"name":"Comiss\u00e3o da C\u00e2mara aprova Selo Cidade Limpa para incentivar reciclagem"}]},{"@type":"WebSite","@id":"https:\/\/agenciainfra.com\/blog\/#website","url":"https:\/\/agenciainfra.com\/blog\/","name":"Ag\u00eancia iNFRA","description":"Multiplataforma de informa\u00e7\u00e3o jornal\u00edstica refer\u00eancia na \u00e1rea de infraestrutura no Brasil!","publisher":{"@id":"https:\/\/agenciainfra.com\/blog\/#organization"},"potentialAction":[{"@type":"SearchAction","target":{"@type":"EntryPoint","urlTemplate":"https:\/\/agenciainfra.com\/blog\/?s={search_term_string}"},"query-input":{"@type":"PropertyValueSpecification","valueRequired":true,"valueName":"search_term_string"}}],"inLanguage":"pt-BR"},{"@type":"Organization","@id":"https:\/\/agenciainfra.com\/blog\/#organization","name":"Ag\u00eancia iNFRA","url":"https:\/\/agenciainfra.com\/blog\/","logo":{"@type":"ImageObject","inLanguage":"pt-BR","@id":"https:\/\/agenciainfra.com\/blog\/#\/schema\/logo\/image\/","url":"https:\/\/agenciainfra.com\/blog\/wp-content\/uploads\/2023\/09\/iNFRA_5-e1761735885940.png","contentUrl":"https:\/\/agenciainfra.com\/blog\/wp-content\/uploads\/2023\/09\/iNFRA_5-e1761735885940.png","width":1672,"height":454,"caption":"Ag\u00eancia iNFRA"},"image":{"@id":"https:\/\/agenciainfra.com\/blog\/#\/schema\/logo\/image\/"},"sameAs":["https:\/\/www.facebook.com\/ageninfra","https:\/\/x.com\/agencia_infra","https:\/\/www.linkedin.com\/company\/ag\u00eanciainfra\/","https:\/\/www.instagram.com\/agenciainfra\/"]},{"@type":"Person","@id":"https:\/\/agenciainfra.com\/blog\/#\/schema\/person\/34af08dff6adea4cb22b06612ba7acfa","name":"Ag\u00eancia iNFRA","image":{"@type":"ImageObject","inLanguage":"pt-BR","@id":"https:\/\/agenciainfra.com\/blog\/#\/schema\/person\/image\/","url":"https:\/\/secure.gravatar.com\/avatar\/d189e01678f06d8eb84d4e01f08eb848b3fffe3f8443818d3c356c66892f5be8?s=96&d=mm&r=g","contentUrl":"https:\/\/secure.gravatar.com\/avatar\/d189e01678f06d8eb84d4e01f08eb848b3fffe3f8443818d3c356c66892f5be8?s=96&d=mm&r=g","caption":"Ag\u00eancia iNFRA"},"url":"https:\/\/agenciainfra.com\/blog\/author\/admin\/"}]}},"_links":{"self":[{"href":"https:\/\/agenciainfra.com\/blog\/wp-json\/wp\/v2\/posts\/40337","targetHints":{"allow":["GET"]}}],"collection":[{"href":"https:\/\/agenciainfra.com\/blog\/wp-json\/wp\/v2\/posts"}],"about":[{"href":"https:\/\/agenciainfra.com\/blog\/wp-json\/wp\/v2\/types\/post"}],"author":[{"embeddable":true,"href":"https:\/\/agenciainfra.com\/blog\/wp-json\/wp\/v2\/users\/1"}],"replies":[{"embeddable":true,"href":"https:\/\/agenciainfra.com\/blog\/wp-json\/wp\/v2\/comments?post=40337"}],"version-history":[{"count":1,"href":"https:\/\/agenciainfra.com\/blog\/wp-json\/wp\/v2\/posts\/40337\/revisions"}],"predecessor-version":[{"id":40339,"href":"https:\/\/agenciainfra.com\/blog\/wp-json\/wp\/v2\/posts\/40337\/revisions\/40339"}],"wp:featuredmedia":[{"embeddable":true,"href":"https:\/\/agenciainfra.com\/blog\/wp-json\/wp\/v2\/media\/33601"}],"wp:attachment":[{"href":"https:\/\/agenciainfra.com\/blog\/wp-json\/wp\/v2\/media?parent=40337"}],"wp:term":[{"taxonomy":"category","embeddable":true,"href":"https:\/\/agenciainfra.com\/blog\/wp-json\/wp\/v2\/categories?post=40337"},{"taxonomy":"post_tag","embeddable":true,"href":"https:\/\/agenciainfra.com\/blog\/wp-json\/wp\/v2\/tags?post=40337"}],"curies":[{"name":"wp","href":"https:\/\/api.w.org\/{rel}","templated":true}]}}