{"id":40338,"date":"2026-04-29T13:00:50","date_gmt":"2026-04-29T16:00:50","guid":{"rendered":"https:\/\/agenciainfra.com\/blog\/?p=40338"},"modified":"2026-04-29T13:25:12","modified_gmt":"2026-04-29T16:25:12","slug":"proximo-governo-precisara-fazer-reforma-estrutural-do-setor-eletrico-diz-jardim","status":"publish","type":"post","link":"https:\/\/agenciainfra.com\/blog\/proximo-governo-precisara-fazer-reforma-estrutural-do-setor-eletrico-diz-jardim\/","title":{"rendered":"Jardim: &#8216;Pr\u00f3ximo governo precisar\u00e1 fazer reforma estrutural do setor el\u00e9trico&#8217;"},"content":{"rendered":"\n<p class=\"has-text-align-right\"><strong>Geraldo Campos Jr., da Ag\u00eancia iNFRA<\/strong><\/p>\n\n\n\n<p>O deputado federal Arnaldo Jardim (Cidadania-SP) disse nesta quarta-feira (29) que o pr\u00f3ximo governo federal ter\u00e1 que fazer uma reforma estrutural do setor el\u00e9trico. Segundo ele, a Lei 15.269\/2025, que modernizou algumas legisla\u00e7\u00f5es da \u00e1rea, trouxe ajustes importantes, mas n\u00e3o resolve todos os problemas para a sustentabilidade futura do setor.<\/p>\n\n\n\n<p>\u201cEsse ano ainda passaremos pela regulamenta\u00e7\u00e3o da lei e medidas pontuais que possam ser discutidas, mas quest\u00f5es estruturais t\u00eam que ser vistas em um novo momento pol\u00edtico. O pr\u00f3ximo governo, seja de continuidade ou com um novo presidente, ter\u00e1 que fazer, no meu entender, uma reforma mais estruturante do sistema. As modifica\u00e7\u00f5es que ocorreram at\u00e9 agora foram ajustes importantes, mas n\u00e3o traduzem e n\u00e3o tra\u00e7am o cen\u00e1rio de futuro\u201d, disse o deputado durante o evento Redes do Amanh\u00e3, da revista Exame.<\/p>\n\n\n\n<p>O secret\u00e1rio de Energia El\u00e9trica do MME (Minist\u00e9rio de Minas e Energia), Jo\u00e3o Daniel Cascalho, afirmou que as leis do ano passado resultantes das MPs (Medidas Provis\u00f3rias) 1.300 e 1.304 j\u00e1 nasceram antigas. \u201cA reforma que n\u00f3s tivemos foi fundamental, mas ela veio j\u00e1 antiga, porque a gente conseguiu trabalhar com alguns aspectos, como por exemplo, a abertura de mercado e o teto da CDE [Conta de Desenvolvimento Energ\u00e9tico], mas que eram quest\u00f5es debatidas h\u00e1 muitos anos\u201d.<\/p>\n\n\n\n<p>Arnaldo Jardim destacou o PLP (Projeto de Lei Complementar) 100\/2026, apresentado por ele para eliminar a possibilidade de cria\u00e7\u00e3o de novos subs\u00eddios de energia e reavaliar os incentivos existentes no setor que pesam na conta de luz. O projeto vem sendo chamado de Lei de Responsabilidade Tarif\u00e1ria.<\/p>\n\n\n\n<p>O diretor-geral da ANEEL, Sandoval Feitosa, afirmou no evento que a aprova\u00e7\u00e3o do PLP, aliada ao teto da CDE \u2013 que vigorar\u00e1 a partir do ano que vem \u2013, ter\u00e1 potencial de controlar o peso dos subs\u00eddios na conta de luz no m\u00e9dio para longo prazo.<\/p>\n\n\n\n<p>Al\u00e9m dos subs\u00eddios, Feitosa mencionou o aumento dos custos de gera\u00e7\u00e3o pra os pr\u00f3ximos anos como um ponto de aten\u00e7\u00e3o, diante do impacto nas contas de luz. \u201cTarifa \u00e9 preocupa\u00e7\u00e3o e continuar\u00e1 sendo. E temos que trabalhar de forma orquestrada para todo mundo cumprir seu papel e consumidor final ter servi\u00e7o de qualidade e tamb\u00e9m m\u00f3dico\u201d, disse.<\/p>\n\n\n\n<p>O secret\u00e1rio Jo\u00e3o Daniel Cascalho mencionou, como um dos principais pontos que precisam de ajustes no setor, o modelo de forma\u00e7\u00e3o de pre\u00e7os. Ele afirmou que a metodologia atual est\u00e1 desatualizada e n\u00e3o garante custos justos, contribuindo inclusive para o problema do curtailment (cortes obrigat\u00f3rios de gera\u00e7\u00e3o).<\/p>\n\n\n\n<p>\u201cUma s\u00e9rie de decis\u00f5es que foram tomadas est\u00e3o se refletindo hoje numa forma\u00e7\u00e3o de pre\u00e7os que acreditamos que precisam evoluir [\u2026] os cortes de gera\u00e7\u00e3o \u00e9 um reflexo disso tamb\u00e9m, de uma forma\u00e7\u00e3o de pre\u00e7os que n\u00e3o est\u00e1 adequada\u201d, disse.<\/p>\n","protected":false},"excerpt":{"rendered":"<p>Geraldo Campos Jr., da Ag\u00eancia iNFRA O deputado federal Arnaldo Jardim (Cidadania-SP) disse nesta quarta-feira (29) que o pr\u00f3ximo governo federal ter\u00e1 que fazer uma reforma estrutural do setor el\u00e9trico. Segundo ele, a Lei 15.269\/2025, que modernizou algumas legisla\u00e7\u00f5es da \u00e1rea, trouxe ajustes importantes, mas n\u00e3o resolve todos os problemas para a sustentabilidade futura do [&hellip;]<\/p>\n","protected":false},"author":1,"featured_media":15179,"comment_status":"closed","ping_status":"closed","sticky":false,"template":"","format":"standard","meta":{"_monsterinsights_skip_tracking":false,"_monsterinsights_sitenote_active":false,"_monsterinsights_sitenote_note":"","_monsterinsights_sitenote_category":0,"footnotes":""},"categories":[7250],"tags":[888,11594,15119,10710,1026,54],"class_list":["post-40338","post","type-post","status-publish","format-standard","has-post-thumbnail","hentry","category-destaque-lista","tag-arnaldo-jardim","tag-geraldo-campos-jr","tag-joao-daniel-cascalho","tag-reforma-do-setor-eletrico","tag-sandoval-feitosa","tag-setor-eletrico"],"yoast_head":"<!-- This site is optimized with the Yoast SEO Premium plugin v25.4 (Yoast SEO v26.0) - https:\/\/yoast.com\/wordpress\/plugins\/seo\/ -->\n<title>Jardim: &#039;Pr\u00f3ximo governo precisar\u00e1 fazer reforma estrutural do setor el\u00e9trico&#039; - Ag\u00eancia iNFRA<\/title>\n<meta name=\"robots\" content=\"index, follow, max-snippet:-1, max-image-preview:large, max-video-preview:-1\" \/>\n<link rel=\"canonical\" href=\"https:\/\/agenciainfra.com\/blog\/proximo-governo-precisara-fazer-reforma-estrutural-do-setor-eletrico-diz-jardim\/\" \/>\n<meta property=\"og:locale\" content=\"pt_BR\" \/>\n<meta property=\"og:type\" content=\"article\" \/>\n<meta property=\"og:title\" content=\"Jardim: &#039;Pr\u00f3ximo governo precisar\u00e1 fazer reforma estrutural do setor el\u00e9trico&#039;\" \/>\n<meta property=\"og:description\" content=\"Geraldo Campos Jr., da Ag\u00eancia iNFRA O deputado federal Arnaldo Jardim (Cidadania-SP) disse nesta quarta-feira (29) que o pr\u00f3ximo governo federal ter\u00e1 que fazer uma reforma estrutural do setor el\u00e9trico. Segundo ele, a Lei 15.269\/2025, que modernizou algumas legisla\u00e7\u00f5es da \u00e1rea, trouxe ajustes importantes, mas n\u00e3o resolve todos os problemas para a sustentabilidade futura do [&hellip;]\" \/>\n<meta property=\"og:url\" content=\"https:\/\/agenciainfra.com\/blog\/proximo-governo-precisara-fazer-reforma-estrutural-do-setor-eletrico-diz-jardim\/\" \/>\n<meta property=\"og:site_name\" content=\"Ag\u00eancia iNFRA\" \/>\n<meta property=\"article:publisher\" content=\"https:\/\/www.facebook.com\/ageninfra\" \/>\n<meta property=\"article:published_time\" content=\"2026-04-29T16:00:50+00:00\" \/>\n<meta property=\"article:modified_time\" content=\"2026-04-29T16:25:12+00:00\" \/>\n<meta property=\"og:image\" content=\"https:\/\/agenciainfra.com\/blog\/wp-content\/uploads\/2023\/12\/arnaldo-jardim-foto-moveinfra-2023.jpg\" \/>\n\t<meta property=\"og:image:width\" content=\"1280\" \/>\n\t<meta property=\"og:image:height\" content=\"817\" \/>\n\t<meta property=\"og:image:type\" content=\"image\/jpeg\" \/>\n<meta name=\"author\" content=\"Ag\u00eancia iNFRA\" \/>\n<meta name=\"twitter:card\" content=\"summary_large_image\" \/>\n<meta name=\"twitter:creator\" content=\"@agencia_infra\" \/>\n<meta name=\"twitter:site\" content=\"@agencia_infra\" \/>\n<meta name=\"twitter:label1\" content=\"Escrito por\" \/>\n\t<meta name=\"twitter:data1\" content=\"Ag\u00eancia iNFRA\" \/>\n\t<meta name=\"twitter:label2\" content=\"Est. tempo de leitura\" \/>\n\t<meta name=\"twitter:data2\" content=\"2 minutos\" \/>\n<script type=\"application\/ld+json\" class=\"yoast-schema-graph\">{\"@context\":\"https:\/\/schema.org\",\"@graph\":[{\"@type\":\"Article\",\"@id\":\"https:\/\/agenciainfra.com\/blog\/proximo-governo-precisara-fazer-reforma-estrutural-do-setor-eletrico-diz-jardim\/#article\",\"isPartOf\":{\"@id\":\"https:\/\/agenciainfra.com\/blog\/proximo-governo-precisara-fazer-reforma-estrutural-do-setor-eletrico-diz-jardim\/\"},\"author\":{\"name\":\"Ag\u00eancia iNFRA\",\"@id\":\"https:\/\/agenciainfra.com\/blog\/#\/schema\/person\/34af08dff6adea4cb22b06612ba7acfa\"},\"headline\":\"Jardim: &#8216;Pr\u00f3ximo governo precisar\u00e1 fazer reforma estrutural do setor el\u00e9trico&#8217;\",\"datePublished\":\"2026-04-29T16:00:50+00:00\",\"dateModified\":\"2026-04-29T16:25:12+00:00\",\"mainEntityOfPage\":{\"@id\":\"https:\/\/agenciainfra.com\/blog\/proximo-governo-precisara-fazer-reforma-estrutural-do-setor-eletrico-diz-jardim\/\"},\"wordCount\":508,\"publisher\":{\"@id\":\"https:\/\/agenciainfra.com\/blog\/#organization\"},\"image\":{\"@id\":\"https:\/\/agenciainfra.com\/blog\/proximo-governo-precisara-fazer-reforma-estrutural-do-setor-eletrico-diz-jardim\/#primaryimage\"},\"thumbnailUrl\":\"https:\/\/agenciainfra.com\/blog\/wp-content\/uploads\/2023\/12\/arnaldo-jardim-foto-moveinfra-2023.jpg\",\"keywords\":[\"Arnaldo Jardim\",\"Geraldo Campos Jr.\",\"Jo\u00e3o Daniel Cascalho\",\"Reforma do Setor El\u00e9trico\",\"Sandoval Feitosa\",\"Setor El\u00e9trico\"],\"articleSection\":[\"Destaque lista\"],\"inLanguage\":\"pt-BR\",\"copyrightYear\":\"2026\",\"copyrightHolder\":{\"@id\":\"https:\/\/agenciainfra.com\/blog\/#organization\"}},{\"@type\":\"WebPage\",\"@id\":\"https:\/\/agenciainfra.com\/blog\/proximo-governo-precisara-fazer-reforma-estrutural-do-setor-eletrico-diz-jardim\/\",\"url\":\"https:\/\/agenciainfra.com\/blog\/proximo-governo-precisara-fazer-reforma-estrutural-do-setor-eletrico-diz-jardim\/\",\"name\":\"Jardim: 'Pr\u00f3ximo governo precisar\u00e1 fazer reforma estrutural do setor el\u00e9trico' - Ag\u00eancia iNFRA\",\"isPartOf\":{\"@id\":\"https:\/\/agenciainfra.com\/blog\/#website\"},\"primaryImageOfPage\":{\"@id\":\"https:\/\/agenciainfra.com\/blog\/proximo-governo-precisara-fazer-reforma-estrutural-do-setor-eletrico-diz-jardim\/#primaryimage\"},\"image\":{\"@id\":\"https:\/\/agenciainfra.com\/blog\/proximo-governo-precisara-fazer-reforma-estrutural-do-setor-eletrico-diz-jardim\/#primaryimage\"},\"thumbnailUrl\":\"https:\/\/agenciainfra.com\/blog\/wp-content\/uploads\/2023\/12\/arnaldo-jardim-foto-moveinfra-2023.jpg\",\"datePublished\":\"2026-04-29T16:00:50+00:00\",\"dateModified\":\"2026-04-29T16:25:12+00:00\",\"breadcrumb\":{\"@id\":\"https:\/\/agenciainfra.com\/blog\/proximo-governo-precisara-fazer-reforma-estrutural-do-setor-eletrico-diz-jardim\/#breadcrumb\"},\"inLanguage\":\"pt-BR\",\"potentialAction\":[{\"@type\":\"ReadAction\",\"target\":[\"https:\/\/agenciainfra.com\/blog\/proximo-governo-precisara-fazer-reforma-estrutural-do-setor-eletrico-diz-jardim\/\"]}]},{\"@type\":\"ImageObject\",\"inLanguage\":\"pt-BR\",\"@id\":\"https:\/\/agenciainfra.com\/blog\/proximo-governo-precisara-fazer-reforma-estrutural-do-setor-eletrico-diz-jardim\/#primaryimage\",\"url\":\"https:\/\/agenciainfra.com\/blog\/wp-content\/uploads\/2023\/12\/arnaldo-jardim-foto-moveinfra-2023.jpg\",\"contentUrl\":\"https:\/\/agenciainfra.com\/blog\/wp-content\/uploads\/2023\/12\/arnaldo-jardim-foto-moveinfra-2023.jpg\",\"width\":1280,\"height\":817,\"caption\":\"Foto: MoveInfra\"},{\"@type\":\"BreadcrumbList\",\"@id\":\"https:\/\/agenciainfra.com\/blog\/proximo-governo-precisara-fazer-reforma-estrutural-do-setor-eletrico-diz-jardim\/#breadcrumb\",\"itemListElement\":[{\"@type\":\"ListItem\",\"position\":1,\"name\":\"In\u00edcio\",\"item\":\"https:\/\/agenciainfra.com\/blog\/\"},{\"@type\":\"ListItem\",\"position\":2,\"name\":\"Jardim: &#8216;Pr\u00f3ximo governo precisar\u00e1 fazer reforma estrutural do setor el\u00e9trico&#8217;\"}]},{\"@type\":\"WebSite\",\"@id\":\"https:\/\/agenciainfra.com\/blog\/#website\",\"url\":\"https:\/\/agenciainfra.com\/blog\/\",\"name\":\"Ag\u00eancia iNFRA\",\"description\":\"Multiplataforma de informa\u00e7\u00e3o jornal\u00edstica refer\u00eancia na \u00e1rea de infraestrutura no Brasil!\",\"publisher\":{\"@id\":\"https:\/\/agenciainfra.com\/blog\/#organization\"},\"potentialAction\":[{\"@type\":\"SearchAction\",\"target\":{\"@type\":\"EntryPoint\",\"urlTemplate\":\"https:\/\/agenciainfra.com\/blog\/?s={search_term_string}\"},\"query-input\":{\"@type\":\"PropertyValueSpecification\",\"valueRequired\":true,\"valueName\":\"search_term_string\"}}],\"inLanguage\":\"pt-BR\"},{\"@type\":\"Organization\",\"@id\":\"https:\/\/agenciainfra.com\/blog\/#organization\",\"name\":\"Ag\u00eancia iNFRA\",\"url\":\"https:\/\/agenciainfra.com\/blog\/\",\"logo\":{\"@type\":\"ImageObject\",\"inLanguage\":\"pt-BR\",\"@id\":\"https:\/\/agenciainfra.com\/blog\/#\/schema\/logo\/image\/\",\"url\":\"https:\/\/agenciainfra.com\/blog\/wp-content\/uploads\/2023\/09\/iNFRA_5-e1761735885940.png\",\"contentUrl\":\"https:\/\/agenciainfra.com\/blog\/wp-content\/uploads\/2023\/09\/iNFRA_5-e1761735885940.png\",\"width\":1672,\"height\":454,\"caption\":\"Ag\u00eancia iNFRA\"},\"image\":{\"@id\":\"https:\/\/agenciainfra.com\/blog\/#\/schema\/logo\/image\/\"},\"sameAs\":[\"https:\/\/www.facebook.com\/ageninfra\",\"https:\/\/x.com\/agencia_infra\",\"https:\/\/www.linkedin.com\/company\/ag\u00eanciainfra\/\",\"https:\/\/www.instagram.com\/agenciainfra\/\"]},{\"@type\":\"Person\",\"@id\":\"https:\/\/agenciainfra.com\/blog\/#\/schema\/person\/34af08dff6adea4cb22b06612ba7acfa\",\"name\":\"Ag\u00eancia iNFRA\",\"image\":{\"@type\":\"ImageObject\",\"inLanguage\":\"pt-BR\",\"@id\":\"https:\/\/agenciainfra.com\/blog\/#\/schema\/person\/image\/\",\"url\":\"https:\/\/secure.gravatar.com\/avatar\/d189e01678f06d8eb84d4e01f08eb848b3fffe3f8443818d3c356c66892f5be8?s=96&d=mm&r=g\",\"contentUrl\":\"https:\/\/secure.gravatar.com\/avatar\/d189e01678f06d8eb84d4e01f08eb848b3fffe3f8443818d3c356c66892f5be8?s=96&d=mm&r=g\",\"caption\":\"Ag\u00eancia iNFRA\"},\"url\":\"https:\/\/agenciainfra.com\/blog\/author\/admin\/\"}]}<\/script>\n<!-- \/ Yoast SEO Premium plugin. -->","yoast_head_json":{"title":"Jardim: 'Pr\u00f3ximo governo precisar\u00e1 fazer reforma estrutural do setor el\u00e9trico' - Ag\u00eancia iNFRA","robots":{"index":"index","follow":"follow","max-snippet":"max-snippet:-1","max-image-preview":"max-image-preview:large","max-video-preview":"max-video-preview:-1"},"canonical":"https:\/\/agenciainfra.com\/blog\/proximo-governo-precisara-fazer-reforma-estrutural-do-setor-eletrico-diz-jardim\/","og_locale":"pt_BR","og_type":"article","og_title":"Jardim: 'Pr\u00f3ximo governo precisar\u00e1 fazer reforma estrutural do setor el\u00e9trico'","og_description":"Geraldo Campos Jr., da Ag\u00eancia iNFRA O deputado federal Arnaldo Jardim (Cidadania-SP) disse nesta quarta-feira (29) que o pr\u00f3ximo governo federal ter\u00e1 que fazer uma reforma estrutural do setor el\u00e9trico. Segundo ele, a Lei 15.269\/2025, que modernizou algumas legisla\u00e7\u00f5es da \u00e1rea, trouxe ajustes importantes, mas n\u00e3o resolve todos os problemas para a sustentabilidade futura do [&hellip;]","og_url":"https:\/\/agenciainfra.com\/blog\/proximo-governo-precisara-fazer-reforma-estrutural-do-setor-eletrico-diz-jardim\/","og_site_name":"Ag\u00eancia iNFRA","article_publisher":"https:\/\/www.facebook.com\/ageninfra","article_published_time":"2026-04-29T16:00:50+00:00","article_modified_time":"2026-04-29T16:25:12+00:00","og_image":[{"width":1280,"height":817,"url":"https:\/\/agenciainfra.com\/blog\/wp-content\/uploads\/2023\/12\/arnaldo-jardim-foto-moveinfra-2023.jpg","type":"image\/jpeg"}],"author":"Ag\u00eancia iNFRA","twitter_card":"summary_large_image","twitter_creator":"@agencia_infra","twitter_site":"@agencia_infra","twitter_misc":{"Escrito por":"Ag\u00eancia iNFRA","Est. tempo de leitura":"2 minutos"},"schema":{"@context":"https:\/\/schema.org","@graph":[{"@type":"Article","@id":"https:\/\/agenciainfra.com\/blog\/proximo-governo-precisara-fazer-reforma-estrutural-do-setor-eletrico-diz-jardim\/#article","isPartOf":{"@id":"https:\/\/agenciainfra.com\/blog\/proximo-governo-precisara-fazer-reforma-estrutural-do-setor-eletrico-diz-jardim\/"},"author":{"name":"Ag\u00eancia iNFRA","@id":"https:\/\/agenciainfra.com\/blog\/#\/schema\/person\/34af08dff6adea4cb22b06612ba7acfa"},"headline":"Jardim: &#8216;Pr\u00f3ximo governo precisar\u00e1 fazer reforma estrutural do setor el\u00e9trico&#8217;","datePublished":"2026-04-29T16:00:50+00:00","dateModified":"2026-04-29T16:25:12+00:00","mainEntityOfPage":{"@id":"https:\/\/agenciainfra.com\/blog\/proximo-governo-precisara-fazer-reforma-estrutural-do-setor-eletrico-diz-jardim\/"},"wordCount":508,"publisher":{"@id":"https:\/\/agenciainfra.com\/blog\/#organization"},"image":{"@id":"https:\/\/agenciainfra.com\/blog\/proximo-governo-precisara-fazer-reforma-estrutural-do-setor-eletrico-diz-jardim\/#primaryimage"},"thumbnailUrl":"https:\/\/agenciainfra.com\/blog\/wp-content\/uploads\/2023\/12\/arnaldo-jardim-foto-moveinfra-2023.jpg","keywords":["Arnaldo Jardim","Geraldo Campos Jr.","Jo\u00e3o Daniel Cascalho","Reforma do Setor El\u00e9trico","Sandoval Feitosa","Setor El\u00e9trico"],"articleSection":["Destaque lista"],"inLanguage":"pt-BR","copyrightYear":"2026","copyrightHolder":{"@id":"https:\/\/agenciainfra.com\/blog\/#organization"}},{"@type":"WebPage","@id":"https:\/\/agenciainfra.com\/blog\/proximo-governo-precisara-fazer-reforma-estrutural-do-setor-eletrico-diz-jardim\/","url":"https:\/\/agenciainfra.com\/blog\/proximo-governo-precisara-fazer-reforma-estrutural-do-setor-eletrico-diz-jardim\/","name":"Jardim: 'Pr\u00f3ximo governo precisar\u00e1 fazer reforma estrutural do setor el\u00e9trico' - Ag\u00eancia iNFRA","isPartOf":{"@id":"https:\/\/agenciainfra.com\/blog\/#website"},"primaryImageOfPage":{"@id":"https:\/\/agenciainfra.com\/blog\/proximo-governo-precisara-fazer-reforma-estrutural-do-setor-eletrico-diz-jardim\/#primaryimage"},"image":{"@id":"https:\/\/agenciainfra.com\/blog\/proximo-governo-precisara-fazer-reforma-estrutural-do-setor-eletrico-diz-jardim\/#primaryimage"},"thumbnailUrl":"https:\/\/agenciainfra.com\/blog\/wp-content\/uploads\/2023\/12\/arnaldo-jardim-foto-moveinfra-2023.jpg","datePublished":"2026-04-29T16:00:50+00:00","dateModified":"2026-04-29T16:25:12+00:00","breadcrumb":{"@id":"https:\/\/agenciainfra.com\/blog\/proximo-governo-precisara-fazer-reforma-estrutural-do-setor-eletrico-diz-jardim\/#breadcrumb"},"inLanguage":"pt-BR","potentialAction":[{"@type":"ReadAction","target":["https:\/\/agenciainfra.com\/blog\/proximo-governo-precisara-fazer-reforma-estrutural-do-setor-eletrico-diz-jardim\/"]}]},{"@type":"ImageObject","inLanguage":"pt-BR","@id":"https:\/\/agenciainfra.com\/blog\/proximo-governo-precisara-fazer-reforma-estrutural-do-setor-eletrico-diz-jardim\/#primaryimage","url":"https:\/\/agenciainfra.com\/blog\/wp-content\/uploads\/2023\/12\/arnaldo-jardim-foto-moveinfra-2023.jpg","contentUrl":"https:\/\/agenciainfra.com\/blog\/wp-content\/uploads\/2023\/12\/arnaldo-jardim-foto-moveinfra-2023.jpg","width":1280,"height":817,"caption":"Foto: MoveInfra"},{"@type":"BreadcrumbList","@id":"https:\/\/agenciainfra.com\/blog\/proximo-governo-precisara-fazer-reforma-estrutural-do-setor-eletrico-diz-jardim\/#breadcrumb","itemListElement":[{"@type":"ListItem","position":1,"name":"In\u00edcio","item":"https:\/\/agenciainfra.com\/blog\/"},{"@type":"ListItem","position":2,"name":"Jardim: &#8216;Pr\u00f3ximo governo precisar\u00e1 fazer reforma estrutural do setor el\u00e9trico&#8217;"}]},{"@type":"WebSite","@id":"https:\/\/agenciainfra.com\/blog\/#website","url":"https:\/\/agenciainfra.com\/blog\/","name":"Ag\u00eancia iNFRA","description":"Multiplataforma de informa\u00e7\u00e3o jornal\u00edstica refer\u00eancia na \u00e1rea de infraestrutura no Brasil!","publisher":{"@id":"https:\/\/agenciainfra.com\/blog\/#organization"},"potentialAction":[{"@type":"SearchAction","target":{"@type":"EntryPoint","urlTemplate":"https:\/\/agenciainfra.com\/blog\/?s={search_term_string}"},"query-input":{"@type":"PropertyValueSpecification","valueRequired":true,"valueName":"search_term_string"}}],"inLanguage":"pt-BR"},{"@type":"Organization","@id":"https:\/\/agenciainfra.com\/blog\/#organization","name":"Ag\u00eancia iNFRA","url":"https:\/\/agenciainfra.com\/blog\/","logo":{"@type":"ImageObject","inLanguage":"pt-BR","@id":"https:\/\/agenciainfra.com\/blog\/#\/schema\/logo\/image\/","url":"https:\/\/agenciainfra.com\/blog\/wp-content\/uploads\/2023\/09\/iNFRA_5-e1761735885940.png","contentUrl":"https:\/\/agenciainfra.com\/blog\/wp-content\/uploads\/2023\/09\/iNFRA_5-e1761735885940.png","width":1672,"height":454,"caption":"Ag\u00eancia iNFRA"},"image":{"@id":"https:\/\/agenciainfra.com\/blog\/#\/schema\/logo\/image\/"},"sameAs":["https:\/\/www.facebook.com\/ageninfra","https:\/\/x.com\/agencia_infra","https:\/\/www.linkedin.com\/company\/ag\u00eanciainfra\/","https:\/\/www.instagram.com\/agenciainfra\/"]},{"@type":"Person","@id":"https:\/\/agenciainfra.com\/blog\/#\/schema\/person\/34af08dff6adea4cb22b06612ba7acfa","name":"Ag\u00eancia iNFRA","image":{"@type":"ImageObject","inLanguage":"pt-BR","@id":"https:\/\/agenciainfra.com\/blog\/#\/schema\/person\/image\/","url":"https:\/\/secure.gravatar.com\/avatar\/d189e01678f06d8eb84d4e01f08eb848b3fffe3f8443818d3c356c66892f5be8?s=96&d=mm&r=g","contentUrl":"https:\/\/secure.gravatar.com\/avatar\/d189e01678f06d8eb84d4e01f08eb848b3fffe3f8443818d3c356c66892f5be8?s=96&d=mm&r=g","caption":"Ag\u00eancia iNFRA"},"url":"https:\/\/agenciainfra.com\/blog\/author\/admin\/"}]}},"_links":{"self":[{"href":"https:\/\/agenciainfra.com\/blog\/wp-json\/wp\/v2\/posts\/40338","targetHints":{"allow":["GET"]}}],"collection":[{"href":"https:\/\/agenciainfra.com\/blog\/wp-json\/wp\/v2\/posts"}],"about":[{"href":"https:\/\/agenciainfra.com\/blog\/wp-json\/wp\/v2\/types\/post"}],"author":[{"embeddable":true,"href":"https:\/\/agenciainfra.com\/blog\/wp-json\/wp\/v2\/users\/1"}],"replies":[{"embeddable":true,"href":"https:\/\/agenciainfra.com\/blog\/wp-json\/wp\/v2\/comments?post=40338"}],"version-history":[{"count":3,"href":"https:\/\/agenciainfra.com\/blog\/wp-json\/wp\/v2\/posts\/40338\/revisions"}],"predecessor-version":[{"id":40342,"href":"https:\/\/agenciainfra.com\/blog\/wp-json\/wp\/v2\/posts\/40338\/revisions\/40342"}],"wp:featuredmedia":[{"embeddable":true,"href":"https:\/\/agenciainfra.com\/blog\/wp-json\/wp\/v2\/media\/15179"}],"wp:attachment":[{"href":"https:\/\/agenciainfra.com\/blog\/wp-json\/wp\/v2\/media?parent=40338"}],"wp:term":[{"taxonomy":"category","embeddable":true,"href":"https:\/\/agenciainfra.com\/blog\/wp-json\/wp\/v2\/categories?post=40338"},{"taxonomy":"post_tag","embeddable":true,"href":"https:\/\/agenciainfra.com\/blog\/wp-json\/wp\/v2\/tags?post=40338"}],"curies":[{"name":"wp","href":"https:\/\/api.w.org\/{rel}","templated":true}]}}