{"id":40348,"date":"2026-04-29T15:18:03","date_gmt":"2026-04-29T18:18:03","guid":{"rendered":"https:\/\/agenciainfra.com\/blog\/?p=40348"},"modified":"2026-04-29T15:18:05","modified_gmt":"2026-04-29T18:18:05","slug":"mpf-cobra-transicao-energetica-justa-e-transparencia-em-leiloes","status":"publish","type":"post","link":"https:\/\/agenciainfra.com\/blog\/mpf-cobra-transicao-energetica-justa-e-transparencia-em-leiloes\/","title":{"rendered":"MPF cobra transi\u00e7\u00e3o energ\u00e9tica justa e transpar\u00eancia em leil\u00f5es"},"content":{"rendered":"\n<p class=\"has-text-align-right\"><strong>da Ag\u00eancia iNFRA<\/strong><\/p>\n\n\n\n<p>O MPF (Minist\u00e9rio P\u00fablico Federal) defendeu a necessidade de uma transi\u00e7\u00e3o energ\u00e9tica justa e maior transpar\u00eancia nos leil\u00f5es de energia durante audi\u00eancia p\u00fablica na C\u00e2mara dos Deputados. Representando o \u00f3rg\u00e3o, o subprocurador-geral Luiz Augusto Santos Lima afirmou que o MPF acompanha o setor el\u00e9trico para garantir modicidade tarif\u00e1ria, legalidade e respeito ao interesse p\u00fablico. <\/p>\n\n\n\n<p>Segundo ele, al\u00e9m de pre\u00e7os justos, \u00e9 fundamental assegurar clareza sobre a estrutura societ\u00e1ria das empresas participantes dos leil\u00f5es, evitando a contrata\u00e7\u00e3o de companhias com hist\u00f3rico de inadimpl\u00eancia.<\/p>\n\n\n\n<p>O debate, promovido pela Comiss\u00e3o de Minas e Energia, abordou os leil\u00f5es de reserva de capacidade, utilizados para garantir o fornecimento de energia e evitar apag\u00f5es. Durante a audi\u00eancia, foram levantadas preocupa\u00e7\u00f5es sobre o modelo atual, que pode favorecer a contrata\u00e7\u00e3o de usinas termel\u00e9tricas, com impactos negativos sobre custos e meio ambiente.<\/p>\n\n\n\n<p>O MPF destacou que a transi\u00e7\u00e3o da matriz energ\u00e9tica deve ser conduzida de forma gradual e equilibrada, conciliando sustentabilidade, seguran\u00e7a no abastecimento e prote\u00e7\u00e3o ao consumidor. O \u00f3rg\u00e3o tamb\u00e9m informou que atuar\u00e1 de forma coordenada em n\u00edvel nacional, com mapeamento de casos, orienta\u00e7\u00e3o a procuradores e articula\u00e7\u00e3o com institui\u00e7\u00f5es como o TCU (Tribunal de Contas da Uni\u00e3o) para aprofundar a fiscaliza\u00e7\u00e3o do setor.<\/p>\n","protected":false},"excerpt":{"rendered":"<p>da Ag\u00eancia iNFRA O MPF (Minist\u00e9rio P\u00fablico Federal) defendeu a necessidade de uma transi\u00e7\u00e3o energ\u00e9tica justa e maior transpar\u00eancia nos leil\u00f5es de energia durante audi\u00eancia p\u00fablica na C\u00e2mara dos Deputados. Representando o \u00f3rg\u00e3o, o subprocurador-geral Luiz Augusto Santos Lima afirmou que o MPF acompanha o setor el\u00e9trico para garantir modicidade tarif\u00e1ria, legalidade e respeito ao [&hellip;]<\/p>\n","protected":false},"author":1,"featured_media":35139,"comment_status":"closed","ping_status":"closed","sticky":false,"template":"","format":"standard","meta":{"_monsterinsights_skip_tracking":false,"_monsterinsights_sitenote_active":false,"_monsterinsights_sitenote_note":"","_monsterinsights_sitenote_category":0,"footnotes":""},"categories":[13576],"tags":[3020,1016,282,13371,16421,476,524],"class_list":["post-40348","post","type-post","status-publish","format-standard","has-post-thumbnail","hentry","category-giro-infra","tag-audiencia-publica","tag-comissao-de-minas-e-energia","tag-energia-eletrica","tag-leiloes-de-reserva-de-capacidade","tag-lrcap-2026","tag-matriz-energetica","tag-mpf"],"yoast_head":"<!-- This site is optimized with the Yoast SEO Premium plugin v25.4 (Yoast SEO v26.0) - https:\/\/yoast.com\/wordpress\/plugins\/seo\/ -->\n<title>MPF cobra transi\u00e7\u00e3o energ\u00e9tica justa e transpar\u00eancia em leil\u00f5es - Ag\u00eancia iNFRA<\/title>\n<meta name=\"robots\" content=\"index, follow, max-snippet:-1, max-image-preview:large, max-video-preview:-1\" \/>\n<link rel=\"canonical\" href=\"https:\/\/agenciainfra.com\/blog\/mpf-cobra-transicao-energetica-justa-e-transparencia-em-leiloes\/\" \/>\n<meta property=\"og:locale\" content=\"pt_BR\" \/>\n<meta property=\"og:type\" content=\"article\" \/>\n<meta property=\"og:title\" content=\"MPF cobra transi\u00e7\u00e3o energ\u00e9tica justa e transpar\u00eancia em leil\u00f5es\" \/>\n<meta property=\"og:description\" content=\"da Ag\u00eancia iNFRA O MPF (Minist\u00e9rio P\u00fablico Federal) defendeu a necessidade de uma transi\u00e7\u00e3o energ\u00e9tica justa e maior transpar\u00eancia nos leil\u00f5es de energia durante audi\u00eancia p\u00fablica na C\u00e2mara dos Deputados. Representando o \u00f3rg\u00e3o, o subprocurador-geral Luiz Augusto Santos Lima afirmou que o MPF acompanha o setor el\u00e9trico para garantir modicidade tarif\u00e1ria, legalidade e respeito ao [&hellip;]\" \/>\n<meta property=\"og:url\" content=\"https:\/\/agenciainfra.com\/blog\/mpf-cobra-transicao-energetica-justa-e-transparencia-em-leiloes\/\" \/>\n<meta property=\"og:site_name\" content=\"Ag\u00eancia iNFRA\" \/>\n<meta property=\"article:publisher\" content=\"https:\/\/www.facebook.com\/ageninfra\" \/>\n<meta property=\"article:published_time\" content=\"2026-04-29T18:18:03+00:00\" \/>\n<meta property=\"article:modified_time\" content=\"2026-04-29T18:18:05+00:00\" \/>\n<meta property=\"og:image\" content=\"https:\/\/agenciainfra.com\/blog\/wp-content\/uploads\/2026\/01\/transmissao-energia-eletrica-foto-dominio-publico-e1768917756426.jpg\" \/>\n\t<meta property=\"og:image:width\" content=\"1280\" \/>\n\t<meta property=\"og:image:height\" content=\"755\" \/>\n\t<meta property=\"og:image:type\" content=\"image\/jpeg\" \/>\n<meta name=\"author\" content=\"Ag\u00eancia iNFRA\" \/>\n<meta name=\"twitter:card\" content=\"summary_large_image\" \/>\n<meta name=\"twitter:creator\" content=\"@agencia_infra\" \/>\n<meta name=\"twitter:site\" content=\"@agencia_infra\" \/>\n<meta name=\"twitter:label1\" content=\"Escrito por\" \/>\n\t<meta name=\"twitter:data1\" content=\"Ag\u00eancia iNFRA\" \/>\n\t<meta name=\"twitter:label2\" content=\"Est. tempo de leitura\" \/>\n\t<meta name=\"twitter:data2\" content=\"1 minuto\" \/>\n<script type=\"application\/ld+json\" class=\"yoast-schema-graph\">{\"@context\":\"https:\/\/schema.org\",\"@graph\":[{\"@type\":\"Article\",\"@id\":\"https:\/\/agenciainfra.com\/blog\/mpf-cobra-transicao-energetica-justa-e-transparencia-em-leiloes\/#article\",\"isPartOf\":{\"@id\":\"https:\/\/agenciainfra.com\/blog\/mpf-cobra-transicao-energetica-justa-e-transparencia-em-leiloes\/\"},\"author\":{\"name\":\"Ag\u00eancia iNFRA\",\"@id\":\"https:\/\/agenciainfra.com\/blog\/#\/schema\/person\/34af08dff6adea4cb22b06612ba7acfa\"},\"headline\":\"MPF cobra transi\u00e7\u00e3o energ\u00e9tica justa e transpar\u00eancia em leil\u00f5es\",\"datePublished\":\"2026-04-29T18:18:03+00:00\",\"dateModified\":\"2026-04-29T18:18:05+00:00\",\"mainEntityOfPage\":{\"@id\":\"https:\/\/agenciainfra.com\/blog\/mpf-cobra-transicao-energetica-justa-e-transparencia-em-leiloes\/\"},\"wordCount\":252,\"publisher\":{\"@id\":\"https:\/\/agenciainfra.com\/blog\/#organization\"},\"image\":{\"@id\":\"https:\/\/agenciainfra.com\/blog\/mpf-cobra-transicao-energetica-justa-e-transparencia-em-leiloes\/#primaryimage\"},\"thumbnailUrl\":\"https:\/\/agenciainfra.com\/blog\/wp-content\/uploads\/2026\/01\/transmissao-energia-eletrica-foto-dominio-publico-e1768917756426.jpg\",\"keywords\":[\"audi\u00eancia p\u00fablica\",\"Comiss\u00e3o de Minas e Energia\",\"energia el\u00e9trica\",\"leil\u00f5es de reserva de capacidade\",\"LRCAP 2026\",\"matriz energ\u00e9tica\",\"MPF\"],\"articleSection\":[\"Giro iNFRA\"],\"inLanguage\":\"pt-BR\",\"copyrightYear\":\"2026\",\"copyrightHolder\":{\"@id\":\"https:\/\/agenciainfra.com\/blog\/#organization\"}},{\"@type\":\"WebPage\",\"@id\":\"https:\/\/agenciainfra.com\/blog\/mpf-cobra-transicao-energetica-justa-e-transparencia-em-leiloes\/\",\"url\":\"https:\/\/agenciainfra.com\/blog\/mpf-cobra-transicao-energetica-justa-e-transparencia-em-leiloes\/\",\"name\":\"MPF cobra transi\u00e7\u00e3o energ\u00e9tica justa e transpar\u00eancia em leil\u00f5es - Ag\u00eancia iNFRA\",\"isPartOf\":{\"@id\":\"https:\/\/agenciainfra.com\/blog\/#website\"},\"primaryImageOfPage\":{\"@id\":\"https:\/\/agenciainfra.com\/blog\/mpf-cobra-transicao-energetica-justa-e-transparencia-em-leiloes\/#primaryimage\"},\"image\":{\"@id\":\"https:\/\/agenciainfra.com\/blog\/mpf-cobra-transicao-energetica-justa-e-transparencia-em-leiloes\/#primaryimage\"},\"thumbnailUrl\":\"https:\/\/agenciainfra.com\/blog\/wp-content\/uploads\/2026\/01\/transmissao-energia-eletrica-foto-dominio-publico-e1768917756426.jpg\",\"datePublished\":\"2026-04-29T18:18:03+00:00\",\"dateModified\":\"2026-04-29T18:18:05+00:00\",\"breadcrumb\":{\"@id\":\"https:\/\/agenciainfra.com\/blog\/mpf-cobra-transicao-energetica-justa-e-transparencia-em-leiloes\/#breadcrumb\"},\"inLanguage\":\"pt-BR\",\"potentialAction\":[{\"@type\":\"ReadAction\",\"target\":[\"https:\/\/agenciainfra.com\/blog\/mpf-cobra-transicao-energetica-justa-e-transparencia-em-leiloes\/\"]}]},{\"@type\":\"ImageObject\",\"inLanguage\":\"pt-BR\",\"@id\":\"https:\/\/agenciainfra.com\/blog\/mpf-cobra-transicao-energetica-justa-e-transparencia-em-leiloes\/#primaryimage\",\"url\":\"https:\/\/agenciainfra.com\/blog\/wp-content\/uploads\/2026\/01\/transmissao-energia-eletrica-foto-dominio-publico-e1768917756426.jpg\",\"contentUrl\":\"https:\/\/agenciainfra.com\/blog\/wp-content\/uploads\/2026\/01\/transmissao-energia-eletrica-foto-dominio-publico-e1768917756426.jpg\",\"width\":1280,\"height\":755,\"caption\":\"Foto: Dom\u00ednio P\u00fablico\"},{\"@type\":\"BreadcrumbList\",\"@id\":\"https:\/\/agenciainfra.com\/blog\/mpf-cobra-transicao-energetica-justa-e-transparencia-em-leiloes\/#breadcrumb\",\"itemListElement\":[{\"@type\":\"ListItem\",\"position\":1,\"name\":\"In\u00edcio\",\"item\":\"https:\/\/agenciainfra.com\/blog\/\"},{\"@type\":\"ListItem\",\"position\":2,\"name\":\"MPF cobra transi\u00e7\u00e3o energ\u00e9tica justa e transpar\u00eancia em leil\u00f5es\"}]},{\"@type\":\"WebSite\",\"@id\":\"https:\/\/agenciainfra.com\/blog\/#website\",\"url\":\"https:\/\/agenciainfra.com\/blog\/\",\"name\":\"Ag\u00eancia iNFRA\",\"description\":\"Multiplataforma de informa\u00e7\u00e3o jornal\u00edstica refer\u00eancia na \u00e1rea de infraestrutura no Brasil!\",\"publisher\":{\"@id\":\"https:\/\/agenciainfra.com\/blog\/#organization\"},\"potentialAction\":[{\"@type\":\"SearchAction\",\"target\":{\"@type\":\"EntryPoint\",\"urlTemplate\":\"https:\/\/agenciainfra.com\/blog\/?s={search_term_string}\"},\"query-input\":{\"@type\":\"PropertyValueSpecification\",\"valueRequired\":true,\"valueName\":\"search_term_string\"}}],\"inLanguage\":\"pt-BR\"},{\"@type\":\"Organization\",\"@id\":\"https:\/\/agenciainfra.com\/blog\/#organization\",\"name\":\"Ag\u00eancia iNFRA\",\"url\":\"https:\/\/agenciainfra.com\/blog\/\",\"logo\":{\"@type\":\"ImageObject\",\"inLanguage\":\"pt-BR\",\"@id\":\"https:\/\/agenciainfra.com\/blog\/#\/schema\/logo\/image\/\",\"url\":\"https:\/\/agenciainfra.com\/blog\/wp-content\/uploads\/2023\/09\/iNFRA_5-e1761735885940.png\",\"contentUrl\":\"https:\/\/agenciainfra.com\/blog\/wp-content\/uploads\/2023\/09\/iNFRA_5-e1761735885940.png\",\"width\":1672,\"height\":454,\"caption\":\"Ag\u00eancia iNFRA\"},\"image\":{\"@id\":\"https:\/\/agenciainfra.com\/blog\/#\/schema\/logo\/image\/\"},\"sameAs\":[\"https:\/\/www.facebook.com\/ageninfra\",\"https:\/\/x.com\/agencia_infra\",\"https:\/\/www.linkedin.com\/company\/ag\u00eanciainfra\/\",\"https:\/\/www.instagram.com\/agenciainfra\/\"]},{\"@type\":\"Person\",\"@id\":\"https:\/\/agenciainfra.com\/blog\/#\/schema\/person\/34af08dff6adea4cb22b06612ba7acfa\",\"name\":\"Ag\u00eancia iNFRA\",\"image\":{\"@type\":\"ImageObject\",\"inLanguage\":\"pt-BR\",\"@id\":\"https:\/\/agenciainfra.com\/blog\/#\/schema\/person\/image\/\",\"url\":\"https:\/\/secure.gravatar.com\/avatar\/d189e01678f06d8eb84d4e01f08eb848b3fffe3f8443818d3c356c66892f5be8?s=96&d=mm&r=g\",\"contentUrl\":\"https:\/\/secure.gravatar.com\/avatar\/d189e01678f06d8eb84d4e01f08eb848b3fffe3f8443818d3c356c66892f5be8?s=96&d=mm&r=g\",\"caption\":\"Ag\u00eancia iNFRA\"},\"url\":\"https:\/\/agenciainfra.com\/blog\/author\/admin\/\"}]}<\/script>\n<!-- \/ Yoast SEO Premium plugin. -->","yoast_head_json":{"title":"MPF cobra transi\u00e7\u00e3o energ\u00e9tica justa e transpar\u00eancia em leil\u00f5es - Ag\u00eancia iNFRA","robots":{"index":"index","follow":"follow","max-snippet":"max-snippet:-1","max-image-preview":"max-image-preview:large","max-video-preview":"max-video-preview:-1"},"canonical":"https:\/\/agenciainfra.com\/blog\/mpf-cobra-transicao-energetica-justa-e-transparencia-em-leiloes\/","og_locale":"pt_BR","og_type":"article","og_title":"MPF cobra transi\u00e7\u00e3o energ\u00e9tica justa e transpar\u00eancia em leil\u00f5es","og_description":"da Ag\u00eancia iNFRA O MPF (Minist\u00e9rio P\u00fablico Federal) defendeu a necessidade de uma transi\u00e7\u00e3o energ\u00e9tica justa e maior transpar\u00eancia nos leil\u00f5es de energia durante audi\u00eancia p\u00fablica na C\u00e2mara dos Deputados. Representando o \u00f3rg\u00e3o, o subprocurador-geral Luiz Augusto Santos Lima afirmou que o MPF acompanha o setor el\u00e9trico para garantir modicidade tarif\u00e1ria, legalidade e respeito ao [&hellip;]","og_url":"https:\/\/agenciainfra.com\/blog\/mpf-cobra-transicao-energetica-justa-e-transparencia-em-leiloes\/","og_site_name":"Ag\u00eancia iNFRA","article_publisher":"https:\/\/www.facebook.com\/ageninfra","article_published_time":"2026-04-29T18:18:03+00:00","article_modified_time":"2026-04-29T18:18:05+00:00","og_image":[{"width":1280,"height":755,"url":"https:\/\/agenciainfra.com\/blog\/wp-content\/uploads\/2026\/01\/transmissao-energia-eletrica-foto-dominio-publico-e1768917756426.jpg","type":"image\/jpeg"}],"author":"Ag\u00eancia iNFRA","twitter_card":"summary_large_image","twitter_creator":"@agencia_infra","twitter_site":"@agencia_infra","twitter_misc":{"Escrito por":"Ag\u00eancia iNFRA","Est. tempo de leitura":"1 minuto"},"schema":{"@context":"https:\/\/schema.org","@graph":[{"@type":"Article","@id":"https:\/\/agenciainfra.com\/blog\/mpf-cobra-transicao-energetica-justa-e-transparencia-em-leiloes\/#article","isPartOf":{"@id":"https:\/\/agenciainfra.com\/blog\/mpf-cobra-transicao-energetica-justa-e-transparencia-em-leiloes\/"},"author":{"name":"Ag\u00eancia iNFRA","@id":"https:\/\/agenciainfra.com\/blog\/#\/schema\/person\/34af08dff6adea4cb22b06612ba7acfa"},"headline":"MPF cobra transi\u00e7\u00e3o energ\u00e9tica justa e transpar\u00eancia em leil\u00f5es","datePublished":"2026-04-29T18:18:03+00:00","dateModified":"2026-04-29T18:18:05+00:00","mainEntityOfPage":{"@id":"https:\/\/agenciainfra.com\/blog\/mpf-cobra-transicao-energetica-justa-e-transparencia-em-leiloes\/"},"wordCount":252,"publisher":{"@id":"https:\/\/agenciainfra.com\/blog\/#organization"},"image":{"@id":"https:\/\/agenciainfra.com\/blog\/mpf-cobra-transicao-energetica-justa-e-transparencia-em-leiloes\/#primaryimage"},"thumbnailUrl":"https:\/\/agenciainfra.com\/blog\/wp-content\/uploads\/2026\/01\/transmissao-energia-eletrica-foto-dominio-publico-e1768917756426.jpg","keywords":["audi\u00eancia p\u00fablica","Comiss\u00e3o de Minas e Energia","energia el\u00e9trica","leil\u00f5es de reserva de capacidade","LRCAP 2026","matriz energ\u00e9tica","MPF"],"articleSection":["Giro iNFRA"],"inLanguage":"pt-BR","copyrightYear":"2026","copyrightHolder":{"@id":"https:\/\/agenciainfra.com\/blog\/#organization"}},{"@type":"WebPage","@id":"https:\/\/agenciainfra.com\/blog\/mpf-cobra-transicao-energetica-justa-e-transparencia-em-leiloes\/","url":"https:\/\/agenciainfra.com\/blog\/mpf-cobra-transicao-energetica-justa-e-transparencia-em-leiloes\/","name":"MPF cobra transi\u00e7\u00e3o energ\u00e9tica justa e transpar\u00eancia em leil\u00f5es - Ag\u00eancia iNFRA","isPartOf":{"@id":"https:\/\/agenciainfra.com\/blog\/#website"},"primaryImageOfPage":{"@id":"https:\/\/agenciainfra.com\/blog\/mpf-cobra-transicao-energetica-justa-e-transparencia-em-leiloes\/#primaryimage"},"image":{"@id":"https:\/\/agenciainfra.com\/blog\/mpf-cobra-transicao-energetica-justa-e-transparencia-em-leiloes\/#primaryimage"},"thumbnailUrl":"https:\/\/agenciainfra.com\/blog\/wp-content\/uploads\/2026\/01\/transmissao-energia-eletrica-foto-dominio-publico-e1768917756426.jpg","datePublished":"2026-04-29T18:18:03+00:00","dateModified":"2026-04-29T18:18:05+00:00","breadcrumb":{"@id":"https:\/\/agenciainfra.com\/blog\/mpf-cobra-transicao-energetica-justa-e-transparencia-em-leiloes\/#breadcrumb"},"inLanguage":"pt-BR","potentialAction":[{"@type":"ReadAction","target":["https:\/\/agenciainfra.com\/blog\/mpf-cobra-transicao-energetica-justa-e-transparencia-em-leiloes\/"]}]},{"@type":"ImageObject","inLanguage":"pt-BR","@id":"https:\/\/agenciainfra.com\/blog\/mpf-cobra-transicao-energetica-justa-e-transparencia-em-leiloes\/#primaryimage","url":"https:\/\/agenciainfra.com\/blog\/wp-content\/uploads\/2026\/01\/transmissao-energia-eletrica-foto-dominio-publico-e1768917756426.jpg","contentUrl":"https:\/\/agenciainfra.com\/blog\/wp-content\/uploads\/2026\/01\/transmissao-energia-eletrica-foto-dominio-publico-e1768917756426.jpg","width":1280,"height":755,"caption":"Foto: Dom\u00ednio P\u00fablico"},{"@type":"BreadcrumbList","@id":"https:\/\/agenciainfra.com\/blog\/mpf-cobra-transicao-energetica-justa-e-transparencia-em-leiloes\/#breadcrumb","itemListElement":[{"@type":"ListItem","position":1,"name":"In\u00edcio","item":"https:\/\/agenciainfra.com\/blog\/"},{"@type":"ListItem","position":2,"name":"MPF cobra transi\u00e7\u00e3o energ\u00e9tica justa e transpar\u00eancia em leil\u00f5es"}]},{"@type":"WebSite","@id":"https:\/\/agenciainfra.com\/blog\/#website","url":"https:\/\/agenciainfra.com\/blog\/","name":"Ag\u00eancia iNFRA","description":"Multiplataforma de informa\u00e7\u00e3o jornal\u00edstica refer\u00eancia na \u00e1rea de infraestrutura no Brasil!","publisher":{"@id":"https:\/\/agenciainfra.com\/blog\/#organization"},"potentialAction":[{"@type":"SearchAction","target":{"@type":"EntryPoint","urlTemplate":"https:\/\/agenciainfra.com\/blog\/?s={search_term_string}"},"query-input":{"@type":"PropertyValueSpecification","valueRequired":true,"valueName":"search_term_string"}}],"inLanguage":"pt-BR"},{"@type":"Organization","@id":"https:\/\/agenciainfra.com\/blog\/#organization","name":"Ag\u00eancia iNFRA","url":"https:\/\/agenciainfra.com\/blog\/","logo":{"@type":"ImageObject","inLanguage":"pt-BR","@id":"https:\/\/agenciainfra.com\/blog\/#\/schema\/logo\/image\/","url":"https:\/\/agenciainfra.com\/blog\/wp-content\/uploads\/2023\/09\/iNFRA_5-e1761735885940.png","contentUrl":"https:\/\/agenciainfra.com\/blog\/wp-content\/uploads\/2023\/09\/iNFRA_5-e1761735885940.png","width":1672,"height":454,"caption":"Ag\u00eancia iNFRA"},"image":{"@id":"https:\/\/agenciainfra.com\/blog\/#\/schema\/logo\/image\/"},"sameAs":["https:\/\/www.facebook.com\/ageninfra","https:\/\/x.com\/agencia_infra","https:\/\/www.linkedin.com\/company\/ag\u00eanciainfra\/","https:\/\/www.instagram.com\/agenciainfra\/"]},{"@type":"Person","@id":"https:\/\/agenciainfra.com\/blog\/#\/schema\/person\/34af08dff6adea4cb22b06612ba7acfa","name":"Ag\u00eancia iNFRA","image":{"@type":"ImageObject","inLanguage":"pt-BR","@id":"https:\/\/agenciainfra.com\/blog\/#\/schema\/person\/image\/","url":"https:\/\/secure.gravatar.com\/avatar\/d189e01678f06d8eb84d4e01f08eb848b3fffe3f8443818d3c356c66892f5be8?s=96&d=mm&r=g","contentUrl":"https:\/\/secure.gravatar.com\/avatar\/d189e01678f06d8eb84d4e01f08eb848b3fffe3f8443818d3c356c66892f5be8?s=96&d=mm&r=g","caption":"Ag\u00eancia iNFRA"},"url":"https:\/\/agenciainfra.com\/blog\/author\/admin\/"}]}},"_links":{"self":[{"href":"https:\/\/agenciainfra.com\/blog\/wp-json\/wp\/v2\/posts\/40348","targetHints":{"allow":["GET"]}}],"collection":[{"href":"https:\/\/agenciainfra.com\/blog\/wp-json\/wp\/v2\/posts"}],"about":[{"href":"https:\/\/agenciainfra.com\/blog\/wp-json\/wp\/v2\/types\/post"}],"author":[{"embeddable":true,"href":"https:\/\/agenciainfra.com\/blog\/wp-json\/wp\/v2\/users\/1"}],"replies":[{"embeddable":true,"href":"https:\/\/agenciainfra.com\/blog\/wp-json\/wp\/v2\/comments?post=40348"}],"version-history":[{"count":1,"href":"https:\/\/agenciainfra.com\/blog\/wp-json\/wp\/v2\/posts\/40348\/revisions"}],"predecessor-version":[{"id":40352,"href":"https:\/\/agenciainfra.com\/blog\/wp-json\/wp\/v2\/posts\/40348\/revisions\/40352"}],"wp:featuredmedia":[{"embeddable":true,"href":"https:\/\/agenciainfra.com\/blog\/wp-json\/wp\/v2\/media\/35139"}],"wp:attachment":[{"href":"https:\/\/agenciainfra.com\/blog\/wp-json\/wp\/v2\/media?parent=40348"}],"wp:term":[{"taxonomy":"category","embeddable":true,"href":"https:\/\/agenciainfra.com\/blog\/wp-json\/wp\/v2\/categories?post=40348"},{"taxonomy":"post_tag","embeddable":true,"href":"https:\/\/agenciainfra.com\/blog\/wp-json\/wp\/v2\/tags?post=40348"}],"curies":[{"name":"wp","href":"https:\/\/api.w.org\/{rel}","templated":true}]}}