{"id":40354,"date":"2026-04-29T16:02:49","date_gmt":"2026-04-29T19:02:49","guid":{"rendered":"https:\/\/agenciainfra.com\/blog\/?p=40354"},"modified":"2026-04-29T16:02:51","modified_gmt":"2026-04-29T19:02:51","slug":"prorrogacoes-de-distribuidoras-hora-de-acender-a-lanterna-na-proa","status":"publish","type":"post","link":"https:\/\/agenciainfra.com\/blog\/prorrogacoes-de-distribuidoras-hora-de-acender-a-lanterna-na-proa\/","title":{"rendered":"Prorroga\u00e7\u00f5es de distribuidoras: hora de acender a lanterna na proa"},"content":{"rendered":"\n<p class=\"has-text-align-right\"><strong>Gustavo de Marchi*<\/strong><\/p>\n\n\n\n<p>O governo federal sinalizou que realizar\u00e1, no in\u00edcio de maio, a cerim\u00f4nia de assinatura dos termos aditivos que prorrogam, por mais 30 anos, diversas concess\u00f5es de distribui\u00e7\u00e3o de energia el\u00e9trica. O evento celebra a conclus\u00e3o dos despachos de abril \u2014 incluindo a aprova\u00e7\u00e3o em lote de 14 distribuidoras \u2014 e consolida o modelo de governan\u00e7a inaugurado pelo Decreto 12.068\/2024 e pela converg\u00eancia decis\u00f3ria entre MME (Minist\u00e9rio de Minas e Energia), ANEEL (Ag\u00eancia Nacional de Energia El\u00e9trica) e TCU (Tribunal de Contas da Uni\u00e3o). Trata-se de um passo relevante para a consolida\u00e7\u00e3o da seguran\u00e7a jur\u00eddica e a continuidade dos investimentos no setor el\u00e9trico brasileiro.<\/p>\n\n\n\n<p>No entanto, mais do que celebrar a formalidade da prorroga\u00e7\u00e3o, \u00e9 fundamental que o setor avance na implementa\u00e7\u00e3o pr\u00e1tica das diretrizes do decreto, transformando-as em a\u00e7\u00f5es concretas de moderniza\u00e7\u00e3o. O Decreto 12.068\/2024 estabeleceu crit\u00e9rios claros de efici\u00eancia \u2014 continuidade do fornecimento e gest\u00e3o econ\u00f4mico-financeira \u2014 e orientou a moderniza\u00e7\u00e3o dos servi\u00e7os de distribui\u00e7\u00e3o, com aten\u00e7\u00e3o especial ao enfrentamento de eventos clim\u00e1ticos extremos. Para que essas regras cumpram seu papel, as distribuidoras e o pr\u00f3prio marco regulat\u00f3rio precisam ir muito al\u00e9m da assinatura dos contratos.<\/p>\n\n\n\n<p>A implementa\u00e7\u00e3o \u00e1gil e determinada das diretrizes do decreto n\u00e3o \u00e9 mera formalidade, \u00e9 condi\u00e7\u00e3o essencial para que o setor enfrente com efic\u00e1cia os grandes desafios atuais: a redu\u00e7\u00e3o efetiva das perdas t\u00e9cnicas e comerciais, a conten\u00e7\u00e3o da press\u00e3o sobre as tarifas, digitaliza\u00e7\u00e3o e o fortalecimento da resili\u00eancia das redes diante de eventos clim\u00e1ticos cada vez mais intensos e frequentes. \u00c9 exatamente nesse ponto que a experi\u00eancia recente exp\u00f5e uma lacuna cr\u00edtica: ainda n\u00e3o existem par\u00e2metros objetivos e previamente especificados para aferir a resposta das distribuidoras aos eventos clim\u00e1ticos extremos, revelando a urg\u00eancia de o novo marco preencher essa lacuna regulat\u00f3ria. Sem essa execu\u00e7\u00e3o pr\u00e1tica e decidida, o novo marco regulat\u00f3rio corre o s\u00e9rio risco de se transformar numa pol\u00edtica p\u00fablica ineficaz, distante da dura realidade operacional das concession\u00e1rias.<\/p>\n\n\n\n<p>O recente processo de caducidade da Enel em S\u00e3o Paulo acende um alerta importante nesse sentido. Ele evidencia que, em muitos casos, ainda estamos avaliando a presta\u00e7\u00e3o de servi\u00e7os com crit\u00e9rios e indicadores pensados para um cen\u00e1rio regulat\u00f3rio e clim\u00e1tico diferente do atual. A \u201cr\u00e9gua\u201d herdada de outras \u00e9pocas n\u00e3o \u00e9 mais capaz de capturar adequadamente as novas demandas impostas pela realidade atual.<\/p>\n\n\n\n<p>Para o horizonte de tr\u00eas d\u00e9cadas que se abre com essas prorroga\u00e7\u00f5es, a \u00fanica certeza \u00e9 a transforma\u00e7\u00e3o cont\u00ednua: expans\u00e3o da gera\u00e7\u00e3o distribu\u00edda, eletrifica\u00e7\u00e3o dos transportes, integra\u00e7\u00e3o de novas tecnologias de armazenamento, demandas crescentes por resili\u00eancia clim\u00e1tica das redes de distribui\u00e7\u00e3o e press\u00e3o permanente por tarifas justas e acess\u00edveis. Diante desse cen\u00e1rio, o Decreto 12.068\/2024 representa um bom ponto de partida. Mas \u00e9 essencial evoluir para um modelo de regula\u00e7\u00e3o mais din\u00e2mico \u2014 com mecanismos de ajuste \u00e1gil de metas, incentivos \u00e0 inova\u00e7\u00e3o e possibilidade de revis\u00e3o extraordin\u00e1ria quando necess\u00e1rio. Assim, o setor ganha ferramentas para acompanhar as mudan\u00e7as em tempo real, em vez de reagir tardiamente a elas.<\/p>\n\n\n\n<p>Aqui vale lembrar a li\u00e7\u00e3o cl\u00e1ssica de Roberto Campos em sua obra &#8220;<strong>A Lanterna na Popa<\/strong>&#8220;, onde ele cita o poeta Samuel Taylor Coleridge: \u201c<em>A luz que a experi\u00eancia nos d\u00e1 \u00e9 a de uma lanterna na popa, que ilumina apenas as ondas que deixamos para tr\u00e1s<\/em>\u201d. No setor el\u00e9trico brasileiro, chegou o momento de acender a <strong>lanterna na proa<\/strong>: deixar de navegar apenas com o olhar fixo na esteira regulat\u00f3ria do passado e adotar uma verdadeira navega\u00e7\u00e3o prospectiva, com o horizonte das transforma\u00e7\u00f5es como b\u00fassola. Se vamos desbravar novos mares \u2014 e vamos \u2014, que tenhamos, ao menos, a lanterna na proa acesa para iluminar o caminho com agilidade, efici\u00eancia e foco no interesse p\u00fablico de longo prazo.<\/p>\n\n\n\n<p>A assinatura dos contratos marca um avan\u00e7o institucional relevante e merece ser celebrada. Mais do que isso, deve servir como divisor de \u00e1guas para a efetiva moderniza\u00e7\u00e3o do setor el\u00e9trico brasileiro. A prorroga\u00e7\u00e3o das concess\u00f5es \u00e9 essencial. A adapta\u00e7\u00e3o cont\u00ednua da regula\u00e7\u00e3o, por\u00e9m, \u00e9 indispens\u00e1vel. O momento para avan\u00e7ar \u00e9 agora.<\/p>\n\n\n\n<p><strong>*Gustavo de Marchi <\/strong>\u00e9 s\u00f3cio na DFA Advogados, vice-presidente da Comiss\u00e3o Especial de Energia El\u00e9trica da OAB\/RJ e consultor jur\u00eddico da FGV Energia.<\/p>\n\n\n\n<p class=\"has-luminous-vivid-orange-color has-text-color has-link-color wp-elements-fd3f544adf696c46a4d36363cd72c59e\">As opini\u00f5es dos autores n\u00e3o refletem necessariamente o pensamento da<strong> Ag\u00eancia iNFRA<\/strong>, sendo de total responsabilidade do autor as informa\u00e7\u00f5es, ju\u00edzos de valor e conceitos descritos no texto.<\/p>\n","protected":false},"excerpt":{"rendered":"<p>Gustavo de Marchi* O governo federal sinalizou que realizar\u00e1, no in\u00edcio de maio, a cerim\u00f4nia de assinatura dos termos aditivos que prorrogam, por mais 30 anos, diversas concess\u00f5es de distribui\u00e7\u00e3o de energia el\u00e9trica. O evento celebra a conclus\u00e3o dos despachos de abril \u2014 incluindo a aprova\u00e7\u00e3o em lote de 14 distribuidoras \u2014 e consolida o [&hellip;]<\/p>\n","protected":false},"author":1,"featured_media":40362,"comment_status":"closed","ping_status":"closed","sticky":false,"template":"","format":"standard","meta":{"_monsterinsights_skip_tracking":false,"_monsterinsights_sitenote_active":false,"_monsterinsights_sitenote_note":"","_monsterinsights_sitenote_category":0,"footnotes":""},"categories":[10,10040],"tags":[10852,10294,7829,9308,1468,7490,54],"class_list":["post-40354","post","type-post","status-publish","format-standard","has-post-thumbnail","hentry","category-infraenergia","category-opiniao","tag-concessoes-de-distribuicao","tag-decreto-12-068-2024","tag-enel-sp","tag-eventos-climaticos-extremos","tag-gustavo-de-marchi","tag-prorrogacao-de-concessoes","tag-setor-eletrico"],"yoast_head":"<!-- This site is optimized with the Yoast SEO Premium plugin v25.4 (Yoast SEO v26.0) - https:\/\/yoast.com\/wordpress\/plugins\/seo\/ -->\n<title>Prorroga\u00e7\u00f5es de distribuidoras: hora de acender a lanterna na proa - Ag\u00eancia iNFRA<\/title>\n<meta name=\"robots\" content=\"index, follow, max-snippet:-1, max-image-preview:large, max-video-preview:-1\" \/>\n<link rel=\"canonical\" href=\"https:\/\/agenciainfra.com\/blog\/prorrogacoes-de-distribuidoras-hora-de-acender-a-lanterna-na-proa\/\" \/>\n<meta property=\"og:locale\" content=\"pt_BR\" \/>\n<meta property=\"og:type\" content=\"article\" \/>\n<meta property=\"og:title\" content=\"Prorroga\u00e7\u00f5es de distribuidoras: hora de acender a lanterna na proa\" \/>\n<meta property=\"og:description\" content=\"Gustavo de Marchi* O governo federal sinalizou que realizar\u00e1, no in\u00edcio de maio, a cerim\u00f4nia de assinatura dos termos aditivos que prorrogam, por mais 30 anos, diversas concess\u00f5es de distribui\u00e7\u00e3o de energia el\u00e9trica. O evento celebra a conclus\u00e3o dos despachos de abril \u2014 incluindo a aprova\u00e7\u00e3o em lote de 14 distribuidoras \u2014 e consolida o [&hellip;]\" \/>\n<meta property=\"og:url\" content=\"https:\/\/agenciainfra.com\/blog\/prorrogacoes-de-distribuidoras-hora-de-acender-a-lanterna-na-proa\/\" \/>\n<meta property=\"og:site_name\" content=\"Ag\u00eancia iNFRA\" \/>\n<meta property=\"article:publisher\" content=\"https:\/\/www.facebook.com\/ageninfra\" \/>\n<meta property=\"article:published_time\" content=\"2026-04-29T19:02:49+00:00\" \/>\n<meta property=\"article:modified_time\" content=\"2026-04-29T19:02:51+00:00\" \/>\n<meta property=\"og:image\" content=\"https:\/\/agenciainfra.com\/blog\/wp-content\/uploads\/2026\/04\/gustavo-de-marchi-foto-divulgacao.jpg\" \/>\n\t<meta property=\"og:image:width\" content=\"1280\" \/>\n\t<meta property=\"og:image:height\" content=\"942\" \/>\n\t<meta property=\"og:image:type\" content=\"image\/jpeg\" \/>\n<meta name=\"author\" content=\"Ag\u00eancia iNFRA\" \/>\n<meta name=\"twitter:card\" content=\"summary_large_image\" \/>\n<meta name=\"twitter:creator\" content=\"@agencia_infra\" \/>\n<meta name=\"twitter:site\" content=\"@agencia_infra\" \/>\n<meta name=\"twitter:label1\" content=\"Escrito por\" \/>\n\t<meta name=\"twitter:data1\" content=\"Ag\u00eancia iNFRA\" \/>\n\t<meta name=\"twitter:label2\" content=\"Est. tempo de leitura\" \/>\n\t<meta name=\"twitter:data2\" content=\"4 minutos\" \/>\n<script type=\"application\/ld+json\" class=\"yoast-schema-graph\">{\"@context\":\"https:\/\/schema.org\",\"@graph\":[{\"@type\":\"Article\",\"@id\":\"https:\/\/agenciainfra.com\/blog\/prorrogacoes-de-distribuidoras-hora-de-acender-a-lanterna-na-proa\/#article\",\"isPartOf\":{\"@id\":\"https:\/\/agenciainfra.com\/blog\/prorrogacoes-de-distribuidoras-hora-de-acender-a-lanterna-na-proa\/\"},\"author\":{\"name\":\"Ag\u00eancia iNFRA\",\"@id\":\"https:\/\/agenciainfra.com\/blog\/#\/schema\/person\/34af08dff6adea4cb22b06612ba7acfa\"},\"headline\":\"Prorroga\u00e7\u00f5es de distribuidoras: hora de acender a lanterna na proa\",\"datePublished\":\"2026-04-29T19:02:49+00:00\",\"dateModified\":\"2026-04-29T19:02:51+00:00\",\"mainEntityOfPage\":{\"@id\":\"https:\/\/agenciainfra.com\/blog\/prorrogacoes-de-distribuidoras-hora-de-acender-a-lanterna-na-proa\/\"},\"wordCount\":823,\"publisher\":{\"@id\":\"https:\/\/agenciainfra.com\/blog\/#organization\"},\"image\":{\"@id\":\"https:\/\/agenciainfra.com\/blog\/prorrogacoes-de-distribuidoras-hora-de-acender-a-lanterna-na-proa\/#primaryimage\"},\"thumbnailUrl\":\"https:\/\/agenciainfra.com\/blog\/wp-content\/uploads\/2026\/04\/gustavo-de-marchi-foto-divulgacao.jpg\",\"keywords\":[\"concess\u00f5es de distribui\u00e7\u00e3o\",\"Decreto 12.068\/2024\",\"ENEL SP\",\"Eventos clim\u00e1ticos extremos\",\"Gustavo De Marchi\",\"prorroga\u00e7\u00e3o de concess\u00f5es\",\"Setor El\u00e9trico\"],\"articleSection\":[\"iNFRAEnergia\",\"Opini\u00e3o\"],\"inLanguage\":\"pt-BR\",\"copyrightYear\":\"2026\",\"copyrightHolder\":{\"@id\":\"https:\/\/agenciainfra.com\/blog\/#organization\"}},{\"@type\":\"WebPage\",\"@id\":\"https:\/\/agenciainfra.com\/blog\/prorrogacoes-de-distribuidoras-hora-de-acender-a-lanterna-na-proa\/\",\"url\":\"https:\/\/agenciainfra.com\/blog\/prorrogacoes-de-distribuidoras-hora-de-acender-a-lanterna-na-proa\/\",\"name\":\"Prorroga\u00e7\u00f5es de distribuidoras: hora de acender a lanterna na proa - Ag\u00eancia iNFRA\",\"isPartOf\":{\"@id\":\"https:\/\/agenciainfra.com\/blog\/#website\"},\"primaryImageOfPage\":{\"@id\":\"https:\/\/agenciainfra.com\/blog\/prorrogacoes-de-distribuidoras-hora-de-acender-a-lanterna-na-proa\/#primaryimage\"},\"image\":{\"@id\":\"https:\/\/agenciainfra.com\/blog\/prorrogacoes-de-distribuidoras-hora-de-acender-a-lanterna-na-proa\/#primaryimage\"},\"thumbnailUrl\":\"https:\/\/agenciainfra.com\/blog\/wp-content\/uploads\/2026\/04\/gustavo-de-marchi-foto-divulgacao.jpg\",\"datePublished\":\"2026-04-29T19:02:49+00:00\",\"dateModified\":\"2026-04-29T19:02:51+00:00\",\"breadcrumb\":{\"@id\":\"https:\/\/agenciainfra.com\/blog\/prorrogacoes-de-distribuidoras-hora-de-acender-a-lanterna-na-proa\/#breadcrumb\"},\"inLanguage\":\"pt-BR\",\"potentialAction\":[{\"@type\":\"ReadAction\",\"target\":[\"https:\/\/agenciainfra.com\/blog\/prorrogacoes-de-distribuidoras-hora-de-acender-a-lanterna-na-proa\/\"]}]},{\"@type\":\"ImageObject\",\"inLanguage\":\"pt-BR\",\"@id\":\"https:\/\/agenciainfra.com\/blog\/prorrogacoes-de-distribuidoras-hora-de-acender-a-lanterna-na-proa\/#primaryimage\",\"url\":\"https:\/\/agenciainfra.com\/blog\/wp-content\/uploads\/2026\/04\/gustavo-de-marchi-foto-divulgacao.jpg\",\"contentUrl\":\"https:\/\/agenciainfra.com\/blog\/wp-content\/uploads\/2026\/04\/gustavo-de-marchi-foto-divulgacao.jpg\",\"width\":1280,\"height\":942,\"caption\":\"Foto: Divulga\u00e7\u00e3o\"},{\"@type\":\"BreadcrumbList\",\"@id\":\"https:\/\/agenciainfra.com\/blog\/prorrogacoes-de-distribuidoras-hora-de-acender-a-lanterna-na-proa\/#breadcrumb\",\"itemListElement\":[{\"@type\":\"ListItem\",\"position\":1,\"name\":\"In\u00edcio\",\"item\":\"https:\/\/agenciainfra.com\/blog\/\"},{\"@type\":\"ListItem\",\"position\":2,\"name\":\"Prorroga\u00e7\u00f5es de distribuidoras: hora de acender a lanterna na proa\"}]},{\"@type\":\"WebSite\",\"@id\":\"https:\/\/agenciainfra.com\/blog\/#website\",\"url\":\"https:\/\/agenciainfra.com\/blog\/\",\"name\":\"Ag\u00eancia iNFRA\",\"description\":\"Multiplataforma de informa\u00e7\u00e3o jornal\u00edstica refer\u00eancia na \u00e1rea de infraestrutura no Brasil!\",\"publisher\":{\"@id\":\"https:\/\/agenciainfra.com\/blog\/#organization\"},\"potentialAction\":[{\"@type\":\"SearchAction\",\"target\":{\"@type\":\"EntryPoint\",\"urlTemplate\":\"https:\/\/agenciainfra.com\/blog\/?s={search_term_string}\"},\"query-input\":{\"@type\":\"PropertyValueSpecification\",\"valueRequired\":true,\"valueName\":\"search_term_string\"}}],\"inLanguage\":\"pt-BR\"},{\"@type\":\"Organization\",\"@id\":\"https:\/\/agenciainfra.com\/blog\/#organization\",\"name\":\"Ag\u00eancia iNFRA\",\"url\":\"https:\/\/agenciainfra.com\/blog\/\",\"logo\":{\"@type\":\"ImageObject\",\"inLanguage\":\"pt-BR\",\"@id\":\"https:\/\/agenciainfra.com\/blog\/#\/schema\/logo\/image\/\",\"url\":\"https:\/\/agenciainfra.com\/blog\/wp-content\/uploads\/2023\/09\/iNFRA_5-e1761735885940.png\",\"contentUrl\":\"https:\/\/agenciainfra.com\/blog\/wp-content\/uploads\/2023\/09\/iNFRA_5-e1761735885940.png\",\"width\":1672,\"height\":454,\"caption\":\"Ag\u00eancia iNFRA\"},\"image\":{\"@id\":\"https:\/\/agenciainfra.com\/blog\/#\/schema\/logo\/image\/\"},\"sameAs\":[\"https:\/\/www.facebook.com\/ageninfra\",\"https:\/\/x.com\/agencia_infra\",\"https:\/\/www.linkedin.com\/company\/ag\u00eanciainfra\/\",\"https:\/\/www.instagram.com\/agenciainfra\/\"]},{\"@type\":\"Person\",\"@id\":\"https:\/\/agenciainfra.com\/blog\/#\/schema\/person\/34af08dff6adea4cb22b06612ba7acfa\",\"name\":\"Ag\u00eancia iNFRA\",\"image\":{\"@type\":\"ImageObject\",\"inLanguage\":\"pt-BR\",\"@id\":\"https:\/\/agenciainfra.com\/blog\/#\/schema\/person\/image\/\",\"url\":\"https:\/\/secure.gravatar.com\/avatar\/d189e01678f06d8eb84d4e01f08eb848b3fffe3f8443818d3c356c66892f5be8?s=96&d=mm&r=g\",\"contentUrl\":\"https:\/\/secure.gravatar.com\/avatar\/d189e01678f06d8eb84d4e01f08eb848b3fffe3f8443818d3c356c66892f5be8?s=96&d=mm&r=g\",\"caption\":\"Ag\u00eancia iNFRA\"},\"url\":\"https:\/\/agenciainfra.com\/blog\/author\/admin\/\"}]}<\/script>\n<!-- \/ Yoast SEO Premium plugin. -->","yoast_head_json":{"title":"Prorroga\u00e7\u00f5es de distribuidoras: hora de acender a lanterna na proa - Ag\u00eancia iNFRA","robots":{"index":"index","follow":"follow","max-snippet":"max-snippet:-1","max-image-preview":"max-image-preview:large","max-video-preview":"max-video-preview:-1"},"canonical":"https:\/\/agenciainfra.com\/blog\/prorrogacoes-de-distribuidoras-hora-de-acender-a-lanterna-na-proa\/","og_locale":"pt_BR","og_type":"article","og_title":"Prorroga\u00e7\u00f5es de distribuidoras: hora de acender a lanterna na proa","og_description":"Gustavo de Marchi* O governo federal sinalizou que realizar\u00e1, no in\u00edcio de maio, a cerim\u00f4nia de assinatura dos termos aditivos que prorrogam, por mais 30 anos, diversas concess\u00f5es de distribui\u00e7\u00e3o de energia el\u00e9trica. O evento celebra a conclus\u00e3o dos despachos de abril \u2014 incluindo a aprova\u00e7\u00e3o em lote de 14 distribuidoras \u2014 e consolida o [&hellip;]","og_url":"https:\/\/agenciainfra.com\/blog\/prorrogacoes-de-distribuidoras-hora-de-acender-a-lanterna-na-proa\/","og_site_name":"Ag\u00eancia iNFRA","article_publisher":"https:\/\/www.facebook.com\/ageninfra","article_published_time":"2026-04-29T19:02:49+00:00","article_modified_time":"2026-04-29T19:02:51+00:00","og_image":[{"width":1280,"height":942,"url":"https:\/\/agenciainfra.com\/blog\/wp-content\/uploads\/2026\/04\/gustavo-de-marchi-foto-divulgacao.jpg","type":"image\/jpeg"}],"author":"Ag\u00eancia iNFRA","twitter_card":"summary_large_image","twitter_creator":"@agencia_infra","twitter_site":"@agencia_infra","twitter_misc":{"Escrito por":"Ag\u00eancia iNFRA","Est. tempo de leitura":"4 minutos"},"schema":{"@context":"https:\/\/schema.org","@graph":[{"@type":"Article","@id":"https:\/\/agenciainfra.com\/blog\/prorrogacoes-de-distribuidoras-hora-de-acender-a-lanterna-na-proa\/#article","isPartOf":{"@id":"https:\/\/agenciainfra.com\/blog\/prorrogacoes-de-distribuidoras-hora-de-acender-a-lanterna-na-proa\/"},"author":{"name":"Ag\u00eancia iNFRA","@id":"https:\/\/agenciainfra.com\/blog\/#\/schema\/person\/34af08dff6adea4cb22b06612ba7acfa"},"headline":"Prorroga\u00e7\u00f5es de distribuidoras: hora de acender a lanterna na proa","datePublished":"2026-04-29T19:02:49+00:00","dateModified":"2026-04-29T19:02:51+00:00","mainEntityOfPage":{"@id":"https:\/\/agenciainfra.com\/blog\/prorrogacoes-de-distribuidoras-hora-de-acender-a-lanterna-na-proa\/"},"wordCount":823,"publisher":{"@id":"https:\/\/agenciainfra.com\/blog\/#organization"},"image":{"@id":"https:\/\/agenciainfra.com\/blog\/prorrogacoes-de-distribuidoras-hora-de-acender-a-lanterna-na-proa\/#primaryimage"},"thumbnailUrl":"https:\/\/agenciainfra.com\/blog\/wp-content\/uploads\/2026\/04\/gustavo-de-marchi-foto-divulgacao.jpg","keywords":["concess\u00f5es de distribui\u00e7\u00e3o","Decreto 12.068\/2024","ENEL SP","Eventos clim\u00e1ticos extremos","Gustavo De Marchi","prorroga\u00e7\u00e3o de concess\u00f5es","Setor El\u00e9trico"],"articleSection":["iNFRAEnergia","Opini\u00e3o"],"inLanguage":"pt-BR","copyrightYear":"2026","copyrightHolder":{"@id":"https:\/\/agenciainfra.com\/blog\/#organization"}},{"@type":"WebPage","@id":"https:\/\/agenciainfra.com\/blog\/prorrogacoes-de-distribuidoras-hora-de-acender-a-lanterna-na-proa\/","url":"https:\/\/agenciainfra.com\/blog\/prorrogacoes-de-distribuidoras-hora-de-acender-a-lanterna-na-proa\/","name":"Prorroga\u00e7\u00f5es de distribuidoras: hora de acender a lanterna na proa - Ag\u00eancia iNFRA","isPartOf":{"@id":"https:\/\/agenciainfra.com\/blog\/#website"},"primaryImageOfPage":{"@id":"https:\/\/agenciainfra.com\/blog\/prorrogacoes-de-distribuidoras-hora-de-acender-a-lanterna-na-proa\/#primaryimage"},"image":{"@id":"https:\/\/agenciainfra.com\/blog\/prorrogacoes-de-distribuidoras-hora-de-acender-a-lanterna-na-proa\/#primaryimage"},"thumbnailUrl":"https:\/\/agenciainfra.com\/blog\/wp-content\/uploads\/2026\/04\/gustavo-de-marchi-foto-divulgacao.jpg","datePublished":"2026-04-29T19:02:49+00:00","dateModified":"2026-04-29T19:02:51+00:00","breadcrumb":{"@id":"https:\/\/agenciainfra.com\/blog\/prorrogacoes-de-distribuidoras-hora-de-acender-a-lanterna-na-proa\/#breadcrumb"},"inLanguage":"pt-BR","potentialAction":[{"@type":"ReadAction","target":["https:\/\/agenciainfra.com\/blog\/prorrogacoes-de-distribuidoras-hora-de-acender-a-lanterna-na-proa\/"]}]},{"@type":"ImageObject","inLanguage":"pt-BR","@id":"https:\/\/agenciainfra.com\/blog\/prorrogacoes-de-distribuidoras-hora-de-acender-a-lanterna-na-proa\/#primaryimage","url":"https:\/\/agenciainfra.com\/blog\/wp-content\/uploads\/2026\/04\/gustavo-de-marchi-foto-divulgacao.jpg","contentUrl":"https:\/\/agenciainfra.com\/blog\/wp-content\/uploads\/2026\/04\/gustavo-de-marchi-foto-divulgacao.jpg","width":1280,"height":942,"caption":"Foto: Divulga\u00e7\u00e3o"},{"@type":"BreadcrumbList","@id":"https:\/\/agenciainfra.com\/blog\/prorrogacoes-de-distribuidoras-hora-de-acender-a-lanterna-na-proa\/#breadcrumb","itemListElement":[{"@type":"ListItem","position":1,"name":"In\u00edcio","item":"https:\/\/agenciainfra.com\/blog\/"},{"@type":"ListItem","position":2,"name":"Prorroga\u00e7\u00f5es de distribuidoras: hora de acender a lanterna na proa"}]},{"@type":"WebSite","@id":"https:\/\/agenciainfra.com\/blog\/#website","url":"https:\/\/agenciainfra.com\/blog\/","name":"Ag\u00eancia iNFRA","description":"Multiplataforma de informa\u00e7\u00e3o jornal\u00edstica refer\u00eancia na \u00e1rea de infraestrutura no Brasil!","publisher":{"@id":"https:\/\/agenciainfra.com\/blog\/#organization"},"potentialAction":[{"@type":"SearchAction","target":{"@type":"EntryPoint","urlTemplate":"https:\/\/agenciainfra.com\/blog\/?s={search_term_string}"},"query-input":{"@type":"PropertyValueSpecification","valueRequired":true,"valueName":"search_term_string"}}],"inLanguage":"pt-BR"},{"@type":"Organization","@id":"https:\/\/agenciainfra.com\/blog\/#organization","name":"Ag\u00eancia iNFRA","url":"https:\/\/agenciainfra.com\/blog\/","logo":{"@type":"ImageObject","inLanguage":"pt-BR","@id":"https:\/\/agenciainfra.com\/blog\/#\/schema\/logo\/image\/","url":"https:\/\/agenciainfra.com\/blog\/wp-content\/uploads\/2023\/09\/iNFRA_5-e1761735885940.png","contentUrl":"https:\/\/agenciainfra.com\/blog\/wp-content\/uploads\/2023\/09\/iNFRA_5-e1761735885940.png","width":1672,"height":454,"caption":"Ag\u00eancia iNFRA"},"image":{"@id":"https:\/\/agenciainfra.com\/blog\/#\/schema\/logo\/image\/"},"sameAs":["https:\/\/www.facebook.com\/ageninfra","https:\/\/x.com\/agencia_infra","https:\/\/www.linkedin.com\/company\/ag\u00eanciainfra\/","https:\/\/www.instagram.com\/agenciainfra\/"]},{"@type":"Person","@id":"https:\/\/agenciainfra.com\/blog\/#\/schema\/person\/34af08dff6adea4cb22b06612ba7acfa","name":"Ag\u00eancia iNFRA","image":{"@type":"ImageObject","inLanguage":"pt-BR","@id":"https:\/\/agenciainfra.com\/blog\/#\/schema\/person\/image\/","url":"https:\/\/secure.gravatar.com\/avatar\/d189e01678f06d8eb84d4e01f08eb848b3fffe3f8443818d3c356c66892f5be8?s=96&d=mm&r=g","contentUrl":"https:\/\/secure.gravatar.com\/avatar\/d189e01678f06d8eb84d4e01f08eb848b3fffe3f8443818d3c356c66892f5be8?s=96&d=mm&r=g","caption":"Ag\u00eancia iNFRA"},"url":"https:\/\/agenciainfra.com\/blog\/author\/admin\/"}]}},"_links":{"self":[{"href":"https:\/\/agenciainfra.com\/blog\/wp-json\/wp\/v2\/posts\/40354","targetHints":{"allow":["GET"]}}],"collection":[{"href":"https:\/\/agenciainfra.com\/blog\/wp-json\/wp\/v2\/posts"}],"about":[{"href":"https:\/\/agenciainfra.com\/blog\/wp-json\/wp\/v2\/types\/post"}],"author":[{"embeddable":true,"href":"https:\/\/agenciainfra.com\/blog\/wp-json\/wp\/v2\/users\/1"}],"replies":[{"embeddable":true,"href":"https:\/\/agenciainfra.com\/blog\/wp-json\/wp\/v2\/comments?post=40354"}],"version-history":[{"count":1,"href":"https:\/\/agenciainfra.com\/blog\/wp-json\/wp\/v2\/posts\/40354\/revisions"}],"predecessor-version":[{"id":40363,"href":"https:\/\/agenciainfra.com\/blog\/wp-json\/wp\/v2\/posts\/40354\/revisions\/40363"}],"wp:featuredmedia":[{"embeddable":true,"href":"https:\/\/agenciainfra.com\/blog\/wp-json\/wp\/v2\/media\/40362"}],"wp:attachment":[{"href":"https:\/\/agenciainfra.com\/blog\/wp-json\/wp\/v2\/media?parent=40354"}],"wp:term":[{"taxonomy":"category","embeddable":true,"href":"https:\/\/agenciainfra.com\/blog\/wp-json\/wp\/v2\/categories?post=40354"},{"taxonomy":"post_tag","embeddable":true,"href":"https:\/\/agenciainfra.com\/blog\/wp-json\/wp\/v2\/tags?post=40354"}],"curies":[{"name":"wp","href":"https:\/\/api.w.org\/{rel}","templated":true}]}}