{"id":40364,"date":"2026-04-29T16:12:50","date_gmt":"2026-04-29T19:12:50","guid":{"rendered":"https:\/\/agenciainfra.com\/blog\/?p=40364"},"modified":"2026-04-29T16:12:52","modified_gmt":"2026-04-29T19:12:52","slug":"mme-avalia-antecipar-geracao-de-usinas-do-lrcap-para-este-ano","status":"publish","type":"post","link":"https:\/\/agenciainfra.com\/blog\/mme-avalia-antecipar-geracao-de-usinas-do-lrcap-para-este-ano\/","title":{"rendered":"MME avalia antecipar gera\u00e7\u00e3o de usinas do LRCAP para este ano"},"content":{"rendered":"\n<p class=\"has-text-align-right\"><strong>da Ag\u00eancia iNFRA<\/strong><\/p>\n\n\n\n<p>O MME (Minist\u00e9rio de Minas e Energia) acionou quatro grupos vencedores do LRCAP 2026 (Leil\u00e3o de Reserva de Capacidade na forma de Pot\u00eancia) sobre a possibilidade de antecipar a entrada em opera\u00e7\u00e3o dos empreendimentos para agosto deste ano. Os <a href=\"https:\/\/agenciainfra.com\/blog\/wp-content\/uploads\/2026\/04\/Oficios_Circulares_no_7_2026_CGEL_DDOS_SNEE_MME.pdf\">of\u00edcios<\/a> foram enviados nesta quarta-feira (29) pelo secret\u00e1rio de Energia El\u00e9trica, Jo\u00e3o Daniel Cascalho, aos seguintes agentes: Petrobras, Karpowership (KPS), \u00c2mbar Energia (Grupo J&amp;F) e Termocabo S.A.<\/p>\n\n\n\n<p>Nos documentos, o secret\u00e1rio pediu a manifesta\u00e7\u00e3o de interesse at\u00e9 15 de maio e afirmou que a efetiva necessidade de antecipa\u00e7\u00e3o dos empreendimentos ser\u00e1 avaliada pelo ONS (Operador Nacional do Sistema El\u00e9trico) e pela EPE (Empresa de Pesquisa Energ\u00e9tica), sendo submetida a aprova\u00e7\u00e3o do CMSE (Comit\u00ea de Monitoramento do Setor El\u00e9trico). O of\u00edcio destaca que, apesar da manifesta\u00e7\u00e3o de interesse, n\u00e3o h\u00e1 garantia de aprova\u00e7\u00e3o da antecipa\u00e7\u00e3o.<\/p>\n\n\n\n<p><\/p>\n","protected":false},"excerpt":{"rendered":"<p>da Ag\u00eancia iNFRA O MME (Minist\u00e9rio de Minas e Energia) acionou quatro grupos vencedores do LRCAP 2026 (Leil\u00e3o de Reserva de Capacidade na forma de Pot\u00eancia) sobre a possibilidade de antecipar a entrada em opera\u00e7\u00e3o dos empreendimentos para agosto deste ano. Os of\u00edcios foram enviados nesta quarta-feira (29) pelo secret\u00e1rio de Energia El\u00e9trica, Jo\u00e3o Daniel [&hellip;]<\/p>\n","protected":false},"author":1,"featured_media":32100,"comment_status":"closed","ping_status":"closed","sticky":false,"template":"","format":"standard","meta":{"_monsterinsights_skip_tracking":false,"_monsterinsights_sitenote_active":false,"_monsterinsights_sitenote_note":"","_monsterinsights_sitenote_category":0,"footnotes":""},"categories":[7250],"tags":[11445,12,2803,9822,71,216,143,19662],"class_list":["post-40364","post","type-post","status-publish","format-standard","has-post-thumbnail","hentry","category-destaque-lista","tag-ambar-energia-3","tag-epe","tag-geracao-de-energia","tag-lrcap","tag-mme","tag-ons","tag-petrobras","tag-termocabo"],"yoast_head":"<!-- This site is optimized with the Yoast SEO Premium plugin v25.4 (Yoast SEO v26.0) - https:\/\/yoast.com\/wordpress\/plugins\/seo\/ -->\n<title>MME avalia antecipar gera\u00e7\u00e3o de usinas do LRCAP para este ano - Ag\u00eancia iNFRA<\/title>\n<meta name=\"robots\" content=\"index, follow, max-snippet:-1, max-image-preview:large, max-video-preview:-1\" \/>\n<link rel=\"canonical\" href=\"https:\/\/agenciainfra.com\/blog\/mme-avalia-antecipar-geracao-de-usinas-do-lrcap-para-este-ano\/\" \/>\n<meta property=\"og:locale\" content=\"pt_BR\" \/>\n<meta property=\"og:type\" content=\"article\" \/>\n<meta property=\"og:title\" content=\"MME avalia antecipar gera\u00e7\u00e3o de usinas do LRCAP para este ano\" \/>\n<meta property=\"og:description\" content=\"da Ag\u00eancia iNFRA O MME (Minist\u00e9rio de Minas e Energia) acionou quatro grupos vencedores do LRCAP 2026 (Leil\u00e3o de Reserva de Capacidade na forma de Pot\u00eancia) sobre a possibilidade de antecipar a entrada em opera\u00e7\u00e3o dos empreendimentos para agosto deste ano. Os of\u00edcios foram enviados nesta quarta-feira (29) pelo secret\u00e1rio de Energia El\u00e9trica, Jo\u00e3o Daniel [&hellip;]\" \/>\n<meta property=\"og:url\" content=\"https:\/\/agenciainfra.com\/blog\/mme-avalia-antecipar-geracao-de-usinas-do-lrcap-para-este-ano\/\" \/>\n<meta property=\"og:site_name\" content=\"Ag\u00eancia iNFRA\" \/>\n<meta property=\"article:publisher\" content=\"https:\/\/www.facebook.com\/ageninfra\" \/>\n<meta property=\"article:published_time\" content=\"2026-04-29T19:12:50+00:00\" \/>\n<meta property=\"article:modified_time\" content=\"2026-04-29T19:12:52+00:00\" \/>\n<meta property=\"og:image\" content=\"https:\/\/agenciainfra.com\/blog\/wp-content\/uploads\/2025\/11\/energia-eletrica-foto-divulgacao.jpg\" \/>\n\t<meta property=\"og:image:width\" content=\"1280\" \/>\n\t<meta property=\"og:image:height\" content=\"853\" \/>\n\t<meta property=\"og:image:type\" content=\"image\/jpeg\" \/>\n<meta name=\"author\" content=\"Ag\u00eancia iNFRA\" \/>\n<meta name=\"twitter:card\" content=\"summary_large_image\" \/>\n<meta name=\"twitter:creator\" content=\"@agencia_infra\" \/>\n<meta name=\"twitter:site\" content=\"@agencia_infra\" \/>\n<meta name=\"twitter:label1\" content=\"Escrito por\" \/>\n\t<meta name=\"twitter:data1\" content=\"Ag\u00eancia iNFRA\" \/>\n\t<meta name=\"twitter:label2\" content=\"Est. tempo de leitura\" \/>\n\t<meta name=\"twitter:data2\" content=\"1 minuto\" \/>\n<script type=\"application\/ld+json\" class=\"yoast-schema-graph\">{\"@context\":\"https:\/\/schema.org\",\"@graph\":[{\"@type\":\"Article\",\"@id\":\"https:\/\/agenciainfra.com\/blog\/mme-avalia-antecipar-geracao-de-usinas-do-lrcap-para-este-ano\/#article\",\"isPartOf\":{\"@id\":\"https:\/\/agenciainfra.com\/blog\/mme-avalia-antecipar-geracao-de-usinas-do-lrcap-para-este-ano\/\"},\"author\":{\"name\":\"Ag\u00eancia iNFRA\",\"@id\":\"https:\/\/agenciainfra.com\/blog\/#\/schema\/person\/34af08dff6adea4cb22b06612ba7acfa\"},\"headline\":\"MME avalia antecipar gera\u00e7\u00e3o de usinas do LRCAP para este ano\",\"datePublished\":\"2026-04-29T19:12:50+00:00\",\"dateModified\":\"2026-04-29T19:12:52+00:00\",\"mainEntityOfPage\":{\"@id\":\"https:\/\/agenciainfra.com\/blog\/mme-avalia-antecipar-geracao-de-usinas-do-lrcap-para-este-ano\/\"},\"wordCount\":169,\"publisher\":{\"@id\":\"https:\/\/agenciainfra.com\/blog\/#organization\"},\"image\":{\"@id\":\"https:\/\/agenciainfra.com\/blog\/mme-avalia-antecipar-geracao-de-usinas-do-lrcap-para-este-ano\/#primaryimage\"},\"thumbnailUrl\":\"https:\/\/agenciainfra.com\/blog\/wp-content\/uploads\/2025\/11\/energia-eletrica-foto-divulgacao.jpg\",\"keywords\":[\"\u00e2mbar energia\",\"epe\",\"gera\u00e7\u00e3o de energia\",\"LRCAP\",\"MME\",\"ONS\",\"Petrobras\",\"termocabo\"],\"articleSection\":[\"Destaque lista\"],\"inLanguage\":\"pt-BR\",\"copyrightYear\":\"2026\",\"copyrightHolder\":{\"@id\":\"https:\/\/agenciainfra.com\/blog\/#organization\"}},{\"@type\":\"WebPage\",\"@id\":\"https:\/\/agenciainfra.com\/blog\/mme-avalia-antecipar-geracao-de-usinas-do-lrcap-para-este-ano\/\",\"url\":\"https:\/\/agenciainfra.com\/blog\/mme-avalia-antecipar-geracao-de-usinas-do-lrcap-para-este-ano\/\",\"name\":\"MME avalia antecipar gera\u00e7\u00e3o de usinas do LRCAP para este ano - Ag\u00eancia iNFRA\",\"isPartOf\":{\"@id\":\"https:\/\/agenciainfra.com\/blog\/#website\"},\"primaryImageOfPage\":{\"@id\":\"https:\/\/agenciainfra.com\/blog\/mme-avalia-antecipar-geracao-de-usinas-do-lrcap-para-este-ano\/#primaryimage\"},\"image\":{\"@id\":\"https:\/\/agenciainfra.com\/blog\/mme-avalia-antecipar-geracao-de-usinas-do-lrcap-para-este-ano\/#primaryimage\"},\"thumbnailUrl\":\"https:\/\/agenciainfra.com\/blog\/wp-content\/uploads\/2025\/11\/energia-eletrica-foto-divulgacao.jpg\",\"datePublished\":\"2026-04-29T19:12:50+00:00\",\"dateModified\":\"2026-04-29T19:12:52+00:00\",\"breadcrumb\":{\"@id\":\"https:\/\/agenciainfra.com\/blog\/mme-avalia-antecipar-geracao-de-usinas-do-lrcap-para-este-ano\/#breadcrumb\"},\"inLanguage\":\"pt-BR\",\"potentialAction\":[{\"@type\":\"ReadAction\",\"target\":[\"https:\/\/agenciainfra.com\/blog\/mme-avalia-antecipar-geracao-de-usinas-do-lrcap-para-este-ano\/\"]}]},{\"@type\":\"ImageObject\",\"inLanguage\":\"pt-BR\",\"@id\":\"https:\/\/agenciainfra.com\/blog\/mme-avalia-antecipar-geracao-de-usinas-do-lrcap-para-este-ano\/#primaryimage\",\"url\":\"https:\/\/agenciainfra.com\/blog\/wp-content\/uploads\/2025\/11\/energia-eletrica-foto-divulgacao.jpg\",\"contentUrl\":\"https:\/\/agenciainfra.com\/blog\/wp-content\/uploads\/2025\/11\/energia-eletrica-foto-divulgacao.jpg\",\"width\":1280,\"height\":853,\"caption\":\"Foto: Divulga\u00e7\u00e3o\"},{\"@type\":\"BreadcrumbList\",\"@id\":\"https:\/\/agenciainfra.com\/blog\/mme-avalia-antecipar-geracao-de-usinas-do-lrcap-para-este-ano\/#breadcrumb\",\"itemListElement\":[{\"@type\":\"ListItem\",\"position\":1,\"name\":\"In\u00edcio\",\"item\":\"https:\/\/agenciainfra.com\/blog\/\"},{\"@type\":\"ListItem\",\"position\":2,\"name\":\"MME avalia antecipar gera\u00e7\u00e3o de usinas do LRCAP para este ano\"}]},{\"@type\":\"WebSite\",\"@id\":\"https:\/\/agenciainfra.com\/blog\/#website\",\"url\":\"https:\/\/agenciainfra.com\/blog\/\",\"name\":\"Ag\u00eancia iNFRA\",\"description\":\"Multiplataforma de informa\u00e7\u00e3o jornal\u00edstica refer\u00eancia na \u00e1rea de infraestrutura no Brasil!\",\"publisher\":{\"@id\":\"https:\/\/agenciainfra.com\/blog\/#organization\"},\"potentialAction\":[{\"@type\":\"SearchAction\",\"target\":{\"@type\":\"EntryPoint\",\"urlTemplate\":\"https:\/\/agenciainfra.com\/blog\/?s={search_term_string}\"},\"query-input\":{\"@type\":\"PropertyValueSpecification\",\"valueRequired\":true,\"valueName\":\"search_term_string\"}}],\"inLanguage\":\"pt-BR\"},{\"@type\":\"Organization\",\"@id\":\"https:\/\/agenciainfra.com\/blog\/#organization\",\"name\":\"Ag\u00eancia iNFRA\",\"url\":\"https:\/\/agenciainfra.com\/blog\/\",\"logo\":{\"@type\":\"ImageObject\",\"inLanguage\":\"pt-BR\",\"@id\":\"https:\/\/agenciainfra.com\/blog\/#\/schema\/logo\/image\/\",\"url\":\"https:\/\/agenciainfra.com\/blog\/wp-content\/uploads\/2023\/09\/iNFRA_5-e1761735885940.png\",\"contentUrl\":\"https:\/\/agenciainfra.com\/blog\/wp-content\/uploads\/2023\/09\/iNFRA_5-e1761735885940.png\",\"width\":1672,\"height\":454,\"caption\":\"Ag\u00eancia iNFRA\"},\"image\":{\"@id\":\"https:\/\/agenciainfra.com\/blog\/#\/schema\/logo\/image\/\"},\"sameAs\":[\"https:\/\/www.facebook.com\/ageninfra\",\"https:\/\/x.com\/agencia_infra\",\"https:\/\/www.linkedin.com\/company\/ag\u00eanciainfra\/\",\"https:\/\/www.instagram.com\/agenciainfra\/\"]},{\"@type\":\"Person\",\"@id\":\"https:\/\/agenciainfra.com\/blog\/#\/schema\/person\/34af08dff6adea4cb22b06612ba7acfa\",\"name\":\"Ag\u00eancia iNFRA\",\"image\":{\"@type\":\"ImageObject\",\"inLanguage\":\"pt-BR\",\"@id\":\"https:\/\/agenciainfra.com\/blog\/#\/schema\/person\/image\/\",\"url\":\"https:\/\/secure.gravatar.com\/avatar\/d189e01678f06d8eb84d4e01f08eb848b3fffe3f8443818d3c356c66892f5be8?s=96&d=mm&r=g\",\"contentUrl\":\"https:\/\/secure.gravatar.com\/avatar\/d189e01678f06d8eb84d4e01f08eb848b3fffe3f8443818d3c356c66892f5be8?s=96&d=mm&r=g\",\"caption\":\"Ag\u00eancia iNFRA\"},\"url\":\"https:\/\/agenciainfra.com\/blog\/author\/admin\/\"}]}<\/script>\n<!-- \/ Yoast SEO Premium plugin. -->","yoast_head_json":{"title":"MME avalia antecipar gera\u00e7\u00e3o de usinas do LRCAP para este ano - Ag\u00eancia iNFRA","robots":{"index":"index","follow":"follow","max-snippet":"max-snippet:-1","max-image-preview":"max-image-preview:large","max-video-preview":"max-video-preview:-1"},"canonical":"https:\/\/agenciainfra.com\/blog\/mme-avalia-antecipar-geracao-de-usinas-do-lrcap-para-este-ano\/","og_locale":"pt_BR","og_type":"article","og_title":"MME avalia antecipar gera\u00e7\u00e3o de usinas do LRCAP para este ano","og_description":"da Ag\u00eancia iNFRA O MME (Minist\u00e9rio de Minas e Energia) acionou quatro grupos vencedores do LRCAP 2026 (Leil\u00e3o de Reserva de Capacidade na forma de Pot\u00eancia) sobre a possibilidade de antecipar a entrada em opera\u00e7\u00e3o dos empreendimentos para agosto deste ano. Os of\u00edcios foram enviados nesta quarta-feira (29) pelo secret\u00e1rio de Energia El\u00e9trica, Jo\u00e3o Daniel [&hellip;]","og_url":"https:\/\/agenciainfra.com\/blog\/mme-avalia-antecipar-geracao-de-usinas-do-lrcap-para-este-ano\/","og_site_name":"Ag\u00eancia iNFRA","article_publisher":"https:\/\/www.facebook.com\/ageninfra","article_published_time":"2026-04-29T19:12:50+00:00","article_modified_time":"2026-04-29T19:12:52+00:00","og_image":[{"width":1280,"height":853,"url":"https:\/\/agenciainfra.com\/blog\/wp-content\/uploads\/2025\/11\/energia-eletrica-foto-divulgacao.jpg","type":"image\/jpeg"}],"author":"Ag\u00eancia iNFRA","twitter_card":"summary_large_image","twitter_creator":"@agencia_infra","twitter_site":"@agencia_infra","twitter_misc":{"Escrito por":"Ag\u00eancia iNFRA","Est. tempo de leitura":"1 minuto"},"schema":{"@context":"https:\/\/schema.org","@graph":[{"@type":"Article","@id":"https:\/\/agenciainfra.com\/blog\/mme-avalia-antecipar-geracao-de-usinas-do-lrcap-para-este-ano\/#article","isPartOf":{"@id":"https:\/\/agenciainfra.com\/blog\/mme-avalia-antecipar-geracao-de-usinas-do-lrcap-para-este-ano\/"},"author":{"name":"Ag\u00eancia iNFRA","@id":"https:\/\/agenciainfra.com\/blog\/#\/schema\/person\/34af08dff6adea4cb22b06612ba7acfa"},"headline":"MME avalia antecipar gera\u00e7\u00e3o de usinas do LRCAP para este ano","datePublished":"2026-04-29T19:12:50+00:00","dateModified":"2026-04-29T19:12:52+00:00","mainEntityOfPage":{"@id":"https:\/\/agenciainfra.com\/blog\/mme-avalia-antecipar-geracao-de-usinas-do-lrcap-para-este-ano\/"},"wordCount":169,"publisher":{"@id":"https:\/\/agenciainfra.com\/blog\/#organization"},"image":{"@id":"https:\/\/agenciainfra.com\/blog\/mme-avalia-antecipar-geracao-de-usinas-do-lrcap-para-este-ano\/#primaryimage"},"thumbnailUrl":"https:\/\/agenciainfra.com\/blog\/wp-content\/uploads\/2025\/11\/energia-eletrica-foto-divulgacao.jpg","keywords":["\u00e2mbar energia","epe","gera\u00e7\u00e3o de energia","LRCAP","MME","ONS","Petrobras","termocabo"],"articleSection":["Destaque lista"],"inLanguage":"pt-BR","copyrightYear":"2026","copyrightHolder":{"@id":"https:\/\/agenciainfra.com\/blog\/#organization"}},{"@type":"WebPage","@id":"https:\/\/agenciainfra.com\/blog\/mme-avalia-antecipar-geracao-de-usinas-do-lrcap-para-este-ano\/","url":"https:\/\/agenciainfra.com\/blog\/mme-avalia-antecipar-geracao-de-usinas-do-lrcap-para-este-ano\/","name":"MME avalia antecipar gera\u00e7\u00e3o de usinas do LRCAP para este ano - Ag\u00eancia iNFRA","isPartOf":{"@id":"https:\/\/agenciainfra.com\/blog\/#website"},"primaryImageOfPage":{"@id":"https:\/\/agenciainfra.com\/blog\/mme-avalia-antecipar-geracao-de-usinas-do-lrcap-para-este-ano\/#primaryimage"},"image":{"@id":"https:\/\/agenciainfra.com\/blog\/mme-avalia-antecipar-geracao-de-usinas-do-lrcap-para-este-ano\/#primaryimage"},"thumbnailUrl":"https:\/\/agenciainfra.com\/blog\/wp-content\/uploads\/2025\/11\/energia-eletrica-foto-divulgacao.jpg","datePublished":"2026-04-29T19:12:50+00:00","dateModified":"2026-04-29T19:12:52+00:00","breadcrumb":{"@id":"https:\/\/agenciainfra.com\/blog\/mme-avalia-antecipar-geracao-de-usinas-do-lrcap-para-este-ano\/#breadcrumb"},"inLanguage":"pt-BR","potentialAction":[{"@type":"ReadAction","target":["https:\/\/agenciainfra.com\/blog\/mme-avalia-antecipar-geracao-de-usinas-do-lrcap-para-este-ano\/"]}]},{"@type":"ImageObject","inLanguage":"pt-BR","@id":"https:\/\/agenciainfra.com\/blog\/mme-avalia-antecipar-geracao-de-usinas-do-lrcap-para-este-ano\/#primaryimage","url":"https:\/\/agenciainfra.com\/blog\/wp-content\/uploads\/2025\/11\/energia-eletrica-foto-divulgacao.jpg","contentUrl":"https:\/\/agenciainfra.com\/blog\/wp-content\/uploads\/2025\/11\/energia-eletrica-foto-divulgacao.jpg","width":1280,"height":853,"caption":"Foto: Divulga\u00e7\u00e3o"},{"@type":"BreadcrumbList","@id":"https:\/\/agenciainfra.com\/blog\/mme-avalia-antecipar-geracao-de-usinas-do-lrcap-para-este-ano\/#breadcrumb","itemListElement":[{"@type":"ListItem","position":1,"name":"In\u00edcio","item":"https:\/\/agenciainfra.com\/blog\/"},{"@type":"ListItem","position":2,"name":"MME avalia antecipar gera\u00e7\u00e3o de usinas do LRCAP para este ano"}]},{"@type":"WebSite","@id":"https:\/\/agenciainfra.com\/blog\/#website","url":"https:\/\/agenciainfra.com\/blog\/","name":"Ag\u00eancia iNFRA","description":"Multiplataforma de informa\u00e7\u00e3o jornal\u00edstica refer\u00eancia na \u00e1rea de infraestrutura no Brasil!","publisher":{"@id":"https:\/\/agenciainfra.com\/blog\/#organization"},"potentialAction":[{"@type":"SearchAction","target":{"@type":"EntryPoint","urlTemplate":"https:\/\/agenciainfra.com\/blog\/?s={search_term_string}"},"query-input":{"@type":"PropertyValueSpecification","valueRequired":true,"valueName":"search_term_string"}}],"inLanguage":"pt-BR"},{"@type":"Organization","@id":"https:\/\/agenciainfra.com\/blog\/#organization","name":"Ag\u00eancia iNFRA","url":"https:\/\/agenciainfra.com\/blog\/","logo":{"@type":"ImageObject","inLanguage":"pt-BR","@id":"https:\/\/agenciainfra.com\/blog\/#\/schema\/logo\/image\/","url":"https:\/\/agenciainfra.com\/blog\/wp-content\/uploads\/2023\/09\/iNFRA_5-e1761735885940.png","contentUrl":"https:\/\/agenciainfra.com\/blog\/wp-content\/uploads\/2023\/09\/iNFRA_5-e1761735885940.png","width":1672,"height":454,"caption":"Ag\u00eancia iNFRA"},"image":{"@id":"https:\/\/agenciainfra.com\/blog\/#\/schema\/logo\/image\/"},"sameAs":["https:\/\/www.facebook.com\/ageninfra","https:\/\/x.com\/agencia_infra","https:\/\/www.linkedin.com\/company\/ag\u00eanciainfra\/","https:\/\/www.instagram.com\/agenciainfra\/"]},{"@type":"Person","@id":"https:\/\/agenciainfra.com\/blog\/#\/schema\/person\/34af08dff6adea4cb22b06612ba7acfa","name":"Ag\u00eancia iNFRA","image":{"@type":"ImageObject","inLanguage":"pt-BR","@id":"https:\/\/agenciainfra.com\/blog\/#\/schema\/person\/image\/","url":"https:\/\/secure.gravatar.com\/avatar\/d189e01678f06d8eb84d4e01f08eb848b3fffe3f8443818d3c356c66892f5be8?s=96&d=mm&r=g","contentUrl":"https:\/\/secure.gravatar.com\/avatar\/d189e01678f06d8eb84d4e01f08eb848b3fffe3f8443818d3c356c66892f5be8?s=96&d=mm&r=g","caption":"Ag\u00eancia iNFRA"},"url":"https:\/\/agenciainfra.com\/blog\/author\/admin\/"}]}},"_links":{"self":[{"href":"https:\/\/agenciainfra.com\/blog\/wp-json\/wp\/v2\/posts\/40364","targetHints":{"allow":["GET"]}}],"collection":[{"href":"https:\/\/agenciainfra.com\/blog\/wp-json\/wp\/v2\/posts"}],"about":[{"href":"https:\/\/agenciainfra.com\/blog\/wp-json\/wp\/v2\/types\/post"}],"author":[{"embeddable":true,"href":"https:\/\/agenciainfra.com\/blog\/wp-json\/wp\/v2\/users\/1"}],"replies":[{"embeddable":true,"href":"https:\/\/agenciainfra.com\/blog\/wp-json\/wp\/v2\/comments?post=40364"}],"version-history":[{"count":1,"href":"https:\/\/agenciainfra.com\/blog\/wp-json\/wp\/v2\/posts\/40364\/revisions"}],"predecessor-version":[{"id":40365,"href":"https:\/\/agenciainfra.com\/blog\/wp-json\/wp\/v2\/posts\/40364\/revisions\/40365"}],"wp:featuredmedia":[{"embeddable":true,"href":"https:\/\/agenciainfra.com\/blog\/wp-json\/wp\/v2\/media\/32100"}],"wp:attachment":[{"href":"https:\/\/agenciainfra.com\/blog\/wp-json\/wp\/v2\/media?parent=40364"}],"wp:term":[{"taxonomy":"category","embeddable":true,"href":"https:\/\/agenciainfra.com\/blog\/wp-json\/wp\/v2\/categories?post=40364"},{"taxonomy":"post_tag","embeddable":true,"href":"https:\/\/agenciainfra.com\/blog\/wp-json\/wp\/v2\/tags?post=40364"}],"curies":[{"name":"wp","href":"https:\/\/api.w.org\/{rel}","templated":true}]}}