{"id":40368,"date":"2026-04-29T16:27:31","date_gmt":"2026-04-29T19:27:31","guid":{"rendered":"https:\/\/agenciainfra.com\/blog\/?p=40368"},"modified":"2026-04-29T16:27:33","modified_gmt":"2026-04-29T19:27:33","slug":"anm-nega-recurso-de-abdalla-direito-minerario-fica-com-lhg-dos-irmaos-batista","status":"publish","type":"post","link":"https:\/\/agenciainfra.com\/blog\/anm-nega-recurso-de-abdalla-direito-minerario-fica-com-lhg-dos-irmaos-batista\/","title":{"rendered":"ANM nega recurso de Abdalla; direito miner\u00e1rio fica com LHG, dos irm\u00e3os Batista"},"content":{"rendered":"\n<p class=\"has-text-align-right\"><strong>Rafael Bitencourt, da Ag\u00eancia iNFRA<\/strong><\/p>\n\n\n\n<p>A diretoria da ANM (Ag\u00eancia Nacional de Minera\u00e7\u00e3o) negou nesta quarta-feira (29) o recurso protocolado pelo empres\u00e1rio Jos\u00e9 Jo\u00e3o Abdalla Filho, o Juca Abdalla, para restituir direitos miner\u00e1rios confiscados pelo governo durante o regime militar. Atualmente, a \u00e1rea, localizada no Mato Grosso do Sul, recebe o principal projeto da LHG Mining, bra\u00e7o de minera\u00e7\u00e3o da J&amp;F, dos irm\u00e3os Joesley e Wesley Batista.<\/p>\n\n\n\n<p>Com aprova\u00e7\u00e3o do parecer apresentado pelo diretor-geral, Mauro Henrique Sousa, o comando da ag\u00eancia manteve o \u201carquivamento definitivo\u201d e \u201cextintos\u201d os direitos miner\u00e1rios reivindicados por Abdalla. O empres\u00e1rio tentou reaver os ativos em diferentes esferas administrativas, incluindo recurso ao MME (Minist\u00e9rio de Minas e Energia) e, em car\u00e1ter de segunda inst\u00e2ncia, \u00e0 Presid\u00eancia da Rep\u00fablica.<\/p>\n\n\n\n<p>\u201cToda a quest\u00e3o administrativa j\u00e1 foi encerrada com a decis\u00e3o do Presidente da Rep\u00fablica publicada em 2010 que negou provimento ao recurso de Jos\u00e9 Jo\u00e3o Abdalla Filho. N\u00e3o h\u00e1 qualquer quest\u00e3o adicional a ser tratada al\u00e9m daquelas j\u00e1 discutidas pela Procuradoria Federal e Consultoria Jur\u00eddica do MME\u201d, ressaltou Sousa, na fundamenta\u00e7\u00e3o do voto.<\/p>\n\n\n\n<p>O diretor-geral destacou ainda que as alega\u00e7\u00f5es subsequentes \u201cpouco acrescentaram ao assunto, e o pedido \u00faltimo de sobrestamento da decis\u00e3o, \u00e9 medida protelat\u00f3ria, face \u00e0 inexist\u00eancia de qualquer controv\u00e9rsia administrativa\u201d.<\/p>\n\n\n\n<p>O comando da ANM j\u00e1 havia pautado o processo no fim de mar\u00e7o, mas a an\u00e1lise do caso foi <a href=\"http:\/\/agenciainfra.com\/blog\/anm-adia-decisao-envolvendo-juca-abdalla-e-a-lhg-dos-irmaos-batista\/\">adiada<\/a>.<\/p>\n\n\n\n<p><\/p>\n","protected":false},"excerpt":{"rendered":"<p>Rafael Bitencourt, da Ag\u00eancia iNFRA A diretoria da ANM (Ag\u00eancia Nacional de Minera\u00e7\u00e3o) negou nesta quarta-feira (29) o recurso protocolado pelo empres\u00e1rio Jos\u00e9 Jo\u00e3o Abdalla Filho, o Juca Abdalla, para restituir direitos miner\u00e1rios confiscados pelo governo durante o regime militar. Atualmente, a \u00e1rea, localizada no Mato Grosso do Sul, recebe o principal projeto da LHG [&hellip;]<\/p>\n","protected":false},"author":1,"featured_media":38467,"comment_status":"closed","ping_status":"closed","sticky":false,"template":"","format":"standard","meta":{"_monsterinsights_skip_tracking":false,"_monsterinsights_sitenote_active":false,"_monsterinsights_sitenote_note":"","_monsterinsights_sitenote_category":0,"footnotes":""},"categories":[7250],"tags":[340,245,19158,19164,19163,11501,5482,19155,13969,14420,19166,19156,3498,19161,13813,19157],"class_list":["post-40368","post","type-post","status-publish","format-standard","has-post-thumbnail","hentry","category-destaque-lista","tag-anm","tag-caducidade","tag-concessoes-de-lavra","tag-fmm-fundo-da-marinha-mercante","tag-grupo-j-j-abdalla","tag-irmaos-batista","tag-jf","tag-juca-abdalla","tag-lhg-mining","tag-mauro-henrique-sousa","tag-mcr-mineracao-corumbaense-reunida","tag-mineracao-da-ribeira","tag-minerio-de-ferro","tag-projeto-expansao-corumba","tag-rafael-bitencourt","tag-urucum-mineracao"],"yoast_head":"<!-- This site is optimized with the Yoast SEO Premium plugin v25.4 (Yoast SEO v26.0) - https:\/\/yoast.com\/wordpress\/plugins\/seo\/ -->\n<title>ANM nega recurso de Abdalla; direito miner\u00e1rio fica com LHG, dos irm\u00e3os Batista - Ag\u00eancia iNFRA<\/title>\n<meta name=\"robots\" content=\"index, follow, max-snippet:-1, max-image-preview:large, max-video-preview:-1\" \/>\n<link rel=\"canonical\" href=\"https:\/\/agenciainfra.com\/blog\/anm-nega-recurso-de-abdalla-direito-minerario-fica-com-lhg-dos-irmaos-batista\/\" \/>\n<meta property=\"og:locale\" content=\"pt_BR\" \/>\n<meta property=\"og:type\" content=\"article\" \/>\n<meta property=\"og:title\" content=\"ANM nega recurso de Abdalla; direito miner\u00e1rio fica com LHG, dos irm\u00e3os Batista\" \/>\n<meta property=\"og:description\" content=\"Rafael Bitencourt, da Ag\u00eancia iNFRA A diretoria da ANM (Ag\u00eancia Nacional de Minera\u00e7\u00e3o) negou nesta quarta-feira (29) o recurso protocolado pelo empres\u00e1rio Jos\u00e9 Jo\u00e3o Abdalla Filho, o Juca Abdalla, para restituir direitos miner\u00e1rios confiscados pelo governo durante o regime militar. Atualmente, a \u00e1rea, localizada no Mato Grosso do Sul, recebe o principal projeto da LHG [&hellip;]\" \/>\n<meta property=\"og:url\" content=\"https:\/\/agenciainfra.com\/blog\/anm-nega-recurso-de-abdalla-direito-minerario-fica-com-lhg-dos-irmaos-batista\/\" \/>\n<meta property=\"og:site_name\" content=\"Ag\u00eancia iNFRA\" \/>\n<meta property=\"article:publisher\" content=\"https:\/\/www.facebook.com\/ageninfra\" \/>\n<meta property=\"article:published_time\" content=\"2026-04-29T19:27:31+00:00\" \/>\n<meta property=\"article:modified_time\" content=\"2026-04-29T19:27:33+00:00\" \/>\n<meta property=\"og:image\" content=\"https:\/\/agenciainfra.com\/blog\/wp-content\/uploads\/2026\/03\/lgh-mining.jpg\" \/>\n\t<meta property=\"og:image:width\" content=\"1280\" \/>\n\t<meta property=\"og:image:height\" content=\"940\" \/>\n\t<meta property=\"og:image:type\" content=\"image\/jpeg\" \/>\n<meta name=\"author\" content=\"Ag\u00eancia iNFRA\" \/>\n<meta name=\"twitter:card\" content=\"summary_large_image\" \/>\n<meta name=\"twitter:creator\" content=\"@agencia_infra\" \/>\n<meta name=\"twitter:site\" content=\"@agencia_infra\" \/>\n<meta name=\"twitter:label1\" content=\"Escrito por\" \/>\n\t<meta name=\"twitter:data1\" content=\"Ag\u00eancia iNFRA\" \/>\n\t<meta name=\"twitter:label2\" content=\"Est. tempo de leitura\" \/>\n\t<meta name=\"twitter:data2\" content=\"1 minuto\" \/>\n<script type=\"application\/ld+json\" class=\"yoast-schema-graph\">{\"@context\":\"https:\/\/schema.org\",\"@graph\":[{\"@type\":\"Article\",\"@id\":\"https:\/\/agenciainfra.com\/blog\/anm-nega-recurso-de-abdalla-direito-minerario-fica-com-lhg-dos-irmaos-batista\/#article\",\"isPartOf\":{\"@id\":\"https:\/\/agenciainfra.com\/blog\/anm-nega-recurso-de-abdalla-direito-minerario-fica-com-lhg-dos-irmaos-batista\/\"},\"author\":{\"name\":\"Ag\u00eancia iNFRA\",\"@id\":\"https:\/\/agenciainfra.com\/blog\/#\/schema\/person\/34af08dff6adea4cb22b06612ba7acfa\"},\"headline\":\"ANM nega recurso de Abdalla; direito miner\u00e1rio fica com LHG, dos irm\u00e3os Batista\",\"datePublished\":\"2026-04-29T19:27:31+00:00\",\"dateModified\":\"2026-04-29T19:27:33+00:00\",\"mainEntityOfPage\":{\"@id\":\"https:\/\/agenciainfra.com\/blog\/anm-nega-recurso-de-abdalla-direito-minerario-fica-com-lhg-dos-irmaos-batista\/\"},\"wordCount\":271,\"publisher\":{\"@id\":\"https:\/\/agenciainfra.com\/blog\/#organization\"},\"image\":{\"@id\":\"https:\/\/agenciainfra.com\/blog\/anm-nega-recurso-de-abdalla-direito-minerario-fica-com-lhg-dos-irmaos-batista\/#primaryimage\"},\"thumbnailUrl\":\"https:\/\/agenciainfra.com\/blog\/wp-content\/uploads\/2026\/03\/lgh-mining.jpg\",\"keywords\":[\"ANM\",\"caducidade\",\"concess\u00f5es de lavra\",\"FMM (Fundo da Marinha Mercante)\",\"Grupo J.J. Abdalla\",\"irm\u00e3os batista\",\"J&amp;F\",\"Juca Abdalla\",\"lhg mining\",\"Mauro Henrique Sousa\",\"MCR (Minera\u00e7\u00e3o Corumbaense Reunida)\",\"Minera\u00e7\u00e3o da Ribeira\",\"min\u00e9rio de ferro\",\"Projeto Expans\u00e3o Corumb\u00e1\",\"Rafael Bitencourt\",\"Urucum Minera\u00e7\u00e3o\"],\"articleSection\":[\"Destaque lista\"],\"inLanguage\":\"pt-BR\",\"copyrightYear\":\"2026\",\"copyrightHolder\":{\"@id\":\"https:\/\/agenciainfra.com\/blog\/#organization\"}},{\"@type\":\"WebPage\",\"@id\":\"https:\/\/agenciainfra.com\/blog\/anm-nega-recurso-de-abdalla-direito-minerario-fica-com-lhg-dos-irmaos-batista\/\",\"url\":\"https:\/\/agenciainfra.com\/blog\/anm-nega-recurso-de-abdalla-direito-minerario-fica-com-lhg-dos-irmaos-batista\/\",\"name\":\"ANM nega recurso de Abdalla; direito miner\u00e1rio fica com LHG, dos irm\u00e3os Batista - Ag\u00eancia iNFRA\",\"isPartOf\":{\"@id\":\"https:\/\/agenciainfra.com\/blog\/#website\"},\"primaryImageOfPage\":{\"@id\":\"https:\/\/agenciainfra.com\/blog\/anm-nega-recurso-de-abdalla-direito-minerario-fica-com-lhg-dos-irmaos-batista\/#primaryimage\"},\"image\":{\"@id\":\"https:\/\/agenciainfra.com\/blog\/anm-nega-recurso-de-abdalla-direito-minerario-fica-com-lhg-dos-irmaos-batista\/#primaryimage\"},\"thumbnailUrl\":\"https:\/\/agenciainfra.com\/blog\/wp-content\/uploads\/2026\/03\/lgh-mining.jpg\",\"datePublished\":\"2026-04-29T19:27:31+00:00\",\"dateModified\":\"2026-04-29T19:27:33+00:00\",\"breadcrumb\":{\"@id\":\"https:\/\/agenciainfra.com\/blog\/anm-nega-recurso-de-abdalla-direito-minerario-fica-com-lhg-dos-irmaos-batista\/#breadcrumb\"},\"inLanguage\":\"pt-BR\",\"potentialAction\":[{\"@type\":\"ReadAction\",\"target\":[\"https:\/\/agenciainfra.com\/blog\/anm-nega-recurso-de-abdalla-direito-minerario-fica-com-lhg-dos-irmaos-batista\/\"]}]},{\"@type\":\"ImageObject\",\"inLanguage\":\"pt-BR\",\"@id\":\"https:\/\/agenciainfra.com\/blog\/anm-nega-recurso-de-abdalla-direito-minerario-fica-com-lhg-dos-irmaos-batista\/#primaryimage\",\"url\":\"https:\/\/agenciainfra.com\/blog\/wp-content\/uploads\/2026\/03\/lgh-mining.jpg\",\"contentUrl\":\"https:\/\/agenciainfra.com\/blog\/wp-content\/uploads\/2026\/03\/lgh-mining.jpg\",\"width\":1280,\"height\":940,\"caption\":\"Foto: Lhg Mining\"},{\"@type\":\"BreadcrumbList\",\"@id\":\"https:\/\/agenciainfra.com\/blog\/anm-nega-recurso-de-abdalla-direito-minerario-fica-com-lhg-dos-irmaos-batista\/#breadcrumb\",\"itemListElement\":[{\"@type\":\"ListItem\",\"position\":1,\"name\":\"In\u00edcio\",\"item\":\"https:\/\/agenciainfra.com\/blog\/\"},{\"@type\":\"ListItem\",\"position\":2,\"name\":\"ANM nega recurso de Abdalla; direito miner\u00e1rio fica com LHG, dos irm\u00e3os Batista\"}]},{\"@type\":\"WebSite\",\"@id\":\"https:\/\/agenciainfra.com\/blog\/#website\",\"url\":\"https:\/\/agenciainfra.com\/blog\/\",\"name\":\"Ag\u00eancia iNFRA\",\"description\":\"Multiplataforma de informa\u00e7\u00e3o jornal\u00edstica refer\u00eancia na \u00e1rea de infraestrutura no Brasil!\",\"publisher\":{\"@id\":\"https:\/\/agenciainfra.com\/blog\/#organization\"},\"potentialAction\":[{\"@type\":\"SearchAction\",\"target\":{\"@type\":\"EntryPoint\",\"urlTemplate\":\"https:\/\/agenciainfra.com\/blog\/?s={search_term_string}\"},\"query-input\":{\"@type\":\"PropertyValueSpecification\",\"valueRequired\":true,\"valueName\":\"search_term_string\"}}],\"inLanguage\":\"pt-BR\"},{\"@type\":\"Organization\",\"@id\":\"https:\/\/agenciainfra.com\/blog\/#organization\",\"name\":\"Ag\u00eancia iNFRA\",\"url\":\"https:\/\/agenciainfra.com\/blog\/\",\"logo\":{\"@type\":\"ImageObject\",\"inLanguage\":\"pt-BR\",\"@id\":\"https:\/\/agenciainfra.com\/blog\/#\/schema\/logo\/image\/\",\"url\":\"https:\/\/agenciainfra.com\/blog\/wp-content\/uploads\/2023\/09\/iNFRA_5-e1761735885940.png\",\"contentUrl\":\"https:\/\/agenciainfra.com\/blog\/wp-content\/uploads\/2023\/09\/iNFRA_5-e1761735885940.png\",\"width\":1672,\"height\":454,\"caption\":\"Ag\u00eancia iNFRA\"},\"image\":{\"@id\":\"https:\/\/agenciainfra.com\/blog\/#\/schema\/logo\/image\/\"},\"sameAs\":[\"https:\/\/www.facebook.com\/ageninfra\",\"https:\/\/x.com\/agencia_infra\",\"https:\/\/www.linkedin.com\/company\/ag\u00eanciainfra\/\",\"https:\/\/www.instagram.com\/agenciainfra\/\"]},{\"@type\":\"Person\",\"@id\":\"https:\/\/agenciainfra.com\/blog\/#\/schema\/person\/34af08dff6adea4cb22b06612ba7acfa\",\"name\":\"Ag\u00eancia iNFRA\",\"image\":{\"@type\":\"ImageObject\",\"inLanguage\":\"pt-BR\",\"@id\":\"https:\/\/agenciainfra.com\/blog\/#\/schema\/person\/image\/\",\"url\":\"https:\/\/secure.gravatar.com\/avatar\/d189e01678f06d8eb84d4e01f08eb848b3fffe3f8443818d3c356c66892f5be8?s=96&d=mm&r=g\",\"contentUrl\":\"https:\/\/secure.gravatar.com\/avatar\/d189e01678f06d8eb84d4e01f08eb848b3fffe3f8443818d3c356c66892f5be8?s=96&d=mm&r=g\",\"caption\":\"Ag\u00eancia iNFRA\"},\"url\":\"https:\/\/agenciainfra.com\/blog\/author\/admin\/\"}]}<\/script>\n<!-- \/ Yoast SEO Premium plugin. -->","yoast_head_json":{"title":"ANM nega recurso de Abdalla; direito miner\u00e1rio fica com LHG, dos irm\u00e3os Batista - Ag\u00eancia iNFRA","robots":{"index":"index","follow":"follow","max-snippet":"max-snippet:-1","max-image-preview":"max-image-preview:large","max-video-preview":"max-video-preview:-1"},"canonical":"https:\/\/agenciainfra.com\/blog\/anm-nega-recurso-de-abdalla-direito-minerario-fica-com-lhg-dos-irmaos-batista\/","og_locale":"pt_BR","og_type":"article","og_title":"ANM nega recurso de Abdalla; direito miner\u00e1rio fica com LHG, dos irm\u00e3os Batista","og_description":"Rafael Bitencourt, da Ag\u00eancia iNFRA A diretoria da ANM (Ag\u00eancia Nacional de Minera\u00e7\u00e3o) negou nesta quarta-feira (29) o recurso protocolado pelo empres\u00e1rio Jos\u00e9 Jo\u00e3o Abdalla Filho, o Juca Abdalla, para restituir direitos miner\u00e1rios confiscados pelo governo durante o regime militar. Atualmente, a \u00e1rea, localizada no Mato Grosso do Sul, recebe o principal projeto da LHG [&hellip;]","og_url":"https:\/\/agenciainfra.com\/blog\/anm-nega-recurso-de-abdalla-direito-minerario-fica-com-lhg-dos-irmaos-batista\/","og_site_name":"Ag\u00eancia iNFRA","article_publisher":"https:\/\/www.facebook.com\/ageninfra","article_published_time":"2026-04-29T19:27:31+00:00","article_modified_time":"2026-04-29T19:27:33+00:00","og_image":[{"width":1280,"height":940,"url":"https:\/\/agenciainfra.com\/blog\/wp-content\/uploads\/2026\/03\/lgh-mining.jpg","type":"image\/jpeg"}],"author":"Ag\u00eancia iNFRA","twitter_card":"summary_large_image","twitter_creator":"@agencia_infra","twitter_site":"@agencia_infra","twitter_misc":{"Escrito por":"Ag\u00eancia iNFRA","Est. tempo de leitura":"1 minuto"},"schema":{"@context":"https:\/\/schema.org","@graph":[{"@type":"Article","@id":"https:\/\/agenciainfra.com\/blog\/anm-nega-recurso-de-abdalla-direito-minerario-fica-com-lhg-dos-irmaos-batista\/#article","isPartOf":{"@id":"https:\/\/agenciainfra.com\/blog\/anm-nega-recurso-de-abdalla-direito-minerario-fica-com-lhg-dos-irmaos-batista\/"},"author":{"name":"Ag\u00eancia iNFRA","@id":"https:\/\/agenciainfra.com\/blog\/#\/schema\/person\/34af08dff6adea4cb22b06612ba7acfa"},"headline":"ANM nega recurso de Abdalla; direito miner\u00e1rio fica com LHG, dos irm\u00e3os Batista","datePublished":"2026-04-29T19:27:31+00:00","dateModified":"2026-04-29T19:27:33+00:00","mainEntityOfPage":{"@id":"https:\/\/agenciainfra.com\/blog\/anm-nega-recurso-de-abdalla-direito-minerario-fica-com-lhg-dos-irmaos-batista\/"},"wordCount":271,"publisher":{"@id":"https:\/\/agenciainfra.com\/blog\/#organization"},"image":{"@id":"https:\/\/agenciainfra.com\/blog\/anm-nega-recurso-de-abdalla-direito-minerario-fica-com-lhg-dos-irmaos-batista\/#primaryimage"},"thumbnailUrl":"https:\/\/agenciainfra.com\/blog\/wp-content\/uploads\/2026\/03\/lgh-mining.jpg","keywords":["ANM","caducidade","concess\u00f5es de lavra","FMM (Fundo da Marinha Mercante)","Grupo J.J. Abdalla","irm\u00e3os batista","J&amp;F","Juca Abdalla","lhg mining","Mauro Henrique Sousa","MCR (Minera\u00e7\u00e3o Corumbaense Reunida)","Minera\u00e7\u00e3o da Ribeira","min\u00e9rio de ferro","Projeto Expans\u00e3o Corumb\u00e1","Rafael Bitencourt","Urucum Minera\u00e7\u00e3o"],"articleSection":["Destaque lista"],"inLanguage":"pt-BR","copyrightYear":"2026","copyrightHolder":{"@id":"https:\/\/agenciainfra.com\/blog\/#organization"}},{"@type":"WebPage","@id":"https:\/\/agenciainfra.com\/blog\/anm-nega-recurso-de-abdalla-direito-minerario-fica-com-lhg-dos-irmaos-batista\/","url":"https:\/\/agenciainfra.com\/blog\/anm-nega-recurso-de-abdalla-direito-minerario-fica-com-lhg-dos-irmaos-batista\/","name":"ANM nega recurso de Abdalla; direito miner\u00e1rio fica com LHG, dos irm\u00e3os Batista - Ag\u00eancia iNFRA","isPartOf":{"@id":"https:\/\/agenciainfra.com\/blog\/#website"},"primaryImageOfPage":{"@id":"https:\/\/agenciainfra.com\/blog\/anm-nega-recurso-de-abdalla-direito-minerario-fica-com-lhg-dos-irmaos-batista\/#primaryimage"},"image":{"@id":"https:\/\/agenciainfra.com\/blog\/anm-nega-recurso-de-abdalla-direito-minerario-fica-com-lhg-dos-irmaos-batista\/#primaryimage"},"thumbnailUrl":"https:\/\/agenciainfra.com\/blog\/wp-content\/uploads\/2026\/03\/lgh-mining.jpg","datePublished":"2026-04-29T19:27:31+00:00","dateModified":"2026-04-29T19:27:33+00:00","breadcrumb":{"@id":"https:\/\/agenciainfra.com\/blog\/anm-nega-recurso-de-abdalla-direito-minerario-fica-com-lhg-dos-irmaos-batista\/#breadcrumb"},"inLanguage":"pt-BR","potentialAction":[{"@type":"ReadAction","target":["https:\/\/agenciainfra.com\/blog\/anm-nega-recurso-de-abdalla-direito-minerario-fica-com-lhg-dos-irmaos-batista\/"]}]},{"@type":"ImageObject","inLanguage":"pt-BR","@id":"https:\/\/agenciainfra.com\/blog\/anm-nega-recurso-de-abdalla-direito-minerario-fica-com-lhg-dos-irmaos-batista\/#primaryimage","url":"https:\/\/agenciainfra.com\/blog\/wp-content\/uploads\/2026\/03\/lgh-mining.jpg","contentUrl":"https:\/\/agenciainfra.com\/blog\/wp-content\/uploads\/2026\/03\/lgh-mining.jpg","width":1280,"height":940,"caption":"Foto: Lhg Mining"},{"@type":"BreadcrumbList","@id":"https:\/\/agenciainfra.com\/blog\/anm-nega-recurso-de-abdalla-direito-minerario-fica-com-lhg-dos-irmaos-batista\/#breadcrumb","itemListElement":[{"@type":"ListItem","position":1,"name":"In\u00edcio","item":"https:\/\/agenciainfra.com\/blog\/"},{"@type":"ListItem","position":2,"name":"ANM nega recurso de Abdalla; direito miner\u00e1rio fica com LHG, dos irm\u00e3os Batista"}]},{"@type":"WebSite","@id":"https:\/\/agenciainfra.com\/blog\/#website","url":"https:\/\/agenciainfra.com\/blog\/","name":"Ag\u00eancia iNFRA","description":"Multiplataforma de informa\u00e7\u00e3o jornal\u00edstica refer\u00eancia na \u00e1rea de infraestrutura no Brasil!","publisher":{"@id":"https:\/\/agenciainfra.com\/blog\/#organization"},"potentialAction":[{"@type":"SearchAction","target":{"@type":"EntryPoint","urlTemplate":"https:\/\/agenciainfra.com\/blog\/?s={search_term_string}"},"query-input":{"@type":"PropertyValueSpecification","valueRequired":true,"valueName":"search_term_string"}}],"inLanguage":"pt-BR"},{"@type":"Organization","@id":"https:\/\/agenciainfra.com\/blog\/#organization","name":"Ag\u00eancia iNFRA","url":"https:\/\/agenciainfra.com\/blog\/","logo":{"@type":"ImageObject","inLanguage":"pt-BR","@id":"https:\/\/agenciainfra.com\/blog\/#\/schema\/logo\/image\/","url":"https:\/\/agenciainfra.com\/blog\/wp-content\/uploads\/2023\/09\/iNFRA_5-e1761735885940.png","contentUrl":"https:\/\/agenciainfra.com\/blog\/wp-content\/uploads\/2023\/09\/iNFRA_5-e1761735885940.png","width":1672,"height":454,"caption":"Ag\u00eancia iNFRA"},"image":{"@id":"https:\/\/agenciainfra.com\/blog\/#\/schema\/logo\/image\/"},"sameAs":["https:\/\/www.facebook.com\/ageninfra","https:\/\/x.com\/agencia_infra","https:\/\/www.linkedin.com\/company\/ag\u00eanciainfra\/","https:\/\/www.instagram.com\/agenciainfra\/"]},{"@type":"Person","@id":"https:\/\/agenciainfra.com\/blog\/#\/schema\/person\/34af08dff6adea4cb22b06612ba7acfa","name":"Ag\u00eancia iNFRA","image":{"@type":"ImageObject","inLanguage":"pt-BR","@id":"https:\/\/agenciainfra.com\/blog\/#\/schema\/person\/image\/","url":"https:\/\/secure.gravatar.com\/avatar\/d189e01678f06d8eb84d4e01f08eb848b3fffe3f8443818d3c356c66892f5be8?s=96&d=mm&r=g","contentUrl":"https:\/\/secure.gravatar.com\/avatar\/d189e01678f06d8eb84d4e01f08eb848b3fffe3f8443818d3c356c66892f5be8?s=96&d=mm&r=g","caption":"Ag\u00eancia iNFRA"},"url":"https:\/\/agenciainfra.com\/blog\/author\/admin\/"}]}},"_links":{"self":[{"href":"https:\/\/agenciainfra.com\/blog\/wp-json\/wp\/v2\/posts\/40368","targetHints":{"allow":["GET"]}}],"collection":[{"href":"https:\/\/agenciainfra.com\/blog\/wp-json\/wp\/v2\/posts"}],"about":[{"href":"https:\/\/agenciainfra.com\/blog\/wp-json\/wp\/v2\/types\/post"}],"author":[{"embeddable":true,"href":"https:\/\/agenciainfra.com\/blog\/wp-json\/wp\/v2\/users\/1"}],"replies":[{"embeddable":true,"href":"https:\/\/agenciainfra.com\/blog\/wp-json\/wp\/v2\/comments?post=40368"}],"version-history":[{"count":1,"href":"https:\/\/agenciainfra.com\/blog\/wp-json\/wp\/v2\/posts\/40368\/revisions"}],"predecessor-version":[{"id":40369,"href":"https:\/\/agenciainfra.com\/blog\/wp-json\/wp\/v2\/posts\/40368\/revisions\/40369"}],"wp:featuredmedia":[{"embeddable":true,"href":"https:\/\/agenciainfra.com\/blog\/wp-json\/wp\/v2\/media\/38467"}],"wp:attachment":[{"href":"https:\/\/agenciainfra.com\/blog\/wp-json\/wp\/v2\/media?parent=40368"}],"wp:term":[{"taxonomy":"category","embeddable":true,"href":"https:\/\/agenciainfra.com\/blog\/wp-json\/wp\/v2\/categories?post=40368"},{"taxonomy":"post_tag","embeddable":true,"href":"https:\/\/agenciainfra.com\/blog\/wp-json\/wp\/v2\/tags?post=40368"}],"curies":[{"name":"wp","href":"https:\/\/api.w.org\/{rel}","templated":true}]}}