{"id":40370,"date":"2026-04-29T18:13:43","date_gmt":"2026-04-29T21:13:43","guid":{"rendered":"https:\/\/agenciainfra.com\/blog\/?p=40370"},"modified":"2026-04-29T18:13:45","modified_gmt":"2026-04-29T21:13:45","slug":"setor-de-biocombustiveis-defende-aumento-de-mistura-de-biodiesel-e-etanol","status":"publish","type":"post","link":"https:\/\/agenciainfra.com\/blog\/setor-de-biocombustiveis-defende-aumento-de-mistura-de-biodiesel-e-etanol\/","title":{"rendered":"Setor de biocombust\u00edveis defende aumento de mistura de biodiesel e etanol"},"content":{"rendered":"\n<p class=\"has-text-align-right\"><strong>da Ag\u00eancia iNFRA<\/strong><\/p>\n\n\n\n<p>Representantes do setor de biocombust\u00edveis defendem a eleva\u00e7\u00e3o da mistura obrigat\u00f3ria de biodiesel e etanol como resposta \u00e0 volatilidade dos pre\u00e7os de energia e como forma de refor\u00e7ar a posi\u00e7\u00e3o do Brasil na transi\u00e7\u00e3o energ\u00e9tica. A proposta em discuss\u00e3o prev\u00ea ampliar o biodiesel no diesel para 17% (B17) e o etanol na gasolina para 32% (E32), decis\u00e3o que cabe ao CNPE (Conselho Nacional de Pol\u00edtica Energ\u00e9tica).<\/p>\n\n\n\n<p>O argumento \u00e9 que o pa\u00eds tem capacidade produtiva, tecnologia e escala para avan\u00e7ar sem comprometer o abastecimento, ao mesmo tempo em que reduz a depend\u00eancia de combust\u00edveis f\u00f3sseis e a exposi\u00e7\u00e3o a oscila\u00e7\u00f5es externas.\u00a0<\/p>\n\n\n\n<p>Para o setor, a amplia\u00e7\u00e3o da mistura pode contribuir para conter impactos nos pre\u00e7os, estimular investimentos, gerar empregos e fortalecer a seguran\u00e7a energ\u00e9tica, al\u00e9m de alinhar o pa\u00eds a compromissos ambientais e pol\u00edticas j\u00e1 estabelecidas.<\/p>\n\n\n\n<p>\u201cO Brasil re\u00fane condi\u00e7\u00f5es extremamente favor\u00e1veis para impulsionar o mercado de biocombust\u00edveis, protegendo o consumidor, dando competitividade \u00e0 ind\u00fastria da prote\u00edna e reduzindo emiss\u00f5es em acordo com os compromissos internacionais firmados pelo Estado brasileiro\u201d, afirma nota divulgada pela Coaliz\u00e3o dos Biocombust\u00edveis.<\/p>\n\n\n\n<p><\/p>\n\n\n\n<p><\/p>\n","protected":false},"excerpt":{"rendered":"<p>da Ag\u00eancia iNFRA Representantes do setor de biocombust\u00edveis defendem a eleva\u00e7\u00e3o da mistura obrigat\u00f3ria de biodiesel e etanol como resposta \u00e0 volatilidade dos pre\u00e7os de energia e como forma de refor\u00e7ar a posi\u00e7\u00e3o do Brasil na transi\u00e7\u00e3o energ\u00e9tica. A proposta em discuss\u00e3o prev\u00ea ampliar o biodiesel no diesel para 17% (B17) e o etanol na [&hellip;]<\/p>\n","protected":false},"author":1,"featured_media":15182,"comment_status":"closed","ping_status":"closed","sticky":false,"template":"","format":"standard","meta":{"_monsterinsights_skip_tracking":false,"_monsterinsights_sitenote_active":false,"_monsterinsights_sitenote_note":"","_monsterinsights_sitenote_category":0,"footnotes":""},"categories":[13576],"tags":[2474,3004,18278,315,2732,3365],"class_list":["post-40370","post","type-post","status-publish","format-standard","has-post-thumbnail","hentry","category-giro-infra","tag-biocombustiveis","tag-cnpe","tag-coalizao-dos-biocombustiveis","tag-diesel","tag-etanol","tag-gasolina"],"yoast_head":"<!-- This site is optimized with the Yoast SEO Premium plugin v25.4 (Yoast SEO v26.0) - https:\/\/yoast.com\/wordpress\/plugins\/seo\/ -->\n<title>Setor de biocombust\u00edveis defende aumento de mistura de biodiesel e etanol - Ag\u00eancia iNFRA<\/title>\n<meta name=\"robots\" content=\"index, follow, max-snippet:-1, max-image-preview:large, max-video-preview:-1\" \/>\n<link rel=\"canonical\" href=\"https:\/\/agenciainfra.com\/blog\/setor-de-biocombustiveis-defende-aumento-de-mistura-de-biodiesel-e-etanol\/\" \/>\n<meta property=\"og:locale\" content=\"pt_BR\" \/>\n<meta property=\"og:type\" content=\"article\" \/>\n<meta property=\"og:title\" content=\"Setor de biocombust\u00edveis defende aumento de mistura de biodiesel e etanol\" \/>\n<meta property=\"og:description\" content=\"da Ag\u00eancia iNFRA Representantes do setor de biocombust\u00edveis defendem a eleva\u00e7\u00e3o da mistura obrigat\u00f3ria de biodiesel e etanol como resposta \u00e0 volatilidade dos pre\u00e7os de energia e como forma de refor\u00e7ar a posi\u00e7\u00e3o do Brasil na transi\u00e7\u00e3o energ\u00e9tica. A proposta em discuss\u00e3o prev\u00ea ampliar o biodiesel no diesel para 17% (B17) e o etanol na [&hellip;]\" \/>\n<meta property=\"og:url\" content=\"https:\/\/agenciainfra.com\/blog\/setor-de-biocombustiveis-defende-aumento-de-mistura-de-biodiesel-e-etanol\/\" \/>\n<meta property=\"og:site_name\" content=\"Ag\u00eancia iNFRA\" \/>\n<meta property=\"article:publisher\" content=\"https:\/\/www.facebook.com\/ageninfra\" \/>\n<meta property=\"article:published_time\" content=\"2026-04-29T21:13:43+00:00\" \/>\n<meta property=\"article:modified_time\" content=\"2026-04-29T21:13:45+00:00\" \/>\n<meta property=\"og:image\" content=\"https:\/\/agenciainfra.com\/blog\/wp-content\/uploads\/2023\/12\/biocombustivel-foto-embrapa.jpg\" \/>\n\t<meta property=\"og:image:width\" content=\"1202\" \/>\n\t<meta property=\"og:image:height\" content=\"676\" \/>\n\t<meta property=\"og:image:type\" content=\"image\/jpeg\" \/>\n<meta name=\"author\" content=\"Ag\u00eancia iNFRA\" \/>\n<meta name=\"twitter:card\" content=\"summary_large_image\" \/>\n<meta name=\"twitter:creator\" content=\"@agencia_infra\" \/>\n<meta name=\"twitter:site\" content=\"@agencia_infra\" \/>\n<meta name=\"twitter:label1\" content=\"Escrito por\" \/>\n\t<meta name=\"twitter:data1\" content=\"Ag\u00eancia iNFRA\" \/>\n\t<meta name=\"twitter:label2\" content=\"Est. tempo de leitura\" \/>\n\t<meta name=\"twitter:data2\" content=\"1 minuto\" \/>\n<script type=\"application\/ld+json\" class=\"yoast-schema-graph\">{\"@context\":\"https:\/\/schema.org\",\"@graph\":[{\"@type\":\"Article\",\"@id\":\"https:\/\/agenciainfra.com\/blog\/setor-de-biocombustiveis-defende-aumento-de-mistura-de-biodiesel-e-etanol\/#article\",\"isPartOf\":{\"@id\":\"https:\/\/agenciainfra.com\/blog\/setor-de-biocombustiveis-defende-aumento-de-mistura-de-biodiesel-e-etanol\/\"},\"author\":{\"name\":\"Ag\u00eancia iNFRA\",\"@id\":\"https:\/\/agenciainfra.com\/blog\/#\/schema\/person\/34af08dff6adea4cb22b06612ba7acfa\"},\"headline\":\"Setor de biocombust\u00edveis defende aumento de mistura de biodiesel e etanol\",\"datePublished\":\"2026-04-29T21:13:43+00:00\",\"dateModified\":\"2026-04-29T21:13:45+00:00\",\"mainEntityOfPage\":{\"@id\":\"https:\/\/agenciainfra.com\/blog\/setor-de-biocombustiveis-defende-aumento-de-mistura-de-biodiesel-e-etanol\/\"},\"wordCount\":223,\"publisher\":{\"@id\":\"https:\/\/agenciainfra.com\/blog\/#organization\"},\"image\":{\"@id\":\"https:\/\/agenciainfra.com\/blog\/setor-de-biocombustiveis-defende-aumento-de-mistura-de-biodiesel-e-etanol\/#primaryimage\"},\"thumbnailUrl\":\"https:\/\/agenciainfra.com\/blog\/wp-content\/uploads\/2023\/12\/biocombustivel-foto-embrapa.jpg\",\"keywords\":[\"biocombust\u00edveis\",\"CNPE\",\"Coaliz\u00e3o dos Biocombust\u00edveis\",\"diesel\",\"etanol\",\"gasolina\"],\"articleSection\":[\"Giro iNFRA\"],\"inLanguage\":\"pt-BR\",\"copyrightYear\":\"2026\",\"copyrightHolder\":{\"@id\":\"https:\/\/agenciainfra.com\/blog\/#organization\"}},{\"@type\":\"WebPage\",\"@id\":\"https:\/\/agenciainfra.com\/blog\/setor-de-biocombustiveis-defende-aumento-de-mistura-de-biodiesel-e-etanol\/\",\"url\":\"https:\/\/agenciainfra.com\/blog\/setor-de-biocombustiveis-defende-aumento-de-mistura-de-biodiesel-e-etanol\/\",\"name\":\"Setor de biocombust\u00edveis defende aumento de mistura de biodiesel e etanol - Ag\u00eancia iNFRA\",\"isPartOf\":{\"@id\":\"https:\/\/agenciainfra.com\/blog\/#website\"},\"primaryImageOfPage\":{\"@id\":\"https:\/\/agenciainfra.com\/blog\/setor-de-biocombustiveis-defende-aumento-de-mistura-de-biodiesel-e-etanol\/#primaryimage\"},\"image\":{\"@id\":\"https:\/\/agenciainfra.com\/blog\/setor-de-biocombustiveis-defende-aumento-de-mistura-de-biodiesel-e-etanol\/#primaryimage\"},\"thumbnailUrl\":\"https:\/\/agenciainfra.com\/blog\/wp-content\/uploads\/2023\/12\/biocombustivel-foto-embrapa.jpg\",\"datePublished\":\"2026-04-29T21:13:43+00:00\",\"dateModified\":\"2026-04-29T21:13:45+00:00\",\"breadcrumb\":{\"@id\":\"https:\/\/agenciainfra.com\/blog\/setor-de-biocombustiveis-defende-aumento-de-mistura-de-biodiesel-e-etanol\/#breadcrumb\"},\"inLanguage\":\"pt-BR\",\"potentialAction\":[{\"@type\":\"ReadAction\",\"target\":[\"https:\/\/agenciainfra.com\/blog\/setor-de-biocombustiveis-defende-aumento-de-mistura-de-biodiesel-e-etanol\/\"]}]},{\"@type\":\"ImageObject\",\"inLanguage\":\"pt-BR\",\"@id\":\"https:\/\/agenciainfra.com\/blog\/setor-de-biocombustiveis-defende-aumento-de-mistura-de-biodiesel-e-etanol\/#primaryimage\",\"url\":\"https:\/\/agenciainfra.com\/blog\/wp-content\/uploads\/2023\/12\/biocombustivel-foto-embrapa.jpg\",\"contentUrl\":\"https:\/\/agenciainfra.com\/blog\/wp-content\/uploads\/2023\/12\/biocombustivel-foto-embrapa.jpg\",\"width\":1202,\"height\":676,\"caption\":\"Foto: Embrapa\"},{\"@type\":\"BreadcrumbList\",\"@id\":\"https:\/\/agenciainfra.com\/blog\/setor-de-biocombustiveis-defende-aumento-de-mistura-de-biodiesel-e-etanol\/#breadcrumb\",\"itemListElement\":[{\"@type\":\"ListItem\",\"position\":1,\"name\":\"In\u00edcio\",\"item\":\"https:\/\/agenciainfra.com\/blog\/\"},{\"@type\":\"ListItem\",\"position\":2,\"name\":\"Setor de biocombust\u00edveis defende aumento de mistura de biodiesel e etanol\"}]},{\"@type\":\"WebSite\",\"@id\":\"https:\/\/agenciainfra.com\/blog\/#website\",\"url\":\"https:\/\/agenciainfra.com\/blog\/\",\"name\":\"Ag\u00eancia iNFRA\",\"description\":\"Multiplataforma de informa\u00e7\u00e3o jornal\u00edstica refer\u00eancia na \u00e1rea de infraestrutura no Brasil!\",\"publisher\":{\"@id\":\"https:\/\/agenciainfra.com\/blog\/#organization\"},\"potentialAction\":[{\"@type\":\"SearchAction\",\"target\":{\"@type\":\"EntryPoint\",\"urlTemplate\":\"https:\/\/agenciainfra.com\/blog\/?s={search_term_string}\"},\"query-input\":{\"@type\":\"PropertyValueSpecification\",\"valueRequired\":true,\"valueName\":\"search_term_string\"}}],\"inLanguage\":\"pt-BR\"},{\"@type\":\"Organization\",\"@id\":\"https:\/\/agenciainfra.com\/blog\/#organization\",\"name\":\"Ag\u00eancia iNFRA\",\"url\":\"https:\/\/agenciainfra.com\/blog\/\",\"logo\":{\"@type\":\"ImageObject\",\"inLanguage\":\"pt-BR\",\"@id\":\"https:\/\/agenciainfra.com\/blog\/#\/schema\/logo\/image\/\",\"url\":\"https:\/\/agenciainfra.com\/blog\/wp-content\/uploads\/2023\/09\/iNFRA_5-e1761735885940.png\",\"contentUrl\":\"https:\/\/agenciainfra.com\/blog\/wp-content\/uploads\/2023\/09\/iNFRA_5-e1761735885940.png\",\"width\":1672,\"height\":454,\"caption\":\"Ag\u00eancia iNFRA\"},\"image\":{\"@id\":\"https:\/\/agenciainfra.com\/blog\/#\/schema\/logo\/image\/\"},\"sameAs\":[\"https:\/\/www.facebook.com\/ageninfra\",\"https:\/\/x.com\/agencia_infra\",\"https:\/\/www.linkedin.com\/company\/ag\u00eanciainfra\/\",\"https:\/\/www.instagram.com\/agenciainfra\/\"]},{\"@type\":\"Person\",\"@id\":\"https:\/\/agenciainfra.com\/blog\/#\/schema\/person\/34af08dff6adea4cb22b06612ba7acfa\",\"name\":\"Ag\u00eancia iNFRA\",\"image\":{\"@type\":\"ImageObject\",\"inLanguage\":\"pt-BR\",\"@id\":\"https:\/\/agenciainfra.com\/blog\/#\/schema\/person\/image\/\",\"url\":\"https:\/\/secure.gravatar.com\/avatar\/d189e01678f06d8eb84d4e01f08eb848b3fffe3f8443818d3c356c66892f5be8?s=96&d=mm&r=g\",\"contentUrl\":\"https:\/\/secure.gravatar.com\/avatar\/d189e01678f06d8eb84d4e01f08eb848b3fffe3f8443818d3c356c66892f5be8?s=96&d=mm&r=g\",\"caption\":\"Ag\u00eancia iNFRA\"},\"url\":\"https:\/\/agenciainfra.com\/blog\/author\/admin\/\"}]}<\/script>\n<!-- \/ Yoast SEO Premium plugin. -->","yoast_head_json":{"title":"Setor de biocombust\u00edveis defende aumento de mistura de biodiesel e etanol - Ag\u00eancia iNFRA","robots":{"index":"index","follow":"follow","max-snippet":"max-snippet:-1","max-image-preview":"max-image-preview:large","max-video-preview":"max-video-preview:-1"},"canonical":"https:\/\/agenciainfra.com\/blog\/setor-de-biocombustiveis-defende-aumento-de-mistura-de-biodiesel-e-etanol\/","og_locale":"pt_BR","og_type":"article","og_title":"Setor de biocombust\u00edveis defende aumento de mistura de biodiesel e etanol","og_description":"da Ag\u00eancia iNFRA Representantes do setor de biocombust\u00edveis defendem a eleva\u00e7\u00e3o da mistura obrigat\u00f3ria de biodiesel e etanol como resposta \u00e0 volatilidade dos pre\u00e7os de energia e como forma de refor\u00e7ar a posi\u00e7\u00e3o do Brasil na transi\u00e7\u00e3o energ\u00e9tica. A proposta em discuss\u00e3o prev\u00ea ampliar o biodiesel no diesel para 17% (B17) e o etanol na [&hellip;]","og_url":"https:\/\/agenciainfra.com\/blog\/setor-de-biocombustiveis-defende-aumento-de-mistura-de-biodiesel-e-etanol\/","og_site_name":"Ag\u00eancia iNFRA","article_publisher":"https:\/\/www.facebook.com\/ageninfra","article_published_time":"2026-04-29T21:13:43+00:00","article_modified_time":"2026-04-29T21:13:45+00:00","og_image":[{"width":1202,"height":676,"url":"https:\/\/agenciainfra.com\/blog\/wp-content\/uploads\/2023\/12\/biocombustivel-foto-embrapa.jpg","type":"image\/jpeg"}],"author":"Ag\u00eancia iNFRA","twitter_card":"summary_large_image","twitter_creator":"@agencia_infra","twitter_site":"@agencia_infra","twitter_misc":{"Escrito por":"Ag\u00eancia iNFRA","Est. tempo de leitura":"1 minuto"},"schema":{"@context":"https:\/\/schema.org","@graph":[{"@type":"Article","@id":"https:\/\/agenciainfra.com\/blog\/setor-de-biocombustiveis-defende-aumento-de-mistura-de-biodiesel-e-etanol\/#article","isPartOf":{"@id":"https:\/\/agenciainfra.com\/blog\/setor-de-biocombustiveis-defende-aumento-de-mistura-de-biodiesel-e-etanol\/"},"author":{"name":"Ag\u00eancia iNFRA","@id":"https:\/\/agenciainfra.com\/blog\/#\/schema\/person\/34af08dff6adea4cb22b06612ba7acfa"},"headline":"Setor de biocombust\u00edveis defende aumento de mistura de biodiesel e etanol","datePublished":"2026-04-29T21:13:43+00:00","dateModified":"2026-04-29T21:13:45+00:00","mainEntityOfPage":{"@id":"https:\/\/agenciainfra.com\/blog\/setor-de-biocombustiveis-defende-aumento-de-mistura-de-biodiesel-e-etanol\/"},"wordCount":223,"publisher":{"@id":"https:\/\/agenciainfra.com\/blog\/#organization"},"image":{"@id":"https:\/\/agenciainfra.com\/blog\/setor-de-biocombustiveis-defende-aumento-de-mistura-de-biodiesel-e-etanol\/#primaryimage"},"thumbnailUrl":"https:\/\/agenciainfra.com\/blog\/wp-content\/uploads\/2023\/12\/biocombustivel-foto-embrapa.jpg","keywords":["biocombust\u00edveis","CNPE","Coaliz\u00e3o dos Biocombust\u00edveis","diesel","etanol","gasolina"],"articleSection":["Giro iNFRA"],"inLanguage":"pt-BR","copyrightYear":"2026","copyrightHolder":{"@id":"https:\/\/agenciainfra.com\/blog\/#organization"}},{"@type":"WebPage","@id":"https:\/\/agenciainfra.com\/blog\/setor-de-biocombustiveis-defende-aumento-de-mistura-de-biodiesel-e-etanol\/","url":"https:\/\/agenciainfra.com\/blog\/setor-de-biocombustiveis-defende-aumento-de-mistura-de-biodiesel-e-etanol\/","name":"Setor de biocombust\u00edveis defende aumento de mistura de biodiesel e etanol - Ag\u00eancia iNFRA","isPartOf":{"@id":"https:\/\/agenciainfra.com\/blog\/#website"},"primaryImageOfPage":{"@id":"https:\/\/agenciainfra.com\/blog\/setor-de-biocombustiveis-defende-aumento-de-mistura-de-biodiesel-e-etanol\/#primaryimage"},"image":{"@id":"https:\/\/agenciainfra.com\/blog\/setor-de-biocombustiveis-defende-aumento-de-mistura-de-biodiesel-e-etanol\/#primaryimage"},"thumbnailUrl":"https:\/\/agenciainfra.com\/blog\/wp-content\/uploads\/2023\/12\/biocombustivel-foto-embrapa.jpg","datePublished":"2026-04-29T21:13:43+00:00","dateModified":"2026-04-29T21:13:45+00:00","breadcrumb":{"@id":"https:\/\/agenciainfra.com\/blog\/setor-de-biocombustiveis-defende-aumento-de-mistura-de-biodiesel-e-etanol\/#breadcrumb"},"inLanguage":"pt-BR","potentialAction":[{"@type":"ReadAction","target":["https:\/\/agenciainfra.com\/blog\/setor-de-biocombustiveis-defende-aumento-de-mistura-de-biodiesel-e-etanol\/"]}]},{"@type":"ImageObject","inLanguage":"pt-BR","@id":"https:\/\/agenciainfra.com\/blog\/setor-de-biocombustiveis-defende-aumento-de-mistura-de-biodiesel-e-etanol\/#primaryimage","url":"https:\/\/agenciainfra.com\/blog\/wp-content\/uploads\/2023\/12\/biocombustivel-foto-embrapa.jpg","contentUrl":"https:\/\/agenciainfra.com\/blog\/wp-content\/uploads\/2023\/12\/biocombustivel-foto-embrapa.jpg","width":1202,"height":676,"caption":"Foto: Embrapa"},{"@type":"BreadcrumbList","@id":"https:\/\/agenciainfra.com\/blog\/setor-de-biocombustiveis-defende-aumento-de-mistura-de-biodiesel-e-etanol\/#breadcrumb","itemListElement":[{"@type":"ListItem","position":1,"name":"In\u00edcio","item":"https:\/\/agenciainfra.com\/blog\/"},{"@type":"ListItem","position":2,"name":"Setor de biocombust\u00edveis defende aumento de mistura de biodiesel e etanol"}]},{"@type":"WebSite","@id":"https:\/\/agenciainfra.com\/blog\/#website","url":"https:\/\/agenciainfra.com\/blog\/","name":"Ag\u00eancia iNFRA","description":"Multiplataforma de informa\u00e7\u00e3o jornal\u00edstica refer\u00eancia na \u00e1rea de infraestrutura no Brasil!","publisher":{"@id":"https:\/\/agenciainfra.com\/blog\/#organization"},"potentialAction":[{"@type":"SearchAction","target":{"@type":"EntryPoint","urlTemplate":"https:\/\/agenciainfra.com\/blog\/?s={search_term_string}"},"query-input":{"@type":"PropertyValueSpecification","valueRequired":true,"valueName":"search_term_string"}}],"inLanguage":"pt-BR"},{"@type":"Organization","@id":"https:\/\/agenciainfra.com\/blog\/#organization","name":"Ag\u00eancia iNFRA","url":"https:\/\/agenciainfra.com\/blog\/","logo":{"@type":"ImageObject","inLanguage":"pt-BR","@id":"https:\/\/agenciainfra.com\/blog\/#\/schema\/logo\/image\/","url":"https:\/\/agenciainfra.com\/blog\/wp-content\/uploads\/2023\/09\/iNFRA_5-e1761735885940.png","contentUrl":"https:\/\/agenciainfra.com\/blog\/wp-content\/uploads\/2023\/09\/iNFRA_5-e1761735885940.png","width":1672,"height":454,"caption":"Ag\u00eancia iNFRA"},"image":{"@id":"https:\/\/agenciainfra.com\/blog\/#\/schema\/logo\/image\/"},"sameAs":["https:\/\/www.facebook.com\/ageninfra","https:\/\/x.com\/agencia_infra","https:\/\/www.linkedin.com\/company\/ag\u00eanciainfra\/","https:\/\/www.instagram.com\/agenciainfra\/"]},{"@type":"Person","@id":"https:\/\/agenciainfra.com\/blog\/#\/schema\/person\/34af08dff6adea4cb22b06612ba7acfa","name":"Ag\u00eancia iNFRA","image":{"@type":"ImageObject","inLanguage":"pt-BR","@id":"https:\/\/agenciainfra.com\/blog\/#\/schema\/person\/image\/","url":"https:\/\/secure.gravatar.com\/avatar\/d189e01678f06d8eb84d4e01f08eb848b3fffe3f8443818d3c356c66892f5be8?s=96&d=mm&r=g","contentUrl":"https:\/\/secure.gravatar.com\/avatar\/d189e01678f06d8eb84d4e01f08eb848b3fffe3f8443818d3c356c66892f5be8?s=96&d=mm&r=g","caption":"Ag\u00eancia iNFRA"},"url":"https:\/\/agenciainfra.com\/blog\/author\/admin\/"}]}},"_links":{"self":[{"href":"https:\/\/agenciainfra.com\/blog\/wp-json\/wp\/v2\/posts\/40370","targetHints":{"allow":["GET"]}}],"collection":[{"href":"https:\/\/agenciainfra.com\/blog\/wp-json\/wp\/v2\/posts"}],"about":[{"href":"https:\/\/agenciainfra.com\/blog\/wp-json\/wp\/v2\/types\/post"}],"author":[{"embeddable":true,"href":"https:\/\/agenciainfra.com\/blog\/wp-json\/wp\/v2\/users\/1"}],"replies":[{"embeddable":true,"href":"https:\/\/agenciainfra.com\/blog\/wp-json\/wp\/v2\/comments?post=40370"}],"version-history":[{"count":1,"href":"https:\/\/agenciainfra.com\/blog\/wp-json\/wp\/v2\/posts\/40370\/revisions"}],"predecessor-version":[{"id":40371,"href":"https:\/\/agenciainfra.com\/blog\/wp-json\/wp\/v2\/posts\/40370\/revisions\/40371"}],"wp:featuredmedia":[{"embeddable":true,"href":"https:\/\/agenciainfra.com\/blog\/wp-json\/wp\/v2\/media\/15182"}],"wp:attachment":[{"href":"https:\/\/agenciainfra.com\/blog\/wp-json\/wp\/v2\/media?parent=40370"}],"wp:term":[{"taxonomy":"category","embeddable":true,"href":"https:\/\/agenciainfra.com\/blog\/wp-json\/wp\/v2\/categories?post=40370"},{"taxonomy":"post_tag","embeddable":true,"href":"https:\/\/agenciainfra.com\/blog\/wp-json\/wp\/v2\/tags?post=40370"}],"curies":[{"name":"wp","href":"https:\/\/api.w.org\/{rel}","templated":true}]}}