{"id":40372,"date":"2026-04-29T19:33:33","date_gmt":"2026-04-29T22:33:33","guid":{"rendered":"https:\/\/agenciainfra.com\/blog\/?p=40372"},"modified":"2026-04-29T19:33:35","modified_gmt":"2026-04-29T22:33:35","slug":"area-com-seca-no-brasil-cai-de-54-para-49-entre-fevereiro-e-marco","status":"publish","type":"post","link":"https:\/\/agenciainfra.com\/blog\/area-com-seca-no-brasil-cai-de-54-para-49-entre-fevereiro-e-marco\/","title":{"rendered":"\u00c1rea com seca no Brasil cai de 54% para 49% entre fevereiro e mar\u00e7o"},"content":{"rendered":"\n<p class=\"has-text-align-right\"><strong>da Ag\u00eancia iNFRA<\/strong><\/p>\n\n\n\n<p>A ANA (Ag\u00eancia Nacional de \u00c1guas e Saneamento B\u00e1sico) informou que a \u00e1rea com seca no Brasil recuou de 54% para 49% do territ\u00f3rio entre fevereiro e mar\u00e7o de 2026, segundo atualiza\u00e7\u00e3o do Monitor de Secas. Apesar da redu\u00e7\u00e3o geral, o fen\u00f4meno avan\u00e7ou em partes das regi\u00f5es Norte e Sul.<\/p>\n\n\n\n<p>Houve abrandamento da seca em 19 estados, enquanto a intensifica\u00e7\u00e3o foi registrada apenas em Santa Catarina. Em outros quatro estados, o quadro permaneceu est\u00e1vel, e Acre, Distrito Federal e Esp\u00edrito Santo seguiram sem registros do fen\u00f4meno.<\/p>\n\n\n\n<p>Por regi\u00f5es, o Nordeste manteve a situa\u00e7\u00e3o mais cr\u00edtica, com 88% do territ\u00f3rio afetado e ocorr\u00eancia de seca extrema, ainda que em redu\u00e7\u00e3o. O Centro-Oeste apresentou o menor percentual de \u00e1rea com seca (30%), enquanto o Norte registrou as condi\u00e7\u00f5es mais brandas, com menos de 1% do territ\u00f3rio em seca moderada.<\/p>\n\n\n\n<p>Na compara\u00e7\u00e3o mensal, a \u00e1rea com seca aumentou em estados como Amazonas, Paran\u00e1, Rio Grande do Sul, Rond\u00f4nia, Santa Catarina e S\u00e3o Paulo, e diminuiu em outros 12 estados, incluindo Bahia, Minas Gerais, Maranh\u00e3o e Tocantins.<\/p>\n\n\n\n<p>Ao todo, a \u00e1rea afetada passou de 4,6 milh\u00f5es para 4,2 milh\u00f5es de km\u00b2. O Monitor de Secas \u00e9 uma ferramenta que acompanha continuamente a intensidade e os impactos do fen\u00f4meno no pa\u00eds, subsidiando pol\u00edticas p\u00fablicas de enfrentamento \u00e0 estiagem.<\/p>\n\n\n\n<p><\/p>\n","protected":false},"excerpt":{"rendered":"<p>da Ag\u00eancia iNFRA A ANA (Ag\u00eancia Nacional de \u00c1guas e Saneamento B\u00e1sico) informou que a \u00e1rea com seca no Brasil recuou de 54% para 49% do territ\u00f3rio entre fevereiro e mar\u00e7o de 2026, segundo atualiza\u00e7\u00e3o do Monitor de Secas. Apesar da redu\u00e7\u00e3o geral, o fen\u00f4meno avan\u00e7ou em partes das regi\u00f5es Norte e Sul. Houve abrandamento [&hellip;]<\/p>\n","protected":false},"author":1,"featured_media":40375,"comment_status":"closed","ping_status":"closed","sticky":false,"template":"","format":"standard","meta":{"_monsterinsights_skip_tracking":false,"_monsterinsights_sitenote_active":false,"_monsterinsights_sitenote_note":"","_monsterinsights_sitenote_category":0,"footnotes":""},"categories":[13576],"tags":[3736,19665,10309,77,8052,2778,19664,632,5006,6536],"class_list":["post-40372","post","type-post","status-publish","format-standard","has-post-thumbnail","hentry","category-giro-infra","tag-abastecimento-de-agua","tag-abrandamento-da-seca","tag-aguas","tag-ana","tag-centro-oeste","tag-estiagem","tag-monitor-das-secas","tag-nordeste","tag-sudeste","tag-sul"],"yoast_head":"<!-- This site is optimized with the Yoast SEO Premium plugin v25.4 (Yoast SEO v26.0) - https:\/\/yoast.com\/wordpress\/plugins\/seo\/ -->\n<title>\u00c1rea com seca no Brasil cai de 54% para 49% entre fevereiro e mar\u00e7o - Ag\u00eancia iNFRA<\/title>\n<meta name=\"robots\" content=\"index, follow, max-snippet:-1, max-image-preview:large, max-video-preview:-1\" \/>\n<link rel=\"canonical\" href=\"https:\/\/agenciainfra.com\/blog\/area-com-seca-no-brasil-cai-de-54-para-49-entre-fevereiro-e-marco\/\" \/>\n<meta property=\"og:locale\" content=\"pt_BR\" \/>\n<meta property=\"og:type\" content=\"article\" \/>\n<meta property=\"og:title\" content=\"\u00c1rea com seca no Brasil cai de 54% para 49% entre fevereiro e mar\u00e7o\" \/>\n<meta property=\"og:description\" content=\"da Ag\u00eancia iNFRA A ANA (Ag\u00eancia Nacional de \u00c1guas e Saneamento B\u00e1sico) informou que a \u00e1rea com seca no Brasil recuou de 54% para 49% do territ\u00f3rio entre fevereiro e mar\u00e7o de 2026, segundo atualiza\u00e7\u00e3o do Monitor de Secas. Apesar da redu\u00e7\u00e3o geral, o fen\u00f4meno avan\u00e7ou em partes das regi\u00f5es Norte e Sul. Houve abrandamento [&hellip;]\" \/>\n<meta property=\"og:url\" content=\"https:\/\/agenciainfra.com\/blog\/area-com-seca-no-brasil-cai-de-54-para-49-entre-fevereiro-e-marco\/\" \/>\n<meta property=\"og:site_name\" content=\"Ag\u00eancia iNFRA\" \/>\n<meta property=\"article:publisher\" content=\"https:\/\/www.facebook.com\/ageninfra\" \/>\n<meta property=\"article:published_time\" content=\"2026-04-29T22:33:33+00:00\" \/>\n<meta property=\"article:modified_time\" content=\"2026-04-29T22:33:35+00:00\" \/>\n<meta property=\"og:image\" content=\"https:\/\/agenciainfra.com\/blog\/wp-content\/uploads\/2026\/04\/monitor-das-secas-foto-ana-e1777501885820.jpeg\" \/>\n\t<meta property=\"og:image:width\" content=\"1280\" \/>\n\t<meta property=\"og:image:height\" content=\"853\" \/>\n\t<meta property=\"og:image:type\" content=\"image\/jpeg\" \/>\n<meta name=\"author\" content=\"Ag\u00eancia iNFRA\" \/>\n<meta name=\"twitter:card\" content=\"summary_large_image\" \/>\n<meta name=\"twitter:creator\" content=\"@agencia_infra\" \/>\n<meta name=\"twitter:site\" content=\"@agencia_infra\" \/>\n<meta name=\"twitter:label1\" content=\"Escrito por\" \/>\n\t<meta name=\"twitter:data1\" content=\"Ag\u00eancia iNFRA\" \/>\n\t<meta name=\"twitter:label2\" content=\"Est. tempo de leitura\" \/>\n\t<meta name=\"twitter:data2\" content=\"1 minuto\" \/>\n<script type=\"application\/ld+json\" class=\"yoast-schema-graph\">{\"@context\":\"https:\/\/schema.org\",\"@graph\":[{\"@type\":\"Article\",\"@id\":\"https:\/\/agenciainfra.com\/blog\/area-com-seca-no-brasil-cai-de-54-para-49-entre-fevereiro-e-marco\/#article\",\"isPartOf\":{\"@id\":\"https:\/\/agenciainfra.com\/blog\/area-com-seca-no-brasil-cai-de-54-para-49-entre-fevereiro-e-marco\/\"},\"author\":{\"name\":\"Ag\u00eancia iNFRA\",\"@id\":\"https:\/\/agenciainfra.com\/blog\/#\/schema\/person\/34af08dff6adea4cb22b06612ba7acfa\"},\"headline\":\"\u00c1rea com seca no Brasil cai de 54% para 49% entre fevereiro e mar\u00e7o\",\"datePublished\":\"2026-04-29T22:33:33+00:00\",\"dateModified\":\"2026-04-29T22:33:35+00:00\",\"mainEntityOfPage\":{\"@id\":\"https:\/\/agenciainfra.com\/blog\/area-com-seca-no-brasil-cai-de-54-para-49-entre-fevereiro-e-marco\/\"},\"wordCount\":249,\"publisher\":{\"@id\":\"https:\/\/agenciainfra.com\/blog\/#organization\"},\"image\":{\"@id\":\"https:\/\/agenciainfra.com\/blog\/area-com-seca-no-brasil-cai-de-54-para-49-entre-fevereiro-e-marco\/#primaryimage\"},\"thumbnailUrl\":\"https:\/\/agenciainfra.com\/blog\/wp-content\/uploads\/2026\/04\/monitor-das-secas-foto-ana-e1777501885820.jpeg\",\"keywords\":[\"abastecimento de \u00e1gua\",\"abrandamento da seca\",\"\u00c1guas\",\"ANA\",\"Centro-Oeste\",\"estiagem\",\"monitor das secas\",\"nordeste\",\"sudeste\",\"sul\"],\"articleSection\":[\"Giro iNFRA\"],\"inLanguage\":\"pt-BR\",\"copyrightYear\":\"2026\",\"copyrightHolder\":{\"@id\":\"https:\/\/agenciainfra.com\/blog\/#organization\"}},{\"@type\":\"WebPage\",\"@id\":\"https:\/\/agenciainfra.com\/blog\/area-com-seca-no-brasil-cai-de-54-para-49-entre-fevereiro-e-marco\/\",\"url\":\"https:\/\/agenciainfra.com\/blog\/area-com-seca-no-brasil-cai-de-54-para-49-entre-fevereiro-e-marco\/\",\"name\":\"\u00c1rea com seca no Brasil cai de 54% para 49% entre fevereiro e mar\u00e7o - Ag\u00eancia iNFRA\",\"isPartOf\":{\"@id\":\"https:\/\/agenciainfra.com\/blog\/#website\"},\"primaryImageOfPage\":{\"@id\":\"https:\/\/agenciainfra.com\/blog\/area-com-seca-no-brasil-cai-de-54-para-49-entre-fevereiro-e-marco\/#primaryimage\"},\"image\":{\"@id\":\"https:\/\/agenciainfra.com\/blog\/area-com-seca-no-brasil-cai-de-54-para-49-entre-fevereiro-e-marco\/#primaryimage\"},\"thumbnailUrl\":\"https:\/\/agenciainfra.com\/blog\/wp-content\/uploads\/2026\/04\/monitor-das-secas-foto-ana-e1777501885820.jpeg\",\"datePublished\":\"2026-04-29T22:33:33+00:00\",\"dateModified\":\"2026-04-29T22:33:35+00:00\",\"breadcrumb\":{\"@id\":\"https:\/\/agenciainfra.com\/blog\/area-com-seca-no-brasil-cai-de-54-para-49-entre-fevereiro-e-marco\/#breadcrumb\"},\"inLanguage\":\"pt-BR\",\"potentialAction\":[{\"@type\":\"ReadAction\",\"target\":[\"https:\/\/agenciainfra.com\/blog\/area-com-seca-no-brasil-cai-de-54-para-49-entre-fevereiro-e-marco\/\"]}]},{\"@type\":\"ImageObject\",\"inLanguage\":\"pt-BR\",\"@id\":\"https:\/\/agenciainfra.com\/blog\/area-com-seca-no-brasil-cai-de-54-para-49-entre-fevereiro-e-marco\/#primaryimage\",\"url\":\"https:\/\/agenciainfra.com\/blog\/wp-content\/uploads\/2026\/04\/monitor-das-secas-foto-ana-e1777501885820.jpeg\",\"contentUrl\":\"https:\/\/agenciainfra.com\/blog\/wp-content\/uploads\/2026\/04\/monitor-das-secas-foto-ana-e1777501885820.jpeg\",\"width\":1280,\"height\":853,\"caption\":\"Foto: ANA\"},{\"@type\":\"BreadcrumbList\",\"@id\":\"https:\/\/agenciainfra.com\/blog\/area-com-seca-no-brasil-cai-de-54-para-49-entre-fevereiro-e-marco\/#breadcrumb\",\"itemListElement\":[{\"@type\":\"ListItem\",\"position\":1,\"name\":\"In\u00edcio\",\"item\":\"https:\/\/agenciainfra.com\/blog\/\"},{\"@type\":\"ListItem\",\"position\":2,\"name\":\"\u00c1rea com seca no Brasil cai de 54% para 49% entre fevereiro e mar\u00e7o\"}]},{\"@type\":\"WebSite\",\"@id\":\"https:\/\/agenciainfra.com\/blog\/#website\",\"url\":\"https:\/\/agenciainfra.com\/blog\/\",\"name\":\"Ag\u00eancia iNFRA\",\"description\":\"Multiplataforma de informa\u00e7\u00e3o jornal\u00edstica refer\u00eancia na \u00e1rea de infraestrutura no Brasil!\",\"publisher\":{\"@id\":\"https:\/\/agenciainfra.com\/blog\/#organization\"},\"potentialAction\":[{\"@type\":\"SearchAction\",\"target\":{\"@type\":\"EntryPoint\",\"urlTemplate\":\"https:\/\/agenciainfra.com\/blog\/?s={search_term_string}\"},\"query-input\":{\"@type\":\"PropertyValueSpecification\",\"valueRequired\":true,\"valueName\":\"search_term_string\"}}],\"inLanguage\":\"pt-BR\"},{\"@type\":\"Organization\",\"@id\":\"https:\/\/agenciainfra.com\/blog\/#organization\",\"name\":\"Ag\u00eancia iNFRA\",\"url\":\"https:\/\/agenciainfra.com\/blog\/\",\"logo\":{\"@type\":\"ImageObject\",\"inLanguage\":\"pt-BR\",\"@id\":\"https:\/\/agenciainfra.com\/blog\/#\/schema\/logo\/image\/\",\"url\":\"https:\/\/agenciainfra.com\/blog\/wp-content\/uploads\/2023\/09\/iNFRA_5-e1761735885940.png\",\"contentUrl\":\"https:\/\/agenciainfra.com\/blog\/wp-content\/uploads\/2023\/09\/iNFRA_5-e1761735885940.png\",\"width\":1672,\"height\":454,\"caption\":\"Ag\u00eancia iNFRA\"},\"image\":{\"@id\":\"https:\/\/agenciainfra.com\/blog\/#\/schema\/logo\/image\/\"},\"sameAs\":[\"https:\/\/www.facebook.com\/ageninfra\",\"https:\/\/x.com\/agencia_infra\",\"https:\/\/www.linkedin.com\/company\/ag\u00eanciainfra\/\",\"https:\/\/www.instagram.com\/agenciainfra\/\"]},{\"@type\":\"Person\",\"@id\":\"https:\/\/agenciainfra.com\/blog\/#\/schema\/person\/34af08dff6adea4cb22b06612ba7acfa\",\"name\":\"Ag\u00eancia iNFRA\",\"image\":{\"@type\":\"ImageObject\",\"inLanguage\":\"pt-BR\",\"@id\":\"https:\/\/agenciainfra.com\/blog\/#\/schema\/person\/image\/\",\"url\":\"https:\/\/secure.gravatar.com\/avatar\/d189e01678f06d8eb84d4e01f08eb848b3fffe3f8443818d3c356c66892f5be8?s=96&d=mm&r=g\",\"contentUrl\":\"https:\/\/secure.gravatar.com\/avatar\/d189e01678f06d8eb84d4e01f08eb848b3fffe3f8443818d3c356c66892f5be8?s=96&d=mm&r=g\",\"caption\":\"Ag\u00eancia iNFRA\"},\"url\":\"https:\/\/agenciainfra.com\/blog\/author\/admin\/\"}]}<\/script>\n<!-- \/ Yoast SEO Premium plugin. -->","yoast_head_json":{"title":"\u00c1rea com seca no Brasil cai de 54% para 49% entre fevereiro e mar\u00e7o - Ag\u00eancia iNFRA","robots":{"index":"index","follow":"follow","max-snippet":"max-snippet:-1","max-image-preview":"max-image-preview:large","max-video-preview":"max-video-preview:-1"},"canonical":"https:\/\/agenciainfra.com\/blog\/area-com-seca-no-brasil-cai-de-54-para-49-entre-fevereiro-e-marco\/","og_locale":"pt_BR","og_type":"article","og_title":"\u00c1rea com seca no Brasil cai de 54% para 49% entre fevereiro e mar\u00e7o","og_description":"da Ag\u00eancia iNFRA A ANA (Ag\u00eancia Nacional de \u00c1guas e Saneamento B\u00e1sico) informou que a \u00e1rea com seca no Brasil recuou de 54% para 49% do territ\u00f3rio entre fevereiro e mar\u00e7o de 2026, segundo atualiza\u00e7\u00e3o do Monitor de Secas. Apesar da redu\u00e7\u00e3o geral, o fen\u00f4meno avan\u00e7ou em partes das regi\u00f5es Norte e Sul. Houve abrandamento [&hellip;]","og_url":"https:\/\/agenciainfra.com\/blog\/area-com-seca-no-brasil-cai-de-54-para-49-entre-fevereiro-e-marco\/","og_site_name":"Ag\u00eancia iNFRA","article_publisher":"https:\/\/www.facebook.com\/ageninfra","article_published_time":"2026-04-29T22:33:33+00:00","article_modified_time":"2026-04-29T22:33:35+00:00","og_image":[{"width":1280,"height":853,"url":"https:\/\/agenciainfra.com\/blog\/wp-content\/uploads\/2026\/04\/monitor-das-secas-foto-ana-e1777501885820.jpeg","type":"image\/jpeg"}],"author":"Ag\u00eancia iNFRA","twitter_card":"summary_large_image","twitter_creator":"@agencia_infra","twitter_site":"@agencia_infra","twitter_misc":{"Escrito por":"Ag\u00eancia iNFRA","Est. tempo de leitura":"1 minuto"},"schema":{"@context":"https:\/\/schema.org","@graph":[{"@type":"Article","@id":"https:\/\/agenciainfra.com\/blog\/area-com-seca-no-brasil-cai-de-54-para-49-entre-fevereiro-e-marco\/#article","isPartOf":{"@id":"https:\/\/agenciainfra.com\/blog\/area-com-seca-no-brasil-cai-de-54-para-49-entre-fevereiro-e-marco\/"},"author":{"name":"Ag\u00eancia iNFRA","@id":"https:\/\/agenciainfra.com\/blog\/#\/schema\/person\/34af08dff6adea4cb22b06612ba7acfa"},"headline":"\u00c1rea com seca no Brasil cai de 54% para 49% entre fevereiro e mar\u00e7o","datePublished":"2026-04-29T22:33:33+00:00","dateModified":"2026-04-29T22:33:35+00:00","mainEntityOfPage":{"@id":"https:\/\/agenciainfra.com\/blog\/area-com-seca-no-brasil-cai-de-54-para-49-entre-fevereiro-e-marco\/"},"wordCount":249,"publisher":{"@id":"https:\/\/agenciainfra.com\/blog\/#organization"},"image":{"@id":"https:\/\/agenciainfra.com\/blog\/area-com-seca-no-brasil-cai-de-54-para-49-entre-fevereiro-e-marco\/#primaryimage"},"thumbnailUrl":"https:\/\/agenciainfra.com\/blog\/wp-content\/uploads\/2026\/04\/monitor-das-secas-foto-ana-e1777501885820.jpeg","keywords":["abastecimento de \u00e1gua","abrandamento da seca","\u00c1guas","ANA","Centro-Oeste","estiagem","monitor das secas","nordeste","sudeste","sul"],"articleSection":["Giro iNFRA"],"inLanguage":"pt-BR","copyrightYear":"2026","copyrightHolder":{"@id":"https:\/\/agenciainfra.com\/blog\/#organization"}},{"@type":"WebPage","@id":"https:\/\/agenciainfra.com\/blog\/area-com-seca-no-brasil-cai-de-54-para-49-entre-fevereiro-e-marco\/","url":"https:\/\/agenciainfra.com\/blog\/area-com-seca-no-brasil-cai-de-54-para-49-entre-fevereiro-e-marco\/","name":"\u00c1rea com seca no Brasil cai de 54% para 49% entre fevereiro e mar\u00e7o - Ag\u00eancia iNFRA","isPartOf":{"@id":"https:\/\/agenciainfra.com\/blog\/#website"},"primaryImageOfPage":{"@id":"https:\/\/agenciainfra.com\/blog\/area-com-seca-no-brasil-cai-de-54-para-49-entre-fevereiro-e-marco\/#primaryimage"},"image":{"@id":"https:\/\/agenciainfra.com\/blog\/area-com-seca-no-brasil-cai-de-54-para-49-entre-fevereiro-e-marco\/#primaryimage"},"thumbnailUrl":"https:\/\/agenciainfra.com\/blog\/wp-content\/uploads\/2026\/04\/monitor-das-secas-foto-ana-e1777501885820.jpeg","datePublished":"2026-04-29T22:33:33+00:00","dateModified":"2026-04-29T22:33:35+00:00","breadcrumb":{"@id":"https:\/\/agenciainfra.com\/blog\/area-com-seca-no-brasil-cai-de-54-para-49-entre-fevereiro-e-marco\/#breadcrumb"},"inLanguage":"pt-BR","potentialAction":[{"@type":"ReadAction","target":["https:\/\/agenciainfra.com\/blog\/area-com-seca-no-brasil-cai-de-54-para-49-entre-fevereiro-e-marco\/"]}]},{"@type":"ImageObject","inLanguage":"pt-BR","@id":"https:\/\/agenciainfra.com\/blog\/area-com-seca-no-brasil-cai-de-54-para-49-entre-fevereiro-e-marco\/#primaryimage","url":"https:\/\/agenciainfra.com\/blog\/wp-content\/uploads\/2026\/04\/monitor-das-secas-foto-ana-e1777501885820.jpeg","contentUrl":"https:\/\/agenciainfra.com\/blog\/wp-content\/uploads\/2026\/04\/monitor-das-secas-foto-ana-e1777501885820.jpeg","width":1280,"height":853,"caption":"Foto: ANA"},{"@type":"BreadcrumbList","@id":"https:\/\/agenciainfra.com\/blog\/area-com-seca-no-brasil-cai-de-54-para-49-entre-fevereiro-e-marco\/#breadcrumb","itemListElement":[{"@type":"ListItem","position":1,"name":"In\u00edcio","item":"https:\/\/agenciainfra.com\/blog\/"},{"@type":"ListItem","position":2,"name":"\u00c1rea com seca no Brasil cai de 54% para 49% entre fevereiro e mar\u00e7o"}]},{"@type":"WebSite","@id":"https:\/\/agenciainfra.com\/blog\/#website","url":"https:\/\/agenciainfra.com\/blog\/","name":"Ag\u00eancia iNFRA","description":"Multiplataforma de informa\u00e7\u00e3o jornal\u00edstica refer\u00eancia na \u00e1rea de infraestrutura no Brasil!","publisher":{"@id":"https:\/\/agenciainfra.com\/blog\/#organization"},"potentialAction":[{"@type":"SearchAction","target":{"@type":"EntryPoint","urlTemplate":"https:\/\/agenciainfra.com\/blog\/?s={search_term_string}"},"query-input":{"@type":"PropertyValueSpecification","valueRequired":true,"valueName":"search_term_string"}}],"inLanguage":"pt-BR"},{"@type":"Organization","@id":"https:\/\/agenciainfra.com\/blog\/#organization","name":"Ag\u00eancia iNFRA","url":"https:\/\/agenciainfra.com\/blog\/","logo":{"@type":"ImageObject","inLanguage":"pt-BR","@id":"https:\/\/agenciainfra.com\/blog\/#\/schema\/logo\/image\/","url":"https:\/\/agenciainfra.com\/blog\/wp-content\/uploads\/2023\/09\/iNFRA_5-e1761735885940.png","contentUrl":"https:\/\/agenciainfra.com\/blog\/wp-content\/uploads\/2023\/09\/iNFRA_5-e1761735885940.png","width":1672,"height":454,"caption":"Ag\u00eancia iNFRA"},"image":{"@id":"https:\/\/agenciainfra.com\/blog\/#\/schema\/logo\/image\/"},"sameAs":["https:\/\/www.facebook.com\/ageninfra","https:\/\/x.com\/agencia_infra","https:\/\/www.linkedin.com\/company\/ag\u00eanciainfra\/","https:\/\/www.instagram.com\/agenciainfra\/"]},{"@type":"Person","@id":"https:\/\/agenciainfra.com\/blog\/#\/schema\/person\/34af08dff6adea4cb22b06612ba7acfa","name":"Ag\u00eancia iNFRA","image":{"@type":"ImageObject","inLanguage":"pt-BR","@id":"https:\/\/agenciainfra.com\/blog\/#\/schema\/person\/image\/","url":"https:\/\/secure.gravatar.com\/avatar\/d189e01678f06d8eb84d4e01f08eb848b3fffe3f8443818d3c356c66892f5be8?s=96&d=mm&r=g","contentUrl":"https:\/\/secure.gravatar.com\/avatar\/d189e01678f06d8eb84d4e01f08eb848b3fffe3f8443818d3c356c66892f5be8?s=96&d=mm&r=g","caption":"Ag\u00eancia iNFRA"},"url":"https:\/\/agenciainfra.com\/blog\/author\/admin\/"}]}},"_links":{"self":[{"href":"https:\/\/agenciainfra.com\/blog\/wp-json\/wp\/v2\/posts\/40372","targetHints":{"allow":["GET"]}}],"collection":[{"href":"https:\/\/agenciainfra.com\/blog\/wp-json\/wp\/v2\/posts"}],"about":[{"href":"https:\/\/agenciainfra.com\/blog\/wp-json\/wp\/v2\/types\/post"}],"author":[{"embeddable":true,"href":"https:\/\/agenciainfra.com\/blog\/wp-json\/wp\/v2\/users\/1"}],"replies":[{"embeddable":true,"href":"https:\/\/agenciainfra.com\/blog\/wp-json\/wp\/v2\/comments?post=40372"}],"version-history":[{"count":1,"href":"https:\/\/agenciainfra.com\/blog\/wp-json\/wp\/v2\/posts\/40372\/revisions"}],"predecessor-version":[{"id":40376,"href":"https:\/\/agenciainfra.com\/blog\/wp-json\/wp\/v2\/posts\/40372\/revisions\/40376"}],"wp:featuredmedia":[{"embeddable":true,"href":"https:\/\/agenciainfra.com\/blog\/wp-json\/wp\/v2\/media\/40375"}],"wp:attachment":[{"href":"https:\/\/agenciainfra.com\/blog\/wp-json\/wp\/v2\/media?parent=40372"}],"wp:term":[{"taxonomy":"category","embeddable":true,"href":"https:\/\/agenciainfra.com\/blog\/wp-json\/wp\/v2\/categories?post=40372"},{"taxonomy":"post_tag","embeddable":true,"href":"https:\/\/agenciainfra.com\/blog\/wp-json\/wp\/v2\/tags?post=40372"}],"curies":[{"name":"wp","href":"https:\/\/api.w.org\/{rel}","templated":true}]}}