{"id":40373,"date":"2026-04-29T19:04:33","date_gmt":"2026-04-29T22:04:33","guid":{"rendered":"https:\/\/agenciainfra.com\/blog\/?p=40373"},"modified":"2026-04-29T19:07:26","modified_gmt":"2026-04-29T22:07:26","slug":"acoes-da-vale-caem-apos-divulgacao-de-resultados-do-1o-tri-de-2026","status":"publish","type":"post","link":"https:\/\/agenciainfra.com\/blog\/acoes-da-vale-caem-apos-divulgacao-de-resultados-do-1o-tri-de-2026\/","title":{"rendered":"A\u00e7\u00f5es da Vale caem ap\u00f3s divulga\u00e7\u00e3o de resultados do 1\u00ba tri de 2026"},"content":{"rendered":"\n<p class=\"has-text-align-right\"><strong>da Ag\u00eancia iNFRA<\/strong><\/p>\n\n\n\n<p>As a\u00e7\u00f5es da Vale ca\u00edram 5,87% ao longo desta quarta-feira (29), ap\u00f3s divulga\u00e7\u00e3o dos resultados. A companhia registrou lucro de US$ 1,89 bilh\u00f5es no primeiro trimestre de 2026, que representa uma alta de 36% na compara\u00e7\u00e3o anual. No entanto, o aumento nos custos em decorr\u00eancia da guerra no Oriente M\u00e9dio pressiona os resultados da empresa.<\/p>\n\n\n\n<p>Durante teleconfer\u00eancia com o mercado, os executivos da Vale reconheceram que \u201ccurva de custos deslocou para cima\u201d, com alta de US$ 5 a US$ 10 por tonelada do min\u00e9rio de ferro. Esse movimento foi visto com alerta pelo mercado.<\/p>\n\n\n\n<p>Rog\u00e9rio Nogueira, vice-presidente executivo comercial e de desenvolvimento da companhia, explicou que a escalada de ataques na regi\u00e3o interrompeu a produ\u00e7\u00e3o de a\u00e7o bruto no Ir\u00e3. Contudo, a carga de min\u00e9rio p\u00f4de ser direcionada para outros clientes da regi\u00e3o que continuam produzindo, informou.<\/p>\n\n\n\n<p>Em Om\u00e3, a produ\u00e7\u00e3o de a\u00e7o se mant\u00e9m \u201cest\u00e1vel\u201d, disse, apoiada em estoques de sucata e pelotas. A situa\u00e7\u00e3o \u00e9 diferente em Bahrein, onde o conflito levou a planta de pelotiza\u00e7\u00e3o a ser desativada dada \u00e0 impossibilidade de entrega de pallets feed \u2013 o concentrado de min\u00e9rio de ferro de alta pureza \u2013, que foi redirecionada para a China e outros pa\u00edses da \u00c1sia.<\/p>\n","protected":false},"excerpt":{"rendered":"<p>da Ag\u00eancia iNFRA As a\u00e7\u00f5es da Vale ca\u00edram 5,87% ao longo desta quarta-feira (29), ap\u00f3s divulga\u00e7\u00e3o dos resultados. A companhia registrou lucro de US$ 1,89 bilh\u00f5es no primeiro trimestre de 2026, que representa uma alta de 36% na compara\u00e7\u00e3o anual. No entanto, o aumento nos custos em decorr\u00eancia da guerra no Oriente M\u00e9dio pressiona os [&hellip;]<\/p>\n","protected":false},"author":1,"featured_media":25738,"comment_status":"closed","ping_status":"closed","sticky":false,"template":"","format":"standard","meta":{"_monsterinsights_skip_tracking":false,"_monsterinsights_sitenote_active":false,"_monsterinsights_sitenote_note":"","_monsterinsights_sitenote_category":0,"footnotes":""},"categories":[7250],"tags":[7046,19663,839,18424,83],"class_list":["post-40373","post","type-post","status-publish","format-standard","has-post-thumbnail","hentry","category-destaque-lista","tag-custos","tag-guerra-oriente-medio","tag-mineracao","tag-resultados","tag-vale"],"yoast_head":"<!-- This site is optimized with the Yoast SEO Premium plugin v25.4 (Yoast SEO v26.0) - https:\/\/yoast.com\/wordpress\/plugins\/seo\/ -->\n<title>A\u00e7\u00f5es da Vale caem ap\u00f3s divulga\u00e7\u00e3o de resultados do 1\u00ba tri de 2026 - Ag\u00eancia iNFRA<\/title>\n<meta name=\"robots\" content=\"index, follow, max-snippet:-1, max-image-preview:large, max-video-preview:-1\" \/>\n<link rel=\"canonical\" href=\"https:\/\/agenciainfra.com\/blog\/acoes-da-vale-caem-apos-divulgacao-de-resultados-do-1o-tri-de-2026\/\" \/>\n<meta property=\"og:locale\" content=\"pt_BR\" \/>\n<meta property=\"og:type\" content=\"article\" \/>\n<meta property=\"og:title\" content=\"A\u00e7\u00f5es da Vale caem ap\u00f3s divulga\u00e7\u00e3o de resultados do 1\u00ba tri de 2026\" \/>\n<meta property=\"og:description\" content=\"da Ag\u00eancia iNFRA As a\u00e7\u00f5es da Vale ca\u00edram 5,87% ao longo desta quarta-feira (29), ap\u00f3s divulga\u00e7\u00e3o dos resultados. A companhia registrou lucro de US$ 1,89 bilh\u00f5es no primeiro trimestre de 2026, que representa uma alta de 36% na compara\u00e7\u00e3o anual. No entanto, o aumento nos custos em decorr\u00eancia da guerra no Oriente M\u00e9dio pressiona os [&hellip;]\" \/>\n<meta property=\"og:url\" content=\"https:\/\/agenciainfra.com\/blog\/acoes-da-vale-caem-apos-divulgacao-de-resultados-do-1o-tri-de-2026\/\" \/>\n<meta property=\"og:site_name\" content=\"Ag\u00eancia iNFRA\" \/>\n<meta property=\"article:publisher\" content=\"https:\/\/www.facebook.com\/ageninfra\" \/>\n<meta property=\"article:published_time\" content=\"2026-04-29T22:04:33+00:00\" \/>\n<meta property=\"article:modified_time\" content=\"2026-04-29T22:07:26+00:00\" \/>\n<meta property=\"og:image\" content=\"https:\/\/agenciainfra.com\/blog\/wp-content\/uploads\/2025\/08\/Reproducao-Vale-1.jpg\" \/>\n\t<meta property=\"og:image:width\" content=\"1280\" \/>\n\t<meta property=\"og:image:height\" content=\"714\" \/>\n\t<meta property=\"og:image:type\" content=\"image\/jpeg\" \/>\n<meta name=\"author\" content=\"Ag\u00eancia iNFRA\" \/>\n<meta name=\"twitter:card\" content=\"summary_large_image\" \/>\n<meta name=\"twitter:creator\" content=\"@agencia_infra\" \/>\n<meta name=\"twitter:site\" content=\"@agencia_infra\" \/>\n<meta name=\"twitter:label1\" content=\"Escrito por\" \/>\n\t<meta name=\"twitter:data1\" content=\"Ag\u00eancia iNFRA\" \/>\n\t<meta name=\"twitter:label2\" content=\"Est. tempo de leitura\" \/>\n\t<meta name=\"twitter:data2\" content=\"1 minuto\" \/>\n<script type=\"application\/ld+json\" class=\"yoast-schema-graph\">{\"@context\":\"https:\/\/schema.org\",\"@graph\":[{\"@type\":\"Article\",\"@id\":\"https:\/\/agenciainfra.com\/blog\/acoes-da-vale-caem-apos-divulgacao-de-resultados-do-1o-tri-de-2026\/#article\",\"isPartOf\":{\"@id\":\"https:\/\/agenciainfra.com\/blog\/acoes-da-vale-caem-apos-divulgacao-de-resultados-do-1o-tri-de-2026\/\"},\"author\":{\"name\":\"Ag\u00eancia iNFRA\",\"@id\":\"https:\/\/agenciainfra.com\/blog\/#\/schema\/person\/34af08dff6adea4cb22b06612ba7acfa\"},\"headline\":\"A\u00e7\u00f5es da Vale caem ap\u00f3s divulga\u00e7\u00e3o de resultados do 1\u00ba tri de 2026\",\"datePublished\":\"2026-04-29T22:04:33+00:00\",\"dateModified\":\"2026-04-29T22:07:26+00:00\",\"mainEntityOfPage\":{\"@id\":\"https:\/\/agenciainfra.com\/blog\/acoes-da-vale-caem-apos-divulgacao-de-resultados-do-1o-tri-de-2026\/\"},\"wordCount\":233,\"publisher\":{\"@id\":\"https:\/\/agenciainfra.com\/blog\/#organization\"},\"image\":{\"@id\":\"https:\/\/agenciainfra.com\/blog\/acoes-da-vale-caem-apos-divulgacao-de-resultados-do-1o-tri-de-2026\/#primaryimage\"},\"thumbnailUrl\":\"https:\/\/agenciainfra.com\/blog\/wp-content\/uploads\/2025\/08\/Reproducao-Vale-1.jpg\",\"keywords\":[\"custos\",\"guerra oriente m\u00e9dio\",\"minera\u00e7\u00e3o\",\"resultados\",\"Vale\"],\"articleSection\":[\"Destaque lista\"],\"inLanguage\":\"pt-BR\",\"copyrightYear\":\"2026\",\"copyrightHolder\":{\"@id\":\"https:\/\/agenciainfra.com\/blog\/#organization\"}},{\"@type\":\"WebPage\",\"@id\":\"https:\/\/agenciainfra.com\/blog\/acoes-da-vale-caem-apos-divulgacao-de-resultados-do-1o-tri-de-2026\/\",\"url\":\"https:\/\/agenciainfra.com\/blog\/acoes-da-vale-caem-apos-divulgacao-de-resultados-do-1o-tri-de-2026\/\",\"name\":\"A\u00e7\u00f5es da Vale caem ap\u00f3s divulga\u00e7\u00e3o de resultados do 1\u00ba tri de 2026 - Ag\u00eancia iNFRA\",\"isPartOf\":{\"@id\":\"https:\/\/agenciainfra.com\/blog\/#website\"},\"primaryImageOfPage\":{\"@id\":\"https:\/\/agenciainfra.com\/blog\/acoes-da-vale-caem-apos-divulgacao-de-resultados-do-1o-tri-de-2026\/#primaryimage\"},\"image\":{\"@id\":\"https:\/\/agenciainfra.com\/blog\/acoes-da-vale-caem-apos-divulgacao-de-resultados-do-1o-tri-de-2026\/#primaryimage\"},\"thumbnailUrl\":\"https:\/\/agenciainfra.com\/blog\/wp-content\/uploads\/2025\/08\/Reproducao-Vale-1.jpg\",\"datePublished\":\"2026-04-29T22:04:33+00:00\",\"dateModified\":\"2026-04-29T22:07:26+00:00\",\"breadcrumb\":{\"@id\":\"https:\/\/agenciainfra.com\/blog\/acoes-da-vale-caem-apos-divulgacao-de-resultados-do-1o-tri-de-2026\/#breadcrumb\"},\"inLanguage\":\"pt-BR\",\"potentialAction\":[{\"@type\":\"ReadAction\",\"target\":[\"https:\/\/agenciainfra.com\/blog\/acoes-da-vale-caem-apos-divulgacao-de-resultados-do-1o-tri-de-2026\/\"]}]},{\"@type\":\"ImageObject\",\"inLanguage\":\"pt-BR\",\"@id\":\"https:\/\/agenciainfra.com\/blog\/acoes-da-vale-caem-apos-divulgacao-de-resultados-do-1o-tri-de-2026\/#primaryimage\",\"url\":\"https:\/\/agenciainfra.com\/blog\/wp-content\/uploads\/2025\/08\/Reproducao-Vale-1.jpg\",\"contentUrl\":\"https:\/\/agenciainfra.com\/blog\/wp-content\/uploads\/2025\/08\/Reproducao-Vale-1.jpg\",\"width\":1280,\"height\":714,\"caption\":\"Foto: Reprodu\u00e7\u00e3o\/Vale\"},{\"@type\":\"BreadcrumbList\",\"@id\":\"https:\/\/agenciainfra.com\/blog\/acoes-da-vale-caem-apos-divulgacao-de-resultados-do-1o-tri-de-2026\/#breadcrumb\",\"itemListElement\":[{\"@type\":\"ListItem\",\"position\":1,\"name\":\"In\u00edcio\",\"item\":\"https:\/\/agenciainfra.com\/blog\/\"},{\"@type\":\"ListItem\",\"position\":2,\"name\":\"A\u00e7\u00f5es da Vale caem ap\u00f3s divulga\u00e7\u00e3o de resultados do 1\u00ba tri de 2026\"}]},{\"@type\":\"WebSite\",\"@id\":\"https:\/\/agenciainfra.com\/blog\/#website\",\"url\":\"https:\/\/agenciainfra.com\/blog\/\",\"name\":\"Ag\u00eancia iNFRA\",\"description\":\"Multiplataforma de informa\u00e7\u00e3o jornal\u00edstica refer\u00eancia na \u00e1rea de infraestrutura no Brasil!\",\"publisher\":{\"@id\":\"https:\/\/agenciainfra.com\/blog\/#organization\"},\"potentialAction\":[{\"@type\":\"SearchAction\",\"target\":{\"@type\":\"EntryPoint\",\"urlTemplate\":\"https:\/\/agenciainfra.com\/blog\/?s={search_term_string}\"},\"query-input\":{\"@type\":\"PropertyValueSpecification\",\"valueRequired\":true,\"valueName\":\"search_term_string\"}}],\"inLanguage\":\"pt-BR\"},{\"@type\":\"Organization\",\"@id\":\"https:\/\/agenciainfra.com\/blog\/#organization\",\"name\":\"Ag\u00eancia iNFRA\",\"url\":\"https:\/\/agenciainfra.com\/blog\/\",\"logo\":{\"@type\":\"ImageObject\",\"inLanguage\":\"pt-BR\",\"@id\":\"https:\/\/agenciainfra.com\/blog\/#\/schema\/logo\/image\/\",\"url\":\"https:\/\/agenciainfra.com\/blog\/wp-content\/uploads\/2023\/09\/iNFRA_5-e1761735885940.png\",\"contentUrl\":\"https:\/\/agenciainfra.com\/blog\/wp-content\/uploads\/2023\/09\/iNFRA_5-e1761735885940.png\",\"width\":1672,\"height\":454,\"caption\":\"Ag\u00eancia iNFRA\"},\"image\":{\"@id\":\"https:\/\/agenciainfra.com\/blog\/#\/schema\/logo\/image\/\"},\"sameAs\":[\"https:\/\/www.facebook.com\/ageninfra\",\"https:\/\/x.com\/agencia_infra\",\"https:\/\/www.linkedin.com\/company\/ag\u00eanciainfra\/\",\"https:\/\/www.instagram.com\/agenciainfra\/\"]},{\"@type\":\"Person\",\"@id\":\"https:\/\/agenciainfra.com\/blog\/#\/schema\/person\/34af08dff6adea4cb22b06612ba7acfa\",\"name\":\"Ag\u00eancia iNFRA\",\"image\":{\"@type\":\"ImageObject\",\"inLanguage\":\"pt-BR\",\"@id\":\"https:\/\/agenciainfra.com\/blog\/#\/schema\/person\/image\/\",\"url\":\"https:\/\/secure.gravatar.com\/avatar\/d189e01678f06d8eb84d4e01f08eb848b3fffe3f8443818d3c356c66892f5be8?s=96&d=mm&r=g\",\"contentUrl\":\"https:\/\/secure.gravatar.com\/avatar\/d189e01678f06d8eb84d4e01f08eb848b3fffe3f8443818d3c356c66892f5be8?s=96&d=mm&r=g\",\"caption\":\"Ag\u00eancia iNFRA\"},\"url\":\"https:\/\/agenciainfra.com\/blog\/author\/admin\/\"}]}<\/script>\n<!-- \/ Yoast SEO Premium plugin. -->","yoast_head_json":{"title":"A\u00e7\u00f5es da Vale caem ap\u00f3s divulga\u00e7\u00e3o de resultados do 1\u00ba tri de 2026 - Ag\u00eancia iNFRA","robots":{"index":"index","follow":"follow","max-snippet":"max-snippet:-1","max-image-preview":"max-image-preview:large","max-video-preview":"max-video-preview:-1"},"canonical":"https:\/\/agenciainfra.com\/blog\/acoes-da-vale-caem-apos-divulgacao-de-resultados-do-1o-tri-de-2026\/","og_locale":"pt_BR","og_type":"article","og_title":"A\u00e7\u00f5es da Vale caem ap\u00f3s divulga\u00e7\u00e3o de resultados do 1\u00ba tri de 2026","og_description":"da Ag\u00eancia iNFRA As a\u00e7\u00f5es da Vale ca\u00edram 5,87% ao longo desta quarta-feira (29), ap\u00f3s divulga\u00e7\u00e3o dos resultados. A companhia registrou lucro de US$ 1,89 bilh\u00f5es no primeiro trimestre de 2026, que representa uma alta de 36% na compara\u00e7\u00e3o anual. No entanto, o aumento nos custos em decorr\u00eancia da guerra no Oriente M\u00e9dio pressiona os [&hellip;]","og_url":"https:\/\/agenciainfra.com\/blog\/acoes-da-vale-caem-apos-divulgacao-de-resultados-do-1o-tri-de-2026\/","og_site_name":"Ag\u00eancia iNFRA","article_publisher":"https:\/\/www.facebook.com\/ageninfra","article_published_time":"2026-04-29T22:04:33+00:00","article_modified_time":"2026-04-29T22:07:26+00:00","og_image":[{"width":1280,"height":714,"url":"https:\/\/agenciainfra.com\/blog\/wp-content\/uploads\/2025\/08\/Reproducao-Vale-1.jpg","type":"image\/jpeg"}],"author":"Ag\u00eancia iNFRA","twitter_card":"summary_large_image","twitter_creator":"@agencia_infra","twitter_site":"@agencia_infra","twitter_misc":{"Escrito por":"Ag\u00eancia iNFRA","Est. tempo de leitura":"1 minuto"},"schema":{"@context":"https:\/\/schema.org","@graph":[{"@type":"Article","@id":"https:\/\/agenciainfra.com\/blog\/acoes-da-vale-caem-apos-divulgacao-de-resultados-do-1o-tri-de-2026\/#article","isPartOf":{"@id":"https:\/\/agenciainfra.com\/blog\/acoes-da-vale-caem-apos-divulgacao-de-resultados-do-1o-tri-de-2026\/"},"author":{"name":"Ag\u00eancia iNFRA","@id":"https:\/\/agenciainfra.com\/blog\/#\/schema\/person\/34af08dff6adea4cb22b06612ba7acfa"},"headline":"A\u00e7\u00f5es da Vale caem ap\u00f3s divulga\u00e7\u00e3o de resultados do 1\u00ba tri de 2026","datePublished":"2026-04-29T22:04:33+00:00","dateModified":"2026-04-29T22:07:26+00:00","mainEntityOfPage":{"@id":"https:\/\/agenciainfra.com\/blog\/acoes-da-vale-caem-apos-divulgacao-de-resultados-do-1o-tri-de-2026\/"},"wordCount":233,"publisher":{"@id":"https:\/\/agenciainfra.com\/blog\/#organization"},"image":{"@id":"https:\/\/agenciainfra.com\/blog\/acoes-da-vale-caem-apos-divulgacao-de-resultados-do-1o-tri-de-2026\/#primaryimage"},"thumbnailUrl":"https:\/\/agenciainfra.com\/blog\/wp-content\/uploads\/2025\/08\/Reproducao-Vale-1.jpg","keywords":["custos","guerra oriente m\u00e9dio","minera\u00e7\u00e3o","resultados","Vale"],"articleSection":["Destaque lista"],"inLanguage":"pt-BR","copyrightYear":"2026","copyrightHolder":{"@id":"https:\/\/agenciainfra.com\/blog\/#organization"}},{"@type":"WebPage","@id":"https:\/\/agenciainfra.com\/blog\/acoes-da-vale-caem-apos-divulgacao-de-resultados-do-1o-tri-de-2026\/","url":"https:\/\/agenciainfra.com\/blog\/acoes-da-vale-caem-apos-divulgacao-de-resultados-do-1o-tri-de-2026\/","name":"A\u00e7\u00f5es da Vale caem ap\u00f3s divulga\u00e7\u00e3o de resultados do 1\u00ba tri de 2026 - Ag\u00eancia iNFRA","isPartOf":{"@id":"https:\/\/agenciainfra.com\/blog\/#website"},"primaryImageOfPage":{"@id":"https:\/\/agenciainfra.com\/blog\/acoes-da-vale-caem-apos-divulgacao-de-resultados-do-1o-tri-de-2026\/#primaryimage"},"image":{"@id":"https:\/\/agenciainfra.com\/blog\/acoes-da-vale-caem-apos-divulgacao-de-resultados-do-1o-tri-de-2026\/#primaryimage"},"thumbnailUrl":"https:\/\/agenciainfra.com\/blog\/wp-content\/uploads\/2025\/08\/Reproducao-Vale-1.jpg","datePublished":"2026-04-29T22:04:33+00:00","dateModified":"2026-04-29T22:07:26+00:00","breadcrumb":{"@id":"https:\/\/agenciainfra.com\/blog\/acoes-da-vale-caem-apos-divulgacao-de-resultados-do-1o-tri-de-2026\/#breadcrumb"},"inLanguage":"pt-BR","potentialAction":[{"@type":"ReadAction","target":["https:\/\/agenciainfra.com\/blog\/acoes-da-vale-caem-apos-divulgacao-de-resultados-do-1o-tri-de-2026\/"]}]},{"@type":"ImageObject","inLanguage":"pt-BR","@id":"https:\/\/agenciainfra.com\/blog\/acoes-da-vale-caem-apos-divulgacao-de-resultados-do-1o-tri-de-2026\/#primaryimage","url":"https:\/\/agenciainfra.com\/blog\/wp-content\/uploads\/2025\/08\/Reproducao-Vale-1.jpg","contentUrl":"https:\/\/agenciainfra.com\/blog\/wp-content\/uploads\/2025\/08\/Reproducao-Vale-1.jpg","width":1280,"height":714,"caption":"Foto: Reprodu\u00e7\u00e3o\/Vale"},{"@type":"BreadcrumbList","@id":"https:\/\/agenciainfra.com\/blog\/acoes-da-vale-caem-apos-divulgacao-de-resultados-do-1o-tri-de-2026\/#breadcrumb","itemListElement":[{"@type":"ListItem","position":1,"name":"In\u00edcio","item":"https:\/\/agenciainfra.com\/blog\/"},{"@type":"ListItem","position":2,"name":"A\u00e7\u00f5es da Vale caem ap\u00f3s divulga\u00e7\u00e3o de resultados do 1\u00ba tri de 2026"}]},{"@type":"WebSite","@id":"https:\/\/agenciainfra.com\/blog\/#website","url":"https:\/\/agenciainfra.com\/blog\/","name":"Ag\u00eancia iNFRA","description":"Multiplataforma de informa\u00e7\u00e3o jornal\u00edstica refer\u00eancia na \u00e1rea de infraestrutura no Brasil!","publisher":{"@id":"https:\/\/agenciainfra.com\/blog\/#organization"},"potentialAction":[{"@type":"SearchAction","target":{"@type":"EntryPoint","urlTemplate":"https:\/\/agenciainfra.com\/blog\/?s={search_term_string}"},"query-input":{"@type":"PropertyValueSpecification","valueRequired":true,"valueName":"search_term_string"}}],"inLanguage":"pt-BR"},{"@type":"Organization","@id":"https:\/\/agenciainfra.com\/blog\/#organization","name":"Ag\u00eancia iNFRA","url":"https:\/\/agenciainfra.com\/blog\/","logo":{"@type":"ImageObject","inLanguage":"pt-BR","@id":"https:\/\/agenciainfra.com\/blog\/#\/schema\/logo\/image\/","url":"https:\/\/agenciainfra.com\/blog\/wp-content\/uploads\/2023\/09\/iNFRA_5-e1761735885940.png","contentUrl":"https:\/\/agenciainfra.com\/blog\/wp-content\/uploads\/2023\/09\/iNFRA_5-e1761735885940.png","width":1672,"height":454,"caption":"Ag\u00eancia iNFRA"},"image":{"@id":"https:\/\/agenciainfra.com\/blog\/#\/schema\/logo\/image\/"},"sameAs":["https:\/\/www.facebook.com\/ageninfra","https:\/\/x.com\/agencia_infra","https:\/\/www.linkedin.com\/company\/ag\u00eanciainfra\/","https:\/\/www.instagram.com\/agenciainfra\/"]},{"@type":"Person","@id":"https:\/\/agenciainfra.com\/blog\/#\/schema\/person\/34af08dff6adea4cb22b06612ba7acfa","name":"Ag\u00eancia iNFRA","image":{"@type":"ImageObject","inLanguage":"pt-BR","@id":"https:\/\/agenciainfra.com\/blog\/#\/schema\/person\/image\/","url":"https:\/\/secure.gravatar.com\/avatar\/d189e01678f06d8eb84d4e01f08eb848b3fffe3f8443818d3c356c66892f5be8?s=96&d=mm&r=g","contentUrl":"https:\/\/secure.gravatar.com\/avatar\/d189e01678f06d8eb84d4e01f08eb848b3fffe3f8443818d3c356c66892f5be8?s=96&d=mm&r=g","caption":"Ag\u00eancia iNFRA"},"url":"https:\/\/agenciainfra.com\/blog\/author\/admin\/"}]}},"_links":{"self":[{"href":"https:\/\/agenciainfra.com\/blog\/wp-json\/wp\/v2\/posts\/40373","targetHints":{"allow":["GET"]}}],"collection":[{"href":"https:\/\/agenciainfra.com\/blog\/wp-json\/wp\/v2\/posts"}],"about":[{"href":"https:\/\/agenciainfra.com\/blog\/wp-json\/wp\/v2\/types\/post"}],"author":[{"embeddable":true,"href":"https:\/\/agenciainfra.com\/blog\/wp-json\/wp\/v2\/users\/1"}],"replies":[{"embeddable":true,"href":"https:\/\/agenciainfra.com\/blog\/wp-json\/wp\/v2\/comments?post=40373"}],"version-history":[{"count":1,"href":"https:\/\/agenciainfra.com\/blog\/wp-json\/wp\/v2\/posts\/40373\/revisions"}],"predecessor-version":[{"id":40374,"href":"https:\/\/agenciainfra.com\/blog\/wp-json\/wp\/v2\/posts\/40373\/revisions\/40374"}],"wp:featuredmedia":[{"embeddable":true,"href":"https:\/\/agenciainfra.com\/blog\/wp-json\/wp\/v2\/media\/25738"}],"wp:attachment":[{"href":"https:\/\/agenciainfra.com\/blog\/wp-json\/wp\/v2\/media?parent=40373"}],"wp:term":[{"taxonomy":"category","embeddable":true,"href":"https:\/\/agenciainfra.com\/blog\/wp-json\/wp\/v2\/categories?post=40373"},{"taxonomy":"post_tag","embeddable":true,"href":"https:\/\/agenciainfra.com\/blog\/wp-json\/wp\/v2\/tags?post=40373"}],"curies":[{"name":"wp","href":"https:\/\/api.w.org\/{rel}","templated":true}]}}