{"id":40377,"date":"2026-04-29T20:20:16","date_gmt":"2026-04-29T23:20:16","guid":{"rendered":"https:\/\/agenciainfra.com\/blog\/?p=40377"},"modified":"2026-04-29T20:20:18","modified_gmt":"2026-04-29T23:20:18","slug":"minerais-criticos-reuniao-com-governo-ainda-nao-ocorreu-diz-jardim","status":"publish","type":"post","link":"https:\/\/agenciainfra.com\/blog\/minerais-criticos-reuniao-com-governo-ainda-nao-ocorreu-diz-jardim\/","title":{"rendered":"Minerais cr\u00edticos: \u2018Reuni\u00e3o com governo ainda n\u00e3o ocorreu\u2019, diz Jardim"},"content":{"rendered":"\n<p class=\"has-text-align-right\"><strong>Rafael Bitencourt, da Ag\u00eancia iNFRA<\/strong><\/p>\n\n\n\n<p>O deputado Arnaldo Jardim (Cidadania-SP), relator do marco legal dos minerais cr\u00edticos e estrat\u00e9gicos (PL 2.780\/2024), informou nesta quarta-feira (29) que ainda n\u00e3o se reuniu com o governo para receber as contribui\u00e7\u00f5es ao projeto, apesar do prazo apertado de entrega do parecer, na pr\u00f3xima segunda-feira (4).<\/p>\n\n\n\n<p>\u201cEssa reuni\u00e3o com o governo ainda n\u00e3o aconteceu. Espero que ela aconte\u00e7a nas pr\u00f3ximas horas, porque estou com o parecer a\u00ed sendo ultimado, e esse di\u00e1logo \u00e9 muito importante. Estamos receptivos, aguardando para que isso seja feito\u201d, afirmou o deputado, \u00e0 Ag\u00eancia iNFRA, ap\u00f3s se reunir com a lideran\u00e7a da bancada do PT na C\u00e2mara para tratar do tema.<\/p>\n\n\n\n<p>A expectativa do deputado \u00e9 colocar o parecer em vota\u00e7\u00e3o no plen\u00e1rio na pr\u00f3xima semana, entre os dias 5 e 6 de maio. Ontem (28), o l\u00edder do governo na C\u00e2mara, deputado Paulo Pimenta (PT-RS), teria informado que o ministro do Planejamento e Or\u00e7amento, Bruno Moretti, foi <a href=\"http:\/\/agenciainfra.com\/blog\/bruno-moretti-fara-interlocucao-com-camara-sobre-minerais-criticos\/\">escolhido<\/a> para fazer interlocu\u00e7\u00e3o do governo com a C\u00e2mara neste assunto.<\/p>\n\n\n\n<p>Sobre o encontro na lideran\u00e7a do PT, na tarde de hoje (29), Jardim disse que houve \u201cpontos de converg\u00eancia\u201d sobre a busca por desenvolver a cadeia de valor na produ\u00e7\u00e3o dos minerais, no entendimento de que \u201cn\u00e3o basta simplesmente identificar e explorar o recurso natural\u201d. Ele, contudo, afirmou que h\u00e1 uma \u201cvis\u00e3o diferente sobre como fazer isso\u201d.<\/p>\n\n\n\n<p><strong>&#8216;Interven\u00e7\u00e3o mais forte&#8217;<\/strong><br>O relator afirmou que deputados do PCdoB tamb\u00e9m estiveram na reuni\u00e3o. \u201cA vis\u00e3o defendida pelo l\u00edder do PT [Pedro Uczai], pela Jandira [Feghali], o PCdoB tamb\u00e9m estava presente, \u00e9 de uma interven\u00e7\u00e3o estatal mais forte, quer seja pela constitui\u00e7\u00e3o de empresa ou pelo fortalecimento de \u00f3rg\u00e3os estatais que possam intervir, participar e controlar o processo\u201d, afirmou.<\/p>\n\n\n\n<p>Jardim afirmou que defendeu o papel de Estado mais como \u201cregulador e indutor, e n\u00e3o propriamente ator\u201d. Ao final do encontro, disse ele, ficou combinado de seguir debatendo o tema.<\/p>\n\n\n\n<p>\u201cTem muitos pontos de converg\u00eancia sobre o fortalecimento da inova\u00e7\u00e3o tecnol\u00f3gica, sobre a necessidade de uma pol\u00edtica clara de transfer\u00eancia de tecnologia\u201d, ressaltou o deputado.<\/p>\n","protected":false},"excerpt":{"rendered":"<p>Rafael Bitencourt, da Ag\u00eancia iNFRA O deputado Arnaldo Jardim (Cidadania-SP), relator do marco legal dos minerais cr\u00edticos e estrat\u00e9gicos (PL 2.780\/2024), informou nesta quarta-feira (29) que ainda n\u00e3o se reuniu com o governo para receber as contribui\u00e7\u00f5es ao projeto, apesar do prazo apertado de entrega do parecer, na pr\u00f3xima segunda-feira (4). \u201cEssa reuni\u00e3o com o [&hellip;]<\/p>\n","protected":false},"author":1,"featured_media":5614,"comment_status":"closed","ping_status":"closed","sticky":false,"template":"","format":"standard","meta":{"_monsterinsights_skip_tracking":false,"_monsterinsights_sitenote_active":false,"_monsterinsights_sitenote_note":"","_monsterinsights_sitenote_category":0,"footnotes":""},"categories":[7250],"tags":[16115,14830,19666,13228,12539,19434,16608,13813,3036,19249],"class_list":["post-40377","post","type-post","status-publish","format-standard","has-post-thumbnail","hentry","category-destaque-lista","tag-arnaldo-jardim-cidadania-sp","tag-bruno-moretti","tag-dep-jandira-feghali-pcdob-rj","tag-minerais-criticos","tag-paulo-pimenta-pt-rs","tag-pedro-uczai-pt-sc","tag-pnmce-politica-nacional-de-minerais-criticos-e-estrategicos","tag-rafael-bitencourt","tag-regime-de-partilha","tag-terrabras"],"yoast_head":"<!-- This site is optimized with the Yoast SEO Premium plugin v25.4 (Yoast SEO v26.0) - https:\/\/yoast.com\/wordpress\/plugins\/seo\/ -->\n<title>Minerais cr\u00edticos: \u2018Reuni\u00e3o com governo ainda n\u00e3o ocorreu\u2019, diz Jardim - Ag\u00eancia iNFRA<\/title>\n<meta name=\"robots\" content=\"index, follow, max-snippet:-1, max-image-preview:large, max-video-preview:-1\" \/>\n<link rel=\"canonical\" href=\"https:\/\/agenciainfra.com\/blog\/minerais-criticos-reuniao-com-governo-ainda-nao-ocorreu-diz-jardim\/\" \/>\n<meta property=\"og:locale\" content=\"pt_BR\" \/>\n<meta property=\"og:type\" content=\"article\" \/>\n<meta property=\"og:title\" content=\"Minerais cr\u00edticos: \u2018Reuni\u00e3o com governo ainda n\u00e3o ocorreu\u2019, diz Jardim\" \/>\n<meta property=\"og:description\" content=\"Rafael Bitencourt, da Ag\u00eancia iNFRA O deputado Arnaldo Jardim (Cidadania-SP), relator do marco legal dos minerais cr\u00edticos e estrat\u00e9gicos (PL 2.780\/2024), informou nesta quarta-feira (29) que ainda n\u00e3o se reuniu com o governo para receber as contribui\u00e7\u00f5es ao projeto, apesar do prazo apertado de entrega do parecer, na pr\u00f3xima segunda-feira (4). \u201cEssa reuni\u00e3o com o [&hellip;]\" \/>\n<meta property=\"og:url\" content=\"https:\/\/agenciainfra.com\/blog\/minerais-criticos-reuniao-com-governo-ainda-nao-ocorreu-diz-jardim\/\" \/>\n<meta property=\"og:site_name\" content=\"Ag\u00eancia iNFRA\" \/>\n<meta property=\"article:publisher\" content=\"https:\/\/www.facebook.com\/ageninfra\" \/>\n<meta property=\"article:published_time\" content=\"2026-04-29T23:20:16+00:00\" \/>\n<meta property=\"article:modified_time\" content=\"2026-04-29T23:20:18+00:00\" \/>\n<meta property=\"og:image\" content=\"https:\/\/agenciainfra.com\/blog\/wp-content\/uploads\/2020\/08\/congresso-e-esplanada-foto-marcello-casal-jr-agencia-brasil.jpg\" \/>\n\t<meta property=\"og:image:width\" content=\"1280\" \/>\n\t<meta property=\"og:image:height\" content=\"960\" \/>\n\t<meta property=\"og:image:type\" content=\"image\/jpeg\" \/>\n<meta name=\"author\" content=\"Ag\u00eancia iNFRA\" \/>\n<meta name=\"twitter:card\" content=\"summary_large_image\" \/>\n<meta name=\"twitter:creator\" content=\"@agencia_infra\" \/>\n<meta name=\"twitter:site\" content=\"@agencia_infra\" \/>\n<meta name=\"twitter:label1\" content=\"Escrito por\" \/>\n\t<meta name=\"twitter:data1\" content=\"Ag\u00eancia iNFRA\" \/>\n\t<meta name=\"twitter:label2\" content=\"Est. tempo de leitura\" \/>\n\t<meta name=\"twitter:data2\" content=\"2 minutos\" \/>\n<script type=\"application\/ld+json\" class=\"yoast-schema-graph\">{\"@context\":\"https:\/\/schema.org\",\"@graph\":[{\"@type\":\"Article\",\"@id\":\"https:\/\/agenciainfra.com\/blog\/minerais-criticos-reuniao-com-governo-ainda-nao-ocorreu-diz-jardim\/#article\",\"isPartOf\":{\"@id\":\"https:\/\/agenciainfra.com\/blog\/minerais-criticos-reuniao-com-governo-ainda-nao-ocorreu-diz-jardim\/\"},\"author\":{\"name\":\"Ag\u00eancia iNFRA\",\"@id\":\"https:\/\/agenciainfra.com\/blog\/#\/schema\/person\/34af08dff6adea4cb22b06612ba7acfa\"},\"headline\":\"Minerais cr\u00edticos: \u2018Reuni\u00e3o com governo ainda n\u00e3o ocorreu\u2019, diz Jardim\",\"datePublished\":\"2026-04-29T23:20:16+00:00\",\"dateModified\":\"2026-04-29T23:20:18+00:00\",\"mainEntityOfPage\":{\"@id\":\"https:\/\/agenciainfra.com\/blog\/minerais-criticos-reuniao-com-governo-ainda-nao-ocorreu-diz-jardim\/\"},\"wordCount\":384,\"publisher\":{\"@id\":\"https:\/\/agenciainfra.com\/blog\/#organization\"},\"image\":{\"@id\":\"https:\/\/agenciainfra.com\/blog\/minerais-criticos-reuniao-com-governo-ainda-nao-ocorreu-diz-jardim\/#primaryimage\"},\"thumbnailUrl\":\"https:\/\/agenciainfra.com\/blog\/wp-content\/uploads\/2020\/08\/congresso-e-esplanada-foto-marcello-casal-jr-agencia-brasil.jpg\",\"keywords\":[\"Arnaldo Jardim (Cidadania-SP)\",\"Bruno Moretti\",\"Dep. Jandira Feghali (PCdoB-RJ)\",\"minerais cr\u00edticos\",\"Paulo Pimenta PT-RS\",\"Pedro Uczai (PT-SC)\",\"PNMCE (Pol\u00edtica Nacional de Minerais Cr\u00edticos e Estrat\u00e9gicos)\",\"Rafael Bitencourt\",\"regime de partilha\",\"Terrabras\"],\"articleSection\":[\"Destaque lista\"],\"inLanguage\":\"pt-BR\",\"copyrightYear\":\"2026\",\"copyrightHolder\":{\"@id\":\"https:\/\/agenciainfra.com\/blog\/#organization\"}},{\"@type\":\"WebPage\",\"@id\":\"https:\/\/agenciainfra.com\/blog\/minerais-criticos-reuniao-com-governo-ainda-nao-ocorreu-diz-jardim\/\",\"url\":\"https:\/\/agenciainfra.com\/blog\/minerais-criticos-reuniao-com-governo-ainda-nao-ocorreu-diz-jardim\/\",\"name\":\"Minerais cr\u00edticos: \u2018Reuni\u00e3o com governo ainda n\u00e3o ocorreu\u2019, diz Jardim - Ag\u00eancia iNFRA\",\"isPartOf\":{\"@id\":\"https:\/\/agenciainfra.com\/blog\/#website\"},\"primaryImageOfPage\":{\"@id\":\"https:\/\/agenciainfra.com\/blog\/minerais-criticos-reuniao-com-governo-ainda-nao-ocorreu-diz-jardim\/#primaryimage\"},\"image\":{\"@id\":\"https:\/\/agenciainfra.com\/blog\/minerais-criticos-reuniao-com-governo-ainda-nao-ocorreu-diz-jardim\/#primaryimage\"},\"thumbnailUrl\":\"https:\/\/agenciainfra.com\/blog\/wp-content\/uploads\/2020\/08\/congresso-e-esplanada-foto-marcello-casal-jr-agencia-brasil.jpg\",\"datePublished\":\"2026-04-29T23:20:16+00:00\",\"dateModified\":\"2026-04-29T23:20:18+00:00\",\"breadcrumb\":{\"@id\":\"https:\/\/agenciainfra.com\/blog\/minerais-criticos-reuniao-com-governo-ainda-nao-ocorreu-diz-jardim\/#breadcrumb\"},\"inLanguage\":\"pt-BR\",\"potentialAction\":[{\"@type\":\"ReadAction\",\"target\":[\"https:\/\/agenciainfra.com\/blog\/minerais-criticos-reuniao-com-governo-ainda-nao-ocorreu-diz-jardim\/\"]}]},{\"@type\":\"ImageObject\",\"inLanguage\":\"pt-BR\",\"@id\":\"https:\/\/agenciainfra.com\/blog\/minerais-criticos-reuniao-com-governo-ainda-nao-ocorreu-diz-jardim\/#primaryimage\",\"url\":\"https:\/\/agenciainfra.com\/blog\/wp-content\/uploads\/2020\/08\/congresso-e-esplanada-foto-marcello-casal-jr-agencia-brasil.jpg\",\"contentUrl\":\"https:\/\/agenciainfra.com\/blog\/wp-content\/uploads\/2020\/08\/congresso-e-esplanada-foto-marcello-casal-jr-agencia-brasil.jpg\",\"width\":1280,\"height\":960},{\"@type\":\"BreadcrumbList\",\"@id\":\"https:\/\/agenciainfra.com\/blog\/minerais-criticos-reuniao-com-governo-ainda-nao-ocorreu-diz-jardim\/#breadcrumb\",\"itemListElement\":[{\"@type\":\"ListItem\",\"position\":1,\"name\":\"In\u00edcio\",\"item\":\"https:\/\/agenciainfra.com\/blog\/\"},{\"@type\":\"ListItem\",\"position\":2,\"name\":\"Minerais cr\u00edticos: \u2018Reuni\u00e3o com governo ainda n\u00e3o ocorreu\u2019, diz Jardim\"}]},{\"@type\":\"WebSite\",\"@id\":\"https:\/\/agenciainfra.com\/blog\/#website\",\"url\":\"https:\/\/agenciainfra.com\/blog\/\",\"name\":\"Ag\u00eancia iNFRA\",\"description\":\"Multiplataforma de informa\u00e7\u00e3o jornal\u00edstica refer\u00eancia na \u00e1rea de infraestrutura no Brasil!\",\"publisher\":{\"@id\":\"https:\/\/agenciainfra.com\/blog\/#organization\"},\"potentialAction\":[{\"@type\":\"SearchAction\",\"target\":{\"@type\":\"EntryPoint\",\"urlTemplate\":\"https:\/\/agenciainfra.com\/blog\/?s={search_term_string}\"},\"query-input\":{\"@type\":\"PropertyValueSpecification\",\"valueRequired\":true,\"valueName\":\"search_term_string\"}}],\"inLanguage\":\"pt-BR\"},{\"@type\":\"Organization\",\"@id\":\"https:\/\/agenciainfra.com\/blog\/#organization\",\"name\":\"Ag\u00eancia iNFRA\",\"url\":\"https:\/\/agenciainfra.com\/blog\/\",\"logo\":{\"@type\":\"ImageObject\",\"inLanguage\":\"pt-BR\",\"@id\":\"https:\/\/agenciainfra.com\/blog\/#\/schema\/logo\/image\/\",\"url\":\"https:\/\/agenciainfra.com\/blog\/wp-content\/uploads\/2023\/09\/iNFRA_5-e1761735885940.png\",\"contentUrl\":\"https:\/\/agenciainfra.com\/blog\/wp-content\/uploads\/2023\/09\/iNFRA_5-e1761735885940.png\",\"width\":1672,\"height\":454,\"caption\":\"Ag\u00eancia iNFRA\"},\"image\":{\"@id\":\"https:\/\/agenciainfra.com\/blog\/#\/schema\/logo\/image\/\"},\"sameAs\":[\"https:\/\/www.facebook.com\/ageninfra\",\"https:\/\/x.com\/agencia_infra\",\"https:\/\/www.linkedin.com\/company\/ag\u00eanciainfra\/\",\"https:\/\/www.instagram.com\/agenciainfra\/\"]},{\"@type\":\"Person\",\"@id\":\"https:\/\/agenciainfra.com\/blog\/#\/schema\/person\/34af08dff6adea4cb22b06612ba7acfa\",\"name\":\"Ag\u00eancia iNFRA\",\"image\":{\"@type\":\"ImageObject\",\"inLanguage\":\"pt-BR\",\"@id\":\"https:\/\/agenciainfra.com\/blog\/#\/schema\/person\/image\/\",\"url\":\"https:\/\/secure.gravatar.com\/avatar\/d189e01678f06d8eb84d4e01f08eb848b3fffe3f8443818d3c356c66892f5be8?s=96&d=mm&r=g\",\"contentUrl\":\"https:\/\/secure.gravatar.com\/avatar\/d189e01678f06d8eb84d4e01f08eb848b3fffe3f8443818d3c356c66892f5be8?s=96&d=mm&r=g\",\"caption\":\"Ag\u00eancia iNFRA\"},\"url\":\"https:\/\/agenciainfra.com\/blog\/author\/admin\/\"}]}<\/script>\n<!-- \/ Yoast SEO Premium plugin. -->","yoast_head_json":{"title":"Minerais cr\u00edticos: \u2018Reuni\u00e3o com governo ainda n\u00e3o ocorreu\u2019, diz Jardim - Ag\u00eancia iNFRA","robots":{"index":"index","follow":"follow","max-snippet":"max-snippet:-1","max-image-preview":"max-image-preview:large","max-video-preview":"max-video-preview:-1"},"canonical":"https:\/\/agenciainfra.com\/blog\/minerais-criticos-reuniao-com-governo-ainda-nao-ocorreu-diz-jardim\/","og_locale":"pt_BR","og_type":"article","og_title":"Minerais cr\u00edticos: \u2018Reuni\u00e3o com governo ainda n\u00e3o ocorreu\u2019, diz Jardim","og_description":"Rafael Bitencourt, da Ag\u00eancia iNFRA O deputado Arnaldo Jardim (Cidadania-SP), relator do marco legal dos minerais cr\u00edticos e estrat\u00e9gicos (PL 2.780\/2024), informou nesta quarta-feira (29) que ainda n\u00e3o se reuniu com o governo para receber as contribui\u00e7\u00f5es ao projeto, apesar do prazo apertado de entrega do parecer, na pr\u00f3xima segunda-feira (4). \u201cEssa reuni\u00e3o com o [&hellip;]","og_url":"https:\/\/agenciainfra.com\/blog\/minerais-criticos-reuniao-com-governo-ainda-nao-ocorreu-diz-jardim\/","og_site_name":"Ag\u00eancia iNFRA","article_publisher":"https:\/\/www.facebook.com\/ageninfra","article_published_time":"2026-04-29T23:20:16+00:00","article_modified_time":"2026-04-29T23:20:18+00:00","og_image":[{"width":1280,"height":960,"url":"https:\/\/agenciainfra.com\/blog\/wp-content\/uploads\/2020\/08\/congresso-e-esplanada-foto-marcello-casal-jr-agencia-brasil.jpg","type":"image\/jpeg"}],"author":"Ag\u00eancia iNFRA","twitter_card":"summary_large_image","twitter_creator":"@agencia_infra","twitter_site":"@agencia_infra","twitter_misc":{"Escrito por":"Ag\u00eancia iNFRA","Est. tempo de leitura":"2 minutos"},"schema":{"@context":"https:\/\/schema.org","@graph":[{"@type":"Article","@id":"https:\/\/agenciainfra.com\/blog\/minerais-criticos-reuniao-com-governo-ainda-nao-ocorreu-diz-jardim\/#article","isPartOf":{"@id":"https:\/\/agenciainfra.com\/blog\/minerais-criticos-reuniao-com-governo-ainda-nao-ocorreu-diz-jardim\/"},"author":{"name":"Ag\u00eancia iNFRA","@id":"https:\/\/agenciainfra.com\/blog\/#\/schema\/person\/34af08dff6adea4cb22b06612ba7acfa"},"headline":"Minerais cr\u00edticos: \u2018Reuni\u00e3o com governo ainda n\u00e3o ocorreu\u2019, diz Jardim","datePublished":"2026-04-29T23:20:16+00:00","dateModified":"2026-04-29T23:20:18+00:00","mainEntityOfPage":{"@id":"https:\/\/agenciainfra.com\/blog\/minerais-criticos-reuniao-com-governo-ainda-nao-ocorreu-diz-jardim\/"},"wordCount":384,"publisher":{"@id":"https:\/\/agenciainfra.com\/blog\/#organization"},"image":{"@id":"https:\/\/agenciainfra.com\/blog\/minerais-criticos-reuniao-com-governo-ainda-nao-ocorreu-diz-jardim\/#primaryimage"},"thumbnailUrl":"https:\/\/agenciainfra.com\/blog\/wp-content\/uploads\/2020\/08\/congresso-e-esplanada-foto-marcello-casal-jr-agencia-brasil.jpg","keywords":["Arnaldo Jardim (Cidadania-SP)","Bruno Moretti","Dep. Jandira Feghali (PCdoB-RJ)","minerais cr\u00edticos","Paulo Pimenta PT-RS","Pedro Uczai (PT-SC)","PNMCE (Pol\u00edtica Nacional de Minerais Cr\u00edticos e Estrat\u00e9gicos)","Rafael Bitencourt","regime de partilha","Terrabras"],"articleSection":["Destaque lista"],"inLanguage":"pt-BR","copyrightYear":"2026","copyrightHolder":{"@id":"https:\/\/agenciainfra.com\/blog\/#organization"}},{"@type":"WebPage","@id":"https:\/\/agenciainfra.com\/blog\/minerais-criticos-reuniao-com-governo-ainda-nao-ocorreu-diz-jardim\/","url":"https:\/\/agenciainfra.com\/blog\/minerais-criticos-reuniao-com-governo-ainda-nao-ocorreu-diz-jardim\/","name":"Minerais cr\u00edticos: \u2018Reuni\u00e3o com governo ainda n\u00e3o ocorreu\u2019, diz Jardim - Ag\u00eancia iNFRA","isPartOf":{"@id":"https:\/\/agenciainfra.com\/blog\/#website"},"primaryImageOfPage":{"@id":"https:\/\/agenciainfra.com\/blog\/minerais-criticos-reuniao-com-governo-ainda-nao-ocorreu-diz-jardim\/#primaryimage"},"image":{"@id":"https:\/\/agenciainfra.com\/blog\/minerais-criticos-reuniao-com-governo-ainda-nao-ocorreu-diz-jardim\/#primaryimage"},"thumbnailUrl":"https:\/\/agenciainfra.com\/blog\/wp-content\/uploads\/2020\/08\/congresso-e-esplanada-foto-marcello-casal-jr-agencia-brasil.jpg","datePublished":"2026-04-29T23:20:16+00:00","dateModified":"2026-04-29T23:20:18+00:00","breadcrumb":{"@id":"https:\/\/agenciainfra.com\/blog\/minerais-criticos-reuniao-com-governo-ainda-nao-ocorreu-diz-jardim\/#breadcrumb"},"inLanguage":"pt-BR","potentialAction":[{"@type":"ReadAction","target":["https:\/\/agenciainfra.com\/blog\/minerais-criticos-reuniao-com-governo-ainda-nao-ocorreu-diz-jardim\/"]}]},{"@type":"ImageObject","inLanguage":"pt-BR","@id":"https:\/\/agenciainfra.com\/blog\/minerais-criticos-reuniao-com-governo-ainda-nao-ocorreu-diz-jardim\/#primaryimage","url":"https:\/\/agenciainfra.com\/blog\/wp-content\/uploads\/2020\/08\/congresso-e-esplanada-foto-marcello-casal-jr-agencia-brasil.jpg","contentUrl":"https:\/\/agenciainfra.com\/blog\/wp-content\/uploads\/2020\/08\/congresso-e-esplanada-foto-marcello-casal-jr-agencia-brasil.jpg","width":1280,"height":960},{"@type":"BreadcrumbList","@id":"https:\/\/agenciainfra.com\/blog\/minerais-criticos-reuniao-com-governo-ainda-nao-ocorreu-diz-jardim\/#breadcrumb","itemListElement":[{"@type":"ListItem","position":1,"name":"In\u00edcio","item":"https:\/\/agenciainfra.com\/blog\/"},{"@type":"ListItem","position":2,"name":"Minerais cr\u00edticos: \u2018Reuni\u00e3o com governo ainda n\u00e3o ocorreu\u2019, diz Jardim"}]},{"@type":"WebSite","@id":"https:\/\/agenciainfra.com\/blog\/#website","url":"https:\/\/agenciainfra.com\/blog\/","name":"Ag\u00eancia iNFRA","description":"Multiplataforma de informa\u00e7\u00e3o jornal\u00edstica refer\u00eancia na \u00e1rea de infraestrutura no Brasil!","publisher":{"@id":"https:\/\/agenciainfra.com\/blog\/#organization"},"potentialAction":[{"@type":"SearchAction","target":{"@type":"EntryPoint","urlTemplate":"https:\/\/agenciainfra.com\/blog\/?s={search_term_string}"},"query-input":{"@type":"PropertyValueSpecification","valueRequired":true,"valueName":"search_term_string"}}],"inLanguage":"pt-BR"},{"@type":"Organization","@id":"https:\/\/agenciainfra.com\/blog\/#organization","name":"Ag\u00eancia iNFRA","url":"https:\/\/agenciainfra.com\/blog\/","logo":{"@type":"ImageObject","inLanguage":"pt-BR","@id":"https:\/\/agenciainfra.com\/blog\/#\/schema\/logo\/image\/","url":"https:\/\/agenciainfra.com\/blog\/wp-content\/uploads\/2023\/09\/iNFRA_5-e1761735885940.png","contentUrl":"https:\/\/agenciainfra.com\/blog\/wp-content\/uploads\/2023\/09\/iNFRA_5-e1761735885940.png","width":1672,"height":454,"caption":"Ag\u00eancia iNFRA"},"image":{"@id":"https:\/\/agenciainfra.com\/blog\/#\/schema\/logo\/image\/"},"sameAs":["https:\/\/www.facebook.com\/ageninfra","https:\/\/x.com\/agencia_infra","https:\/\/www.linkedin.com\/company\/ag\u00eanciainfra\/","https:\/\/www.instagram.com\/agenciainfra\/"]},{"@type":"Person","@id":"https:\/\/agenciainfra.com\/blog\/#\/schema\/person\/34af08dff6adea4cb22b06612ba7acfa","name":"Ag\u00eancia iNFRA","image":{"@type":"ImageObject","inLanguage":"pt-BR","@id":"https:\/\/agenciainfra.com\/blog\/#\/schema\/person\/image\/","url":"https:\/\/secure.gravatar.com\/avatar\/d189e01678f06d8eb84d4e01f08eb848b3fffe3f8443818d3c356c66892f5be8?s=96&d=mm&r=g","contentUrl":"https:\/\/secure.gravatar.com\/avatar\/d189e01678f06d8eb84d4e01f08eb848b3fffe3f8443818d3c356c66892f5be8?s=96&d=mm&r=g","caption":"Ag\u00eancia iNFRA"},"url":"https:\/\/agenciainfra.com\/blog\/author\/admin\/"}]}},"_links":{"self":[{"href":"https:\/\/agenciainfra.com\/blog\/wp-json\/wp\/v2\/posts\/40377","targetHints":{"allow":["GET"]}}],"collection":[{"href":"https:\/\/agenciainfra.com\/blog\/wp-json\/wp\/v2\/posts"}],"about":[{"href":"https:\/\/agenciainfra.com\/blog\/wp-json\/wp\/v2\/types\/post"}],"author":[{"embeddable":true,"href":"https:\/\/agenciainfra.com\/blog\/wp-json\/wp\/v2\/users\/1"}],"replies":[{"embeddable":true,"href":"https:\/\/agenciainfra.com\/blog\/wp-json\/wp\/v2\/comments?post=40377"}],"version-history":[{"count":1,"href":"https:\/\/agenciainfra.com\/blog\/wp-json\/wp\/v2\/posts\/40377\/revisions"}],"predecessor-version":[{"id":40378,"href":"https:\/\/agenciainfra.com\/blog\/wp-json\/wp\/v2\/posts\/40377\/revisions\/40378"}],"wp:featuredmedia":[{"embeddable":true,"href":"https:\/\/agenciainfra.com\/blog\/wp-json\/wp\/v2\/media\/5614"}],"wp:attachment":[{"href":"https:\/\/agenciainfra.com\/blog\/wp-json\/wp\/v2\/media?parent=40377"}],"wp:term":[{"taxonomy":"category","embeddable":true,"href":"https:\/\/agenciainfra.com\/blog\/wp-json\/wp\/v2\/categories?post=40377"},{"taxonomy":"post_tag","embeddable":true,"href":"https:\/\/agenciainfra.com\/blog\/wp-json\/wp\/v2\/tags?post=40377"}],"curies":[{"name":"wp","href":"https:\/\/api.w.org\/{rel}","templated":true}]}}