{"id":40384,"date":"2026-04-30T10:15:15","date_gmt":"2026-04-30T13:15:15","guid":{"rendered":"https:\/\/agenciainfra.com\/blog\/?p=40384"},"modified":"2026-04-30T10:15:17","modified_gmt":"2026-04-30T13:15:17","slug":"stf-julgamento-sobre-secexconsenso-e-suspenso-apos-votos-divergentes","status":"publish","type":"post","link":"https:\/\/agenciainfra.com\/blog\/stf-julgamento-sobre-secexconsenso-e-suspenso-apos-votos-divergentes\/","title":{"rendered":"STF: Julgamento sobre SecexConsenso \u00e9 suspenso ap\u00f3s votos divergentes"},"content":{"rendered":"\n<p class=\"has-text-align-right\"><strong>da Ag\u00eancia iNFRA<\/strong><\/p>\n\n\n\n<p>O STF (Supremo Tribunal Federal) suspendeu, nesta quarta-feira (29), o julgamento sobre a cria\u00e7\u00e3o da SecexConsenso (Secretaria de Controle Externo de Solu\u00e7\u00e3o Consensual e Preven\u00e7\u00e3o de Conflitos) do TCU (Tribunal de Contas da Uni\u00e3o), ap\u00f3s dois votos divergentes e um pedido de vista do ministro Cristiano Zanin. At\u00e9 o momento, votaram o relator da a\u00e7\u00e3o, ministro Edson Fachin, cuja posi\u00e7\u00e3o \u00e9 para tornar a SecexConsenso restrita a processos de tomada de contas especial, e o ministro Fl\u00e1vio Dino, favor\u00e1vel a\u00a0manter a estrutura atual, com apenas um ajuste pontual de procedimento.\u00a0<br><br>A a\u00e7\u00e3o chegou ao STF a partir de uma a\u00e7\u00e3o do Partido Novo, que pediu a declara\u00e7\u00e3o de inconstitucionalidade da <a href=\"https:\/\/btcu.apps.tcu.gov.br\/api\/obterDocumentoPdf\/72670778\">IN (Instru\u00e7\u00e3o Normativa) 91\/2022<\/a>, que criou a SecexConsenso. Em seu voto, Fachin se posicionou para conferir interpreta\u00e7\u00e3o conforme a Constitui\u00e7\u00e3o Federal \u00e0 IN para definir que os mecanismos de solu\u00e7\u00e3o consensual nela previstos somente seriam constitucionais quando aplicados no \u00e2mbito de processos de tomada de contas especial, nos termos do artigo 14 da IN.\u00a0O artigo diz que o TCU, ao analisar processos de tomada de contas especial, poder\u00e1 considerar a conveni\u00eancia e a oportunidade de incentivar a ado\u00e7\u00e3o de meios de solu\u00e7\u00e3o consensual.<br><br>Para n\u00e3o invalidar os acordos que j\u00e1 foram homologados at\u00e9 agora a partir de negocia\u00e7\u00f5es feitas na secretaria, ele sugeriu que, se prevalecer sua posi\u00e7\u00e3o, o julgamento n\u00e3o tenha efeitos retroativos.\u00a0Para Fachin, ao instituir mecanismos de media\u00e7\u00e3o e homologa\u00e7\u00e3o de acordos no \u00e2mbito da SecexConsenso, a IN 91 projeta efeitos que ultrapassam a organiza\u00e7\u00e3o interna nos trabalhos do tribunal, introduzindo regime jur\u00eddico que, em sua avalia\u00e7\u00e3o, exigiria fundamento constitucional e legal expresso.<br><br>J\u00e1 Flavio Dino votou pela manuten\u00e7\u00e3o da SecexConsenso, propondo apenas ajuste na previs\u00e3o que atribui ao presidente do TCU, ap\u00f3s an\u00e1lise pr\u00e9via da secretaria, a decis\u00e3o sobre a conveni\u00eancia e a oportunidade de admitir pedidos de solu\u00e7\u00e3o consensual. Para ele, essa avalia\u00e7\u00e3o deveria ser descentralizada para os relatores. \u201cMe parece que devemos adotar, por simetria, o modelo do Supremo, ou seja, a submiss\u00e3o do feito ao procedimento de media\u00e7\u00e3o, de consenso, de concilia\u00e7\u00e3o, \u00e9 atribui\u00e7\u00e3o do relator, e n\u00e3o do presidente, porque considero que haveria uma apropria\u00e7\u00e3o de parcela da jurisdi\u00e7\u00e3o que compete ao relator\u201d, afirmou.<br><br>Em rela\u00e7\u00e3o \u00e0 cria\u00e7\u00e3o da SecexConsenso, Dino argumentou que o TCU, em sua vis\u00e3o, n\u00e3o excedeu suas compet\u00eancias, tendo a IN estabelecido ainda\u00a0\u201ctravas institucionais\u201d para a\u00a0atua\u00e7\u00e3o. \u201cQuando olhamos a instru\u00e7\u00e3o normativa, considero que h\u00e1 esse conjunto de cl\u00e1usulas suficientes para dar seguran\u00e7a jur\u00eddica\u201d, afirmou o ministro, lembrando\u00a0ainda que o mecanismo \u00e9 \u201cbastante similar\u201d ao que o STF adotou internamente em mat\u00e9ria de controle de constitucionalidade.\u00a0<br><br>\u201c\u00c9 um procedimento volunt\u00e1rio, h\u00e1 um ambiente plural, dial\u00f3gico, p\u00fablico, com acompanhamento do Minist\u00e9rio P\u00fablico junto \u00e0 corte de contas. E h\u00e1 homologa\u00e7\u00e3o pelo plen\u00e1rio do tribunal, n\u00e3o \u00e9 ato monocr\u00e1tico, e depois caberia o controle jurisdicional perante o Supremo\u201d, disse.\u00a0<br><br>A advogada Let\u00edcia Queiroz, s\u00f3cia do escrit\u00f3rio Queiroz Maluf Reis, que participou de algumas mesas de negocia\u00e7\u00e3o da SecexConsenso do TCU, explicou, em rela\u00e7\u00e3o ao ajuste proposto pelo ministro Fl\u00e1vio Dino que,\u00a0na distribui\u00e7\u00e3o de casos de solu\u00e7\u00e3o consensual no TCU, a designa\u00e7\u00e3o do relator ocorre apenas ap\u00f3s a celebra\u00e7\u00e3o do termo de Autocomposi\u00e7\u00e3o na SecexConsenso, ou seja, no momento da admiss\u00e3o do caso, ainda n\u00e3o h\u00e1 relator designado.<br><br>O julgamento da a\u00e7\u00e3o apresentada pelo Novo foi iniciado em fevereiro, quando foram feitas as sustenta\u00e7\u00f5es orais. Na ocasi\u00e3o, a advogada da Uni\u00e3o Isadora Maria Bel\u00e9m Rocha Cartaxo de Arruda, que representou o TCU, argumentou que a IN 91 estaria plenamente inserida e adequada ao arcabou\u00e7o legal e constitucional, incentivando a consensualidade no \u00e2mbito da administra\u00e7\u00e3o p\u00fablica. Ela defendeu que a norma n\u00e3o cria compet\u00eancias novas para o TCU, n\u00e3o imp\u00f5e controle pr\u00e9vio vinculante e n\u00e3o interfere na formula\u00e7\u00e3o de pol\u00edticas p\u00fablicas.\u00a0<br><br>Em pouco mais de tr\u00eas anos de funcionamento, a SecexConsenso recebeu mais de 40\u00a0solicita\u00e7\u00f5es, com mais de 20 acordos homologados no plen\u00e1rio, num conjunto de ativos analisados\u00a0nos processos que supera R$ 300 bilh\u00f5es. A predomin\u00e2ncia dos acordos \u00e9 na \u00e1rea de infraestrutura, onde j\u00e1 foram renegociados contratos relevantes nos setores\u00a0de rodovias, ferrovias, aeroportos, telecomunica\u00e7\u00f5es e de energia, por exemplo.<\/p>\n","protected":false},"excerpt":{"rendered":"<p>da Ag\u00eancia iNFRA O STF (Supremo Tribunal Federal) suspendeu, nesta quarta-feira (29), o julgamento sobre a cria\u00e7\u00e3o da SecexConsenso (Secretaria de Controle Externo de Solu\u00e7\u00e3o Consensual e Preven\u00e7\u00e3o de Conflitos) do TCU (Tribunal de Contas da Uni\u00e3o), ap\u00f3s dois votos divergentes e um pedido de vista do ministro Cristiano Zanin. At\u00e9 o momento, votaram o [&hellip;]<\/p>\n","protected":false},"author":1,"featured_media":40385,"comment_status":"closed","ping_status":"closed","sticky":false,"template":"","format":"standard","meta":{"_monsterinsights_skip_tracking":false,"_monsterinsights_sitenote_active":false,"_monsterinsights_sitenote_note":"","_monsterinsights_sitenote_category":0,"footnotes":""},"categories":[7249],"tags":[7401,17797,2409,1261,7218,6379,372,18],"class_list":["post-40384","post","type-post","status-publish","format-standard","has-post-thumbnail","hentry","category-destaque","tag-cristiano-zanin","tag-edson-fachin","tag-flavio-dino","tag-mediacao","tag-secexconsenso","tag-solucao-consensual","tag-stf","tag-tcu"],"yoast_head":"<!-- This site is optimized with the Yoast SEO Premium plugin v25.4 (Yoast SEO v26.0) - https:\/\/yoast.com\/wordpress\/plugins\/seo\/ -->\n<title>STF: Julgamento sobre SecexConsenso \u00e9 suspenso ap\u00f3s votos divergentes - Ag\u00eancia iNFRA<\/title>\n<meta name=\"robots\" content=\"index, follow, max-snippet:-1, max-image-preview:large, max-video-preview:-1\" \/>\n<link rel=\"canonical\" href=\"https:\/\/agenciainfra.com\/blog\/stf-julgamento-sobre-secexconsenso-e-suspenso-apos-votos-divergentes\/\" \/>\n<meta property=\"og:locale\" content=\"pt_BR\" \/>\n<meta property=\"og:type\" content=\"article\" \/>\n<meta property=\"og:title\" content=\"STF: Julgamento sobre SecexConsenso \u00e9 suspenso ap\u00f3s votos divergentes\" \/>\n<meta property=\"og:description\" content=\"da Ag\u00eancia iNFRA O STF (Supremo Tribunal Federal) suspendeu, nesta quarta-feira (29), o julgamento sobre a cria\u00e7\u00e3o da SecexConsenso (Secretaria de Controle Externo de Solu\u00e7\u00e3o Consensual e Preven\u00e7\u00e3o de Conflitos) do TCU (Tribunal de Contas da Uni\u00e3o), ap\u00f3s dois votos divergentes e um pedido de vista do ministro Cristiano Zanin. At\u00e9 o momento, votaram o [&hellip;]\" \/>\n<meta property=\"og:url\" content=\"https:\/\/agenciainfra.com\/blog\/stf-julgamento-sobre-secexconsenso-e-suspenso-apos-votos-divergentes\/\" \/>\n<meta property=\"og:site_name\" content=\"Ag\u00eancia iNFRA\" \/>\n<meta property=\"article:publisher\" content=\"https:\/\/www.facebook.com\/ageninfra\" \/>\n<meta property=\"article:published_time\" content=\"2026-04-30T13:15:15+00:00\" \/>\n<meta property=\"article:modified_time\" content=\"2026-04-30T13:15:17+00:00\" \/>\n<meta property=\"og:image\" content=\"https:\/\/agenciainfra.com\/blog\/wp-content\/uploads\/2026\/04\/plenario-stf-foto-antonio_augusto_stf-1.jpg\" \/>\n\t<meta property=\"og:image:width\" content=\"1280\" \/>\n\t<meta property=\"og:image:height\" content=\"854\" \/>\n\t<meta property=\"og:image:type\" content=\"image\/jpeg\" \/>\n<meta name=\"author\" content=\"Ag\u00eancia iNFRA\" \/>\n<meta name=\"twitter:card\" content=\"summary_large_image\" \/>\n<meta name=\"twitter:creator\" content=\"@agencia_infra\" \/>\n<meta name=\"twitter:site\" content=\"@agencia_infra\" \/>\n<meta name=\"twitter:label1\" content=\"Escrito por\" \/>\n\t<meta name=\"twitter:data1\" content=\"Ag\u00eancia iNFRA\" \/>\n\t<meta name=\"twitter:label2\" content=\"Est. tempo de leitura\" \/>\n\t<meta name=\"twitter:data2\" content=\"4 minutos\" \/>\n<script type=\"application\/ld+json\" class=\"yoast-schema-graph\">{\"@context\":\"https:\/\/schema.org\",\"@graph\":[{\"@type\":\"Article\",\"@id\":\"https:\/\/agenciainfra.com\/blog\/stf-julgamento-sobre-secexconsenso-e-suspenso-apos-votos-divergentes\/#article\",\"isPartOf\":{\"@id\":\"https:\/\/agenciainfra.com\/blog\/stf-julgamento-sobre-secexconsenso-e-suspenso-apos-votos-divergentes\/\"},\"author\":{\"name\":\"Ag\u00eancia iNFRA\",\"@id\":\"https:\/\/agenciainfra.com\/blog\/#\/schema\/person\/34af08dff6adea4cb22b06612ba7acfa\"},\"headline\":\"STF: Julgamento sobre SecexConsenso \u00e9 suspenso ap\u00f3s votos divergentes\",\"datePublished\":\"2026-04-30T13:15:15+00:00\",\"dateModified\":\"2026-04-30T13:15:17+00:00\",\"mainEntityOfPage\":{\"@id\":\"https:\/\/agenciainfra.com\/blog\/stf-julgamento-sobre-secexconsenso-e-suspenso-apos-votos-divergentes\/\"},\"wordCount\":783,\"publisher\":{\"@id\":\"https:\/\/agenciainfra.com\/blog\/#organization\"},\"image\":{\"@id\":\"https:\/\/agenciainfra.com\/blog\/stf-julgamento-sobre-secexconsenso-e-suspenso-apos-votos-divergentes\/#primaryimage\"},\"thumbnailUrl\":\"https:\/\/agenciainfra.com\/blog\/wp-content\/uploads\/2026\/04\/plenario-stf-foto-antonio_augusto_stf-1.jpg\",\"keywords\":[\"Cristiano Zanin\",\"Edson Fachin\",\"Fl\u00e1vio Dino\",\"media\u00e7\u00e3o\",\"SecexConsenso\",\"solu\u00e7\u00e3o consensual\",\"STF\",\"TCU\"],\"articleSection\":[\"Destaque\"],\"inLanguage\":\"pt-BR\",\"copyrightYear\":\"2026\",\"copyrightHolder\":{\"@id\":\"https:\/\/agenciainfra.com\/blog\/#organization\"}},{\"@type\":\"WebPage\",\"@id\":\"https:\/\/agenciainfra.com\/blog\/stf-julgamento-sobre-secexconsenso-e-suspenso-apos-votos-divergentes\/\",\"url\":\"https:\/\/agenciainfra.com\/blog\/stf-julgamento-sobre-secexconsenso-e-suspenso-apos-votos-divergentes\/\",\"name\":\"STF: Julgamento sobre SecexConsenso \u00e9 suspenso ap\u00f3s votos divergentes - Ag\u00eancia iNFRA\",\"isPartOf\":{\"@id\":\"https:\/\/agenciainfra.com\/blog\/#website\"},\"primaryImageOfPage\":{\"@id\":\"https:\/\/agenciainfra.com\/blog\/stf-julgamento-sobre-secexconsenso-e-suspenso-apos-votos-divergentes\/#primaryimage\"},\"image\":{\"@id\":\"https:\/\/agenciainfra.com\/blog\/stf-julgamento-sobre-secexconsenso-e-suspenso-apos-votos-divergentes\/#primaryimage\"},\"thumbnailUrl\":\"https:\/\/agenciainfra.com\/blog\/wp-content\/uploads\/2026\/04\/plenario-stf-foto-antonio_augusto_stf-1.jpg\",\"datePublished\":\"2026-04-30T13:15:15+00:00\",\"dateModified\":\"2026-04-30T13:15:17+00:00\",\"breadcrumb\":{\"@id\":\"https:\/\/agenciainfra.com\/blog\/stf-julgamento-sobre-secexconsenso-e-suspenso-apos-votos-divergentes\/#breadcrumb\"},\"inLanguage\":\"pt-BR\",\"potentialAction\":[{\"@type\":\"ReadAction\",\"target\":[\"https:\/\/agenciainfra.com\/blog\/stf-julgamento-sobre-secexconsenso-e-suspenso-apos-votos-divergentes\/\"]}]},{\"@type\":\"ImageObject\",\"inLanguage\":\"pt-BR\",\"@id\":\"https:\/\/agenciainfra.com\/blog\/stf-julgamento-sobre-secexconsenso-e-suspenso-apos-votos-divergentes\/#primaryimage\",\"url\":\"https:\/\/agenciainfra.com\/blog\/wp-content\/uploads\/2026\/04\/plenario-stf-foto-antonio_augusto_stf-1.jpg\",\"contentUrl\":\"https:\/\/agenciainfra.com\/blog\/wp-content\/uploads\/2026\/04\/plenario-stf-foto-antonio_augusto_stf-1.jpg\",\"width\":1280,\"height\":854,\"caption\":\"Foto: Antonio Augusto\/STF\"},{\"@type\":\"BreadcrumbList\",\"@id\":\"https:\/\/agenciainfra.com\/blog\/stf-julgamento-sobre-secexconsenso-e-suspenso-apos-votos-divergentes\/#breadcrumb\",\"itemListElement\":[{\"@type\":\"ListItem\",\"position\":1,\"name\":\"In\u00edcio\",\"item\":\"https:\/\/agenciainfra.com\/blog\/\"},{\"@type\":\"ListItem\",\"position\":2,\"name\":\"STF: Julgamento sobre SecexConsenso \u00e9 suspenso ap\u00f3s votos divergentes\"}]},{\"@type\":\"WebSite\",\"@id\":\"https:\/\/agenciainfra.com\/blog\/#website\",\"url\":\"https:\/\/agenciainfra.com\/blog\/\",\"name\":\"Ag\u00eancia iNFRA\",\"description\":\"Multiplataforma de informa\u00e7\u00e3o jornal\u00edstica refer\u00eancia na \u00e1rea de infraestrutura no Brasil!\",\"publisher\":{\"@id\":\"https:\/\/agenciainfra.com\/blog\/#organization\"},\"potentialAction\":[{\"@type\":\"SearchAction\",\"target\":{\"@type\":\"EntryPoint\",\"urlTemplate\":\"https:\/\/agenciainfra.com\/blog\/?s={search_term_string}\"},\"query-input\":{\"@type\":\"PropertyValueSpecification\",\"valueRequired\":true,\"valueName\":\"search_term_string\"}}],\"inLanguage\":\"pt-BR\"},{\"@type\":\"Organization\",\"@id\":\"https:\/\/agenciainfra.com\/blog\/#organization\",\"name\":\"Ag\u00eancia iNFRA\",\"url\":\"https:\/\/agenciainfra.com\/blog\/\",\"logo\":{\"@type\":\"ImageObject\",\"inLanguage\":\"pt-BR\",\"@id\":\"https:\/\/agenciainfra.com\/blog\/#\/schema\/logo\/image\/\",\"url\":\"https:\/\/agenciainfra.com\/blog\/wp-content\/uploads\/2023\/09\/iNFRA_5-e1761735885940.png\",\"contentUrl\":\"https:\/\/agenciainfra.com\/blog\/wp-content\/uploads\/2023\/09\/iNFRA_5-e1761735885940.png\",\"width\":1672,\"height\":454,\"caption\":\"Ag\u00eancia iNFRA\"},\"image\":{\"@id\":\"https:\/\/agenciainfra.com\/blog\/#\/schema\/logo\/image\/\"},\"sameAs\":[\"https:\/\/www.facebook.com\/ageninfra\",\"https:\/\/x.com\/agencia_infra\",\"https:\/\/www.linkedin.com\/company\/ag\u00eanciainfra\/\",\"https:\/\/www.instagram.com\/agenciainfra\/\"]},{\"@type\":\"Person\",\"@id\":\"https:\/\/agenciainfra.com\/blog\/#\/schema\/person\/34af08dff6adea4cb22b06612ba7acfa\",\"name\":\"Ag\u00eancia iNFRA\",\"image\":{\"@type\":\"ImageObject\",\"inLanguage\":\"pt-BR\",\"@id\":\"https:\/\/agenciainfra.com\/blog\/#\/schema\/person\/image\/\",\"url\":\"https:\/\/secure.gravatar.com\/avatar\/d189e01678f06d8eb84d4e01f08eb848b3fffe3f8443818d3c356c66892f5be8?s=96&d=mm&r=g\",\"contentUrl\":\"https:\/\/secure.gravatar.com\/avatar\/d189e01678f06d8eb84d4e01f08eb848b3fffe3f8443818d3c356c66892f5be8?s=96&d=mm&r=g\",\"caption\":\"Ag\u00eancia iNFRA\"},\"url\":\"https:\/\/agenciainfra.com\/blog\/author\/admin\/\"}]}<\/script>\n<!-- \/ Yoast SEO Premium plugin. -->","yoast_head_json":{"title":"STF: Julgamento sobre SecexConsenso \u00e9 suspenso ap\u00f3s votos divergentes - Ag\u00eancia iNFRA","robots":{"index":"index","follow":"follow","max-snippet":"max-snippet:-1","max-image-preview":"max-image-preview:large","max-video-preview":"max-video-preview:-1"},"canonical":"https:\/\/agenciainfra.com\/blog\/stf-julgamento-sobre-secexconsenso-e-suspenso-apos-votos-divergentes\/","og_locale":"pt_BR","og_type":"article","og_title":"STF: Julgamento sobre SecexConsenso \u00e9 suspenso ap\u00f3s votos divergentes","og_description":"da Ag\u00eancia iNFRA O STF (Supremo Tribunal Federal) suspendeu, nesta quarta-feira (29), o julgamento sobre a cria\u00e7\u00e3o da SecexConsenso (Secretaria de Controle Externo de Solu\u00e7\u00e3o Consensual e Preven\u00e7\u00e3o de Conflitos) do TCU (Tribunal de Contas da Uni\u00e3o), ap\u00f3s dois votos divergentes e um pedido de vista do ministro Cristiano Zanin. At\u00e9 o momento, votaram o [&hellip;]","og_url":"https:\/\/agenciainfra.com\/blog\/stf-julgamento-sobre-secexconsenso-e-suspenso-apos-votos-divergentes\/","og_site_name":"Ag\u00eancia iNFRA","article_publisher":"https:\/\/www.facebook.com\/ageninfra","article_published_time":"2026-04-30T13:15:15+00:00","article_modified_time":"2026-04-30T13:15:17+00:00","og_image":[{"width":1280,"height":854,"url":"https:\/\/agenciainfra.com\/blog\/wp-content\/uploads\/2026\/04\/plenario-stf-foto-antonio_augusto_stf-1.jpg","type":"image\/jpeg"}],"author":"Ag\u00eancia iNFRA","twitter_card":"summary_large_image","twitter_creator":"@agencia_infra","twitter_site":"@agencia_infra","twitter_misc":{"Escrito por":"Ag\u00eancia iNFRA","Est. tempo de leitura":"4 minutos"},"schema":{"@context":"https:\/\/schema.org","@graph":[{"@type":"Article","@id":"https:\/\/agenciainfra.com\/blog\/stf-julgamento-sobre-secexconsenso-e-suspenso-apos-votos-divergentes\/#article","isPartOf":{"@id":"https:\/\/agenciainfra.com\/blog\/stf-julgamento-sobre-secexconsenso-e-suspenso-apos-votos-divergentes\/"},"author":{"name":"Ag\u00eancia iNFRA","@id":"https:\/\/agenciainfra.com\/blog\/#\/schema\/person\/34af08dff6adea4cb22b06612ba7acfa"},"headline":"STF: Julgamento sobre SecexConsenso \u00e9 suspenso ap\u00f3s votos divergentes","datePublished":"2026-04-30T13:15:15+00:00","dateModified":"2026-04-30T13:15:17+00:00","mainEntityOfPage":{"@id":"https:\/\/agenciainfra.com\/blog\/stf-julgamento-sobre-secexconsenso-e-suspenso-apos-votos-divergentes\/"},"wordCount":783,"publisher":{"@id":"https:\/\/agenciainfra.com\/blog\/#organization"},"image":{"@id":"https:\/\/agenciainfra.com\/blog\/stf-julgamento-sobre-secexconsenso-e-suspenso-apos-votos-divergentes\/#primaryimage"},"thumbnailUrl":"https:\/\/agenciainfra.com\/blog\/wp-content\/uploads\/2026\/04\/plenario-stf-foto-antonio_augusto_stf-1.jpg","keywords":["Cristiano Zanin","Edson Fachin","Fl\u00e1vio Dino","media\u00e7\u00e3o","SecexConsenso","solu\u00e7\u00e3o consensual","STF","TCU"],"articleSection":["Destaque"],"inLanguage":"pt-BR","copyrightYear":"2026","copyrightHolder":{"@id":"https:\/\/agenciainfra.com\/blog\/#organization"}},{"@type":"WebPage","@id":"https:\/\/agenciainfra.com\/blog\/stf-julgamento-sobre-secexconsenso-e-suspenso-apos-votos-divergentes\/","url":"https:\/\/agenciainfra.com\/blog\/stf-julgamento-sobre-secexconsenso-e-suspenso-apos-votos-divergentes\/","name":"STF: Julgamento sobre SecexConsenso \u00e9 suspenso ap\u00f3s votos divergentes - Ag\u00eancia iNFRA","isPartOf":{"@id":"https:\/\/agenciainfra.com\/blog\/#website"},"primaryImageOfPage":{"@id":"https:\/\/agenciainfra.com\/blog\/stf-julgamento-sobre-secexconsenso-e-suspenso-apos-votos-divergentes\/#primaryimage"},"image":{"@id":"https:\/\/agenciainfra.com\/blog\/stf-julgamento-sobre-secexconsenso-e-suspenso-apos-votos-divergentes\/#primaryimage"},"thumbnailUrl":"https:\/\/agenciainfra.com\/blog\/wp-content\/uploads\/2026\/04\/plenario-stf-foto-antonio_augusto_stf-1.jpg","datePublished":"2026-04-30T13:15:15+00:00","dateModified":"2026-04-30T13:15:17+00:00","breadcrumb":{"@id":"https:\/\/agenciainfra.com\/blog\/stf-julgamento-sobre-secexconsenso-e-suspenso-apos-votos-divergentes\/#breadcrumb"},"inLanguage":"pt-BR","potentialAction":[{"@type":"ReadAction","target":["https:\/\/agenciainfra.com\/blog\/stf-julgamento-sobre-secexconsenso-e-suspenso-apos-votos-divergentes\/"]}]},{"@type":"ImageObject","inLanguage":"pt-BR","@id":"https:\/\/agenciainfra.com\/blog\/stf-julgamento-sobre-secexconsenso-e-suspenso-apos-votos-divergentes\/#primaryimage","url":"https:\/\/agenciainfra.com\/blog\/wp-content\/uploads\/2026\/04\/plenario-stf-foto-antonio_augusto_stf-1.jpg","contentUrl":"https:\/\/agenciainfra.com\/blog\/wp-content\/uploads\/2026\/04\/plenario-stf-foto-antonio_augusto_stf-1.jpg","width":1280,"height":854,"caption":"Foto: Antonio Augusto\/STF"},{"@type":"BreadcrumbList","@id":"https:\/\/agenciainfra.com\/blog\/stf-julgamento-sobre-secexconsenso-e-suspenso-apos-votos-divergentes\/#breadcrumb","itemListElement":[{"@type":"ListItem","position":1,"name":"In\u00edcio","item":"https:\/\/agenciainfra.com\/blog\/"},{"@type":"ListItem","position":2,"name":"STF: Julgamento sobre SecexConsenso \u00e9 suspenso ap\u00f3s votos divergentes"}]},{"@type":"WebSite","@id":"https:\/\/agenciainfra.com\/blog\/#website","url":"https:\/\/agenciainfra.com\/blog\/","name":"Ag\u00eancia iNFRA","description":"Multiplataforma de informa\u00e7\u00e3o jornal\u00edstica refer\u00eancia na \u00e1rea de infraestrutura no Brasil!","publisher":{"@id":"https:\/\/agenciainfra.com\/blog\/#organization"},"potentialAction":[{"@type":"SearchAction","target":{"@type":"EntryPoint","urlTemplate":"https:\/\/agenciainfra.com\/blog\/?s={search_term_string}"},"query-input":{"@type":"PropertyValueSpecification","valueRequired":true,"valueName":"search_term_string"}}],"inLanguage":"pt-BR"},{"@type":"Organization","@id":"https:\/\/agenciainfra.com\/blog\/#organization","name":"Ag\u00eancia iNFRA","url":"https:\/\/agenciainfra.com\/blog\/","logo":{"@type":"ImageObject","inLanguage":"pt-BR","@id":"https:\/\/agenciainfra.com\/blog\/#\/schema\/logo\/image\/","url":"https:\/\/agenciainfra.com\/blog\/wp-content\/uploads\/2023\/09\/iNFRA_5-e1761735885940.png","contentUrl":"https:\/\/agenciainfra.com\/blog\/wp-content\/uploads\/2023\/09\/iNFRA_5-e1761735885940.png","width":1672,"height":454,"caption":"Ag\u00eancia iNFRA"},"image":{"@id":"https:\/\/agenciainfra.com\/blog\/#\/schema\/logo\/image\/"},"sameAs":["https:\/\/www.facebook.com\/ageninfra","https:\/\/x.com\/agencia_infra","https:\/\/www.linkedin.com\/company\/ag\u00eanciainfra\/","https:\/\/www.instagram.com\/agenciainfra\/"]},{"@type":"Person","@id":"https:\/\/agenciainfra.com\/blog\/#\/schema\/person\/34af08dff6adea4cb22b06612ba7acfa","name":"Ag\u00eancia iNFRA","image":{"@type":"ImageObject","inLanguage":"pt-BR","@id":"https:\/\/agenciainfra.com\/blog\/#\/schema\/person\/image\/","url":"https:\/\/secure.gravatar.com\/avatar\/d189e01678f06d8eb84d4e01f08eb848b3fffe3f8443818d3c356c66892f5be8?s=96&d=mm&r=g","contentUrl":"https:\/\/secure.gravatar.com\/avatar\/d189e01678f06d8eb84d4e01f08eb848b3fffe3f8443818d3c356c66892f5be8?s=96&d=mm&r=g","caption":"Ag\u00eancia iNFRA"},"url":"https:\/\/agenciainfra.com\/blog\/author\/admin\/"}]}},"_links":{"self":[{"href":"https:\/\/agenciainfra.com\/blog\/wp-json\/wp\/v2\/posts\/40384","targetHints":{"allow":["GET"]}}],"collection":[{"href":"https:\/\/agenciainfra.com\/blog\/wp-json\/wp\/v2\/posts"}],"about":[{"href":"https:\/\/agenciainfra.com\/blog\/wp-json\/wp\/v2\/types\/post"}],"author":[{"embeddable":true,"href":"https:\/\/agenciainfra.com\/blog\/wp-json\/wp\/v2\/users\/1"}],"replies":[{"embeddable":true,"href":"https:\/\/agenciainfra.com\/blog\/wp-json\/wp\/v2\/comments?post=40384"}],"version-history":[{"count":1,"href":"https:\/\/agenciainfra.com\/blog\/wp-json\/wp\/v2\/posts\/40384\/revisions"}],"predecessor-version":[{"id":40386,"href":"https:\/\/agenciainfra.com\/blog\/wp-json\/wp\/v2\/posts\/40384\/revisions\/40386"}],"wp:featuredmedia":[{"embeddable":true,"href":"https:\/\/agenciainfra.com\/blog\/wp-json\/wp\/v2\/media\/40385"}],"wp:attachment":[{"href":"https:\/\/agenciainfra.com\/blog\/wp-json\/wp\/v2\/media?parent=40384"}],"wp:term":[{"taxonomy":"category","embeddable":true,"href":"https:\/\/agenciainfra.com\/blog\/wp-json\/wp\/v2\/categories?post=40384"},{"taxonomy":"post_tag","embeddable":true,"href":"https:\/\/agenciainfra.com\/blog\/wp-json\/wp\/v2\/tags?post=40384"}],"curies":[{"name":"wp","href":"https:\/\/api.w.org\/{rel}","templated":true}]}}