{"id":40397,"date":"2026-04-30T12:25:54","date_gmt":"2026-04-30T15:25:54","guid":{"rendered":"https:\/\/agenciainfra.com\/blog\/?p=40397"},"modified":"2026-04-30T12:25:55","modified_gmt":"2026-04-30T15:25:55","slug":"area-tecnica-do-tcu-diz-nao-haver-impedimento-para-renovacao-da-enel-rj","status":"publish","type":"post","link":"https:\/\/agenciainfra.com\/blog\/area-tecnica-do-tcu-diz-nao-haver-impedimento-para-renovacao-da-enel-rj\/","title":{"rendered":"\u00c1rea t\u00e9cnica do TCU diz n\u00e3o haver impedimento para renova\u00e7\u00e3o da Enel RJ"},"content":{"rendered":"\n<p class=\"has-text-align-right\"><strong>Geraldo Campos Jr., da Ag\u00eancia iNFRA<\/strong><\/p>\n\n\n\n<p>A \u00e1rea t\u00e9cnica de energia do TCU (Tribunal de Contas da Uni\u00e3o) emitiu <a href=\"https:\/\/agenciainfra.com\/blog\/wp-content\/uploads\/2026\/04\/Instrucao-TCU-Enel-RJ-1.pdf\">instru\u00e7\u00e3o<\/a> nesta quarta-feira (29) em que concluiu que o processo de renova\u00e7\u00e3o da concess\u00e3o da Enel Rio de Janeiro atendeu aos requisitos legais. A an\u00e1lise refor\u00e7ou que houve \u201cdefici\u00eancia grave\u201d da ANEEL (Ag\u00eancia Nacional de Energia El\u00e9trica) pela n\u00e3o conclus\u00e3o de fiscaliza\u00e7\u00e3o sobre indicadores de continuidade fornecidos pela distribuidora e que s\u00e3o analisados no processo de prorroga\u00e7\u00e3o. Apesar disso, os t\u00e9cnicos do tribunal afirmaram n\u00e3o ver impedimento \u00e0 assinatura do novo contrato.<\/p>\n\n\n\n<p>\u201cA inconformidade processual descrita n\u00e3o constitui \u00f3bice \u00e0 renova\u00e7\u00e3o contratual, sobretudo diante da aus\u00eancia de conclus\u00e3o t\u00e9cnica inequ\u00edvoca que a inviabilize e da inexist\u00eancia de elementos suficientes que comprovem o descumprimento, pela Enel-RJ, dos requisitos relativos ao crit\u00e9rio de efici\u00eancia da continuidade\u201d, diz o parecer da AudEl\u00e9trica (Unidade de Auditoria Especializada em Energia El\u00e9trica e Nuclear).<\/p>\n\n\n\n<p>A instru\u00e7\u00e3o analisou, al\u00e9m da concess\u00e3o da Enel Rio, o processo envolvendo a renova\u00e7\u00e3o da Equatorial Par\u00e1, tamb\u00e9m concluindo que n\u00e3o h\u00e1 impedimento para a assinatura do contrato da concession\u00e1ria.<\/p>\n","protected":false},"excerpt":{"rendered":"<p>Geraldo Campos Jr., da Ag\u00eancia iNFRA A \u00e1rea t\u00e9cnica de energia do TCU (Tribunal de Contas da Uni\u00e3o) emitiu instru\u00e7\u00e3o nesta quarta-feira (29) em que concluiu que o processo de renova\u00e7\u00e3o da concess\u00e3o da Enel Rio de Janeiro atendeu aos requisitos legais. A an\u00e1lise refor\u00e7ou que houve \u201cdefici\u00eancia grave\u201d da ANEEL (Ag\u00eancia Nacional de Energia [&hellip;]<\/p>\n","protected":false},"author":1,"featured_media":37152,"comment_status":"closed","ping_status":"closed","sticky":false,"template":"","format":"standard","meta":{"_monsterinsights_skip_tracking":false,"_monsterinsights_sitenote_active":false,"_monsterinsights_sitenote_note":"","_monsterinsights_sitenote_category":0,"footnotes":""},"categories":[7250],"tags":[53,7705,7090,11594,11535,18],"class_list":["post-40397","post","type-post","status-publish","format-standard","has-post-thumbnail","hentry","category-destaque-lista","tag-aneel","tag-audeletrica","tag-enel-rio","tag-geraldo-campos-jr","tag-renovacao-de-concessao","tag-tcu"],"yoast_head":"<!-- This site is optimized with the Yoast SEO Premium plugin v25.4 (Yoast SEO v26.0) - https:\/\/yoast.com\/wordpress\/plugins\/seo\/ -->\n<title>\u00c1rea t\u00e9cnica do TCU diz n\u00e3o haver impedimento para renova\u00e7\u00e3o da Enel RJ - Ag\u00eancia iNFRA<\/title>\n<meta name=\"robots\" content=\"index, follow, max-snippet:-1, max-image-preview:large, max-video-preview:-1\" \/>\n<link rel=\"canonical\" href=\"https:\/\/agenciainfra.com\/blog\/area-tecnica-do-tcu-diz-nao-haver-impedimento-para-renovacao-da-enel-rj\/\" \/>\n<meta property=\"og:locale\" content=\"pt_BR\" \/>\n<meta property=\"og:type\" content=\"article\" \/>\n<meta property=\"og:title\" content=\"\u00c1rea t\u00e9cnica do TCU diz n\u00e3o haver impedimento para renova\u00e7\u00e3o da Enel RJ\" \/>\n<meta property=\"og:description\" content=\"Geraldo Campos Jr., da Ag\u00eancia iNFRA A \u00e1rea t\u00e9cnica de energia do TCU (Tribunal de Contas da Uni\u00e3o) emitiu instru\u00e7\u00e3o nesta quarta-feira (29) em que concluiu que o processo de renova\u00e7\u00e3o da concess\u00e3o da Enel Rio de Janeiro atendeu aos requisitos legais. A an\u00e1lise refor\u00e7ou que houve \u201cdefici\u00eancia grave\u201d da ANEEL (Ag\u00eancia Nacional de Energia [&hellip;]\" \/>\n<meta property=\"og:url\" content=\"https:\/\/agenciainfra.com\/blog\/area-tecnica-do-tcu-diz-nao-haver-impedimento-para-renovacao-da-enel-rj\/\" \/>\n<meta property=\"og:site_name\" content=\"Ag\u00eancia iNFRA\" \/>\n<meta property=\"article:publisher\" content=\"https:\/\/www.facebook.com\/ageninfra\" \/>\n<meta property=\"article:published_time\" content=\"2026-04-30T15:25:54+00:00\" \/>\n<meta property=\"article:modified_time\" content=\"2026-04-30T15:25:55+00:00\" \/>\n<meta property=\"og:image\" content=\"https:\/\/agenciainfra.com\/blog\/wp-content\/uploads\/2026\/02\/enel-rio-foto-enel-brasil-1-1-scaled-e1772206769759.jpg\" \/>\n\t<meta property=\"og:image:width\" content=\"1280\" \/>\n\t<meta property=\"og:image:height\" content=\"692\" \/>\n\t<meta property=\"og:image:type\" content=\"image\/jpeg\" \/>\n<meta name=\"author\" content=\"Ag\u00eancia iNFRA\" \/>\n<meta name=\"twitter:card\" content=\"summary_large_image\" \/>\n<meta name=\"twitter:creator\" content=\"@agencia_infra\" \/>\n<meta name=\"twitter:site\" content=\"@agencia_infra\" \/>\n<meta name=\"twitter:label1\" content=\"Escrito por\" \/>\n\t<meta name=\"twitter:data1\" content=\"Ag\u00eancia iNFRA\" \/>\n\t<meta name=\"twitter:label2\" content=\"Est. tempo de leitura\" \/>\n\t<meta name=\"twitter:data2\" content=\"1 minuto\" \/>\n<script type=\"application\/ld+json\" class=\"yoast-schema-graph\">{\"@context\":\"https:\/\/schema.org\",\"@graph\":[{\"@type\":\"Article\",\"@id\":\"https:\/\/agenciainfra.com\/blog\/area-tecnica-do-tcu-diz-nao-haver-impedimento-para-renovacao-da-enel-rj\/#article\",\"isPartOf\":{\"@id\":\"https:\/\/agenciainfra.com\/blog\/area-tecnica-do-tcu-diz-nao-haver-impedimento-para-renovacao-da-enel-rj\/\"},\"author\":{\"name\":\"Ag\u00eancia iNFRA\",\"@id\":\"https:\/\/agenciainfra.com\/blog\/#\/schema\/person\/34af08dff6adea4cb22b06612ba7acfa\"},\"headline\":\"\u00c1rea t\u00e9cnica do TCU diz n\u00e3o haver impedimento para renova\u00e7\u00e3o da Enel RJ\",\"datePublished\":\"2026-04-30T15:25:54+00:00\",\"dateModified\":\"2026-04-30T15:25:55+00:00\",\"mainEntityOfPage\":{\"@id\":\"https:\/\/agenciainfra.com\/blog\/area-tecnica-do-tcu-diz-nao-haver-impedimento-para-renovacao-da-enel-rj\/\"},\"wordCount\":226,\"publisher\":{\"@id\":\"https:\/\/agenciainfra.com\/blog\/#organization\"},\"image\":{\"@id\":\"https:\/\/agenciainfra.com\/blog\/area-tecnica-do-tcu-diz-nao-haver-impedimento-para-renovacao-da-enel-rj\/#primaryimage\"},\"thumbnailUrl\":\"https:\/\/agenciainfra.com\/blog\/wp-content\/uploads\/2026\/02\/enel-rio-foto-enel-brasil-1-1-scaled-e1772206769759.jpg\",\"keywords\":[\"ANEEL\",\"AudEl\u00e9trica\",\"Enel Rio\",\"Geraldo Campos Jr.\",\"Renova\u00e7\u00e3o de concess\u00e3o\",\"TCU\"],\"articleSection\":[\"Destaque lista\"],\"inLanguage\":\"pt-BR\",\"copyrightYear\":\"2026\",\"copyrightHolder\":{\"@id\":\"https:\/\/agenciainfra.com\/blog\/#organization\"}},{\"@type\":\"WebPage\",\"@id\":\"https:\/\/agenciainfra.com\/blog\/area-tecnica-do-tcu-diz-nao-haver-impedimento-para-renovacao-da-enel-rj\/\",\"url\":\"https:\/\/agenciainfra.com\/blog\/area-tecnica-do-tcu-diz-nao-haver-impedimento-para-renovacao-da-enel-rj\/\",\"name\":\"\u00c1rea t\u00e9cnica do TCU diz n\u00e3o haver impedimento para renova\u00e7\u00e3o da Enel RJ - Ag\u00eancia iNFRA\",\"isPartOf\":{\"@id\":\"https:\/\/agenciainfra.com\/blog\/#website\"},\"primaryImageOfPage\":{\"@id\":\"https:\/\/agenciainfra.com\/blog\/area-tecnica-do-tcu-diz-nao-haver-impedimento-para-renovacao-da-enel-rj\/#primaryimage\"},\"image\":{\"@id\":\"https:\/\/agenciainfra.com\/blog\/area-tecnica-do-tcu-diz-nao-haver-impedimento-para-renovacao-da-enel-rj\/#primaryimage\"},\"thumbnailUrl\":\"https:\/\/agenciainfra.com\/blog\/wp-content\/uploads\/2026\/02\/enel-rio-foto-enel-brasil-1-1-scaled-e1772206769759.jpg\",\"datePublished\":\"2026-04-30T15:25:54+00:00\",\"dateModified\":\"2026-04-30T15:25:55+00:00\",\"breadcrumb\":{\"@id\":\"https:\/\/agenciainfra.com\/blog\/area-tecnica-do-tcu-diz-nao-haver-impedimento-para-renovacao-da-enel-rj\/#breadcrumb\"},\"inLanguage\":\"pt-BR\",\"potentialAction\":[{\"@type\":\"ReadAction\",\"target\":[\"https:\/\/agenciainfra.com\/blog\/area-tecnica-do-tcu-diz-nao-haver-impedimento-para-renovacao-da-enel-rj\/\"]}]},{\"@type\":\"ImageObject\",\"inLanguage\":\"pt-BR\",\"@id\":\"https:\/\/agenciainfra.com\/blog\/area-tecnica-do-tcu-diz-nao-haver-impedimento-para-renovacao-da-enel-rj\/#primaryimage\",\"url\":\"https:\/\/agenciainfra.com\/blog\/wp-content\/uploads\/2026\/02\/enel-rio-foto-enel-brasil-1-1-scaled-e1772206769759.jpg\",\"contentUrl\":\"https:\/\/agenciainfra.com\/blog\/wp-content\/uploads\/2026\/02\/enel-rio-foto-enel-brasil-1-1-scaled-e1772206769759.jpg\",\"width\":1280,\"height\":692,\"caption\":\"Foto: Enel Brasil\"},{\"@type\":\"BreadcrumbList\",\"@id\":\"https:\/\/agenciainfra.com\/blog\/area-tecnica-do-tcu-diz-nao-haver-impedimento-para-renovacao-da-enel-rj\/#breadcrumb\",\"itemListElement\":[{\"@type\":\"ListItem\",\"position\":1,\"name\":\"In\u00edcio\",\"item\":\"https:\/\/agenciainfra.com\/blog\/\"},{\"@type\":\"ListItem\",\"position\":2,\"name\":\"\u00c1rea t\u00e9cnica do TCU diz n\u00e3o haver impedimento para renova\u00e7\u00e3o da Enel RJ\"}]},{\"@type\":\"WebSite\",\"@id\":\"https:\/\/agenciainfra.com\/blog\/#website\",\"url\":\"https:\/\/agenciainfra.com\/blog\/\",\"name\":\"Ag\u00eancia iNFRA\",\"description\":\"Multiplataforma de informa\u00e7\u00e3o jornal\u00edstica refer\u00eancia na \u00e1rea de infraestrutura no Brasil!\",\"publisher\":{\"@id\":\"https:\/\/agenciainfra.com\/blog\/#organization\"},\"potentialAction\":[{\"@type\":\"SearchAction\",\"target\":{\"@type\":\"EntryPoint\",\"urlTemplate\":\"https:\/\/agenciainfra.com\/blog\/?s={search_term_string}\"},\"query-input\":{\"@type\":\"PropertyValueSpecification\",\"valueRequired\":true,\"valueName\":\"search_term_string\"}}],\"inLanguage\":\"pt-BR\"},{\"@type\":\"Organization\",\"@id\":\"https:\/\/agenciainfra.com\/blog\/#organization\",\"name\":\"Ag\u00eancia iNFRA\",\"url\":\"https:\/\/agenciainfra.com\/blog\/\",\"logo\":{\"@type\":\"ImageObject\",\"inLanguage\":\"pt-BR\",\"@id\":\"https:\/\/agenciainfra.com\/blog\/#\/schema\/logo\/image\/\",\"url\":\"https:\/\/agenciainfra.com\/blog\/wp-content\/uploads\/2023\/09\/iNFRA_5-e1761735885940.png\",\"contentUrl\":\"https:\/\/agenciainfra.com\/blog\/wp-content\/uploads\/2023\/09\/iNFRA_5-e1761735885940.png\",\"width\":1672,\"height\":454,\"caption\":\"Ag\u00eancia iNFRA\"},\"image\":{\"@id\":\"https:\/\/agenciainfra.com\/blog\/#\/schema\/logo\/image\/\"},\"sameAs\":[\"https:\/\/www.facebook.com\/ageninfra\",\"https:\/\/x.com\/agencia_infra\",\"https:\/\/www.linkedin.com\/company\/ag\u00eanciainfra\/\",\"https:\/\/www.instagram.com\/agenciainfra\/\"]},{\"@type\":\"Person\",\"@id\":\"https:\/\/agenciainfra.com\/blog\/#\/schema\/person\/34af08dff6adea4cb22b06612ba7acfa\",\"name\":\"Ag\u00eancia iNFRA\",\"image\":{\"@type\":\"ImageObject\",\"inLanguage\":\"pt-BR\",\"@id\":\"https:\/\/agenciainfra.com\/blog\/#\/schema\/person\/image\/\",\"url\":\"https:\/\/secure.gravatar.com\/avatar\/d189e01678f06d8eb84d4e01f08eb848b3fffe3f8443818d3c356c66892f5be8?s=96&d=mm&r=g\",\"contentUrl\":\"https:\/\/secure.gravatar.com\/avatar\/d189e01678f06d8eb84d4e01f08eb848b3fffe3f8443818d3c356c66892f5be8?s=96&d=mm&r=g\",\"caption\":\"Ag\u00eancia iNFRA\"},\"url\":\"https:\/\/agenciainfra.com\/blog\/author\/admin\/\"}]}<\/script>\n<!-- \/ Yoast SEO Premium plugin. -->","yoast_head_json":{"title":"\u00c1rea t\u00e9cnica do TCU diz n\u00e3o haver impedimento para renova\u00e7\u00e3o da Enel RJ - Ag\u00eancia iNFRA","robots":{"index":"index","follow":"follow","max-snippet":"max-snippet:-1","max-image-preview":"max-image-preview:large","max-video-preview":"max-video-preview:-1"},"canonical":"https:\/\/agenciainfra.com\/blog\/area-tecnica-do-tcu-diz-nao-haver-impedimento-para-renovacao-da-enel-rj\/","og_locale":"pt_BR","og_type":"article","og_title":"\u00c1rea t\u00e9cnica do TCU diz n\u00e3o haver impedimento para renova\u00e7\u00e3o da Enel RJ","og_description":"Geraldo Campos Jr., da Ag\u00eancia iNFRA A \u00e1rea t\u00e9cnica de energia do TCU (Tribunal de Contas da Uni\u00e3o) emitiu instru\u00e7\u00e3o nesta quarta-feira (29) em que concluiu que o processo de renova\u00e7\u00e3o da concess\u00e3o da Enel Rio de Janeiro atendeu aos requisitos legais. A an\u00e1lise refor\u00e7ou que houve \u201cdefici\u00eancia grave\u201d da ANEEL (Ag\u00eancia Nacional de Energia [&hellip;]","og_url":"https:\/\/agenciainfra.com\/blog\/area-tecnica-do-tcu-diz-nao-haver-impedimento-para-renovacao-da-enel-rj\/","og_site_name":"Ag\u00eancia iNFRA","article_publisher":"https:\/\/www.facebook.com\/ageninfra","article_published_time":"2026-04-30T15:25:54+00:00","article_modified_time":"2026-04-30T15:25:55+00:00","og_image":[{"width":1280,"height":692,"url":"https:\/\/agenciainfra.com\/blog\/wp-content\/uploads\/2026\/02\/enel-rio-foto-enel-brasil-1-1-scaled-e1772206769759.jpg","type":"image\/jpeg"}],"author":"Ag\u00eancia iNFRA","twitter_card":"summary_large_image","twitter_creator":"@agencia_infra","twitter_site":"@agencia_infra","twitter_misc":{"Escrito por":"Ag\u00eancia iNFRA","Est. tempo de leitura":"1 minuto"},"schema":{"@context":"https:\/\/schema.org","@graph":[{"@type":"Article","@id":"https:\/\/agenciainfra.com\/blog\/area-tecnica-do-tcu-diz-nao-haver-impedimento-para-renovacao-da-enel-rj\/#article","isPartOf":{"@id":"https:\/\/agenciainfra.com\/blog\/area-tecnica-do-tcu-diz-nao-haver-impedimento-para-renovacao-da-enel-rj\/"},"author":{"name":"Ag\u00eancia iNFRA","@id":"https:\/\/agenciainfra.com\/blog\/#\/schema\/person\/34af08dff6adea4cb22b06612ba7acfa"},"headline":"\u00c1rea t\u00e9cnica do TCU diz n\u00e3o haver impedimento para renova\u00e7\u00e3o da Enel RJ","datePublished":"2026-04-30T15:25:54+00:00","dateModified":"2026-04-30T15:25:55+00:00","mainEntityOfPage":{"@id":"https:\/\/agenciainfra.com\/blog\/area-tecnica-do-tcu-diz-nao-haver-impedimento-para-renovacao-da-enel-rj\/"},"wordCount":226,"publisher":{"@id":"https:\/\/agenciainfra.com\/blog\/#organization"},"image":{"@id":"https:\/\/agenciainfra.com\/blog\/area-tecnica-do-tcu-diz-nao-haver-impedimento-para-renovacao-da-enel-rj\/#primaryimage"},"thumbnailUrl":"https:\/\/agenciainfra.com\/blog\/wp-content\/uploads\/2026\/02\/enel-rio-foto-enel-brasil-1-1-scaled-e1772206769759.jpg","keywords":["ANEEL","AudEl\u00e9trica","Enel Rio","Geraldo Campos Jr.","Renova\u00e7\u00e3o de concess\u00e3o","TCU"],"articleSection":["Destaque lista"],"inLanguage":"pt-BR","copyrightYear":"2026","copyrightHolder":{"@id":"https:\/\/agenciainfra.com\/blog\/#organization"}},{"@type":"WebPage","@id":"https:\/\/agenciainfra.com\/blog\/area-tecnica-do-tcu-diz-nao-haver-impedimento-para-renovacao-da-enel-rj\/","url":"https:\/\/agenciainfra.com\/blog\/area-tecnica-do-tcu-diz-nao-haver-impedimento-para-renovacao-da-enel-rj\/","name":"\u00c1rea t\u00e9cnica do TCU diz n\u00e3o haver impedimento para renova\u00e7\u00e3o da Enel RJ - Ag\u00eancia iNFRA","isPartOf":{"@id":"https:\/\/agenciainfra.com\/blog\/#website"},"primaryImageOfPage":{"@id":"https:\/\/agenciainfra.com\/blog\/area-tecnica-do-tcu-diz-nao-haver-impedimento-para-renovacao-da-enel-rj\/#primaryimage"},"image":{"@id":"https:\/\/agenciainfra.com\/blog\/area-tecnica-do-tcu-diz-nao-haver-impedimento-para-renovacao-da-enel-rj\/#primaryimage"},"thumbnailUrl":"https:\/\/agenciainfra.com\/blog\/wp-content\/uploads\/2026\/02\/enel-rio-foto-enel-brasil-1-1-scaled-e1772206769759.jpg","datePublished":"2026-04-30T15:25:54+00:00","dateModified":"2026-04-30T15:25:55+00:00","breadcrumb":{"@id":"https:\/\/agenciainfra.com\/blog\/area-tecnica-do-tcu-diz-nao-haver-impedimento-para-renovacao-da-enel-rj\/#breadcrumb"},"inLanguage":"pt-BR","potentialAction":[{"@type":"ReadAction","target":["https:\/\/agenciainfra.com\/blog\/area-tecnica-do-tcu-diz-nao-haver-impedimento-para-renovacao-da-enel-rj\/"]}]},{"@type":"ImageObject","inLanguage":"pt-BR","@id":"https:\/\/agenciainfra.com\/blog\/area-tecnica-do-tcu-diz-nao-haver-impedimento-para-renovacao-da-enel-rj\/#primaryimage","url":"https:\/\/agenciainfra.com\/blog\/wp-content\/uploads\/2026\/02\/enel-rio-foto-enel-brasil-1-1-scaled-e1772206769759.jpg","contentUrl":"https:\/\/agenciainfra.com\/blog\/wp-content\/uploads\/2026\/02\/enel-rio-foto-enel-brasil-1-1-scaled-e1772206769759.jpg","width":1280,"height":692,"caption":"Foto: Enel Brasil"},{"@type":"BreadcrumbList","@id":"https:\/\/agenciainfra.com\/blog\/area-tecnica-do-tcu-diz-nao-haver-impedimento-para-renovacao-da-enel-rj\/#breadcrumb","itemListElement":[{"@type":"ListItem","position":1,"name":"In\u00edcio","item":"https:\/\/agenciainfra.com\/blog\/"},{"@type":"ListItem","position":2,"name":"\u00c1rea t\u00e9cnica do TCU diz n\u00e3o haver impedimento para renova\u00e7\u00e3o da Enel RJ"}]},{"@type":"WebSite","@id":"https:\/\/agenciainfra.com\/blog\/#website","url":"https:\/\/agenciainfra.com\/blog\/","name":"Ag\u00eancia iNFRA","description":"Multiplataforma de informa\u00e7\u00e3o jornal\u00edstica refer\u00eancia na \u00e1rea de infraestrutura no Brasil!","publisher":{"@id":"https:\/\/agenciainfra.com\/blog\/#organization"},"potentialAction":[{"@type":"SearchAction","target":{"@type":"EntryPoint","urlTemplate":"https:\/\/agenciainfra.com\/blog\/?s={search_term_string}"},"query-input":{"@type":"PropertyValueSpecification","valueRequired":true,"valueName":"search_term_string"}}],"inLanguage":"pt-BR"},{"@type":"Organization","@id":"https:\/\/agenciainfra.com\/blog\/#organization","name":"Ag\u00eancia iNFRA","url":"https:\/\/agenciainfra.com\/blog\/","logo":{"@type":"ImageObject","inLanguage":"pt-BR","@id":"https:\/\/agenciainfra.com\/blog\/#\/schema\/logo\/image\/","url":"https:\/\/agenciainfra.com\/blog\/wp-content\/uploads\/2023\/09\/iNFRA_5-e1761735885940.png","contentUrl":"https:\/\/agenciainfra.com\/blog\/wp-content\/uploads\/2023\/09\/iNFRA_5-e1761735885940.png","width":1672,"height":454,"caption":"Ag\u00eancia iNFRA"},"image":{"@id":"https:\/\/agenciainfra.com\/blog\/#\/schema\/logo\/image\/"},"sameAs":["https:\/\/www.facebook.com\/ageninfra","https:\/\/x.com\/agencia_infra","https:\/\/www.linkedin.com\/company\/ag\u00eanciainfra\/","https:\/\/www.instagram.com\/agenciainfra\/"]},{"@type":"Person","@id":"https:\/\/agenciainfra.com\/blog\/#\/schema\/person\/34af08dff6adea4cb22b06612ba7acfa","name":"Ag\u00eancia iNFRA","image":{"@type":"ImageObject","inLanguage":"pt-BR","@id":"https:\/\/agenciainfra.com\/blog\/#\/schema\/person\/image\/","url":"https:\/\/secure.gravatar.com\/avatar\/d189e01678f06d8eb84d4e01f08eb848b3fffe3f8443818d3c356c66892f5be8?s=96&d=mm&r=g","contentUrl":"https:\/\/secure.gravatar.com\/avatar\/d189e01678f06d8eb84d4e01f08eb848b3fffe3f8443818d3c356c66892f5be8?s=96&d=mm&r=g","caption":"Ag\u00eancia iNFRA"},"url":"https:\/\/agenciainfra.com\/blog\/author\/admin\/"}]}},"_links":{"self":[{"href":"https:\/\/agenciainfra.com\/blog\/wp-json\/wp\/v2\/posts\/40397","targetHints":{"allow":["GET"]}}],"collection":[{"href":"https:\/\/agenciainfra.com\/blog\/wp-json\/wp\/v2\/posts"}],"about":[{"href":"https:\/\/agenciainfra.com\/blog\/wp-json\/wp\/v2\/types\/post"}],"author":[{"embeddable":true,"href":"https:\/\/agenciainfra.com\/blog\/wp-json\/wp\/v2\/users\/1"}],"replies":[{"embeddable":true,"href":"https:\/\/agenciainfra.com\/blog\/wp-json\/wp\/v2\/comments?post=40397"}],"version-history":[{"count":1,"href":"https:\/\/agenciainfra.com\/blog\/wp-json\/wp\/v2\/posts\/40397\/revisions"}],"predecessor-version":[{"id":40398,"href":"https:\/\/agenciainfra.com\/blog\/wp-json\/wp\/v2\/posts\/40397\/revisions\/40398"}],"wp:featuredmedia":[{"embeddable":true,"href":"https:\/\/agenciainfra.com\/blog\/wp-json\/wp\/v2\/media\/37152"}],"wp:attachment":[{"href":"https:\/\/agenciainfra.com\/blog\/wp-json\/wp\/v2\/media?parent=40397"}],"wp:term":[{"taxonomy":"category","embeddable":true,"href":"https:\/\/agenciainfra.com\/blog\/wp-json\/wp\/v2\/categories?post=40397"},{"taxonomy":"post_tag","embeddable":true,"href":"https:\/\/agenciainfra.com\/blog\/wp-json\/wp\/v2\/tags?post=40397"}],"curies":[{"name":"wp","href":"https:\/\/api.w.org\/{rel}","templated":true}]}}