{"id":40407,"date":"2026-04-30T15:51:41","date_gmt":"2026-04-30T18:51:41","guid":{"rendered":"https:\/\/agenciainfra.com\/blog\/?p=40407"},"modified":"2026-04-30T15:51:44","modified_gmt":"2026-04-30T18:51:44","slug":"demanda-por-carga-aerea-cai-48-com-guerra-no-oriente-medio-diz-iata","status":"publish","type":"post","link":"https:\/\/agenciainfra.com\/blog\/demanda-por-carga-aerea-cai-48-com-guerra-no-oriente-medio-diz-iata\/","title":{"rendered":"Demanda por carga a\u00e9rea cai 4,8% com guerra no Oriente M\u00e9dio, diz Iata"},"content":{"rendered":"\n<p class=\"has-text-align-right\"><strong>da Ag\u00eancia iNFRA<\/strong><\/p>\n\n\n\n<p>A demanda global por carga a\u00e9rea caiu 4,8% em mar\u00e7o de 2026 na compara\u00e7\u00e3o anual, impactada principalmente pelas disrup\u00e7\u00f5es causadas pelo conflito no Oriente M\u00e9dio, segundo dados divulgados pela Iata (Associa\u00e7\u00e3o do Transporte A\u00e9reo Internacional). A queda foi ainda mais acentuada nas opera\u00e7\u00f5es internacionais, que recuaram 5,5% no per\u00edodo.<\/p>\n\n\n\n<p>A capacidade total de transporte tamb\u00e9m apresentou retra\u00e7\u00e3o, com redu\u00e7\u00e3o de 4,7% na mesma base de compara\u00e7\u00e3o (-6,8% nas rotas internacionais). De acordo com o diretor-geral da entidade, Willie Walsh, o desempenho reflete sobretudo os impactos da guerra sobre hubs estrat\u00e9gicos no Golfo, al\u00e9m de um arrefecimento sazonal comum ap\u00f3s o Ano Novo Lunar.<\/p>\n\n\n\n<p>Apesar da queda pontual, a Iata avalia que os fundamentos da demanda seguem positivos, sustentados por proje\u00e7\u00f5es de crescimento do com\u00e9rcio global e do PIB em 2026. Ainda assim, o setor enfrenta press\u00f5es relevantes, como a disparada nos custos de combust\u00edvel de avia\u00e7\u00e3o, que subiram mais de 100% na compara\u00e7\u00e3o anual, acompanhando a alta do petr\u00f3leo e das margens de refino.<\/p>\n\n\n\n<p>No recorte regional, o Oriente M\u00e9dio registrou o pior desempenho, com queda de 54,3% na demanda e de 52,4% na capacidade. Em contrapartida, \u00c1frica (+7,0%) e \u00c1sia-Pac\u00edfico (+5,4%) lideraram o crescimento da demanda no per\u00edodo. Europa (+2,2%) e Am\u00e9rica Latina (+1,8%) tamb\u00e9m apresentaram expans\u00e3o, enquanto a Am\u00e9rica do Norte teve leve retra\u00e7\u00e3o (-1,2%).<\/p>\n\n\n\n<p>Entre as principais rotas comerciais, os fluxos ligados ao Golfo foram os mais afetados, com quedas superiores a 50% em corredores como Europa\u2013Oriente M\u00e9dio e Oriente M\u00e9dio\u2013\u00c1sia. J\u00e1 rotas como \u00c1frica\u2013\u00c1sia e \u00c1sia\u2013Europa mantiveram trajet\u00f3ria de crescimento consistente.<\/p>\n\n\n\n<p><\/p>\n","protected":false},"excerpt":{"rendered":"<p>da Ag\u00eancia iNFRA A demanda global por carga a\u00e9rea caiu 4,8% em mar\u00e7o de 2026 na compara\u00e7\u00e3o anual, impactada principalmente pelas disrup\u00e7\u00f5es causadas pelo conflito no Oriente M\u00e9dio, segundo dados divulgados pela Iata (Associa\u00e7\u00e3o do Transporte A\u00e9reo Internacional). A queda foi ainda mais acentuada nas opera\u00e7\u00f5es internacionais, que recuaram 5,5% no per\u00edodo. A capacidade total [&hellip;]<\/p>\n","protected":false},"author":1,"featured_media":31384,"comment_status":"closed","ping_status":"closed","sticky":false,"template":"","format":"standard","meta":{"_monsterinsights_skip_tracking":false,"_monsterinsights_sitenote_active":false,"_monsterinsights_sitenote_note":"","_monsterinsights_sitenote_category":0,"footnotes":""},"categories":[13576],"tags":[19676,15101,1728,19016,1390],"class_list":["post-40407","post","type-post","status-publish","format-standard","has-post-thumbnail","hentry","category-giro-infra","tag-ano-novo-lunar","tag-carga-aerea","tag-china","tag-guerra-no-oriente-medio","tag-iata"],"yoast_head":"<!-- This site is optimized with the Yoast SEO Premium plugin v25.4 (Yoast SEO v26.0) - https:\/\/yoast.com\/wordpress\/plugins\/seo\/ -->\n<title>Demanda por carga a\u00e9rea cai 4,8% com guerra no Oriente M\u00e9dio, diz Iata - Ag\u00eancia iNFRA<\/title>\n<meta name=\"robots\" content=\"index, follow, max-snippet:-1, max-image-preview:large, max-video-preview:-1\" \/>\n<link rel=\"canonical\" href=\"https:\/\/agenciainfra.com\/blog\/demanda-por-carga-aerea-cai-48-com-guerra-no-oriente-medio-diz-iata\/\" \/>\n<meta property=\"og:locale\" content=\"pt_BR\" \/>\n<meta property=\"og:type\" content=\"article\" \/>\n<meta property=\"og:title\" content=\"Demanda por carga a\u00e9rea cai 4,8% com guerra no Oriente M\u00e9dio, diz Iata\" \/>\n<meta property=\"og:description\" content=\"da Ag\u00eancia iNFRA A demanda global por carga a\u00e9rea caiu 4,8% em mar\u00e7o de 2026 na compara\u00e7\u00e3o anual, impactada principalmente pelas disrup\u00e7\u00f5es causadas pelo conflito no Oriente M\u00e9dio, segundo dados divulgados pela Iata (Associa\u00e7\u00e3o do Transporte A\u00e9reo Internacional). A queda foi ainda mais acentuada nas opera\u00e7\u00f5es internacionais, que recuaram 5,5% no per\u00edodo. A capacidade total [&hellip;]\" \/>\n<meta property=\"og:url\" content=\"https:\/\/agenciainfra.com\/blog\/demanda-por-carga-aerea-cai-48-com-guerra-no-oriente-medio-diz-iata\/\" \/>\n<meta property=\"og:site_name\" content=\"Ag\u00eancia iNFRA\" \/>\n<meta property=\"article:publisher\" content=\"https:\/\/www.facebook.com\/ageninfra\" \/>\n<meta property=\"article:published_time\" content=\"2026-04-30T18:51:41+00:00\" \/>\n<meta property=\"article:modified_time\" content=\"2026-04-30T18:51:44+00:00\" \/>\n<meta property=\"og:image\" content=\"https:\/\/agenciainfra.com\/blog\/wp-content\/uploads\/2025\/11\/aviao-de-carga-foto-dominio-publico-scaled-e1762195493294.jpg\" \/>\n\t<meta property=\"og:image:width\" content=\"1280\" \/>\n\t<meta property=\"og:image:height\" content=\"854\" \/>\n\t<meta property=\"og:image:type\" content=\"image\/jpeg\" \/>\n<meta name=\"author\" content=\"Ag\u00eancia iNFRA\" \/>\n<meta name=\"twitter:card\" content=\"summary_large_image\" \/>\n<meta name=\"twitter:creator\" content=\"@agencia_infra\" \/>\n<meta name=\"twitter:site\" content=\"@agencia_infra\" \/>\n<meta name=\"twitter:label1\" content=\"Escrito por\" \/>\n\t<meta name=\"twitter:data1\" content=\"Ag\u00eancia iNFRA\" \/>\n\t<meta name=\"twitter:label2\" content=\"Est. tempo de leitura\" \/>\n\t<meta name=\"twitter:data2\" content=\"1 minuto\" \/>\n<script type=\"application\/ld+json\" class=\"yoast-schema-graph\">{\"@context\":\"https:\/\/schema.org\",\"@graph\":[{\"@type\":\"Article\",\"@id\":\"https:\/\/agenciainfra.com\/blog\/demanda-por-carga-aerea-cai-48-com-guerra-no-oriente-medio-diz-iata\/#article\",\"isPartOf\":{\"@id\":\"https:\/\/agenciainfra.com\/blog\/demanda-por-carga-aerea-cai-48-com-guerra-no-oriente-medio-diz-iata\/\"},\"author\":{\"name\":\"Ag\u00eancia iNFRA\",\"@id\":\"https:\/\/agenciainfra.com\/blog\/#\/schema\/person\/34af08dff6adea4cb22b06612ba7acfa\"},\"headline\":\"Demanda por carga a\u00e9rea cai 4,8% com guerra no Oriente M\u00e9dio, diz Iata\",\"datePublished\":\"2026-04-30T18:51:41+00:00\",\"dateModified\":\"2026-04-30T18:51:44+00:00\",\"mainEntityOfPage\":{\"@id\":\"https:\/\/agenciainfra.com\/blog\/demanda-por-carga-aerea-cai-48-com-guerra-no-oriente-medio-diz-iata\/\"},\"wordCount\":298,\"publisher\":{\"@id\":\"https:\/\/agenciainfra.com\/blog\/#organization\"},\"image\":{\"@id\":\"https:\/\/agenciainfra.com\/blog\/demanda-por-carga-aerea-cai-48-com-guerra-no-oriente-medio-diz-iata\/#primaryimage\"},\"thumbnailUrl\":\"https:\/\/agenciainfra.com\/blog\/wp-content\/uploads\/2025\/11\/aviao-de-carga-foto-dominio-publico-scaled-e1762195493294.jpg\",\"keywords\":[\"ano novo lunar\",\"carga a\u00e9rea\",\"China\",\"guerra no Oriente M\u00e9dio\",\"IATA\"],\"articleSection\":[\"Giro iNFRA\"],\"inLanguage\":\"pt-BR\",\"copyrightYear\":\"2026\",\"copyrightHolder\":{\"@id\":\"https:\/\/agenciainfra.com\/blog\/#organization\"}},{\"@type\":\"WebPage\",\"@id\":\"https:\/\/agenciainfra.com\/blog\/demanda-por-carga-aerea-cai-48-com-guerra-no-oriente-medio-diz-iata\/\",\"url\":\"https:\/\/agenciainfra.com\/blog\/demanda-por-carga-aerea-cai-48-com-guerra-no-oriente-medio-diz-iata\/\",\"name\":\"Demanda por carga a\u00e9rea cai 4,8% com guerra no Oriente M\u00e9dio, diz Iata - Ag\u00eancia iNFRA\",\"isPartOf\":{\"@id\":\"https:\/\/agenciainfra.com\/blog\/#website\"},\"primaryImageOfPage\":{\"@id\":\"https:\/\/agenciainfra.com\/blog\/demanda-por-carga-aerea-cai-48-com-guerra-no-oriente-medio-diz-iata\/#primaryimage\"},\"image\":{\"@id\":\"https:\/\/agenciainfra.com\/blog\/demanda-por-carga-aerea-cai-48-com-guerra-no-oriente-medio-diz-iata\/#primaryimage\"},\"thumbnailUrl\":\"https:\/\/agenciainfra.com\/blog\/wp-content\/uploads\/2025\/11\/aviao-de-carga-foto-dominio-publico-scaled-e1762195493294.jpg\",\"datePublished\":\"2026-04-30T18:51:41+00:00\",\"dateModified\":\"2026-04-30T18:51:44+00:00\",\"breadcrumb\":{\"@id\":\"https:\/\/agenciainfra.com\/blog\/demanda-por-carga-aerea-cai-48-com-guerra-no-oriente-medio-diz-iata\/#breadcrumb\"},\"inLanguage\":\"pt-BR\",\"potentialAction\":[{\"@type\":\"ReadAction\",\"target\":[\"https:\/\/agenciainfra.com\/blog\/demanda-por-carga-aerea-cai-48-com-guerra-no-oriente-medio-diz-iata\/\"]}]},{\"@type\":\"ImageObject\",\"inLanguage\":\"pt-BR\",\"@id\":\"https:\/\/agenciainfra.com\/blog\/demanda-por-carga-aerea-cai-48-com-guerra-no-oriente-medio-diz-iata\/#primaryimage\",\"url\":\"https:\/\/agenciainfra.com\/blog\/wp-content\/uploads\/2025\/11\/aviao-de-carga-foto-dominio-publico-scaled-e1762195493294.jpg\",\"contentUrl\":\"https:\/\/agenciainfra.com\/blog\/wp-content\/uploads\/2025\/11\/aviao-de-carga-foto-dominio-publico-scaled-e1762195493294.jpg\",\"width\":1280,\"height\":854,\"caption\":\"Foto: Dom\u00ednio p\u00fablico\"},{\"@type\":\"BreadcrumbList\",\"@id\":\"https:\/\/agenciainfra.com\/blog\/demanda-por-carga-aerea-cai-48-com-guerra-no-oriente-medio-diz-iata\/#breadcrumb\",\"itemListElement\":[{\"@type\":\"ListItem\",\"position\":1,\"name\":\"In\u00edcio\",\"item\":\"https:\/\/agenciainfra.com\/blog\/\"},{\"@type\":\"ListItem\",\"position\":2,\"name\":\"Demanda por carga a\u00e9rea cai 4,8% com guerra no Oriente M\u00e9dio, diz Iata\"}]},{\"@type\":\"WebSite\",\"@id\":\"https:\/\/agenciainfra.com\/blog\/#website\",\"url\":\"https:\/\/agenciainfra.com\/blog\/\",\"name\":\"Ag\u00eancia iNFRA\",\"description\":\"Multiplataforma de informa\u00e7\u00e3o jornal\u00edstica refer\u00eancia na \u00e1rea de infraestrutura no Brasil!\",\"publisher\":{\"@id\":\"https:\/\/agenciainfra.com\/blog\/#organization\"},\"potentialAction\":[{\"@type\":\"SearchAction\",\"target\":{\"@type\":\"EntryPoint\",\"urlTemplate\":\"https:\/\/agenciainfra.com\/blog\/?s={search_term_string}\"},\"query-input\":{\"@type\":\"PropertyValueSpecification\",\"valueRequired\":true,\"valueName\":\"search_term_string\"}}],\"inLanguage\":\"pt-BR\"},{\"@type\":\"Organization\",\"@id\":\"https:\/\/agenciainfra.com\/blog\/#organization\",\"name\":\"Ag\u00eancia iNFRA\",\"url\":\"https:\/\/agenciainfra.com\/blog\/\",\"logo\":{\"@type\":\"ImageObject\",\"inLanguage\":\"pt-BR\",\"@id\":\"https:\/\/agenciainfra.com\/blog\/#\/schema\/logo\/image\/\",\"url\":\"https:\/\/agenciainfra.com\/blog\/wp-content\/uploads\/2023\/09\/iNFRA_5-e1761735885940.png\",\"contentUrl\":\"https:\/\/agenciainfra.com\/blog\/wp-content\/uploads\/2023\/09\/iNFRA_5-e1761735885940.png\",\"width\":1672,\"height\":454,\"caption\":\"Ag\u00eancia iNFRA\"},\"image\":{\"@id\":\"https:\/\/agenciainfra.com\/blog\/#\/schema\/logo\/image\/\"},\"sameAs\":[\"https:\/\/www.facebook.com\/ageninfra\",\"https:\/\/x.com\/agencia_infra\",\"https:\/\/www.linkedin.com\/company\/ag\u00eanciainfra\/\",\"https:\/\/www.instagram.com\/agenciainfra\/\"]},{\"@type\":\"Person\",\"@id\":\"https:\/\/agenciainfra.com\/blog\/#\/schema\/person\/34af08dff6adea4cb22b06612ba7acfa\",\"name\":\"Ag\u00eancia iNFRA\",\"image\":{\"@type\":\"ImageObject\",\"inLanguage\":\"pt-BR\",\"@id\":\"https:\/\/agenciainfra.com\/blog\/#\/schema\/person\/image\/\",\"url\":\"https:\/\/secure.gravatar.com\/avatar\/d189e01678f06d8eb84d4e01f08eb848b3fffe3f8443818d3c356c66892f5be8?s=96&d=mm&r=g\",\"contentUrl\":\"https:\/\/secure.gravatar.com\/avatar\/d189e01678f06d8eb84d4e01f08eb848b3fffe3f8443818d3c356c66892f5be8?s=96&d=mm&r=g\",\"caption\":\"Ag\u00eancia iNFRA\"},\"url\":\"https:\/\/agenciainfra.com\/blog\/author\/admin\/\"}]}<\/script>\n<!-- \/ Yoast SEO Premium plugin. -->","yoast_head_json":{"title":"Demanda por carga a\u00e9rea cai 4,8% com guerra no Oriente M\u00e9dio, diz Iata - Ag\u00eancia iNFRA","robots":{"index":"index","follow":"follow","max-snippet":"max-snippet:-1","max-image-preview":"max-image-preview:large","max-video-preview":"max-video-preview:-1"},"canonical":"https:\/\/agenciainfra.com\/blog\/demanda-por-carga-aerea-cai-48-com-guerra-no-oriente-medio-diz-iata\/","og_locale":"pt_BR","og_type":"article","og_title":"Demanda por carga a\u00e9rea cai 4,8% com guerra no Oriente M\u00e9dio, diz Iata","og_description":"da Ag\u00eancia iNFRA A demanda global por carga a\u00e9rea caiu 4,8% em mar\u00e7o de 2026 na compara\u00e7\u00e3o anual, impactada principalmente pelas disrup\u00e7\u00f5es causadas pelo conflito no Oriente M\u00e9dio, segundo dados divulgados pela Iata (Associa\u00e7\u00e3o do Transporte A\u00e9reo Internacional). A queda foi ainda mais acentuada nas opera\u00e7\u00f5es internacionais, que recuaram 5,5% no per\u00edodo. A capacidade total [&hellip;]","og_url":"https:\/\/agenciainfra.com\/blog\/demanda-por-carga-aerea-cai-48-com-guerra-no-oriente-medio-diz-iata\/","og_site_name":"Ag\u00eancia iNFRA","article_publisher":"https:\/\/www.facebook.com\/ageninfra","article_published_time":"2026-04-30T18:51:41+00:00","article_modified_time":"2026-04-30T18:51:44+00:00","og_image":[{"width":1280,"height":854,"url":"https:\/\/agenciainfra.com\/blog\/wp-content\/uploads\/2025\/11\/aviao-de-carga-foto-dominio-publico-scaled-e1762195493294.jpg","type":"image\/jpeg"}],"author":"Ag\u00eancia iNFRA","twitter_card":"summary_large_image","twitter_creator":"@agencia_infra","twitter_site":"@agencia_infra","twitter_misc":{"Escrito por":"Ag\u00eancia iNFRA","Est. tempo de leitura":"1 minuto"},"schema":{"@context":"https:\/\/schema.org","@graph":[{"@type":"Article","@id":"https:\/\/agenciainfra.com\/blog\/demanda-por-carga-aerea-cai-48-com-guerra-no-oriente-medio-diz-iata\/#article","isPartOf":{"@id":"https:\/\/agenciainfra.com\/blog\/demanda-por-carga-aerea-cai-48-com-guerra-no-oriente-medio-diz-iata\/"},"author":{"name":"Ag\u00eancia iNFRA","@id":"https:\/\/agenciainfra.com\/blog\/#\/schema\/person\/34af08dff6adea4cb22b06612ba7acfa"},"headline":"Demanda por carga a\u00e9rea cai 4,8% com guerra no Oriente M\u00e9dio, diz Iata","datePublished":"2026-04-30T18:51:41+00:00","dateModified":"2026-04-30T18:51:44+00:00","mainEntityOfPage":{"@id":"https:\/\/agenciainfra.com\/blog\/demanda-por-carga-aerea-cai-48-com-guerra-no-oriente-medio-diz-iata\/"},"wordCount":298,"publisher":{"@id":"https:\/\/agenciainfra.com\/blog\/#organization"},"image":{"@id":"https:\/\/agenciainfra.com\/blog\/demanda-por-carga-aerea-cai-48-com-guerra-no-oriente-medio-diz-iata\/#primaryimage"},"thumbnailUrl":"https:\/\/agenciainfra.com\/blog\/wp-content\/uploads\/2025\/11\/aviao-de-carga-foto-dominio-publico-scaled-e1762195493294.jpg","keywords":["ano novo lunar","carga a\u00e9rea","China","guerra no Oriente M\u00e9dio","IATA"],"articleSection":["Giro iNFRA"],"inLanguage":"pt-BR","copyrightYear":"2026","copyrightHolder":{"@id":"https:\/\/agenciainfra.com\/blog\/#organization"}},{"@type":"WebPage","@id":"https:\/\/agenciainfra.com\/blog\/demanda-por-carga-aerea-cai-48-com-guerra-no-oriente-medio-diz-iata\/","url":"https:\/\/agenciainfra.com\/blog\/demanda-por-carga-aerea-cai-48-com-guerra-no-oriente-medio-diz-iata\/","name":"Demanda por carga a\u00e9rea cai 4,8% com guerra no Oriente M\u00e9dio, diz Iata - Ag\u00eancia iNFRA","isPartOf":{"@id":"https:\/\/agenciainfra.com\/blog\/#website"},"primaryImageOfPage":{"@id":"https:\/\/agenciainfra.com\/blog\/demanda-por-carga-aerea-cai-48-com-guerra-no-oriente-medio-diz-iata\/#primaryimage"},"image":{"@id":"https:\/\/agenciainfra.com\/blog\/demanda-por-carga-aerea-cai-48-com-guerra-no-oriente-medio-diz-iata\/#primaryimage"},"thumbnailUrl":"https:\/\/agenciainfra.com\/blog\/wp-content\/uploads\/2025\/11\/aviao-de-carga-foto-dominio-publico-scaled-e1762195493294.jpg","datePublished":"2026-04-30T18:51:41+00:00","dateModified":"2026-04-30T18:51:44+00:00","breadcrumb":{"@id":"https:\/\/agenciainfra.com\/blog\/demanda-por-carga-aerea-cai-48-com-guerra-no-oriente-medio-diz-iata\/#breadcrumb"},"inLanguage":"pt-BR","potentialAction":[{"@type":"ReadAction","target":["https:\/\/agenciainfra.com\/blog\/demanda-por-carga-aerea-cai-48-com-guerra-no-oriente-medio-diz-iata\/"]}]},{"@type":"ImageObject","inLanguage":"pt-BR","@id":"https:\/\/agenciainfra.com\/blog\/demanda-por-carga-aerea-cai-48-com-guerra-no-oriente-medio-diz-iata\/#primaryimage","url":"https:\/\/agenciainfra.com\/blog\/wp-content\/uploads\/2025\/11\/aviao-de-carga-foto-dominio-publico-scaled-e1762195493294.jpg","contentUrl":"https:\/\/agenciainfra.com\/blog\/wp-content\/uploads\/2025\/11\/aviao-de-carga-foto-dominio-publico-scaled-e1762195493294.jpg","width":1280,"height":854,"caption":"Foto: Dom\u00ednio p\u00fablico"},{"@type":"BreadcrumbList","@id":"https:\/\/agenciainfra.com\/blog\/demanda-por-carga-aerea-cai-48-com-guerra-no-oriente-medio-diz-iata\/#breadcrumb","itemListElement":[{"@type":"ListItem","position":1,"name":"In\u00edcio","item":"https:\/\/agenciainfra.com\/blog\/"},{"@type":"ListItem","position":2,"name":"Demanda por carga a\u00e9rea cai 4,8% com guerra no Oriente M\u00e9dio, diz Iata"}]},{"@type":"WebSite","@id":"https:\/\/agenciainfra.com\/blog\/#website","url":"https:\/\/agenciainfra.com\/blog\/","name":"Ag\u00eancia iNFRA","description":"Multiplataforma de informa\u00e7\u00e3o jornal\u00edstica refer\u00eancia na \u00e1rea de infraestrutura no Brasil!","publisher":{"@id":"https:\/\/agenciainfra.com\/blog\/#organization"},"potentialAction":[{"@type":"SearchAction","target":{"@type":"EntryPoint","urlTemplate":"https:\/\/agenciainfra.com\/blog\/?s={search_term_string}"},"query-input":{"@type":"PropertyValueSpecification","valueRequired":true,"valueName":"search_term_string"}}],"inLanguage":"pt-BR"},{"@type":"Organization","@id":"https:\/\/agenciainfra.com\/blog\/#organization","name":"Ag\u00eancia iNFRA","url":"https:\/\/agenciainfra.com\/blog\/","logo":{"@type":"ImageObject","inLanguage":"pt-BR","@id":"https:\/\/agenciainfra.com\/blog\/#\/schema\/logo\/image\/","url":"https:\/\/agenciainfra.com\/blog\/wp-content\/uploads\/2023\/09\/iNFRA_5-e1761735885940.png","contentUrl":"https:\/\/agenciainfra.com\/blog\/wp-content\/uploads\/2023\/09\/iNFRA_5-e1761735885940.png","width":1672,"height":454,"caption":"Ag\u00eancia iNFRA"},"image":{"@id":"https:\/\/agenciainfra.com\/blog\/#\/schema\/logo\/image\/"},"sameAs":["https:\/\/www.facebook.com\/ageninfra","https:\/\/x.com\/agencia_infra","https:\/\/www.linkedin.com\/company\/ag\u00eanciainfra\/","https:\/\/www.instagram.com\/agenciainfra\/"]},{"@type":"Person","@id":"https:\/\/agenciainfra.com\/blog\/#\/schema\/person\/34af08dff6adea4cb22b06612ba7acfa","name":"Ag\u00eancia iNFRA","image":{"@type":"ImageObject","inLanguage":"pt-BR","@id":"https:\/\/agenciainfra.com\/blog\/#\/schema\/person\/image\/","url":"https:\/\/secure.gravatar.com\/avatar\/d189e01678f06d8eb84d4e01f08eb848b3fffe3f8443818d3c356c66892f5be8?s=96&d=mm&r=g","contentUrl":"https:\/\/secure.gravatar.com\/avatar\/d189e01678f06d8eb84d4e01f08eb848b3fffe3f8443818d3c356c66892f5be8?s=96&d=mm&r=g","caption":"Ag\u00eancia iNFRA"},"url":"https:\/\/agenciainfra.com\/blog\/author\/admin\/"}]}},"_links":{"self":[{"href":"https:\/\/agenciainfra.com\/blog\/wp-json\/wp\/v2\/posts\/40407","targetHints":{"allow":["GET"]}}],"collection":[{"href":"https:\/\/agenciainfra.com\/blog\/wp-json\/wp\/v2\/posts"}],"about":[{"href":"https:\/\/agenciainfra.com\/blog\/wp-json\/wp\/v2\/types\/post"}],"author":[{"embeddable":true,"href":"https:\/\/agenciainfra.com\/blog\/wp-json\/wp\/v2\/users\/1"}],"replies":[{"embeddable":true,"href":"https:\/\/agenciainfra.com\/blog\/wp-json\/wp\/v2\/comments?post=40407"}],"version-history":[{"count":1,"href":"https:\/\/agenciainfra.com\/blog\/wp-json\/wp\/v2\/posts\/40407\/revisions"}],"predecessor-version":[{"id":40408,"href":"https:\/\/agenciainfra.com\/blog\/wp-json\/wp\/v2\/posts\/40407\/revisions\/40408"}],"wp:featuredmedia":[{"embeddable":true,"href":"https:\/\/agenciainfra.com\/blog\/wp-json\/wp\/v2\/media\/31384"}],"wp:attachment":[{"href":"https:\/\/agenciainfra.com\/blog\/wp-json\/wp\/v2\/media?parent=40407"}],"wp:term":[{"taxonomy":"category","embeddable":true,"href":"https:\/\/agenciainfra.com\/blog\/wp-json\/wp\/v2\/categories?post=40407"},{"taxonomy":"post_tag","embeddable":true,"href":"https:\/\/agenciainfra.com\/blog\/wp-json\/wp\/v2\/tags?post=40407"}],"curies":[{"name":"wp","href":"https:\/\/api.w.org\/{rel}","templated":true}]}}